{"id":15901,"date":"2019-08-30T09:13:09","date_gmt":"2019-08-30T12:13:09","guid":{"rendered":"https:\/\/radiolifefm.com.br\/noticias\/?p=15901"},"modified":"2026-04-30T22:09:30","modified_gmt":"2026-05-01T01:09:30","slug":"mae-depara-se-com-bebe-com-labios-roxos-durante-a-madrugada-crianca-e-socorrida-mas-morre-em-sao-joao-do-pau-dalho","status":"publish","type":"post","link":"https:\/\/radiolifefm.com.br\/noticias\/mae-depara-se-com-bebe-com-labios-roxos-durante-a-madrugada-crianca-e-socorrida-mas-morre-em-sao-joao-do-pau-dalho\/","title":{"rendered":"M\u00e3e depara-se com beb\u00ea com l\u00e1bios roxos durante a madrugada, crian\u00e7a \u00e9 socorrida, mas morre em S\u00e3o Jo\u00e3o do Pau D&#8217;Alho"},"content":{"rendered":"<div id=\"fb-root\"><\/div>\n<p><em>A Pol\u00edcia Civil est\u00e1 tratando o caso como morte suspeita<\/em><\/p>\n<p>A Pol\u00edcia Civil est\u00e1 tratando como morte suspeita o caso de um beb\u00ea, de dois meses de idade, que morreu na manh\u00e3 desta quarta-feira (28), em S\u00e3o Jo\u00e3o do Pau d&#8217;Alho.<\/p>\n<p>Segundo as informa\u00e7\u00f5es da Pol\u00edcia Civil, por volta das 3h, como de costume, a m\u00e3e foi ver como a crian\u00e7a estava e acabou encontrando o beb\u00ea no carrinho com os l\u00e1bios roxos.<\/p>\n<p>Ela acionou a Pol\u00edcia Militar e informou que havia amamentado a crian\u00e7a cerca de tr\u00eas horas antes e em seguida a colocado para dormir, um procedimento de rotina.<\/p>\n<p>O beb\u00ea foi socorrido no local pelo Corpo de Bombeiros com parada cardiorrespirat\u00f3ria. Em seguida, foi encaminhado para o Pronto-socorro de Tupi Paulista, onde a crian\u00e7a n\u00e3o resistiu.<\/p>\n<p>A Pol\u00edcia Civil aguarda o laudo do Instituto M\u00e9dico Legal (IML), que apontar\u00e1 as causas do \u00f3bito.<\/p>\n<p>Segundo a pol\u00edcia, existe a suspeita de que a crian\u00e7a possa ter sido v\u00edtima de engasgamento.<\/p>\n<p>&nbsp;<\/p>\n<p>G 1<\/p>\n","protected":false},"excerpt":{"rendered":"<p>A Pol\u00edcia Civil est\u00e1 tratando o caso como morte suspeita A Pol\u00edcia Civil est\u00e1 tratando como morte suspeita o caso de um beb\u00ea, de dois meses de idade, que morreu na manh\u00e3 desta quarta-feira (28), em S\u00e3o Jo\u00e3o do Pau d&#8217;Alho. Segundo as informa\u00e7\u00f5es da Pol\u00edcia Civil, por volta das 3h, como de costume, a [&hellip;]<\/p>\n","protected":false},"author":3,"featured_media":15902,"comment_status":"closed","ping_status":"open","sticky":false,"template":"","format":"standard","meta":{"_acf_changed":false,"_exactmetrics_skip_tracking":false,"_exactmetrics_sitenote_active":false,"_exactmetrics_sitenote_note":"","_exactmetrics_sitenote_category":0,"footnotes":""},"categories":[24],"tags":[],"class_list":["post-15901","post","type-post","status-publish","format-standard","has-post-thumbnail","hentry","category-regiao"],"acf":[],"yoast_head":"<!-- This site is optimized with the Yoast SEO plugin v27.2 - https:\/\/yoast.com\/product\/yoast-seo-wordpress\/ -->\n<title>M\u00e3e depara-se com beb\u00ea com l\u00e1bios roxos durante a madrugada, crian\u00e7a \u00e9 socorrida, mas morre em S\u00e3o Jo\u00e3o do Pau D&#039;Alho - R\u00e1dio Life FM<\/title>\n<meta name=\"robots\" content=\"index, follow, max-snippet:-1, max-image-preview:large, max-video-preview:-1\" \/>\n<link rel=\"canonical\" href=\"https:\/\/radiolifefm.com.br\/noticias\/mae-depara-se-com-bebe-com-labios-roxos-durante-a-madrugada-crianca-e-socorrida-mas-morre-em-sao-joao-do-pau-dalho\/\" \/>\n<meta property=\"og:locale\" content=\"pt_BR\" \/>\n<meta property=\"og:type\" content=\"article\" \/>\n<meta property=\"og:title\" content=\"M\u00e3e depara-se com beb\u00ea com l\u00e1bios roxos durante a madrugada, crian\u00e7a \u00e9 socorrida, mas morre em S\u00e3o Jo\u00e3o do Pau D&#039;Alho - R\u00e1dio Life FM\" \/>\n<meta property=\"og:description\" content=\"A Pol\u00edcia Civil est\u00e1 tratando o caso como morte suspeita A Pol\u00edcia Civil est\u00e1 tratando como morte suspeita o caso de um beb\u00ea, de dois meses de idade, que morreu na manh\u00e3 desta quarta-feira (28), em S\u00e3o Jo\u00e3o do Pau d&#8217;Alho. Segundo as informa\u00e7\u00f5es da Pol\u00edcia Civil, por volta das 3h, como de costume, a [&hellip;]\" \/>\n<meta property=\"og:url\" content=\"https:\/\/radiolifefm.com.br\/noticias\/mae-depara-se-com-bebe-com-labios-roxos-durante-a-madrugada-crianca-e-socorrida-mas-morre-em-sao-joao-do-pau-dalho\/\" \/>\n<meta property=\"og:site_name\" content=\"R\u00e1dio Life FM\" \/>\n<meta property=\"article:publisher\" content=\"https:\/\/www.facebook.com\/radiolifefm\/\" \/>\n<meta property=\"article:published_time\" content=\"2019-08-30T12:13:09+00:00\" \/>\n<meta property=\"article:modified_time\" content=\"2026-05-01T01:09:30+00:00\" \/>\n<meta property=\"og:image\" content=\"https:\/\/radiolifefm.com.br\/noticias\/wp-content\/uploads\/2019\/08\/Resgate-Imagem.jpg\" \/>\n\t<meta property=\"og:image:width\" content=\"269\" \/>\n\t<meta property=\"og:image:height\" content=\"187\" \/>\n\t<meta property=\"og:image:type\" content=\"image\/jpeg\" \/>\n<meta name=\"author\" content=\"lifefm\" \/>\n<meta name=\"twitter:card\" content=\"summary_large_image\" \/>\n<meta name=\"twitter:label1\" content=\"Escrito por\" \/>\n\t<meta name=\"twitter:data1\" content=\"lifefm\" \/>\n\t<meta name=\"twitter:label2\" content=\"Est. tempo de leitura\" \/>\n\t<meta name=\"twitter:data2\" content=\"1 minuto\" \/>\n<script type=\"application\/ld+json\" class=\"yoast-schema-graph\">{\"@context\":\"https:\/\/schema.org\",\"@graph\":[{\"@type\":\"Article\",\"@id\":\"https:\/\/radiolifefm.com.br\/noticias\/mae-depara-se-com-bebe-com-labios-roxos-durante-a-madrugada-crianca-e-socorrida-mas-morre-em-sao-joao-do-pau-dalho\/#article\",\"isPartOf\":{\"@id\":\"https:\/\/radiolifefm.com.br\/noticias\/mae-depara-se-com-bebe-com-labios-roxos-durante-a-madrugada-crianca-e-socorrida-mas-morre-em-sao-joao-do-pau-dalho\/\"},\"author\":{\"name\":\"lifefm\",\"@id\":\"https:\/\/radiolifefm.com.br\/noticias\/#\/schema\/person\/1d4e4b1301322090c6221bf1c8420490\"},\"headline\":\"M\u00e3e depara-se com beb\u00ea com l\u00e1bios roxos durante a madrugada, crian\u00e7a \u00e9 socorrida, mas morre em S\u00e3o Jo\u00e3o do Pau D&#8217;Alho\",\"datePublished\":\"2019-08-30T12:13:09+00:00\",\"dateModified\":\"2026-05-01T01:09:30+00:00\",\"mainEntityOfPage\":{\"@id\":\"https:\/\/radiolifefm.com.br\/noticias\/mae-depara-se-com-bebe-com-labios-roxos-durante-a-madrugada-crianca-e-socorrida-mas-morre-em-sao-joao-do-pau-dalho\/\"},\"wordCount\":210,\"publisher\":{\"@id\":\"https:\/\/radiolifefm.com.br\/noticias\/#organization\"},\"image\":{\"@id\":\"https:\/\/radiolifefm.com.br\/noticias\/mae-depara-se-com-bebe-com-labios-roxos-durante-a-madrugada-crianca-e-socorrida-mas-morre-em-sao-joao-do-pau-dalho\/#primaryimage\"},\"thumbnailUrl\":\"https:\/\/radiolifefm.com.br\/noticias\/wp-content\/uploads\/2019\/08\/Resgate-Imagem.jpg\",\"articleSection\":[\"Regi\u00e3o\"],\"inLanguage\":\"pt-BR\"},{\"@type\":\"WebPage\",\"@id\":\"https:\/\/radiolifefm.com.br\/noticias\/mae-depara-se-com-bebe-com-labios-roxos-durante-a-madrugada-crianca-e-socorrida-mas-morre-em-sao-joao-do-pau-dalho\/\",\"url\":\"https:\/\/radiolifefm.com.br\/noticias\/mae-depara-se-com-bebe-com-labios-roxos-durante-a-madrugada-crianca-e-socorrida-mas-morre-em-sao-joao-do-pau-dalho\/\",\"name\":\"M\u00e3e depara-se com beb\u00ea com l\u00e1bios roxos durante a madrugada, crian\u00e7a \u00e9 socorrida, mas morre em S\u00e3o Jo\u00e3o do Pau D'Alho - R\u00e1dio Life FM\",\"isPartOf\":{\"@id\":\"https:\/\/radiolifefm.com.br\/noticias\/#website\"},\"primaryImageOfPage\":{\"@id\":\"https:\/\/radiolifefm.com.br\/noticias\/mae-depara-se-com-bebe-com-labios-roxos-durante-a-madrugada-crianca-e-socorrida-mas-morre-em-sao-joao-do-pau-dalho\/#primaryimage\"},\"image\":{\"@id\":\"https:\/\/radiolifefm.com.br\/noticias\/mae-depara-se-com-bebe-com-labios-roxos-durante-a-madrugada-crianca-e-socorrida-mas-morre-em-sao-joao-do-pau-dalho\/#primaryimage\"},\"thumbnailUrl\":\"https:\/\/radiolifefm.com.br\/noticias\/wp-content\/uploads\/2019\/08\/Resgate-Imagem.jpg\",\"datePublished\":\"2019-08-30T12:13:09+00:00\",\"dateModified\":\"2026-05-01T01:09:30+00:00\",\"breadcrumb\":{\"@id\":\"https:\/\/radiolifefm.com.br\/noticias\/mae-depara-se-com-bebe-com-labios-roxos-durante-a-madrugada-crianca-e-socorrida-mas-morre-em-sao-joao-do-pau-dalho\/#breadcrumb\"},\"inLanguage\":\"pt-BR\",\"potentialAction\":[{\"@type\":\"ReadAction\",\"target\":[\"https:\/\/radiolifefm.com.br\/noticias\/mae-depara-se-com-bebe-com-labios-roxos-durante-a-madrugada-crianca-e-socorrida-mas-morre-em-sao-joao-do-pau-dalho\/\"]}]},{\"@type\":\"ImageObject\",\"inLanguage\":\"pt-BR\",\"@id\":\"https:\/\/radiolifefm.com.br\/noticias\/mae-depara-se-com-bebe-com-labios-roxos-durante-a-madrugada-crianca-e-socorrida-mas-morre-em-sao-joao-do-pau-dalho\/#primaryimage\",\"url\":\"https:\/\/radiolifefm.com.br\/noticias\/wp-content\/uploads\/2019\/08\/Resgate-Imagem.jpg\",\"contentUrl\":\"https:\/\/radiolifefm.com.br\/noticias\/wp-content\/uploads\/2019\/08\/Resgate-Imagem.jpg\",\"width\":269,\"height\":187},{\"@type\":\"BreadcrumbList\",\"@id\":\"https:\/\/radiolifefm.com.br\/noticias\/mae-depara-se-com-bebe-com-labios-roxos-durante-a-madrugada-crianca-e-socorrida-mas-morre-em-sao-joao-do-pau-dalho\/#breadcrumb\",\"itemListElement\":[{\"@type\":\"ListItem\",\"position\":1,\"name\":\"In\u00edcio\",\"item\":\"https:\/\/radiolifefm.com.br\/noticias\/\"},{\"@type\":\"ListItem\",\"position\":2,\"name\":\"M\u00e3e depara-se com beb\u00ea com l\u00e1bios roxos durante a madrugada, crian\u00e7a \u00e9 socorrida, mas morre em S\u00e3o Jo\u00e3o do Pau D&#8217;Alho\"}]},{\"@type\":\"WebSite\",\"@id\":\"https:\/\/radiolifefm.com.br\/noticias\/#website\",\"url\":\"https:\/\/radiolifefm.com.br\/noticias\/\",\"name\":\"R\u00e1dio Life FM\",\"description\":\"O Portal de Not\u00edcias de Adamantina\",\"publisher\":{\"@id\":\"https:\/\/radiolifefm.com.br\/noticias\/#organization\"},\"alternateName\":\"Life FM\",\"potentialAction\":[{\"@type\":\"SearchAction\",\"target\":{\"@type\":\"EntryPoint\",\"urlTemplate\":\"https:\/\/radiolifefm.com.br\/noticias\/?s={search_term_string}\"},\"query-input\":{\"@type\":\"PropertyValueSpecification\",\"valueRequired\":true,\"valueName\":\"search_term_string\"}}],\"inLanguage\":\"pt-BR\"},{\"@type\":\"Organization\",\"@id\":\"https:\/\/radiolifefm.com.br\/noticias\/#organization\",\"name\":\"R\u00e1dio Life FM\",\"alternateName\":\"Life FM\",\"url\":\"https:\/\/radiolifefm.com.br\/noticias\/\",\"logo\":{\"@type\":\"ImageObject\",\"inLanguage\":\"pt-BR\",\"@id\":\"https:\/\/radiolifefm.com.br\/noticias\/#\/schema\/logo\/image\/\",\"url\":\"https:\/\/static.radiolifefm.com.br\/noticias\/wp-content\/uploads\/2019\/10\/logo-lifefm.png\",\"contentUrl\":\"https:\/\/static.radiolifefm.com.br\/noticias\/wp-content\/uploads\/2019\/10\/logo-lifefm.png\",\"width\":196,\"height\":47,\"caption\":\"R\u00e1dio Life FM\"},\"image\":{\"@id\":\"https:\/\/radiolifefm.com.br\/noticias\/#\/schema\/logo\/image\/\"},\"sameAs\":[\"https:\/\/www.facebook.com\/radiolifefm\/\",\"https:\/\/www.instagram.com\/life1079fm\/\"]},{\"@type\":\"Person\",\"@id\":\"https:\/\/radiolifefm.com.br\/noticias\/#\/schema\/person\/1d4e4b1301322090c6221bf1c8420490\",\"name\":\"lifefm\",\"image\":{\"@type\":\"ImageObject\",\"inLanguage\":\"pt-BR\",\"@id\":\"https:\/\/secure.gravatar.com\/avatar\/eca268467d925ec97d20641bb054fd944c0abb2f92854171620706bbe6474e7c?s=96&d=mm&r=g\",\"url\":\"https:\/\/secure.gravatar.com\/avatar\/eca268467d925ec97d20641bb054fd944c0abb2f92854171620706bbe6474e7c?s=96&d=mm&r=g\",\"contentUrl\":\"https:\/\/secure.gravatar.com\/avatar\/eca268467d925ec97d20641bb054fd944c0abb2f92854171620706bbe6474e7c?s=96&d=mm&r=g\",\"caption\":\"lifefm\"}}]}<\/script>\n<!-- \/ Yoast SEO plugin. -->","yoast_head_json":{"title":"M\u00e3e depara-se com beb\u00ea com l\u00e1bios roxos durante a madrugada, crian\u00e7a \u00e9 socorrida, mas morre em S\u00e3o Jo\u00e3o do Pau D'Alho - R\u00e1dio Life FM","robots":{"index":"index","follow":"follow","max-snippet":"max-snippet:-1","max-image-preview":"max-image-preview:large","max-video-preview":"max-video-preview:-1"},"canonical":"https:\/\/radiolifefm.com.br\/noticias\/mae-depara-se-com-bebe-com-labios-roxos-durante-a-madrugada-crianca-e-socorrida-mas-morre-em-sao-joao-do-pau-dalho\/","og_locale":"pt_BR","og_type":"article","og_title":"M\u00e3e depara-se com beb\u00ea com l\u00e1bios roxos durante a madrugada, crian\u00e7a \u00e9 socorrida, mas morre em S\u00e3o Jo\u00e3o do Pau D'Alho - R\u00e1dio Life FM","og_description":"A Pol\u00edcia Civil est\u00e1 tratando o caso como morte suspeita A Pol\u00edcia Civil est\u00e1 tratando como morte suspeita o caso de um beb\u00ea, de dois meses de idade, que morreu na manh\u00e3 desta quarta-feira (28), em S\u00e3o Jo\u00e3o do Pau d&#8217;Alho. Segundo as informa\u00e7\u00f5es da Pol\u00edcia Civil, por volta das 3h, como de costume, a [&hellip;]","og_url":"https:\/\/radiolifefm.com.br\/noticias\/mae-depara-se-com-bebe-com-labios-roxos-durante-a-madrugada-crianca-e-socorrida-mas-morre-em-sao-joao-do-pau-dalho\/","og_site_name":"R\u00e1dio Life FM","article_publisher":"https:\/\/www.facebook.com\/radiolifefm\/","article_published_time":"2019-08-30T12:13:09+00:00","article_modified_time":"2026-05-01T01:09:30+00:00","og_image":[{"width":269,"height":187,"url":"https:\/\/radiolifefm.com.br\/noticias\/wp-content\/uploads\/2019\/08\/Resgate-Imagem.jpg","type":"image\/jpeg"}],"author":"lifefm","twitter_card":"summary_large_image","twitter_misc":{"Escrito por":"lifefm","Est. tempo de leitura":"1 minuto"},"schema":{"@context":"https:\/\/schema.org","@graph":[{"@type":"Article","@id":"https:\/\/radiolifefm.com.br\/noticias\/mae-depara-se-com-bebe-com-labios-roxos-durante-a-madrugada-crianca-e-socorrida-mas-morre-em-sao-joao-do-pau-dalho\/#article","isPartOf":{"@id":"https:\/\/radiolifefm.com.br\/noticias\/mae-depara-se-com-bebe-com-labios-roxos-durante-a-madrugada-crianca-e-socorrida-mas-morre-em-sao-joao-do-pau-dalho\/"},"author":{"name":"lifefm","@id":"https:\/\/radiolifefm.com.br\/noticias\/#\/schema\/person\/1d4e4b1301322090c6221bf1c8420490"},"headline":"M\u00e3e depara-se com beb\u00ea com l\u00e1bios roxos durante a madrugada, crian\u00e7a \u00e9 socorrida, mas morre em S\u00e3o Jo\u00e3o do Pau D&#8217;Alho","datePublished":"2019-08-30T12:13:09+00:00","dateModified":"2026-05-01T01:09:30+00:00","mainEntityOfPage":{"@id":"https:\/\/radiolifefm.com.br\/noticias\/mae-depara-se-com-bebe-com-labios-roxos-durante-a-madrugada-crianca-e-socorrida-mas-morre-em-sao-joao-do-pau-dalho\/"},"wordCount":210,"publisher":{"@id":"https:\/\/radiolifefm.com.br\/noticias\/#organization"},"image":{"@id":"https:\/\/radiolifefm.com.br\/noticias\/mae-depara-se-com-bebe-com-labios-roxos-durante-a-madrugada-crianca-e-socorrida-mas-morre-em-sao-joao-do-pau-dalho\/#primaryimage"},"thumbnailUrl":"https:\/\/radiolifefm.com.br\/noticias\/wp-content\/uploads\/2019\/08\/Resgate-Imagem.jpg","articleSection":["Regi\u00e3o"],"inLanguage":"pt-BR"},{"@type":"WebPage","@id":"https:\/\/radiolifefm.com.br\/noticias\/mae-depara-se-com-bebe-com-labios-roxos-durante-a-madrugada-crianca-e-socorrida-mas-morre-em-sao-joao-do-pau-dalho\/","url":"https:\/\/radiolifefm.com.br\/noticias\/mae-depara-se-com-bebe-com-labios-roxos-durante-a-madrugada-crianca-e-socorrida-mas-morre-em-sao-joao-do-pau-dalho\/","name":"M\u00e3e depara-se com beb\u00ea com l\u00e1bios roxos durante a madrugada, crian\u00e7a \u00e9 socorrida, mas morre em S\u00e3o Jo\u00e3o do Pau D'Alho - R\u00e1dio Life FM","isPartOf":{"@id":"https:\/\/radiolifefm.com.br\/noticias\/#website"},"primaryImageOfPage":{"@id":"https:\/\/radiolifefm.com.br\/noticias\/mae-depara-se-com-bebe-com-labios-roxos-durante-a-madrugada-crianca-e-socorrida-mas-morre-em-sao-joao-do-pau-dalho\/#primaryimage"},"image":{"@id":"https:\/\/radiolifefm.com.br\/noticias\/mae-depara-se-com-bebe-com-labios-roxos-durante-a-madrugada-crianca-e-socorrida-mas-morre-em-sao-joao-do-pau-dalho\/#primaryimage"},"thumbnailUrl":"https:\/\/radiolifefm.com.br\/noticias\/wp-content\/uploads\/2019\/08\/Resgate-Imagem.jpg","datePublished":"2019-08-30T12:13:09+00:00","dateModified":"2026-05-01T01:09:30+00:00","breadcrumb":{"@id":"https:\/\/radiolifefm.com.br\/noticias\/mae-depara-se-com-bebe-com-labios-roxos-durante-a-madrugada-crianca-e-socorrida-mas-morre-em-sao-joao-do-pau-dalho\/#breadcrumb"},"inLanguage":"pt-BR","potentialAction":[{"@type":"ReadAction","target":["https:\/\/radiolifefm.com.br\/noticias\/mae-depara-se-com-bebe-com-labios-roxos-durante-a-madrugada-crianca-e-socorrida-mas-morre-em-sao-joao-do-pau-dalho\/"]}]},{"@type":"ImageObject","inLanguage":"pt-BR","@id":"https:\/\/radiolifefm.com.br\/noticias\/mae-depara-se-com-bebe-com-labios-roxos-durante-a-madrugada-crianca-e-socorrida-mas-morre-em-sao-joao-do-pau-dalho\/#primaryimage","url":"https:\/\/radiolifefm.com.br\/noticias\/wp-content\/uploads\/2019\/08\/Resgate-Imagem.jpg","contentUrl":"https:\/\/radiolifefm.com.br\/noticias\/wp-content\/uploads\/2019\/08\/Resgate-Imagem.jpg","width":269,"height":187},{"@type":"BreadcrumbList","@id":"https:\/\/radiolifefm.com.br\/noticias\/mae-depara-se-com-bebe-com-labios-roxos-durante-a-madrugada-crianca-e-socorrida-mas-morre-em-sao-joao-do-pau-dalho\/#breadcrumb","itemListElement":[{"@type":"ListItem","position":1,"name":"In\u00edcio","item":"https:\/\/radiolifefm.com.br\/noticias\/"},{"@type":"ListItem","position":2,"name":"M\u00e3e depara-se com beb\u00ea com l\u00e1bios roxos durante a madrugada, crian\u00e7a \u00e9 socorrida, mas morre em S\u00e3o Jo\u00e3o do Pau D&#8217;Alho"}]},{"@type":"WebSite","@id":"https:\/\/radiolifefm.com.br\/noticias\/#website","url":"https:\/\/radiolifefm.com.br\/noticias\/","name":"R\u00e1dio Life FM","description":"O Portal de Not\u00edcias de Adamantina","publisher":{"@id":"https:\/\/radiolifefm.com.br\/noticias\/#organization"},"alternateName":"Life FM","potentialAction":[{"@type":"SearchAction","target":{"@type":"EntryPoint","urlTemplate":"https:\/\/radiolifefm.com.br\/noticias\/?s={search_term_string}"},"query-input":{"@type":"PropertyValueSpecification","valueRequired":true,"valueName":"search_term_string"}}],"inLanguage":"pt-BR"},{"@type":"Organization","@id":"https:\/\/radiolifefm.com.br\/noticias\/#organization","name":"R\u00e1dio Life FM","alternateName":"Life FM","url":"https:\/\/radiolifefm.com.br\/noticias\/","logo":{"@type":"ImageObject","inLanguage":"pt-BR","@id":"https:\/\/radiolifefm.com.br\/noticias\/#\/schema\/logo\/image\/","url":"https:\/\/static.radiolifefm.com.br\/noticias\/wp-content\/uploads\/2019\/10\/logo-lifefm.png","contentUrl":"https:\/\/static.radiolifefm.com.br\/noticias\/wp-content\/uploads\/2019\/10\/logo-lifefm.png","width":196,"height":47,"caption":"R\u00e1dio Life FM"},"image":{"@id":"https:\/\/radiolifefm.com.br\/noticias\/#\/schema\/logo\/image\/"},"sameAs":["https:\/\/www.facebook.com\/radiolifefm\/","https:\/\/www.instagram.com\/life1079fm\/"]},{"@type":"Person","@id":"https:\/\/radiolifefm.com.br\/noticias\/#\/schema\/person\/1d4e4b1301322090c6221bf1c8420490","name":"lifefm","image":{"@type":"ImageObject","inLanguage":"pt-BR","@id":"https:\/\/secure.gravatar.com\/avatar\/eca268467d925ec97d20641bb054fd944c0abb2f92854171620706bbe6474e7c?s=96&d=mm&r=g","url":"https:\/\/secure.gravatar.com\/avatar\/eca268467d925ec97d20641bb054fd944c0abb2f92854171620706bbe6474e7c?s=96&d=mm&r=g","contentUrl":"https:\/\/secure.gravatar.com\/avatar\/eca268467d925ec97d20641bb054fd944c0abb2f92854171620706bbe6474e7c?s=96&d=mm&r=g","caption":"lifefm"}}]}},"amp_enabled":true,"_links":{"self":[{"href":"https:\/\/radiolifefm.com.br\/noticias\/wp-json\/wp\/v2\/posts\/15901","targetHints":{"allow":["GET"]}}],"collection":[{"href":"https:\/\/radiolifefm.com.br\/noticias\/wp-json\/wp\/v2\/posts"}],"about":[{"href":"https:\/\/radiolifefm.com.br\/noticias\/wp-json\/wp\/v2\/types\/post"}],"author":[{"embeddable":true,"href":"https:\/\/radiolifefm.com.br\/noticias\/wp-json\/wp\/v2\/users\/3"}],"replies":[{"embeddable":true,"href":"https:\/\/radiolifefm.com.br\/noticias\/wp-json\/wp\/v2\/comments?post=15901"}],"version-history":[{"count":1,"href":"https:\/\/radiolifefm.com.br\/noticias\/wp-json\/wp\/v2\/posts\/15901\/revisions"}],"predecessor-version":[{"id":15903,"href":"https:\/\/radiolifefm.com.br\/noticias\/wp-json\/wp\/v2\/posts\/15901\/revisions\/15903"}],"wp:featuredmedia":[{"embeddable":true,"href":"https:\/\/radiolifefm.com.br\/noticias\/wp-json\/wp\/v2\/media\/15902"}],"wp:attachment":[{"href":"https:\/\/radiolifefm.com.br\/noticias\/wp-json\/wp\/v2\/media?parent=15901"}],"wp:term":[{"taxonomy":"category","embeddable":true,"href":"https:\/\/radiolifefm.com.br\/noticias\/wp-json\/wp\/v2\/categories?post=15901"},{"taxonomy":"post_tag","embeddable":true,"href":"https:\/\/radiolifefm.com.br\/noticias\/wp-json\/wp\/v2\/tags?post=15901"}],"curies":[{"name":"wp","href":"https:\/\/api.w.org\/{rel}","templated":true}]}}