{"id":15894,"date":"2019-08-30T08:46:46","date_gmt":"2019-08-30T11:46:46","guid":{"rendered":"https:\/\/radiolifefm.com.br\/noticias\/?p=15894"},"modified":"2026-04-04T22:51:46","modified_gmt":"2026-04-05T01:51:46","slug":"fiscalizacao-apreende-mais-de-400kg-de-carvao-vegetal-transportados-sem-documentacao-de-origem-em-martinopolis","status":"publish","type":"post","link":"https:\/\/radiolifefm.com.br\/noticias\/fiscalizacao-apreende-mais-de-400kg-de-carvao-vegetal-transportados-sem-documentacao-de-origem-em-martinopolis\/","title":{"rendered":"Fiscaliza\u00e7\u00e3o apreende mais de 400kg de carv\u00e3o vegetal transportados sem documenta\u00e7\u00e3o de origem em Martin\u00f3polis"},"content":{"rendered":"<div id=\"fb-root\"><\/div>\n<p><em>Carga estava em uma caminhonete que foi abordada pela Pol\u00edcia Militar Ambiental, nesta quinta-feira (29), na Rodovia Osvaldo Campioni Asc\u00eancio, em Martin\u00f3polis.<\/em><\/p>\n<p>A Pol\u00edcia Militar Ambiental apreendeu mais de 400 quilos de carv\u00e3o vegetal que eram transportados sem documenta\u00e7\u00e3o em uma caminhonete que foi abordada pela fiscaliza\u00e7\u00e3o na Rodovia Osvaldo Campioni Asc\u00eancio, em Martin\u00f3polis, nesta quinta-feira (29).<\/p>\n<p>Durante patrulhamento preventivo na estrada vicinal que faz a liga\u00e7\u00e3o entre o per\u00edmetro urbano de Martin\u00f3polis e o Balne\u00e1rio Laranja Doce, os policiais avistaram a caminhonete com as sacas de carv\u00e3o e abordaram o ve\u00edculo.<\/p>\n<p>Segundo a pol\u00edcia, um homem de 60 anos, identificado como propriet\u00e1rio da carga, n\u00e3o portava documentos que comprovassem a origem do material.<\/p>\n<p>Ele recebeu um auto de infra\u00e7\u00e3o ambiental, na modalidade de advert\u00eancia, pelo transporte da carga.<\/p>\n<p>A carga apreendida, que totalizou 445 quilos de carv\u00e3o distribu\u00eddos em 105 sacas, ficou recolhida na sede do 1\u00b0 Pelot\u00e3o da Pol\u00edcia Militar Ambiental, em Presidente Prudente.<\/p>\n<div class='flex flex-wrap items-center -mx-1'>\r\n<a class='thumbnail gallery p-1 w-1\/2 md:w-1\/4' href='https:\/\/radiolifefm.com.br\/noticias\/wp-content\/uploads\/2019\/08\/Carv\u00e3o-ilegal-Martin\u00f3polis-1.jpg'><img class='border border-white' src='https:\/\/radiolifefm.com.br\/noticias\/wp-content\/uploads\/2019\/08\/Carv\u00e3o-ilegal-Martin\u00f3polis-1-200x200.jpg' alt='Carv\u00e3o Ilegal   Martin\u00f3polis   1' \/><\/a><\/div>\n<p>&nbsp;<\/p>\n<p>G1 Presidente Prudente<\/p>\n","protected":false},"excerpt":{"rendered":"<p>Carga estava em uma caminhonete que foi abordada pela Pol\u00edcia Militar Ambiental, nesta quinta-feira (29), na Rodovia Osvaldo Campioni Asc\u00eancio, em Martin\u00f3polis. A Pol\u00edcia Militar Ambiental apreendeu mais de 400 quilos de carv\u00e3o vegetal que eram transportados sem documenta\u00e7\u00e3o em uma caminhonete que foi abordada pela fiscaliza\u00e7\u00e3o na Rodovia Osvaldo Campioni Asc\u00eancio, em Martin\u00f3polis, nesta [&hellip;]<\/p>\n","protected":false},"author":3,"featured_media":15895,"comment_status":"closed","ping_status":"open","sticky":false,"template":"","format":"standard","meta":{"_acf_changed":false,"_exactmetrics_skip_tracking":false,"_exactmetrics_sitenote_active":false,"_exactmetrics_sitenote_note":"","_exactmetrics_sitenote_category":0,"footnotes":""},"categories":[24],"tags":[],"class_list":["post-15894","post","type-post","status-publish","format-standard","has-post-thumbnail","hentry","category-regiao"],"acf":[],"yoast_head":"<!-- This site is optimized with the Yoast SEO plugin v27.2 - https:\/\/yoast.com\/product\/yoast-seo-wordpress\/ -->\n<title>Fiscaliza\u00e7\u00e3o apreende mais de 400kg de carv\u00e3o vegetal transportados sem documenta\u00e7\u00e3o de origem em Martin\u00f3polis - R\u00e1dio Life FM<\/title>\n<meta name=\"robots\" content=\"index, follow, max-snippet:-1, max-image-preview:large, max-video-preview:-1\" \/>\n<link rel=\"canonical\" href=\"https:\/\/radiolifefm.com.br\/noticias\/fiscalizacao-apreende-mais-de-400kg-de-carvao-vegetal-transportados-sem-documentacao-de-origem-em-martinopolis\/\" \/>\n<meta property=\"og:locale\" content=\"pt_BR\" \/>\n<meta property=\"og:type\" content=\"article\" \/>\n<meta property=\"og:title\" content=\"Fiscaliza\u00e7\u00e3o apreende mais de 400kg de carv\u00e3o vegetal transportados sem documenta\u00e7\u00e3o de origem em Martin\u00f3polis - R\u00e1dio Life FM\" \/>\n<meta property=\"og:description\" content=\"Carga estava em uma caminhonete que foi abordada pela Pol\u00edcia Militar Ambiental, nesta quinta-feira (29), na Rodovia Osvaldo Campioni Asc\u00eancio, em Martin\u00f3polis. A Pol\u00edcia Militar Ambiental apreendeu mais de 400 quilos de carv\u00e3o vegetal que eram transportados sem documenta\u00e7\u00e3o em uma caminhonete que foi abordada pela fiscaliza\u00e7\u00e3o na Rodovia Osvaldo Campioni Asc\u00eancio, em Martin\u00f3polis, nesta [&hellip;]\" \/>\n<meta property=\"og:url\" content=\"https:\/\/radiolifefm.com.br\/noticias\/fiscalizacao-apreende-mais-de-400kg-de-carvao-vegetal-transportados-sem-documentacao-de-origem-em-martinopolis\/\" \/>\n<meta property=\"og:site_name\" content=\"R\u00e1dio Life FM\" \/>\n<meta property=\"article:publisher\" content=\"https:\/\/www.facebook.com\/radiolifefm\/\" \/>\n<meta property=\"article:published_time\" content=\"2019-08-30T11:46:46+00:00\" \/>\n<meta property=\"article:modified_time\" content=\"2026-04-05T01:51:46+00:00\" \/>\n<meta property=\"og:image\" content=\"https:\/\/radiolifefm.com.br\/noticias\/wp-content\/uploads\/2019\/08\/Carv\u00e3o-ilegal-Martin\u00f3polis.jpg\" \/>\n\t<meta property=\"og:image:width\" content=\"1000\" \/>\n\t<meta property=\"og:image:height\" content=\"918\" \/>\n\t<meta property=\"og:image:type\" content=\"image\/jpeg\" \/>\n<meta name=\"author\" content=\"lifefm\" \/>\n<meta name=\"twitter:card\" content=\"summary_large_image\" \/>\n<meta name=\"twitter:label1\" content=\"Escrito por\" \/>\n\t<meta name=\"twitter:data1\" content=\"lifefm\" \/>\n\t<meta name=\"twitter:label2\" content=\"Est. tempo de leitura\" \/>\n\t<meta name=\"twitter:data2\" content=\"1 minuto\" \/>\n<script type=\"application\/ld+json\" class=\"yoast-schema-graph\">{\"@context\":\"https:\/\/schema.org\",\"@graph\":[{\"@type\":\"Article\",\"@id\":\"https:\/\/radiolifefm.com.br\/noticias\/fiscalizacao-apreende-mais-de-400kg-de-carvao-vegetal-transportados-sem-documentacao-de-origem-em-martinopolis\/#article\",\"isPartOf\":{\"@id\":\"https:\/\/radiolifefm.com.br\/noticias\/fiscalizacao-apreende-mais-de-400kg-de-carvao-vegetal-transportados-sem-documentacao-de-origem-em-martinopolis\/\"},\"author\":{\"name\":\"lifefm\",\"@id\":\"https:\/\/radiolifefm.com.br\/noticias\/#\/schema\/person\/1d4e4b1301322090c6221bf1c8420490\"},\"headline\":\"Fiscaliza\u00e7\u00e3o apreende mais de 400kg de carv\u00e3o vegetal transportados sem documenta\u00e7\u00e3o de origem em Martin\u00f3polis\",\"datePublished\":\"2019-08-30T11:46:46+00:00\",\"dateModified\":\"2026-04-05T01:51:46+00:00\",\"mainEntityOfPage\":{\"@id\":\"https:\/\/radiolifefm.com.br\/noticias\/fiscalizacao-apreende-mais-de-400kg-de-carvao-vegetal-transportados-sem-documentacao-de-origem-em-martinopolis\/\"},\"wordCount\":198,\"publisher\":{\"@id\":\"https:\/\/radiolifefm.com.br\/noticias\/#organization\"},\"image\":{\"@id\":\"https:\/\/radiolifefm.com.br\/noticias\/fiscalizacao-apreende-mais-de-400kg-de-carvao-vegetal-transportados-sem-documentacao-de-origem-em-martinopolis\/#primaryimage\"},\"thumbnailUrl\":\"https:\/\/radiolifefm.com.br\/noticias\/wp-content\/uploads\/2019\/08\/Carv\u00e3o-ilegal-Martin\u00f3polis.jpg\",\"articleSection\":[\"Regi\u00e3o\"],\"inLanguage\":\"pt-BR\"},{\"@type\":\"WebPage\",\"@id\":\"https:\/\/radiolifefm.com.br\/noticias\/fiscalizacao-apreende-mais-de-400kg-de-carvao-vegetal-transportados-sem-documentacao-de-origem-em-martinopolis\/\",\"url\":\"https:\/\/radiolifefm.com.br\/noticias\/fiscalizacao-apreende-mais-de-400kg-de-carvao-vegetal-transportados-sem-documentacao-de-origem-em-martinopolis\/\",\"name\":\"Fiscaliza\u00e7\u00e3o apreende mais de 400kg de carv\u00e3o vegetal transportados sem documenta\u00e7\u00e3o de origem em Martin\u00f3polis - R\u00e1dio Life FM\",\"isPartOf\":{\"@id\":\"https:\/\/radiolifefm.com.br\/noticias\/#website\"},\"primaryImageOfPage\":{\"@id\":\"https:\/\/radiolifefm.com.br\/noticias\/fiscalizacao-apreende-mais-de-400kg-de-carvao-vegetal-transportados-sem-documentacao-de-origem-em-martinopolis\/#primaryimage\"},\"image\":{\"@id\":\"https:\/\/radiolifefm.com.br\/noticias\/fiscalizacao-apreende-mais-de-400kg-de-carvao-vegetal-transportados-sem-documentacao-de-origem-em-martinopolis\/#primaryimage\"},\"thumbnailUrl\":\"https:\/\/radiolifefm.com.br\/noticias\/wp-content\/uploads\/2019\/08\/Carv\u00e3o-ilegal-Martin\u00f3polis.jpg\",\"datePublished\":\"2019-08-30T11:46:46+00:00\",\"dateModified\":\"2026-04-05T01:51:46+00:00\",\"breadcrumb\":{\"@id\":\"https:\/\/radiolifefm.com.br\/noticias\/fiscalizacao-apreende-mais-de-400kg-de-carvao-vegetal-transportados-sem-documentacao-de-origem-em-martinopolis\/#breadcrumb\"},\"inLanguage\":\"pt-BR\",\"potentialAction\":[{\"@type\":\"ReadAction\",\"target\":[\"https:\/\/radiolifefm.com.br\/noticias\/fiscalizacao-apreende-mais-de-400kg-de-carvao-vegetal-transportados-sem-documentacao-de-origem-em-martinopolis\/\"]}]},{\"@type\":\"ImageObject\",\"inLanguage\":\"pt-BR\",\"@id\":\"https:\/\/radiolifefm.com.br\/noticias\/fiscalizacao-apreende-mais-de-400kg-de-carvao-vegetal-transportados-sem-documentacao-de-origem-em-martinopolis\/#primaryimage\",\"url\":\"https:\/\/radiolifefm.com.br\/noticias\/wp-content\/uploads\/2019\/08\/Carv\u00e3o-ilegal-Martin\u00f3polis.jpg\",\"contentUrl\":\"https:\/\/radiolifefm.com.br\/noticias\/wp-content\/uploads\/2019\/08\/Carv\u00e3o-ilegal-Martin\u00f3polis.jpg\",\"width\":1000,\"height\":918,\"caption\":\"Carga de carv\u00e3o vegetal foi apreendida em Martin\u00f3polis \u2014 Foto: Pol\u00edcia Militar Ambiental Carga de carv\u00e3o vegetal foi apreendida em Martin\u00f3polis \u2014 Foto: Pol\u00edcia Militar Ambiental\"},{\"@type\":\"BreadcrumbList\",\"@id\":\"https:\/\/radiolifefm.com.br\/noticias\/fiscalizacao-apreende-mais-de-400kg-de-carvao-vegetal-transportados-sem-documentacao-de-origem-em-martinopolis\/#breadcrumb\",\"itemListElement\":[{\"@type\":\"ListItem\",\"position\":1,\"name\":\"In\u00edcio\",\"item\":\"https:\/\/radiolifefm.com.br\/noticias\/\"},{\"@type\":\"ListItem\",\"position\":2,\"name\":\"Fiscaliza\u00e7\u00e3o apreende mais de 400kg de carv\u00e3o vegetal transportados sem documenta\u00e7\u00e3o de origem em Martin\u00f3polis\"}]},{\"@type\":\"WebSite\",\"@id\":\"https:\/\/radiolifefm.com.br\/noticias\/#website\",\"url\":\"https:\/\/radiolifefm.com.br\/noticias\/\",\"name\":\"R\u00e1dio Life FM\",\"description\":\"O Portal de Not\u00edcias de Adamantina\",\"publisher\":{\"@id\":\"https:\/\/radiolifefm.com.br\/noticias\/#organization\"},\"alternateName\":\"Life FM\",\"potentialAction\":[{\"@type\":\"SearchAction\",\"target\":{\"@type\":\"EntryPoint\",\"urlTemplate\":\"https:\/\/radiolifefm.com.br\/noticias\/?s={search_term_string}\"},\"query-input\":{\"@type\":\"PropertyValueSpecification\",\"valueRequired\":true,\"valueName\":\"search_term_string\"}}],\"inLanguage\":\"pt-BR\"},{\"@type\":\"Organization\",\"@id\":\"https:\/\/radiolifefm.com.br\/noticias\/#organization\",\"name\":\"R\u00e1dio Life FM\",\"alternateName\":\"Life FM\",\"url\":\"https:\/\/radiolifefm.com.br\/noticias\/\",\"logo\":{\"@type\":\"ImageObject\",\"inLanguage\":\"pt-BR\",\"@id\":\"https:\/\/radiolifefm.com.br\/noticias\/#\/schema\/logo\/image\/\",\"url\":\"https:\/\/static.radiolifefm.com.br\/noticias\/wp-content\/uploads\/2019\/10\/logo-lifefm.png\",\"contentUrl\":\"https:\/\/static.radiolifefm.com.br\/noticias\/wp-content\/uploads\/2019\/10\/logo-lifefm.png\",\"width\":196,\"height\":47,\"caption\":\"R\u00e1dio Life FM\"},\"image\":{\"@id\":\"https:\/\/radiolifefm.com.br\/noticias\/#\/schema\/logo\/image\/\"},\"sameAs\":[\"https:\/\/www.facebook.com\/radiolifefm\/\",\"https:\/\/www.instagram.com\/life1079fm\/\"]},{\"@type\":\"Person\",\"@id\":\"https:\/\/radiolifefm.com.br\/noticias\/#\/schema\/person\/1d4e4b1301322090c6221bf1c8420490\",\"name\":\"lifefm\",\"image\":{\"@type\":\"ImageObject\",\"inLanguage\":\"pt-BR\",\"@id\":\"https:\/\/secure.gravatar.com\/avatar\/eca268467d925ec97d20641bb054fd944c0abb2f92854171620706bbe6474e7c?s=96&d=mm&r=g\",\"url\":\"https:\/\/secure.gravatar.com\/avatar\/eca268467d925ec97d20641bb054fd944c0abb2f92854171620706bbe6474e7c?s=96&d=mm&r=g\",\"contentUrl\":\"https:\/\/secure.gravatar.com\/avatar\/eca268467d925ec97d20641bb054fd944c0abb2f92854171620706bbe6474e7c?s=96&d=mm&r=g\",\"caption\":\"lifefm\"}}]}<\/script>\n<!-- \/ Yoast SEO plugin. -->","yoast_head_json":{"title":"Fiscaliza\u00e7\u00e3o apreende mais de 400kg de carv\u00e3o vegetal transportados sem documenta\u00e7\u00e3o de origem em Martin\u00f3polis - R\u00e1dio Life FM","robots":{"index":"index","follow":"follow","max-snippet":"max-snippet:-1","max-image-preview":"max-image-preview:large","max-video-preview":"max-video-preview:-1"},"canonical":"https:\/\/radiolifefm.com.br\/noticias\/fiscalizacao-apreende-mais-de-400kg-de-carvao-vegetal-transportados-sem-documentacao-de-origem-em-martinopolis\/","og_locale":"pt_BR","og_type":"article","og_title":"Fiscaliza\u00e7\u00e3o apreende mais de 400kg de carv\u00e3o vegetal transportados sem documenta\u00e7\u00e3o de origem em Martin\u00f3polis - R\u00e1dio Life FM","og_description":"Carga estava em uma caminhonete que foi abordada pela Pol\u00edcia Militar Ambiental, nesta quinta-feira (29), na Rodovia Osvaldo Campioni Asc\u00eancio, em Martin\u00f3polis. A Pol\u00edcia Militar Ambiental apreendeu mais de 400 quilos de carv\u00e3o vegetal que eram transportados sem documenta\u00e7\u00e3o em uma caminhonete que foi abordada pela fiscaliza\u00e7\u00e3o na Rodovia Osvaldo Campioni Asc\u00eancio, em Martin\u00f3polis, nesta [&hellip;]","og_url":"https:\/\/radiolifefm.com.br\/noticias\/fiscalizacao-apreende-mais-de-400kg-de-carvao-vegetal-transportados-sem-documentacao-de-origem-em-martinopolis\/","og_site_name":"R\u00e1dio Life FM","article_publisher":"https:\/\/www.facebook.com\/radiolifefm\/","article_published_time":"2019-08-30T11:46:46+00:00","article_modified_time":"2026-04-05T01:51:46+00:00","og_image":[{"width":1000,"height":918,"url":"https:\/\/radiolifefm.com.br\/noticias\/wp-content\/uploads\/2019\/08\/Carv\u00e3o-ilegal-Martin\u00f3polis.jpg","type":"image\/jpeg"}],"author":"lifefm","twitter_card":"summary_large_image","twitter_misc":{"Escrito por":"lifefm","Est. tempo de leitura":"1 minuto"},"schema":{"@context":"https:\/\/schema.org","@graph":[{"@type":"Article","@id":"https:\/\/radiolifefm.com.br\/noticias\/fiscalizacao-apreende-mais-de-400kg-de-carvao-vegetal-transportados-sem-documentacao-de-origem-em-martinopolis\/#article","isPartOf":{"@id":"https:\/\/radiolifefm.com.br\/noticias\/fiscalizacao-apreende-mais-de-400kg-de-carvao-vegetal-transportados-sem-documentacao-de-origem-em-martinopolis\/"},"author":{"name":"lifefm","@id":"https:\/\/radiolifefm.com.br\/noticias\/#\/schema\/person\/1d4e4b1301322090c6221bf1c8420490"},"headline":"Fiscaliza\u00e7\u00e3o apreende mais de 400kg de carv\u00e3o vegetal transportados sem documenta\u00e7\u00e3o de origem em Martin\u00f3polis","datePublished":"2019-08-30T11:46:46+00:00","dateModified":"2026-04-05T01:51:46+00:00","mainEntityOfPage":{"@id":"https:\/\/radiolifefm.com.br\/noticias\/fiscalizacao-apreende-mais-de-400kg-de-carvao-vegetal-transportados-sem-documentacao-de-origem-em-martinopolis\/"},"wordCount":198,"publisher":{"@id":"https:\/\/radiolifefm.com.br\/noticias\/#organization"},"image":{"@id":"https:\/\/radiolifefm.com.br\/noticias\/fiscalizacao-apreende-mais-de-400kg-de-carvao-vegetal-transportados-sem-documentacao-de-origem-em-martinopolis\/#primaryimage"},"thumbnailUrl":"https:\/\/radiolifefm.com.br\/noticias\/wp-content\/uploads\/2019\/08\/Carv\u00e3o-ilegal-Martin\u00f3polis.jpg","articleSection":["Regi\u00e3o"],"inLanguage":"pt-BR"},{"@type":"WebPage","@id":"https:\/\/radiolifefm.com.br\/noticias\/fiscalizacao-apreende-mais-de-400kg-de-carvao-vegetal-transportados-sem-documentacao-de-origem-em-martinopolis\/","url":"https:\/\/radiolifefm.com.br\/noticias\/fiscalizacao-apreende-mais-de-400kg-de-carvao-vegetal-transportados-sem-documentacao-de-origem-em-martinopolis\/","name":"Fiscaliza\u00e7\u00e3o apreende mais de 400kg de carv\u00e3o vegetal transportados sem documenta\u00e7\u00e3o de origem em Martin\u00f3polis - R\u00e1dio Life FM","isPartOf":{"@id":"https:\/\/radiolifefm.com.br\/noticias\/#website"},"primaryImageOfPage":{"@id":"https:\/\/radiolifefm.com.br\/noticias\/fiscalizacao-apreende-mais-de-400kg-de-carvao-vegetal-transportados-sem-documentacao-de-origem-em-martinopolis\/#primaryimage"},"image":{"@id":"https:\/\/radiolifefm.com.br\/noticias\/fiscalizacao-apreende-mais-de-400kg-de-carvao-vegetal-transportados-sem-documentacao-de-origem-em-martinopolis\/#primaryimage"},"thumbnailUrl":"https:\/\/radiolifefm.com.br\/noticias\/wp-content\/uploads\/2019\/08\/Carv\u00e3o-ilegal-Martin\u00f3polis.jpg","datePublished":"2019-08-30T11:46:46+00:00","dateModified":"2026-04-05T01:51:46+00:00","breadcrumb":{"@id":"https:\/\/radiolifefm.com.br\/noticias\/fiscalizacao-apreende-mais-de-400kg-de-carvao-vegetal-transportados-sem-documentacao-de-origem-em-martinopolis\/#breadcrumb"},"inLanguage":"pt-BR","potentialAction":[{"@type":"ReadAction","target":["https:\/\/radiolifefm.com.br\/noticias\/fiscalizacao-apreende-mais-de-400kg-de-carvao-vegetal-transportados-sem-documentacao-de-origem-em-martinopolis\/"]}]},{"@type":"ImageObject","inLanguage":"pt-BR","@id":"https:\/\/radiolifefm.com.br\/noticias\/fiscalizacao-apreende-mais-de-400kg-de-carvao-vegetal-transportados-sem-documentacao-de-origem-em-martinopolis\/#primaryimage","url":"https:\/\/radiolifefm.com.br\/noticias\/wp-content\/uploads\/2019\/08\/Carv\u00e3o-ilegal-Martin\u00f3polis.jpg","contentUrl":"https:\/\/radiolifefm.com.br\/noticias\/wp-content\/uploads\/2019\/08\/Carv\u00e3o-ilegal-Martin\u00f3polis.jpg","width":1000,"height":918,"caption":"Carga de carv\u00e3o vegetal foi apreendida em Martin\u00f3polis \u2014 Foto: Pol\u00edcia Militar Ambiental Carga de carv\u00e3o vegetal foi apreendida em Martin\u00f3polis \u2014 Foto: Pol\u00edcia Militar Ambiental"},{"@type":"BreadcrumbList","@id":"https:\/\/radiolifefm.com.br\/noticias\/fiscalizacao-apreende-mais-de-400kg-de-carvao-vegetal-transportados-sem-documentacao-de-origem-em-martinopolis\/#breadcrumb","itemListElement":[{"@type":"ListItem","position":1,"name":"In\u00edcio","item":"https:\/\/radiolifefm.com.br\/noticias\/"},{"@type":"ListItem","position":2,"name":"Fiscaliza\u00e7\u00e3o apreende mais de 400kg de carv\u00e3o vegetal transportados sem documenta\u00e7\u00e3o de origem em Martin\u00f3polis"}]},{"@type":"WebSite","@id":"https:\/\/radiolifefm.com.br\/noticias\/#website","url":"https:\/\/radiolifefm.com.br\/noticias\/","name":"R\u00e1dio Life FM","description":"O Portal de Not\u00edcias de Adamantina","publisher":{"@id":"https:\/\/radiolifefm.com.br\/noticias\/#organization"},"alternateName":"Life FM","potentialAction":[{"@type":"SearchAction","target":{"@type":"EntryPoint","urlTemplate":"https:\/\/radiolifefm.com.br\/noticias\/?s={search_term_string}"},"query-input":{"@type":"PropertyValueSpecification","valueRequired":true,"valueName":"search_term_string"}}],"inLanguage":"pt-BR"},{"@type":"Organization","@id":"https:\/\/radiolifefm.com.br\/noticias\/#organization","name":"R\u00e1dio Life FM","alternateName":"Life FM","url":"https:\/\/radiolifefm.com.br\/noticias\/","logo":{"@type":"ImageObject","inLanguage":"pt-BR","@id":"https:\/\/radiolifefm.com.br\/noticias\/#\/schema\/logo\/image\/","url":"https:\/\/static.radiolifefm.com.br\/noticias\/wp-content\/uploads\/2019\/10\/logo-lifefm.png","contentUrl":"https:\/\/static.radiolifefm.com.br\/noticias\/wp-content\/uploads\/2019\/10\/logo-lifefm.png","width":196,"height":47,"caption":"R\u00e1dio Life FM"},"image":{"@id":"https:\/\/radiolifefm.com.br\/noticias\/#\/schema\/logo\/image\/"},"sameAs":["https:\/\/www.facebook.com\/radiolifefm\/","https:\/\/www.instagram.com\/life1079fm\/"]},{"@type":"Person","@id":"https:\/\/radiolifefm.com.br\/noticias\/#\/schema\/person\/1d4e4b1301322090c6221bf1c8420490","name":"lifefm","image":{"@type":"ImageObject","inLanguage":"pt-BR","@id":"https:\/\/secure.gravatar.com\/avatar\/eca268467d925ec97d20641bb054fd944c0abb2f92854171620706bbe6474e7c?s=96&d=mm&r=g","url":"https:\/\/secure.gravatar.com\/avatar\/eca268467d925ec97d20641bb054fd944c0abb2f92854171620706bbe6474e7c?s=96&d=mm&r=g","contentUrl":"https:\/\/secure.gravatar.com\/avatar\/eca268467d925ec97d20641bb054fd944c0abb2f92854171620706bbe6474e7c?s=96&d=mm&r=g","caption":"lifefm"}}]}},"amp_enabled":true,"_links":{"self":[{"href":"https:\/\/radiolifefm.com.br\/noticias\/wp-json\/wp\/v2\/posts\/15894","targetHints":{"allow":["GET"]}}],"collection":[{"href":"https:\/\/radiolifefm.com.br\/noticias\/wp-json\/wp\/v2\/posts"}],"about":[{"href":"https:\/\/radiolifefm.com.br\/noticias\/wp-json\/wp\/v2\/types\/post"}],"author":[{"embeddable":true,"href":"https:\/\/radiolifefm.com.br\/noticias\/wp-json\/wp\/v2\/users\/3"}],"replies":[{"embeddable":true,"href":"https:\/\/radiolifefm.com.br\/noticias\/wp-json\/wp\/v2\/comments?post=15894"}],"version-history":[{"count":1,"href":"https:\/\/radiolifefm.com.br\/noticias\/wp-json\/wp\/v2\/posts\/15894\/revisions"}],"predecessor-version":[{"id":15897,"href":"https:\/\/radiolifefm.com.br\/noticias\/wp-json\/wp\/v2\/posts\/15894\/revisions\/15897"}],"wp:featuredmedia":[{"embeddable":true,"href":"https:\/\/radiolifefm.com.br\/noticias\/wp-json\/wp\/v2\/media\/15895"}],"wp:attachment":[{"href":"https:\/\/radiolifefm.com.br\/noticias\/wp-json\/wp\/v2\/media?parent=15894"}],"wp:term":[{"taxonomy":"category","embeddable":true,"href":"https:\/\/radiolifefm.com.br\/noticias\/wp-json\/wp\/v2\/categories?post=15894"},{"taxonomy":"post_tag","embeddable":true,"href":"https:\/\/radiolifefm.com.br\/noticias\/wp-json\/wp\/v2\/tags?post=15894"}],"curies":[{"name":"wp","href":"https:\/\/api.w.org\/{rel}","templated":true}]}}