{"id":15874,"date":"2019-08-29T07:32:38","date_gmt":"2019-08-29T10:32:38","guid":{"rendered":"https:\/\/radiolifefm.com.br\/noticias\/?p=15874"},"modified":"2026-04-24T07:58:36","modified_gmt":"2026-04-24T10:58:36","slug":"um-olhar-alem-do-senso-comum-sobre-assuncion-in-recuerdos-del-paraguay-sergio-barbosa-coluna-opiniao","status":"publish","type":"post","link":"https:\/\/radiolifefm.com.br\/noticias\/um-olhar-alem-do-senso-comum-sobre-assuncion-in-recuerdos-del-paraguay-sergio-barbosa-coluna-opiniao\/","title":{"rendered":"Um olhar al\u00e9m do &#8220;senso comum&#8221; sobre Assunci\u00f3n in Recuerdos del Paraguay!!! &#8211; S\u00e9rgio Barbosa &#8211; Coluna Opini\u00e3o"},"content":{"rendered":"<div id=\"fb-root\"><\/div>\n<p><strong>Um olhar al\u00e9m do &#8220;senso comum&#8221; sobre Assunci\u00f3n in Recuerdos del Paraguay!!!<\/strong><\/p>\n<p>El r\u00edo Paraguay (en portugu\u00e9s, rio Paraguai) es uno de los principales r\u00edos de Am\u00e9rica del Sur, el principal afluente del r\u00edo Paran\u00e1 y uno de los m\u00e1s importantes de la Cuenca del Plata. Nace en Brasil, discurre brevemente por Bolivia, cruza Paraguay y, en su tramo final, sirve de l\u00edmite entre este \u00faltimo pa\u00eds y la Argentina, hasta desaguar en el r\u00edo Paran\u00e1 frente a la localidad argentina de Isla del Cerrito.<\/p>\n<p>Es la principal arteria fluvial de la regi\u00f3n, en especial, de Paraguay. Su cuenca, que tiene una superficie de 1 168 540 km\u00b2, est\u00e1 entre las 20 mayores de la Tierra.1 Tiene una longitud total de 2625 km, que lo sit\u00faan tambi\u00e9n entre los 40 r\u00edos m\u00e1s largos del mundo.Su curso alto forma en gran parte los mayores humedales de Am\u00e9rica: los Ba\u00f1ados de Otuquis y el Gran Pantanal (hasta el siglo XIX, Laguna de Xarayes), que act\u00faa como un gigantesco regulador de su caudal, y, a su vez, del caudal del r\u00edo Paran\u00e1.<\/p>\n<p>El nombre es de origen guaran\u00ed: el sufijo ay significa \u2018r\u00edo\u2019, mientras que el significado del prefijo para no est\u00e1 esclarecido; probablemente sea una mutaci\u00f3n de payagu\u00e1, nombre peyorativo con el cual los guaran\u00edesapelaban a los integrantes de una etnia pampida del Chaco y el actual Paraguay Oriental, que hacia el s. XVI habitaba en la zona de confluencia de los actualmente llamados r\u00edos Paran\u00e1 y Paraguay. Por lo tanto, el significado m\u00e1s probable ser\u00eda \u2018r\u00edo de los payagu\u00e1s\u2019. (Fonte: wikip\u00e9dia in 15\/4\/2016)<br \/>\nS\u00e9rgio Barbosa (*)<\/p>\n<p>Nos desencontros que ocorreram em terras paraguaias, especificamente na capital do pa\u00eds, ASSUNCI\u00d3N, faz-se necess\u00e1rio registrar entre os muitos fatos patrocinados pela cidade, o visual que a mesma proporciona para este ou aquele olhar&#8230;<br \/>\nAssim, n\u00e3o se pode deixar de registrar o panorama de final de tarde ou in\u00edcio da manh\u00e3 que um ou mais olhares pode trazer para uma interpreta\u00e7\u00e3o al\u00e9m do senso comum que predomina sobre o Paraguai, portanto, torna-se essencial estar em sintonia com as surpresas de ASSUNCI\u00d3N&#8230;<\/p>\n<p>Nas duas primeiras semanas na capital, estive hospedado em dois hot\u00e9is localizados na regi\u00e3o central da cidade, um dos mesmos, o tradicional &#8220;Hotel Armele&#8221;, por\u00e9m, em outro texto, pretendo, ainda, escrever sobre este hotel em especial&#8230;<\/p>\n<p>Mas, vale registrar que neste hotel, o restaurante, bem como, que era o local do caf\u00e9 matinal, est\u00e1 localizado no d\u00e9cimo andar do pr\u00e9dio, portanto, as janelas do local oferecem um panorama mais do que especial sobre a cidade em diversas dire\u00e7\u00f5es&#8230;<\/p>\n<p>Al\u00e9m das muitas observa\u00e7\u00f5es que se fazem necess\u00e1rias sobre tais aspectos, ou seja, pr\u00e9dios, casas, avenidas e ruas, pode-se presenciar o imponente &#8220;Rio Paraguai&#8221; e refor\u00e7ando a import\u00e2ncia destas \u00e1guas para o desenvolvimento do pa\u00eds&#8230;<\/p>\n<p>Entendo que \u00e9 necess\u00e1rio estar &#8220;in loco&#8221; para que o registro possa se fazer presente, ainda mais neste novo tempo novo, quando as pessoas buscam apenas estar e se esquecem de &#8220;ser&#8221;&#8230;<\/p>\n<p>Neste campo de atua\u00e7\u00e3o, ou seja, n\u00e3o se pode apenas perceber o fato neste panorama visual, faz-se necess\u00e1rio buscar respostas para que a reflex\u00e3o possa estar em conex\u00e3o com o significado daquele momento sublime para quem est\u00e1 observando e ponto quase final&#8230;<\/p>\n<p>O visual pelo olhar panor\u00e2mico sobre ASSUNCI\u00d3N est\u00e1 acima disto ou daquilo com rela\u00e7\u00e3o ao Paraguai, pois, o registro est\u00e1 no presente com conhecimento do passado em busca do futuro&#8230;<\/p>\n<p>Tamb\u00e9m, a Hist\u00f3ria \u00e9 a marca registrada do momento, tendo em vista os acontecimentos do passado, quando ASSUNCI\u00d3N serviu de palco para as atrocidades do Ex\u00e9rcito Brasileiro na denominada &#8220;Guerra do Paraguai&#8221; para os tupiniquins e &#8220;Guerra da Tr\u00edplice Alianza&#8221; para os paraguaios&#8230;<\/p>\n<p>N\u00e3o se pode ficar alheio aos fatos que est\u00e3o al\u00e9m da &#8220;Hist\u00f3ria Oficial&#8221;, por isso, deve-se estar atento ao outro lado deste mesma Hist\u00f3ria, neste caso, a pesquisa deve ser a pauta deste ou daquele olhar, considerando todas as possibilidades do registro hist\u00f3rico em tempo de p\u00f3s-globaliza\u00e7\u00e3o organizacional&#8230;<\/p>\n<p>Que tais observa\u00e7\u00f5es possam abrir novas perspectivas para uma ou mais curiosidades sobre ASSUNCI\u00d3N, afinal de contas, sempre \u00e9 tempo de aprender aquele algo mais, ainda, considerando que o cen\u00e1rio faz parte deste &#8220;nuestra latinoam\u00e9rica&#8221;&#8230;<\/p>\n<p>AVE RIO PARAGUAY!<\/p>\n<p>AVE ASSUNCI\u00d3N!<\/p>\n<p>AVE PARAGUAY!<\/p>\n<p>&nbsp;<\/p>\n<div class='flex flex-wrap items-center -mx-1'>\r\n<a class='thumbnail gallery p-1 w-1\/2 md:w-1\/4' href='https:\/\/radiolifefm.com.br\/noticias\/wp-content\/uploads\/2019\/08\/Sebar-4.jpg'><img class='border border-white' src='https:\/\/radiolifefm.com.br\/noticias\/wp-content\/uploads\/2019\/08\/Sebar-4-200x200.jpg' alt='Sebar' \/><\/a><a class='thumbnail gallery p-1 w-1\/2 md:w-1\/4' href='https:\/\/radiolifefm.com.br\/noticias\/wp-content\/uploads\/2019\/08\/Sebar-1-2.jpg'><img class='border border-white' src='https:\/\/radiolifefm.com.br\/noticias\/wp-content\/uploads\/2019\/08\/Sebar-1-2-200x200.jpg' alt='Sebar   1' \/><\/a><a class='thumbnail gallery p-1 w-1\/2 md:w-1\/4' href='https:\/\/radiolifefm.com.br\/noticias\/wp-content\/uploads\/2019\/08\/Sebar-3-1.jpg'><img class='border border-white' src='https:\/\/radiolifefm.com.br\/noticias\/wp-content\/uploads\/2019\/08\/Sebar-3-1-200x200.jpg' alt='Sebar   3' \/><\/a><a class='thumbnail gallery p-1 w-1\/2 md:w-1\/4' href='https:\/\/radiolifefm.com.br\/noticias\/wp-content\/uploads\/2019\/08\/Sebar-4-1.jpg'><img class='border border-white' src='https:\/\/radiolifefm.com.br\/noticias\/wp-content\/uploads\/2019\/08\/Sebar-4-1-200x200.jpg' alt='Sebar   4' \/><\/a><\/div>\n<p>___________________________<br \/>\n(*) Jornalista Diplomado.<\/p>\n","protected":false},"excerpt":{"rendered":"<p>Um olhar al\u00e9m do &#8220;senso comum&#8221; sobre Assunci\u00f3n in Recuerdos del Paraguay!!! El r\u00edo Paraguay (en portugu\u00e9s, rio Paraguai) es uno de los principales r\u00edos de Am\u00e9rica del Sur, el principal afluente del r\u00edo Paran\u00e1 y uno de los m\u00e1s importantes de la Cuenca del Plata. Nace en Brasil, discurre brevemente por Bolivia, cruza Paraguay [&hellip;]<\/p>\n","protected":false},"author":3,"featured_media":15879,"comment_status":"closed","ping_status":"open","sticky":false,"template":"","format":"standard","meta":{"_acf_changed":false,"_exactmetrics_skip_tracking":false,"_exactmetrics_sitenote_active":false,"_exactmetrics_sitenote_note":"","_exactmetrics_sitenote_category":0,"footnotes":""},"categories":[59],"tags":[],"class_list":["post-15874","post","type-post","status-publish","format-standard","has-post-thumbnail","hentry","category-opiniao"],"acf":[],"yoast_head":"<!-- This site is optimized with the Yoast SEO plugin v27.2 - https:\/\/yoast.com\/product\/yoast-seo-wordpress\/ -->\n<title>Um olhar al\u00e9m do &quot;senso comum&quot; sobre Assunci\u00f3n in Recuerdos del Paraguay!!! - S\u00e9rgio Barbosa - Coluna Opini\u00e3o - R\u00e1dio Life FM<\/title>\n<meta name=\"robots\" content=\"index, follow, max-snippet:-1, max-image-preview:large, max-video-preview:-1\" \/>\n<link rel=\"canonical\" href=\"https:\/\/radiolifefm.com.br\/noticias\/um-olhar-alem-do-senso-comum-sobre-assuncion-in-recuerdos-del-paraguay-sergio-barbosa-coluna-opiniao\/\" \/>\n<meta property=\"og:locale\" content=\"pt_BR\" \/>\n<meta property=\"og:type\" content=\"article\" \/>\n<meta property=\"og:title\" content=\"Um olhar al\u00e9m do &quot;senso comum&quot; sobre Assunci\u00f3n in Recuerdos del Paraguay!!! - S\u00e9rgio Barbosa - Coluna Opini\u00e3o - R\u00e1dio Life FM\" \/>\n<meta property=\"og:description\" content=\"Um olhar al\u00e9m do &#8220;senso comum&#8221; sobre Assunci\u00f3n in Recuerdos del Paraguay!!! El r\u00edo Paraguay (en portugu\u00e9s, rio Paraguai) es uno de los principales r\u00edos de Am\u00e9rica del Sur, el principal afluente del r\u00edo Paran\u00e1 y uno de los m\u00e1s importantes de la Cuenca del Plata. Nace en Brasil, discurre brevemente por Bolivia, cruza Paraguay [&hellip;]\" \/>\n<meta property=\"og:url\" content=\"https:\/\/radiolifefm.com.br\/noticias\/um-olhar-alem-do-senso-comum-sobre-assuncion-in-recuerdos-del-paraguay-sergio-barbosa-coluna-opiniao\/\" \/>\n<meta property=\"og:site_name\" content=\"R\u00e1dio Life FM\" \/>\n<meta property=\"article:publisher\" content=\"https:\/\/www.facebook.com\/radiolifefm\/\" \/>\n<meta property=\"article:published_time\" content=\"2019-08-29T10:32:38+00:00\" \/>\n<meta property=\"article:modified_time\" content=\"2026-04-24T10:58:36+00:00\" \/>\n<meta property=\"og:image\" content=\"https:\/\/radiolifefm.com.br\/noticias\/wp-content\/uploads\/2019\/08\/Sebar-4-1.jpg\" \/>\n\t<meta property=\"og:image:width\" content=\"640\" \/>\n\t<meta property=\"og:image:height\" content=\"480\" \/>\n\t<meta property=\"og:image:type\" content=\"image\/jpeg\" \/>\n<meta name=\"author\" content=\"lifefm\" \/>\n<meta name=\"twitter:card\" content=\"summary_large_image\" \/>\n<meta name=\"twitter:label1\" content=\"Escrito por\" \/>\n\t<meta name=\"twitter:data1\" content=\"lifefm\" \/>\n\t<meta name=\"twitter:label2\" content=\"Est. tempo de leitura\" \/>\n\t<meta name=\"twitter:data2\" content=\"4 minutos\" \/>\n<script type=\"application\/ld+json\" class=\"yoast-schema-graph\">{\"@context\":\"https:\/\/schema.org\",\"@graph\":[{\"@type\":\"Article\",\"@id\":\"https:\/\/radiolifefm.com.br\/noticias\/um-olhar-alem-do-senso-comum-sobre-assuncion-in-recuerdos-del-paraguay-sergio-barbosa-coluna-opiniao\/#article\",\"isPartOf\":{\"@id\":\"https:\/\/radiolifefm.com.br\/noticias\/um-olhar-alem-do-senso-comum-sobre-assuncion-in-recuerdos-del-paraguay-sergio-barbosa-coluna-opiniao\/\"},\"author\":{\"name\":\"lifefm\",\"@id\":\"https:\/\/radiolifefm.com.br\/noticias\/#\/schema\/person\/1d4e4b1301322090c6221bf1c8420490\"},\"headline\":\"Um olhar al\u00e9m do &#8220;senso comum&#8221; sobre Assunci\u00f3n in Recuerdos del Paraguay!!! &#8211; S\u00e9rgio Barbosa &#8211; Coluna Opini\u00e3o\",\"datePublished\":\"2019-08-29T10:32:38+00:00\",\"dateModified\":\"2026-04-24T10:58:36+00:00\",\"mainEntityOfPage\":{\"@id\":\"https:\/\/radiolifefm.com.br\/noticias\/um-olhar-alem-do-senso-comum-sobre-assuncion-in-recuerdos-del-paraguay-sergio-barbosa-coluna-opiniao\/\"},\"wordCount\":791,\"publisher\":{\"@id\":\"https:\/\/radiolifefm.com.br\/noticias\/#organization\"},\"image\":{\"@id\":\"https:\/\/radiolifefm.com.br\/noticias\/um-olhar-alem-do-senso-comum-sobre-assuncion-in-recuerdos-del-paraguay-sergio-barbosa-coluna-opiniao\/#primaryimage\"},\"thumbnailUrl\":\"https:\/\/radiolifefm.com.br\/noticias\/wp-content\/uploads\/2019\/08\/Sebar-4-1.jpg\",\"articleSection\":[\"Opini\u00e3o\"],\"inLanguage\":\"pt-BR\"},{\"@type\":\"WebPage\",\"@id\":\"https:\/\/radiolifefm.com.br\/noticias\/um-olhar-alem-do-senso-comum-sobre-assuncion-in-recuerdos-del-paraguay-sergio-barbosa-coluna-opiniao\/\",\"url\":\"https:\/\/radiolifefm.com.br\/noticias\/um-olhar-alem-do-senso-comum-sobre-assuncion-in-recuerdos-del-paraguay-sergio-barbosa-coluna-opiniao\/\",\"name\":\"Um olhar al\u00e9m do \\\"senso comum\\\" sobre Assunci\u00f3n in Recuerdos del Paraguay!!! - S\u00e9rgio Barbosa - Coluna Opini\u00e3o - R\u00e1dio Life FM\",\"isPartOf\":{\"@id\":\"https:\/\/radiolifefm.com.br\/noticias\/#website\"},\"primaryImageOfPage\":{\"@id\":\"https:\/\/radiolifefm.com.br\/noticias\/um-olhar-alem-do-senso-comum-sobre-assuncion-in-recuerdos-del-paraguay-sergio-barbosa-coluna-opiniao\/#primaryimage\"},\"image\":{\"@id\":\"https:\/\/radiolifefm.com.br\/noticias\/um-olhar-alem-do-senso-comum-sobre-assuncion-in-recuerdos-del-paraguay-sergio-barbosa-coluna-opiniao\/#primaryimage\"},\"thumbnailUrl\":\"https:\/\/radiolifefm.com.br\/noticias\/wp-content\/uploads\/2019\/08\/Sebar-4-1.jpg\",\"datePublished\":\"2019-08-29T10:32:38+00:00\",\"dateModified\":\"2026-04-24T10:58:36+00:00\",\"breadcrumb\":{\"@id\":\"https:\/\/radiolifefm.com.br\/noticias\/um-olhar-alem-do-senso-comum-sobre-assuncion-in-recuerdos-del-paraguay-sergio-barbosa-coluna-opiniao\/#breadcrumb\"},\"inLanguage\":\"pt-BR\",\"potentialAction\":[{\"@type\":\"ReadAction\",\"target\":[\"https:\/\/radiolifefm.com.br\/noticias\/um-olhar-alem-do-senso-comum-sobre-assuncion-in-recuerdos-del-paraguay-sergio-barbosa-coluna-opiniao\/\"]}]},{\"@type\":\"ImageObject\",\"inLanguage\":\"pt-BR\",\"@id\":\"https:\/\/radiolifefm.com.br\/noticias\/um-olhar-alem-do-senso-comum-sobre-assuncion-in-recuerdos-del-paraguay-sergio-barbosa-coluna-opiniao\/#primaryimage\",\"url\":\"https:\/\/radiolifefm.com.br\/noticias\/wp-content\/uploads\/2019\/08\/Sebar-4-1.jpg\",\"contentUrl\":\"https:\/\/radiolifefm.com.br\/noticias\/wp-content\/uploads\/2019\/08\/Sebar-4-1.jpg\",\"width\":640,\"height\":480},{\"@type\":\"BreadcrumbList\",\"@id\":\"https:\/\/radiolifefm.com.br\/noticias\/um-olhar-alem-do-senso-comum-sobre-assuncion-in-recuerdos-del-paraguay-sergio-barbosa-coluna-opiniao\/#breadcrumb\",\"itemListElement\":[{\"@type\":\"ListItem\",\"position\":1,\"name\":\"In\u00edcio\",\"item\":\"https:\/\/radiolifefm.com.br\/noticias\/\"},{\"@type\":\"ListItem\",\"position\":2,\"name\":\"Um olhar al\u00e9m do &#8220;senso comum&#8221; sobre Assunci\u00f3n in Recuerdos del Paraguay!!! &#8211; S\u00e9rgio Barbosa &#8211; Coluna Opini\u00e3o\"}]},{\"@type\":\"WebSite\",\"@id\":\"https:\/\/radiolifefm.com.br\/noticias\/#website\",\"url\":\"https:\/\/radiolifefm.com.br\/noticias\/\",\"name\":\"R\u00e1dio Life FM\",\"description\":\"O Portal de Not\u00edcias de Adamantina\",\"publisher\":{\"@id\":\"https:\/\/radiolifefm.com.br\/noticias\/#organization\"},\"alternateName\":\"Life FM\",\"potentialAction\":[{\"@type\":\"SearchAction\",\"target\":{\"@type\":\"EntryPoint\",\"urlTemplate\":\"https:\/\/radiolifefm.com.br\/noticias\/?s={search_term_string}\"},\"query-input\":{\"@type\":\"PropertyValueSpecification\",\"valueRequired\":true,\"valueName\":\"search_term_string\"}}],\"inLanguage\":\"pt-BR\"},{\"@type\":\"Organization\",\"@id\":\"https:\/\/radiolifefm.com.br\/noticias\/#organization\",\"name\":\"R\u00e1dio Life FM\",\"alternateName\":\"Life FM\",\"url\":\"https:\/\/radiolifefm.com.br\/noticias\/\",\"logo\":{\"@type\":\"ImageObject\",\"inLanguage\":\"pt-BR\",\"@id\":\"https:\/\/radiolifefm.com.br\/noticias\/#\/schema\/logo\/image\/\",\"url\":\"https:\/\/static.radiolifefm.com.br\/noticias\/wp-content\/uploads\/2019\/10\/logo-lifefm.png\",\"contentUrl\":\"https:\/\/static.radiolifefm.com.br\/noticias\/wp-content\/uploads\/2019\/10\/logo-lifefm.png\",\"width\":196,\"height\":47,\"caption\":\"R\u00e1dio Life FM\"},\"image\":{\"@id\":\"https:\/\/radiolifefm.com.br\/noticias\/#\/schema\/logo\/image\/\"},\"sameAs\":[\"https:\/\/www.facebook.com\/radiolifefm\/\",\"https:\/\/www.instagram.com\/life1079fm\/\"]},{\"@type\":\"Person\",\"@id\":\"https:\/\/radiolifefm.com.br\/noticias\/#\/schema\/person\/1d4e4b1301322090c6221bf1c8420490\",\"name\":\"lifefm\",\"image\":{\"@type\":\"ImageObject\",\"inLanguage\":\"pt-BR\",\"@id\":\"https:\/\/secure.gravatar.com\/avatar\/eca268467d925ec97d20641bb054fd944c0abb2f92854171620706bbe6474e7c?s=96&d=mm&r=g\",\"url\":\"https:\/\/secure.gravatar.com\/avatar\/eca268467d925ec97d20641bb054fd944c0abb2f92854171620706bbe6474e7c?s=96&d=mm&r=g\",\"contentUrl\":\"https:\/\/secure.gravatar.com\/avatar\/eca268467d925ec97d20641bb054fd944c0abb2f92854171620706bbe6474e7c?s=96&d=mm&r=g\",\"caption\":\"lifefm\"}}]}<\/script>\n<!-- \/ Yoast SEO plugin. -->","yoast_head_json":{"title":"Um olhar al\u00e9m do \"senso comum\" sobre Assunci\u00f3n in Recuerdos del Paraguay!!! - S\u00e9rgio Barbosa - Coluna Opini\u00e3o - R\u00e1dio Life FM","robots":{"index":"index","follow":"follow","max-snippet":"max-snippet:-1","max-image-preview":"max-image-preview:large","max-video-preview":"max-video-preview:-1"},"canonical":"https:\/\/radiolifefm.com.br\/noticias\/um-olhar-alem-do-senso-comum-sobre-assuncion-in-recuerdos-del-paraguay-sergio-barbosa-coluna-opiniao\/","og_locale":"pt_BR","og_type":"article","og_title":"Um olhar al\u00e9m do \"senso comum\" sobre Assunci\u00f3n in Recuerdos del Paraguay!!! - S\u00e9rgio Barbosa - Coluna Opini\u00e3o - R\u00e1dio Life FM","og_description":"Um olhar al\u00e9m do &#8220;senso comum&#8221; sobre Assunci\u00f3n in Recuerdos del Paraguay!!! El r\u00edo Paraguay (en portugu\u00e9s, rio Paraguai) es uno de los principales r\u00edos de Am\u00e9rica del Sur, el principal afluente del r\u00edo Paran\u00e1 y uno de los m\u00e1s importantes de la Cuenca del Plata. Nace en Brasil, discurre brevemente por Bolivia, cruza Paraguay [&hellip;]","og_url":"https:\/\/radiolifefm.com.br\/noticias\/um-olhar-alem-do-senso-comum-sobre-assuncion-in-recuerdos-del-paraguay-sergio-barbosa-coluna-opiniao\/","og_site_name":"R\u00e1dio Life FM","article_publisher":"https:\/\/www.facebook.com\/radiolifefm\/","article_published_time":"2019-08-29T10:32:38+00:00","article_modified_time":"2026-04-24T10:58:36+00:00","og_image":[{"width":640,"height":480,"url":"https:\/\/radiolifefm.com.br\/noticias\/wp-content\/uploads\/2019\/08\/Sebar-4-1.jpg","type":"image\/jpeg"}],"author":"lifefm","twitter_card":"summary_large_image","twitter_misc":{"Escrito por":"lifefm","Est. tempo de leitura":"4 minutos"},"schema":{"@context":"https:\/\/schema.org","@graph":[{"@type":"Article","@id":"https:\/\/radiolifefm.com.br\/noticias\/um-olhar-alem-do-senso-comum-sobre-assuncion-in-recuerdos-del-paraguay-sergio-barbosa-coluna-opiniao\/#article","isPartOf":{"@id":"https:\/\/radiolifefm.com.br\/noticias\/um-olhar-alem-do-senso-comum-sobre-assuncion-in-recuerdos-del-paraguay-sergio-barbosa-coluna-opiniao\/"},"author":{"name":"lifefm","@id":"https:\/\/radiolifefm.com.br\/noticias\/#\/schema\/person\/1d4e4b1301322090c6221bf1c8420490"},"headline":"Um olhar al\u00e9m do &#8220;senso comum&#8221; sobre Assunci\u00f3n in Recuerdos del Paraguay!!! &#8211; S\u00e9rgio Barbosa &#8211; Coluna Opini\u00e3o","datePublished":"2019-08-29T10:32:38+00:00","dateModified":"2026-04-24T10:58:36+00:00","mainEntityOfPage":{"@id":"https:\/\/radiolifefm.com.br\/noticias\/um-olhar-alem-do-senso-comum-sobre-assuncion-in-recuerdos-del-paraguay-sergio-barbosa-coluna-opiniao\/"},"wordCount":791,"publisher":{"@id":"https:\/\/radiolifefm.com.br\/noticias\/#organization"},"image":{"@id":"https:\/\/radiolifefm.com.br\/noticias\/um-olhar-alem-do-senso-comum-sobre-assuncion-in-recuerdos-del-paraguay-sergio-barbosa-coluna-opiniao\/#primaryimage"},"thumbnailUrl":"https:\/\/radiolifefm.com.br\/noticias\/wp-content\/uploads\/2019\/08\/Sebar-4-1.jpg","articleSection":["Opini\u00e3o"],"inLanguage":"pt-BR"},{"@type":"WebPage","@id":"https:\/\/radiolifefm.com.br\/noticias\/um-olhar-alem-do-senso-comum-sobre-assuncion-in-recuerdos-del-paraguay-sergio-barbosa-coluna-opiniao\/","url":"https:\/\/radiolifefm.com.br\/noticias\/um-olhar-alem-do-senso-comum-sobre-assuncion-in-recuerdos-del-paraguay-sergio-barbosa-coluna-opiniao\/","name":"Um olhar al\u00e9m do \"senso comum\" sobre Assunci\u00f3n in Recuerdos del Paraguay!!! - S\u00e9rgio Barbosa - Coluna Opini\u00e3o - R\u00e1dio Life FM","isPartOf":{"@id":"https:\/\/radiolifefm.com.br\/noticias\/#website"},"primaryImageOfPage":{"@id":"https:\/\/radiolifefm.com.br\/noticias\/um-olhar-alem-do-senso-comum-sobre-assuncion-in-recuerdos-del-paraguay-sergio-barbosa-coluna-opiniao\/#primaryimage"},"image":{"@id":"https:\/\/radiolifefm.com.br\/noticias\/um-olhar-alem-do-senso-comum-sobre-assuncion-in-recuerdos-del-paraguay-sergio-barbosa-coluna-opiniao\/#primaryimage"},"thumbnailUrl":"https:\/\/radiolifefm.com.br\/noticias\/wp-content\/uploads\/2019\/08\/Sebar-4-1.jpg","datePublished":"2019-08-29T10:32:38+00:00","dateModified":"2026-04-24T10:58:36+00:00","breadcrumb":{"@id":"https:\/\/radiolifefm.com.br\/noticias\/um-olhar-alem-do-senso-comum-sobre-assuncion-in-recuerdos-del-paraguay-sergio-barbosa-coluna-opiniao\/#breadcrumb"},"inLanguage":"pt-BR","potentialAction":[{"@type":"ReadAction","target":["https:\/\/radiolifefm.com.br\/noticias\/um-olhar-alem-do-senso-comum-sobre-assuncion-in-recuerdos-del-paraguay-sergio-barbosa-coluna-opiniao\/"]}]},{"@type":"ImageObject","inLanguage":"pt-BR","@id":"https:\/\/radiolifefm.com.br\/noticias\/um-olhar-alem-do-senso-comum-sobre-assuncion-in-recuerdos-del-paraguay-sergio-barbosa-coluna-opiniao\/#primaryimage","url":"https:\/\/radiolifefm.com.br\/noticias\/wp-content\/uploads\/2019\/08\/Sebar-4-1.jpg","contentUrl":"https:\/\/radiolifefm.com.br\/noticias\/wp-content\/uploads\/2019\/08\/Sebar-4-1.jpg","width":640,"height":480},{"@type":"BreadcrumbList","@id":"https:\/\/radiolifefm.com.br\/noticias\/um-olhar-alem-do-senso-comum-sobre-assuncion-in-recuerdos-del-paraguay-sergio-barbosa-coluna-opiniao\/#breadcrumb","itemListElement":[{"@type":"ListItem","position":1,"name":"In\u00edcio","item":"https:\/\/radiolifefm.com.br\/noticias\/"},{"@type":"ListItem","position":2,"name":"Um olhar al\u00e9m do &#8220;senso comum&#8221; sobre Assunci\u00f3n in Recuerdos del Paraguay!!! &#8211; S\u00e9rgio Barbosa &#8211; Coluna Opini\u00e3o"}]},{"@type":"WebSite","@id":"https:\/\/radiolifefm.com.br\/noticias\/#website","url":"https:\/\/radiolifefm.com.br\/noticias\/","name":"R\u00e1dio Life FM","description":"O Portal de Not\u00edcias de Adamantina","publisher":{"@id":"https:\/\/radiolifefm.com.br\/noticias\/#organization"},"alternateName":"Life FM","potentialAction":[{"@type":"SearchAction","target":{"@type":"EntryPoint","urlTemplate":"https:\/\/radiolifefm.com.br\/noticias\/?s={search_term_string}"},"query-input":{"@type":"PropertyValueSpecification","valueRequired":true,"valueName":"search_term_string"}}],"inLanguage":"pt-BR"},{"@type":"Organization","@id":"https:\/\/radiolifefm.com.br\/noticias\/#organization","name":"R\u00e1dio Life FM","alternateName":"Life FM","url":"https:\/\/radiolifefm.com.br\/noticias\/","logo":{"@type":"ImageObject","inLanguage":"pt-BR","@id":"https:\/\/radiolifefm.com.br\/noticias\/#\/schema\/logo\/image\/","url":"https:\/\/static.radiolifefm.com.br\/noticias\/wp-content\/uploads\/2019\/10\/logo-lifefm.png","contentUrl":"https:\/\/static.radiolifefm.com.br\/noticias\/wp-content\/uploads\/2019\/10\/logo-lifefm.png","width":196,"height":47,"caption":"R\u00e1dio Life FM"},"image":{"@id":"https:\/\/radiolifefm.com.br\/noticias\/#\/schema\/logo\/image\/"},"sameAs":["https:\/\/www.facebook.com\/radiolifefm\/","https:\/\/www.instagram.com\/life1079fm\/"]},{"@type":"Person","@id":"https:\/\/radiolifefm.com.br\/noticias\/#\/schema\/person\/1d4e4b1301322090c6221bf1c8420490","name":"lifefm","image":{"@type":"ImageObject","inLanguage":"pt-BR","@id":"https:\/\/secure.gravatar.com\/avatar\/eca268467d925ec97d20641bb054fd944c0abb2f92854171620706bbe6474e7c?s=96&d=mm&r=g","url":"https:\/\/secure.gravatar.com\/avatar\/eca268467d925ec97d20641bb054fd944c0abb2f92854171620706bbe6474e7c?s=96&d=mm&r=g","contentUrl":"https:\/\/secure.gravatar.com\/avatar\/eca268467d925ec97d20641bb054fd944c0abb2f92854171620706bbe6474e7c?s=96&d=mm&r=g","caption":"lifefm"}}]}},"amp_enabled":true,"_links":{"self":[{"href":"https:\/\/radiolifefm.com.br\/noticias\/wp-json\/wp\/v2\/posts\/15874","targetHints":{"allow":["GET"]}}],"collection":[{"href":"https:\/\/radiolifefm.com.br\/noticias\/wp-json\/wp\/v2\/posts"}],"about":[{"href":"https:\/\/radiolifefm.com.br\/noticias\/wp-json\/wp\/v2\/types\/post"}],"author":[{"embeddable":true,"href":"https:\/\/radiolifefm.com.br\/noticias\/wp-json\/wp\/v2\/users\/3"}],"replies":[{"embeddable":true,"href":"https:\/\/radiolifefm.com.br\/noticias\/wp-json\/wp\/v2\/comments?post=15874"}],"version-history":[{"count":1,"href":"https:\/\/radiolifefm.com.br\/noticias\/wp-json\/wp\/v2\/posts\/15874\/revisions"}],"predecessor-version":[{"id":15880,"href":"https:\/\/radiolifefm.com.br\/noticias\/wp-json\/wp\/v2\/posts\/15874\/revisions\/15880"}],"wp:featuredmedia":[{"embeddable":true,"href":"https:\/\/radiolifefm.com.br\/noticias\/wp-json\/wp\/v2\/media\/15879"}],"wp:attachment":[{"href":"https:\/\/radiolifefm.com.br\/noticias\/wp-json\/wp\/v2\/media?parent=15874"}],"wp:term":[{"taxonomy":"category","embeddable":true,"href":"https:\/\/radiolifefm.com.br\/noticias\/wp-json\/wp\/v2\/categories?post=15874"},{"taxonomy":"post_tag","embeddable":true,"href":"https:\/\/radiolifefm.com.br\/noticias\/wp-json\/wp\/v2\/tags?post=15874"}],"curies":[{"name":"wp","href":"https:\/\/api.w.org\/{rel}","templated":true}]}}