{"id":15815,"date":"2019-08-27T16:09:11","date_gmt":"2019-08-27T19:09:11","guid":{"rendered":"https:\/\/radiolifefm.com.br\/noticias\/?p=15815"},"modified":"2026-05-01T04:58:41","modified_gmt":"2026-05-01T07:58:41","slug":"homem-pula-na-frente-de-caminhao-e-provoca-tombamento-na-rodovia-assis-chateaubriand","status":"publish","type":"post","link":"https:\/\/radiolifefm.com.br\/noticias\/homem-pula-na-frente-de-caminhao-e-provoca-tombamento-na-rodovia-assis-chateaubriand\/","title":{"rendered":"Homem pula na frente de caminh\u00e3o e provoca tombamento na Rodovia Assis Chateaubriand"},"content":{"rendered":"<div id=\"fb-root\"><\/div>\n<p><em>Ve\u00edculo transportava carga de ra\u00e7\u00e3o para animais quando houve o acidente na manh\u00e3 desta ter\u00e7a-feira (27), em Martin\u00f3polis<\/em><\/p>\n<p>Um caminh\u00e3o carregado com ra\u00e7\u00e3o para animais tombou na Rodovia Assis Chateaubriand (SP-425), em Martin\u00f3polis, na manh\u00e3 desta ter\u00e7a-feira (27). O motorista disse que o acidente ocorreu ap\u00f3s um homem desconhecido pular no para-brisa do ve\u00edculo em pleno tr\u00e2nsito.<\/p>\n<p>O condutor relatou que faria uma entrega em Presidente Bernardes (SP) e, segundo ele, por volta das 7h, no km 424 \u2013 no sentido de Presidente Prudente, percebeu que havia uma picape estacionada no meio da pista.<\/p>\n<p>Para n\u00e3o bater, o motorista reduziu a velocidade e desviou o caminh\u00e3o em dire\u00e7\u00e3o ao acostamento. Neste momento, um rapaz, sem camisa, pulou no para-brisa do caminh\u00e3o e come\u00e7ou a desferir socos no vidro.<\/p>\n<p>O motorista, ent\u00e3o, continuou a reduzir a velocidade com medo de o desconhecido cair e acabar embaixo do ve\u00edculo.<\/p>\n<p>Enquanto isso, o indiv\u00edduo seguiu para a lateral do caminh\u00e3o e come\u00e7ou a tentar abrir a porta da cabine. Contudo, o peso da carga pendeu e o ve\u00edculo tombou no acostamento.<\/p>\n<p>O caminh\u00e3o, com placas de Ara\u00e7atuba (SP), estava carregado com ra\u00e7\u00e3o para animais.<\/p>\n<p>Ainda n\u00e3o se sabe o paradeiro do indiv\u00edduo, se ele pulou e fugiu, ou se acabou atingido e prensado pelo caminh\u00e3o.<\/p>\n<p>Dentro da picape, com placas de Uberaba (MG), a Pol\u00edcia Rodovi\u00e1ria localizou gal\u00f5es com veneno e adubo, bem como dois cigarros de maconha.<\/p>\n<p>Equipes dirigiram-se ao local do acidente para fazer o transbordo da carga tombada e, posteriormente, desvirar o caminh\u00e3o.<\/p>\n<p>Segundo a Pol\u00edcia Militar Rodovi\u00e1ria, o mesmo homem, antes de provocar o tombamento do ve\u00edculo com carga de ra\u00e7\u00e3o, chegou a atirar uma pedra no para-brisa de outro caminh\u00e3o, cujo condutor conseguiu escapar da abordagem e seguir viagem.<\/p>\n<div class='flex flex-wrap items-center -mx-1'>\r\n<a class='thumbnail gallery p-1 w-1\/2 md:w-1\/4' href='https:\/\/radiolifefm.com.br\/noticias\/wp-content\/uploads\/2019\/08\/Caminh\u00e3o-ra\u00e7\u00e3o.jpeg'><img class='border border-white' src='https:\/\/radiolifefm.com.br\/noticias\/wp-content\/uploads\/2019\/08\/Caminh\u00e3o-ra\u00e7\u00e3o-200x200.jpeg' alt='Caminh\u00e3o Ra\u00e7\u00e3o' \/><\/a><\/div>\n<p>(FONTE: G1 Presidente Prudente)<\/p>\n","protected":false},"excerpt":{"rendered":"<p>Ve\u00edculo transportava carga de ra\u00e7\u00e3o para animais quando houve o acidente na manh\u00e3 desta ter\u00e7a-feira (27), em Martin\u00f3polis Um caminh\u00e3o carregado com ra\u00e7\u00e3o para animais tombou na Rodovia Assis Chateaubriand (SP-425), em Martin\u00f3polis, na manh\u00e3 desta ter\u00e7a-feira (27). O motorista disse que o acidente ocorreu ap\u00f3s um homem desconhecido pular no para-brisa do ve\u00edculo em [&hellip;]<\/p>\n","protected":false},"author":3,"featured_media":15817,"comment_status":"closed","ping_status":"open","sticky":false,"template":"","format":"standard","meta":{"_acf_changed":false,"_exactmetrics_skip_tracking":false,"_exactmetrics_sitenote_active":false,"_exactmetrics_sitenote_note":"","_exactmetrics_sitenote_category":0,"footnotes":""},"categories":[24],"tags":[],"class_list":["post-15815","post","type-post","status-publish","format-standard","has-post-thumbnail","hentry","category-regiao"],"acf":[],"yoast_head":"<!-- This site is optimized with the Yoast SEO plugin v27.2 - https:\/\/yoast.com\/product\/yoast-seo-wordpress\/ -->\n<title>Homem pula na frente de caminh\u00e3o e provoca tombamento na Rodovia Assis Chateaubriand - R\u00e1dio Life FM<\/title>\n<meta name=\"robots\" content=\"index, follow, max-snippet:-1, max-image-preview:large, max-video-preview:-1\" \/>\n<link rel=\"canonical\" href=\"https:\/\/radiolifefm.com.br\/noticias\/homem-pula-na-frente-de-caminhao-e-provoca-tombamento-na-rodovia-assis-chateaubriand\/\" \/>\n<meta property=\"og:locale\" content=\"pt_BR\" \/>\n<meta property=\"og:type\" content=\"article\" \/>\n<meta property=\"og:title\" content=\"Homem pula na frente de caminh\u00e3o e provoca tombamento na Rodovia Assis Chateaubriand - R\u00e1dio Life FM\" \/>\n<meta property=\"og:description\" content=\"Ve\u00edculo transportava carga de ra\u00e7\u00e3o para animais quando houve o acidente na manh\u00e3 desta ter\u00e7a-feira (27), em Martin\u00f3polis Um caminh\u00e3o carregado com ra\u00e7\u00e3o para animais tombou na Rodovia Assis Chateaubriand (SP-425), em Martin\u00f3polis, na manh\u00e3 desta ter\u00e7a-feira (27). O motorista disse que o acidente ocorreu ap\u00f3s um homem desconhecido pular no para-brisa do ve\u00edculo em [&hellip;]\" \/>\n<meta property=\"og:url\" content=\"https:\/\/radiolifefm.com.br\/noticias\/homem-pula-na-frente-de-caminhao-e-provoca-tombamento-na-rodovia-assis-chateaubriand\/\" \/>\n<meta property=\"og:site_name\" content=\"R\u00e1dio Life FM\" \/>\n<meta property=\"article:publisher\" content=\"https:\/\/www.facebook.com\/radiolifefm\/\" \/>\n<meta property=\"article:published_time\" content=\"2019-08-27T19:09:11+00:00\" \/>\n<meta property=\"article:modified_time\" content=\"2026-05-01T07:58:41+00:00\" \/>\n<meta property=\"og:image\" content=\"https:\/\/radiolifefm.com.br\/noticias\/wp-content\/uploads\/2019\/08\/Caminh\u00e3o-ra\u00e7\u00e3o-1.jpeg\" \/>\n\t<meta property=\"og:image:width\" content=\"870\" \/>\n\t<meta property=\"og:image:height\" content=\"522\" \/>\n\t<meta property=\"og:image:type\" content=\"image\/jpeg\" \/>\n<meta name=\"author\" content=\"lifefm\" \/>\n<meta name=\"twitter:card\" content=\"summary_large_image\" \/>\n<meta name=\"twitter:label1\" content=\"Escrito por\" \/>\n\t<meta name=\"twitter:data1\" content=\"lifefm\" \/>\n\t<meta name=\"twitter:label2\" content=\"Est. tempo de leitura\" \/>\n\t<meta name=\"twitter:data2\" content=\"2 minutos\" \/>\n<script type=\"application\/ld+json\" class=\"yoast-schema-graph\">{\"@context\":\"https:\/\/schema.org\",\"@graph\":[{\"@type\":\"Article\",\"@id\":\"https:\/\/radiolifefm.com.br\/noticias\/homem-pula-na-frente-de-caminhao-e-provoca-tombamento-na-rodovia-assis-chateaubriand\/#article\",\"isPartOf\":{\"@id\":\"https:\/\/radiolifefm.com.br\/noticias\/homem-pula-na-frente-de-caminhao-e-provoca-tombamento-na-rodovia-assis-chateaubriand\/\"},\"author\":{\"name\":\"lifefm\",\"@id\":\"https:\/\/radiolifefm.com.br\/noticias\/#\/schema\/person\/1d4e4b1301322090c6221bf1c8420490\"},\"headline\":\"Homem pula na frente de caminh\u00e3o e provoca tombamento na Rodovia Assis Chateaubriand\",\"datePublished\":\"2019-08-27T19:09:11+00:00\",\"dateModified\":\"2026-05-01T07:58:41+00:00\",\"mainEntityOfPage\":{\"@id\":\"https:\/\/radiolifefm.com.br\/noticias\/homem-pula-na-frente-de-caminhao-e-provoca-tombamento-na-rodovia-assis-chateaubriand\/\"},\"wordCount\":344,\"publisher\":{\"@id\":\"https:\/\/radiolifefm.com.br\/noticias\/#organization\"},\"image\":{\"@id\":\"https:\/\/radiolifefm.com.br\/noticias\/homem-pula-na-frente-de-caminhao-e-provoca-tombamento-na-rodovia-assis-chateaubriand\/#primaryimage\"},\"thumbnailUrl\":\"https:\/\/radiolifefm.com.br\/noticias\/wp-content\/uploads\/2019\/08\/Caminh\u00e3o-ra\u00e7\u00e3o-1.jpeg\",\"articleSection\":[\"Regi\u00e3o\"],\"inLanguage\":\"pt-BR\"},{\"@type\":\"WebPage\",\"@id\":\"https:\/\/radiolifefm.com.br\/noticias\/homem-pula-na-frente-de-caminhao-e-provoca-tombamento-na-rodovia-assis-chateaubriand\/\",\"url\":\"https:\/\/radiolifefm.com.br\/noticias\/homem-pula-na-frente-de-caminhao-e-provoca-tombamento-na-rodovia-assis-chateaubriand\/\",\"name\":\"Homem pula na frente de caminh\u00e3o e provoca tombamento na Rodovia Assis Chateaubriand - R\u00e1dio Life FM\",\"isPartOf\":{\"@id\":\"https:\/\/radiolifefm.com.br\/noticias\/#website\"},\"primaryImageOfPage\":{\"@id\":\"https:\/\/radiolifefm.com.br\/noticias\/homem-pula-na-frente-de-caminhao-e-provoca-tombamento-na-rodovia-assis-chateaubriand\/#primaryimage\"},\"image\":{\"@id\":\"https:\/\/radiolifefm.com.br\/noticias\/homem-pula-na-frente-de-caminhao-e-provoca-tombamento-na-rodovia-assis-chateaubriand\/#primaryimage\"},\"thumbnailUrl\":\"https:\/\/radiolifefm.com.br\/noticias\/wp-content\/uploads\/2019\/08\/Caminh\u00e3o-ra\u00e7\u00e3o-1.jpeg\",\"datePublished\":\"2019-08-27T19:09:11+00:00\",\"dateModified\":\"2026-05-01T07:58:41+00:00\",\"breadcrumb\":{\"@id\":\"https:\/\/radiolifefm.com.br\/noticias\/homem-pula-na-frente-de-caminhao-e-provoca-tombamento-na-rodovia-assis-chateaubriand\/#breadcrumb\"},\"inLanguage\":\"pt-BR\",\"potentialAction\":[{\"@type\":\"ReadAction\",\"target\":[\"https:\/\/radiolifefm.com.br\/noticias\/homem-pula-na-frente-de-caminhao-e-provoca-tombamento-na-rodovia-assis-chateaubriand\/\"]}]},{\"@type\":\"ImageObject\",\"inLanguage\":\"pt-BR\",\"@id\":\"https:\/\/radiolifefm.com.br\/noticias\/homem-pula-na-frente-de-caminhao-e-provoca-tombamento-na-rodovia-assis-chateaubriand\/#primaryimage\",\"url\":\"https:\/\/radiolifefm.com.br\/noticias\/wp-content\/uploads\/2019\/08\/Caminh\u00e3o-ra\u00e7\u00e3o-1.jpeg\",\"contentUrl\":\"https:\/\/radiolifefm.com.br\/noticias\/wp-content\/uploads\/2019\/08\/Caminh\u00e3o-ra\u00e7\u00e3o-1.jpeg\",\"width\":870,\"height\":522},{\"@type\":\"BreadcrumbList\",\"@id\":\"https:\/\/radiolifefm.com.br\/noticias\/homem-pula-na-frente-de-caminhao-e-provoca-tombamento-na-rodovia-assis-chateaubriand\/#breadcrumb\",\"itemListElement\":[{\"@type\":\"ListItem\",\"position\":1,\"name\":\"In\u00edcio\",\"item\":\"https:\/\/radiolifefm.com.br\/noticias\/\"},{\"@type\":\"ListItem\",\"position\":2,\"name\":\"Homem pula na frente de caminh\u00e3o e provoca tombamento na Rodovia Assis Chateaubriand\"}]},{\"@type\":\"WebSite\",\"@id\":\"https:\/\/radiolifefm.com.br\/noticias\/#website\",\"url\":\"https:\/\/radiolifefm.com.br\/noticias\/\",\"name\":\"R\u00e1dio Life FM\",\"description\":\"O Portal de Not\u00edcias de Adamantina\",\"publisher\":{\"@id\":\"https:\/\/radiolifefm.com.br\/noticias\/#organization\"},\"alternateName\":\"Life FM\",\"potentialAction\":[{\"@type\":\"SearchAction\",\"target\":{\"@type\":\"EntryPoint\",\"urlTemplate\":\"https:\/\/radiolifefm.com.br\/noticias\/?s={search_term_string}\"},\"query-input\":{\"@type\":\"PropertyValueSpecification\",\"valueRequired\":true,\"valueName\":\"search_term_string\"}}],\"inLanguage\":\"pt-BR\"},{\"@type\":\"Organization\",\"@id\":\"https:\/\/radiolifefm.com.br\/noticias\/#organization\",\"name\":\"R\u00e1dio Life FM\",\"alternateName\":\"Life FM\",\"url\":\"https:\/\/radiolifefm.com.br\/noticias\/\",\"logo\":{\"@type\":\"ImageObject\",\"inLanguage\":\"pt-BR\",\"@id\":\"https:\/\/radiolifefm.com.br\/noticias\/#\/schema\/logo\/image\/\",\"url\":\"https:\/\/static.radiolifefm.com.br\/noticias\/wp-content\/uploads\/2019\/10\/logo-lifefm.png\",\"contentUrl\":\"https:\/\/static.radiolifefm.com.br\/noticias\/wp-content\/uploads\/2019\/10\/logo-lifefm.png\",\"width\":196,\"height\":47,\"caption\":\"R\u00e1dio Life FM\"},\"image\":{\"@id\":\"https:\/\/radiolifefm.com.br\/noticias\/#\/schema\/logo\/image\/\"},\"sameAs\":[\"https:\/\/www.facebook.com\/radiolifefm\/\",\"https:\/\/www.instagram.com\/life1079fm\/\"]},{\"@type\":\"Person\",\"@id\":\"https:\/\/radiolifefm.com.br\/noticias\/#\/schema\/person\/1d4e4b1301322090c6221bf1c8420490\",\"name\":\"lifefm\",\"image\":{\"@type\":\"ImageObject\",\"inLanguage\":\"pt-BR\",\"@id\":\"https:\/\/secure.gravatar.com\/avatar\/eca268467d925ec97d20641bb054fd944c0abb2f92854171620706bbe6474e7c?s=96&d=mm&r=g\",\"url\":\"https:\/\/secure.gravatar.com\/avatar\/eca268467d925ec97d20641bb054fd944c0abb2f92854171620706bbe6474e7c?s=96&d=mm&r=g\",\"contentUrl\":\"https:\/\/secure.gravatar.com\/avatar\/eca268467d925ec97d20641bb054fd944c0abb2f92854171620706bbe6474e7c?s=96&d=mm&r=g\",\"caption\":\"lifefm\"}}]}<\/script>\n<!-- \/ Yoast SEO plugin. -->","yoast_head_json":{"title":"Homem pula na frente de caminh\u00e3o e provoca tombamento na Rodovia Assis Chateaubriand - R\u00e1dio Life FM","robots":{"index":"index","follow":"follow","max-snippet":"max-snippet:-1","max-image-preview":"max-image-preview:large","max-video-preview":"max-video-preview:-1"},"canonical":"https:\/\/radiolifefm.com.br\/noticias\/homem-pula-na-frente-de-caminhao-e-provoca-tombamento-na-rodovia-assis-chateaubriand\/","og_locale":"pt_BR","og_type":"article","og_title":"Homem pula na frente de caminh\u00e3o e provoca tombamento na Rodovia Assis Chateaubriand - R\u00e1dio Life FM","og_description":"Ve\u00edculo transportava carga de ra\u00e7\u00e3o para animais quando houve o acidente na manh\u00e3 desta ter\u00e7a-feira (27), em Martin\u00f3polis Um caminh\u00e3o carregado com ra\u00e7\u00e3o para animais tombou na Rodovia Assis Chateaubriand (SP-425), em Martin\u00f3polis, na manh\u00e3 desta ter\u00e7a-feira (27). O motorista disse que o acidente ocorreu ap\u00f3s um homem desconhecido pular no para-brisa do ve\u00edculo em [&hellip;]","og_url":"https:\/\/radiolifefm.com.br\/noticias\/homem-pula-na-frente-de-caminhao-e-provoca-tombamento-na-rodovia-assis-chateaubriand\/","og_site_name":"R\u00e1dio Life FM","article_publisher":"https:\/\/www.facebook.com\/radiolifefm\/","article_published_time":"2019-08-27T19:09:11+00:00","article_modified_time":"2026-05-01T07:58:41+00:00","og_image":[{"width":870,"height":522,"url":"https:\/\/radiolifefm.com.br\/noticias\/wp-content\/uploads\/2019\/08\/Caminh\u00e3o-ra\u00e7\u00e3o-1.jpeg","type":"image\/jpeg"}],"author":"lifefm","twitter_card":"summary_large_image","twitter_misc":{"Escrito por":"lifefm","Est. tempo de leitura":"2 minutos"},"schema":{"@context":"https:\/\/schema.org","@graph":[{"@type":"Article","@id":"https:\/\/radiolifefm.com.br\/noticias\/homem-pula-na-frente-de-caminhao-e-provoca-tombamento-na-rodovia-assis-chateaubriand\/#article","isPartOf":{"@id":"https:\/\/radiolifefm.com.br\/noticias\/homem-pula-na-frente-de-caminhao-e-provoca-tombamento-na-rodovia-assis-chateaubriand\/"},"author":{"name":"lifefm","@id":"https:\/\/radiolifefm.com.br\/noticias\/#\/schema\/person\/1d4e4b1301322090c6221bf1c8420490"},"headline":"Homem pula na frente de caminh\u00e3o e provoca tombamento na Rodovia Assis Chateaubriand","datePublished":"2019-08-27T19:09:11+00:00","dateModified":"2026-05-01T07:58:41+00:00","mainEntityOfPage":{"@id":"https:\/\/radiolifefm.com.br\/noticias\/homem-pula-na-frente-de-caminhao-e-provoca-tombamento-na-rodovia-assis-chateaubriand\/"},"wordCount":344,"publisher":{"@id":"https:\/\/radiolifefm.com.br\/noticias\/#organization"},"image":{"@id":"https:\/\/radiolifefm.com.br\/noticias\/homem-pula-na-frente-de-caminhao-e-provoca-tombamento-na-rodovia-assis-chateaubriand\/#primaryimage"},"thumbnailUrl":"https:\/\/radiolifefm.com.br\/noticias\/wp-content\/uploads\/2019\/08\/Caminh\u00e3o-ra\u00e7\u00e3o-1.jpeg","articleSection":["Regi\u00e3o"],"inLanguage":"pt-BR"},{"@type":"WebPage","@id":"https:\/\/radiolifefm.com.br\/noticias\/homem-pula-na-frente-de-caminhao-e-provoca-tombamento-na-rodovia-assis-chateaubriand\/","url":"https:\/\/radiolifefm.com.br\/noticias\/homem-pula-na-frente-de-caminhao-e-provoca-tombamento-na-rodovia-assis-chateaubriand\/","name":"Homem pula na frente de caminh\u00e3o e provoca tombamento na Rodovia Assis Chateaubriand - R\u00e1dio Life FM","isPartOf":{"@id":"https:\/\/radiolifefm.com.br\/noticias\/#website"},"primaryImageOfPage":{"@id":"https:\/\/radiolifefm.com.br\/noticias\/homem-pula-na-frente-de-caminhao-e-provoca-tombamento-na-rodovia-assis-chateaubriand\/#primaryimage"},"image":{"@id":"https:\/\/radiolifefm.com.br\/noticias\/homem-pula-na-frente-de-caminhao-e-provoca-tombamento-na-rodovia-assis-chateaubriand\/#primaryimage"},"thumbnailUrl":"https:\/\/radiolifefm.com.br\/noticias\/wp-content\/uploads\/2019\/08\/Caminh\u00e3o-ra\u00e7\u00e3o-1.jpeg","datePublished":"2019-08-27T19:09:11+00:00","dateModified":"2026-05-01T07:58:41+00:00","breadcrumb":{"@id":"https:\/\/radiolifefm.com.br\/noticias\/homem-pula-na-frente-de-caminhao-e-provoca-tombamento-na-rodovia-assis-chateaubriand\/#breadcrumb"},"inLanguage":"pt-BR","potentialAction":[{"@type":"ReadAction","target":["https:\/\/radiolifefm.com.br\/noticias\/homem-pula-na-frente-de-caminhao-e-provoca-tombamento-na-rodovia-assis-chateaubriand\/"]}]},{"@type":"ImageObject","inLanguage":"pt-BR","@id":"https:\/\/radiolifefm.com.br\/noticias\/homem-pula-na-frente-de-caminhao-e-provoca-tombamento-na-rodovia-assis-chateaubriand\/#primaryimage","url":"https:\/\/radiolifefm.com.br\/noticias\/wp-content\/uploads\/2019\/08\/Caminh\u00e3o-ra\u00e7\u00e3o-1.jpeg","contentUrl":"https:\/\/radiolifefm.com.br\/noticias\/wp-content\/uploads\/2019\/08\/Caminh\u00e3o-ra\u00e7\u00e3o-1.jpeg","width":870,"height":522},{"@type":"BreadcrumbList","@id":"https:\/\/radiolifefm.com.br\/noticias\/homem-pula-na-frente-de-caminhao-e-provoca-tombamento-na-rodovia-assis-chateaubriand\/#breadcrumb","itemListElement":[{"@type":"ListItem","position":1,"name":"In\u00edcio","item":"https:\/\/radiolifefm.com.br\/noticias\/"},{"@type":"ListItem","position":2,"name":"Homem pula na frente de caminh\u00e3o e provoca tombamento na Rodovia Assis Chateaubriand"}]},{"@type":"WebSite","@id":"https:\/\/radiolifefm.com.br\/noticias\/#website","url":"https:\/\/radiolifefm.com.br\/noticias\/","name":"R\u00e1dio Life FM","description":"O Portal de Not\u00edcias de Adamantina","publisher":{"@id":"https:\/\/radiolifefm.com.br\/noticias\/#organization"},"alternateName":"Life FM","potentialAction":[{"@type":"SearchAction","target":{"@type":"EntryPoint","urlTemplate":"https:\/\/radiolifefm.com.br\/noticias\/?s={search_term_string}"},"query-input":{"@type":"PropertyValueSpecification","valueRequired":true,"valueName":"search_term_string"}}],"inLanguage":"pt-BR"},{"@type":"Organization","@id":"https:\/\/radiolifefm.com.br\/noticias\/#organization","name":"R\u00e1dio Life FM","alternateName":"Life FM","url":"https:\/\/radiolifefm.com.br\/noticias\/","logo":{"@type":"ImageObject","inLanguage":"pt-BR","@id":"https:\/\/radiolifefm.com.br\/noticias\/#\/schema\/logo\/image\/","url":"https:\/\/static.radiolifefm.com.br\/noticias\/wp-content\/uploads\/2019\/10\/logo-lifefm.png","contentUrl":"https:\/\/static.radiolifefm.com.br\/noticias\/wp-content\/uploads\/2019\/10\/logo-lifefm.png","width":196,"height":47,"caption":"R\u00e1dio Life FM"},"image":{"@id":"https:\/\/radiolifefm.com.br\/noticias\/#\/schema\/logo\/image\/"},"sameAs":["https:\/\/www.facebook.com\/radiolifefm\/","https:\/\/www.instagram.com\/life1079fm\/"]},{"@type":"Person","@id":"https:\/\/radiolifefm.com.br\/noticias\/#\/schema\/person\/1d4e4b1301322090c6221bf1c8420490","name":"lifefm","image":{"@type":"ImageObject","inLanguage":"pt-BR","@id":"https:\/\/secure.gravatar.com\/avatar\/eca268467d925ec97d20641bb054fd944c0abb2f92854171620706bbe6474e7c?s=96&d=mm&r=g","url":"https:\/\/secure.gravatar.com\/avatar\/eca268467d925ec97d20641bb054fd944c0abb2f92854171620706bbe6474e7c?s=96&d=mm&r=g","contentUrl":"https:\/\/secure.gravatar.com\/avatar\/eca268467d925ec97d20641bb054fd944c0abb2f92854171620706bbe6474e7c?s=96&d=mm&r=g","caption":"lifefm"}}]}},"amp_enabled":true,"_links":{"self":[{"href":"https:\/\/radiolifefm.com.br\/noticias\/wp-json\/wp\/v2\/posts\/15815","targetHints":{"allow":["GET"]}}],"collection":[{"href":"https:\/\/radiolifefm.com.br\/noticias\/wp-json\/wp\/v2\/posts"}],"about":[{"href":"https:\/\/radiolifefm.com.br\/noticias\/wp-json\/wp\/v2\/types\/post"}],"author":[{"embeddable":true,"href":"https:\/\/radiolifefm.com.br\/noticias\/wp-json\/wp\/v2\/users\/3"}],"replies":[{"embeddable":true,"href":"https:\/\/radiolifefm.com.br\/noticias\/wp-json\/wp\/v2\/comments?post=15815"}],"version-history":[{"count":1,"href":"https:\/\/radiolifefm.com.br\/noticias\/wp-json\/wp\/v2\/posts\/15815\/revisions"}],"predecessor-version":[{"id":15818,"href":"https:\/\/radiolifefm.com.br\/noticias\/wp-json\/wp\/v2\/posts\/15815\/revisions\/15818"}],"wp:featuredmedia":[{"embeddable":true,"href":"https:\/\/radiolifefm.com.br\/noticias\/wp-json\/wp\/v2\/media\/15817"}],"wp:attachment":[{"href":"https:\/\/radiolifefm.com.br\/noticias\/wp-json\/wp\/v2\/media?parent=15815"}],"wp:term":[{"taxonomy":"category","embeddable":true,"href":"https:\/\/radiolifefm.com.br\/noticias\/wp-json\/wp\/v2\/categories?post=15815"},{"taxonomy":"post_tag","embeddable":true,"href":"https:\/\/radiolifefm.com.br\/noticias\/wp-json\/wp\/v2\/tags?post=15815"}],"curies":[{"name":"wp","href":"https:\/\/api.w.org\/{rel}","templated":true}]}}