{"id":15623,"date":"2019-08-21T10:03:39","date_gmt":"2019-08-21T13:03:39","guid":{"rendered":"https:\/\/radiolifefm.com.br\/noticias\/?p=15623"},"modified":"2026-04-30T08:43:13","modified_gmt":"2026-04-30T11:43:13","slug":"visitante-e-flagrada-tentando-entrar-com-celular-escondido-em-meio-a-vasilhas-na-penitenciaria-de-pacaembu","status":"publish","type":"post","link":"https:\/\/radiolifefm.com.br\/noticias\/visitante-e-flagrada-tentando-entrar-com-celular-escondido-em-meio-a-vasilhas-na-penitenciaria-de-pacaembu\/","title":{"rendered":"Visitante \u00e9 flagrada tentando entrar com celular escondido em meio a vasilhas na Penitenci\u00e1ria de Pacaembu"},"content":{"rendered":"<div id=\"fb-root\"><\/div>\n<p>Uma mulher foi flagrada por agentes penitenci\u00e1rios ao tentar entrar com objeto proibido no interior da Penitenci\u00e1ria de Pacaembu.<\/p>\n<p>O flagrante aconteceu no \u00faltimo domingo (18), durante os procedimentos de vistoria de pertences e alimentos que seriam levados ao sentenciado que cumpre pena na unidade prisional.<\/p>\n<p>Ao passar pelo aparelho de raio-X, foi localizado um aparelho de telefone celular e um chip que estavam escondidos no fundo da sacola debaixo da \u00faltima vasilha de alimento.<\/p>\n<p>A Pol\u00edcia Militar foi acionada para a elabora\u00e7\u00e3o do boletim de ocorr\u00eancia e a visitante foi suspensa do rol de visitas da unidade.<\/p>\n<p>Um procedimento disciplinar foi instaurado para apurar a cumplicidade do detento no caso.<\/p>\n<p>&nbsp;<\/p>\n<p>Folharegional<\/p>\n","protected":false},"excerpt":{"rendered":"<p>Uma mulher foi flagrada por agentes penitenci\u00e1rios ao tentar entrar com objeto proibido no interior da Penitenci\u00e1ria de Pacaembu. O flagrante aconteceu no \u00faltimo domingo (18), durante os procedimentos de vistoria de pertences e alimentos que seriam levados ao sentenciado que cumpre pena na unidade prisional. Ao passar pelo aparelho de raio-X, foi localizado um [&hellip;]<\/p>\n","protected":false},"author":3,"featured_media":15624,"comment_status":"closed","ping_status":"open","sticky":false,"template":"","format":"standard","meta":{"_acf_changed":false,"_exactmetrics_skip_tracking":false,"_exactmetrics_sitenote_active":false,"_exactmetrics_sitenote_note":"","_exactmetrics_sitenote_category":0,"footnotes":""},"categories":[24],"tags":[],"class_list":["post-15623","post","type-post","status-publish","format-standard","has-post-thumbnail","hentry","category-regiao"],"acf":[],"yoast_head":"<!-- This site is optimized with the Yoast SEO plugin v27.2 - https:\/\/yoast.com\/product\/yoast-seo-wordpress\/ -->\n<title>Visitante \u00e9 flagrada tentando entrar com celular escondido em meio a vasilhas na Penitenci\u00e1ria de Pacaembu - R\u00e1dio Life FM<\/title>\n<meta name=\"robots\" content=\"index, follow, max-snippet:-1, max-image-preview:large, max-video-preview:-1\" \/>\n<link rel=\"canonical\" href=\"https:\/\/radiolifefm.com.br\/noticias\/visitante-e-flagrada-tentando-entrar-com-celular-escondido-em-meio-a-vasilhas-na-penitenciaria-de-pacaembu\/\" \/>\n<meta property=\"og:locale\" content=\"pt_BR\" \/>\n<meta property=\"og:type\" content=\"article\" \/>\n<meta property=\"og:title\" content=\"Visitante \u00e9 flagrada tentando entrar com celular escondido em meio a vasilhas na Penitenci\u00e1ria de Pacaembu - R\u00e1dio Life FM\" \/>\n<meta property=\"og:description\" content=\"Uma mulher foi flagrada por agentes penitenci\u00e1rios ao tentar entrar com objeto proibido no interior da Penitenci\u00e1ria de Pacaembu. O flagrante aconteceu no \u00faltimo domingo (18), durante os procedimentos de vistoria de pertences e alimentos que seriam levados ao sentenciado que cumpre pena na unidade prisional. Ao passar pelo aparelho de raio-X, foi localizado um [&hellip;]\" \/>\n<meta property=\"og:url\" content=\"https:\/\/radiolifefm.com.br\/noticias\/visitante-e-flagrada-tentando-entrar-com-celular-escondido-em-meio-a-vasilhas-na-penitenciaria-de-pacaembu\/\" \/>\n<meta property=\"og:site_name\" content=\"R\u00e1dio Life FM\" \/>\n<meta property=\"article:publisher\" content=\"https:\/\/www.facebook.com\/radiolifefm\/\" \/>\n<meta property=\"article:published_time\" content=\"2019-08-21T13:03:39+00:00\" \/>\n<meta property=\"article:modified_time\" content=\"2026-04-30T11:43:13+00:00\" \/>\n<meta property=\"og:image\" content=\"https:\/\/radiolifefm.com.br\/noticias\/wp-content\/uploads\/2019\/08\/Celular-pres\u00eddio-21-08.jpg\" \/>\n\t<meta property=\"og:image:width\" content=\"870\" \/>\n\t<meta property=\"og:image:height\" content=\"522\" \/>\n\t<meta property=\"og:image:type\" content=\"image\/jpeg\" \/>\n<meta name=\"author\" content=\"lifefm\" \/>\n<meta name=\"twitter:card\" content=\"summary_large_image\" \/>\n<meta name=\"twitter:label1\" content=\"Escrito por\" \/>\n\t<meta name=\"twitter:data1\" content=\"lifefm\" \/>\n\t<meta name=\"twitter:label2\" content=\"Est. tempo de leitura\" \/>\n\t<meta name=\"twitter:data2\" content=\"1 minuto\" \/>\n<script type=\"application\/ld+json\" class=\"yoast-schema-graph\">{\"@context\":\"https:\/\/schema.org\",\"@graph\":[{\"@type\":\"Article\",\"@id\":\"https:\/\/radiolifefm.com.br\/noticias\/visitante-e-flagrada-tentando-entrar-com-celular-escondido-em-meio-a-vasilhas-na-penitenciaria-de-pacaembu\/#article\",\"isPartOf\":{\"@id\":\"https:\/\/radiolifefm.com.br\/noticias\/visitante-e-flagrada-tentando-entrar-com-celular-escondido-em-meio-a-vasilhas-na-penitenciaria-de-pacaembu\/\"},\"author\":{\"name\":\"lifefm\",\"@id\":\"https:\/\/radiolifefm.com.br\/noticias\/#\/schema\/person\/1d4e4b1301322090c6221bf1c8420490\"},\"headline\":\"Visitante \u00e9 flagrada tentando entrar com celular escondido em meio a vasilhas na Penitenci\u00e1ria de Pacaembu\",\"datePublished\":\"2019-08-21T13:03:39+00:00\",\"dateModified\":\"2026-04-30T11:43:13+00:00\",\"mainEntityOfPage\":{\"@id\":\"https:\/\/radiolifefm.com.br\/noticias\/visitante-e-flagrada-tentando-entrar-com-celular-escondido-em-meio-a-vasilhas-na-penitenciaria-de-pacaembu\/\"},\"wordCount\":133,\"publisher\":{\"@id\":\"https:\/\/radiolifefm.com.br\/noticias\/#organization\"},\"image\":{\"@id\":\"https:\/\/radiolifefm.com.br\/noticias\/visitante-e-flagrada-tentando-entrar-com-celular-escondido-em-meio-a-vasilhas-na-penitenciaria-de-pacaembu\/#primaryimage\"},\"thumbnailUrl\":\"https:\/\/radiolifefm.com.br\/noticias\/wp-content\/uploads\/2019\/08\/Celular-pres\u00eddio-21-08.jpg\",\"articleSection\":[\"Regi\u00e3o\"],\"inLanguage\":\"pt-BR\"},{\"@type\":\"WebPage\",\"@id\":\"https:\/\/radiolifefm.com.br\/noticias\/visitante-e-flagrada-tentando-entrar-com-celular-escondido-em-meio-a-vasilhas-na-penitenciaria-de-pacaembu\/\",\"url\":\"https:\/\/radiolifefm.com.br\/noticias\/visitante-e-flagrada-tentando-entrar-com-celular-escondido-em-meio-a-vasilhas-na-penitenciaria-de-pacaembu\/\",\"name\":\"Visitante \u00e9 flagrada tentando entrar com celular escondido em meio a vasilhas na Penitenci\u00e1ria de Pacaembu - R\u00e1dio Life FM\",\"isPartOf\":{\"@id\":\"https:\/\/radiolifefm.com.br\/noticias\/#website\"},\"primaryImageOfPage\":{\"@id\":\"https:\/\/radiolifefm.com.br\/noticias\/visitante-e-flagrada-tentando-entrar-com-celular-escondido-em-meio-a-vasilhas-na-penitenciaria-de-pacaembu\/#primaryimage\"},\"image\":{\"@id\":\"https:\/\/radiolifefm.com.br\/noticias\/visitante-e-flagrada-tentando-entrar-com-celular-escondido-em-meio-a-vasilhas-na-penitenciaria-de-pacaembu\/#primaryimage\"},\"thumbnailUrl\":\"https:\/\/radiolifefm.com.br\/noticias\/wp-content\/uploads\/2019\/08\/Celular-pres\u00eddio-21-08.jpg\",\"datePublished\":\"2019-08-21T13:03:39+00:00\",\"dateModified\":\"2026-04-30T11:43:13+00:00\",\"breadcrumb\":{\"@id\":\"https:\/\/radiolifefm.com.br\/noticias\/visitante-e-flagrada-tentando-entrar-com-celular-escondido-em-meio-a-vasilhas-na-penitenciaria-de-pacaembu\/#breadcrumb\"},\"inLanguage\":\"pt-BR\",\"potentialAction\":[{\"@type\":\"ReadAction\",\"target\":[\"https:\/\/radiolifefm.com.br\/noticias\/visitante-e-flagrada-tentando-entrar-com-celular-escondido-em-meio-a-vasilhas-na-penitenciaria-de-pacaembu\/\"]}]},{\"@type\":\"ImageObject\",\"inLanguage\":\"pt-BR\",\"@id\":\"https:\/\/radiolifefm.com.br\/noticias\/visitante-e-flagrada-tentando-entrar-com-celular-escondido-em-meio-a-vasilhas-na-penitenciaria-de-pacaembu\/#primaryimage\",\"url\":\"https:\/\/radiolifefm.com.br\/noticias\/wp-content\/uploads\/2019\/08\/Celular-pres\u00eddio-21-08.jpg\",\"contentUrl\":\"https:\/\/radiolifefm.com.br\/noticias\/wp-content\/uploads\/2019\/08\/Celular-pres\u00eddio-21-08.jpg\",\"width\":870,\"height\":522,\"caption\":\"SAMSUNG CAMERA PICTURES\"},{\"@type\":\"BreadcrumbList\",\"@id\":\"https:\/\/radiolifefm.com.br\/noticias\/visitante-e-flagrada-tentando-entrar-com-celular-escondido-em-meio-a-vasilhas-na-penitenciaria-de-pacaembu\/#breadcrumb\",\"itemListElement\":[{\"@type\":\"ListItem\",\"position\":1,\"name\":\"In\u00edcio\",\"item\":\"https:\/\/radiolifefm.com.br\/noticias\/\"},{\"@type\":\"ListItem\",\"position\":2,\"name\":\"Visitante \u00e9 flagrada tentando entrar com celular escondido em meio a vasilhas na Penitenci\u00e1ria de Pacaembu\"}]},{\"@type\":\"WebSite\",\"@id\":\"https:\/\/radiolifefm.com.br\/noticias\/#website\",\"url\":\"https:\/\/radiolifefm.com.br\/noticias\/\",\"name\":\"R\u00e1dio Life FM\",\"description\":\"O Portal de Not\u00edcias de Adamantina\",\"publisher\":{\"@id\":\"https:\/\/radiolifefm.com.br\/noticias\/#organization\"},\"alternateName\":\"Life FM\",\"potentialAction\":[{\"@type\":\"SearchAction\",\"target\":{\"@type\":\"EntryPoint\",\"urlTemplate\":\"https:\/\/radiolifefm.com.br\/noticias\/?s={search_term_string}\"},\"query-input\":{\"@type\":\"PropertyValueSpecification\",\"valueRequired\":true,\"valueName\":\"search_term_string\"}}],\"inLanguage\":\"pt-BR\"},{\"@type\":\"Organization\",\"@id\":\"https:\/\/radiolifefm.com.br\/noticias\/#organization\",\"name\":\"R\u00e1dio Life FM\",\"alternateName\":\"Life FM\",\"url\":\"https:\/\/radiolifefm.com.br\/noticias\/\",\"logo\":{\"@type\":\"ImageObject\",\"inLanguage\":\"pt-BR\",\"@id\":\"https:\/\/radiolifefm.com.br\/noticias\/#\/schema\/logo\/image\/\",\"url\":\"https:\/\/static.radiolifefm.com.br\/noticias\/wp-content\/uploads\/2019\/10\/logo-lifefm.png\",\"contentUrl\":\"https:\/\/static.radiolifefm.com.br\/noticias\/wp-content\/uploads\/2019\/10\/logo-lifefm.png\",\"width\":196,\"height\":47,\"caption\":\"R\u00e1dio Life FM\"},\"image\":{\"@id\":\"https:\/\/radiolifefm.com.br\/noticias\/#\/schema\/logo\/image\/\"},\"sameAs\":[\"https:\/\/www.facebook.com\/radiolifefm\/\",\"https:\/\/www.instagram.com\/life1079fm\/\"]},{\"@type\":\"Person\",\"@id\":\"https:\/\/radiolifefm.com.br\/noticias\/#\/schema\/person\/1d4e4b1301322090c6221bf1c8420490\",\"name\":\"lifefm\",\"image\":{\"@type\":\"ImageObject\",\"inLanguage\":\"pt-BR\",\"@id\":\"https:\/\/secure.gravatar.com\/avatar\/eca268467d925ec97d20641bb054fd944c0abb2f92854171620706bbe6474e7c?s=96&d=mm&r=g\",\"url\":\"https:\/\/secure.gravatar.com\/avatar\/eca268467d925ec97d20641bb054fd944c0abb2f92854171620706bbe6474e7c?s=96&d=mm&r=g\",\"contentUrl\":\"https:\/\/secure.gravatar.com\/avatar\/eca268467d925ec97d20641bb054fd944c0abb2f92854171620706bbe6474e7c?s=96&d=mm&r=g\",\"caption\":\"lifefm\"}}]}<\/script>\n<!-- \/ Yoast SEO plugin. -->","yoast_head_json":{"title":"Visitante \u00e9 flagrada tentando entrar com celular escondido em meio a vasilhas na Penitenci\u00e1ria de Pacaembu - R\u00e1dio Life FM","robots":{"index":"index","follow":"follow","max-snippet":"max-snippet:-1","max-image-preview":"max-image-preview:large","max-video-preview":"max-video-preview:-1"},"canonical":"https:\/\/radiolifefm.com.br\/noticias\/visitante-e-flagrada-tentando-entrar-com-celular-escondido-em-meio-a-vasilhas-na-penitenciaria-de-pacaembu\/","og_locale":"pt_BR","og_type":"article","og_title":"Visitante \u00e9 flagrada tentando entrar com celular escondido em meio a vasilhas na Penitenci\u00e1ria de Pacaembu - R\u00e1dio Life FM","og_description":"Uma mulher foi flagrada por agentes penitenci\u00e1rios ao tentar entrar com objeto proibido no interior da Penitenci\u00e1ria de Pacaembu. O flagrante aconteceu no \u00faltimo domingo (18), durante os procedimentos de vistoria de pertences e alimentos que seriam levados ao sentenciado que cumpre pena na unidade prisional. Ao passar pelo aparelho de raio-X, foi localizado um [&hellip;]","og_url":"https:\/\/radiolifefm.com.br\/noticias\/visitante-e-flagrada-tentando-entrar-com-celular-escondido-em-meio-a-vasilhas-na-penitenciaria-de-pacaembu\/","og_site_name":"R\u00e1dio Life FM","article_publisher":"https:\/\/www.facebook.com\/radiolifefm\/","article_published_time":"2019-08-21T13:03:39+00:00","article_modified_time":"2026-04-30T11:43:13+00:00","og_image":[{"width":870,"height":522,"url":"https:\/\/radiolifefm.com.br\/noticias\/wp-content\/uploads\/2019\/08\/Celular-pres\u00eddio-21-08.jpg","type":"image\/jpeg"}],"author":"lifefm","twitter_card":"summary_large_image","twitter_misc":{"Escrito por":"lifefm","Est. tempo de leitura":"1 minuto"},"schema":{"@context":"https:\/\/schema.org","@graph":[{"@type":"Article","@id":"https:\/\/radiolifefm.com.br\/noticias\/visitante-e-flagrada-tentando-entrar-com-celular-escondido-em-meio-a-vasilhas-na-penitenciaria-de-pacaembu\/#article","isPartOf":{"@id":"https:\/\/radiolifefm.com.br\/noticias\/visitante-e-flagrada-tentando-entrar-com-celular-escondido-em-meio-a-vasilhas-na-penitenciaria-de-pacaembu\/"},"author":{"name":"lifefm","@id":"https:\/\/radiolifefm.com.br\/noticias\/#\/schema\/person\/1d4e4b1301322090c6221bf1c8420490"},"headline":"Visitante \u00e9 flagrada tentando entrar com celular escondido em meio a vasilhas na Penitenci\u00e1ria de Pacaembu","datePublished":"2019-08-21T13:03:39+00:00","dateModified":"2026-04-30T11:43:13+00:00","mainEntityOfPage":{"@id":"https:\/\/radiolifefm.com.br\/noticias\/visitante-e-flagrada-tentando-entrar-com-celular-escondido-em-meio-a-vasilhas-na-penitenciaria-de-pacaembu\/"},"wordCount":133,"publisher":{"@id":"https:\/\/radiolifefm.com.br\/noticias\/#organization"},"image":{"@id":"https:\/\/radiolifefm.com.br\/noticias\/visitante-e-flagrada-tentando-entrar-com-celular-escondido-em-meio-a-vasilhas-na-penitenciaria-de-pacaembu\/#primaryimage"},"thumbnailUrl":"https:\/\/radiolifefm.com.br\/noticias\/wp-content\/uploads\/2019\/08\/Celular-pres\u00eddio-21-08.jpg","articleSection":["Regi\u00e3o"],"inLanguage":"pt-BR"},{"@type":"WebPage","@id":"https:\/\/radiolifefm.com.br\/noticias\/visitante-e-flagrada-tentando-entrar-com-celular-escondido-em-meio-a-vasilhas-na-penitenciaria-de-pacaembu\/","url":"https:\/\/radiolifefm.com.br\/noticias\/visitante-e-flagrada-tentando-entrar-com-celular-escondido-em-meio-a-vasilhas-na-penitenciaria-de-pacaembu\/","name":"Visitante \u00e9 flagrada tentando entrar com celular escondido em meio a vasilhas na Penitenci\u00e1ria de Pacaembu - R\u00e1dio Life FM","isPartOf":{"@id":"https:\/\/radiolifefm.com.br\/noticias\/#website"},"primaryImageOfPage":{"@id":"https:\/\/radiolifefm.com.br\/noticias\/visitante-e-flagrada-tentando-entrar-com-celular-escondido-em-meio-a-vasilhas-na-penitenciaria-de-pacaembu\/#primaryimage"},"image":{"@id":"https:\/\/radiolifefm.com.br\/noticias\/visitante-e-flagrada-tentando-entrar-com-celular-escondido-em-meio-a-vasilhas-na-penitenciaria-de-pacaembu\/#primaryimage"},"thumbnailUrl":"https:\/\/radiolifefm.com.br\/noticias\/wp-content\/uploads\/2019\/08\/Celular-pres\u00eddio-21-08.jpg","datePublished":"2019-08-21T13:03:39+00:00","dateModified":"2026-04-30T11:43:13+00:00","breadcrumb":{"@id":"https:\/\/radiolifefm.com.br\/noticias\/visitante-e-flagrada-tentando-entrar-com-celular-escondido-em-meio-a-vasilhas-na-penitenciaria-de-pacaembu\/#breadcrumb"},"inLanguage":"pt-BR","potentialAction":[{"@type":"ReadAction","target":["https:\/\/radiolifefm.com.br\/noticias\/visitante-e-flagrada-tentando-entrar-com-celular-escondido-em-meio-a-vasilhas-na-penitenciaria-de-pacaembu\/"]}]},{"@type":"ImageObject","inLanguage":"pt-BR","@id":"https:\/\/radiolifefm.com.br\/noticias\/visitante-e-flagrada-tentando-entrar-com-celular-escondido-em-meio-a-vasilhas-na-penitenciaria-de-pacaembu\/#primaryimage","url":"https:\/\/radiolifefm.com.br\/noticias\/wp-content\/uploads\/2019\/08\/Celular-pres\u00eddio-21-08.jpg","contentUrl":"https:\/\/radiolifefm.com.br\/noticias\/wp-content\/uploads\/2019\/08\/Celular-pres\u00eddio-21-08.jpg","width":870,"height":522,"caption":"SAMSUNG CAMERA PICTURES"},{"@type":"BreadcrumbList","@id":"https:\/\/radiolifefm.com.br\/noticias\/visitante-e-flagrada-tentando-entrar-com-celular-escondido-em-meio-a-vasilhas-na-penitenciaria-de-pacaembu\/#breadcrumb","itemListElement":[{"@type":"ListItem","position":1,"name":"In\u00edcio","item":"https:\/\/radiolifefm.com.br\/noticias\/"},{"@type":"ListItem","position":2,"name":"Visitante \u00e9 flagrada tentando entrar com celular escondido em meio a vasilhas na Penitenci\u00e1ria de Pacaembu"}]},{"@type":"WebSite","@id":"https:\/\/radiolifefm.com.br\/noticias\/#website","url":"https:\/\/radiolifefm.com.br\/noticias\/","name":"R\u00e1dio Life FM","description":"O Portal de Not\u00edcias de Adamantina","publisher":{"@id":"https:\/\/radiolifefm.com.br\/noticias\/#organization"},"alternateName":"Life FM","potentialAction":[{"@type":"SearchAction","target":{"@type":"EntryPoint","urlTemplate":"https:\/\/radiolifefm.com.br\/noticias\/?s={search_term_string}"},"query-input":{"@type":"PropertyValueSpecification","valueRequired":true,"valueName":"search_term_string"}}],"inLanguage":"pt-BR"},{"@type":"Organization","@id":"https:\/\/radiolifefm.com.br\/noticias\/#organization","name":"R\u00e1dio Life FM","alternateName":"Life FM","url":"https:\/\/radiolifefm.com.br\/noticias\/","logo":{"@type":"ImageObject","inLanguage":"pt-BR","@id":"https:\/\/radiolifefm.com.br\/noticias\/#\/schema\/logo\/image\/","url":"https:\/\/static.radiolifefm.com.br\/noticias\/wp-content\/uploads\/2019\/10\/logo-lifefm.png","contentUrl":"https:\/\/static.radiolifefm.com.br\/noticias\/wp-content\/uploads\/2019\/10\/logo-lifefm.png","width":196,"height":47,"caption":"R\u00e1dio Life FM"},"image":{"@id":"https:\/\/radiolifefm.com.br\/noticias\/#\/schema\/logo\/image\/"},"sameAs":["https:\/\/www.facebook.com\/radiolifefm\/","https:\/\/www.instagram.com\/life1079fm\/"]},{"@type":"Person","@id":"https:\/\/radiolifefm.com.br\/noticias\/#\/schema\/person\/1d4e4b1301322090c6221bf1c8420490","name":"lifefm","image":{"@type":"ImageObject","inLanguage":"pt-BR","@id":"https:\/\/secure.gravatar.com\/avatar\/eca268467d925ec97d20641bb054fd944c0abb2f92854171620706bbe6474e7c?s=96&d=mm&r=g","url":"https:\/\/secure.gravatar.com\/avatar\/eca268467d925ec97d20641bb054fd944c0abb2f92854171620706bbe6474e7c?s=96&d=mm&r=g","contentUrl":"https:\/\/secure.gravatar.com\/avatar\/eca268467d925ec97d20641bb054fd944c0abb2f92854171620706bbe6474e7c?s=96&d=mm&r=g","caption":"lifefm"}}]}},"amp_enabled":true,"_links":{"self":[{"href":"https:\/\/radiolifefm.com.br\/noticias\/wp-json\/wp\/v2\/posts\/15623","targetHints":{"allow":["GET"]}}],"collection":[{"href":"https:\/\/radiolifefm.com.br\/noticias\/wp-json\/wp\/v2\/posts"}],"about":[{"href":"https:\/\/radiolifefm.com.br\/noticias\/wp-json\/wp\/v2\/types\/post"}],"author":[{"embeddable":true,"href":"https:\/\/radiolifefm.com.br\/noticias\/wp-json\/wp\/v2\/users\/3"}],"replies":[{"embeddable":true,"href":"https:\/\/radiolifefm.com.br\/noticias\/wp-json\/wp\/v2\/comments?post=15623"}],"version-history":[{"count":4,"href":"https:\/\/radiolifefm.com.br\/noticias\/wp-json\/wp\/v2\/posts\/15623\/revisions"}],"predecessor-version":[{"id":15772,"href":"https:\/\/radiolifefm.com.br\/noticias\/wp-json\/wp\/v2\/posts\/15623\/revisions\/15772"}],"wp:featuredmedia":[{"embeddable":true,"href":"https:\/\/radiolifefm.com.br\/noticias\/wp-json\/wp\/v2\/media\/15624"}],"wp:attachment":[{"href":"https:\/\/radiolifefm.com.br\/noticias\/wp-json\/wp\/v2\/media?parent=15623"}],"wp:term":[{"taxonomy":"category","embeddable":true,"href":"https:\/\/radiolifefm.com.br\/noticias\/wp-json\/wp\/v2\/categories?post=15623"},{"taxonomy":"post_tag","embeddable":true,"href":"https:\/\/radiolifefm.com.br\/noticias\/wp-json\/wp\/v2\/tags?post=15623"}],"curies":[{"name":"wp","href":"https:\/\/api.w.org\/{rel}","templated":true}]}}