{"id":15611,"date":"2019-08-21T07:45:42","date_gmt":"2019-08-21T10:45:42","guid":{"rendered":"https:\/\/radiolifefm.com.br\/noticias\/?p=15611"},"modified":"2026-04-24T02:30:58","modified_gmt":"2026-04-24T05:30:58","slug":"desencontros-provincianos-com-as-escolhas-deste-ou-do-outro-lado-sergio-barbosa-coluna-opiniao","status":"publish","type":"post","link":"https:\/\/radiolifefm.com.br\/noticias\/desencontros-provincianos-com-as-escolhas-deste-ou-do-outro-lado-sergio-barbosa-coluna-opiniao\/","title":{"rendered":"Desencontros Provincianos com as escolhas deste ou do outro lado&#8230; &#8211; S\u00e9rgio Barbosa &#8211; Coluna Opini\u00e3o"},"content":{"rendered":"<div id=\"fb-root\"><\/div>\n<p><strong>Desencontros Provincianos com as escolhas deste ou do outro lado&#8230;<\/strong><\/p>\n<p>&#8220;voc\u00ea pode me achar um sonhador, mas eu n\u00e3o sou o \u00fanico&#8230;&#8221; (John Ono Lennon)<br \/>\nS\u00e9rgio Barbosa<\/p>\n<p>Nesta semana, ainda, como nas outras anteriores, os desencontros pol\u00edticos continuam sendo a marca mais do que registrada em terras provincianas, portanto, tudo acaba virando a mesma coisa de sempre&#8230;<\/p>\n<p>Assim, dizem, &#8220;caminha a humanidade&#8221;, entretanto, faz-se necess\u00e1rio estar em conex\u00e3o com as alternativas existentes em todas as \u00e1reas para um olhar a frente deste tempo novo tempo que se chama hoje&#8230;<\/p>\n<p>Por\u00e9m, na Prov\u00edncia tudo \u00e9 de acordo com os interesses deste ou do outro lado do poder pelo poder, bem como, daquelas pessoas que se colocam acima do bem e do mal, ainda, se d\u00e3o ao luxo de posar como bonzinhos provincianos para conseguir os seus objetivos duvidosos&#8230;<\/p>\n<p>N\u00e3o se pode mais &#8220;fazer de conta&#8221;, tal qual nos &#8220;contos da carochinha&#8221;, se bem que por aqui, tudo \u00e9 poss\u00edvel, at\u00e9 mesmo o imposs\u00edvel, pra variar ou ficar na mesmice de sempre, isso \u00e9, se estiver de acordo com o que penso sobre tudo e todos&#8230;<\/p>\n<p>Mas, pelo andar da carruagem, como diz o dito popular tupiniquim, no pr\u00f3ximo ano acontecem as elei\u00e7\u00f5es para o executivo e legislativo em terras provincianas, portanto, tudo pode ocorrer antes da oficializa\u00e7\u00e3o dos\/as candidatos\/as, al\u00e9m do mais ou de menos, os interesses que est\u00e3o al\u00e9m da pol\u00edtica, de um jeito ou de outro, acabaram determinando regras por meio do poder econ\u00f4mico em tempo de p\u00f3s-globaliza\u00e7\u00e3o midi\u00e1tica&#8230;<\/p>\n<p>Todavia, &#8220;nada \u00e9 para sempre&#8221; afirma outro dito popular, assim, vamos que vamos para outros desencontros mediados ou manipulados pelos mesmos de sempre, ou seja, aquela minoria que manda e desmanda em nome dos seus interesses econ\u00f4micos, tamb\u00e9m, de poder provincial&#8230;<\/p>\n<p>N\u00e3o pretendo neste novo tempo novo, ficar deste ou do outro lado, melhor assumir a postura do &#8220;ficar em cima do muro&#8221;, pode ser, &#8220;embaixo do muro&#8221; ou &#8220;do lado do muro&#8221; e assim por diante&#8230;<\/p>\n<p>Que a comunidade provinciana possa fazer a sua op\u00e7\u00e3o com sabedoria por meio do voto nas pr\u00f3ximas elei\u00e7\u00f5es, haja vista que as \u00faltimas escolhas deixaram a desejar, ainda, n\u00e3o s\u00f3 a \u00faltima, como as outras e mais outras&#8230;<\/p>\n<p>Mas, pode-se afirmar que nem sempre as coisas s\u00e3o como se espera, bem como, &#8220;nem tudo que reluz \u00e9 ouro&#8221;&#8230;<\/p>\n<div class='flex flex-wrap items-center -mx-1'>\r\n<a class='thumbnail gallery p-1 w-1\/2 md:w-1\/4' href='https:\/\/radiolifefm.com.br\/noticias\/wp-content\/uploads\/2019\/08\/sebar-1.jpg'><img class='border border-white' src='https:\/\/radiolifefm.com.br\/noticias\/wp-content\/uploads\/2019\/08\/sebar-1-200x200.jpg' alt='Sebar   1' \/><\/a><a class='thumbnail gallery p-1 w-1\/2 md:w-1\/4' href='https:\/\/radiolifefm.com.br\/noticias\/wp-content\/uploads\/2019\/08\/sebar-2.jpg'><img class='border border-white' src='https:\/\/radiolifefm.com.br\/noticias\/wp-content\/uploads\/2019\/08\/sebar-2-200x200.jpg' alt='Sebar   2' \/><\/a><a class='thumbnail gallery p-1 w-1\/2 md:w-1\/4' href='https:\/\/radiolifefm.com.br\/noticias\/wp-content\/uploads\/2019\/08\/sebar-3.jpg'><img class='border border-white' src='https:\/\/radiolifefm.com.br\/noticias\/wp-content\/uploads\/2019\/08\/sebar-3-200x200.jpg' alt='Sebar   3' \/><\/a><a class='thumbnail gallery p-1 w-1\/2 md:w-1\/4' href='https:\/\/radiolifefm.com.br\/noticias\/wp-content\/uploads\/2019\/08\/sebar.jpg'><img class='border border-white' src='https:\/\/radiolifefm.com.br\/noticias\/wp-content\/uploads\/2019\/08\/sebar-200x200.jpg' alt='Sebar' \/><\/a><\/div>\n<p>_______________________________<br \/>\n(*) jornalista diplomado.<\/p>\n","protected":false},"excerpt":{"rendered":"<p>Desencontros Provincianos com as escolhas deste ou do outro lado&#8230; &#8220;voc\u00ea pode me achar um sonhador, mas eu n\u00e3o sou o \u00fanico&#8230;&#8221; (John Ono Lennon) S\u00e9rgio Barbosa Nesta semana, ainda, como nas outras anteriores, os desencontros pol\u00edticos continuam sendo a marca mais do que registrada em terras provincianas, portanto, tudo acaba virando a mesma coisa [&hellip;]<\/p>\n","protected":false},"author":3,"featured_media":15612,"comment_status":"closed","ping_status":"open","sticky":false,"template":"","format":"standard","meta":{"_acf_changed":false,"_exactmetrics_skip_tracking":false,"_exactmetrics_sitenote_active":false,"_exactmetrics_sitenote_note":"","_exactmetrics_sitenote_category":0,"footnotes":""},"categories":[59],"tags":[],"class_list":["post-15611","post","type-post","status-publish","format-standard","has-post-thumbnail","hentry","category-opiniao"],"acf":[],"yoast_head":"<!-- This site is optimized with the Yoast SEO plugin v27.2 - https:\/\/yoast.com\/product\/yoast-seo-wordpress\/ -->\n<title>Desencontros Provincianos com as escolhas deste ou do outro lado... - S\u00e9rgio Barbosa - Coluna Opini\u00e3o - R\u00e1dio Life FM<\/title>\n<meta name=\"robots\" content=\"index, follow, max-snippet:-1, max-image-preview:large, max-video-preview:-1\" \/>\n<link rel=\"canonical\" href=\"https:\/\/radiolifefm.com.br\/noticias\/desencontros-provincianos-com-as-escolhas-deste-ou-do-outro-lado-sergio-barbosa-coluna-opiniao\/\" \/>\n<meta property=\"og:locale\" content=\"pt_BR\" \/>\n<meta property=\"og:type\" content=\"article\" \/>\n<meta property=\"og:title\" content=\"Desencontros Provincianos com as escolhas deste ou do outro lado... - S\u00e9rgio Barbosa - Coluna Opini\u00e3o - R\u00e1dio Life FM\" \/>\n<meta property=\"og:description\" content=\"Desencontros Provincianos com as escolhas deste ou do outro lado&#8230; &#8220;voc\u00ea pode me achar um sonhador, mas eu n\u00e3o sou o \u00fanico&#8230;&#8221; (John Ono Lennon) S\u00e9rgio Barbosa Nesta semana, ainda, como nas outras anteriores, os desencontros pol\u00edticos continuam sendo a marca mais do que registrada em terras provincianas, portanto, tudo acaba virando a mesma coisa [&hellip;]\" \/>\n<meta property=\"og:url\" content=\"https:\/\/radiolifefm.com.br\/noticias\/desencontros-provincianos-com-as-escolhas-deste-ou-do-outro-lado-sergio-barbosa-coluna-opiniao\/\" \/>\n<meta property=\"og:site_name\" content=\"R\u00e1dio Life FM\" \/>\n<meta property=\"article:publisher\" content=\"https:\/\/www.facebook.com\/radiolifefm\/\" \/>\n<meta property=\"article:published_time\" content=\"2019-08-21T10:45:42+00:00\" \/>\n<meta property=\"article:modified_time\" content=\"2026-04-24T05:30:58+00:00\" \/>\n<meta property=\"og:image\" content=\"https:\/\/radiolifefm.com.br\/noticias\/wp-content\/uploads\/2019\/08\/sebar-1024x768.jpg\" \/>\n\t<meta property=\"og:image:width\" content=\"1024\" \/>\n\t<meta property=\"og:image:height\" content=\"768\" \/>\n\t<meta property=\"og:image:type\" content=\"image\/jpeg\" \/>\n<meta name=\"author\" content=\"lifefm\" \/>\n<meta name=\"twitter:card\" content=\"summary_large_image\" \/>\n<meta name=\"twitter:label1\" content=\"Escrito por\" \/>\n\t<meta name=\"twitter:data1\" content=\"lifefm\" \/>\n\t<meta name=\"twitter:label2\" content=\"Est. tempo de leitura\" \/>\n\t<meta name=\"twitter:data2\" content=\"2 minutos\" \/>\n<script type=\"application\/ld+json\" class=\"yoast-schema-graph\">{\"@context\":\"https:\/\/schema.org\",\"@graph\":[{\"@type\":\"Article\",\"@id\":\"https:\/\/radiolifefm.com.br\/noticias\/desencontros-provincianos-com-as-escolhas-deste-ou-do-outro-lado-sergio-barbosa-coluna-opiniao\/#article\",\"isPartOf\":{\"@id\":\"https:\/\/radiolifefm.com.br\/noticias\/desencontros-provincianos-com-as-escolhas-deste-ou-do-outro-lado-sergio-barbosa-coluna-opiniao\/\"},\"author\":{\"name\":\"lifefm\",\"@id\":\"https:\/\/radiolifefm.com.br\/noticias\/#\/schema\/person\/1d4e4b1301322090c6221bf1c8420490\"},\"headline\":\"Desencontros Provincianos com as escolhas deste ou do outro lado&#8230; &#8211; S\u00e9rgio Barbosa &#8211; Coluna Opini\u00e3o\",\"datePublished\":\"2019-08-21T10:45:42+00:00\",\"dateModified\":\"2026-04-24T05:30:58+00:00\",\"mainEntityOfPage\":{\"@id\":\"https:\/\/radiolifefm.com.br\/noticias\/desencontros-provincianos-com-as-escolhas-deste-ou-do-outro-lado-sergio-barbosa-coluna-opiniao\/\"},\"wordCount\":434,\"publisher\":{\"@id\":\"https:\/\/radiolifefm.com.br\/noticias\/#organization\"},\"image\":{\"@id\":\"https:\/\/radiolifefm.com.br\/noticias\/desencontros-provincianos-com-as-escolhas-deste-ou-do-outro-lado-sergio-barbosa-coluna-opiniao\/#primaryimage\"},\"thumbnailUrl\":\"https:\/\/radiolifefm.com.br\/noticias\/wp-content\/uploads\/2019\/08\/sebar.jpg\",\"articleSection\":[\"Opini\u00e3o\"],\"inLanguage\":\"pt-BR\"},{\"@type\":\"WebPage\",\"@id\":\"https:\/\/radiolifefm.com.br\/noticias\/desencontros-provincianos-com-as-escolhas-deste-ou-do-outro-lado-sergio-barbosa-coluna-opiniao\/\",\"url\":\"https:\/\/radiolifefm.com.br\/noticias\/desencontros-provincianos-com-as-escolhas-deste-ou-do-outro-lado-sergio-barbosa-coluna-opiniao\/\",\"name\":\"Desencontros Provincianos com as escolhas deste ou do outro lado... - S\u00e9rgio Barbosa - Coluna Opini\u00e3o - R\u00e1dio Life FM\",\"isPartOf\":{\"@id\":\"https:\/\/radiolifefm.com.br\/noticias\/#website\"},\"primaryImageOfPage\":{\"@id\":\"https:\/\/radiolifefm.com.br\/noticias\/desencontros-provincianos-com-as-escolhas-deste-ou-do-outro-lado-sergio-barbosa-coluna-opiniao\/#primaryimage\"},\"image\":{\"@id\":\"https:\/\/radiolifefm.com.br\/noticias\/desencontros-provincianos-com-as-escolhas-deste-ou-do-outro-lado-sergio-barbosa-coluna-opiniao\/#primaryimage\"},\"thumbnailUrl\":\"https:\/\/radiolifefm.com.br\/noticias\/wp-content\/uploads\/2019\/08\/sebar.jpg\",\"datePublished\":\"2019-08-21T10:45:42+00:00\",\"dateModified\":\"2026-04-24T05:30:58+00:00\",\"breadcrumb\":{\"@id\":\"https:\/\/radiolifefm.com.br\/noticias\/desencontros-provincianos-com-as-escolhas-deste-ou-do-outro-lado-sergio-barbosa-coluna-opiniao\/#breadcrumb\"},\"inLanguage\":\"pt-BR\",\"potentialAction\":[{\"@type\":\"ReadAction\",\"target\":[\"https:\/\/radiolifefm.com.br\/noticias\/desencontros-provincianos-com-as-escolhas-deste-ou-do-outro-lado-sergio-barbosa-coluna-opiniao\/\"]}]},{\"@type\":\"ImageObject\",\"inLanguage\":\"pt-BR\",\"@id\":\"https:\/\/radiolifefm.com.br\/noticias\/desencontros-provincianos-com-as-escolhas-deste-ou-do-outro-lado-sergio-barbosa-coluna-opiniao\/#primaryimage\",\"url\":\"https:\/\/radiolifefm.com.br\/noticias\/wp-content\/uploads\/2019\/08\/sebar.jpg\",\"contentUrl\":\"https:\/\/radiolifefm.com.br\/noticias\/wp-content\/uploads\/2019\/08\/sebar.jpg\",\"width\":3648,\"height\":2736},{\"@type\":\"BreadcrumbList\",\"@id\":\"https:\/\/radiolifefm.com.br\/noticias\/desencontros-provincianos-com-as-escolhas-deste-ou-do-outro-lado-sergio-barbosa-coluna-opiniao\/#breadcrumb\",\"itemListElement\":[{\"@type\":\"ListItem\",\"position\":1,\"name\":\"In\u00edcio\",\"item\":\"https:\/\/radiolifefm.com.br\/noticias\/\"},{\"@type\":\"ListItem\",\"position\":2,\"name\":\"Desencontros Provincianos com as escolhas deste ou do outro lado&#8230; &#8211; S\u00e9rgio Barbosa &#8211; Coluna Opini\u00e3o\"}]},{\"@type\":\"WebSite\",\"@id\":\"https:\/\/radiolifefm.com.br\/noticias\/#website\",\"url\":\"https:\/\/radiolifefm.com.br\/noticias\/\",\"name\":\"R\u00e1dio Life FM\",\"description\":\"O Portal de Not\u00edcias de Adamantina\",\"publisher\":{\"@id\":\"https:\/\/radiolifefm.com.br\/noticias\/#organization\"},\"alternateName\":\"Life FM\",\"potentialAction\":[{\"@type\":\"SearchAction\",\"target\":{\"@type\":\"EntryPoint\",\"urlTemplate\":\"https:\/\/radiolifefm.com.br\/noticias\/?s={search_term_string}\"},\"query-input\":{\"@type\":\"PropertyValueSpecification\",\"valueRequired\":true,\"valueName\":\"search_term_string\"}}],\"inLanguage\":\"pt-BR\"},{\"@type\":\"Organization\",\"@id\":\"https:\/\/radiolifefm.com.br\/noticias\/#organization\",\"name\":\"R\u00e1dio Life FM\",\"alternateName\":\"Life FM\",\"url\":\"https:\/\/radiolifefm.com.br\/noticias\/\",\"logo\":{\"@type\":\"ImageObject\",\"inLanguage\":\"pt-BR\",\"@id\":\"https:\/\/radiolifefm.com.br\/noticias\/#\/schema\/logo\/image\/\",\"url\":\"https:\/\/static.radiolifefm.com.br\/noticias\/wp-content\/uploads\/2019\/10\/logo-lifefm.png\",\"contentUrl\":\"https:\/\/static.radiolifefm.com.br\/noticias\/wp-content\/uploads\/2019\/10\/logo-lifefm.png\",\"width\":196,\"height\":47,\"caption\":\"R\u00e1dio Life FM\"},\"image\":{\"@id\":\"https:\/\/radiolifefm.com.br\/noticias\/#\/schema\/logo\/image\/\"},\"sameAs\":[\"https:\/\/www.facebook.com\/radiolifefm\/\",\"https:\/\/www.instagram.com\/life1079fm\/\"]},{\"@type\":\"Person\",\"@id\":\"https:\/\/radiolifefm.com.br\/noticias\/#\/schema\/person\/1d4e4b1301322090c6221bf1c8420490\",\"name\":\"lifefm\",\"image\":{\"@type\":\"ImageObject\",\"inLanguage\":\"pt-BR\",\"@id\":\"https:\/\/secure.gravatar.com\/avatar\/eca268467d925ec97d20641bb054fd944c0abb2f92854171620706bbe6474e7c?s=96&d=mm&r=g\",\"url\":\"https:\/\/secure.gravatar.com\/avatar\/eca268467d925ec97d20641bb054fd944c0abb2f92854171620706bbe6474e7c?s=96&d=mm&r=g\",\"contentUrl\":\"https:\/\/secure.gravatar.com\/avatar\/eca268467d925ec97d20641bb054fd944c0abb2f92854171620706bbe6474e7c?s=96&d=mm&r=g\",\"caption\":\"lifefm\"}}]}<\/script>\n<!-- \/ Yoast SEO plugin. -->","yoast_head_json":{"title":"Desencontros Provincianos com as escolhas deste ou do outro lado... - S\u00e9rgio Barbosa - Coluna Opini\u00e3o - R\u00e1dio Life FM","robots":{"index":"index","follow":"follow","max-snippet":"max-snippet:-1","max-image-preview":"max-image-preview:large","max-video-preview":"max-video-preview:-1"},"canonical":"https:\/\/radiolifefm.com.br\/noticias\/desencontros-provincianos-com-as-escolhas-deste-ou-do-outro-lado-sergio-barbosa-coluna-opiniao\/","og_locale":"pt_BR","og_type":"article","og_title":"Desencontros Provincianos com as escolhas deste ou do outro lado... - S\u00e9rgio Barbosa - Coluna Opini\u00e3o - R\u00e1dio Life FM","og_description":"Desencontros Provincianos com as escolhas deste ou do outro lado&#8230; &#8220;voc\u00ea pode me achar um sonhador, mas eu n\u00e3o sou o \u00fanico&#8230;&#8221; (John Ono Lennon) S\u00e9rgio Barbosa Nesta semana, ainda, como nas outras anteriores, os desencontros pol\u00edticos continuam sendo a marca mais do que registrada em terras provincianas, portanto, tudo acaba virando a mesma coisa [&hellip;]","og_url":"https:\/\/radiolifefm.com.br\/noticias\/desencontros-provincianos-com-as-escolhas-deste-ou-do-outro-lado-sergio-barbosa-coluna-opiniao\/","og_site_name":"R\u00e1dio Life FM","article_publisher":"https:\/\/www.facebook.com\/radiolifefm\/","article_published_time":"2019-08-21T10:45:42+00:00","article_modified_time":"2026-04-24T05:30:58+00:00","og_image":[{"width":1024,"height":768,"url":"https:\/\/radiolifefm.com.br\/noticias\/wp-content\/uploads\/2019\/08\/sebar-1024x768.jpg","type":"image\/jpeg"}],"author":"lifefm","twitter_card":"summary_large_image","twitter_misc":{"Escrito por":"lifefm","Est. tempo de leitura":"2 minutos"},"schema":{"@context":"https:\/\/schema.org","@graph":[{"@type":"Article","@id":"https:\/\/radiolifefm.com.br\/noticias\/desencontros-provincianos-com-as-escolhas-deste-ou-do-outro-lado-sergio-barbosa-coluna-opiniao\/#article","isPartOf":{"@id":"https:\/\/radiolifefm.com.br\/noticias\/desencontros-provincianos-com-as-escolhas-deste-ou-do-outro-lado-sergio-barbosa-coluna-opiniao\/"},"author":{"name":"lifefm","@id":"https:\/\/radiolifefm.com.br\/noticias\/#\/schema\/person\/1d4e4b1301322090c6221bf1c8420490"},"headline":"Desencontros Provincianos com as escolhas deste ou do outro lado&#8230; &#8211; S\u00e9rgio Barbosa &#8211; Coluna Opini\u00e3o","datePublished":"2019-08-21T10:45:42+00:00","dateModified":"2026-04-24T05:30:58+00:00","mainEntityOfPage":{"@id":"https:\/\/radiolifefm.com.br\/noticias\/desencontros-provincianos-com-as-escolhas-deste-ou-do-outro-lado-sergio-barbosa-coluna-opiniao\/"},"wordCount":434,"publisher":{"@id":"https:\/\/radiolifefm.com.br\/noticias\/#organization"},"image":{"@id":"https:\/\/radiolifefm.com.br\/noticias\/desencontros-provincianos-com-as-escolhas-deste-ou-do-outro-lado-sergio-barbosa-coluna-opiniao\/#primaryimage"},"thumbnailUrl":"https:\/\/radiolifefm.com.br\/noticias\/wp-content\/uploads\/2019\/08\/sebar.jpg","articleSection":["Opini\u00e3o"],"inLanguage":"pt-BR"},{"@type":"WebPage","@id":"https:\/\/radiolifefm.com.br\/noticias\/desencontros-provincianos-com-as-escolhas-deste-ou-do-outro-lado-sergio-barbosa-coluna-opiniao\/","url":"https:\/\/radiolifefm.com.br\/noticias\/desencontros-provincianos-com-as-escolhas-deste-ou-do-outro-lado-sergio-barbosa-coluna-opiniao\/","name":"Desencontros Provincianos com as escolhas deste ou do outro lado... - S\u00e9rgio Barbosa - Coluna Opini\u00e3o - R\u00e1dio Life FM","isPartOf":{"@id":"https:\/\/radiolifefm.com.br\/noticias\/#website"},"primaryImageOfPage":{"@id":"https:\/\/radiolifefm.com.br\/noticias\/desencontros-provincianos-com-as-escolhas-deste-ou-do-outro-lado-sergio-barbosa-coluna-opiniao\/#primaryimage"},"image":{"@id":"https:\/\/radiolifefm.com.br\/noticias\/desencontros-provincianos-com-as-escolhas-deste-ou-do-outro-lado-sergio-barbosa-coluna-opiniao\/#primaryimage"},"thumbnailUrl":"https:\/\/radiolifefm.com.br\/noticias\/wp-content\/uploads\/2019\/08\/sebar.jpg","datePublished":"2019-08-21T10:45:42+00:00","dateModified":"2026-04-24T05:30:58+00:00","breadcrumb":{"@id":"https:\/\/radiolifefm.com.br\/noticias\/desencontros-provincianos-com-as-escolhas-deste-ou-do-outro-lado-sergio-barbosa-coluna-opiniao\/#breadcrumb"},"inLanguage":"pt-BR","potentialAction":[{"@type":"ReadAction","target":["https:\/\/radiolifefm.com.br\/noticias\/desencontros-provincianos-com-as-escolhas-deste-ou-do-outro-lado-sergio-barbosa-coluna-opiniao\/"]}]},{"@type":"ImageObject","inLanguage":"pt-BR","@id":"https:\/\/radiolifefm.com.br\/noticias\/desencontros-provincianos-com-as-escolhas-deste-ou-do-outro-lado-sergio-barbosa-coluna-opiniao\/#primaryimage","url":"https:\/\/radiolifefm.com.br\/noticias\/wp-content\/uploads\/2019\/08\/sebar.jpg","contentUrl":"https:\/\/radiolifefm.com.br\/noticias\/wp-content\/uploads\/2019\/08\/sebar.jpg","width":3648,"height":2736},{"@type":"BreadcrumbList","@id":"https:\/\/radiolifefm.com.br\/noticias\/desencontros-provincianos-com-as-escolhas-deste-ou-do-outro-lado-sergio-barbosa-coluna-opiniao\/#breadcrumb","itemListElement":[{"@type":"ListItem","position":1,"name":"In\u00edcio","item":"https:\/\/radiolifefm.com.br\/noticias\/"},{"@type":"ListItem","position":2,"name":"Desencontros Provincianos com as escolhas deste ou do outro lado&#8230; &#8211; S\u00e9rgio Barbosa &#8211; Coluna Opini\u00e3o"}]},{"@type":"WebSite","@id":"https:\/\/radiolifefm.com.br\/noticias\/#website","url":"https:\/\/radiolifefm.com.br\/noticias\/","name":"R\u00e1dio Life FM","description":"O Portal de Not\u00edcias de Adamantina","publisher":{"@id":"https:\/\/radiolifefm.com.br\/noticias\/#organization"},"alternateName":"Life FM","potentialAction":[{"@type":"SearchAction","target":{"@type":"EntryPoint","urlTemplate":"https:\/\/radiolifefm.com.br\/noticias\/?s={search_term_string}"},"query-input":{"@type":"PropertyValueSpecification","valueRequired":true,"valueName":"search_term_string"}}],"inLanguage":"pt-BR"},{"@type":"Organization","@id":"https:\/\/radiolifefm.com.br\/noticias\/#organization","name":"R\u00e1dio Life FM","alternateName":"Life FM","url":"https:\/\/radiolifefm.com.br\/noticias\/","logo":{"@type":"ImageObject","inLanguage":"pt-BR","@id":"https:\/\/radiolifefm.com.br\/noticias\/#\/schema\/logo\/image\/","url":"https:\/\/static.radiolifefm.com.br\/noticias\/wp-content\/uploads\/2019\/10\/logo-lifefm.png","contentUrl":"https:\/\/static.radiolifefm.com.br\/noticias\/wp-content\/uploads\/2019\/10\/logo-lifefm.png","width":196,"height":47,"caption":"R\u00e1dio Life FM"},"image":{"@id":"https:\/\/radiolifefm.com.br\/noticias\/#\/schema\/logo\/image\/"},"sameAs":["https:\/\/www.facebook.com\/radiolifefm\/","https:\/\/www.instagram.com\/life1079fm\/"]},{"@type":"Person","@id":"https:\/\/radiolifefm.com.br\/noticias\/#\/schema\/person\/1d4e4b1301322090c6221bf1c8420490","name":"lifefm","image":{"@type":"ImageObject","inLanguage":"pt-BR","@id":"https:\/\/secure.gravatar.com\/avatar\/eca268467d925ec97d20641bb054fd944c0abb2f92854171620706bbe6474e7c?s=96&d=mm&r=g","url":"https:\/\/secure.gravatar.com\/avatar\/eca268467d925ec97d20641bb054fd944c0abb2f92854171620706bbe6474e7c?s=96&d=mm&r=g","contentUrl":"https:\/\/secure.gravatar.com\/avatar\/eca268467d925ec97d20641bb054fd944c0abb2f92854171620706bbe6474e7c?s=96&d=mm&r=g","caption":"lifefm"}}]}},"amp_enabled":true,"_links":{"self":[{"href":"https:\/\/radiolifefm.com.br\/noticias\/wp-json\/wp\/v2\/posts\/15611","targetHints":{"allow":["GET"]}}],"collection":[{"href":"https:\/\/radiolifefm.com.br\/noticias\/wp-json\/wp\/v2\/posts"}],"about":[{"href":"https:\/\/radiolifefm.com.br\/noticias\/wp-json\/wp\/v2\/types\/post"}],"author":[{"embeddable":true,"href":"https:\/\/radiolifefm.com.br\/noticias\/wp-json\/wp\/v2\/users\/3"}],"replies":[{"embeddable":true,"href":"https:\/\/radiolifefm.com.br\/noticias\/wp-json\/wp\/v2\/comments?post=15611"}],"version-history":[{"count":1,"href":"https:\/\/radiolifefm.com.br\/noticias\/wp-json\/wp\/v2\/posts\/15611\/revisions"}],"predecessor-version":[{"id":15616,"href":"https:\/\/radiolifefm.com.br\/noticias\/wp-json\/wp\/v2\/posts\/15611\/revisions\/15616"}],"wp:featuredmedia":[{"embeddable":true,"href":"https:\/\/radiolifefm.com.br\/noticias\/wp-json\/wp\/v2\/media\/15612"}],"wp:attachment":[{"href":"https:\/\/radiolifefm.com.br\/noticias\/wp-json\/wp\/v2\/media?parent=15611"}],"wp:term":[{"taxonomy":"category","embeddable":true,"href":"https:\/\/radiolifefm.com.br\/noticias\/wp-json\/wp\/v2\/categories?post=15611"},{"taxonomy":"post_tag","embeddable":true,"href":"https:\/\/radiolifefm.com.br\/noticias\/wp-json\/wp\/v2\/tags?post=15611"}],"curies":[{"name":"wp","href":"https:\/\/api.w.org\/{rel}","templated":true}]}}