{"id":15558,"date":"2019-08-19T08:29:17","date_gmt":"2019-08-19T11:29:17","guid":{"rendered":"https:\/\/radiolifefm.com.br\/noticias\/?p=15558"},"modified":"2026-04-19T16:17:54","modified_gmt":"2026-04-19T19:17:54","slug":"incendio-atinge-area-de-preservacao-ambiental-e-parte-de-loteamento-em-regente-feijo","status":"publish","type":"post","link":"https:\/\/radiolifefm.com.br\/noticias\/incendio-atinge-area-de-preservacao-ambiental-e-parte-de-loteamento-em-regente-feijo\/","title":{"rendered":"Inc\u00eandio atinge \u00e1rea de preserva\u00e7\u00e3o ambiental e parte de loteamento, em Regente Feij\u00f3"},"content":{"rendered":"<div id=\"fb-root\"><\/div>\n<p><em>Brigada conseguiu controlar as chamas. Fogo destruiu 36 mil metros quadrados<\/em><\/p>\n<p>Um inc\u00eandio de grandes propor\u00e7\u00f5es foi registrado na manh\u00e3 deste domingo (18) no bairro Village T\u00eanis Clube, na zona urbana de Regente Feij\u00f3.<\/p>\n<p>O fogo atingiu uma \u00e1rea de preserva\u00e7\u00e3o ambiental e parte de um loteamento, totalizando 36 mil metros quadrados \u2013 equivalente a um alqueire e meio.<\/p>\n<p>O Corpo de Bombeiros chegou a ser acionado para ir at\u00e9 o local, mas a brigada de inc\u00eandio j\u00e1 havia conseguido conter as chamas.<\/p>\n<p>A ocorr\u00eancia teve in\u00edcio \u00e0s 9h, mas a brigada foi acionada somente por volta das 10h. A principal preocupa\u00e7\u00e3o era com os im\u00f3veis nas imedia\u00e7\u00f5es.<\/p>\n<p>Para controlar as chamas, foram consumidos cerca de 4 mil litros de \u00e1gua.<br \/>\nAinda n\u00e3o se sabe as causas do inc\u00eandio. Nenhum im\u00f3vel foi atingido.<\/p>\n<p>&nbsp;<\/p>\n<p>TV Fronteira<\/p>\n","protected":false},"excerpt":{"rendered":"<p>Brigada conseguiu controlar as chamas. Fogo destruiu 36 mil metros quadrados Um inc\u00eandio de grandes propor\u00e7\u00f5es foi registrado na manh\u00e3 deste domingo (18) no bairro Village T\u00eanis Clube, na zona urbana de Regente Feij\u00f3. O fogo atingiu uma \u00e1rea de preserva\u00e7\u00e3o ambiental e parte de um loteamento, totalizando 36 mil metros quadrados \u2013 equivalente a [&hellip;]<\/p>\n","protected":false},"author":3,"featured_media":15559,"comment_status":"closed","ping_status":"open","sticky":false,"template":"","format":"standard","meta":{"_acf_changed":false,"_exactmetrics_skip_tracking":false,"_exactmetrics_sitenote_active":false,"_exactmetrics_sitenote_note":"","_exactmetrics_sitenote_category":0,"footnotes":""},"categories":[24],"tags":[],"class_list":["post-15558","post","type-post","status-publish","format-standard","has-post-thumbnail","hentry","category-regiao"],"acf":[],"yoast_head":"<!-- This site is optimized with the Yoast SEO plugin v27.2 - https:\/\/yoast.com\/product\/yoast-seo-wordpress\/ -->\n<title>Inc\u00eandio atinge \u00e1rea de preserva\u00e7\u00e3o ambiental e parte de loteamento, em Regente Feij\u00f3 - R\u00e1dio Life FM<\/title>\n<meta name=\"robots\" content=\"index, follow, max-snippet:-1, max-image-preview:large, max-video-preview:-1\" \/>\n<link rel=\"canonical\" href=\"https:\/\/radiolifefm.com.br\/noticias\/incendio-atinge-area-de-preservacao-ambiental-e-parte-de-loteamento-em-regente-feijo\/\" \/>\n<meta property=\"og:locale\" content=\"pt_BR\" \/>\n<meta property=\"og:type\" content=\"article\" \/>\n<meta property=\"og:title\" content=\"Inc\u00eandio atinge \u00e1rea de preserva\u00e7\u00e3o ambiental e parte de loteamento, em Regente Feij\u00f3 - R\u00e1dio Life FM\" \/>\n<meta property=\"og:description\" content=\"Brigada conseguiu controlar as chamas. Fogo destruiu 36 mil metros quadrados Um inc\u00eandio de grandes propor\u00e7\u00f5es foi registrado na manh\u00e3 deste domingo (18) no bairro Village T\u00eanis Clube, na zona urbana de Regente Feij\u00f3. O fogo atingiu uma \u00e1rea de preserva\u00e7\u00e3o ambiental e parte de um loteamento, totalizando 36 mil metros quadrados \u2013 equivalente a [&hellip;]\" \/>\n<meta property=\"og:url\" content=\"https:\/\/radiolifefm.com.br\/noticias\/incendio-atinge-area-de-preservacao-ambiental-e-parte-de-loteamento-em-regente-feijo\/\" \/>\n<meta property=\"og:site_name\" content=\"R\u00e1dio Life FM\" \/>\n<meta property=\"article:publisher\" content=\"https:\/\/www.facebook.com\/radiolifefm\/\" \/>\n<meta property=\"article:published_time\" content=\"2019-08-19T11:29:17+00:00\" \/>\n<meta property=\"article:modified_time\" content=\"2026-04-19T19:17:54+00:00\" \/>\n<meta property=\"og:image\" content=\"https:\/\/radiolifefm.com.br\/noticias\/wp-content\/uploads\/2019\/08\/Inc\u00eandio-Regente.jpg\" \/>\n\t<meta property=\"og:image:width\" content=\"1000\" \/>\n\t<meta property=\"og:image:height\" content=\"551\" \/>\n\t<meta property=\"og:image:type\" content=\"image\/jpeg\" \/>\n<meta name=\"author\" content=\"lifefm\" \/>\n<meta name=\"twitter:card\" content=\"summary_large_image\" \/>\n<meta name=\"twitter:label1\" content=\"Escrito por\" \/>\n\t<meta name=\"twitter:data1\" content=\"lifefm\" \/>\n\t<meta name=\"twitter:label2\" content=\"Est. tempo de leitura\" \/>\n\t<meta name=\"twitter:data2\" content=\"1 minuto\" \/>\n<script type=\"application\/ld+json\" class=\"yoast-schema-graph\">{\"@context\":\"https:\/\/schema.org\",\"@graph\":[{\"@type\":\"Article\",\"@id\":\"https:\/\/radiolifefm.com.br\/noticias\/incendio-atinge-area-de-preservacao-ambiental-e-parte-de-loteamento-em-regente-feijo\/#article\",\"isPartOf\":{\"@id\":\"https:\/\/radiolifefm.com.br\/noticias\/incendio-atinge-area-de-preservacao-ambiental-e-parte-de-loteamento-em-regente-feijo\/\"},\"author\":{\"name\":\"lifefm\",\"@id\":\"https:\/\/radiolifefm.com.br\/noticias\/#\/schema\/person\/1d4e4b1301322090c6221bf1c8420490\"},\"headline\":\"Inc\u00eandio atinge \u00e1rea de preserva\u00e7\u00e3o ambiental e parte de loteamento, em Regente Feij\u00f3\",\"datePublished\":\"2019-08-19T11:29:17+00:00\",\"dateModified\":\"2026-04-19T19:17:54+00:00\",\"mainEntityOfPage\":{\"@id\":\"https:\/\/radiolifefm.com.br\/noticias\/incendio-atinge-area-de-preservacao-ambiental-e-parte-de-loteamento-em-regente-feijo\/\"},\"wordCount\":159,\"publisher\":{\"@id\":\"https:\/\/radiolifefm.com.br\/noticias\/#organization\"},\"image\":{\"@id\":\"https:\/\/radiolifefm.com.br\/noticias\/incendio-atinge-area-de-preservacao-ambiental-e-parte-de-loteamento-em-regente-feijo\/#primaryimage\"},\"thumbnailUrl\":\"https:\/\/radiolifefm.com.br\/noticias\/wp-content\/uploads\/2019\/08\/Inc\u00eandio-Regente.jpg\",\"articleSection\":[\"Regi\u00e3o\"],\"inLanguage\":\"pt-BR\"},{\"@type\":\"WebPage\",\"@id\":\"https:\/\/radiolifefm.com.br\/noticias\/incendio-atinge-area-de-preservacao-ambiental-e-parte-de-loteamento-em-regente-feijo\/\",\"url\":\"https:\/\/radiolifefm.com.br\/noticias\/incendio-atinge-area-de-preservacao-ambiental-e-parte-de-loteamento-em-regente-feijo\/\",\"name\":\"Inc\u00eandio atinge \u00e1rea de preserva\u00e7\u00e3o ambiental e parte de loteamento, em Regente Feij\u00f3 - R\u00e1dio Life FM\",\"isPartOf\":{\"@id\":\"https:\/\/radiolifefm.com.br\/noticias\/#website\"},\"primaryImageOfPage\":{\"@id\":\"https:\/\/radiolifefm.com.br\/noticias\/incendio-atinge-area-de-preservacao-ambiental-e-parte-de-loteamento-em-regente-feijo\/#primaryimage\"},\"image\":{\"@id\":\"https:\/\/radiolifefm.com.br\/noticias\/incendio-atinge-area-de-preservacao-ambiental-e-parte-de-loteamento-em-regente-feijo\/#primaryimage\"},\"thumbnailUrl\":\"https:\/\/radiolifefm.com.br\/noticias\/wp-content\/uploads\/2019\/08\/Inc\u00eandio-Regente.jpg\",\"datePublished\":\"2019-08-19T11:29:17+00:00\",\"dateModified\":\"2026-04-19T19:17:54+00:00\",\"breadcrumb\":{\"@id\":\"https:\/\/radiolifefm.com.br\/noticias\/incendio-atinge-area-de-preservacao-ambiental-e-parte-de-loteamento-em-regente-feijo\/#breadcrumb\"},\"inLanguage\":\"pt-BR\",\"potentialAction\":[{\"@type\":\"ReadAction\",\"target\":[\"https:\/\/radiolifefm.com.br\/noticias\/incendio-atinge-area-de-preservacao-ambiental-e-parte-de-loteamento-em-regente-feijo\/\"]}]},{\"@type\":\"ImageObject\",\"inLanguage\":\"pt-BR\",\"@id\":\"https:\/\/radiolifefm.com.br\/noticias\/incendio-atinge-area-de-preservacao-ambiental-e-parte-de-loteamento-em-regente-feijo\/#primaryimage\",\"url\":\"https:\/\/radiolifefm.com.br\/noticias\/wp-content\/uploads\/2019\/08\/Inc\u00eandio-Regente.jpg\",\"contentUrl\":\"https:\/\/radiolifefm.com.br\/noticias\/wp-content\/uploads\/2019\/08\/Inc\u00eandio-Regente.jpg\",\"width\":1000,\"height\":551,\"caption\":\"Fogo atingiu grande \u00e1rea, em Regente Feij\u00f3 \u2014 Foto: Cedida\/Jo\u00e3o Paulo Barbosa\"},{\"@type\":\"BreadcrumbList\",\"@id\":\"https:\/\/radiolifefm.com.br\/noticias\/incendio-atinge-area-de-preservacao-ambiental-e-parte-de-loteamento-em-regente-feijo\/#breadcrumb\",\"itemListElement\":[{\"@type\":\"ListItem\",\"position\":1,\"name\":\"In\u00edcio\",\"item\":\"https:\/\/radiolifefm.com.br\/noticias\/\"},{\"@type\":\"ListItem\",\"position\":2,\"name\":\"Inc\u00eandio atinge \u00e1rea de preserva\u00e7\u00e3o ambiental e parte de loteamento, em Regente Feij\u00f3\"}]},{\"@type\":\"WebSite\",\"@id\":\"https:\/\/radiolifefm.com.br\/noticias\/#website\",\"url\":\"https:\/\/radiolifefm.com.br\/noticias\/\",\"name\":\"R\u00e1dio Life FM\",\"description\":\"O Portal de Not\u00edcias de Adamantina\",\"publisher\":{\"@id\":\"https:\/\/radiolifefm.com.br\/noticias\/#organization\"},\"alternateName\":\"Life FM\",\"potentialAction\":[{\"@type\":\"SearchAction\",\"target\":{\"@type\":\"EntryPoint\",\"urlTemplate\":\"https:\/\/radiolifefm.com.br\/noticias\/?s={search_term_string}\"},\"query-input\":{\"@type\":\"PropertyValueSpecification\",\"valueRequired\":true,\"valueName\":\"search_term_string\"}}],\"inLanguage\":\"pt-BR\"},{\"@type\":\"Organization\",\"@id\":\"https:\/\/radiolifefm.com.br\/noticias\/#organization\",\"name\":\"R\u00e1dio Life FM\",\"alternateName\":\"Life FM\",\"url\":\"https:\/\/radiolifefm.com.br\/noticias\/\",\"logo\":{\"@type\":\"ImageObject\",\"inLanguage\":\"pt-BR\",\"@id\":\"https:\/\/radiolifefm.com.br\/noticias\/#\/schema\/logo\/image\/\",\"url\":\"https:\/\/static.radiolifefm.com.br\/noticias\/wp-content\/uploads\/2019\/10\/logo-lifefm.png\",\"contentUrl\":\"https:\/\/static.radiolifefm.com.br\/noticias\/wp-content\/uploads\/2019\/10\/logo-lifefm.png\",\"width\":196,\"height\":47,\"caption\":\"R\u00e1dio Life FM\"},\"image\":{\"@id\":\"https:\/\/radiolifefm.com.br\/noticias\/#\/schema\/logo\/image\/\"},\"sameAs\":[\"https:\/\/www.facebook.com\/radiolifefm\/\",\"https:\/\/www.instagram.com\/life1079fm\/\"]},{\"@type\":\"Person\",\"@id\":\"https:\/\/radiolifefm.com.br\/noticias\/#\/schema\/person\/1d4e4b1301322090c6221bf1c8420490\",\"name\":\"lifefm\",\"image\":{\"@type\":\"ImageObject\",\"inLanguage\":\"pt-BR\",\"@id\":\"https:\/\/secure.gravatar.com\/avatar\/eca268467d925ec97d20641bb054fd944c0abb2f92854171620706bbe6474e7c?s=96&d=mm&r=g\",\"url\":\"https:\/\/secure.gravatar.com\/avatar\/eca268467d925ec97d20641bb054fd944c0abb2f92854171620706bbe6474e7c?s=96&d=mm&r=g\",\"contentUrl\":\"https:\/\/secure.gravatar.com\/avatar\/eca268467d925ec97d20641bb054fd944c0abb2f92854171620706bbe6474e7c?s=96&d=mm&r=g\",\"caption\":\"lifefm\"}}]}<\/script>\n<!-- \/ Yoast SEO plugin. -->","yoast_head_json":{"title":"Inc\u00eandio atinge \u00e1rea de preserva\u00e7\u00e3o ambiental e parte de loteamento, em Regente Feij\u00f3 - R\u00e1dio Life FM","robots":{"index":"index","follow":"follow","max-snippet":"max-snippet:-1","max-image-preview":"max-image-preview:large","max-video-preview":"max-video-preview:-1"},"canonical":"https:\/\/radiolifefm.com.br\/noticias\/incendio-atinge-area-de-preservacao-ambiental-e-parte-de-loteamento-em-regente-feijo\/","og_locale":"pt_BR","og_type":"article","og_title":"Inc\u00eandio atinge \u00e1rea de preserva\u00e7\u00e3o ambiental e parte de loteamento, em Regente Feij\u00f3 - R\u00e1dio Life FM","og_description":"Brigada conseguiu controlar as chamas. Fogo destruiu 36 mil metros quadrados Um inc\u00eandio de grandes propor\u00e7\u00f5es foi registrado na manh\u00e3 deste domingo (18) no bairro Village T\u00eanis Clube, na zona urbana de Regente Feij\u00f3. O fogo atingiu uma \u00e1rea de preserva\u00e7\u00e3o ambiental e parte de um loteamento, totalizando 36 mil metros quadrados \u2013 equivalente a [&hellip;]","og_url":"https:\/\/radiolifefm.com.br\/noticias\/incendio-atinge-area-de-preservacao-ambiental-e-parte-de-loteamento-em-regente-feijo\/","og_site_name":"R\u00e1dio Life FM","article_publisher":"https:\/\/www.facebook.com\/radiolifefm\/","article_published_time":"2019-08-19T11:29:17+00:00","article_modified_time":"2026-04-19T19:17:54+00:00","og_image":[{"width":1000,"height":551,"url":"https:\/\/radiolifefm.com.br\/noticias\/wp-content\/uploads\/2019\/08\/Inc\u00eandio-Regente.jpg","type":"image\/jpeg"}],"author":"lifefm","twitter_card":"summary_large_image","twitter_misc":{"Escrito por":"lifefm","Est. tempo de leitura":"1 minuto"},"schema":{"@context":"https:\/\/schema.org","@graph":[{"@type":"Article","@id":"https:\/\/radiolifefm.com.br\/noticias\/incendio-atinge-area-de-preservacao-ambiental-e-parte-de-loteamento-em-regente-feijo\/#article","isPartOf":{"@id":"https:\/\/radiolifefm.com.br\/noticias\/incendio-atinge-area-de-preservacao-ambiental-e-parte-de-loteamento-em-regente-feijo\/"},"author":{"name":"lifefm","@id":"https:\/\/radiolifefm.com.br\/noticias\/#\/schema\/person\/1d4e4b1301322090c6221bf1c8420490"},"headline":"Inc\u00eandio atinge \u00e1rea de preserva\u00e7\u00e3o ambiental e parte de loteamento, em Regente Feij\u00f3","datePublished":"2019-08-19T11:29:17+00:00","dateModified":"2026-04-19T19:17:54+00:00","mainEntityOfPage":{"@id":"https:\/\/radiolifefm.com.br\/noticias\/incendio-atinge-area-de-preservacao-ambiental-e-parte-de-loteamento-em-regente-feijo\/"},"wordCount":159,"publisher":{"@id":"https:\/\/radiolifefm.com.br\/noticias\/#organization"},"image":{"@id":"https:\/\/radiolifefm.com.br\/noticias\/incendio-atinge-area-de-preservacao-ambiental-e-parte-de-loteamento-em-regente-feijo\/#primaryimage"},"thumbnailUrl":"https:\/\/radiolifefm.com.br\/noticias\/wp-content\/uploads\/2019\/08\/Inc\u00eandio-Regente.jpg","articleSection":["Regi\u00e3o"],"inLanguage":"pt-BR"},{"@type":"WebPage","@id":"https:\/\/radiolifefm.com.br\/noticias\/incendio-atinge-area-de-preservacao-ambiental-e-parte-de-loteamento-em-regente-feijo\/","url":"https:\/\/radiolifefm.com.br\/noticias\/incendio-atinge-area-de-preservacao-ambiental-e-parte-de-loteamento-em-regente-feijo\/","name":"Inc\u00eandio atinge \u00e1rea de preserva\u00e7\u00e3o ambiental e parte de loteamento, em Regente Feij\u00f3 - R\u00e1dio Life FM","isPartOf":{"@id":"https:\/\/radiolifefm.com.br\/noticias\/#website"},"primaryImageOfPage":{"@id":"https:\/\/radiolifefm.com.br\/noticias\/incendio-atinge-area-de-preservacao-ambiental-e-parte-de-loteamento-em-regente-feijo\/#primaryimage"},"image":{"@id":"https:\/\/radiolifefm.com.br\/noticias\/incendio-atinge-area-de-preservacao-ambiental-e-parte-de-loteamento-em-regente-feijo\/#primaryimage"},"thumbnailUrl":"https:\/\/radiolifefm.com.br\/noticias\/wp-content\/uploads\/2019\/08\/Inc\u00eandio-Regente.jpg","datePublished":"2019-08-19T11:29:17+00:00","dateModified":"2026-04-19T19:17:54+00:00","breadcrumb":{"@id":"https:\/\/radiolifefm.com.br\/noticias\/incendio-atinge-area-de-preservacao-ambiental-e-parte-de-loteamento-em-regente-feijo\/#breadcrumb"},"inLanguage":"pt-BR","potentialAction":[{"@type":"ReadAction","target":["https:\/\/radiolifefm.com.br\/noticias\/incendio-atinge-area-de-preservacao-ambiental-e-parte-de-loteamento-em-regente-feijo\/"]}]},{"@type":"ImageObject","inLanguage":"pt-BR","@id":"https:\/\/radiolifefm.com.br\/noticias\/incendio-atinge-area-de-preservacao-ambiental-e-parte-de-loteamento-em-regente-feijo\/#primaryimage","url":"https:\/\/radiolifefm.com.br\/noticias\/wp-content\/uploads\/2019\/08\/Inc\u00eandio-Regente.jpg","contentUrl":"https:\/\/radiolifefm.com.br\/noticias\/wp-content\/uploads\/2019\/08\/Inc\u00eandio-Regente.jpg","width":1000,"height":551,"caption":"Fogo atingiu grande \u00e1rea, em Regente Feij\u00f3 \u2014 Foto: Cedida\/Jo\u00e3o Paulo Barbosa"},{"@type":"BreadcrumbList","@id":"https:\/\/radiolifefm.com.br\/noticias\/incendio-atinge-area-de-preservacao-ambiental-e-parte-de-loteamento-em-regente-feijo\/#breadcrumb","itemListElement":[{"@type":"ListItem","position":1,"name":"In\u00edcio","item":"https:\/\/radiolifefm.com.br\/noticias\/"},{"@type":"ListItem","position":2,"name":"Inc\u00eandio atinge \u00e1rea de preserva\u00e7\u00e3o ambiental e parte de loteamento, em Regente Feij\u00f3"}]},{"@type":"WebSite","@id":"https:\/\/radiolifefm.com.br\/noticias\/#website","url":"https:\/\/radiolifefm.com.br\/noticias\/","name":"R\u00e1dio Life FM","description":"O Portal de Not\u00edcias de Adamantina","publisher":{"@id":"https:\/\/radiolifefm.com.br\/noticias\/#organization"},"alternateName":"Life FM","potentialAction":[{"@type":"SearchAction","target":{"@type":"EntryPoint","urlTemplate":"https:\/\/radiolifefm.com.br\/noticias\/?s={search_term_string}"},"query-input":{"@type":"PropertyValueSpecification","valueRequired":true,"valueName":"search_term_string"}}],"inLanguage":"pt-BR"},{"@type":"Organization","@id":"https:\/\/radiolifefm.com.br\/noticias\/#organization","name":"R\u00e1dio Life FM","alternateName":"Life FM","url":"https:\/\/radiolifefm.com.br\/noticias\/","logo":{"@type":"ImageObject","inLanguage":"pt-BR","@id":"https:\/\/radiolifefm.com.br\/noticias\/#\/schema\/logo\/image\/","url":"https:\/\/static.radiolifefm.com.br\/noticias\/wp-content\/uploads\/2019\/10\/logo-lifefm.png","contentUrl":"https:\/\/static.radiolifefm.com.br\/noticias\/wp-content\/uploads\/2019\/10\/logo-lifefm.png","width":196,"height":47,"caption":"R\u00e1dio Life FM"},"image":{"@id":"https:\/\/radiolifefm.com.br\/noticias\/#\/schema\/logo\/image\/"},"sameAs":["https:\/\/www.facebook.com\/radiolifefm\/","https:\/\/www.instagram.com\/life1079fm\/"]},{"@type":"Person","@id":"https:\/\/radiolifefm.com.br\/noticias\/#\/schema\/person\/1d4e4b1301322090c6221bf1c8420490","name":"lifefm","image":{"@type":"ImageObject","inLanguage":"pt-BR","@id":"https:\/\/secure.gravatar.com\/avatar\/eca268467d925ec97d20641bb054fd944c0abb2f92854171620706bbe6474e7c?s=96&d=mm&r=g","url":"https:\/\/secure.gravatar.com\/avatar\/eca268467d925ec97d20641bb054fd944c0abb2f92854171620706bbe6474e7c?s=96&d=mm&r=g","contentUrl":"https:\/\/secure.gravatar.com\/avatar\/eca268467d925ec97d20641bb054fd944c0abb2f92854171620706bbe6474e7c?s=96&d=mm&r=g","caption":"lifefm"}}]}},"amp_enabled":true,"_links":{"self":[{"href":"https:\/\/radiolifefm.com.br\/noticias\/wp-json\/wp\/v2\/posts\/15558","targetHints":{"allow":["GET"]}}],"collection":[{"href":"https:\/\/radiolifefm.com.br\/noticias\/wp-json\/wp\/v2\/posts"}],"about":[{"href":"https:\/\/radiolifefm.com.br\/noticias\/wp-json\/wp\/v2\/types\/post"}],"author":[{"embeddable":true,"href":"https:\/\/radiolifefm.com.br\/noticias\/wp-json\/wp\/v2\/users\/3"}],"replies":[{"embeddable":true,"href":"https:\/\/radiolifefm.com.br\/noticias\/wp-json\/wp\/v2\/comments?post=15558"}],"version-history":[{"count":1,"href":"https:\/\/radiolifefm.com.br\/noticias\/wp-json\/wp\/v2\/posts\/15558\/revisions"}],"predecessor-version":[{"id":15560,"href":"https:\/\/radiolifefm.com.br\/noticias\/wp-json\/wp\/v2\/posts\/15558\/revisions\/15560"}],"wp:featuredmedia":[{"embeddable":true,"href":"https:\/\/radiolifefm.com.br\/noticias\/wp-json\/wp\/v2\/media\/15559"}],"wp:attachment":[{"href":"https:\/\/radiolifefm.com.br\/noticias\/wp-json\/wp\/v2\/media?parent=15558"}],"wp:term":[{"taxonomy":"category","embeddable":true,"href":"https:\/\/radiolifefm.com.br\/noticias\/wp-json\/wp\/v2\/categories?post=15558"},{"taxonomy":"post_tag","embeddable":true,"href":"https:\/\/radiolifefm.com.br\/noticias\/wp-json\/wp\/v2\/tags?post=15558"}],"curies":[{"name":"wp","href":"https:\/\/api.w.org\/{rel}","templated":true}]}}