{"id":15405,"date":"2019-08-14T08:50:09","date_gmt":"2019-08-14T11:50:09","guid":{"rendered":"https:\/\/radiolifefm.com.br\/noticias\/?p=15405"},"modified":"2026-04-26T11:07:27","modified_gmt":"2026-04-26T14:07:27","slug":"um-desencontro-com-a-musica-em-terras-provincianas-no-tempo-da-power-sound-sergio-barbosa-coluna-opiniao","status":"publish","type":"post","link":"https:\/\/radiolifefm.com.br\/noticias\/um-desencontro-com-a-musica-em-terras-provincianas-no-tempo-da-power-sound-sergio-barbosa-coluna-opiniao\/","title":{"rendered":"UM DESENCONTRO COM A M\u00daSICA EM TERRAS PROVINCIANAS NO TEMPO DA \u201cPOWER SOUND\u201d&#8230; S\u00e9rgio Barbosa &#8211; Coluna Opini\u00e3o"},"content":{"rendered":"<div id=\"fb-root\"><\/div>\n<p><strong>UM DESENCONTRO COM A M\u00daSICA EM TERRAS PROVINCIANAS NO TEMPO DA \u201cPOWER SOUND\u201d&#8230;<\/strong><\/p>\n<p><em>\u201cA m\u00fasica \u00e9 o v\u00ednculo que une a vida do esp\u00edrito \u00e0 vida dos sentidos. A melodia \u00e9 a vida sens\u00edvel da poesia.\u201d (Ludwig van Beethoven)<\/em><br \/>\n<em>\u201cSem a m\u00fasica, a vida seria um erro.\u201d (Friedrich Nietzsche)<\/em><\/p>\n<p><strong>Ao ADALBERTO e F\u00c1BIO<\/strong>, dedico!<\/p>\n<p>N\u00e3o sei quando isso ou aquilo ocorreu em terras provincianas, por\u00e9m, at\u00e9 onde tenho muitas saudades daquele outro tempo do tempo que n\u00e3o volta nunca mais, portanto, cada qual com suas lembran\u00e7as para outros desencontros neste tempo novo tempo&#8230;<\/p>\n<p>Ent\u00e3o, de vez em quando, ainda, encontro esses dois personagens andando nas ruas da Prov\u00edncia ou em algum evento aqui ou ali, por\u00e9m, as boas recorda\u00e7\u00f5es s\u00e3o mensagens que de vez quando aparecem no nosso caminho e ficam martelando coisas e coisinhas&#8230;<\/p>\n<p>Mas, voltando aos nossos personagens desta cr\u00f4nica, por\u00e9m, s\u00f3 vou apresentar os mesmos mais para o meio deste texto e vamos que vamos em busca de algumas lembran\u00e7as daquele outro tempo do tempo&#8230;<\/p>\n<p>Ent\u00e3o, acredito que algu\u00e9m da turma dos mesmos e estava por perto, acredito que o WAGNER DUARTE que trabalhava na CULTURA FM naquela \u00e9poca que falou sobre este local que era um ponto de encontro daquelas pessoas que gostavam deste ou daquele estilo musical&#8230;<\/p>\n<p>Tamb\u00e9m, confesso, n\u00e3o sei o ano que isso ocorreu na Prov\u00edncia, entretanto, acabei me tornando um CLIENTE mais do que interessante para a LOJA, tendo em vista que as minhas compras eram quase que semanalmente, se bem que muitas vezes passava no local apenas para \u201ctrocar ideias\u201d sobre bandas, m\u00fasicas e outros&#8230;<\/p>\n<p>Posso testemunhar que aquele espa\u00e7o que era pequeno, por\u00e9m, acolhedor para os clientes de sempre, considerando que quase sempre, eram os mesmos de sempre e assim por diante&#8230;<\/p>\n<p>Acredito que pelo menos metade dos \u201ccd\u00b4s\u201d da minha CEDETECA foram adquiridos nesta LOJA mais do que especial, ou seja, na POWER SOUND que estava localizada na AV. RIO BRANCO, todavia n\u00e3o sei mais o n\u00famero e isso, tamb\u00e9m, n\u00e3o vem ao caso&#8230;<\/p>\n<p>De vez em quando encontrava esses dois personagens juntos na LOJA, mas, quase sempre estava sozinho no local um dos mesmos, pode-se escrever que era mais do que uma \u201cfigurinha carimbada\u201d em se tratando de indica\u00e7\u00e3o musical para todos e todas que por ali circulavam&#8230;<\/p>\n<p>Assim, como sempre escrevo, \u201cA C\u00c9SAR O QUE \u00c9 DE C\u00c9SAR\u201d, desta forma, faz-se necess\u00e1rio registrar o nome desses personagens provincianos que est\u00e3o circulando aqui ou ali, cada qual buscando a sua sobreviv\u00eancia neste tempo velho tempo que se chama hoje&#8230;<\/p>\n<p>Meus mais sinceros cumprimentos ao ADALBERTO (propriet\u00e1rio) e F\u00c1BIO (funcion\u00e1rio), se bem que a dupla entendia tudo e mais alguma coisa no quesito musical e estavam sempre com novas indica\u00e7\u00f5es do momento para que o cliente ficasse por dentro deste ou daquele lan\u00e7amento&#8230;<\/p>\n<p>Infelizmente, depois de muitos anos marcando presen\u00e7a na PROV\u00cdNCIA, \u201cfechou as portas\u201d por causa disto ou daquilo, mesmo assim, ainda, hoje quando estou \u201colhando ou arrumando os meus cd\u00b4s\u201d, tais lembran\u00e7as aparecem e marcam presen\u00e7a de um jeito ou de outro&#8230;<\/p>\n<p>Al\u00e9m do mais ou de menos, com a desativa\u00e7\u00e3o da \u201cPS\u201d, acabei comprando 3 prateleiras ou estantes para CD\u00b4s e 3 porta CD\u00b4s que est\u00e3o aqui em casa para muitas recorda\u00e7\u00f5es daquele outro tempo do tempo&#8230;<\/p>\n<p>Pretendo, ainda, continuar escrevendo sobre outros locais que marcaram presen\u00e7a nestes \u00faltimos 20 anos como \u201cprovinciano por op\u00e7\u00e3o\u201d nestes ocasos de um talvez e ponto quase final&#8230;<\/p>\n<div class='flex flex-wrap items-center -mx-1'>\r\n<a class='thumbnail gallery p-1 w-1\/2 md:w-1\/4' href='https:\/\/radiolifefm.com.br\/noticias\/wp-content\/uploads\/2019\/08\/Sebar-1.jpg'><img class='border border-white' src='https:\/\/radiolifefm.com.br\/noticias\/wp-content\/uploads\/2019\/08\/Sebar-1-200x200.jpg' alt='Sebar' \/><\/a><a class='thumbnail gallery p-1 w-1\/2 md:w-1\/4' href='https:\/\/radiolifefm.com.br\/noticias\/wp-content\/uploads\/2019\/08\/Sebar-1-1.jpg'><img class='border border-white' src='https:\/\/radiolifefm.com.br\/noticias\/wp-content\/uploads\/2019\/08\/Sebar-1-1-200x200.jpg' alt='Sebar   1' \/><\/a><\/div>\n<p>QUEM CONHECEU A \u201cPOWER SOUND\u201d VAI SABER&#8230;<\/p>\n","protected":false},"excerpt":{"rendered":"<p>UM DESENCONTRO COM A M\u00daSICA EM TERRAS PROVINCIANAS NO TEMPO DA \u201cPOWER SOUND\u201d&#8230; \u201cA m\u00fasica \u00e9 o v\u00ednculo que une a vida do esp\u00edrito \u00e0 vida dos sentidos. A melodia \u00e9 a vida sens\u00edvel da poesia.\u201d (Ludwig van Beethoven) \u201cSem a m\u00fasica, a vida seria um erro.\u201d (Friedrich Nietzsche) Ao ADALBERTO e F\u00c1BIO, dedico! N\u00e3o [&hellip;]<\/p>\n","protected":false},"author":3,"featured_media":15408,"comment_status":"open","ping_status":"open","sticky":false,"template":"","format":"standard","meta":{"_acf_changed":false,"_exactmetrics_skip_tracking":false,"_exactmetrics_sitenote_active":false,"_exactmetrics_sitenote_note":"","_exactmetrics_sitenote_category":0,"footnotes":""},"categories":[59],"tags":[],"class_list":["post-15405","post","type-post","status-publish","format-standard","has-post-thumbnail","hentry","category-opiniao"],"acf":[],"yoast_head":"<!-- This site is optimized with the Yoast SEO plugin v27.2 - https:\/\/yoast.com\/product\/yoast-seo-wordpress\/ -->\n<title>UM DESENCONTRO COM A M\u00daSICA EM TERRAS PROVINCIANAS NO TEMPO DA \u201cPOWER SOUND\u201d... S\u00e9rgio Barbosa - Coluna Opini\u00e3o - R\u00e1dio Life FM<\/title>\n<meta name=\"robots\" content=\"index, follow, max-snippet:-1, max-image-preview:large, max-video-preview:-1\" \/>\n<link rel=\"canonical\" href=\"https:\/\/radiolifefm.com.br\/noticias\/um-desencontro-com-a-musica-em-terras-provincianas-no-tempo-da-power-sound-sergio-barbosa-coluna-opiniao\/\" \/>\n<meta property=\"og:locale\" content=\"pt_BR\" \/>\n<meta property=\"og:type\" content=\"article\" \/>\n<meta property=\"og:title\" content=\"UM DESENCONTRO COM A M\u00daSICA EM TERRAS PROVINCIANAS NO TEMPO DA \u201cPOWER SOUND\u201d... S\u00e9rgio Barbosa - Coluna Opini\u00e3o - R\u00e1dio Life FM\" \/>\n<meta property=\"og:description\" content=\"UM DESENCONTRO COM A M\u00daSICA EM TERRAS PROVINCIANAS NO TEMPO DA \u201cPOWER SOUND\u201d&#8230; \u201cA m\u00fasica \u00e9 o v\u00ednculo que une a vida do esp\u00edrito \u00e0 vida dos sentidos. A melodia \u00e9 a vida sens\u00edvel da poesia.\u201d (Ludwig van Beethoven) \u201cSem a m\u00fasica, a vida seria um erro.\u201d (Friedrich Nietzsche) Ao ADALBERTO e F\u00c1BIO, dedico! N\u00e3o [&hellip;]\" \/>\n<meta property=\"og:url\" content=\"https:\/\/radiolifefm.com.br\/noticias\/um-desencontro-com-a-musica-em-terras-provincianas-no-tempo-da-power-sound-sergio-barbosa-coluna-opiniao\/\" \/>\n<meta property=\"og:site_name\" content=\"R\u00e1dio Life FM\" \/>\n<meta property=\"article:publisher\" content=\"https:\/\/www.facebook.com\/radiolifefm\/\" \/>\n<meta property=\"article:published_time\" content=\"2019-08-14T11:50:09+00:00\" \/>\n<meta property=\"article:modified_time\" content=\"2026-04-26T14:07:27+00:00\" \/>\n<meta property=\"og:image\" content=\"https:\/\/radiolifefm.com.br\/noticias\/wp-content\/uploads\/2019\/08\/Sebar-2-1.jpg\" \/>\n\t<meta property=\"og:image:width\" content=\"1920\" \/>\n\t<meta property=\"og:image:height\" content=\"1080\" \/>\n\t<meta property=\"og:image:type\" content=\"image\/jpeg\" \/>\n<meta name=\"author\" content=\"lifefm\" \/>\n<meta name=\"twitter:card\" content=\"summary_large_image\" \/>\n<meta name=\"twitter:label1\" content=\"Escrito por\" \/>\n\t<meta name=\"twitter:data1\" content=\"lifefm\" \/>\n\t<meta name=\"twitter:label2\" content=\"Est. tempo de leitura\" \/>\n\t<meta name=\"twitter:data2\" content=\"3 minutos\" \/>\n<script type=\"application\/ld+json\" class=\"yoast-schema-graph\">{\"@context\":\"https:\/\/schema.org\",\"@graph\":[{\"@type\":\"Article\",\"@id\":\"https:\/\/radiolifefm.com.br\/noticias\/um-desencontro-com-a-musica-em-terras-provincianas-no-tempo-da-power-sound-sergio-barbosa-coluna-opiniao\/#article\",\"isPartOf\":{\"@id\":\"https:\/\/radiolifefm.com.br\/noticias\/um-desencontro-com-a-musica-em-terras-provincianas-no-tempo-da-power-sound-sergio-barbosa-coluna-opiniao\/\"},\"author\":{\"name\":\"lifefm\",\"@id\":\"https:\/\/radiolifefm.com.br\/noticias\/#\/schema\/person\/1d4e4b1301322090c6221bf1c8420490\"},\"headline\":\"UM DESENCONTRO COM A M\u00daSICA EM TERRAS PROVINCIANAS NO TEMPO DA \u201cPOWER SOUND\u201d&#8230; S\u00e9rgio Barbosa &#8211; Coluna Opini\u00e3o\",\"datePublished\":\"2019-08-14T11:50:09+00:00\",\"dateModified\":\"2026-04-26T14:07:27+00:00\",\"mainEntityOfPage\":{\"@id\":\"https:\/\/radiolifefm.com.br\/noticias\/um-desencontro-com-a-musica-em-terras-provincianas-no-tempo-da-power-sound-sergio-barbosa-coluna-opiniao\/\"},\"wordCount\":647,\"commentCount\":0,\"publisher\":{\"@id\":\"https:\/\/radiolifefm.com.br\/noticias\/#organization\"},\"image\":{\"@id\":\"https:\/\/radiolifefm.com.br\/noticias\/um-desencontro-com-a-musica-em-terras-provincianas-no-tempo-da-power-sound-sergio-barbosa-coluna-opiniao\/#primaryimage\"},\"thumbnailUrl\":\"https:\/\/radiolifefm.com.br\/noticias\/wp-content\/uploads\/2019\/08\/Sebar-2-1.jpg\",\"articleSection\":[\"Opini\u00e3o\"],\"inLanguage\":\"pt-BR\",\"potentialAction\":[{\"@type\":\"CommentAction\",\"name\":\"Comment\",\"target\":[\"https:\/\/radiolifefm.com.br\/noticias\/um-desencontro-com-a-musica-em-terras-provincianas-no-tempo-da-power-sound-sergio-barbosa-coluna-opiniao\/#respond\"]}]},{\"@type\":\"WebPage\",\"@id\":\"https:\/\/radiolifefm.com.br\/noticias\/um-desencontro-com-a-musica-em-terras-provincianas-no-tempo-da-power-sound-sergio-barbosa-coluna-opiniao\/\",\"url\":\"https:\/\/radiolifefm.com.br\/noticias\/um-desencontro-com-a-musica-em-terras-provincianas-no-tempo-da-power-sound-sergio-barbosa-coluna-opiniao\/\",\"name\":\"UM DESENCONTRO COM A M\u00daSICA EM TERRAS PROVINCIANAS NO TEMPO DA \u201cPOWER SOUND\u201d... S\u00e9rgio Barbosa - Coluna Opini\u00e3o - R\u00e1dio Life FM\",\"isPartOf\":{\"@id\":\"https:\/\/radiolifefm.com.br\/noticias\/#website\"},\"primaryImageOfPage\":{\"@id\":\"https:\/\/radiolifefm.com.br\/noticias\/um-desencontro-com-a-musica-em-terras-provincianas-no-tempo-da-power-sound-sergio-barbosa-coluna-opiniao\/#primaryimage\"},\"image\":{\"@id\":\"https:\/\/radiolifefm.com.br\/noticias\/um-desencontro-com-a-musica-em-terras-provincianas-no-tempo-da-power-sound-sergio-barbosa-coluna-opiniao\/#primaryimage\"},\"thumbnailUrl\":\"https:\/\/radiolifefm.com.br\/noticias\/wp-content\/uploads\/2019\/08\/Sebar-2-1.jpg\",\"datePublished\":\"2019-08-14T11:50:09+00:00\",\"dateModified\":\"2026-04-26T14:07:27+00:00\",\"breadcrumb\":{\"@id\":\"https:\/\/radiolifefm.com.br\/noticias\/um-desencontro-com-a-musica-em-terras-provincianas-no-tempo-da-power-sound-sergio-barbosa-coluna-opiniao\/#breadcrumb\"},\"inLanguage\":\"pt-BR\",\"potentialAction\":[{\"@type\":\"ReadAction\",\"target\":[\"https:\/\/radiolifefm.com.br\/noticias\/um-desencontro-com-a-musica-em-terras-provincianas-no-tempo-da-power-sound-sergio-barbosa-coluna-opiniao\/\"]}]},{\"@type\":\"ImageObject\",\"inLanguage\":\"pt-BR\",\"@id\":\"https:\/\/radiolifefm.com.br\/noticias\/um-desencontro-com-a-musica-em-terras-provincianas-no-tempo-da-power-sound-sergio-barbosa-coluna-opiniao\/#primaryimage\",\"url\":\"https:\/\/radiolifefm.com.br\/noticias\/wp-content\/uploads\/2019\/08\/Sebar-2-1.jpg\",\"contentUrl\":\"https:\/\/radiolifefm.com.br\/noticias\/wp-content\/uploads\/2019\/08\/Sebar-2-1.jpg\",\"width\":1920,\"height\":1080,\"caption\":\"Coluna Opini\u00e3o - S\u00e9rgio Barbosa - Cedeteca - Power Sound - Adamantina\"},{\"@type\":\"BreadcrumbList\",\"@id\":\"https:\/\/radiolifefm.com.br\/noticias\/um-desencontro-com-a-musica-em-terras-provincianas-no-tempo-da-power-sound-sergio-barbosa-coluna-opiniao\/#breadcrumb\",\"itemListElement\":[{\"@type\":\"ListItem\",\"position\":1,\"name\":\"In\u00edcio\",\"item\":\"https:\/\/radiolifefm.com.br\/noticias\/\"},{\"@type\":\"ListItem\",\"position\":2,\"name\":\"UM DESENCONTRO COM A M\u00daSICA EM TERRAS PROVINCIANAS NO TEMPO DA \u201cPOWER SOUND\u201d&#8230; S\u00e9rgio Barbosa &#8211; Coluna Opini\u00e3o\"}]},{\"@type\":\"WebSite\",\"@id\":\"https:\/\/radiolifefm.com.br\/noticias\/#website\",\"url\":\"https:\/\/radiolifefm.com.br\/noticias\/\",\"name\":\"R\u00e1dio Life FM\",\"description\":\"O Portal de Not\u00edcias de Adamantina\",\"publisher\":{\"@id\":\"https:\/\/radiolifefm.com.br\/noticias\/#organization\"},\"alternateName\":\"Life FM\",\"potentialAction\":[{\"@type\":\"SearchAction\",\"target\":{\"@type\":\"EntryPoint\",\"urlTemplate\":\"https:\/\/radiolifefm.com.br\/noticias\/?s={search_term_string}\"},\"query-input\":{\"@type\":\"PropertyValueSpecification\",\"valueRequired\":true,\"valueName\":\"search_term_string\"}}],\"inLanguage\":\"pt-BR\"},{\"@type\":\"Organization\",\"@id\":\"https:\/\/radiolifefm.com.br\/noticias\/#organization\",\"name\":\"R\u00e1dio Life FM\",\"alternateName\":\"Life FM\",\"url\":\"https:\/\/radiolifefm.com.br\/noticias\/\",\"logo\":{\"@type\":\"ImageObject\",\"inLanguage\":\"pt-BR\",\"@id\":\"https:\/\/radiolifefm.com.br\/noticias\/#\/schema\/logo\/image\/\",\"url\":\"https:\/\/static.radiolifefm.com.br\/noticias\/wp-content\/uploads\/2019\/10\/logo-lifefm.png\",\"contentUrl\":\"https:\/\/static.radiolifefm.com.br\/noticias\/wp-content\/uploads\/2019\/10\/logo-lifefm.png\",\"width\":196,\"height\":47,\"caption\":\"R\u00e1dio Life FM\"},\"image\":{\"@id\":\"https:\/\/radiolifefm.com.br\/noticias\/#\/schema\/logo\/image\/\"},\"sameAs\":[\"https:\/\/www.facebook.com\/radiolifefm\/\",\"https:\/\/www.instagram.com\/life1079fm\/\"]},{\"@type\":\"Person\",\"@id\":\"https:\/\/radiolifefm.com.br\/noticias\/#\/schema\/person\/1d4e4b1301322090c6221bf1c8420490\",\"name\":\"lifefm\",\"image\":{\"@type\":\"ImageObject\",\"inLanguage\":\"pt-BR\",\"@id\":\"https:\/\/secure.gravatar.com\/avatar\/eca268467d925ec97d20641bb054fd944c0abb2f92854171620706bbe6474e7c?s=96&d=mm&r=g\",\"url\":\"https:\/\/secure.gravatar.com\/avatar\/eca268467d925ec97d20641bb054fd944c0abb2f92854171620706bbe6474e7c?s=96&d=mm&r=g\",\"contentUrl\":\"https:\/\/secure.gravatar.com\/avatar\/eca268467d925ec97d20641bb054fd944c0abb2f92854171620706bbe6474e7c?s=96&d=mm&r=g\",\"caption\":\"lifefm\"}}]}<\/script>\n<!-- \/ Yoast SEO plugin. -->","yoast_head_json":{"title":"UM DESENCONTRO COM A M\u00daSICA EM TERRAS PROVINCIANAS NO TEMPO DA \u201cPOWER SOUND\u201d... S\u00e9rgio Barbosa - Coluna Opini\u00e3o - R\u00e1dio Life FM","robots":{"index":"index","follow":"follow","max-snippet":"max-snippet:-1","max-image-preview":"max-image-preview:large","max-video-preview":"max-video-preview:-1"},"canonical":"https:\/\/radiolifefm.com.br\/noticias\/um-desencontro-com-a-musica-em-terras-provincianas-no-tempo-da-power-sound-sergio-barbosa-coluna-opiniao\/","og_locale":"pt_BR","og_type":"article","og_title":"UM DESENCONTRO COM A M\u00daSICA EM TERRAS PROVINCIANAS NO TEMPO DA \u201cPOWER SOUND\u201d... S\u00e9rgio Barbosa - Coluna Opini\u00e3o - R\u00e1dio Life FM","og_description":"UM DESENCONTRO COM A M\u00daSICA EM TERRAS PROVINCIANAS NO TEMPO DA \u201cPOWER SOUND\u201d&#8230; \u201cA m\u00fasica \u00e9 o v\u00ednculo que une a vida do esp\u00edrito \u00e0 vida dos sentidos. A melodia \u00e9 a vida sens\u00edvel da poesia.\u201d (Ludwig van Beethoven) \u201cSem a m\u00fasica, a vida seria um erro.\u201d (Friedrich Nietzsche) Ao ADALBERTO e F\u00c1BIO, dedico! N\u00e3o [&hellip;]","og_url":"https:\/\/radiolifefm.com.br\/noticias\/um-desencontro-com-a-musica-em-terras-provincianas-no-tempo-da-power-sound-sergio-barbosa-coluna-opiniao\/","og_site_name":"R\u00e1dio Life FM","article_publisher":"https:\/\/www.facebook.com\/radiolifefm\/","article_published_time":"2019-08-14T11:50:09+00:00","article_modified_time":"2026-04-26T14:07:27+00:00","og_image":[{"width":1920,"height":1080,"url":"https:\/\/radiolifefm.com.br\/noticias\/wp-content\/uploads\/2019\/08\/Sebar-2-1.jpg","type":"image\/jpeg"}],"author":"lifefm","twitter_card":"summary_large_image","twitter_misc":{"Escrito por":"lifefm","Est. tempo de leitura":"3 minutos"},"schema":{"@context":"https:\/\/schema.org","@graph":[{"@type":"Article","@id":"https:\/\/radiolifefm.com.br\/noticias\/um-desencontro-com-a-musica-em-terras-provincianas-no-tempo-da-power-sound-sergio-barbosa-coluna-opiniao\/#article","isPartOf":{"@id":"https:\/\/radiolifefm.com.br\/noticias\/um-desencontro-com-a-musica-em-terras-provincianas-no-tempo-da-power-sound-sergio-barbosa-coluna-opiniao\/"},"author":{"name":"lifefm","@id":"https:\/\/radiolifefm.com.br\/noticias\/#\/schema\/person\/1d4e4b1301322090c6221bf1c8420490"},"headline":"UM DESENCONTRO COM A M\u00daSICA EM TERRAS PROVINCIANAS NO TEMPO DA \u201cPOWER SOUND\u201d&#8230; S\u00e9rgio Barbosa &#8211; Coluna Opini\u00e3o","datePublished":"2019-08-14T11:50:09+00:00","dateModified":"2026-04-26T14:07:27+00:00","mainEntityOfPage":{"@id":"https:\/\/radiolifefm.com.br\/noticias\/um-desencontro-com-a-musica-em-terras-provincianas-no-tempo-da-power-sound-sergio-barbosa-coluna-opiniao\/"},"wordCount":647,"commentCount":0,"publisher":{"@id":"https:\/\/radiolifefm.com.br\/noticias\/#organization"},"image":{"@id":"https:\/\/radiolifefm.com.br\/noticias\/um-desencontro-com-a-musica-em-terras-provincianas-no-tempo-da-power-sound-sergio-barbosa-coluna-opiniao\/#primaryimage"},"thumbnailUrl":"https:\/\/radiolifefm.com.br\/noticias\/wp-content\/uploads\/2019\/08\/Sebar-2-1.jpg","articleSection":["Opini\u00e3o"],"inLanguage":"pt-BR","potentialAction":[{"@type":"CommentAction","name":"Comment","target":["https:\/\/radiolifefm.com.br\/noticias\/um-desencontro-com-a-musica-em-terras-provincianas-no-tempo-da-power-sound-sergio-barbosa-coluna-opiniao\/#respond"]}]},{"@type":"WebPage","@id":"https:\/\/radiolifefm.com.br\/noticias\/um-desencontro-com-a-musica-em-terras-provincianas-no-tempo-da-power-sound-sergio-barbosa-coluna-opiniao\/","url":"https:\/\/radiolifefm.com.br\/noticias\/um-desencontro-com-a-musica-em-terras-provincianas-no-tempo-da-power-sound-sergio-barbosa-coluna-opiniao\/","name":"UM DESENCONTRO COM A M\u00daSICA EM TERRAS PROVINCIANAS NO TEMPO DA \u201cPOWER SOUND\u201d... S\u00e9rgio Barbosa - Coluna Opini\u00e3o - R\u00e1dio Life FM","isPartOf":{"@id":"https:\/\/radiolifefm.com.br\/noticias\/#website"},"primaryImageOfPage":{"@id":"https:\/\/radiolifefm.com.br\/noticias\/um-desencontro-com-a-musica-em-terras-provincianas-no-tempo-da-power-sound-sergio-barbosa-coluna-opiniao\/#primaryimage"},"image":{"@id":"https:\/\/radiolifefm.com.br\/noticias\/um-desencontro-com-a-musica-em-terras-provincianas-no-tempo-da-power-sound-sergio-barbosa-coluna-opiniao\/#primaryimage"},"thumbnailUrl":"https:\/\/radiolifefm.com.br\/noticias\/wp-content\/uploads\/2019\/08\/Sebar-2-1.jpg","datePublished":"2019-08-14T11:50:09+00:00","dateModified":"2026-04-26T14:07:27+00:00","breadcrumb":{"@id":"https:\/\/radiolifefm.com.br\/noticias\/um-desencontro-com-a-musica-em-terras-provincianas-no-tempo-da-power-sound-sergio-barbosa-coluna-opiniao\/#breadcrumb"},"inLanguage":"pt-BR","potentialAction":[{"@type":"ReadAction","target":["https:\/\/radiolifefm.com.br\/noticias\/um-desencontro-com-a-musica-em-terras-provincianas-no-tempo-da-power-sound-sergio-barbosa-coluna-opiniao\/"]}]},{"@type":"ImageObject","inLanguage":"pt-BR","@id":"https:\/\/radiolifefm.com.br\/noticias\/um-desencontro-com-a-musica-em-terras-provincianas-no-tempo-da-power-sound-sergio-barbosa-coluna-opiniao\/#primaryimage","url":"https:\/\/radiolifefm.com.br\/noticias\/wp-content\/uploads\/2019\/08\/Sebar-2-1.jpg","contentUrl":"https:\/\/radiolifefm.com.br\/noticias\/wp-content\/uploads\/2019\/08\/Sebar-2-1.jpg","width":1920,"height":1080,"caption":"Coluna Opini\u00e3o - S\u00e9rgio Barbosa - Cedeteca - Power Sound - Adamantina"},{"@type":"BreadcrumbList","@id":"https:\/\/radiolifefm.com.br\/noticias\/um-desencontro-com-a-musica-em-terras-provincianas-no-tempo-da-power-sound-sergio-barbosa-coluna-opiniao\/#breadcrumb","itemListElement":[{"@type":"ListItem","position":1,"name":"In\u00edcio","item":"https:\/\/radiolifefm.com.br\/noticias\/"},{"@type":"ListItem","position":2,"name":"UM DESENCONTRO COM A M\u00daSICA EM TERRAS PROVINCIANAS NO TEMPO DA \u201cPOWER SOUND\u201d&#8230; S\u00e9rgio Barbosa &#8211; Coluna Opini\u00e3o"}]},{"@type":"WebSite","@id":"https:\/\/radiolifefm.com.br\/noticias\/#website","url":"https:\/\/radiolifefm.com.br\/noticias\/","name":"R\u00e1dio Life FM","description":"O Portal de Not\u00edcias de Adamantina","publisher":{"@id":"https:\/\/radiolifefm.com.br\/noticias\/#organization"},"alternateName":"Life FM","potentialAction":[{"@type":"SearchAction","target":{"@type":"EntryPoint","urlTemplate":"https:\/\/radiolifefm.com.br\/noticias\/?s={search_term_string}"},"query-input":{"@type":"PropertyValueSpecification","valueRequired":true,"valueName":"search_term_string"}}],"inLanguage":"pt-BR"},{"@type":"Organization","@id":"https:\/\/radiolifefm.com.br\/noticias\/#organization","name":"R\u00e1dio Life FM","alternateName":"Life FM","url":"https:\/\/radiolifefm.com.br\/noticias\/","logo":{"@type":"ImageObject","inLanguage":"pt-BR","@id":"https:\/\/radiolifefm.com.br\/noticias\/#\/schema\/logo\/image\/","url":"https:\/\/static.radiolifefm.com.br\/noticias\/wp-content\/uploads\/2019\/10\/logo-lifefm.png","contentUrl":"https:\/\/static.radiolifefm.com.br\/noticias\/wp-content\/uploads\/2019\/10\/logo-lifefm.png","width":196,"height":47,"caption":"R\u00e1dio Life FM"},"image":{"@id":"https:\/\/radiolifefm.com.br\/noticias\/#\/schema\/logo\/image\/"},"sameAs":["https:\/\/www.facebook.com\/radiolifefm\/","https:\/\/www.instagram.com\/life1079fm\/"]},{"@type":"Person","@id":"https:\/\/radiolifefm.com.br\/noticias\/#\/schema\/person\/1d4e4b1301322090c6221bf1c8420490","name":"lifefm","image":{"@type":"ImageObject","inLanguage":"pt-BR","@id":"https:\/\/secure.gravatar.com\/avatar\/eca268467d925ec97d20641bb054fd944c0abb2f92854171620706bbe6474e7c?s=96&d=mm&r=g","url":"https:\/\/secure.gravatar.com\/avatar\/eca268467d925ec97d20641bb054fd944c0abb2f92854171620706bbe6474e7c?s=96&d=mm&r=g","contentUrl":"https:\/\/secure.gravatar.com\/avatar\/eca268467d925ec97d20641bb054fd944c0abb2f92854171620706bbe6474e7c?s=96&d=mm&r=g","caption":"lifefm"}}]}},"amp_enabled":true,"_links":{"self":[{"href":"https:\/\/radiolifefm.com.br\/noticias\/wp-json\/wp\/v2\/posts\/15405","targetHints":{"allow":["GET"]}}],"collection":[{"href":"https:\/\/radiolifefm.com.br\/noticias\/wp-json\/wp\/v2\/posts"}],"about":[{"href":"https:\/\/radiolifefm.com.br\/noticias\/wp-json\/wp\/v2\/types\/post"}],"author":[{"embeddable":true,"href":"https:\/\/radiolifefm.com.br\/noticias\/wp-json\/wp\/v2\/users\/3"}],"replies":[{"embeddable":true,"href":"https:\/\/radiolifefm.com.br\/noticias\/wp-json\/wp\/v2\/comments?post=15405"}],"version-history":[{"count":4,"href":"https:\/\/radiolifefm.com.br\/noticias\/wp-json\/wp\/v2\/posts\/15405\/revisions"}],"predecessor-version":[{"id":15469,"href":"https:\/\/radiolifefm.com.br\/noticias\/wp-json\/wp\/v2\/posts\/15405\/revisions\/15469"}],"wp:featuredmedia":[{"embeddable":true,"href":"https:\/\/radiolifefm.com.br\/noticias\/wp-json\/wp\/v2\/media\/15408"}],"wp:attachment":[{"href":"https:\/\/radiolifefm.com.br\/noticias\/wp-json\/wp\/v2\/media?parent=15405"}],"wp:term":[{"taxonomy":"category","embeddable":true,"href":"https:\/\/radiolifefm.com.br\/noticias\/wp-json\/wp\/v2\/categories?post=15405"},{"taxonomy":"post_tag","embeddable":true,"href":"https:\/\/radiolifefm.com.br\/noticias\/wp-json\/wp\/v2\/tags?post=15405"}],"curies":[{"name":"wp","href":"https:\/\/api.w.org\/{rel}","templated":true}]}}