{"id":15380,"date":"2019-08-12T11:25:01","date_gmt":"2019-08-12T14:25:01","guid":{"rendered":"https:\/\/radiolifefm.com.br\/noticias\/?p=15380"},"modified":"2026-04-26T17:58:48","modified_gmt":"2026-04-26T20:58:48","slug":"homem-comete-suicidio-dentro-de-delegacia-de-policia-em-tupa","status":"publish","type":"post","link":"https:\/\/radiolifefm.com.br\/noticias\/homem-comete-suicidio-dentro-de-delegacia-de-policia-em-tupa\/","title":{"rendered":"Homem comete suic\u00eddio dentro de delegacia de Pol\u00edcia em Tup\u00e3"},"content":{"rendered":"<div id=\"fb-root\"><\/div>\n<p><em>Dorival Aparecido Monteiro tinha 56 anos de idade<\/em><\/p>\n<p>Dorival Aparecido Monteiro, 56 anos, foi encontrado enforcado na cela na CPJ de Tup\u00e3, na madrugada deste domingo, dia 11, ap\u00f3s ser preso por porte ilegal de arma de fogo, no s\u00e1bado na noite. Ele se enforcou com um cobertor levado por familiares.<\/p>\n<p>A ocorr\u00eancia, registrada como porte ilegal de arma do fogo, foi registrada pela Policia Militar de Tup\u00e3, por volta das 23h30 deste s\u00e1bado, dia 10, em Tup\u00e3. O caso ocorreu na Rua Melvin Jones e o homem de 56 anos, foi autuado em flagrante.<\/p>\n<p>Consta no B.O., que a equipe de For\u00e7a T\u00e1tica recebeu informa\u00e7\u00f5es que, ap\u00f3s um desentendimento familiar, em uma ch\u00e1cara do condom\u00ednio Vale Verde, o homem saiu do local em um ve\u00edculo Saveiro, em dire\u00e7\u00e3o \u00e0 Rua Brasil.<\/p>\n<p>Ap\u00f3s diligencias, os policiais conseguiram localizar o ve\u00edculo e o acusado foi abordado, sendo localizado pela equipe, com o mesmo, um rev\u00f3lver calibre 38, acabamento em inox, com numera\u00e7\u00e3o suprimida, desmuniciado, ele assumiu a posse da arma.<\/p>\n<p>Ele foi conduzido \u00e0 Central de Pol\u00edcia Judici\u00e1ria, onde foi autuado em flagrante por porte ilegal de arma de fogo.<\/p>\n<p>O homem permaneceu detido para ser encaminhando para audi\u00eancia de custodia, mas, por volta das 5 horas da madrugada, deste domingo, foi encontrado enforcado na cela.<\/p>\n<p>O corpo de Dorival Aparecido Monteiro, foi removido para O IML de Tup\u00e3.<\/p>\n<p>&nbsp;<\/p>\n<p>Fonte: Tup\u00e3 Not\u00edcias<\/p>\n","protected":false},"excerpt":{"rendered":"<p>Dorival Aparecido Monteiro tinha 56 anos de idade Dorival Aparecido Monteiro, 56 anos, foi encontrado enforcado na cela na CPJ de Tup\u00e3, na madrugada deste domingo, dia 11, ap\u00f3s ser preso por porte ilegal de arma de fogo, no s\u00e1bado na noite. Ele se enforcou com um cobertor levado por familiares. A ocorr\u00eancia, registrada como [&hellip;]<\/p>\n","protected":false},"author":3,"featured_media":15381,"comment_status":"closed","ping_status":"open","sticky":false,"template":"","format":"standard","meta":{"_acf_changed":false,"_exactmetrics_skip_tracking":false,"_exactmetrics_sitenote_active":false,"_exactmetrics_sitenote_note":"","_exactmetrics_sitenote_category":0,"footnotes":""},"categories":[24],"tags":[],"class_list":["post-15380","post","type-post","status-publish","format-standard","has-post-thumbnail","hentry","category-regiao"],"acf":[],"yoast_head":"<!-- This site is optimized with the Yoast SEO plugin v27.2 - https:\/\/yoast.com\/product\/yoast-seo-wordpress\/ -->\n<title>Homem comete suic\u00eddio dentro de delegacia de Pol\u00edcia em Tup\u00e3 - R\u00e1dio Life FM<\/title>\n<meta name=\"robots\" content=\"index, follow, max-snippet:-1, max-image-preview:large, max-video-preview:-1\" \/>\n<link rel=\"canonical\" href=\"https:\/\/radiolifefm.com.br\/noticias\/homem-comete-suicidio-dentro-de-delegacia-de-policia-em-tupa\/\" \/>\n<meta property=\"og:locale\" content=\"pt_BR\" \/>\n<meta property=\"og:type\" content=\"article\" \/>\n<meta property=\"og:title\" content=\"Homem comete suic\u00eddio dentro de delegacia de Pol\u00edcia em Tup\u00e3 - R\u00e1dio Life FM\" \/>\n<meta property=\"og:description\" content=\"Dorival Aparecido Monteiro tinha 56 anos de idade Dorival Aparecido Monteiro, 56 anos, foi encontrado enforcado na cela na CPJ de Tup\u00e3, na madrugada deste domingo, dia 11, ap\u00f3s ser preso por porte ilegal de arma de fogo, no s\u00e1bado na noite. Ele se enforcou com um cobertor levado por familiares. A ocorr\u00eancia, registrada como [&hellip;]\" \/>\n<meta property=\"og:url\" content=\"https:\/\/radiolifefm.com.br\/noticias\/homem-comete-suicidio-dentro-de-delegacia-de-policia-em-tupa\/\" \/>\n<meta property=\"og:site_name\" content=\"R\u00e1dio Life FM\" \/>\n<meta property=\"article:publisher\" content=\"https:\/\/www.facebook.com\/radiolifefm\/\" \/>\n<meta property=\"article:published_time\" content=\"2019-08-12T14:25:01+00:00\" \/>\n<meta property=\"article:modified_time\" content=\"2026-04-26T20:58:48+00:00\" \/>\n<meta property=\"og:image\" content=\"https:\/\/radiolifefm.com.br\/noticias\/wp-content\/uploads\/2019\/08\/Enforcado-na-cela-Tup\u00e3.jpg\" \/>\n\t<meta property=\"og:image:width\" content=\"300\" \/>\n\t<meta property=\"og:image:height\" content=\"374\" \/>\n\t<meta property=\"og:image:type\" content=\"image\/jpeg\" \/>\n<meta name=\"author\" content=\"lifefm\" \/>\n<meta name=\"twitter:card\" content=\"summary_large_image\" \/>\n<meta name=\"twitter:label1\" content=\"Escrito por\" \/>\n\t<meta name=\"twitter:data1\" content=\"lifefm\" \/>\n\t<meta name=\"twitter:label2\" content=\"Est. tempo de leitura\" \/>\n\t<meta name=\"twitter:data2\" content=\"1 minuto\" \/>\n<script type=\"application\/ld+json\" class=\"yoast-schema-graph\">{\"@context\":\"https:\/\/schema.org\",\"@graph\":[{\"@type\":\"Article\",\"@id\":\"https:\/\/radiolifefm.com.br\/noticias\/homem-comete-suicidio-dentro-de-delegacia-de-policia-em-tupa\/#article\",\"isPartOf\":{\"@id\":\"https:\/\/radiolifefm.com.br\/noticias\/homem-comete-suicidio-dentro-de-delegacia-de-policia-em-tupa\/\"},\"author\":{\"name\":\"lifefm\",\"@id\":\"https:\/\/radiolifefm.com.br\/noticias\/#\/schema\/person\/1d4e4b1301322090c6221bf1c8420490\"},\"headline\":\"Homem comete suic\u00eddio dentro de delegacia de Pol\u00edcia em Tup\u00e3\",\"datePublished\":\"2019-08-12T14:25:01+00:00\",\"dateModified\":\"2026-04-26T20:58:48+00:00\",\"mainEntityOfPage\":{\"@id\":\"https:\/\/radiolifefm.com.br\/noticias\/homem-comete-suicidio-dentro-de-delegacia-de-policia-em-tupa\/\"},\"wordCount\":256,\"publisher\":{\"@id\":\"https:\/\/radiolifefm.com.br\/noticias\/#organization\"},\"image\":{\"@id\":\"https:\/\/radiolifefm.com.br\/noticias\/homem-comete-suicidio-dentro-de-delegacia-de-policia-em-tupa\/#primaryimage\"},\"thumbnailUrl\":\"https:\/\/radiolifefm.com.br\/noticias\/wp-content\/uploads\/2019\/08\/Enforcado-na-cela-Tup\u00e3.jpg\",\"articleSection\":[\"Regi\u00e3o\"],\"inLanguage\":\"pt-BR\"},{\"@type\":\"WebPage\",\"@id\":\"https:\/\/radiolifefm.com.br\/noticias\/homem-comete-suicidio-dentro-de-delegacia-de-policia-em-tupa\/\",\"url\":\"https:\/\/radiolifefm.com.br\/noticias\/homem-comete-suicidio-dentro-de-delegacia-de-policia-em-tupa\/\",\"name\":\"Homem comete suic\u00eddio dentro de delegacia de Pol\u00edcia em Tup\u00e3 - R\u00e1dio Life FM\",\"isPartOf\":{\"@id\":\"https:\/\/radiolifefm.com.br\/noticias\/#website\"},\"primaryImageOfPage\":{\"@id\":\"https:\/\/radiolifefm.com.br\/noticias\/homem-comete-suicidio-dentro-de-delegacia-de-policia-em-tupa\/#primaryimage\"},\"image\":{\"@id\":\"https:\/\/radiolifefm.com.br\/noticias\/homem-comete-suicidio-dentro-de-delegacia-de-policia-em-tupa\/#primaryimage\"},\"thumbnailUrl\":\"https:\/\/radiolifefm.com.br\/noticias\/wp-content\/uploads\/2019\/08\/Enforcado-na-cela-Tup\u00e3.jpg\",\"datePublished\":\"2019-08-12T14:25:01+00:00\",\"dateModified\":\"2026-04-26T20:58:48+00:00\",\"breadcrumb\":{\"@id\":\"https:\/\/radiolifefm.com.br\/noticias\/homem-comete-suicidio-dentro-de-delegacia-de-policia-em-tupa\/#breadcrumb\"},\"inLanguage\":\"pt-BR\",\"potentialAction\":[{\"@type\":\"ReadAction\",\"target\":[\"https:\/\/radiolifefm.com.br\/noticias\/homem-comete-suicidio-dentro-de-delegacia-de-policia-em-tupa\/\"]}]},{\"@type\":\"ImageObject\",\"inLanguage\":\"pt-BR\",\"@id\":\"https:\/\/radiolifefm.com.br\/noticias\/homem-comete-suicidio-dentro-de-delegacia-de-policia-em-tupa\/#primaryimage\",\"url\":\"https:\/\/radiolifefm.com.br\/noticias\/wp-content\/uploads\/2019\/08\/Enforcado-na-cela-Tup\u00e3.jpg\",\"contentUrl\":\"https:\/\/radiolifefm.com.br\/noticias\/wp-content\/uploads\/2019\/08\/Enforcado-na-cela-Tup\u00e3.jpg\",\"width\":300,\"height\":374},{\"@type\":\"BreadcrumbList\",\"@id\":\"https:\/\/radiolifefm.com.br\/noticias\/homem-comete-suicidio-dentro-de-delegacia-de-policia-em-tupa\/#breadcrumb\",\"itemListElement\":[{\"@type\":\"ListItem\",\"position\":1,\"name\":\"In\u00edcio\",\"item\":\"https:\/\/radiolifefm.com.br\/noticias\/\"},{\"@type\":\"ListItem\",\"position\":2,\"name\":\"Homem comete suic\u00eddio dentro de delegacia de Pol\u00edcia em Tup\u00e3\"}]},{\"@type\":\"WebSite\",\"@id\":\"https:\/\/radiolifefm.com.br\/noticias\/#website\",\"url\":\"https:\/\/radiolifefm.com.br\/noticias\/\",\"name\":\"R\u00e1dio Life FM\",\"description\":\"O Portal de Not\u00edcias de Adamantina\",\"publisher\":{\"@id\":\"https:\/\/radiolifefm.com.br\/noticias\/#organization\"},\"alternateName\":\"Life FM\",\"potentialAction\":[{\"@type\":\"SearchAction\",\"target\":{\"@type\":\"EntryPoint\",\"urlTemplate\":\"https:\/\/radiolifefm.com.br\/noticias\/?s={search_term_string}\"},\"query-input\":{\"@type\":\"PropertyValueSpecification\",\"valueRequired\":true,\"valueName\":\"search_term_string\"}}],\"inLanguage\":\"pt-BR\"},{\"@type\":\"Organization\",\"@id\":\"https:\/\/radiolifefm.com.br\/noticias\/#organization\",\"name\":\"R\u00e1dio Life FM\",\"alternateName\":\"Life FM\",\"url\":\"https:\/\/radiolifefm.com.br\/noticias\/\",\"logo\":{\"@type\":\"ImageObject\",\"inLanguage\":\"pt-BR\",\"@id\":\"https:\/\/radiolifefm.com.br\/noticias\/#\/schema\/logo\/image\/\",\"url\":\"https:\/\/static.radiolifefm.com.br\/noticias\/wp-content\/uploads\/2019\/10\/logo-lifefm.png\",\"contentUrl\":\"https:\/\/static.radiolifefm.com.br\/noticias\/wp-content\/uploads\/2019\/10\/logo-lifefm.png\",\"width\":196,\"height\":47,\"caption\":\"R\u00e1dio Life FM\"},\"image\":{\"@id\":\"https:\/\/radiolifefm.com.br\/noticias\/#\/schema\/logo\/image\/\"},\"sameAs\":[\"https:\/\/www.facebook.com\/radiolifefm\/\",\"https:\/\/www.instagram.com\/life1079fm\/\"]},{\"@type\":\"Person\",\"@id\":\"https:\/\/radiolifefm.com.br\/noticias\/#\/schema\/person\/1d4e4b1301322090c6221bf1c8420490\",\"name\":\"lifefm\",\"image\":{\"@type\":\"ImageObject\",\"inLanguage\":\"pt-BR\",\"@id\":\"https:\/\/secure.gravatar.com\/avatar\/eca268467d925ec97d20641bb054fd944c0abb2f92854171620706bbe6474e7c?s=96&d=mm&r=g\",\"url\":\"https:\/\/secure.gravatar.com\/avatar\/eca268467d925ec97d20641bb054fd944c0abb2f92854171620706bbe6474e7c?s=96&d=mm&r=g\",\"contentUrl\":\"https:\/\/secure.gravatar.com\/avatar\/eca268467d925ec97d20641bb054fd944c0abb2f92854171620706bbe6474e7c?s=96&d=mm&r=g\",\"caption\":\"lifefm\"}}]}<\/script>\n<!-- \/ Yoast SEO plugin. -->","yoast_head_json":{"title":"Homem comete suic\u00eddio dentro de delegacia de Pol\u00edcia em Tup\u00e3 - R\u00e1dio Life FM","robots":{"index":"index","follow":"follow","max-snippet":"max-snippet:-1","max-image-preview":"max-image-preview:large","max-video-preview":"max-video-preview:-1"},"canonical":"https:\/\/radiolifefm.com.br\/noticias\/homem-comete-suicidio-dentro-de-delegacia-de-policia-em-tupa\/","og_locale":"pt_BR","og_type":"article","og_title":"Homem comete suic\u00eddio dentro de delegacia de Pol\u00edcia em Tup\u00e3 - R\u00e1dio Life FM","og_description":"Dorival Aparecido Monteiro tinha 56 anos de idade Dorival Aparecido Monteiro, 56 anos, foi encontrado enforcado na cela na CPJ de Tup\u00e3, na madrugada deste domingo, dia 11, ap\u00f3s ser preso por porte ilegal de arma de fogo, no s\u00e1bado na noite. Ele se enforcou com um cobertor levado por familiares. A ocorr\u00eancia, registrada como [&hellip;]","og_url":"https:\/\/radiolifefm.com.br\/noticias\/homem-comete-suicidio-dentro-de-delegacia-de-policia-em-tupa\/","og_site_name":"R\u00e1dio Life FM","article_publisher":"https:\/\/www.facebook.com\/radiolifefm\/","article_published_time":"2019-08-12T14:25:01+00:00","article_modified_time":"2026-04-26T20:58:48+00:00","og_image":[{"width":300,"height":374,"url":"https:\/\/radiolifefm.com.br\/noticias\/wp-content\/uploads\/2019\/08\/Enforcado-na-cela-Tup\u00e3.jpg","type":"image\/jpeg"}],"author":"lifefm","twitter_card":"summary_large_image","twitter_misc":{"Escrito por":"lifefm","Est. tempo de leitura":"1 minuto"},"schema":{"@context":"https:\/\/schema.org","@graph":[{"@type":"Article","@id":"https:\/\/radiolifefm.com.br\/noticias\/homem-comete-suicidio-dentro-de-delegacia-de-policia-em-tupa\/#article","isPartOf":{"@id":"https:\/\/radiolifefm.com.br\/noticias\/homem-comete-suicidio-dentro-de-delegacia-de-policia-em-tupa\/"},"author":{"name":"lifefm","@id":"https:\/\/radiolifefm.com.br\/noticias\/#\/schema\/person\/1d4e4b1301322090c6221bf1c8420490"},"headline":"Homem comete suic\u00eddio dentro de delegacia de Pol\u00edcia em Tup\u00e3","datePublished":"2019-08-12T14:25:01+00:00","dateModified":"2026-04-26T20:58:48+00:00","mainEntityOfPage":{"@id":"https:\/\/radiolifefm.com.br\/noticias\/homem-comete-suicidio-dentro-de-delegacia-de-policia-em-tupa\/"},"wordCount":256,"publisher":{"@id":"https:\/\/radiolifefm.com.br\/noticias\/#organization"},"image":{"@id":"https:\/\/radiolifefm.com.br\/noticias\/homem-comete-suicidio-dentro-de-delegacia-de-policia-em-tupa\/#primaryimage"},"thumbnailUrl":"https:\/\/radiolifefm.com.br\/noticias\/wp-content\/uploads\/2019\/08\/Enforcado-na-cela-Tup\u00e3.jpg","articleSection":["Regi\u00e3o"],"inLanguage":"pt-BR"},{"@type":"WebPage","@id":"https:\/\/radiolifefm.com.br\/noticias\/homem-comete-suicidio-dentro-de-delegacia-de-policia-em-tupa\/","url":"https:\/\/radiolifefm.com.br\/noticias\/homem-comete-suicidio-dentro-de-delegacia-de-policia-em-tupa\/","name":"Homem comete suic\u00eddio dentro de delegacia de Pol\u00edcia em Tup\u00e3 - R\u00e1dio Life FM","isPartOf":{"@id":"https:\/\/radiolifefm.com.br\/noticias\/#website"},"primaryImageOfPage":{"@id":"https:\/\/radiolifefm.com.br\/noticias\/homem-comete-suicidio-dentro-de-delegacia-de-policia-em-tupa\/#primaryimage"},"image":{"@id":"https:\/\/radiolifefm.com.br\/noticias\/homem-comete-suicidio-dentro-de-delegacia-de-policia-em-tupa\/#primaryimage"},"thumbnailUrl":"https:\/\/radiolifefm.com.br\/noticias\/wp-content\/uploads\/2019\/08\/Enforcado-na-cela-Tup\u00e3.jpg","datePublished":"2019-08-12T14:25:01+00:00","dateModified":"2026-04-26T20:58:48+00:00","breadcrumb":{"@id":"https:\/\/radiolifefm.com.br\/noticias\/homem-comete-suicidio-dentro-de-delegacia-de-policia-em-tupa\/#breadcrumb"},"inLanguage":"pt-BR","potentialAction":[{"@type":"ReadAction","target":["https:\/\/radiolifefm.com.br\/noticias\/homem-comete-suicidio-dentro-de-delegacia-de-policia-em-tupa\/"]}]},{"@type":"ImageObject","inLanguage":"pt-BR","@id":"https:\/\/radiolifefm.com.br\/noticias\/homem-comete-suicidio-dentro-de-delegacia-de-policia-em-tupa\/#primaryimage","url":"https:\/\/radiolifefm.com.br\/noticias\/wp-content\/uploads\/2019\/08\/Enforcado-na-cela-Tup\u00e3.jpg","contentUrl":"https:\/\/radiolifefm.com.br\/noticias\/wp-content\/uploads\/2019\/08\/Enforcado-na-cela-Tup\u00e3.jpg","width":300,"height":374},{"@type":"BreadcrumbList","@id":"https:\/\/radiolifefm.com.br\/noticias\/homem-comete-suicidio-dentro-de-delegacia-de-policia-em-tupa\/#breadcrumb","itemListElement":[{"@type":"ListItem","position":1,"name":"In\u00edcio","item":"https:\/\/radiolifefm.com.br\/noticias\/"},{"@type":"ListItem","position":2,"name":"Homem comete suic\u00eddio dentro de delegacia de Pol\u00edcia em Tup\u00e3"}]},{"@type":"WebSite","@id":"https:\/\/radiolifefm.com.br\/noticias\/#website","url":"https:\/\/radiolifefm.com.br\/noticias\/","name":"R\u00e1dio Life FM","description":"O Portal de Not\u00edcias de Adamantina","publisher":{"@id":"https:\/\/radiolifefm.com.br\/noticias\/#organization"},"alternateName":"Life FM","potentialAction":[{"@type":"SearchAction","target":{"@type":"EntryPoint","urlTemplate":"https:\/\/radiolifefm.com.br\/noticias\/?s={search_term_string}"},"query-input":{"@type":"PropertyValueSpecification","valueRequired":true,"valueName":"search_term_string"}}],"inLanguage":"pt-BR"},{"@type":"Organization","@id":"https:\/\/radiolifefm.com.br\/noticias\/#organization","name":"R\u00e1dio Life FM","alternateName":"Life FM","url":"https:\/\/radiolifefm.com.br\/noticias\/","logo":{"@type":"ImageObject","inLanguage":"pt-BR","@id":"https:\/\/radiolifefm.com.br\/noticias\/#\/schema\/logo\/image\/","url":"https:\/\/static.radiolifefm.com.br\/noticias\/wp-content\/uploads\/2019\/10\/logo-lifefm.png","contentUrl":"https:\/\/static.radiolifefm.com.br\/noticias\/wp-content\/uploads\/2019\/10\/logo-lifefm.png","width":196,"height":47,"caption":"R\u00e1dio Life FM"},"image":{"@id":"https:\/\/radiolifefm.com.br\/noticias\/#\/schema\/logo\/image\/"},"sameAs":["https:\/\/www.facebook.com\/radiolifefm\/","https:\/\/www.instagram.com\/life1079fm\/"]},{"@type":"Person","@id":"https:\/\/radiolifefm.com.br\/noticias\/#\/schema\/person\/1d4e4b1301322090c6221bf1c8420490","name":"lifefm","image":{"@type":"ImageObject","inLanguage":"pt-BR","@id":"https:\/\/secure.gravatar.com\/avatar\/eca268467d925ec97d20641bb054fd944c0abb2f92854171620706bbe6474e7c?s=96&d=mm&r=g","url":"https:\/\/secure.gravatar.com\/avatar\/eca268467d925ec97d20641bb054fd944c0abb2f92854171620706bbe6474e7c?s=96&d=mm&r=g","contentUrl":"https:\/\/secure.gravatar.com\/avatar\/eca268467d925ec97d20641bb054fd944c0abb2f92854171620706bbe6474e7c?s=96&d=mm&r=g","caption":"lifefm"}}]}},"amp_enabled":true,"_links":{"self":[{"href":"https:\/\/radiolifefm.com.br\/noticias\/wp-json\/wp\/v2\/posts\/15380","targetHints":{"allow":["GET"]}}],"collection":[{"href":"https:\/\/radiolifefm.com.br\/noticias\/wp-json\/wp\/v2\/posts"}],"about":[{"href":"https:\/\/radiolifefm.com.br\/noticias\/wp-json\/wp\/v2\/types\/post"}],"author":[{"embeddable":true,"href":"https:\/\/radiolifefm.com.br\/noticias\/wp-json\/wp\/v2\/users\/3"}],"replies":[{"embeddable":true,"href":"https:\/\/radiolifefm.com.br\/noticias\/wp-json\/wp\/v2\/comments?post=15380"}],"version-history":[{"count":1,"href":"https:\/\/radiolifefm.com.br\/noticias\/wp-json\/wp\/v2\/posts\/15380\/revisions"}],"predecessor-version":[{"id":15382,"href":"https:\/\/radiolifefm.com.br\/noticias\/wp-json\/wp\/v2\/posts\/15380\/revisions\/15382"}],"wp:featuredmedia":[{"embeddable":true,"href":"https:\/\/radiolifefm.com.br\/noticias\/wp-json\/wp\/v2\/media\/15381"}],"wp:attachment":[{"href":"https:\/\/radiolifefm.com.br\/noticias\/wp-json\/wp\/v2\/media?parent=15380"}],"wp:term":[{"taxonomy":"category","embeddable":true,"href":"https:\/\/radiolifefm.com.br\/noticias\/wp-json\/wp\/v2\/categories?post=15380"},{"taxonomy":"post_tag","embeddable":true,"href":"https:\/\/radiolifefm.com.br\/noticias\/wp-json\/wp\/v2\/tags?post=15380"}],"curies":[{"name":"wp","href":"https:\/\/api.w.org\/{rel}","templated":true}]}}