{"id":15199,"date":"2019-08-05T11:16:30","date_gmt":"2019-08-05T14:16:30","guid":{"rendered":"https:\/\/radiolifefm.com.br\/noticias\/?p=15199"},"modified":"2026-02-12T04:52:00","modified_gmt":"2026-02-12T07:52:00","slug":"acidente-grave-no-trevo-do-bairro-venda-branca-deixa-dois-idosos-feridos","status":"publish","type":"post","link":"https:\/\/radiolifefm.com.br\/noticias\/acidente-grave-no-trevo-do-bairro-venda-branca-deixa-dois-idosos-feridos\/","title":{"rendered":"Acidente grave no trevo do bairro Venda Branca deixa dois idosos feridos"},"content":{"rendered":"<div id=\"fb-root\"><\/div>\n<p><em>Ocorr\u00eancia foi registrada neste domingo (04) em Osvaldo Cruz<\/em><\/p>\n<p>A Pol\u00edcia Militar Rodovi\u00e1ria base operacional de Adamantina registrou um grave acidente na tarde deste domingo (04) envolvendo uma carreta Scania com placas de Capivari\/SP e um Corsa de Osvaldo Cruz.<\/p>\n<p>De acordo com W.T., 33 anos, motorista da carreta, ele seguia sentindo Osvaldo Cruz &#8211; Adamantina, quando no trevo do bairro Venda Branca o Corsa que seguia sentindo Bairro Venda Branca a SP-294, invadiu a pista onde houve a colis\u00e3o. Com o impacto o carro girou sobre a pista vindo a colidir novamente no caminh\u00e3o.<\/p>\n<p>Dois idosos que ocupavam o carro ficaram gravemente feridos e foram socorridos pela Unidade Resgate do Corpo de Bombeiros de Osvaldo Cruz at\u00e9 a Santa Casa local.<\/p>\n<p>G.L., de 66 anos, motorista do Corsa entrou em parada card\u00edaca e precisou ser reanimado pelos bombeiros dentro da viatura de Resgate, j\u00e1 o passageiro C.R.C., de 69 anos, teve v\u00e1rios ferimentos graves.<\/p>\n<p>A reportagem do Portal Metr\u00f3pole de Not\u00edcias entrou em contato com familiares das v\u00edtimas que informaram que ambos ser\u00e3o transferidos para hospitais da regi\u00e3o depois de estabilizadas.<\/p>\n<p>Trabalharam na ocorr\u00eancia a Pol\u00edcia Militar Rodovi\u00e1ria Base Operacional de Adamantina, policiamento \u00e1rea de Osvaldo Cruz, Corpo de Bombeiros, Policia Cient\u00edfica e a equipe do DER que controlou o tr\u00e2nsito at\u00e9 a finaliza\u00e7\u00e3o da ocorr\u00eancia.<\/p>\n<div class='flex flex-wrap items-center -mx-1'>\r\n<a class='thumbnail gallery p-1 w-1\/2 md:w-1\/4' href='https:\/\/radiolifefm.com.br\/noticias\/wp-content\/uploads\/2019\/08\/Acidente-Idosos.jpg'><img class='border border-white' src='https:\/\/radiolifefm.com.br\/noticias\/wp-content\/uploads\/2019\/08\/Acidente-Idosos-200x200.jpg' alt='Acidente Idosos' \/><\/a><\/div>\n<p>Portal Metr\u00f3pole de Not\u00edcias<\/p>\n","protected":false},"excerpt":{"rendered":"<p>Ocorr\u00eancia foi registrada neste domingo (04) em Osvaldo Cruz A Pol\u00edcia Militar Rodovi\u00e1ria base operacional de Adamantina registrou um grave acidente na tarde deste domingo (04) envolvendo uma carreta Scania com placas de Capivari\/SP e um Corsa de Osvaldo Cruz. De acordo com W.T., 33 anos, motorista da carreta, ele seguia sentindo Osvaldo Cruz &#8211; [&hellip;]<\/p>\n","protected":false},"author":3,"featured_media":15200,"comment_status":"closed","ping_status":"open","sticky":false,"template":"","format":"standard","meta":{"_acf_changed":false,"_exactmetrics_skip_tracking":false,"_exactmetrics_sitenote_active":false,"_exactmetrics_sitenote_note":"","_exactmetrics_sitenote_category":0,"footnotes":""},"categories":[24],"tags":[],"class_list":["post-15199","post","type-post","status-publish","format-standard","has-post-thumbnail","hentry","category-regiao"],"acf":[],"yoast_head":"<!-- This site is optimized with the Yoast SEO plugin v27.2 - https:\/\/yoast.com\/product\/yoast-seo-wordpress\/ -->\n<title>Acidente grave no trevo do bairro Venda Branca deixa dois idosos feridos - R\u00e1dio Life FM<\/title>\n<meta name=\"robots\" content=\"index, follow, max-snippet:-1, max-image-preview:large, max-video-preview:-1\" \/>\n<link rel=\"canonical\" href=\"https:\/\/radiolifefm.com.br\/noticias\/acidente-grave-no-trevo-do-bairro-venda-branca-deixa-dois-idosos-feridos\/\" \/>\n<meta property=\"og:locale\" content=\"pt_BR\" \/>\n<meta property=\"og:type\" content=\"article\" \/>\n<meta property=\"og:title\" content=\"Acidente grave no trevo do bairro Venda Branca deixa dois idosos feridos - R\u00e1dio Life FM\" \/>\n<meta property=\"og:description\" content=\"Ocorr\u00eancia foi registrada neste domingo (04) em Osvaldo Cruz A Pol\u00edcia Militar Rodovi\u00e1ria base operacional de Adamantina registrou um grave acidente na tarde deste domingo (04) envolvendo uma carreta Scania com placas de Capivari\/SP e um Corsa de Osvaldo Cruz. De acordo com W.T., 33 anos, motorista da carreta, ele seguia sentindo Osvaldo Cruz &#8211; [&hellip;]\" \/>\n<meta property=\"og:url\" content=\"https:\/\/radiolifefm.com.br\/noticias\/acidente-grave-no-trevo-do-bairro-venda-branca-deixa-dois-idosos-feridos\/\" \/>\n<meta property=\"og:site_name\" content=\"R\u00e1dio Life FM\" \/>\n<meta property=\"article:publisher\" content=\"https:\/\/www.facebook.com\/radiolifefm\/\" \/>\n<meta property=\"article:published_time\" content=\"2019-08-05T14:16:30+00:00\" \/>\n<meta property=\"article:modified_time\" content=\"2026-02-12T07:52:00+00:00\" \/>\n<meta property=\"og:image\" content=\"https:\/\/radiolifefm.com.br\/noticias\/wp-content\/uploads\/2019\/08\/Acidente-idosos-1.jpg\" \/>\n\t<meta property=\"og:image:width\" content=\"1201\" \/>\n\t<meta property=\"og:image:height\" content=\"798\" \/>\n\t<meta property=\"og:image:type\" content=\"image\/jpeg\" \/>\n<meta name=\"author\" content=\"lifefm\" \/>\n<meta name=\"twitter:card\" content=\"summary_large_image\" \/>\n<meta name=\"twitter:label1\" content=\"Escrito por\" \/>\n\t<meta name=\"twitter:data1\" content=\"lifefm\" \/>\n\t<meta name=\"twitter:label2\" content=\"Est. tempo de leitura\" \/>\n\t<meta name=\"twitter:data2\" content=\"1 minuto\" \/>\n<script type=\"application\/ld+json\" class=\"yoast-schema-graph\">{\"@context\":\"https:\/\/schema.org\",\"@graph\":[{\"@type\":\"Article\",\"@id\":\"https:\/\/radiolifefm.com.br\/noticias\/acidente-grave-no-trevo-do-bairro-venda-branca-deixa-dois-idosos-feridos\/#article\",\"isPartOf\":{\"@id\":\"https:\/\/radiolifefm.com.br\/noticias\/acidente-grave-no-trevo-do-bairro-venda-branca-deixa-dois-idosos-feridos\/\"},\"author\":{\"name\":\"lifefm\",\"@id\":\"https:\/\/radiolifefm.com.br\/noticias\/#\/schema\/person\/1d4e4b1301322090c6221bf1c8420490\"},\"headline\":\"Acidente grave no trevo do bairro Venda Branca deixa dois idosos feridos\",\"datePublished\":\"2019-08-05T14:16:30+00:00\",\"dateModified\":\"2026-02-12T07:52:00+00:00\",\"mainEntityOfPage\":{\"@id\":\"https:\/\/radiolifefm.com.br\/noticias\/acidente-grave-no-trevo-do-bairro-venda-branca-deixa-dois-idosos-feridos\/\"},\"wordCount\":256,\"publisher\":{\"@id\":\"https:\/\/radiolifefm.com.br\/noticias\/#organization\"},\"image\":{\"@id\":\"https:\/\/radiolifefm.com.br\/noticias\/acidente-grave-no-trevo-do-bairro-venda-branca-deixa-dois-idosos-feridos\/#primaryimage\"},\"thumbnailUrl\":\"https:\/\/radiolifefm.com.br\/noticias\/wp-content\/uploads\/2019\/08\/Acidente-idosos-1.jpg\",\"articleSection\":[\"Regi\u00e3o\"],\"inLanguage\":\"pt-BR\"},{\"@type\":\"WebPage\",\"@id\":\"https:\/\/radiolifefm.com.br\/noticias\/acidente-grave-no-trevo-do-bairro-venda-branca-deixa-dois-idosos-feridos\/\",\"url\":\"https:\/\/radiolifefm.com.br\/noticias\/acidente-grave-no-trevo-do-bairro-venda-branca-deixa-dois-idosos-feridos\/\",\"name\":\"Acidente grave no trevo do bairro Venda Branca deixa dois idosos feridos - R\u00e1dio Life FM\",\"isPartOf\":{\"@id\":\"https:\/\/radiolifefm.com.br\/noticias\/#website\"},\"primaryImageOfPage\":{\"@id\":\"https:\/\/radiolifefm.com.br\/noticias\/acidente-grave-no-trevo-do-bairro-venda-branca-deixa-dois-idosos-feridos\/#primaryimage\"},\"image\":{\"@id\":\"https:\/\/radiolifefm.com.br\/noticias\/acidente-grave-no-trevo-do-bairro-venda-branca-deixa-dois-idosos-feridos\/#primaryimage\"},\"thumbnailUrl\":\"https:\/\/radiolifefm.com.br\/noticias\/wp-content\/uploads\/2019\/08\/Acidente-idosos-1.jpg\",\"datePublished\":\"2019-08-05T14:16:30+00:00\",\"dateModified\":\"2026-02-12T07:52:00+00:00\",\"breadcrumb\":{\"@id\":\"https:\/\/radiolifefm.com.br\/noticias\/acidente-grave-no-trevo-do-bairro-venda-branca-deixa-dois-idosos-feridos\/#breadcrumb\"},\"inLanguage\":\"pt-BR\",\"potentialAction\":[{\"@type\":\"ReadAction\",\"target\":[\"https:\/\/radiolifefm.com.br\/noticias\/acidente-grave-no-trevo-do-bairro-venda-branca-deixa-dois-idosos-feridos\/\"]}]},{\"@type\":\"ImageObject\",\"inLanguage\":\"pt-BR\",\"@id\":\"https:\/\/radiolifefm.com.br\/noticias\/acidente-grave-no-trevo-do-bairro-venda-branca-deixa-dois-idosos-feridos\/#primaryimage\",\"url\":\"https:\/\/radiolifefm.com.br\/noticias\/wp-content\/uploads\/2019\/08\/Acidente-idosos-1.jpg\",\"contentUrl\":\"https:\/\/radiolifefm.com.br\/noticias\/wp-content\/uploads\/2019\/08\/Acidente-idosos-1.jpg\",\"width\":1201,\"height\":798,\"caption\":\"Acidente envolvendo autom\u00f3vel e caminh\u00e3o deixou dois idosos feridos com gravidade pela SP-294, em Osvaldo Cruz - Foto - Cristiano Nascimento.\"},{\"@type\":\"BreadcrumbList\",\"@id\":\"https:\/\/radiolifefm.com.br\/noticias\/acidente-grave-no-trevo-do-bairro-venda-branca-deixa-dois-idosos-feridos\/#breadcrumb\",\"itemListElement\":[{\"@type\":\"ListItem\",\"position\":1,\"name\":\"In\u00edcio\",\"item\":\"https:\/\/radiolifefm.com.br\/noticias\/\"},{\"@type\":\"ListItem\",\"position\":2,\"name\":\"Acidente grave no trevo do bairro Venda Branca deixa dois idosos feridos\"}]},{\"@type\":\"WebSite\",\"@id\":\"https:\/\/radiolifefm.com.br\/noticias\/#website\",\"url\":\"https:\/\/radiolifefm.com.br\/noticias\/\",\"name\":\"R\u00e1dio Life FM\",\"description\":\"O Portal de Not\u00edcias de Adamantina\",\"publisher\":{\"@id\":\"https:\/\/radiolifefm.com.br\/noticias\/#organization\"},\"alternateName\":\"Life FM\",\"potentialAction\":[{\"@type\":\"SearchAction\",\"target\":{\"@type\":\"EntryPoint\",\"urlTemplate\":\"https:\/\/radiolifefm.com.br\/noticias\/?s={search_term_string}\"},\"query-input\":{\"@type\":\"PropertyValueSpecification\",\"valueRequired\":true,\"valueName\":\"search_term_string\"}}],\"inLanguage\":\"pt-BR\"},{\"@type\":\"Organization\",\"@id\":\"https:\/\/radiolifefm.com.br\/noticias\/#organization\",\"name\":\"R\u00e1dio Life FM\",\"alternateName\":\"Life FM\",\"url\":\"https:\/\/radiolifefm.com.br\/noticias\/\",\"logo\":{\"@type\":\"ImageObject\",\"inLanguage\":\"pt-BR\",\"@id\":\"https:\/\/radiolifefm.com.br\/noticias\/#\/schema\/logo\/image\/\",\"url\":\"https:\/\/static.radiolifefm.com.br\/noticias\/wp-content\/uploads\/2019\/10\/logo-lifefm.png\",\"contentUrl\":\"https:\/\/static.radiolifefm.com.br\/noticias\/wp-content\/uploads\/2019\/10\/logo-lifefm.png\",\"width\":196,\"height\":47,\"caption\":\"R\u00e1dio Life FM\"},\"image\":{\"@id\":\"https:\/\/radiolifefm.com.br\/noticias\/#\/schema\/logo\/image\/\"},\"sameAs\":[\"https:\/\/www.facebook.com\/radiolifefm\/\",\"https:\/\/www.instagram.com\/life1079fm\/\"]},{\"@type\":\"Person\",\"@id\":\"https:\/\/radiolifefm.com.br\/noticias\/#\/schema\/person\/1d4e4b1301322090c6221bf1c8420490\",\"name\":\"lifefm\",\"image\":{\"@type\":\"ImageObject\",\"inLanguage\":\"pt-BR\",\"@id\":\"https:\/\/secure.gravatar.com\/avatar\/eca268467d925ec97d20641bb054fd944c0abb2f92854171620706bbe6474e7c?s=96&d=mm&r=g\",\"url\":\"https:\/\/secure.gravatar.com\/avatar\/eca268467d925ec97d20641bb054fd944c0abb2f92854171620706bbe6474e7c?s=96&d=mm&r=g\",\"contentUrl\":\"https:\/\/secure.gravatar.com\/avatar\/eca268467d925ec97d20641bb054fd944c0abb2f92854171620706bbe6474e7c?s=96&d=mm&r=g\",\"caption\":\"lifefm\"}}]}<\/script>\n<!-- \/ Yoast SEO plugin. -->","yoast_head_json":{"title":"Acidente grave no trevo do bairro Venda Branca deixa dois idosos feridos - R\u00e1dio Life FM","robots":{"index":"index","follow":"follow","max-snippet":"max-snippet:-1","max-image-preview":"max-image-preview:large","max-video-preview":"max-video-preview:-1"},"canonical":"https:\/\/radiolifefm.com.br\/noticias\/acidente-grave-no-trevo-do-bairro-venda-branca-deixa-dois-idosos-feridos\/","og_locale":"pt_BR","og_type":"article","og_title":"Acidente grave no trevo do bairro Venda Branca deixa dois idosos feridos - R\u00e1dio Life FM","og_description":"Ocorr\u00eancia foi registrada neste domingo (04) em Osvaldo Cruz A Pol\u00edcia Militar Rodovi\u00e1ria base operacional de Adamantina registrou um grave acidente na tarde deste domingo (04) envolvendo uma carreta Scania com placas de Capivari\/SP e um Corsa de Osvaldo Cruz. De acordo com W.T., 33 anos, motorista da carreta, ele seguia sentindo Osvaldo Cruz &#8211; [&hellip;]","og_url":"https:\/\/radiolifefm.com.br\/noticias\/acidente-grave-no-trevo-do-bairro-venda-branca-deixa-dois-idosos-feridos\/","og_site_name":"R\u00e1dio Life FM","article_publisher":"https:\/\/www.facebook.com\/radiolifefm\/","article_published_time":"2019-08-05T14:16:30+00:00","article_modified_time":"2026-02-12T07:52:00+00:00","og_image":[{"width":1201,"height":798,"url":"https:\/\/radiolifefm.com.br\/noticias\/wp-content\/uploads\/2019\/08\/Acidente-idosos-1.jpg","type":"image\/jpeg"}],"author":"lifefm","twitter_card":"summary_large_image","twitter_misc":{"Escrito por":"lifefm","Est. tempo de leitura":"1 minuto"},"schema":{"@context":"https:\/\/schema.org","@graph":[{"@type":"Article","@id":"https:\/\/radiolifefm.com.br\/noticias\/acidente-grave-no-trevo-do-bairro-venda-branca-deixa-dois-idosos-feridos\/#article","isPartOf":{"@id":"https:\/\/radiolifefm.com.br\/noticias\/acidente-grave-no-trevo-do-bairro-venda-branca-deixa-dois-idosos-feridos\/"},"author":{"name":"lifefm","@id":"https:\/\/radiolifefm.com.br\/noticias\/#\/schema\/person\/1d4e4b1301322090c6221bf1c8420490"},"headline":"Acidente grave no trevo do bairro Venda Branca deixa dois idosos feridos","datePublished":"2019-08-05T14:16:30+00:00","dateModified":"2026-02-12T07:52:00+00:00","mainEntityOfPage":{"@id":"https:\/\/radiolifefm.com.br\/noticias\/acidente-grave-no-trevo-do-bairro-venda-branca-deixa-dois-idosos-feridos\/"},"wordCount":256,"publisher":{"@id":"https:\/\/radiolifefm.com.br\/noticias\/#organization"},"image":{"@id":"https:\/\/radiolifefm.com.br\/noticias\/acidente-grave-no-trevo-do-bairro-venda-branca-deixa-dois-idosos-feridos\/#primaryimage"},"thumbnailUrl":"https:\/\/radiolifefm.com.br\/noticias\/wp-content\/uploads\/2019\/08\/Acidente-idosos-1.jpg","articleSection":["Regi\u00e3o"],"inLanguage":"pt-BR"},{"@type":"WebPage","@id":"https:\/\/radiolifefm.com.br\/noticias\/acidente-grave-no-trevo-do-bairro-venda-branca-deixa-dois-idosos-feridos\/","url":"https:\/\/radiolifefm.com.br\/noticias\/acidente-grave-no-trevo-do-bairro-venda-branca-deixa-dois-idosos-feridos\/","name":"Acidente grave no trevo do bairro Venda Branca deixa dois idosos feridos - R\u00e1dio Life FM","isPartOf":{"@id":"https:\/\/radiolifefm.com.br\/noticias\/#website"},"primaryImageOfPage":{"@id":"https:\/\/radiolifefm.com.br\/noticias\/acidente-grave-no-trevo-do-bairro-venda-branca-deixa-dois-idosos-feridos\/#primaryimage"},"image":{"@id":"https:\/\/radiolifefm.com.br\/noticias\/acidente-grave-no-trevo-do-bairro-venda-branca-deixa-dois-idosos-feridos\/#primaryimage"},"thumbnailUrl":"https:\/\/radiolifefm.com.br\/noticias\/wp-content\/uploads\/2019\/08\/Acidente-idosos-1.jpg","datePublished":"2019-08-05T14:16:30+00:00","dateModified":"2026-02-12T07:52:00+00:00","breadcrumb":{"@id":"https:\/\/radiolifefm.com.br\/noticias\/acidente-grave-no-trevo-do-bairro-venda-branca-deixa-dois-idosos-feridos\/#breadcrumb"},"inLanguage":"pt-BR","potentialAction":[{"@type":"ReadAction","target":["https:\/\/radiolifefm.com.br\/noticias\/acidente-grave-no-trevo-do-bairro-venda-branca-deixa-dois-idosos-feridos\/"]}]},{"@type":"ImageObject","inLanguage":"pt-BR","@id":"https:\/\/radiolifefm.com.br\/noticias\/acidente-grave-no-trevo-do-bairro-venda-branca-deixa-dois-idosos-feridos\/#primaryimage","url":"https:\/\/radiolifefm.com.br\/noticias\/wp-content\/uploads\/2019\/08\/Acidente-idosos-1.jpg","contentUrl":"https:\/\/radiolifefm.com.br\/noticias\/wp-content\/uploads\/2019\/08\/Acidente-idosos-1.jpg","width":1201,"height":798,"caption":"Acidente envolvendo autom\u00f3vel e caminh\u00e3o deixou dois idosos feridos com gravidade pela SP-294, em Osvaldo Cruz - Foto - Cristiano Nascimento."},{"@type":"BreadcrumbList","@id":"https:\/\/radiolifefm.com.br\/noticias\/acidente-grave-no-trevo-do-bairro-venda-branca-deixa-dois-idosos-feridos\/#breadcrumb","itemListElement":[{"@type":"ListItem","position":1,"name":"In\u00edcio","item":"https:\/\/radiolifefm.com.br\/noticias\/"},{"@type":"ListItem","position":2,"name":"Acidente grave no trevo do bairro Venda Branca deixa dois idosos feridos"}]},{"@type":"WebSite","@id":"https:\/\/radiolifefm.com.br\/noticias\/#website","url":"https:\/\/radiolifefm.com.br\/noticias\/","name":"R\u00e1dio Life FM","description":"O Portal de Not\u00edcias de Adamantina","publisher":{"@id":"https:\/\/radiolifefm.com.br\/noticias\/#organization"},"alternateName":"Life FM","potentialAction":[{"@type":"SearchAction","target":{"@type":"EntryPoint","urlTemplate":"https:\/\/radiolifefm.com.br\/noticias\/?s={search_term_string}"},"query-input":{"@type":"PropertyValueSpecification","valueRequired":true,"valueName":"search_term_string"}}],"inLanguage":"pt-BR"},{"@type":"Organization","@id":"https:\/\/radiolifefm.com.br\/noticias\/#organization","name":"R\u00e1dio Life FM","alternateName":"Life FM","url":"https:\/\/radiolifefm.com.br\/noticias\/","logo":{"@type":"ImageObject","inLanguage":"pt-BR","@id":"https:\/\/radiolifefm.com.br\/noticias\/#\/schema\/logo\/image\/","url":"https:\/\/static.radiolifefm.com.br\/noticias\/wp-content\/uploads\/2019\/10\/logo-lifefm.png","contentUrl":"https:\/\/static.radiolifefm.com.br\/noticias\/wp-content\/uploads\/2019\/10\/logo-lifefm.png","width":196,"height":47,"caption":"R\u00e1dio Life FM"},"image":{"@id":"https:\/\/radiolifefm.com.br\/noticias\/#\/schema\/logo\/image\/"},"sameAs":["https:\/\/www.facebook.com\/radiolifefm\/","https:\/\/www.instagram.com\/life1079fm\/"]},{"@type":"Person","@id":"https:\/\/radiolifefm.com.br\/noticias\/#\/schema\/person\/1d4e4b1301322090c6221bf1c8420490","name":"lifefm","image":{"@type":"ImageObject","inLanguage":"pt-BR","@id":"https:\/\/secure.gravatar.com\/avatar\/eca268467d925ec97d20641bb054fd944c0abb2f92854171620706bbe6474e7c?s=96&d=mm&r=g","url":"https:\/\/secure.gravatar.com\/avatar\/eca268467d925ec97d20641bb054fd944c0abb2f92854171620706bbe6474e7c?s=96&d=mm&r=g","contentUrl":"https:\/\/secure.gravatar.com\/avatar\/eca268467d925ec97d20641bb054fd944c0abb2f92854171620706bbe6474e7c?s=96&d=mm&r=g","caption":"lifefm"}}]}},"amp_enabled":true,"_links":{"self":[{"href":"https:\/\/radiolifefm.com.br\/noticias\/wp-json\/wp\/v2\/posts\/15199","targetHints":{"allow":["GET"]}}],"collection":[{"href":"https:\/\/radiolifefm.com.br\/noticias\/wp-json\/wp\/v2\/posts"}],"about":[{"href":"https:\/\/radiolifefm.com.br\/noticias\/wp-json\/wp\/v2\/types\/post"}],"author":[{"embeddable":true,"href":"https:\/\/radiolifefm.com.br\/noticias\/wp-json\/wp\/v2\/users\/3"}],"replies":[{"embeddable":true,"href":"https:\/\/radiolifefm.com.br\/noticias\/wp-json\/wp\/v2\/comments?post=15199"}],"version-history":[{"count":1,"href":"https:\/\/radiolifefm.com.br\/noticias\/wp-json\/wp\/v2\/posts\/15199\/revisions"}],"predecessor-version":[{"id":15202,"href":"https:\/\/radiolifefm.com.br\/noticias\/wp-json\/wp\/v2\/posts\/15199\/revisions\/15202"}],"wp:featuredmedia":[{"embeddable":true,"href":"https:\/\/radiolifefm.com.br\/noticias\/wp-json\/wp\/v2\/media\/15200"}],"wp:attachment":[{"href":"https:\/\/radiolifefm.com.br\/noticias\/wp-json\/wp\/v2\/media?parent=15199"}],"wp:term":[{"taxonomy":"category","embeddable":true,"href":"https:\/\/radiolifefm.com.br\/noticias\/wp-json\/wp\/v2\/categories?post=15199"},{"taxonomy":"post_tag","embeddable":true,"href":"https:\/\/radiolifefm.com.br\/noticias\/wp-json\/wp\/v2\/tags?post=15199"}],"curies":[{"name":"wp","href":"https:\/\/api.w.org\/{rel}","templated":true}]}}