{"id":15162,"date":"2019-08-02T09:08:16","date_gmt":"2019-08-02T12:08:16","guid":{"rendered":"https:\/\/radiolifefm.com.br\/noticias\/?p=15162"},"modified":"2026-04-27T23:50:28","modified_gmt":"2026-04-28T02:50:28","slug":"homem-e-preso-por-trafico-de-entorpecentes-em-tupi-paulista","status":"publish","type":"post","link":"https:\/\/radiolifefm.com.br\/noticias\/homem-e-preso-por-trafico-de-entorpecentes-em-tupi-paulista\/","title":{"rendered":"Homem \u00e9 preso por tr\u00e1fico de entorpecentes em Tupi Paulista"},"content":{"rendered":"<div id=\"fb-root\"><\/div>\n<p><em>Foram apreendidas por\u00e7\u00f5es de crack, dinheiro, faca e apetrechos utilizados para embalar drogas<\/em><\/p>\n<p>Uma equipe policial de Tupi Paulista, de posse de informa\u00e7\u00f5es a respeito da mercancia de drogas (crack), pela Avenida 7 de setembro, onde um casal reside, decidiram por efetuar o patrulhamento nas redondezas, afim de averiguar os fatos.<\/p>\n<p>Ocasi\u00e3o em que se depararam com o ve\u00edculo Gol 1.0, com placas de Pauliceia, saindo defronte a referida resid\u00eancia, fato que motivou a abordagem.<\/p>\n<p>Inicialmente a suspeita de que o ve\u00edculo fosse de algum usu\u00e1rio comprando naquele local, mas, durante abordagem, identificaram A.F.D.G., como sendo o indicado nas den\u00fancias como traficante o autor, condutor do ve\u00edculo, sua esposa, ocupante do banco traseiro ao motorista, sua cunhada, atr\u00e1s do banco do passageiro e seu genitor, no banco do passageiro.<\/p>\n<p>Procedemos com a busca pessoal nos ocupantes do sexo masculino, nada de il\u00edcito foi encontrado, em seguida, procederam a revista no interior do ve\u00edculo com o acompanhamento visual dos ocupantes, sendo localizado parcialmente sob o tapete do banco traseiro ao motorista, um (01) inv\u00f3lucro contendo uma pedra grande e duas menores de crack.<\/p>\n<p>Ao indagar os ocupantes do carro, nenhum assumiu a propriedade e foram un\u00e2nimes em relatar n\u00e3o fazerem o uso da referida droga.<\/p>\n<p>Diante dos fatos, foi questionado ao condutor do ve\u00edculo se autorizaria uma vistoria em sua resid\u00eancia, sendo que autorizou, onde foi localizado atr\u00e1s da porta do banheiro, sob uma grande quantidade de roupas sujas, uma (01) sacola pl\u00e1stica de cor branca, toda recortada, em formato para acondicionar em papelotes, envolvendo uma faca serrilhada tipo de mesa, utilizada para sec\u00e7\u00e3o da droga, apresentando resqu\u00edcios da mesma.<\/p>\n<p>Compareceu ao local o canil, por\u00e9m, nada a mais de il\u00edcito foi encontrado.<br \/>\nDiante das evidencias do tr\u00e1fico de drogas, foi apreendido tamb\u00e9m a import\u00e2ncia de R$ 630,00 (seiscentos e trinta reais), do interior da carteira do autor, bem como seu aparelho celular.<\/p>\n<p>Os ocupantes foram novamente indagados a respeito da droga, oportunidade em que o autor confessou ser de sua posse e que a consumiria, divergindo de sua declara\u00e7\u00e3o inicial.<\/p>\n<p>Dado voz de pris\u00e3o ao autor, A.F.D.G., pela pr\u00e1tica do delito de tr\u00e1fico de drogas, conduzindo a delegacia, juntamente com as partes e os objetos apreendidos, onde o autor permaneceu preso.<\/p>\n<p>Foram apreendidas, 03 pedras de crack, contabilizando 5,630 gramas, 01 faca serrilhada, tipo de mesa, 01 sacola pl\u00e1stica branca para acondicionamento do entorpecente, 01 aparelho celular LG, R$ 630,00, em notas diversas.<\/p>\n<p>Informa\u00e7\u00f5es \u2013 Pol\u00edcia Militar<\/p>\n","protected":false},"excerpt":{"rendered":"<p>Foram apreendidas por\u00e7\u00f5es de crack, dinheiro, faca e apetrechos utilizados para embalar drogas Uma equipe policial de Tupi Paulista, de posse de informa\u00e7\u00f5es a respeito da mercancia de drogas (crack), pela Avenida 7 de setembro, onde um casal reside, decidiram por efetuar o patrulhamento nas redondezas, afim de averiguar os fatos. Ocasi\u00e3o em que se [&hellip;]<\/p>\n","protected":false},"author":3,"featured_media":15163,"comment_status":"closed","ping_status":"open","sticky":false,"template":"","format":"standard","meta":{"_acf_changed":false,"_exactmetrics_skip_tracking":false,"_exactmetrics_sitenote_active":false,"_exactmetrics_sitenote_note":"","_exactmetrics_sitenote_category":0,"footnotes":""},"categories":[24],"tags":[],"class_list":["post-15162","post","type-post","status-publish","format-standard","has-post-thumbnail","hentry","category-regiao"],"acf":[],"yoast_head":"<!-- This site is optimized with the Yoast SEO plugin v27.2 - https:\/\/yoast.com\/product\/yoast-seo-wordpress\/ -->\n<title>Homem \u00e9 preso por tr\u00e1fico de entorpecentes em Tupi Paulista - R\u00e1dio Life FM<\/title>\n<meta name=\"robots\" content=\"index, follow, max-snippet:-1, max-image-preview:large, max-video-preview:-1\" \/>\n<link rel=\"canonical\" href=\"https:\/\/radiolifefm.com.br\/noticias\/homem-e-preso-por-trafico-de-entorpecentes-em-tupi-paulista\/\" \/>\n<meta property=\"og:locale\" content=\"pt_BR\" \/>\n<meta property=\"og:type\" content=\"article\" \/>\n<meta property=\"og:title\" content=\"Homem \u00e9 preso por tr\u00e1fico de entorpecentes em Tupi Paulista - R\u00e1dio Life FM\" \/>\n<meta property=\"og:description\" content=\"Foram apreendidas por\u00e7\u00f5es de crack, dinheiro, faca e apetrechos utilizados para embalar drogas Uma equipe policial de Tupi Paulista, de posse de informa\u00e7\u00f5es a respeito da mercancia de drogas (crack), pela Avenida 7 de setembro, onde um casal reside, decidiram por efetuar o patrulhamento nas redondezas, afim de averiguar os fatos. Ocasi\u00e3o em que se [&hellip;]\" \/>\n<meta property=\"og:url\" content=\"https:\/\/radiolifefm.com.br\/noticias\/homem-e-preso-por-trafico-de-entorpecentes-em-tupi-paulista\/\" \/>\n<meta property=\"og:site_name\" content=\"R\u00e1dio Life FM\" \/>\n<meta property=\"article:publisher\" content=\"https:\/\/www.facebook.com\/radiolifefm\/\" \/>\n<meta property=\"article:published_time\" content=\"2019-08-02T12:08:16+00:00\" \/>\n<meta property=\"article:modified_time\" content=\"2026-04-28T02:50:28+00:00\" \/>\n<meta property=\"og:image\" content=\"https:\/\/radiolifefm.com.br\/noticias\/wp-content\/uploads\/2019\/08\/Tr\u00e1fico-Tupi-Paulista.jpg\" \/>\n\t<meta property=\"og:image:width\" content=\"1280\" \/>\n\t<meta property=\"og:image:height\" content=\"960\" \/>\n\t<meta property=\"og:image:type\" content=\"image\/jpeg\" \/>\n<meta name=\"author\" content=\"lifefm\" \/>\n<meta name=\"twitter:card\" content=\"summary_large_image\" \/>\n<meta name=\"twitter:label1\" content=\"Escrito por\" \/>\n\t<meta name=\"twitter:data1\" content=\"lifefm\" \/>\n\t<meta name=\"twitter:label2\" content=\"Est. tempo de leitura\" \/>\n\t<meta name=\"twitter:data2\" content=\"2 minutos\" \/>\n<script type=\"application\/ld+json\" class=\"yoast-schema-graph\">{\"@context\":\"https:\/\/schema.org\",\"@graph\":[{\"@type\":\"Article\",\"@id\":\"https:\/\/radiolifefm.com.br\/noticias\/homem-e-preso-por-trafico-de-entorpecentes-em-tupi-paulista\/#article\",\"isPartOf\":{\"@id\":\"https:\/\/radiolifefm.com.br\/noticias\/homem-e-preso-por-trafico-de-entorpecentes-em-tupi-paulista\/\"},\"author\":{\"name\":\"lifefm\",\"@id\":\"https:\/\/radiolifefm.com.br\/noticias\/#\/schema\/person\/1d4e4b1301322090c6221bf1c8420490\"},\"headline\":\"Homem \u00e9 preso por tr\u00e1fico de entorpecentes em Tupi Paulista\",\"datePublished\":\"2019-08-02T12:08:16+00:00\",\"dateModified\":\"2026-04-28T02:50:28+00:00\",\"mainEntityOfPage\":{\"@id\":\"https:\/\/radiolifefm.com.br\/noticias\/homem-e-preso-por-trafico-de-entorpecentes-em-tupi-paulista\/\"},\"wordCount\":444,\"publisher\":{\"@id\":\"https:\/\/radiolifefm.com.br\/noticias\/#organization\"},\"image\":{\"@id\":\"https:\/\/radiolifefm.com.br\/noticias\/homem-e-preso-por-trafico-de-entorpecentes-em-tupi-paulista\/#primaryimage\"},\"thumbnailUrl\":\"https:\/\/radiolifefm.com.br\/noticias\/wp-content\/uploads\/2019\/08\/Tr\u00e1fico-Tupi-Paulista.jpg\",\"articleSection\":[\"Regi\u00e3o\"],\"inLanguage\":\"pt-BR\"},{\"@type\":\"WebPage\",\"@id\":\"https:\/\/radiolifefm.com.br\/noticias\/homem-e-preso-por-trafico-de-entorpecentes-em-tupi-paulista\/\",\"url\":\"https:\/\/radiolifefm.com.br\/noticias\/homem-e-preso-por-trafico-de-entorpecentes-em-tupi-paulista\/\",\"name\":\"Homem \u00e9 preso por tr\u00e1fico de entorpecentes em Tupi Paulista - R\u00e1dio Life FM\",\"isPartOf\":{\"@id\":\"https:\/\/radiolifefm.com.br\/noticias\/#website\"},\"primaryImageOfPage\":{\"@id\":\"https:\/\/radiolifefm.com.br\/noticias\/homem-e-preso-por-trafico-de-entorpecentes-em-tupi-paulista\/#primaryimage\"},\"image\":{\"@id\":\"https:\/\/radiolifefm.com.br\/noticias\/homem-e-preso-por-trafico-de-entorpecentes-em-tupi-paulista\/#primaryimage\"},\"thumbnailUrl\":\"https:\/\/radiolifefm.com.br\/noticias\/wp-content\/uploads\/2019\/08\/Tr\u00e1fico-Tupi-Paulista.jpg\",\"datePublished\":\"2019-08-02T12:08:16+00:00\",\"dateModified\":\"2026-04-28T02:50:28+00:00\",\"breadcrumb\":{\"@id\":\"https:\/\/radiolifefm.com.br\/noticias\/homem-e-preso-por-trafico-de-entorpecentes-em-tupi-paulista\/#breadcrumb\"},\"inLanguage\":\"pt-BR\",\"potentialAction\":[{\"@type\":\"ReadAction\",\"target\":[\"https:\/\/radiolifefm.com.br\/noticias\/homem-e-preso-por-trafico-de-entorpecentes-em-tupi-paulista\/\"]}]},{\"@type\":\"ImageObject\",\"inLanguage\":\"pt-BR\",\"@id\":\"https:\/\/radiolifefm.com.br\/noticias\/homem-e-preso-por-trafico-de-entorpecentes-em-tupi-paulista\/#primaryimage\",\"url\":\"https:\/\/radiolifefm.com.br\/noticias\/wp-content\/uploads\/2019\/08\/Tr\u00e1fico-Tupi-Paulista.jpg\",\"contentUrl\":\"https:\/\/radiolifefm.com.br\/noticias\/wp-content\/uploads\/2019\/08\/Tr\u00e1fico-Tupi-Paulista.jpg\",\"width\":1280,\"height\":960,\"caption\":\"Por\u00e7\u00f5es de crack, dinheiro e apetrechos apreendidos Pela Pol\u00edcia Militar em Tupi Paulista\"},{\"@type\":\"BreadcrumbList\",\"@id\":\"https:\/\/radiolifefm.com.br\/noticias\/homem-e-preso-por-trafico-de-entorpecentes-em-tupi-paulista\/#breadcrumb\",\"itemListElement\":[{\"@type\":\"ListItem\",\"position\":1,\"name\":\"In\u00edcio\",\"item\":\"https:\/\/radiolifefm.com.br\/noticias\/\"},{\"@type\":\"ListItem\",\"position\":2,\"name\":\"Homem \u00e9 preso por tr\u00e1fico de entorpecentes em Tupi Paulista\"}]},{\"@type\":\"WebSite\",\"@id\":\"https:\/\/radiolifefm.com.br\/noticias\/#website\",\"url\":\"https:\/\/radiolifefm.com.br\/noticias\/\",\"name\":\"R\u00e1dio Life FM\",\"description\":\"O Portal de Not\u00edcias de Adamantina\",\"publisher\":{\"@id\":\"https:\/\/radiolifefm.com.br\/noticias\/#organization\"},\"alternateName\":\"Life FM\",\"potentialAction\":[{\"@type\":\"SearchAction\",\"target\":{\"@type\":\"EntryPoint\",\"urlTemplate\":\"https:\/\/radiolifefm.com.br\/noticias\/?s={search_term_string}\"},\"query-input\":{\"@type\":\"PropertyValueSpecification\",\"valueRequired\":true,\"valueName\":\"search_term_string\"}}],\"inLanguage\":\"pt-BR\"},{\"@type\":\"Organization\",\"@id\":\"https:\/\/radiolifefm.com.br\/noticias\/#organization\",\"name\":\"R\u00e1dio Life FM\",\"alternateName\":\"Life FM\",\"url\":\"https:\/\/radiolifefm.com.br\/noticias\/\",\"logo\":{\"@type\":\"ImageObject\",\"inLanguage\":\"pt-BR\",\"@id\":\"https:\/\/radiolifefm.com.br\/noticias\/#\/schema\/logo\/image\/\",\"url\":\"https:\/\/static.radiolifefm.com.br\/noticias\/wp-content\/uploads\/2019\/10\/logo-lifefm.png\",\"contentUrl\":\"https:\/\/static.radiolifefm.com.br\/noticias\/wp-content\/uploads\/2019\/10\/logo-lifefm.png\",\"width\":196,\"height\":47,\"caption\":\"R\u00e1dio Life FM\"},\"image\":{\"@id\":\"https:\/\/radiolifefm.com.br\/noticias\/#\/schema\/logo\/image\/\"},\"sameAs\":[\"https:\/\/www.facebook.com\/radiolifefm\/\",\"https:\/\/www.instagram.com\/life1079fm\/\"]},{\"@type\":\"Person\",\"@id\":\"https:\/\/radiolifefm.com.br\/noticias\/#\/schema\/person\/1d4e4b1301322090c6221bf1c8420490\",\"name\":\"lifefm\",\"image\":{\"@type\":\"ImageObject\",\"inLanguage\":\"pt-BR\",\"@id\":\"https:\/\/secure.gravatar.com\/avatar\/eca268467d925ec97d20641bb054fd944c0abb2f92854171620706bbe6474e7c?s=96&d=mm&r=g\",\"url\":\"https:\/\/secure.gravatar.com\/avatar\/eca268467d925ec97d20641bb054fd944c0abb2f92854171620706bbe6474e7c?s=96&d=mm&r=g\",\"contentUrl\":\"https:\/\/secure.gravatar.com\/avatar\/eca268467d925ec97d20641bb054fd944c0abb2f92854171620706bbe6474e7c?s=96&d=mm&r=g\",\"caption\":\"lifefm\"}}]}<\/script>\n<!-- \/ Yoast SEO plugin. -->","yoast_head_json":{"title":"Homem \u00e9 preso por tr\u00e1fico de entorpecentes em Tupi Paulista - R\u00e1dio Life FM","robots":{"index":"index","follow":"follow","max-snippet":"max-snippet:-1","max-image-preview":"max-image-preview:large","max-video-preview":"max-video-preview:-1"},"canonical":"https:\/\/radiolifefm.com.br\/noticias\/homem-e-preso-por-trafico-de-entorpecentes-em-tupi-paulista\/","og_locale":"pt_BR","og_type":"article","og_title":"Homem \u00e9 preso por tr\u00e1fico de entorpecentes em Tupi Paulista - R\u00e1dio Life FM","og_description":"Foram apreendidas por\u00e7\u00f5es de crack, dinheiro, faca e apetrechos utilizados para embalar drogas Uma equipe policial de Tupi Paulista, de posse de informa\u00e7\u00f5es a respeito da mercancia de drogas (crack), pela Avenida 7 de setembro, onde um casal reside, decidiram por efetuar o patrulhamento nas redondezas, afim de averiguar os fatos. Ocasi\u00e3o em que se [&hellip;]","og_url":"https:\/\/radiolifefm.com.br\/noticias\/homem-e-preso-por-trafico-de-entorpecentes-em-tupi-paulista\/","og_site_name":"R\u00e1dio Life FM","article_publisher":"https:\/\/www.facebook.com\/radiolifefm\/","article_published_time":"2019-08-02T12:08:16+00:00","article_modified_time":"2026-04-28T02:50:28+00:00","og_image":[{"width":1280,"height":960,"url":"https:\/\/radiolifefm.com.br\/noticias\/wp-content\/uploads\/2019\/08\/Tr\u00e1fico-Tupi-Paulista.jpg","type":"image\/jpeg"}],"author":"lifefm","twitter_card":"summary_large_image","twitter_misc":{"Escrito por":"lifefm","Est. tempo de leitura":"2 minutos"},"schema":{"@context":"https:\/\/schema.org","@graph":[{"@type":"Article","@id":"https:\/\/radiolifefm.com.br\/noticias\/homem-e-preso-por-trafico-de-entorpecentes-em-tupi-paulista\/#article","isPartOf":{"@id":"https:\/\/radiolifefm.com.br\/noticias\/homem-e-preso-por-trafico-de-entorpecentes-em-tupi-paulista\/"},"author":{"name":"lifefm","@id":"https:\/\/radiolifefm.com.br\/noticias\/#\/schema\/person\/1d4e4b1301322090c6221bf1c8420490"},"headline":"Homem \u00e9 preso por tr\u00e1fico de entorpecentes em Tupi Paulista","datePublished":"2019-08-02T12:08:16+00:00","dateModified":"2026-04-28T02:50:28+00:00","mainEntityOfPage":{"@id":"https:\/\/radiolifefm.com.br\/noticias\/homem-e-preso-por-trafico-de-entorpecentes-em-tupi-paulista\/"},"wordCount":444,"publisher":{"@id":"https:\/\/radiolifefm.com.br\/noticias\/#organization"},"image":{"@id":"https:\/\/radiolifefm.com.br\/noticias\/homem-e-preso-por-trafico-de-entorpecentes-em-tupi-paulista\/#primaryimage"},"thumbnailUrl":"https:\/\/radiolifefm.com.br\/noticias\/wp-content\/uploads\/2019\/08\/Tr\u00e1fico-Tupi-Paulista.jpg","articleSection":["Regi\u00e3o"],"inLanguage":"pt-BR"},{"@type":"WebPage","@id":"https:\/\/radiolifefm.com.br\/noticias\/homem-e-preso-por-trafico-de-entorpecentes-em-tupi-paulista\/","url":"https:\/\/radiolifefm.com.br\/noticias\/homem-e-preso-por-trafico-de-entorpecentes-em-tupi-paulista\/","name":"Homem \u00e9 preso por tr\u00e1fico de entorpecentes em Tupi Paulista - R\u00e1dio Life FM","isPartOf":{"@id":"https:\/\/radiolifefm.com.br\/noticias\/#website"},"primaryImageOfPage":{"@id":"https:\/\/radiolifefm.com.br\/noticias\/homem-e-preso-por-trafico-de-entorpecentes-em-tupi-paulista\/#primaryimage"},"image":{"@id":"https:\/\/radiolifefm.com.br\/noticias\/homem-e-preso-por-trafico-de-entorpecentes-em-tupi-paulista\/#primaryimage"},"thumbnailUrl":"https:\/\/radiolifefm.com.br\/noticias\/wp-content\/uploads\/2019\/08\/Tr\u00e1fico-Tupi-Paulista.jpg","datePublished":"2019-08-02T12:08:16+00:00","dateModified":"2026-04-28T02:50:28+00:00","breadcrumb":{"@id":"https:\/\/radiolifefm.com.br\/noticias\/homem-e-preso-por-trafico-de-entorpecentes-em-tupi-paulista\/#breadcrumb"},"inLanguage":"pt-BR","potentialAction":[{"@type":"ReadAction","target":["https:\/\/radiolifefm.com.br\/noticias\/homem-e-preso-por-trafico-de-entorpecentes-em-tupi-paulista\/"]}]},{"@type":"ImageObject","inLanguage":"pt-BR","@id":"https:\/\/radiolifefm.com.br\/noticias\/homem-e-preso-por-trafico-de-entorpecentes-em-tupi-paulista\/#primaryimage","url":"https:\/\/radiolifefm.com.br\/noticias\/wp-content\/uploads\/2019\/08\/Tr\u00e1fico-Tupi-Paulista.jpg","contentUrl":"https:\/\/radiolifefm.com.br\/noticias\/wp-content\/uploads\/2019\/08\/Tr\u00e1fico-Tupi-Paulista.jpg","width":1280,"height":960,"caption":"Por\u00e7\u00f5es de crack, dinheiro e apetrechos apreendidos Pela Pol\u00edcia Militar em Tupi Paulista"},{"@type":"BreadcrumbList","@id":"https:\/\/radiolifefm.com.br\/noticias\/homem-e-preso-por-trafico-de-entorpecentes-em-tupi-paulista\/#breadcrumb","itemListElement":[{"@type":"ListItem","position":1,"name":"In\u00edcio","item":"https:\/\/radiolifefm.com.br\/noticias\/"},{"@type":"ListItem","position":2,"name":"Homem \u00e9 preso por tr\u00e1fico de entorpecentes em Tupi Paulista"}]},{"@type":"WebSite","@id":"https:\/\/radiolifefm.com.br\/noticias\/#website","url":"https:\/\/radiolifefm.com.br\/noticias\/","name":"R\u00e1dio Life FM","description":"O Portal de Not\u00edcias de Adamantina","publisher":{"@id":"https:\/\/radiolifefm.com.br\/noticias\/#organization"},"alternateName":"Life FM","potentialAction":[{"@type":"SearchAction","target":{"@type":"EntryPoint","urlTemplate":"https:\/\/radiolifefm.com.br\/noticias\/?s={search_term_string}"},"query-input":{"@type":"PropertyValueSpecification","valueRequired":true,"valueName":"search_term_string"}}],"inLanguage":"pt-BR"},{"@type":"Organization","@id":"https:\/\/radiolifefm.com.br\/noticias\/#organization","name":"R\u00e1dio Life FM","alternateName":"Life FM","url":"https:\/\/radiolifefm.com.br\/noticias\/","logo":{"@type":"ImageObject","inLanguage":"pt-BR","@id":"https:\/\/radiolifefm.com.br\/noticias\/#\/schema\/logo\/image\/","url":"https:\/\/static.radiolifefm.com.br\/noticias\/wp-content\/uploads\/2019\/10\/logo-lifefm.png","contentUrl":"https:\/\/static.radiolifefm.com.br\/noticias\/wp-content\/uploads\/2019\/10\/logo-lifefm.png","width":196,"height":47,"caption":"R\u00e1dio Life FM"},"image":{"@id":"https:\/\/radiolifefm.com.br\/noticias\/#\/schema\/logo\/image\/"},"sameAs":["https:\/\/www.facebook.com\/radiolifefm\/","https:\/\/www.instagram.com\/life1079fm\/"]},{"@type":"Person","@id":"https:\/\/radiolifefm.com.br\/noticias\/#\/schema\/person\/1d4e4b1301322090c6221bf1c8420490","name":"lifefm","image":{"@type":"ImageObject","inLanguage":"pt-BR","@id":"https:\/\/secure.gravatar.com\/avatar\/eca268467d925ec97d20641bb054fd944c0abb2f92854171620706bbe6474e7c?s=96&d=mm&r=g","url":"https:\/\/secure.gravatar.com\/avatar\/eca268467d925ec97d20641bb054fd944c0abb2f92854171620706bbe6474e7c?s=96&d=mm&r=g","contentUrl":"https:\/\/secure.gravatar.com\/avatar\/eca268467d925ec97d20641bb054fd944c0abb2f92854171620706bbe6474e7c?s=96&d=mm&r=g","caption":"lifefm"}}]}},"amp_enabled":true,"_links":{"self":[{"href":"https:\/\/radiolifefm.com.br\/noticias\/wp-json\/wp\/v2\/posts\/15162","targetHints":{"allow":["GET"]}}],"collection":[{"href":"https:\/\/radiolifefm.com.br\/noticias\/wp-json\/wp\/v2\/posts"}],"about":[{"href":"https:\/\/radiolifefm.com.br\/noticias\/wp-json\/wp\/v2\/types\/post"}],"author":[{"embeddable":true,"href":"https:\/\/radiolifefm.com.br\/noticias\/wp-json\/wp\/v2\/users\/3"}],"replies":[{"embeddable":true,"href":"https:\/\/radiolifefm.com.br\/noticias\/wp-json\/wp\/v2\/comments?post=15162"}],"version-history":[{"count":1,"href":"https:\/\/radiolifefm.com.br\/noticias\/wp-json\/wp\/v2\/posts\/15162\/revisions"}],"predecessor-version":[{"id":15164,"href":"https:\/\/radiolifefm.com.br\/noticias\/wp-json\/wp\/v2\/posts\/15162\/revisions\/15164"}],"wp:featuredmedia":[{"embeddable":true,"href":"https:\/\/radiolifefm.com.br\/noticias\/wp-json\/wp\/v2\/media\/15163"}],"wp:attachment":[{"href":"https:\/\/radiolifefm.com.br\/noticias\/wp-json\/wp\/v2\/media?parent=15162"}],"wp:term":[{"taxonomy":"category","embeddable":true,"href":"https:\/\/radiolifefm.com.br\/noticias\/wp-json\/wp\/v2\/categories?post=15162"},{"taxonomy":"post_tag","embeddable":true,"href":"https:\/\/radiolifefm.com.br\/noticias\/wp-json\/wp\/v2\/tags?post=15162"}],"curies":[{"name":"wp","href":"https:\/\/api.w.org\/{rel}","templated":true}]}}