{"id":15042,"date":"2019-07-29T17:55:41","date_gmt":"2019-07-29T20:55:41","guid":{"rendered":"https:\/\/radiolifefm.com.br\/noticias\/?p=15042"},"modified":"2026-03-20T19:01:11","modified_gmt":"2026-03-20T22:01:11","slug":"policia-militar-prende-em-osvaldo-cruz-passageira-que-carregava-celulares-no-interior-do-corpo","status":"publish","type":"post","link":"https:\/\/radiolifefm.com.br\/noticias\/policia-militar-prende-em-osvaldo-cruz-passageira-que-carregava-celulares-no-interior-do-corpo\/","title":{"rendered":"Pol\u00edcia Militar prende em Osvaldo Cruz, passageira que carregava celulares no interior do corpo"},"content":{"rendered":"<div id=\"fb-root\"><\/div>\n<p><em>Os aparelhos foram apreendidos pela Pol\u00edcia Militar<\/em><\/p>\n<p>Policiais Militares de Osvaldo Cruz, ap\u00f3s receberem uma den\u00fancia, dizendo que uma passageira no interior de um \u00f4nibus com destino a penitenci\u00e1ria de Florida Paulista, estaria trazendo drogas no interior de seu corpo.<\/p>\n<p>Referido \u00f4nibus foi parado e diante das informa\u00e7\u00f5es relatadas na den\u00fancia, foi localizada a passageira, M.E.D.S., de 38 anos, que foi abordada e indagada, negando tal fato.<\/p>\n<p>Foi realizada a condu\u00e7\u00e3o da passageira at\u00e9 a Santa Casa para realizar exames. J\u00e1 pela Santa Casa, a passageira veio a admitir que teria objetos introduzidos em seus \u00f3rg\u00e3os genitais, onde, na presen\u00e7a da m\u00e9dica e da enfermeira plantonista, retirou os objetos, dois aparelhos celulares.<\/p>\n<p>Diante do fato, foi dada voz de pris\u00e3o a passageira, que foi conduzida a delegacia, onde permaneceu a disposi\u00e7\u00e3o da justi\u00e7a.<\/p>\n<p>Informa\u00e7\u00f5es \u2013 Pol\u00edcia Militar<\/p>\n<p>Reda\u00e7\u00e3o &#8211; Kako de Oliveira<\/p>\n","protected":false},"excerpt":{"rendered":"<p>Os aparelhos foram apreendidos pela Pol\u00edcia Militar Policiais Militares de Osvaldo Cruz, ap\u00f3s receberem uma den\u00fancia, dizendo que uma passageira no interior de um \u00f4nibus com destino a penitenci\u00e1ria de Florida Paulista, estaria trazendo drogas no interior de seu corpo. Referido \u00f4nibus foi parado e diante das informa\u00e7\u00f5es relatadas na den\u00fancia, foi localizada a passageira, [&hellip;]<\/p>\n","protected":false},"author":3,"featured_media":15043,"comment_status":"closed","ping_status":"open","sticky":false,"template":"","format":"standard","meta":{"_acf_changed":false,"_exactmetrics_skip_tracking":false,"_exactmetrics_sitenote_active":false,"_exactmetrics_sitenote_note":"","_exactmetrics_sitenote_category":0,"footnotes":""},"categories":[24],"tags":[],"class_list":["post-15042","post","type-post","status-publish","format-standard","has-post-thumbnail","hentry","category-regiao"],"acf":[],"yoast_head":"<!-- This site is optimized with the Yoast SEO plugin v27.2 - https:\/\/yoast.com\/product\/yoast-seo-wordpress\/ -->\n<title>Pol\u00edcia Militar prende em Osvaldo Cruz, passageira que carregava celulares no interior do corpo - R\u00e1dio Life FM<\/title>\n<meta name=\"robots\" content=\"index, follow, max-snippet:-1, max-image-preview:large, max-video-preview:-1\" \/>\n<link rel=\"canonical\" href=\"https:\/\/radiolifefm.com.br\/noticias\/policia-militar-prende-em-osvaldo-cruz-passageira-que-carregava-celulares-no-interior-do-corpo\/\" \/>\n<meta property=\"og:locale\" content=\"pt_BR\" \/>\n<meta property=\"og:type\" content=\"article\" \/>\n<meta property=\"og:title\" content=\"Pol\u00edcia Militar prende em Osvaldo Cruz, passageira que carregava celulares no interior do corpo - R\u00e1dio Life FM\" \/>\n<meta property=\"og:description\" content=\"Os aparelhos foram apreendidos pela Pol\u00edcia Militar Policiais Militares de Osvaldo Cruz, ap\u00f3s receberem uma den\u00fancia, dizendo que uma passageira no interior de um \u00f4nibus com destino a penitenci\u00e1ria de Florida Paulista, estaria trazendo drogas no interior de seu corpo. Referido \u00f4nibus foi parado e diante das informa\u00e7\u00f5es relatadas na den\u00fancia, foi localizada a passageira, [&hellip;]\" \/>\n<meta property=\"og:url\" content=\"https:\/\/radiolifefm.com.br\/noticias\/policia-militar-prende-em-osvaldo-cruz-passageira-que-carregava-celulares-no-interior-do-corpo\/\" \/>\n<meta property=\"og:site_name\" content=\"R\u00e1dio Life FM\" \/>\n<meta property=\"article:publisher\" content=\"https:\/\/www.facebook.com\/radiolifefm\/\" \/>\n<meta property=\"article:published_time\" content=\"2019-07-29T20:55:41+00:00\" \/>\n<meta property=\"article:modified_time\" content=\"2026-03-20T22:01:11+00:00\" \/>\n<meta property=\"og:image\" content=\"https:\/\/radiolifefm.com.br\/noticias\/wp-content\/uploads\/2019\/07\/Celulares-no-corpo-da-mulher.jpg\" \/>\n\t<meta property=\"og:image:width\" content=\"622\" \/>\n\t<meta property=\"og:image:height\" content=\"239\" \/>\n\t<meta property=\"og:image:type\" content=\"image\/jpeg\" \/>\n<meta name=\"author\" content=\"lifefm\" \/>\n<meta name=\"twitter:card\" content=\"summary_large_image\" \/>\n<meta name=\"twitter:label1\" content=\"Escrito por\" \/>\n\t<meta name=\"twitter:data1\" content=\"lifefm\" \/>\n\t<meta name=\"twitter:label2\" content=\"Est. tempo de leitura\" \/>\n\t<meta name=\"twitter:data2\" content=\"1 minuto\" \/>\n<script type=\"application\/ld+json\" class=\"yoast-schema-graph\">{\"@context\":\"https:\/\/schema.org\",\"@graph\":[{\"@type\":\"Article\",\"@id\":\"https:\/\/radiolifefm.com.br\/noticias\/policia-militar-prende-em-osvaldo-cruz-passageira-que-carregava-celulares-no-interior-do-corpo\/#article\",\"isPartOf\":{\"@id\":\"https:\/\/radiolifefm.com.br\/noticias\/policia-militar-prende-em-osvaldo-cruz-passageira-que-carregava-celulares-no-interior-do-corpo\/\"},\"author\":{\"name\":\"lifefm\",\"@id\":\"https:\/\/radiolifefm.com.br\/noticias\/#\/schema\/person\/1d4e4b1301322090c6221bf1c8420490\"},\"headline\":\"Pol\u00edcia Militar prende em Osvaldo Cruz, passageira que carregava celulares no interior do corpo\",\"datePublished\":\"2019-07-29T20:55:41+00:00\",\"dateModified\":\"2026-03-20T22:01:11+00:00\",\"mainEntityOfPage\":{\"@id\":\"https:\/\/radiolifefm.com.br\/noticias\/policia-militar-prende-em-osvaldo-cruz-passageira-que-carregava-celulares-no-interior-do-corpo\/\"},\"wordCount\":174,\"publisher\":{\"@id\":\"https:\/\/radiolifefm.com.br\/noticias\/#organization\"},\"image\":{\"@id\":\"https:\/\/radiolifefm.com.br\/noticias\/policia-militar-prende-em-osvaldo-cruz-passageira-que-carregava-celulares-no-interior-do-corpo\/#primaryimage\"},\"thumbnailUrl\":\"https:\/\/radiolifefm.com.br\/noticias\/wp-content\/uploads\/2019\/07\/Celulares-no-corpo-da-mulher.jpg\",\"articleSection\":[\"Regi\u00e3o\"],\"inLanguage\":\"pt-BR\"},{\"@type\":\"WebPage\",\"@id\":\"https:\/\/radiolifefm.com.br\/noticias\/policia-militar-prende-em-osvaldo-cruz-passageira-que-carregava-celulares-no-interior-do-corpo\/\",\"url\":\"https:\/\/radiolifefm.com.br\/noticias\/policia-militar-prende-em-osvaldo-cruz-passageira-que-carregava-celulares-no-interior-do-corpo\/\",\"name\":\"Pol\u00edcia Militar prende em Osvaldo Cruz, passageira que carregava celulares no interior do corpo - R\u00e1dio Life FM\",\"isPartOf\":{\"@id\":\"https:\/\/radiolifefm.com.br\/noticias\/#website\"},\"primaryImageOfPage\":{\"@id\":\"https:\/\/radiolifefm.com.br\/noticias\/policia-militar-prende-em-osvaldo-cruz-passageira-que-carregava-celulares-no-interior-do-corpo\/#primaryimage\"},\"image\":{\"@id\":\"https:\/\/radiolifefm.com.br\/noticias\/policia-militar-prende-em-osvaldo-cruz-passageira-que-carregava-celulares-no-interior-do-corpo\/#primaryimage\"},\"thumbnailUrl\":\"https:\/\/radiolifefm.com.br\/noticias\/wp-content\/uploads\/2019\/07\/Celulares-no-corpo-da-mulher.jpg\",\"datePublished\":\"2019-07-29T20:55:41+00:00\",\"dateModified\":\"2026-03-20T22:01:11+00:00\",\"breadcrumb\":{\"@id\":\"https:\/\/radiolifefm.com.br\/noticias\/policia-militar-prende-em-osvaldo-cruz-passageira-que-carregava-celulares-no-interior-do-corpo\/#breadcrumb\"},\"inLanguage\":\"pt-BR\",\"potentialAction\":[{\"@type\":\"ReadAction\",\"target\":[\"https:\/\/radiolifefm.com.br\/noticias\/policia-militar-prende-em-osvaldo-cruz-passageira-que-carregava-celulares-no-interior-do-corpo\/\"]}]},{\"@type\":\"ImageObject\",\"inLanguage\":\"pt-BR\",\"@id\":\"https:\/\/radiolifefm.com.br\/noticias\/policia-militar-prende-em-osvaldo-cruz-passageira-que-carregava-celulares-no-interior-do-corpo\/#primaryimage\",\"url\":\"https:\/\/radiolifefm.com.br\/noticias\/wp-content\/uploads\/2019\/07\/Celulares-no-corpo-da-mulher.jpg\",\"contentUrl\":\"https:\/\/radiolifefm.com.br\/noticias\/wp-content\/uploads\/2019\/07\/Celulares-no-corpo-da-mulher.jpg\",\"width\":622,\"height\":239},{\"@type\":\"BreadcrumbList\",\"@id\":\"https:\/\/radiolifefm.com.br\/noticias\/policia-militar-prende-em-osvaldo-cruz-passageira-que-carregava-celulares-no-interior-do-corpo\/#breadcrumb\",\"itemListElement\":[{\"@type\":\"ListItem\",\"position\":1,\"name\":\"In\u00edcio\",\"item\":\"https:\/\/radiolifefm.com.br\/noticias\/\"},{\"@type\":\"ListItem\",\"position\":2,\"name\":\"Pol\u00edcia Militar prende em Osvaldo Cruz, passageira que carregava celulares no interior do corpo\"}]},{\"@type\":\"WebSite\",\"@id\":\"https:\/\/radiolifefm.com.br\/noticias\/#website\",\"url\":\"https:\/\/radiolifefm.com.br\/noticias\/\",\"name\":\"R\u00e1dio Life FM\",\"description\":\"O Portal de Not\u00edcias de Adamantina\",\"publisher\":{\"@id\":\"https:\/\/radiolifefm.com.br\/noticias\/#organization\"},\"alternateName\":\"Life FM\",\"potentialAction\":[{\"@type\":\"SearchAction\",\"target\":{\"@type\":\"EntryPoint\",\"urlTemplate\":\"https:\/\/radiolifefm.com.br\/noticias\/?s={search_term_string}\"},\"query-input\":{\"@type\":\"PropertyValueSpecification\",\"valueRequired\":true,\"valueName\":\"search_term_string\"}}],\"inLanguage\":\"pt-BR\"},{\"@type\":\"Organization\",\"@id\":\"https:\/\/radiolifefm.com.br\/noticias\/#organization\",\"name\":\"R\u00e1dio Life FM\",\"alternateName\":\"Life FM\",\"url\":\"https:\/\/radiolifefm.com.br\/noticias\/\",\"logo\":{\"@type\":\"ImageObject\",\"inLanguage\":\"pt-BR\",\"@id\":\"https:\/\/radiolifefm.com.br\/noticias\/#\/schema\/logo\/image\/\",\"url\":\"https:\/\/static.radiolifefm.com.br\/noticias\/wp-content\/uploads\/2019\/10\/logo-lifefm.png\",\"contentUrl\":\"https:\/\/static.radiolifefm.com.br\/noticias\/wp-content\/uploads\/2019\/10\/logo-lifefm.png\",\"width\":196,\"height\":47,\"caption\":\"R\u00e1dio Life FM\"},\"image\":{\"@id\":\"https:\/\/radiolifefm.com.br\/noticias\/#\/schema\/logo\/image\/\"},\"sameAs\":[\"https:\/\/www.facebook.com\/radiolifefm\/\",\"https:\/\/www.instagram.com\/life1079fm\/\"]},{\"@type\":\"Person\",\"@id\":\"https:\/\/radiolifefm.com.br\/noticias\/#\/schema\/person\/1d4e4b1301322090c6221bf1c8420490\",\"name\":\"lifefm\",\"image\":{\"@type\":\"ImageObject\",\"inLanguage\":\"pt-BR\",\"@id\":\"https:\/\/secure.gravatar.com\/avatar\/eca268467d925ec97d20641bb054fd944c0abb2f92854171620706bbe6474e7c?s=96&d=mm&r=g\",\"url\":\"https:\/\/secure.gravatar.com\/avatar\/eca268467d925ec97d20641bb054fd944c0abb2f92854171620706bbe6474e7c?s=96&d=mm&r=g\",\"contentUrl\":\"https:\/\/secure.gravatar.com\/avatar\/eca268467d925ec97d20641bb054fd944c0abb2f92854171620706bbe6474e7c?s=96&d=mm&r=g\",\"caption\":\"lifefm\"}}]}<\/script>\n<!-- \/ Yoast SEO plugin. -->","yoast_head_json":{"title":"Pol\u00edcia Militar prende em Osvaldo Cruz, passageira que carregava celulares no interior do corpo - R\u00e1dio Life FM","robots":{"index":"index","follow":"follow","max-snippet":"max-snippet:-1","max-image-preview":"max-image-preview:large","max-video-preview":"max-video-preview:-1"},"canonical":"https:\/\/radiolifefm.com.br\/noticias\/policia-militar-prende-em-osvaldo-cruz-passageira-que-carregava-celulares-no-interior-do-corpo\/","og_locale":"pt_BR","og_type":"article","og_title":"Pol\u00edcia Militar prende em Osvaldo Cruz, passageira que carregava celulares no interior do corpo - R\u00e1dio Life FM","og_description":"Os aparelhos foram apreendidos pela Pol\u00edcia Militar Policiais Militares de Osvaldo Cruz, ap\u00f3s receberem uma den\u00fancia, dizendo que uma passageira no interior de um \u00f4nibus com destino a penitenci\u00e1ria de Florida Paulista, estaria trazendo drogas no interior de seu corpo. Referido \u00f4nibus foi parado e diante das informa\u00e7\u00f5es relatadas na den\u00fancia, foi localizada a passageira, [&hellip;]","og_url":"https:\/\/radiolifefm.com.br\/noticias\/policia-militar-prende-em-osvaldo-cruz-passageira-que-carregava-celulares-no-interior-do-corpo\/","og_site_name":"R\u00e1dio Life FM","article_publisher":"https:\/\/www.facebook.com\/radiolifefm\/","article_published_time":"2019-07-29T20:55:41+00:00","article_modified_time":"2026-03-20T22:01:11+00:00","og_image":[{"width":622,"height":239,"url":"https:\/\/radiolifefm.com.br\/noticias\/wp-content\/uploads\/2019\/07\/Celulares-no-corpo-da-mulher.jpg","type":"image\/jpeg"}],"author":"lifefm","twitter_card":"summary_large_image","twitter_misc":{"Escrito por":"lifefm","Est. tempo de leitura":"1 minuto"},"schema":{"@context":"https:\/\/schema.org","@graph":[{"@type":"Article","@id":"https:\/\/radiolifefm.com.br\/noticias\/policia-militar-prende-em-osvaldo-cruz-passageira-que-carregava-celulares-no-interior-do-corpo\/#article","isPartOf":{"@id":"https:\/\/radiolifefm.com.br\/noticias\/policia-militar-prende-em-osvaldo-cruz-passageira-que-carregava-celulares-no-interior-do-corpo\/"},"author":{"name":"lifefm","@id":"https:\/\/radiolifefm.com.br\/noticias\/#\/schema\/person\/1d4e4b1301322090c6221bf1c8420490"},"headline":"Pol\u00edcia Militar prende em Osvaldo Cruz, passageira que carregava celulares no interior do corpo","datePublished":"2019-07-29T20:55:41+00:00","dateModified":"2026-03-20T22:01:11+00:00","mainEntityOfPage":{"@id":"https:\/\/radiolifefm.com.br\/noticias\/policia-militar-prende-em-osvaldo-cruz-passageira-que-carregava-celulares-no-interior-do-corpo\/"},"wordCount":174,"publisher":{"@id":"https:\/\/radiolifefm.com.br\/noticias\/#organization"},"image":{"@id":"https:\/\/radiolifefm.com.br\/noticias\/policia-militar-prende-em-osvaldo-cruz-passageira-que-carregava-celulares-no-interior-do-corpo\/#primaryimage"},"thumbnailUrl":"https:\/\/radiolifefm.com.br\/noticias\/wp-content\/uploads\/2019\/07\/Celulares-no-corpo-da-mulher.jpg","articleSection":["Regi\u00e3o"],"inLanguage":"pt-BR"},{"@type":"WebPage","@id":"https:\/\/radiolifefm.com.br\/noticias\/policia-militar-prende-em-osvaldo-cruz-passageira-que-carregava-celulares-no-interior-do-corpo\/","url":"https:\/\/radiolifefm.com.br\/noticias\/policia-militar-prende-em-osvaldo-cruz-passageira-que-carregava-celulares-no-interior-do-corpo\/","name":"Pol\u00edcia Militar prende em Osvaldo Cruz, passageira que carregava celulares no interior do corpo - R\u00e1dio Life FM","isPartOf":{"@id":"https:\/\/radiolifefm.com.br\/noticias\/#website"},"primaryImageOfPage":{"@id":"https:\/\/radiolifefm.com.br\/noticias\/policia-militar-prende-em-osvaldo-cruz-passageira-que-carregava-celulares-no-interior-do-corpo\/#primaryimage"},"image":{"@id":"https:\/\/radiolifefm.com.br\/noticias\/policia-militar-prende-em-osvaldo-cruz-passageira-que-carregava-celulares-no-interior-do-corpo\/#primaryimage"},"thumbnailUrl":"https:\/\/radiolifefm.com.br\/noticias\/wp-content\/uploads\/2019\/07\/Celulares-no-corpo-da-mulher.jpg","datePublished":"2019-07-29T20:55:41+00:00","dateModified":"2026-03-20T22:01:11+00:00","breadcrumb":{"@id":"https:\/\/radiolifefm.com.br\/noticias\/policia-militar-prende-em-osvaldo-cruz-passageira-que-carregava-celulares-no-interior-do-corpo\/#breadcrumb"},"inLanguage":"pt-BR","potentialAction":[{"@type":"ReadAction","target":["https:\/\/radiolifefm.com.br\/noticias\/policia-militar-prende-em-osvaldo-cruz-passageira-que-carregava-celulares-no-interior-do-corpo\/"]}]},{"@type":"ImageObject","inLanguage":"pt-BR","@id":"https:\/\/radiolifefm.com.br\/noticias\/policia-militar-prende-em-osvaldo-cruz-passageira-que-carregava-celulares-no-interior-do-corpo\/#primaryimage","url":"https:\/\/radiolifefm.com.br\/noticias\/wp-content\/uploads\/2019\/07\/Celulares-no-corpo-da-mulher.jpg","contentUrl":"https:\/\/radiolifefm.com.br\/noticias\/wp-content\/uploads\/2019\/07\/Celulares-no-corpo-da-mulher.jpg","width":622,"height":239},{"@type":"BreadcrumbList","@id":"https:\/\/radiolifefm.com.br\/noticias\/policia-militar-prende-em-osvaldo-cruz-passageira-que-carregava-celulares-no-interior-do-corpo\/#breadcrumb","itemListElement":[{"@type":"ListItem","position":1,"name":"In\u00edcio","item":"https:\/\/radiolifefm.com.br\/noticias\/"},{"@type":"ListItem","position":2,"name":"Pol\u00edcia Militar prende em Osvaldo Cruz, passageira que carregava celulares no interior do corpo"}]},{"@type":"WebSite","@id":"https:\/\/radiolifefm.com.br\/noticias\/#website","url":"https:\/\/radiolifefm.com.br\/noticias\/","name":"R\u00e1dio Life FM","description":"O Portal de Not\u00edcias de Adamantina","publisher":{"@id":"https:\/\/radiolifefm.com.br\/noticias\/#organization"},"alternateName":"Life FM","potentialAction":[{"@type":"SearchAction","target":{"@type":"EntryPoint","urlTemplate":"https:\/\/radiolifefm.com.br\/noticias\/?s={search_term_string}"},"query-input":{"@type":"PropertyValueSpecification","valueRequired":true,"valueName":"search_term_string"}}],"inLanguage":"pt-BR"},{"@type":"Organization","@id":"https:\/\/radiolifefm.com.br\/noticias\/#organization","name":"R\u00e1dio Life FM","alternateName":"Life FM","url":"https:\/\/radiolifefm.com.br\/noticias\/","logo":{"@type":"ImageObject","inLanguage":"pt-BR","@id":"https:\/\/radiolifefm.com.br\/noticias\/#\/schema\/logo\/image\/","url":"https:\/\/static.radiolifefm.com.br\/noticias\/wp-content\/uploads\/2019\/10\/logo-lifefm.png","contentUrl":"https:\/\/static.radiolifefm.com.br\/noticias\/wp-content\/uploads\/2019\/10\/logo-lifefm.png","width":196,"height":47,"caption":"R\u00e1dio Life FM"},"image":{"@id":"https:\/\/radiolifefm.com.br\/noticias\/#\/schema\/logo\/image\/"},"sameAs":["https:\/\/www.facebook.com\/radiolifefm\/","https:\/\/www.instagram.com\/life1079fm\/"]},{"@type":"Person","@id":"https:\/\/radiolifefm.com.br\/noticias\/#\/schema\/person\/1d4e4b1301322090c6221bf1c8420490","name":"lifefm","image":{"@type":"ImageObject","inLanguage":"pt-BR","@id":"https:\/\/secure.gravatar.com\/avatar\/eca268467d925ec97d20641bb054fd944c0abb2f92854171620706bbe6474e7c?s=96&d=mm&r=g","url":"https:\/\/secure.gravatar.com\/avatar\/eca268467d925ec97d20641bb054fd944c0abb2f92854171620706bbe6474e7c?s=96&d=mm&r=g","contentUrl":"https:\/\/secure.gravatar.com\/avatar\/eca268467d925ec97d20641bb054fd944c0abb2f92854171620706bbe6474e7c?s=96&d=mm&r=g","caption":"lifefm"}}]}},"amp_enabled":true,"_links":{"self":[{"href":"https:\/\/radiolifefm.com.br\/noticias\/wp-json\/wp\/v2\/posts\/15042","targetHints":{"allow":["GET"]}}],"collection":[{"href":"https:\/\/radiolifefm.com.br\/noticias\/wp-json\/wp\/v2\/posts"}],"about":[{"href":"https:\/\/radiolifefm.com.br\/noticias\/wp-json\/wp\/v2\/types\/post"}],"author":[{"embeddable":true,"href":"https:\/\/radiolifefm.com.br\/noticias\/wp-json\/wp\/v2\/users\/3"}],"replies":[{"embeddable":true,"href":"https:\/\/radiolifefm.com.br\/noticias\/wp-json\/wp\/v2\/comments?post=15042"}],"version-history":[{"count":1,"href":"https:\/\/radiolifefm.com.br\/noticias\/wp-json\/wp\/v2\/posts\/15042\/revisions"}],"predecessor-version":[{"id":15044,"href":"https:\/\/radiolifefm.com.br\/noticias\/wp-json\/wp\/v2\/posts\/15042\/revisions\/15044"}],"wp:featuredmedia":[{"embeddable":true,"href":"https:\/\/radiolifefm.com.br\/noticias\/wp-json\/wp\/v2\/media\/15043"}],"wp:attachment":[{"href":"https:\/\/radiolifefm.com.br\/noticias\/wp-json\/wp\/v2\/media?parent=15042"}],"wp:term":[{"taxonomy":"category","embeddable":true,"href":"https:\/\/radiolifefm.com.br\/noticias\/wp-json\/wp\/v2\/categories?post=15042"},{"taxonomy":"post_tag","embeddable":true,"href":"https:\/\/radiolifefm.com.br\/noticias\/wp-json\/wp\/v2\/tags?post=15042"}],"curies":[{"name":"wp","href":"https:\/\/api.w.org\/{rel}","templated":true}]}}