{"id":14996,"date":"2019-07-27T15:52:56","date_gmt":"2019-07-27T18:52:56","guid":{"rendered":"https:\/\/radiolifefm.com.br\/noticias\/?p=14996"},"modified":"2026-02-01T10:17:25","modified_gmt":"2026-02-01T13:17:25","slug":"edital-de-concessao-preve-a-instalacao-de-sete-pracas-de-pedagio-na-regiao-sendo-quatro-na-sp-294","status":"publish","type":"post","link":"https:\/\/radiolifefm.com.br\/noticias\/edital-de-concessao-preve-a-instalacao-de-sete-pracas-de-pedagio-na-regiao-sendo-quatro-na-sp-294\/","title":{"rendered":"Edital de concess\u00e3o prev\u00ea a instala\u00e7\u00e3o de sete pra\u00e7as de ped\u00e1gio na regi\u00e3o, sendo quatro na SP-294"},"content":{"rendered":"<div id=\"fb-root\"><\/div>\n<p>O edital de concess\u00e3o de rodovias lan\u00e7ado nesta quarta-feira (24) pelo governo do Estado de S\u00e3o Paulo prev\u00ea a instala\u00e7\u00e3o de sete pra\u00e7as de ped\u00e1gio na regi\u00e3o de Presidente Prudente, sendo quatro na Rodovia Comandante Jo\u00e3o Ribeiro de Barros \u2013 SP-294.<\/p>\n<p><strong>Elas ficar\u00e3o nos seguintes pontos:<\/strong><\/p>\n<p>&#8211; Rodovia Assis Chateaubriand (SP-425), km 400,0 \u2013 Martin\u00f3polis<\/p>\n<p>&#8211; Rodovia Assis Chateaubriand (SP-425), km 433,5 \u2013 Martin\u00f3polis<\/p>\n<p>&#8211; Rodovia Comandante Jo\u00e3o Ribeiro de Barros (SP-294), km 551,6 \u2013 Parapu\u00e3<\/p>\n<p>&#8211; Rodovia Comandante Jo\u00e3o Ribeiro de Barros (SP-294), km 581,8 \u2013 In\u00fabia Paulista<\/p>\n<p>&#8211; Rodovia Comandante Jo\u00e3o Ribeiro de Barros (SP-294), km 623,3 \u2013 Irapuru<\/p>\n<p>&#8211; Rodovia Comandante Jo\u00e3o Ribeiro de Barros (SP-294), km 668,4 \u2013 Tupi Paulista<\/p>\n<p>&#8211; Rodovia Homero Severo Lins (SP-284), km 532,2 \u2013 Rancharia<\/p>\n<p>As empresas ou os cons\u00f3rcios que quiserem participar da concorr\u00eancia pela concess\u00e3o dos trechos v\u00e3o ter at\u00e9 novembro para apresentar as propostas. J\u00e1 a assinatura do contrato e o in\u00edcio das opera\u00e7\u00f5es da nova concession\u00e1ria est\u00e3o previstos para o primeiro semestre do ano que vem.<\/p>\n<p>Segundo o governo do Estado, a licita\u00e7\u00e3o prev\u00ea tarifas 23% menores do que as atuais \u2013 al\u00e9m de descontos para quem usa frequentemente as rodovias e tamb\u00e9m para quem opta pelo pagamento autom\u00e1tico. Tamb\u00e9m constam no pacote de investimentos obrigat\u00f3rios melhorias nas rodovias \u2013 como a duplica\u00e7\u00e3o de trechos.<\/p>\n<p>O edital de concorr\u00eancia internacional para concess\u00e3o do lote Piracicaba\u2013Panorama foi lan\u00e7ado nesta quarta-feira (24) com previs\u00e3o de investimentos de R$ 14 bilh\u00f5es em obras a serem realizadas ao longo de 30 anos de contrato. No total, s\u00e3o 1.273 quil\u00f4metros de rodovias que ser\u00e3o modernizadas e ampliadas entre Piracicaba, na regi\u00e3o de Campinas, e Panorama, no Oeste Paulista.<\/p>\n<p>Os investimentos foram priorizados na modelagem e grande parte das contribui\u00e7\u00f5es das seis audi\u00eancias p\u00fablicas e do processo de consulta p\u00fablica foi acolhida. Dos R$ 14 bilh\u00f5es, cerca de R$ 1,5 bilh\u00e3o ser\u00e3o investidos nos dois primeiros anos de contrato.<\/p>\n<p>O lote Piracicaba\u2013Panorama \u00e9 composto pela malha de 218 quil\u00f4metros, atualmente operada pela concession\u00e1ria Centrovias, do Grupo Arteris, cujo contrato vence no in\u00edcio do ano que vem, al\u00e9m de 1.055 quil\u00f4metros operados pelo Departamento de Estradas de Rodagem (DER).<br \/>\nNa regi\u00e3o de Presidente Prudente, est\u00e3o inclu\u00eddas no lote de concess\u00e3o as rodovias Assis Chateaubriand (SP-425), Comandante Jo\u00e3o Ribeiro de Barros (SP-294) e Homero Severo Lins (SP-284).<\/p>\n<p>Poder\u00e3o participar da concorr\u00eancia internacional empresas nacionais, estrangeiras, fundos de investimentos e entidades de previd\u00eancia complementar \u2013 isoladamente ou em cons\u00f3rcio. O crit\u00e9rio de julgamento da licita\u00e7\u00e3o ser\u00e1 o maior valor de outorga fixa. Sob a alega\u00e7\u00e3o de \u201cprivilegiar os investimentos e tarifas de ped\u00e1gio menores\u201d, o governo do Estado determinou a ado\u00e7\u00e3o de um menor valor de outorga fixa, cujo valor m\u00ednimo foi reduzido de um potencial de R$ 2 bilh\u00f5es para somente R$ 22 milh\u00f5es.<\/p>\n<p>A vers\u00e3o oficial do edital est\u00e1 dispon\u00edvel para consulta no site da Artespa partir desta quinta-feira (25).<\/p>\n<p>Fonte: G1 Prudente<\/p>\n","protected":false},"excerpt":{"rendered":"<p>O edital de concess\u00e3o de rodovias lan\u00e7ado nesta quarta-feira (24) pelo governo do Estado de S\u00e3o Paulo prev\u00ea a instala\u00e7\u00e3o de sete pra\u00e7as de ped\u00e1gio na regi\u00e3o de Presidente Prudente, sendo quatro na Rodovia Comandante Jo\u00e3o Ribeiro de Barros \u2013 SP-294. Elas ficar\u00e3o nos seguintes pontos: &#8211; Rodovia Assis Chateaubriand (SP-425), km 400,0 \u2013 Martin\u00f3polis [&hellip;]<\/p>\n","protected":false},"author":3,"featured_media":14997,"comment_status":"closed","ping_status":"open","sticky":false,"template":"","format":"standard","meta":{"_acf_changed":false,"_exactmetrics_skip_tracking":false,"_exactmetrics_sitenote_active":false,"_exactmetrics_sitenote_note":"","_exactmetrics_sitenote_category":0,"footnotes":""},"categories":[24],"tags":[],"class_list":["post-14996","post","type-post","status-publish","format-standard","has-post-thumbnail","hentry","category-regiao"],"acf":[],"yoast_head":"<!-- This site is optimized with the Yoast SEO plugin v27.2 - https:\/\/yoast.com\/product\/yoast-seo-wordpress\/ -->\n<title>Edital de concess\u00e3o prev\u00ea a instala\u00e7\u00e3o de sete pra\u00e7as de ped\u00e1gio na regi\u00e3o, sendo quatro na SP-294 - R\u00e1dio Life FM<\/title>\n<meta name=\"robots\" content=\"index, follow, max-snippet:-1, max-image-preview:large, max-video-preview:-1\" \/>\n<link rel=\"canonical\" href=\"https:\/\/radiolifefm.com.br\/noticias\/edital-de-concessao-preve-a-instalacao-de-sete-pracas-de-pedagio-na-regiao-sendo-quatro-na-sp-294\/\" \/>\n<meta property=\"og:locale\" content=\"pt_BR\" \/>\n<meta property=\"og:type\" content=\"article\" \/>\n<meta property=\"og:title\" content=\"Edital de concess\u00e3o prev\u00ea a instala\u00e7\u00e3o de sete pra\u00e7as de ped\u00e1gio na regi\u00e3o, sendo quatro na SP-294 - R\u00e1dio Life FM\" \/>\n<meta property=\"og:description\" content=\"O edital de concess\u00e3o de rodovias lan\u00e7ado nesta quarta-feira (24) pelo governo do Estado de S\u00e3o Paulo prev\u00ea a instala\u00e7\u00e3o de sete pra\u00e7as de ped\u00e1gio na regi\u00e3o de Presidente Prudente, sendo quatro na Rodovia Comandante Jo\u00e3o Ribeiro de Barros \u2013 SP-294. Elas ficar\u00e3o nos seguintes pontos: &#8211; Rodovia Assis Chateaubriand (SP-425), km 400,0 \u2013 Martin\u00f3polis [&hellip;]\" \/>\n<meta property=\"og:url\" content=\"https:\/\/radiolifefm.com.br\/noticias\/edital-de-concessao-preve-a-instalacao-de-sete-pracas-de-pedagio-na-regiao-sendo-quatro-na-sp-294\/\" \/>\n<meta property=\"og:site_name\" content=\"R\u00e1dio Life FM\" \/>\n<meta property=\"article:publisher\" content=\"https:\/\/www.facebook.com\/radiolifefm\/\" \/>\n<meta property=\"article:published_time\" content=\"2019-07-27T18:52:56+00:00\" \/>\n<meta property=\"article:modified_time\" content=\"2026-02-01T13:17:25+00:00\" \/>\n<meta property=\"og:image\" content=\"https:\/\/radiolifefm.com.br\/noticias\/wp-content\/uploads\/2019\/07\/Rodovia-SP-294-Imagem.jpg\" \/>\n\t<meta property=\"og:image:width\" content=\"301\" \/>\n\t<meta property=\"og:image:height\" content=\"167\" \/>\n\t<meta property=\"og:image:type\" content=\"image\/jpeg\" \/>\n<meta name=\"author\" content=\"lifefm\" \/>\n<meta name=\"twitter:card\" content=\"summary_large_image\" \/>\n<meta name=\"twitter:label1\" content=\"Escrito por\" \/>\n\t<meta name=\"twitter:data1\" content=\"lifefm\" \/>\n\t<meta name=\"twitter:label2\" content=\"Est. tempo de leitura\" \/>\n\t<meta name=\"twitter:data2\" content=\"3 minutos\" \/>\n<script type=\"application\/ld+json\" class=\"yoast-schema-graph\">{\"@context\":\"https:\/\/schema.org\",\"@graph\":[{\"@type\":\"Article\",\"@id\":\"https:\/\/radiolifefm.com.br\/noticias\/edital-de-concessao-preve-a-instalacao-de-sete-pracas-de-pedagio-na-regiao-sendo-quatro-na-sp-294\/#article\",\"isPartOf\":{\"@id\":\"https:\/\/radiolifefm.com.br\/noticias\/edital-de-concessao-preve-a-instalacao-de-sete-pracas-de-pedagio-na-regiao-sendo-quatro-na-sp-294\/\"},\"author\":{\"name\":\"lifefm\",\"@id\":\"https:\/\/radiolifefm.com.br\/noticias\/#\/schema\/person\/1d4e4b1301322090c6221bf1c8420490\"},\"headline\":\"Edital de concess\u00e3o prev\u00ea a instala\u00e7\u00e3o de sete pra\u00e7as de ped\u00e1gio na regi\u00e3o, sendo quatro na SP-294\",\"datePublished\":\"2019-07-27T18:52:56+00:00\",\"dateModified\":\"2026-02-01T13:17:25+00:00\",\"mainEntityOfPage\":{\"@id\":\"https:\/\/radiolifefm.com.br\/noticias\/edital-de-concessao-preve-a-instalacao-de-sete-pracas-de-pedagio-na-regiao-sendo-quatro-na-sp-294\/\"},\"wordCount\":542,\"publisher\":{\"@id\":\"https:\/\/radiolifefm.com.br\/noticias\/#organization\"},\"image\":{\"@id\":\"https:\/\/radiolifefm.com.br\/noticias\/edital-de-concessao-preve-a-instalacao-de-sete-pracas-de-pedagio-na-regiao-sendo-quatro-na-sp-294\/#primaryimage\"},\"thumbnailUrl\":\"https:\/\/radiolifefm.com.br\/noticias\/wp-content\/uploads\/2019\/07\/Rodovia-SP-294-Imagem.jpg\",\"articleSection\":[\"Regi\u00e3o\"],\"inLanguage\":\"pt-BR\"},{\"@type\":\"WebPage\",\"@id\":\"https:\/\/radiolifefm.com.br\/noticias\/edital-de-concessao-preve-a-instalacao-de-sete-pracas-de-pedagio-na-regiao-sendo-quatro-na-sp-294\/\",\"url\":\"https:\/\/radiolifefm.com.br\/noticias\/edital-de-concessao-preve-a-instalacao-de-sete-pracas-de-pedagio-na-regiao-sendo-quatro-na-sp-294\/\",\"name\":\"Edital de concess\u00e3o prev\u00ea a instala\u00e7\u00e3o de sete pra\u00e7as de ped\u00e1gio na regi\u00e3o, sendo quatro na SP-294 - R\u00e1dio Life FM\",\"isPartOf\":{\"@id\":\"https:\/\/radiolifefm.com.br\/noticias\/#website\"},\"primaryImageOfPage\":{\"@id\":\"https:\/\/radiolifefm.com.br\/noticias\/edital-de-concessao-preve-a-instalacao-de-sete-pracas-de-pedagio-na-regiao-sendo-quatro-na-sp-294\/#primaryimage\"},\"image\":{\"@id\":\"https:\/\/radiolifefm.com.br\/noticias\/edital-de-concessao-preve-a-instalacao-de-sete-pracas-de-pedagio-na-regiao-sendo-quatro-na-sp-294\/#primaryimage\"},\"thumbnailUrl\":\"https:\/\/radiolifefm.com.br\/noticias\/wp-content\/uploads\/2019\/07\/Rodovia-SP-294-Imagem.jpg\",\"datePublished\":\"2019-07-27T18:52:56+00:00\",\"dateModified\":\"2026-02-01T13:17:25+00:00\",\"breadcrumb\":{\"@id\":\"https:\/\/radiolifefm.com.br\/noticias\/edital-de-concessao-preve-a-instalacao-de-sete-pracas-de-pedagio-na-regiao-sendo-quatro-na-sp-294\/#breadcrumb\"},\"inLanguage\":\"pt-BR\",\"potentialAction\":[{\"@type\":\"ReadAction\",\"target\":[\"https:\/\/radiolifefm.com.br\/noticias\/edital-de-concessao-preve-a-instalacao-de-sete-pracas-de-pedagio-na-regiao-sendo-quatro-na-sp-294\/\"]}]},{\"@type\":\"ImageObject\",\"inLanguage\":\"pt-BR\",\"@id\":\"https:\/\/radiolifefm.com.br\/noticias\/edital-de-concessao-preve-a-instalacao-de-sete-pracas-de-pedagio-na-regiao-sendo-quatro-na-sp-294\/#primaryimage\",\"url\":\"https:\/\/radiolifefm.com.br\/noticias\/wp-content\/uploads\/2019\/07\/Rodovia-SP-294-Imagem.jpg\",\"contentUrl\":\"https:\/\/radiolifefm.com.br\/noticias\/wp-content\/uploads\/2019\/07\/Rodovia-SP-294-Imagem.jpg\",\"width\":301,\"height\":167},{\"@type\":\"BreadcrumbList\",\"@id\":\"https:\/\/radiolifefm.com.br\/noticias\/edital-de-concessao-preve-a-instalacao-de-sete-pracas-de-pedagio-na-regiao-sendo-quatro-na-sp-294\/#breadcrumb\",\"itemListElement\":[{\"@type\":\"ListItem\",\"position\":1,\"name\":\"In\u00edcio\",\"item\":\"https:\/\/radiolifefm.com.br\/noticias\/\"},{\"@type\":\"ListItem\",\"position\":2,\"name\":\"Edital de concess\u00e3o prev\u00ea a instala\u00e7\u00e3o de sete pra\u00e7as de ped\u00e1gio na regi\u00e3o, sendo quatro na SP-294\"}]},{\"@type\":\"WebSite\",\"@id\":\"https:\/\/radiolifefm.com.br\/noticias\/#website\",\"url\":\"https:\/\/radiolifefm.com.br\/noticias\/\",\"name\":\"R\u00e1dio Life FM\",\"description\":\"O Portal de Not\u00edcias de Adamantina\",\"publisher\":{\"@id\":\"https:\/\/radiolifefm.com.br\/noticias\/#organization\"},\"alternateName\":\"Life FM\",\"potentialAction\":[{\"@type\":\"SearchAction\",\"target\":{\"@type\":\"EntryPoint\",\"urlTemplate\":\"https:\/\/radiolifefm.com.br\/noticias\/?s={search_term_string}\"},\"query-input\":{\"@type\":\"PropertyValueSpecification\",\"valueRequired\":true,\"valueName\":\"search_term_string\"}}],\"inLanguage\":\"pt-BR\"},{\"@type\":\"Organization\",\"@id\":\"https:\/\/radiolifefm.com.br\/noticias\/#organization\",\"name\":\"R\u00e1dio Life FM\",\"alternateName\":\"Life FM\",\"url\":\"https:\/\/radiolifefm.com.br\/noticias\/\",\"logo\":{\"@type\":\"ImageObject\",\"inLanguage\":\"pt-BR\",\"@id\":\"https:\/\/radiolifefm.com.br\/noticias\/#\/schema\/logo\/image\/\",\"url\":\"https:\/\/static.radiolifefm.com.br\/noticias\/wp-content\/uploads\/2019\/10\/logo-lifefm.png\",\"contentUrl\":\"https:\/\/static.radiolifefm.com.br\/noticias\/wp-content\/uploads\/2019\/10\/logo-lifefm.png\",\"width\":196,\"height\":47,\"caption\":\"R\u00e1dio Life FM\"},\"image\":{\"@id\":\"https:\/\/radiolifefm.com.br\/noticias\/#\/schema\/logo\/image\/\"},\"sameAs\":[\"https:\/\/www.facebook.com\/radiolifefm\/\",\"https:\/\/www.instagram.com\/life1079fm\/\"]},{\"@type\":\"Person\",\"@id\":\"https:\/\/radiolifefm.com.br\/noticias\/#\/schema\/person\/1d4e4b1301322090c6221bf1c8420490\",\"name\":\"lifefm\",\"image\":{\"@type\":\"ImageObject\",\"inLanguage\":\"pt-BR\",\"@id\":\"https:\/\/secure.gravatar.com\/avatar\/eca268467d925ec97d20641bb054fd944c0abb2f92854171620706bbe6474e7c?s=96&d=mm&r=g\",\"url\":\"https:\/\/secure.gravatar.com\/avatar\/eca268467d925ec97d20641bb054fd944c0abb2f92854171620706bbe6474e7c?s=96&d=mm&r=g\",\"contentUrl\":\"https:\/\/secure.gravatar.com\/avatar\/eca268467d925ec97d20641bb054fd944c0abb2f92854171620706bbe6474e7c?s=96&d=mm&r=g\",\"caption\":\"lifefm\"}}]}<\/script>\n<!-- \/ Yoast SEO plugin. -->","yoast_head_json":{"title":"Edital de concess\u00e3o prev\u00ea a instala\u00e7\u00e3o de sete pra\u00e7as de ped\u00e1gio na regi\u00e3o, sendo quatro na SP-294 - R\u00e1dio Life FM","robots":{"index":"index","follow":"follow","max-snippet":"max-snippet:-1","max-image-preview":"max-image-preview:large","max-video-preview":"max-video-preview:-1"},"canonical":"https:\/\/radiolifefm.com.br\/noticias\/edital-de-concessao-preve-a-instalacao-de-sete-pracas-de-pedagio-na-regiao-sendo-quatro-na-sp-294\/","og_locale":"pt_BR","og_type":"article","og_title":"Edital de concess\u00e3o prev\u00ea a instala\u00e7\u00e3o de sete pra\u00e7as de ped\u00e1gio na regi\u00e3o, sendo quatro na SP-294 - R\u00e1dio Life FM","og_description":"O edital de concess\u00e3o de rodovias lan\u00e7ado nesta quarta-feira (24) pelo governo do Estado de S\u00e3o Paulo prev\u00ea a instala\u00e7\u00e3o de sete pra\u00e7as de ped\u00e1gio na regi\u00e3o de Presidente Prudente, sendo quatro na Rodovia Comandante Jo\u00e3o Ribeiro de Barros \u2013 SP-294. Elas ficar\u00e3o nos seguintes pontos: &#8211; Rodovia Assis Chateaubriand (SP-425), km 400,0 \u2013 Martin\u00f3polis [&hellip;]","og_url":"https:\/\/radiolifefm.com.br\/noticias\/edital-de-concessao-preve-a-instalacao-de-sete-pracas-de-pedagio-na-regiao-sendo-quatro-na-sp-294\/","og_site_name":"R\u00e1dio Life FM","article_publisher":"https:\/\/www.facebook.com\/radiolifefm\/","article_published_time":"2019-07-27T18:52:56+00:00","article_modified_time":"2026-02-01T13:17:25+00:00","og_image":[{"width":301,"height":167,"url":"https:\/\/radiolifefm.com.br\/noticias\/wp-content\/uploads\/2019\/07\/Rodovia-SP-294-Imagem.jpg","type":"image\/jpeg"}],"author":"lifefm","twitter_card":"summary_large_image","twitter_misc":{"Escrito por":"lifefm","Est. tempo de leitura":"3 minutos"},"schema":{"@context":"https:\/\/schema.org","@graph":[{"@type":"Article","@id":"https:\/\/radiolifefm.com.br\/noticias\/edital-de-concessao-preve-a-instalacao-de-sete-pracas-de-pedagio-na-regiao-sendo-quatro-na-sp-294\/#article","isPartOf":{"@id":"https:\/\/radiolifefm.com.br\/noticias\/edital-de-concessao-preve-a-instalacao-de-sete-pracas-de-pedagio-na-regiao-sendo-quatro-na-sp-294\/"},"author":{"name":"lifefm","@id":"https:\/\/radiolifefm.com.br\/noticias\/#\/schema\/person\/1d4e4b1301322090c6221bf1c8420490"},"headline":"Edital de concess\u00e3o prev\u00ea a instala\u00e7\u00e3o de sete pra\u00e7as de ped\u00e1gio na regi\u00e3o, sendo quatro na SP-294","datePublished":"2019-07-27T18:52:56+00:00","dateModified":"2026-02-01T13:17:25+00:00","mainEntityOfPage":{"@id":"https:\/\/radiolifefm.com.br\/noticias\/edital-de-concessao-preve-a-instalacao-de-sete-pracas-de-pedagio-na-regiao-sendo-quatro-na-sp-294\/"},"wordCount":542,"publisher":{"@id":"https:\/\/radiolifefm.com.br\/noticias\/#organization"},"image":{"@id":"https:\/\/radiolifefm.com.br\/noticias\/edital-de-concessao-preve-a-instalacao-de-sete-pracas-de-pedagio-na-regiao-sendo-quatro-na-sp-294\/#primaryimage"},"thumbnailUrl":"https:\/\/radiolifefm.com.br\/noticias\/wp-content\/uploads\/2019\/07\/Rodovia-SP-294-Imagem.jpg","articleSection":["Regi\u00e3o"],"inLanguage":"pt-BR"},{"@type":"WebPage","@id":"https:\/\/radiolifefm.com.br\/noticias\/edital-de-concessao-preve-a-instalacao-de-sete-pracas-de-pedagio-na-regiao-sendo-quatro-na-sp-294\/","url":"https:\/\/radiolifefm.com.br\/noticias\/edital-de-concessao-preve-a-instalacao-de-sete-pracas-de-pedagio-na-regiao-sendo-quatro-na-sp-294\/","name":"Edital de concess\u00e3o prev\u00ea a instala\u00e7\u00e3o de sete pra\u00e7as de ped\u00e1gio na regi\u00e3o, sendo quatro na SP-294 - R\u00e1dio Life FM","isPartOf":{"@id":"https:\/\/radiolifefm.com.br\/noticias\/#website"},"primaryImageOfPage":{"@id":"https:\/\/radiolifefm.com.br\/noticias\/edital-de-concessao-preve-a-instalacao-de-sete-pracas-de-pedagio-na-regiao-sendo-quatro-na-sp-294\/#primaryimage"},"image":{"@id":"https:\/\/radiolifefm.com.br\/noticias\/edital-de-concessao-preve-a-instalacao-de-sete-pracas-de-pedagio-na-regiao-sendo-quatro-na-sp-294\/#primaryimage"},"thumbnailUrl":"https:\/\/radiolifefm.com.br\/noticias\/wp-content\/uploads\/2019\/07\/Rodovia-SP-294-Imagem.jpg","datePublished":"2019-07-27T18:52:56+00:00","dateModified":"2026-02-01T13:17:25+00:00","breadcrumb":{"@id":"https:\/\/radiolifefm.com.br\/noticias\/edital-de-concessao-preve-a-instalacao-de-sete-pracas-de-pedagio-na-regiao-sendo-quatro-na-sp-294\/#breadcrumb"},"inLanguage":"pt-BR","potentialAction":[{"@type":"ReadAction","target":["https:\/\/radiolifefm.com.br\/noticias\/edital-de-concessao-preve-a-instalacao-de-sete-pracas-de-pedagio-na-regiao-sendo-quatro-na-sp-294\/"]}]},{"@type":"ImageObject","inLanguage":"pt-BR","@id":"https:\/\/radiolifefm.com.br\/noticias\/edital-de-concessao-preve-a-instalacao-de-sete-pracas-de-pedagio-na-regiao-sendo-quatro-na-sp-294\/#primaryimage","url":"https:\/\/radiolifefm.com.br\/noticias\/wp-content\/uploads\/2019\/07\/Rodovia-SP-294-Imagem.jpg","contentUrl":"https:\/\/radiolifefm.com.br\/noticias\/wp-content\/uploads\/2019\/07\/Rodovia-SP-294-Imagem.jpg","width":301,"height":167},{"@type":"BreadcrumbList","@id":"https:\/\/radiolifefm.com.br\/noticias\/edital-de-concessao-preve-a-instalacao-de-sete-pracas-de-pedagio-na-regiao-sendo-quatro-na-sp-294\/#breadcrumb","itemListElement":[{"@type":"ListItem","position":1,"name":"In\u00edcio","item":"https:\/\/radiolifefm.com.br\/noticias\/"},{"@type":"ListItem","position":2,"name":"Edital de concess\u00e3o prev\u00ea a instala\u00e7\u00e3o de sete pra\u00e7as de ped\u00e1gio na regi\u00e3o, sendo quatro na SP-294"}]},{"@type":"WebSite","@id":"https:\/\/radiolifefm.com.br\/noticias\/#website","url":"https:\/\/radiolifefm.com.br\/noticias\/","name":"R\u00e1dio Life FM","description":"O Portal de Not\u00edcias de Adamantina","publisher":{"@id":"https:\/\/radiolifefm.com.br\/noticias\/#organization"},"alternateName":"Life FM","potentialAction":[{"@type":"SearchAction","target":{"@type":"EntryPoint","urlTemplate":"https:\/\/radiolifefm.com.br\/noticias\/?s={search_term_string}"},"query-input":{"@type":"PropertyValueSpecification","valueRequired":true,"valueName":"search_term_string"}}],"inLanguage":"pt-BR"},{"@type":"Organization","@id":"https:\/\/radiolifefm.com.br\/noticias\/#organization","name":"R\u00e1dio Life FM","alternateName":"Life FM","url":"https:\/\/radiolifefm.com.br\/noticias\/","logo":{"@type":"ImageObject","inLanguage":"pt-BR","@id":"https:\/\/radiolifefm.com.br\/noticias\/#\/schema\/logo\/image\/","url":"https:\/\/static.radiolifefm.com.br\/noticias\/wp-content\/uploads\/2019\/10\/logo-lifefm.png","contentUrl":"https:\/\/static.radiolifefm.com.br\/noticias\/wp-content\/uploads\/2019\/10\/logo-lifefm.png","width":196,"height":47,"caption":"R\u00e1dio Life FM"},"image":{"@id":"https:\/\/radiolifefm.com.br\/noticias\/#\/schema\/logo\/image\/"},"sameAs":["https:\/\/www.facebook.com\/radiolifefm\/","https:\/\/www.instagram.com\/life1079fm\/"]},{"@type":"Person","@id":"https:\/\/radiolifefm.com.br\/noticias\/#\/schema\/person\/1d4e4b1301322090c6221bf1c8420490","name":"lifefm","image":{"@type":"ImageObject","inLanguage":"pt-BR","@id":"https:\/\/secure.gravatar.com\/avatar\/eca268467d925ec97d20641bb054fd944c0abb2f92854171620706bbe6474e7c?s=96&d=mm&r=g","url":"https:\/\/secure.gravatar.com\/avatar\/eca268467d925ec97d20641bb054fd944c0abb2f92854171620706bbe6474e7c?s=96&d=mm&r=g","contentUrl":"https:\/\/secure.gravatar.com\/avatar\/eca268467d925ec97d20641bb054fd944c0abb2f92854171620706bbe6474e7c?s=96&d=mm&r=g","caption":"lifefm"}}]}},"amp_enabled":true,"_links":{"self":[{"href":"https:\/\/radiolifefm.com.br\/noticias\/wp-json\/wp\/v2\/posts\/14996","targetHints":{"allow":["GET"]}}],"collection":[{"href":"https:\/\/radiolifefm.com.br\/noticias\/wp-json\/wp\/v2\/posts"}],"about":[{"href":"https:\/\/radiolifefm.com.br\/noticias\/wp-json\/wp\/v2\/types\/post"}],"author":[{"embeddable":true,"href":"https:\/\/radiolifefm.com.br\/noticias\/wp-json\/wp\/v2\/users\/3"}],"replies":[{"embeddable":true,"href":"https:\/\/radiolifefm.com.br\/noticias\/wp-json\/wp\/v2\/comments?post=14996"}],"version-history":[{"count":2,"href":"https:\/\/radiolifefm.com.br\/noticias\/wp-json\/wp\/v2\/posts\/14996\/revisions"}],"predecessor-version":[{"id":15091,"href":"https:\/\/radiolifefm.com.br\/noticias\/wp-json\/wp\/v2\/posts\/14996\/revisions\/15091"}],"wp:featuredmedia":[{"embeddable":true,"href":"https:\/\/radiolifefm.com.br\/noticias\/wp-json\/wp\/v2\/media\/14997"}],"wp:attachment":[{"href":"https:\/\/radiolifefm.com.br\/noticias\/wp-json\/wp\/v2\/media?parent=14996"}],"wp:term":[{"taxonomy":"category","embeddable":true,"href":"https:\/\/radiolifefm.com.br\/noticias\/wp-json\/wp\/v2\/categories?post=14996"},{"taxonomy":"post_tag","embeddable":true,"href":"https:\/\/radiolifefm.com.br\/noticias\/wp-json\/wp\/v2\/tags?post=14996"}],"curies":[{"name":"wp","href":"https:\/\/api.w.org\/{rel}","templated":true}]}}