{"id":14913,"date":"2019-07-25T09:08:31","date_gmt":"2019-07-25T12:08:31","guid":{"rendered":"https:\/\/radiolifefm.com.br\/noticias\/?p=14913"},"modified":"2026-04-22T20:25:07","modified_gmt":"2026-04-22T23:25:07","slug":"lancado-o-edital-de-concessao-de-rodovias-que-traz-a-duplicacao-da-sp-294","status":"publish","type":"post","link":"https:\/\/radiolifefm.com.br\/noticias\/lancado-o-edital-de-concessao-de-rodovias-que-traz-a-duplicacao-da-sp-294\/","title":{"rendered":"Lan\u00e7ado o edital de concess\u00e3o de rodovias que traz a duplica\u00e7\u00e3o da SP-294"},"content":{"rendered":"<div id=\"fb-root\"><\/div>\n<p><em>Concorr\u00eancia prev\u00ea 600 kms de duplica\u00e7\u00f5es, novas pistas e investimentos de R$ 14 bilh\u00f5es<\/em><\/p>\n<p>O edital de concorr\u00eancia internacional para concess\u00e3o do Lote Piracicaba \u2013 Panorama, a primeira concess\u00e3o rodovi\u00e1ria do Governador Jo\u00e3o Doria, foi lan\u00e7ado nesta quarta-feira (24) com previs\u00e3o de investimentos de R$ 14 bilh\u00f5es em obras a serem realizadas ao longo de 30 anos de contrato. No total s\u00e3o 1.273 quil\u00f4metros de rodovias que ser\u00e3o modernizadas e ampliadas entre a cidade de Piracicaba, na regi\u00e3o de Campinas, e o munic\u00edpio de Panorama, no extremo Oeste do Estado, divisa com o Mato Grosso do Sul.<\/p>\n<p>Os investimentos foram priorizados na modelagem e grande parte das contribui\u00e7\u00f5es das seis audi\u00eancias p\u00fablicas e do processo de consulta p\u00fablica foi acolhida. Dos R$ 14 bilh\u00f5es previstos, cerca de R$ 1,5 bilh\u00e3o ser\u00e3o investidos nos dois primeiros anos de contrato.<\/p>\n<p>O lote Piracicaba-Panorama \u00e9 composto pela malha de 218 quil\u00f4metros, atualmente operada pela concession\u00e1ria Centrovias, do Grupo Arteris, cujo contrato vence no in\u00edcio do ano que vem, al\u00e9m de 1.055 quil\u00f4metros operados pelo DER-SP, que passar\u00e3o a receber todas as moderniza\u00e7\u00f5es do Programa de Concess\u00f5es Rodovi\u00e1rias do Governo do Estado de S\u00e3o Paulo.<\/p>\n<p>Receber\u00e3o investimentos trechos das rodovias SP-304, SP-308, SP-191, SP-197, SP-310, SP-225, SP-261, SP-293, SP-331, SP-294, SP-284 e SP-425, beneficiando diretamente 62 munic\u00edpios cortados por essa malha.<\/p>\n<p>Entre as interven\u00e7\u00f5es previstas est\u00e3o 600 quil\u00f4metros de duplica\u00e7\u00f5es e novas pistas (os contornos urbanos). Tamb\u00e9m haver\u00e1 faixas adicionais e vias marginais, entre outras, obras que melhoram a fluidez, o escoamento da produ\u00e7\u00e3o regional e a seguran\u00e7a vi\u00e1ria. Ser\u00e3o implantados, ainda, acostamentos, novos acessos e retornos, recupera\u00e7\u00e3o de pavimento, passarelas e ciclovias.<\/p>\n<p>O projeto prev\u00ea, ainda, que a cada quatro anos sejam realizadas revis\u00f5es que possam adequar novos investimentos nas pistas. Assim, poder\u00e3o ser antecipados ou feitos novos investimentos, como duplica\u00e7\u00f5es e faixas adicionais de acordo com a avalia\u00e7\u00e3o de novas demandas.<\/p>\n<p>A vers\u00e3o oficial do edital estar\u00e1 dispon\u00edvel para consulta no site da Artesp (www.artesp.sp.gov.br) a partir desta quinta-feira (25). As propostas ser\u00e3o apresentadas na sede da B3 em novembro.<\/p>\n<p>A previs\u00e3o de assinatura do contrato e in\u00edcio da opera\u00e7\u00e3o da nova concession\u00e1ria \u00e9 no primeiro semestre de 2020.<\/p>\n<p>Siga Mais<\/p>\n","protected":false},"excerpt":{"rendered":"<p>Concorr\u00eancia prev\u00ea 600 kms de duplica\u00e7\u00f5es, novas pistas e investimentos de R$ 14 bilh\u00f5es O edital de concorr\u00eancia internacional para concess\u00e3o do Lote Piracicaba \u2013 Panorama, a primeira concess\u00e3o rodovi\u00e1ria do Governador Jo\u00e3o Doria, foi lan\u00e7ado nesta quarta-feira (24) com previs\u00e3o de investimentos de R$ 14 bilh\u00f5es em obras a serem realizadas ao longo de [&hellip;]<\/p>\n","protected":false},"author":3,"featured_media":14914,"comment_status":"closed","ping_status":"open","sticky":false,"template":"","format":"standard","meta":{"_acf_changed":false,"_exactmetrics_skip_tracking":false,"_exactmetrics_sitenote_active":false,"_exactmetrics_sitenote_note":"","_exactmetrics_sitenote_category":0,"footnotes":""},"categories":[24],"tags":[],"class_list":["post-14913","post","type-post","status-publish","format-standard","has-post-thumbnail","hentry","category-regiao"],"acf":[],"yoast_head":"<!-- This site is optimized with the Yoast SEO plugin v27.2 - https:\/\/yoast.com\/product\/yoast-seo-wordpress\/ -->\n<title>Lan\u00e7ado o edital de concess\u00e3o de rodovias que traz a duplica\u00e7\u00e3o da SP-294 - R\u00e1dio Life FM<\/title>\n<meta name=\"robots\" content=\"index, follow, max-snippet:-1, max-image-preview:large, max-video-preview:-1\" \/>\n<link rel=\"canonical\" href=\"https:\/\/radiolifefm.com.br\/noticias\/lancado-o-edital-de-concessao-de-rodovias-que-traz-a-duplicacao-da-sp-294\/\" \/>\n<meta property=\"og:locale\" content=\"pt_BR\" \/>\n<meta property=\"og:type\" content=\"article\" \/>\n<meta property=\"og:title\" content=\"Lan\u00e7ado o edital de concess\u00e3o de rodovias que traz a duplica\u00e7\u00e3o da SP-294 - R\u00e1dio Life FM\" \/>\n<meta property=\"og:description\" content=\"Concorr\u00eancia prev\u00ea 600 kms de duplica\u00e7\u00f5es, novas pistas e investimentos de R$ 14 bilh\u00f5es O edital de concorr\u00eancia internacional para concess\u00e3o do Lote Piracicaba \u2013 Panorama, a primeira concess\u00e3o rodovi\u00e1ria do Governador Jo\u00e3o Doria, foi lan\u00e7ado nesta quarta-feira (24) com previs\u00e3o de investimentos de R$ 14 bilh\u00f5es em obras a serem realizadas ao longo de [&hellip;]\" \/>\n<meta property=\"og:url\" content=\"https:\/\/radiolifefm.com.br\/noticias\/lancado-o-edital-de-concessao-de-rodovias-que-traz-a-duplicacao-da-sp-294\/\" \/>\n<meta property=\"og:site_name\" content=\"R\u00e1dio Life FM\" \/>\n<meta property=\"article:publisher\" content=\"https:\/\/www.facebook.com\/radiolifefm\/\" \/>\n<meta property=\"article:published_time\" content=\"2019-07-25T12:08:31+00:00\" \/>\n<meta property=\"article:modified_time\" content=\"2026-04-22T23:25:07+00:00\" \/>\n<meta property=\"og:image\" content=\"https:\/\/radiolifefm.com.br\/noticias\/wp-content\/uploads\/2019\/07\/Rodovia-SP-294.jpg\" \/>\n\t<meta property=\"og:image:width\" content=\"540\" \/>\n\t<meta property=\"og:image:height\" content=\"300\" \/>\n\t<meta property=\"og:image:type\" content=\"image\/jpeg\" \/>\n<meta name=\"author\" content=\"lifefm\" \/>\n<meta name=\"twitter:card\" content=\"summary_large_image\" \/>\n<meta name=\"twitter:label1\" content=\"Escrito por\" \/>\n\t<meta name=\"twitter:data1\" content=\"lifefm\" \/>\n\t<meta name=\"twitter:label2\" content=\"Est. tempo de leitura\" \/>\n\t<meta name=\"twitter:data2\" content=\"2 minutos\" \/>\n<script type=\"application\/ld+json\" class=\"yoast-schema-graph\">{\"@context\":\"https:\/\/schema.org\",\"@graph\":[{\"@type\":\"Article\",\"@id\":\"https:\/\/radiolifefm.com.br\/noticias\/lancado-o-edital-de-concessao-de-rodovias-que-traz-a-duplicacao-da-sp-294\/#article\",\"isPartOf\":{\"@id\":\"https:\/\/radiolifefm.com.br\/noticias\/lancado-o-edital-de-concessao-de-rodovias-que-traz-a-duplicacao-da-sp-294\/\"},\"author\":{\"name\":\"lifefm\",\"@id\":\"https:\/\/radiolifefm.com.br\/noticias\/#\/schema\/person\/1d4e4b1301322090c6221bf1c8420490\"},\"headline\":\"Lan\u00e7ado o edital de concess\u00e3o de rodovias que traz a duplica\u00e7\u00e3o da SP-294\",\"datePublished\":\"2019-07-25T12:08:31+00:00\",\"dateModified\":\"2026-04-22T23:25:07+00:00\",\"mainEntityOfPage\":{\"@id\":\"https:\/\/radiolifefm.com.br\/noticias\/lancado-o-edital-de-concessao-de-rodovias-que-traz-a-duplicacao-da-sp-294\/\"},\"wordCount\":418,\"publisher\":{\"@id\":\"https:\/\/radiolifefm.com.br\/noticias\/#organization\"},\"image\":{\"@id\":\"https:\/\/radiolifefm.com.br\/noticias\/lancado-o-edital-de-concessao-de-rodovias-que-traz-a-duplicacao-da-sp-294\/#primaryimage\"},\"thumbnailUrl\":\"https:\/\/radiolifefm.com.br\/noticias\/wp-content\/uploads\/2019\/07\/Rodovia-SP-294.jpg\",\"articleSection\":[\"Regi\u00e3o\"],\"inLanguage\":\"pt-BR\"},{\"@type\":\"WebPage\",\"@id\":\"https:\/\/radiolifefm.com.br\/noticias\/lancado-o-edital-de-concessao-de-rodovias-que-traz-a-duplicacao-da-sp-294\/\",\"url\":\"https:\/\/radiolifefm.com.br\/noticias\/lancado-o-edital-de-concessao-de-rodovias-que-traz-a-duplicacao-da-sp-294\/\",\"name\":\"Lan\u00e7ado o edital de concess\u00e3o de rodovias que traz a duplica\u00e7\u00e3o da SP-294 - R\u00e1dio Life FM\",\"isPartOf\":{\"@id\":\"https:\/\/radiolifefm.com.br\/noticias\/#website\"},\"primaryImageOfPage\":{\"@id\":\"https:\/\/radiolifefm.com.br\/noticias\/lancado-o-edital-de-concessao-de-rodovias-que-traz-a-duplicacao-da-sp-294\/#primaryimage\"},\"image\":{\"@id\":\"https:\/\/radiolifefm.com.br\/noticias\/lancado-o-edital-de-concessao-de-rodovias-que-traz-a-duplicacao-da-sp-294\/#primaryimage\"},\"thumbnailUrl\":\"https:\/\/radiolifefm.com.br\/noticias\/wp-content\/uploads\/2019\/07\/Rodovia-SP-294.jpg\",\"datePublished\":\"2019-07-25T12:08:31+00:00\",\"dateModified\":\"2026-04-22T23:25:07+00:00\",\"breadcrumb\":{\"@id\":\"https:\/\/radiolifefm.com.br\/noticias\/lancado-o-edital-de-concessao-de-rodovias-que-traz-a-duplicacao-da-sp-294\/#breadcrumb\"},\"inLanguage\":\"pt-BR\",\"potentialAction\":[{\"@type\":\"ReadAction\",\"target\":[\"https:\/\/radiolifefm.com.br\/noticias\/lancado-o-edital-de-concessao-de-rodovias-que-traz-a-duplicacao-da-sp-294\/\"]}]},{\"@type\":\"ImageObject\",\"inLanguage\":\"pt-BR\",\"@id\":\"https:\/\/radiolifefm.com.br\/noticias\/lancado-o-edital-de-concessao-de-rodovias-que-traz-a-duplicacao-da-sp-294\/#primaryimage\",\"url\":\"https:\/\/radiolifefm.com.br\/noticias\/wp-content\/uploads\/2019\/07\/Rodovia-SP-294.jpg\",\"contentUrl\":\"https:\/\/radiolifefm.com.br\/noticias\/wp-content\/uploads\/2019\/07\/Rodovia-SP-294.jpg\",\"width\":540,\"height\":300,\"caption\":\"Trecho da SP-294, que atravessa a Nova Alta Paulista, ser\u00e1 duplicado (Foto: Siga Mais).\"},{\"@type\":\"BreadcrumbList\",\"@id\":\"https:\/\/radiolifefm.com.br\/noticias\/lancado-o-edital-de-concessao-de-rodovias-que-traz-a-duplicacao-da-sp-294\/#breadcrumb\",\"itemListElement\":[{\"@type\":\"ListItem\",\"position\":1,\"name\":\"In\u00edcio\",\"item\":\"https:\/\/radiolifefm.com.br\/noticias\/\"},{\"@type\":\"ListItem\",\"position\":2,\"name\":\"Lan\u00e7ado o edital de concess\u00e3o de rodovias que traz a duplica\u00e7\u00e3o da SP-294\"}]},{\"@type\":\"WebSite\",\"@id\":\"https:\/\/radiolifefm.com.br\/noticias\/#website\",\"url\":\"https:\/\/radiolifefm.com.br\/noticias\/\",\"name\":\"R\u00e1dio Life FM\",\"description\":\"O Portal de Not\u00edcias de Adamantina\",\"publisher\":{\"@id\":\"https:\/\/radiolifefm.com.br\/noticias\/#organization\"},\"alternateName\":\"Life FM\",\"potentialAction\":[{\"@type\":\"SearchAction\",\"target\":{\"@type\":\"EntryPoint\",\"urlTemplate\":\"https:\/\/radiolifefm.com.br\/noticias\/?s={search_term_string}\"},\"query-input\":{\"@type\":\"PropertyValueSpecification\",\"valueRequired\":true,\"valueName\":\"search_term_string\"}}],\"inLanguage\":\"pt-BR\"},{\"@type\":\"Organization\",\"@id\":\"https:\/\/radiolifefm.com.br\/noticias\/#organization\",\"name\":\"R\u00e1dio Life FM\",\"alternateName\":\"Life FM\",\"url\":\"https:\/\/radiolifefm.com.br\/noticias\/\",\"logo\":{\"@type\":\"ImageObject\",\"inLanguage\":\"pt-BR\",\"@id\":\"https:\/\/radiolifefm.com.br\/noticias\/#\/schema\/logo\/image\/\",\"url\":\"https:\/\/static.radiolifefm.com.br\/noticias\/wp-content\/uploads\/2019\/10\/logo-lifefm.png\",\"contentUrl\":\"https:\/\/static.radiolifefm.com.br\/noticias\/wp-content\/uploads\/2019\/10\/logo-lifefm.png\",\"width\":196,\"height\":47,\"caption\":\"R\u00e1dio Life FM\"},\"image\":{\"@id\":\"https:\/\/radiolifefm.com.br\/noticias\/#\/schema\/logo\/image\/\"},\"sameAs\":[\"https:\/\/www.facebook.com\/radiolifefm\/\",\"https:\/\/www.instagram.com\/life1079fm\/\"]},{\"@type\":\"Person\",\"@id\":\"https:\/\/radiolifefm.com.br\/noticias\/#\/schema\/person\/1d4e4b1301322090c6221bf1c8420490\",\"name\":\"lifefm\",\"image\":{\"@type\":\"ImageObject\",\"inLanguage\":\"pt-BR\",\"@id\":\"https:\/\/secure.gravatar.com\/avatar\/eca268467d925ec97d20641bb054fd944c0abb2f92854171620706bbe6474e7c?s=96&d=mm&r=g\",\"url\":\"https:\/\/secure.gravatar.com\/avatar\/eca268467d925ec97d20641bb054fd944c0abb2f92854171620706bbe6474e7c?s=96&d=mm&r=g\",\"contentUrl\":\"https:\/\/secure.gravatar.com\/avatar\/eca268467d925ec97d20641bb054fd944c0abb2f92854171620706bbe6474e7c?s=96&d=mm&r=g\",\"caption\":\"lifefm\"}}]}<\/script>\n<!-- \/ Yoast SEO plugin. -->","yoast_head_json":{"title":"Lan\u00e7ado o edital de concess\u00e3o de rodovias que traz a duplica\u00e7\u00e3o da SP-294 - R\u00e1dio Life FM","robots":{"index":"index","follow":"follow","max-snippet":"max-snippet:-1","max-image-preview":"max-image-preview:large","max-video-preview":"max-video-preview:-1"},"canonical":"https:\/\/radiolifefm.com.br\/noticias\/lancado-o-edital-de-concessao-de-rodovias-que-traz-a-duplicacao-da-sp-294\/","og_locale":"pt_BR","og_type":"article","og_title":"Lan\u00e7ado o edital de concess\u00e3o de rodovias que traz a duplica\u00e7\u00e3o da SP-294 - R\u00e1dio Life FM","og_description":"Concorr\u00eancia prev\u00ea 600 kms de duplica\u00e7\u00f5es, novas pistas e investimentos de R$ 14 bilh\u00f5es O edital de concorr\u00eancia internacional para concess\u00e3o do Lote Piracicaba \u2013 Panorama, a primeira concess\u00e3o rodovi\u00e1ria do Governador Jo\u00e3o Doria, foi lan\u00e7ado nesta quarta-feira (24) com previs\u00e3o de investimentos de R$ 14 bilh\u00f5es em obras a serem realizadas ao longo de [&hellip;]","og_url":"https:\/\/radiolifefm.com.br\/noticias\/lancado-o-edital-de-concessao-de-rodovias-que-traz-a-duplicacao-da-sp-294\/","og_site_name":"R\u00e1dio Life FM","article_publisher":"https:\/\/www.facebook.com\/radiolifefm\/","article_published_time":"2019-07-25T12:08:31+00:00","article_modified_time":"2026-04-22T23:25:07+00:00","og_image":[{"width":540,"height":300,"url":"https:\/\/radiolifefm.com.br\/noticias\/wp-content\/uploads\/2019\/07\/Rodovia-SP-294.jpg","type":"image\/jpeg"}],"author":"lifefm","twitter_card":"summary_large_image","twitter_misc":{"Escrito por":"lifefm","Est. tempo de leitura":"2 minutos"},"schema":{"@context":"https:\/\/schema.org","@graph":[{"@type":"Article","@id":"https:\/\/radiolifefm.com.br\/noticias\/lancado-o-edital-de-concessao-de-rodovias-que-traz-a-duplicacao-da-sp-294\/#article","isPartOf":{"@id":"https:\/\/radiolifefm.com.br\/noticias\/lancado-o-edital-de-concessao-de-rodovias-que-traz-a-duplicacao-da-sp-294\/"},"author":{"name":"lifefm","@id":"https:\/\/radiolifefm.com.br\/noticias\/#\/schema\/person\/1d4e4b1301322090c6221bf1c8420490"},"headline":"Lan\u00e7ado o edital de concess\u00e3o de rodovias que traz a duplica\u00e7\u00e3o da SP-294","datePublished":"2019-07-25T12:08:31+00:00","dateModified":"2026-04-22T23:25:07+00:00","mainEntityOfPage":{"@id":"https:\/\/radiolifefm.com.br\/noticias\/lancado-o-edital-de-concessao-de-rodovias-que-traz-a-duplicacao-da-sp-294\/"},"wordCount":418,"publisher":{"@id":"https:\/\/radiolifefm.com.br\/noticias\/#organization"},"image":{"@id":"https:\/\/radiolifefm.com.br\/noticias\/lancado-o-edital-de-concessao-de-rodovias-que-traz-a-duplicacao-da-sp-294\/#primaryimage"},"thumbnailUrl":"https:\/\/radiolifefm.com.br\/noticias\/wp-content\/uploads\/2019\/07\/Rodovia-SP-294.jpg","articleSection":["Regi\u00e3o"],"inLanguage":"pt-BR"},{"@type":"WebPage","@id":"https:\/\/radiolifefm.com.br\/noticias\/lancado-o-edital-de-concessao-de-rodovias-que-traz-a-duplicacao-da-sp-294\/","url":"https:\/\/radiolifefm.com.br\/noticias\/lancado-o-edital-de-concessao-de-rodovias-que-traz-a-duplicacao-da-sp-294\/","name":"Lan\u00e7ado o edital de concess\u00e3o de rodovias que traz a duplica\u00e7\u00e3o da SP-294 - R\u00e1dio Life FM","isPartOf":{"@id":"https:\/\/radiolifefm.com.br\/noticias\/#website"},"primaryImageOfPage":{"@id":"https:\/\/radiolifefm.com.br\/noticias\/lancado-o-edital-de-concessao-de-rodovias-que-traz-a-duplicacao-da-sp-294\/#primaryimage"},"image":{"@id":"https:\/\/radiolifefm.com.br\/noticias\/lancado-o-edital-de-concessao-de-rodovias-que-traz-a-duplicacao-da-sp-294\/#primaryimage"},"thumbnailUrl":"https:\/\/radiolifefm.com.br\/noticias\/wp-content\/uploads\/2019\/07\/Rodovia-SP-294.jpg","datePublished":"2019-07-25T12:08:31+00:00","dateModified":"2026-04-22T23:25:07+00:00","breadcrumb":{"@id":"https:\/\/radiolifefm.com.br\/noticias\/lancado-o-edital-de-concessao-de-rodovias-que-traz-a-duplicacao-da-sp-294\/#breadcrumb"},"inLanguage":"pt-BR","potentialAction":[{"@type":"ReadAction","target":["https:\/\/radiolifefm.com.br\/noticias\/lancado-o-edital-de-concessao-de-rodovias-que-traz-a-duplicacao-da-sp-294\/"]}]},{"@type":"ImageObject","inLanguage":"pt-BR","@id":"https:\/\/radiolifefm.com.br\/noticias\/lancado-o-edital-de-concessao-de-rodovias-que-traz-a-duplicacao-da-sp-294\/#primaryimage","url":"https:\/\/radiolifefm.com.br\/noticias\/wp-content\/uploads\/2019\/07\/Rodovia-SP-294.jpg","contentUrl":"https:\/\/radiolifefm.com.br\/noticias\/wp-content\/uploads\/2019\/07\/Rodovia-SP-294.jpg","width":540,"height":300,"caption":"Trecho da SP-294, que atravessa a Nova Alta Paulista, ser\u00e1 duplicado (Foto: Siga Mais)."},{"@type":"BreadcrumbList","@id":"https:\/\/radiolifefm.com.br\/noticias\/lancado-o-edital-de-concessao-de-rodovias-que-traz-a-duplicacao-da-sp-294\/#breadcrumb","itemListElement":[{"@type":"ListItem","position":1,"name":"In\u00edcio","item":"https:\/\/radiolifefm.com.br\/noticias\/"},{"@type":"ListItem","position":2,"name":"Lan\u00e7ado o edital de concess\u00e3o de rodovias que traz a duplica\u00e7\u00e3o da SP-294"}]},{"@type":"WebSite","@id":"https:\/\/radiolifefm.com.br\/noticias\/#website","url":"https:\/\/radiolifefm.com.br\/noticias\/","name":"R\u00e1dio Life FM","description":"O Portal de Not\u00edcias de Adamantina","publisher":{"@id":"https:\/\/radiolifefm.com.br\/noticias\/#organization"},"alternateName":"Life FM","potentialAction":[{"@type":"SearchAction","target":{"@type":"EntryPoint","urlTemplate":"https:\/\/radiolifefm.com.br\/noticias\/?s={search_term_string}"},"query-input":{"@type":"PropertyValueSpecification","valueRequired":true,"valueName":"search_term_string"}}],"inLanguage":"pt-BR"},{"@type":"Organization","@id":"https:\/\/radiolifefm.com.br\/noticias\/#organization","name":"R\u00e1dio Life FM","alternateName":"Life FM","url":"https:\/\/radiolifefm.com.br\/noticias\/","logo":{"@type":"ImageObject","inLanguage":"pt-BR","@id":"https:\/\/radiolifefm.com.br\/noticias\/#\/schema\/logo\/image\/","url":"https:\/\/static.radiolifefm.com.br\/noticias\/wp-content\/uploads\/2019\/10\/logo-lifefm.png","contentUrl":"https:\/\/static.radiolifefm.com.br\/noticias\/wp-content\/uploads\/2019\/10\/logo-lifefm.png","width":196,"height":47,"caption":"R\u00e1dio Life FM"},"image":{"@id":"https:\/\/radiolifefm.com.br\/noticias\/#\/schema\/logo\/image\/"},"sameAs":["https:\/\/www.facebook.com\/radiolifefm\/","https:\/\/www.instagram.com\/life1079fm\/"]},{"@type":"Person","@id":"https:\/\/radiolifefm.com.br\/noticias\/#\/schema\/person\/1d4e4b1301322090c6221bf1c8420490","name":"lifefm","image":{"@type":"ImageObject","inLanguage":"pt-BR","@id":"https:\/\/secure.gravatar.com\/avatar\/eca268467d925ec97d20641bb054fd944c0abb2f92854171620706bbe6474e7c?s=96&d=mm&r=g","url":"https:\/\/secure.gravatar.com\/avatar\/eca268467d925ec97d20641bb054fd944c0abb2f92854171620706bbe6474e7c?s=96&d=mm&r=g","contentUrl":"https:\/\/secure.gravatar.com\/avatar\/eca268467d925ec97d20641bb054fd944c0abb2f92854171620706bbe6474e7c?s=96&d=mm&r=g","caption":"lifefm"}}]}},"amp_enabled":true,"_links":{"self":[{"href":"https:\/\/radiolifefm.com.br\/noticias\/wp-json\/wp\/v2\/posts\/14913","targetHints":{"allow":["GET"]}}],"collection":[{"href":"https:\/\/radiolifefm.com.br\/noticias\/wp-json\/wp\/v2\/posts"}],"about":[{"href":"https:\/\/radiolifefm.com.br\/noticias\/wp-json\/wp\/v2\/types\/post"}],"author":[{"embeddable":true,"href":"https:\/\/radiolifefm.com.br\/noticias\/wp-json\/wp\/v2\/users\/3"}],"replies":[{"embeddable":true,"href":"https:\/\/radiolifefm.com.br\/noticias\/wp-json\/wp\/v2\/comments?post=14913"}],"version-history":[{"count":1,"href":"https:\/\/radiolifefm.com.br\/noticias\/wp-json\/wp\/v2\/posts\/14913\/revisions"}],"predecessor-version":[{"id":14915,"href":"https:\/\/radiolifefm.com.br\/noticias\/wp-json\/wp\/v2\/posts\/14913\/revisions\/14915"}],"wp:featuredmedia":[{"embeddable":true,"href":"https:\/\/radiolifefm.com.br\/noticias\/wp-json\/wp\/v2\/media\/14914"}],"wp:attachment":[{"href":"https:\/\/radiolifefm.com.br\/noticias\/wp-json\/wp\/v2\/media?parent=14913"}],"wp:term":[{"taxonomy":"category","embeddable":true,"href":"https:\/\/radiolifefm.com.br\/noticias\/wp-json\/wp\/v2\/categories?post=14913"},{"taxonomy":"post_tag","embeddable":true,"href":"https:\/\/radiolifefm.com.br\/noticias\/wp-json\/wp\/v2\/tags?post=14913"}],"curies":[{"name":"wp","href":"https:\/\/api.w.org\/{rel}","templated":true}]}}