{"id":14879,"date":"2019-07-24T08:39:46","date_gmt":"2019-07-24T11:39:46","guid":{"rendered":"https:\/\/radiolifefm.com.br\/noticias\/?p=14879"},"modified":"2026-04-25T12:20:20","modified_gmt":"2026-04-25T15:20:20","slug":"jim-morrison-o-poeta-do-rockn-and-roll-sergio-barbosa-colunista-coluna-opiniao","status":"publish","type":"post","link":"https:\/\/radiolifefm.com.br\/noticias\/jim-morrison-o-poeta-do-rockn-and-roll-sergio-barbosa-colunista-coluna-opiniao\/","title":{"rendered":"JIM MORRISON: O POETA DO ROCK\u2019N AND ROLL &#8211; S\u00e9rgio Barbosa &#8211; Colunista &#8211; Coluna Opini\u00e3o"},"content":{"rendered":"<div id=\"fb-root\"><\/div>\n<p><strong>JIM MORRISON: O POETA DO ROCK\u2019N AND ROLL<\/strong><\/p>\n<p><em>\u201cAssim a lenda se escorre. A entrar na realidade, E a fecunda-la decorre. Em baixo, a vida, metade. De nada, morre.\u201d<\/em><br \/>\n<em>(Fernando Pessoa)<\/em><\/p>\n<p>S\u00e9rgio Barbosa (*)<\/p>\n<p>N\u00e3o se pode deixar de gritar em meio ao sil\u00eancio deste tempo sem paix\u00e3o pelo desafio de ser e n\u00e3o apenas estar, assim, a m\u00fasica continua de \u201cluto\u201d em homenagem ao poeta do rock\u2019n and roll, JIM MORRISON, venerado neste cen\u00e1rio mais do que p\u00f3s-moderno como \u201cRei Lagarto\u201d&#8230;<\/p>\n<p>De uns tempos para c\u00e1 a m\u00fasica anda cada vez mais pobre em tudo, incluindo o contexto tupiniquim que anda mal das pernas, somando-se aos demais pa\u00edses neste descaso pela arte musical e suas poesias acima de qualquer suspeita para os amantes dos acordes em tempo de p\u00f3s-globaliza\u00e7\u00e3o&#8230;<\/p>\n<p>A banda norte-americana The Doors surgiu como muitas nos anos 60, uma d\u00e9cada que criou os maiores \u00edcones da m\u00fasica e da poesia em n\u00edvel internacional&#8230;<\/p>\n<p>Assim, quase que por acaso, do nada para o tudo em meio ao nada de um tempo solene e ca\u00f3tico ao mesmo tempo para uma juventude mais do que transviada, The Doors aparece com sua performance mediada pelo vocalista-poeta, Jim Morrison&#8230;<\/p>\n<p>As portas foram abertas para uma poesia al\u00e9m da imagina\u00e7\u00e3o, afinal sonhar era detalhe a mais para os jovens rebeldes dos anos 60 em meio aos desencontros das ideias de um mundo em ebuli\u00e7\u00e3o pela vontade da maioria frente ao poder institucionalizado pela for\u00e7a das armas&#8230;<\/p>\n<p>A poesia de Jim Morrison nos acordes musicais do The Doors despertou o planeta para uma viagem sem volta, quando a promessa era a reflex\u00e3o numa ilus\u00e3o perdida do poeta na busca do seu \u201ceu\u201d pelas estradas de uma ilus\u00e3o interior ao cen\u00e1rio catastr\u00f3fico que vivia o cotidiano&#8230;<\/p>\n<p>As idas e vindas pelas mesmas portas deste contexto levaram Jim Morrison para outras vidas, claro, intermediado pela vontade de descobrir o outro lado, assim era o poeta do rock\u2019n and roll&#8230;<\/p>\n<p>A genialidade de Jim Morrison extrapola a nossa v\u00e3 filosofia, suas letras levam para o infinito do jogo das palavras perante uma n\u00e3o interpreta\u00e7\u00e3o do texto, criando novas propostas para uma mesma frase numa perfomance musical inquieta para os padr\u00f5es da sua \u00e9poca&#8230;<\/p>\n<p>Assim, faz-se necess\u00e1rio uma releitura deste tempo com a presen\u00e7a \u201cin memoriam\u201d do Rei Lagarto Jim Morrison em tempo de globaliza\u00e7\u00e3o para um olhar diferenciado neste novo s\u00e9culo ao poeta do outro tempo&#8230;<\/p>\n<p>Sua partida para o outro lado do planeta aconteceu no in\u00edcio dos anos 70 na cidade luz, Paris, capital da Fran\u00e7a, tamb\u00e9m, outros partiram nesta d\u00e9cada, antes, por\u00e9m, deixaram suas pegadas pelas estradas de um tempo sem o tempo&#8230;<\/p>\n<p>Ave Jim Morrison!<\/p>\n<p>Ave The Doors!<\/p>\n<div class='flex flex-wrap items-center -mx-1'>\r\n<a class='thumbnail gallery p-1 w-1\/2 md:w-1\/4' href='https:\/\/radiolifefm.com.br\/noticias\/wp-content\/uploads\/2019\/07\/SEBAR-8.jpg'><img class='border border-white' src='https:\/\/radiolifefm.com.br\/noticias\/wp-content\/uploads\/2019\/07\/SEBAR-8-200x200.jpg' alt='SEBAR' \/><\/a><a class='thumbnail gallery p-1 w-1\/2 md:w-1\/4' href='https:\/\/radiolifefm.com.br\/noticias\/wp-content\/uploads\/2019\/07\/SEBAR-1-2.jpg'><img class='border border-white' src='https:\/\/radiolifefm.com.br\/noticias\/wp-content\/uploads\/2019\/07\/SEBAR-1-2-200x200.jpg' alt='SEBAR   1' \/><\/a><\/div>\n<p>______________________________________<br \/>\n(*) Jornalista diplomado.<br \/>\nE-MAIL: sebar@uol.com.br<\/p>\n","protected":false},"excerpt":{"rendered":"<p>JIM MORRISON: O POETA DO ROCK\u2019N AND ROLL \u201cAssim a lenda se escorre. A entrar na realidade, E a fecunda-la decorre. Em baixo, a vida, metade. De nada, morre.\u201d (Fernando Pessoa) S\u00e9rgio Barbosa (*) N\u00e3o se pode deixar de gritar em meio ao sil\u00eancio deste tempo sem paix\u00e3o pelo desafio de ser e n\u00e3o apenas [&hellip;]<\/p>\n","protected":false},"author":3,"featured_media":14882,"comment_status":"closed","ping_status":"open","sticky":false,"template":"","format":"standard","meta":{"_acf_changed":false,"_exactmetrics_skip_tracking":false,"_exactmetrics_sitenote_active":false,"_exactmetrics_sitenote_note":"","_exactmetrics_sitenote_category":0,"footnotes":""},"categories":[59],"tags":[],"class_list":["post-14879","post","type-post","status-publish","format-standard","has-post-thumbnail","hentry","category-opiniao"],"acf":[],"yoast_head":"<!-- This site is optimized with the Yoast SEO plugin v27.2 - https:\/\/yoast.com\/product\/yoast-seo-wordpress\/ -->\n<title>JIM MORRISON: O POETA DO ROCK\u2019N AND ROLL - S\u00e9rgio Barbosa - Colunista - Coluna Opini\u00e3o - R\u00e1dio Life FM<\/title>\n<meta name=\"robots\" content=\"index, follow, max-snippet:-1, max-image-preview:large, max-video-preview:-1\" \/>\n<link rel=\"canonical\" href=\"https:\/\/radiolifefm.com.br\/noticias\/jim-morrison-o-poeta-do-rockn-and-roll-sergio-barbosa-colunista-coluna-opiniao\/\" \/>\n<meta property=\"og:locale\" content=\"pt_BR\" \/>\n<meta property=\"og:type\" content=\"article\" \/>\n<meta property=\"og:title\" content=\"JIM MORRISON: O POETA DO ROCK\u2019N AND ROLL - S\u00e9rgio Barbosa - Colunista - Coluna Opini\u00e3o - R\u00e1dio Life FM\" \/>\n<meta property=\"og:description\" content=\"JIM MORRISON: O POETA DO ROCK\u2019N AND ROLL \u201cAssim a lenda se escorre. A entrar na realidade, E a fecunda-la decorre. Em baixo, a vida, metade. De nada, morre.\u201d (Fernando Pessoa) S\u00e9rgio Barbosa (*) N\u00e3o se pode deixar de gritar em meio ao sil\u00eancio deste tempo sem paix\u00e3o pelo desafio de ser e n\u00e3o apenas [&hellip;]\" \/>\n<meta property=\"og:url\" content=\"https:\/\/radiolifefm.com.br\/noticias\/jim-morrison-o-poeta-do-rockn-and-roll-sergio-barbosa-colunista-coluna-opiniao\/\" \/>\n<meta property=\"og:site_name\" content=\"R\u00e1dio Life FM\" \/>\n<meta property=\"article:publisher\" content=\"https:\/\/www.facebook.com\/radiolifefm\/\" \/>\n<meta property=\"article:published_time\" content=\"2019-07-24T11:39:46+00:00\" \/>\n<meta property=\"article:modified_time\" content=\"2026-04-25T15:20:20+00:00\" \/>\n<meta property=\"og:image\" content=\"https:\/\/radiolifefm.com.br\/noticias\/wp-content\/uploads\/2019\/07\/SEBAR-2-2.jpg\" \/>\n\t<meta property=\"og:image:width\" content=\"2304\" \/>\n\t<meta property=\"og:image:height\" content=\"1728\" \/>\n\t<meta property=\"og:image:type\" content=\"image\/jpeg\" \/>\n<meta name=\"author\" content=\"lifefm\" \/>\n<meta name=\"twitter:card\" content=\"summary_large_image\" \/>\n<meta name=\"twitter:label1\" content=\"Escrito por\" \/>\n\t<meta name=\"twitter:data1\" content=\"lifefm\" \/>\n\t<meta name=\"twitter:label2\" content=\"Est. tempo de leitura\" \/>\n\t<meta name=\"twitter:data2\" content=\"2 minutos\" \/>\n<script type=\"application\/ld+json\" class=\"yoast-schema-graph\">{\"@context\":\"https:\/\/schema.org\",\"@graph\":[{\"@type\":\"Article\",\"@id\":\"https:\/\/radiolifefm.com.br\/noticias\/jim-morrison-o-poeta-do-rockn-and-roll-sergio-barbosa-colunista-coluna-opiniao\/#article\",\"isPartOf\":{\"@id\":\"https:\/\/radiolifefm.com.br\/noticias\/jim-morrison-o-poeta-do-rockn-and-roll-sergio-barbosa-colunista-coluna-opiniao\/\"},\"author\":{\"name\":\"lifefm\",\"@id\":\"https:\/\/radiolifefm.com.br\/noticias\/#\/schema\/person\/1d4e4b1301322090c6221bf1c8420490\"},\"headline\":\"JIM MORRISON: O POETA DO ROCK\u2019N AND ROLL &#8211; S\u00e9rgio Barbosa &#8211; Colunista &#8211; Coluna Opini\u00e3o\",\"datePublished\":\"2019-07-24T11:39:46+00:00\",\"dateModified\":\"2026-04-25T15:20:20+00:00\",\"mainEntityOfPage\":{\"@id\":\"https:\/\/radiolifefm.com.br\/noticias\/jim-morrison-o-poeta-do-rockn-and-roll-sergio-barbosa-colunista-coluna-opiniao\/\"},\"wordCount\":508,\"publisher\":{\"@id\":\"https:\/\/radiolifefm.com.br\/noticias\/#organization\"},\"image\":{\"@id\":\"https:\/\/radiolifefm.com.br\/noticias\/jim-morrison-o-poeta-do-rockn-and-roll-sergio-barbosa-colunista-coluna-opiniao\/#primaryimage\"},\"thumbnailUrl\":\"https:\/\/radiolifefm.com.br\/noticias\/wp-content\/uploads\/2019\/07\/SEBAR-2-2.jpg\",\"articleSection\":[\"Opini\u00e3o\"],\"inLanguage\":\"pt-BR\"},{\"@type\":\"WebPage\",\"@id\":\"https:\/\/radiolifefm.com.br\/noticias\/jim-morrison-o-poeta-do-rockn-and-roll-sergio-barbosa-colunista-coluna-opiniao\/\",\"url\":\"https:\/\/radiolifefm.com.br\/noticias\/jim-morrison-o-poeta-do-rockn-and-roll-sergio-barbosa-colunista-coluna-opiniao\/\",\"name\":\"JIM MORRISON: O POETA DO ROCK\u2019N AND ROLL - S\u00e9rgio Barbosa - Colunista - Coluna Opini\u00e3o - R\u00e1dio Life FM\",\"isPartOf\":{\"@id\":\"https:\/\/radiolifefm.com.br\/noticias\/#website\"},\"primaryImageOfPage\":{\"@id\":\"https:\/\/radiolifefm.com.br\/noticias\/jim-morrison-o-poeta-do-rockn-and-roll-sergio-barbosa-colunista-coluna-opiniao\/#primaryimage\"},\"image\":{\"@id\":\"https:\/\/radiolifefm.com.br\/noticias\/jim-morrison-o-poeta-do-rockn-and-roll-sergio-barbosa-colunista-coluna-opiniao\/#primaryimage\"},\"thumbnailUrl\":\"https:\/\/radiolifefm.com.br\/noticias\/wp-content\/uploads\/2019\/07\/SEBAR-2-2.jpg\",\"datePublished\":\"2019-07-24T11:39:46+00:00\",\"dateModified\":\"2026-04-25T15:20:20+00:00\",\"breadcrumb\":{\"@id\":\"https:\/\/radiolifefm.com.br\/noticias\/jim-morrison-o-poeta-do-rockn-and-roll-sergio-barbosa-colunista-coluna-opiniao\/#breadcrumb\"},\"inLanguage\":\"pt-BR\",\"potentialAction\":[{\"@type\":\"ReadAction\",\"target\":[\"https:\/\/radiolifefm.com.br\/noticias\/jim-morrison-o-poeta-do-rockn-and-roll-sergio-barbosa-colunista-coluna-opiniao\/\"]}]},{\"@type\":\"ImageObject\",\"inLanguage\":\"pt-BR\",\"@id\":\"https:\/\/radiolifefm.com.br\/noticias\/jim-morrison-o-poeta-do-rockn-and-roll-sergio-barbosa-colunista-coluna-opiniao\/#primaryimage\",\"url\":\"https:\/\/radiolifefm.com.br\/noticias\/wp-content\/uploads\/2019\/07\/SEBAR-2-2.jpg\",\"contentUrl\":\"https:\/\/radiolifefm.com.br\/noticias\/wp-content\/uploads\/2019\/07\/SEBAR-2-2.jpg\",\"width\":2304,\"height\":1728},{\"@type\":\"BreadcrumbList\",\"@id\":\"https:\/\/radiolifefm.com.br\/noticias\/jim-morrison-o-poeta-do-rockn-and-roll-sergio-barbosa-colunista-coluna-opiniao\/#breadcrumb\",\"itemListElement\":[{\"@type\":\"ListItem\",\"position\":1,\"name\":\"In\u00edcio\",\"item\":\"https:\/\/radiolifefm.com.br\/noticias\/\"},{\"@type\":\"ListItem\",\"position\":2,\"name\":\"JIM MORRISON: O POETA DO ROCK\u2019N AND ROLL &#8211; S\u00e9rgio Barbosa &#8211; Colunista &#8211; Coluna Opini\u00e3o\"}]},{\"@type\":\"WebSite\",\"@id\":\"https:\/\/radiolifefm.com.br\/noticias\/#website\",\"url\":\"https:\/\/radiolifefm.com.br\/noticias\/\",\"name\":\"R\u00e1dio Life FM\",\"description\":\"O Portal de Not\u00edcias de Adamantina\",\"publisher\":{\"@id\":\"https:\/\/radiolifefm.com.br\/noticias\/#organization\"},\"alternateName\":\"Life FM\",\"potentialAction\":[{\"@type\":\"SearchAction\",\"target\":{\"@type\":\"EntryPoint\",\"urlTemplate\":\"https:\/\/radiolifefm.com.br\/noticias\/?s={search_term_string}\"},\"query-input\":{\"@type\":\"PropertyValueSpecification\",\"valueRequired\":true,\"valueName\":\"search_term_string\"}}],\"inLanguage\":\"pt-BR\"},{\"@type\":\"Organization\",\"@id\":\"https:\/\/radiolifefm.com.br\/noticias\/#organization\",\"name\":\"R\u00e1dio Life FM\",\"alternateName\":\"Life FM\",\"url\":\"https:\/\/radiolifefm.com.br\/noticias\/\",\"logo\":{\"@type\":\"ImageObject\",\"inLanguage\":\"pt-BR\",\"@id\":\"https:\/\/radiolifefm.com.br\/noticias\/#\/schema\/logo\/image\/\",\"url\":\"https:\/\/static.radiolifefm.com.br\/noticias\/wp-content\/uploads\/2019\/10\/logo-lifefm.png\",\"contentUrl\":\"https:\/\/static.radiolifefm.com.br\/noticias\/wp-content\/uploads\/2019\/10\/logo-lifefm.png\",\"width\":196,\"height\":47,\"caption\":\"R\u00e1dio Life FM\"},\"image\":{\"@id\":\"https:\/\/radiolifefm.com.br\/noticias\/#\/schema\/logo\/image\/\"},\"sameAs\":[\"https:\/\/www.facebook.com\/radiolifefm\/\",\"https:\/\/www.instagram.com\/life1079fm\/\"]},{\"@type\":\"Person\",\"@id\":\"https:\/\/radiolifefm.com.br\/noticias\/#\/schema\/person\/1d4e4b1301322090c6221bf1c8420490\",\"name\":\"lifefm\",\"image\":{\"@type\":\"ImageObject\",\"inLanguage\":\"pt-BR\",\"@id\":\"https:\/\/secure.gravatar.com\/avatar\/eca268467d925ec97d20641bb054fd944c0abb2f92854171620706bbe6474e7c?s=96&d=mm&r=g\",\"url\":\"https:\/\/secure.gravatar.com\/avatar\/eca268467d925ec97d20641bb054fd944c0abb2f92854171620706bbe6474e7c?s=96&d=mm&r=g\",\"contentUrl\":\"https:\/\/secure.gravatar.com\/avatar\/eca268467d925ec97d20641bb054fd944c0abb2f92854171620706bbe6474e7c?s=96&d=mm&r=g\",\"caption\":\"lifefm\"}}]}<\/script>\n<!-- \/ Yoast SEO plugin. -->","yoast_head_json":{"title":"JIM MORRISON: O POETA DO ROCK\u2019N AND ROLL - S\u00e9rgio Barbosa - Colunista - Coluna Opini\u00e3o - R\u00e1dio Life FM","robots":{"index":"index","follow":"follow","max-snippet":"max-snippet:-1","max-image-preview":"max-image-preview:large","max-video-preview":"max-video-preview:-1"},"canonical":"https:\/\/radiolifefm.com.br\/noticias\/jim-morrison-o-poeta-do-rockn-and-roll-sergio-barbosa-colunista-coluna-opiniao\/","og_locale":"pt_BR","og_type":"article","og_title":"JIM MORRISON: O POETA DO ROCK\u2019N AND ROLL - S\u00e9rgio Barbosa - Colunista - Coluna Opini\u00e3o - R\u00e1dio Life FM","og_description":"JIM MORRISON: O POETA DO ROCK\u2019N AND ROLL \u201cAssim a lenda se escorre. A entrar na realidade, E a fecunda-la decorre. Em baixo, a vida, metade. De nada, morre.\u201d (Fernando Pessoa) S\u00e9rgio Barbosa (*) N\u00e3o se pode deixar de gritar em meio ao sil\u00eancio deste tempo sem paix\u00e3o pelo desafio de ser e n\u00e3o apenas [&hellip;]","og_url":"https:\/\/radiolifefm.com.br\/noticias\/jim-morrison-o-poeta-do-rockn-and-roll-sergio-barbosa-colunista-coluna-opiniao\/","og_site_name":"R\u00e1dio Life FM","article_publisher":"https:\/\/www.facebook.com\/radiolifefm\/","article_published_time":"2019-07-24T11:39:46+00:00","article_modified_time":"2026-04-25T15:20:20+00:00","og_image":[{"width":2304,"height":1728,"url":"https:\/\/radiolifefm.com.br\/noticias\/wp-content\/uploads\/2019\/07\/SEBAR-2-2.jpg","type":"image\/jpeg"}],"author":"lifefm","twitter_card":"summary_large_image","twitter_misc":{"Escrito por":"lifefm","Est. tempo de leitura":"2 minutos"},"schema":{"@context":"https:\/\/schema.org","@graph":[{"@type":"Article","@id":"https:\/\/radiolifefm.com.br\/noticias\/jim-morrison-o-poeta-do-rockn-and-roll-sergio-barbosa-colunista-coluna-opiniao\/#article","isPartOf":{"@id":"https:\/\/radiolifefm.com.br\/noticias\/jim-morrison-o-poeta-do-rockn-and-roll-sergio-barbosa-colunista-coluna-opiniao\/"},"author":{"name":"lifefm","@id":"https:\/\/radiolifefm.com.br\/noticias\/#\/schema\/person\/1d4e4b1301322090c6221bf1c8420490"},"headline":"JIM MORRISON: O POETA DO ROCK\u2019N AND ROLL &#8211; S\u00e9rgio Barbosa &#8211; Colunista &#8211; Coluna Opini\u00e3o","datePublished":"2019-07-24T11:39:46+00:00","dateModified":"2026-04-25T15:20:20+00:00","mainEntityOfPage":{"@id":"https:\/\/radiolifefm.com.br\/noticias\/jim-morrison-o-poeta-do-rockn-and-roll-sergio-barbosa-colunista-coluna-opiniao\/"},"wordCount":508,"publisher":{"@id":"https:\/\/radiolifefm.com.br\/noticias\/#organization"},"image":{"@id":"https:\/\/radiolifefm.com.br\/noticias\/jim-morrison-o-poeta-do-rockn-and-roll-sergio-barbosa-colunista-coluna-opiniao\/#primaryimage"},"thumbnailUrl":"https:\/\/radiolifefm.com.br\/noticias\/wp-content\/uploads\/2019\/07\/SEBAR-2-2.jpg","articleSection":["Opini\u00e3o"],"inLanguage":"pt-BR"},{"@type":"WebPage","@id":"https:\/\/radiolifefm.com.br\/noticias\/jim-morrison-o-poeta-do-rockn-and-roll-sergio-barbosa-colunista-coluna-opiniao\/","url":"https:\/\/radiolifefm.com.br\/noticias\/jim-morrison-o-poeta-do-rockn-and-roll-sergio-barbosa-colunista-coluna-opiniao\/","name":"JIM MORRISON: O POETA DO ROCK\u2019N AND ROLL - S\u00e9rgio Barbosa - Colunista - Coluna Opini\u00e3o - R\u00e1dio Life FM","isPartOf":{"@id":"https:\/\/radiolifefm.com.br\/noticias\/#website"},"primaryImageOfPage":{"@id":"https:\/\/radiolifefm.com.br\/noticias\/jim-morrison-o-poeta-do-rockn-and-roll-sergio-barbosa-colunista-coluna-opiniao\/#primaryimage"},"image":{"@id":"https:\/\/radiolifefm.com.br\/noticias\/jim-morrison-o-poeta-do-rockn-and-roll-sergio-barbosa-colunista-coluna-opiniao\/#primaryimage"},"thumbnailUrl":"https:\/\/radiolifefm.com.br\/noticias\/wp-content\/uploads\/2019\/07\/SEBAR-2-2.jpg","datePublished":"2019-07-24T11:39:46+00:00","dateModified":"2026-04-25T15:20:20+00:00","breadcrumb":{"@id":"https:\/\/radiolifefm.com.br\/noticias\/jim-morrison-o-poeta-do-rockn-and-roll-sergio-barbosa-colunista-coluna-opiniao\/#breadcrumb"},"inLanguage":"pt-BR","potentialAction":[{"@type":"ReadAction","target":["https:\/\/radiolifefm.com.br\/noticias\/jim-morrison-o-poeta-do-rockn-and-roll-sergio-barbosa-colunista-coluna-opiniao\/"]}]},{"@type":"ImageObject","inLanguage":"pt-BR","@id":"https:\/\/radiolifefm.com.br\/noticias\/jim-morrison-o-poeta-do-rockn-and-roll-sergio-barbosa-colunista-coluna-opiniao\/#primaryimage","url":"https:\/\/radiolifefm.com.br\/noticias\/wp-content\/uploads\/2019\/07\/SEBAR-2-2.jpg","contentUrl":"https:\/\/radiolifefm.com.br\/noticias\/wp-content\/uploads\/2019\/07\/SEBAR-2-2.jpg","width":2304,"height":1728},{"@type":"BreadcrumbList","@id":"https:\/\/radiolifefm.com.br\/noticias\/jim-morrison-o-poeta-do-rockn-and-roll-sergio-barbosa-colunista-coluna-opiniao\/#breadcrumb","itemListElement":[{"@type":"ListItem","position":1,"name":"In\u00edcio","item":"https:\/\/radiolifefm.com.br\/noticias\/"},{"@type":"ListItem","position":2,"name":"JIM MORRISON: O POETA DO ROCK\u2019N AND ROLL &#8211; S\u00e9rgio Barbosa &#8211; Colunista &#8211; Coluna Opini\u00e3o"}]},{"@type":"WebSite","@id":"https:\/\/radiolifefm.com.br\/noticias\/#website","url":"https:\/\/radiolifefm.com.br\/noticias\/","name":"R\u00e1dio Life FM","description":"O Portal de Not\u00edcias de Adamantina","publisher":{"@id":"https:\/\/radiolifefm.com.br\/noticias\/#organization"},"alternateName":"Life FM","potentialAction":[{"@type":"SearchAction","target":{"@type":"EntryPoint","urlTemplate":"https:\/\/radiolifefm.com.br\/noticias\/?s={search_term_string}"},"query-input":{"@type":"PropertyValueSpecification","valueRequired":true,"valueName":"search_term_string"}}],"inLanguage":"pt-BR"},{"@type":"Organization","@id":"https:\/\/radiolifefm.com.br\/noticias\/#organization","name":"R\u00e1dio Life FM","alternateName":"Life FM","url":"https:\/\/radiolifefm.com.br\/noticias\/","logo":{"@type":"ImageObject","inLanguage":"pt-BR","@id":"https:\/\/radiolifefm.com.br\/noticias\/#\/schema\/logo\/image\/","url":"https:\/\/static.radiolifefm.com.br\/noticias\/wp-content\/uploads\/2019\/10\/logo-lifefm.png","contentUrl":"https:\/\/static.radiolifefm.com.br\/noticias\/wp-content\/uploads\/2019\/10\/logo-lifefm.png","width":196,"height":47,"caption":"R\u00e1dio Life FM"},"image":{"@id":"https:\/\/radiolifefm.com.br\/noticias\/#\/schema\/logo\/image\/"},"sameAs":["https:\/\/www.facebook.com\/radiolifefm\/","https:\/\/www.instagram.com\/life1079fm\/"]},{"@type":"Person","@id":"https:\/\/radiolifefm.com.br\/noticias\/#\/schema\/person\/1d4e4b1301322090c6221bf1c8420490","name":"lifefm","image":{"@type":"ImageObject","inLanguage":"pt-BR","@id":"https:\/\/secure.gravatar.com\/avatar\/eca268467d925ec97d20641bb054fd944c0abb2f92854171620706bbe6474e7c?s=96&d=mm&r=g","url":"https:\/\/secure.gravatar.com\/avatar\/eca268467d925ec97d20641bb054fd944c0abb2f92854171620706bbe6474e7c?s=96&d=mm&r=g","contentUrl":"https:\/\/secure.gravatar.com\/avatar\/eca268467d925ec97d20641bb054fd944c0abb2f92854171620706bbe6474e7c?s=96&d=mm&r=g","caption":"lifefm"}}]}},"amp_enabled":true,"_links":{"self":[{"href":"https:\/\/radiolifefm.com.br\/noticias\/wp-json\/wp\/v2\/posts\/14879","targetHints":{"allow":["GET"]}}],"collection":[{"href":"https:\/\/radiolifefm.com.br\/noticias\/wp-json\/wp\/v2\/posts"}],"about":[{"href":"https:\/\/radiolifefm.com.br\/noticias\/wp-json\/wp\/v2\/types\/post"}],"author":[{"embeddable":true,"href":"https:\/\/radiolifefm.com.br\/noticias\/wp-json\/wp\/v2\/users\/3"}],"replies":[{"embeddable":true,"href":"https:\/\/radiolifefm.com.br\/noticias\/wp-json\/wp\/v2\/comments?post=14879"}],"version-history":[{"count":1,"href":"https:\/\/radiolifefm.com.br\/noticias\/wp-json\/wp\/v2\/posts\/14879\/revisions"}],"predecessor-version":[{"id":14883,"href":"https:\/\/radiolifefm.com.br\/noticias\/wp-json\/wp\/v2\/posts\/14879\/revisions\/14883"}],"wp:featuredmedia":[{"embeddable":true,"href":"https:\/\/radiolifefm.com.br\/noticias\/wp-json\/wp\/v2\/media\/14882"}],"wp:attachment":[{"href":"https:\/\/radiolifefm.com.br\/noticias\/wp-json\/wp\/v2\/media?parent=14879"}],"wp:term":[{"taxonomy":"category","embeddable":true,"href":"https:\/\/radiolifefm.com.br\/noticias\/wp-json\/wp\/v2\/categories?post=14879"},{"taxonomy":"post_tag","embeddable":true,"href":"https:\/\/radiolifefm.com.br\/noticias\/wp-json\/wp\/v2\/tags?post=14879"}],"curies":[{"name":"wp","href":"https:\/\/api.w.org\/{rel}","templated":true}]}}