{"id":14825,"date":"2019-07-22T08:16:17","date_gmt":"2019-07-22T11:16:17","guid":{"rendered":"https:\/\/radiolifefm.com.br\/noticias\/?p=14825"},"modified":"2026-04-27T00:32:04","modified_gmt":"2026-04-27T03:32:04","slug":"acidente-grave-deixa-quatro-vitimas-fatais-na-rodovia-julio-budisk-em-alfredo-marcondes","status":"publish","type":"post","link":"https:\/\/radiolifefm.com.br\/noticias\/acidente-grave-deixa-quatro-vitimas-fatais-na-rodovia-julio-budisk-em-alfredo-marcondes\/","title":{"rendered":"Acidente grave deixa quatro v\u00edtimas fatais na Rodovia J\u00falio Budisk em Alfredo Marcondes"},"content":{"rendered":"<div id=\"fb-root\"><\/div>\n<p><em>Al\u00e9m de quatro mortos, duas pessoas tamb\u00e9m se feriram no acidente<\/em><\/p>\n<p>A Pol\u00edcia rodovi\u00e1ria foi acionada para o atendimento de um acidente de tr\u00e2nsito com v\u00edtimas e consequentemente resultando em quatro v\u00edtimas fatais e duas leves.<\/p>\n<p>Os ve\u00edculos transitavam em sentidos opostos e por raz\u00f5es a serem esclarecidas colidiram frontalmente.<br \/>\nEquipes da Per\u00edcia compareceram ao local, sendo realizados os servi\u00e7os para futuro esclarecimento dos fatos.<\/p>\n<p>Fazem parte do acidente um GM\/Vectra, placas de Tupi Paulista, que transitava no sentido Pres. Prudente a Santo Expedito e um Fiat\/Tempra, com placas de Mirand\u00f3polis, que seguia no sentido oposto.<\/p>\n<p>O ve\u00edculo Vectra estava ocupado por quatro pessoas, sendo tr\u00eas adultos e uma crian\u00e7a, resultando em duas v\u00edtimas fatais e duas leves.<\/p>\n<p>No ve\u00edculo Tempra viajava um casal que teve o \u00f3bito constatado no local.<\/p>\n<p>Al\u00e9m das viaturas do Policiamento Rodovi\u00e1rio, auxiliaram no atendimento da ocorr\u00eancia o Corpo de Bombeiros, inspe\u00e7\u00f5es de tr\u00e1fego do DER e Pol\u00edcia Cient\u00edfica.<\/p>\n<p>O tr\u00e2nsito no local foi controlado com aux\u00edlio na sinaliza\u00e7\u00e3o, contudo, uma faixa de rolamento permaneceu interditada, operando no sistema pare e siga durante cinco horas, sendo liberada ap\u00f3s os trabalhos periciais.<\/p>\n<p>A ocorr\u00eancia foi apresentada na Delegacia de Pol\u00edcia Civil de Alfredo Marcondes\/SP.<\/p>\n<p><strong>V\u00edtimas fatais:-<\/strong><\/p>\n<p>V\u00cdTIMA 01, uma mulher de 36 anos, de Tupi Paulista, que era passageira do banco traseiro do ve\u00edculo Vectra, socorrida para o P.S. da Santa Casa de Presidente Prudente.<\/p>\n<p>V\u00cdTIMA 02, uma crian\u00e7a do sexo masculino, de 4 anos, de Tupi Paulista, que era passageiro do banco traseiro do ve\u00edculo Vectra e morreu no local.<\/p>\n<p>V\u00cdTIMA 03, um homem de 56 anos, de Presidente Prudente, que era o condutor do ve\u00edculo Fiat\/Tempra, faleceu no local.<\/p>\n<p>V\u00cdTIMA 04, uma mulher de 52 anos, de Presidente, que era passageira do banco dianteiro do ve\u00edculo Fiat\/Tempra, tamb\u00e9m morreu no local.<\/p>\n<p><strong>V\u00edtimas sobreviventes: &#8211;<\/strong><\/p>\n<p>V\u00cdTIMA 01, um homem de 21 anos, de Tupi Paulista, o condutor do ve\u00edculo Vectra, teve ferimentos leves e foi socorrido para o hospital Regional de Presidente Prudente.<\/p>\n<p>V\u00cdTIMA 02, uma jovem de16 anos, de Tupi Paulista, passageira do banco dianteiro do ve\u00edculo Vectra, que se feriu levemente e foi socorrida para o Hospital Regional de Presidente Prudente.<\/p>\n<div class='flex flex-wrap items-center -mx-1'>\r\n<a class='thumbnail gallery p-1 w-1\/2 md:w-1\/4' href='https:\/\/radiolifefm.com.br\/noticias\/wp-content\/uploads\/2019\/07\/Acidente-Marcondes.jpg'><img class='border border-white' src='https:\/\/radiolifefm.com.br\/noticias\/wp-content\/uploads\/2019\/07\/Acidente-Marcondes-200x200.jpg' alt='Acidente   Marcondes' \/><\/a><a class='thumbnail gallery p-1 w-1\/2 md:w-1\/4' href='https:\/\/radiolifefm.com.br\/noticias\/wp-content\/uploads\/2019\/07\/Acidente-Marcondes-1.jpg'><img class='border border-white' src='https:\/\/radiolifefm.com.br\/noticias\/wp-content\/uploads\/2019\/07\/Acidente-Marcondes-1-200x200.jpg' alt='Acidente   Marcondes   1' \/><\/a><\/div>\n<p>Informa\u00e7\u00f5es \u2013 Pol\u00edcia Rodovi\u00e1ria<\/p>\n<p>Reda\u00e7\u00e3o &#8211; Kako de Oliveira<\/p>\n","protected":false},"excerpt":{"rendered":"<p>Al\u00e9m de quatro mortos, duas pessoas tamb\u00e9m se feriram no acidente A Pol\u00edcia rodovi\u00e1ria foi acionada para o atendimento de um acidente de tr\u00e2nsito com v\u00edtimas e consequentemente resultando em quatro v\u00edtimas fatais e duas leves. Os ve\u00edculos transitavam em sentidos opostos e por raz\u00f5es a serem esclarecidas colidiram frontalmente. Equipes da Per\u00edcia compareceram ao [&hellip;]<\/p>\n","protected":false},"author":3,"featured_media":14828,"comment_status":"closed","ping_status":"open","sticky":false,"template":"","format":"standard","meta":{"_acf_changed":false,"_exactmetrics_skip_tracking":false,"_exactmetrics_sitenote_active":false,"_exactmetrics_sitenote_note":"","_exactmetrics_sitenote_category":0,"footnotes":""},"categories":[24],"tags":[],"class_list":["post-14825","post","type-post","status-publish","format-standard","has-post-thumbnail","hentry","category-regiao"],"acf":[],"yoast_head":"<!-- This site is optimized with the Yoast SEO plugin v27.2 - https:\/\/yoast.com\/product\/yoast-seo-wordpress\/ -->\n<title>Acidente grave deixa quatro v\u00edtimas fatais na Rodovia J\u00falio Budisk em Alfredo Marcondes - R\u00e1dio Life FM<\/title>\n<meta name=\"robots\" content=\"index, follow, max-snippet:-1, max-image-preview:large, max-video-preview:-1\" \/>\n<link rel=\"canonical\" href=\"https:\/\/radiolifefm.com.br\/noticias\/acidente-grave-deixa-quatro-vitimas-fatais-na-rodovia-julio-budisk-em-alfredo-marcondes\/\" \/>\n<meta property=\"og:locale\" content=\"pt_BR\" \/>\n<meta property=\"og:type\" content=\"article\" \/>\n<meta property=\"og:title\" content=\"Acidente grave deixa quatro v\u00edtimas fatais na Rodovia J\u00falio Budisk em Alfredo Marcondes - R\u00e1dio Life FM\" \/>\n<meta property=\"og:description\" content=\"Al\u00e9m de quatro mortos, duas pessoas tamb\u00e9m se feriram no acidente A Pol\u00edcia rodovi\u00e1ria foi acionada para o atendimento de um acidente de tr\u00e2nsito com v\u00edtimas e consequentemente resultando em quatro v\u00edtimas fatais e duas leves. Os ve\u00edculos transitavam em sentidos opostos e por raz\u00f5es a serem esclarecidas colidiram frontalmente. Equipes da Per\u00edcia compareceram ao [&hellip;]\" \/>\n<meta property=\"og:url\" content=\"https:\/\/radiolifefm.com.br\/noticias\/acidente-grave-deixa-quatro-vitimas-fatais-na-rodovia-julio-budisk-em-alfredo-marcondes\/\" \/>\n<meta property=\"og:site_name\" content=\"R\u00e1dio Life FM\" \/>\n<meta property=\"article:publisher\" content=\"https:\/\/www.facebook.com\/radiolifefm\/\" \/>\n<meta property=\"article:published_time\" content=\"2019-07-22T11:16:17+00:00\" \/>\n<meta property=\"article:modified_time\" content=\"2026-04-27T03:32:04+00:00\" \/>\n<meta property=\"og:image\" content=\"https:\/\/radiolifefm.com.br\/noticias\/wp-content\/uploads\/2019\/07\/Acidente-Marcondes-2.jpg\" \/>\n\t<meta property=\"og:image:width\" content=\"1040\" \/>\n\t<meta property=\"og:image:height\" content=\"585\" \/>\n\t<meta property=\"og:image:type\" content=\"image\/jpeg\" \/>\n<meta name=\"author\" content=\"lifefm\" \/>\n<meta name=\"twitter:card\" content=\"summary_large_image\" \/>\n<meta name=\"twitter:label1\" content=\"Escrito por\" \/>\n\t<meta name=\"twitter:data1\" content=\"lifefm\" \/>\n\t<meta name=\"twitter:label2\" content=\"Est. tempo de leitura\" \/>\n\t<meta name=\"twitter:data2\" content=\"2 minutos\" \/>\n<script type=\"application\/ld+json\" class=\"yoast-schema-graph\">{\"@context\":\"https:\/\/schema.org\",\"@graph\":[{\"@type\":\"Article\",\"@id\":\"https:\/\/radiolifefm.com.br\/noticias\/acidente-grave-deixa-quatro-vitimas-fatais-na-rodovia-julio-budisk-em-alfredo-marcondes\/#article\",\"isPartOf\":{\"@id\":\"https:\/\/radiolifefm.com.br\/noticias\/acidente-grave-deixa-quatro-vitimas-fatais-na-rodovia-julio-budisk-em-alfredo-marcondes\/\"},\"author\":{\"name\":\"lifefm\",\"@id\":\"https:\/\/radiolifefm.com.br\/noticias\/#\/schema\/person\/1d4e4b1301322090c6221bf1c8420490\"},\"headline\":\"Acidente grave deixa quatro v\u00edtimas fatais na Rodovia J\u00falio Budisk em Alfredo Marcondes\",\"datePublished\":\"2019-07-22T11:16:17+00:00\",\"dateModified\":\"2026-04-27T03:32:04+00:00\",\"mainEntityOfPage\":{\"@id\":\"https:\/\/radiolifefm.com.br\/noticias\/acidente-grave-deixa-quatro-vitimas-fatais-na-rodovia-julio-budisk-em-alfredo-marcondes\/\"},\"wordCount\":429,\"publisher\":{\"@id\":\"https:\/\/radiolifefm.com.br\/noticias\/#organization\"},\"image\":{\"@id\":\"https:\/\/radiolifefm.com.br\/noticias\/acidente-grave-deixa-quatro-vitimas-fatais-na-rodovia-julio-budisk-em-alfredo-marcondes\/#primaryimage\"},\"thumbnailUrl\":\"https:\/\/radiolifefm.com.br\/noticias\/wp-content\/uploads\/2019\/07\/Acidente-Marcondes-2.jpg\",\"articleSection\":[\"Regi\u00e3o\"],\"inLanguage\":\"pt-BR\"},{\"@type\":\"WebPage\",\"@id\":\"https:\/\/radiolifefm.com.br\/noticias\/acidente-grave-deixa-quatro-vitimas-fatais-na-rodovia-julio-budisk-em-alfredo-marcondes\/\",\"url\":\"https:\/\/radiolifefm.com.br\/noticias\/acidente-grave-deixa-quatro-vitimas-fatais-na-rodovia-julio-budisk-em-alfredo-marcondes\/\",\"name\":\"Acidente grave deixa quatro v\u00edtimas fatais na Rodovia J\u00falio Budisk em Alfredo Marcondes - R\u00e1dio Life FM\",\"isPartOf\":{\"@id\":\"https:\/\/radiolifefm.com.br\/noticias\/#website\"},\"primaryImageOfPage\":{\"@id\":\"https:\/\/radiolifefm.com.br\/noticias\/acidente-grave-deixa-quatro-vitimas-fatais-na-rodovia-julio-budisk-em-alfredo-marcondes\/#primaryimage\"},\"image\":{\"@id\":\"https:\/\/radiolifefm.com.br\/noticias\/acidente-grave-deixa-quatro-vitimas-fatais-na-rodovia-julio-budisk-em-alfredo-marcondes\/#primaryimage\"},\"thumbnailUrl\":\"https:\/\/radiolifefm.com.br\/noticias\/wp-content\/uploads\/2019\/07\/Acidente-Marcondes-2.jpg\",\"datePublished\":\"2019-07-22T11:16:17+00:00\",\"dateModified\":\"2026-04-27T03:32:04+00:00\",\"breadcrumb\":{\"@id\":\"https:\/\/radiolifefm.com.br\/noticias\/acidente-grave-deixa-quatro-vitimas-fatais-na-rodovia-julio-budisk-em-alfredo-marcondes\/#breadcrumb\"},\"inLanguage\":\"pt-BR\",\"potentialAction\":[{\"@type\":\"ReadAction\",\"target\":[\"https:\/\/radiolifefm.com.br\/noticias\/acidente-grave-deixa-quatro-vitimas-fatais-na-rodovia-julio-budisk-em-alfredo-marcondes\/\"]}]},{\"@type\":\"ImageObject\",\"inLanguage\":\"pt-BR\",\"@id\":\"https:\/\/radiolifefm.com.br\/noticias\/acidente-grave-deixa-quatro-vitimas-fatais-na-rodovia-julio-budisk-em-alfredo-marcondes\/#primaryimage\",\"url\":\"https:\/\/radiolifefm.com.br\/noticias\/wp-content\/uploads\/2019\/07\/Acidente-Marcondes-2.jpg\",\"contentUrl\":\"https:\/\/radiolifefm.com.br\/noticias\/wp-content\/uploads\/2019\/07\/Acidente-Marcondes-2.jpg\",\"width\":1040,\"height\":585,\"caption\":\"Acidente grave deixa quatro v\u00edtimas fatais e dois feridos pela Rodovia J\u00falio Budisk em Alfredo Marcondes - Foto Pol\u00edcia\/Cedida\"},{\"@type\":\"BreadcrumbList\",\"@id\":\"https:\/\/radiolifefm.com.br\/noticias\/acidente-grave-deixa-quatro-vitimas-fatais-na-rodovia-julio-budisk-em-alfredo-marcondes\/#breadcrumb\",\"itemListElement\":[{\"@type\":\"ListItem\",\"position\":1,\"name\":\"In\u00edcio\",\"item\":\"https:\/\/radiolifefm.com.br\/noticias\/\"},{\"@type\":\"ListItem\",\"position\":2,\"name\":\"Acidente grave deixa quatro v\u00edtimas fatais na Rodovia J\u00falio Budisk em Alfredo Marcondes\"}]},{\"@type\":\"WebSite\",\"@id\":\"https:\/\/radiolifefm.com.br\/noticias\/#website\",\"url\":\"https:\/\/radiolifefm.com.br\/noticias\/\",\"name\":\"R\u00e1dio Life FM\",\"description\":\"O Portal de Not\u00edcias de Adamantina\",\"publisher\":{\"@id\":\"https:\/\/radiolifefm.com.br\/noticias\/#organization\"},\"alternateName\":\"Life FM\",\"potentialAction\":[{\"@type\":\"SearchAction\",\"target\":{\"@type\":\"EntryPoint\",\"urlTemplate\":\"https:\/\/radiolifefm.com.br\/noticias\/?s={search_term_string}\"},\"query-input\":{\"@type\":\"PropertyValueSpecification\",\"valueRequired\":true,\"valueName\":\"search_term_string\"}}],\"inLanguage\":\"pt-BR\"},{\"@type\":\"Organization\",\"@id\":\"https:\/\/radiolifefm.com.br\/noticias\/#organization\",\"name\":\"R\u00e1dio Life FM\",\"alternateName\":\"Life FM\",\"url\":\"https:\/\/radiolifefm.com.br\/noticias\/\",\"logo\":{\"@type\":\"ImageObject\",\"inLanguage\":\"pt-BR\",\"@id\":\"https:\/\/radiolifefm.com.br\/noticias\/#\/schema\/logo\/image\/\",\"url\":\"https:\/\/static.radiolifefm.com.br\/noticias\/wp-content\/uploads\/2019\/10\/logo-lifefm.png\",\"contentUrl\":\"https:\/\/static.radiolifefm.com.br\/noticias\/wp-content\/uploads\/2019\/10\/logo-lifefm.png\",\"width\":196,\"height\":47,\"caption\":\"R\u00e1dio Life FM\"},\"image\":{\"@id\":\"https:\/\/radiolifefm.com.br\/noticias\/#\/schema\/logo\/image\/\"},\"sameAs\":[\"https:\/\/www.facebook.com\/radiolifefm\/\",\"https:\/\/www.instagram.com\/life1079fm\/\"]},{\"@type\":\"Person\",\"@id\":\"https:\/\/radiolifefm.com.br\/noticias\/#\/schema\/person\/1d4e4b1301322090c6221bf1c8420490\",\"name\":\"lifefm\",\"image\":{\"@type\":\"ImageObject\",\"inLanguage\":\"pt-BR\",\"@id\":\"https:\/\/secure.gravatar.com\/avatar\/eca268467d925ec97d20641bb054fd944c0abb2f92854171620706bbe6474e7c?s=96&d=mm&r=g\",\"url\":\"https:\/\/secure.gravatar.com\/avatar\/eca268467d925ec97d20641bb054fd944c0abb2f92854171620706bbe6474e7c?s=96&d=mm&r=g\",\"contentUrl\":\"https:\/\/secure.gravatar.com\/avatar\/eca268467d925ec97d20641bb054fd944c0abb2f92854171620706bbe6474e7c?s=96&d=mm&r=g\",\"caption\":\"lifefm\"}}]}<\/script>\n<!-- \/ Yoast SEO plugin. -->","yoast_head_json":{"title":"Acidente grave deixa quatro v\u00edtimas fatais na Rodovia J\u00falio Budisk em Alfredo Marcondes - R\u00e1dio Life FM","robots":{"index":"index","follow":"follow","max-snippet":"max-snippet:-1","max-image-preview":"max-image-preview:large","max-video-preview":"max-video-preview:-1"},"canonical":"https:\/\/radiolifefm.com.br\/noticias\/acidente-grave-deixa-quatro-vitimas-fatais-na-rodovia-julio-budisk-em-alfredo-marcondes\/","og_locale":"pt_BR","og_type":"article","og_title":"Acidente grave deixa quatro v\u00edtimas fatais na Rodovia J\u00falio Budisk em Alfredo Marcondes - R\u00e1dio Life FM","og_description":"Al\u00e9m de quatro mortos, duas pessoas tamb\u00e9m se feriram no acidente A Pol\u00edcia rodovi\u00e1ria foi acionada para o atendimento de um acidente de tr\u00e2nsito com v\u00edtimas e consequentemente resultando em quatro v\u00edtimas fatais e duas leves. Os ve\u00edculos transitavam em sentidos opostos e por raz\u00f5es a serem esclarecidas colidiram frontalmente. Equipes da Per\u00edcia compareceram ao [&hellip;]","og_url":"https:\/\/radiolifefm.com.br\/noticias\/acidente-grave-deixa-quatro-vitimas-fatais-na-rodovia-julio-budisk-em-alfredo-marcondes\/","og_site_name":"R\u00e1dio Life FM","article_publisher":"https:\/\/www.facebook.com\/radiolifefm\/","article_published_time":"2019-07-22T11:16:17+00:00","article_modified_time":"2026-04-27T03:32:04+00:00","og_image":[{"width":1040,"height":585,"url":"https:\/\/radiolifefm.com.br\/noticias\/wp-content\/uploads\/2019\/07\/Acidente-Marcondes-2.jpg","type":"image\/jpeg"}],"author":"lifefm","twitter_card":"summary_large_image","twitter_misc":{"Escrito por":"lifefm","Est. tempo de leitura":"2 minutos"},"schema":{"@context":"https:\/\/schema.org","@graph":[{"@type":"Article","@id":"https:\/\/radiolifefm.com.br\/noticias\/acidente-grave-deixa-quatro-vitimas-fatais-na-rodovia-julio-budisk-em-alfredo-marcondes\/#article","isPartOf":{"@id":"https:\/\/radiolifefm.com.br\/noticias\/acidente-grave-deixa-quatro-vitimas-fatais-na-rodovia-julio-budisk-em-alfredo-marcondes\/"},"author":{"name":"lifefm","@id":"https:\/\/radiolifefm.com.br\/noticias\/#\/schema\/person\/1d4e4b1301322090c6221bf1c8420490"},"headline":"Acidente grave deixa quatro v\u00edtimas fatais na Rodovia J\u00falio Budisk em Alfredo Marcondes","datePublished":"2019-07-22T11:16:17+00:00","dateModified":"2026-04-27T03:32:04+00:00","mainEntityOfPage":{"@id":"https:\/\/radiolifefm.com.br\/noticias\/acidente-grave-deixa-quatro-vitimas-fatais-na-rodovia-julio-budisk-em-alfredo-marcondes\/"},"wordCount":429,"publisher":{"@id":"https:\/\/radiolifefm.com.br\/noticias\/#organization"},"image":{"@id":"https:\/\/radiolifefm.com.br\/noticias\/acidente-grave-deixa-quatro-vitimas-fatais-na-rodovia-julio-budisk-em-alfredo-marcondes\/#primaryimage"},"thumbnailUrl":"https:\/\/radiolifefm.com.br\/noticias\/wp-content\/uploads\/2019\/07\/Acidente-Marcondes-2.jpg","articleSection":["Regi\u00e3o"],"inLanguage":"pt-BR"},{"@type":"WebPage","@id":"https:\/\/radiolifefm.com.br\/noticias\/acidente-grave-deixa-quatro-vitimas-fatais-na-rodovia-julio-budisk-em-alfredo-marcondes\/","url":"https:\/\/radiolifefm.com.br\/noticias\/acidente-grave-deixa-quatro-vitimas-fatais-na-rodovia-julio-budisk-em-alfredo-marcondes\/","name":"Acidente grave deixa quatro v\u00edtimas fatais na Rodovia J\u00falio Budisk em Alfredo Marcondes - R\u00e1dio Life FM","isPartOf":{"@id":"https:\/\/radiolifefm.com.br\/noticias\/#website"},"primaryImageOfPage":{"@id":"https:\/\/radiolifefm.com.br\/noticias\/acidente-grave-deixa-quatro-vitimas-fatais-na-rodovia-julio-budisk-em-alfredo-marcondes\/#primaryimage"},"image":{"@id":"https:\/\/radiolifefm.com.br\/noticias\/acidente-grave-deixa-quatro-vitimas-fatais-na-rodovia-julio-budisk-em-alfredo-marcondes\/#primaryimage"},"thumbnailUrl":"https:\/\/radiolifefm.com.br\/noticias\/wp-content\/uploads\/2019\/07\/Acidente-Marcondes-2.jpg","datePublished":"2019-07-22T11:16:17+00:00","dateModified":"2026-04-27T03:32:04+00:00","breadcrumb":{"@id":"https:\/\/radiolifefm.com.br\/noticias\/acidente-grave-deixa-quatro-vitimas-fatais-na-rodovia-julio-budisk-em-alfredo-marcondes\/#breadcrumb"},"inLanguage":"pt-BR","potentialAction":[{"@type":"ReadAction","target":["https:\/\/radiolifefm.com.br\/noticias\/acidente-grave-deixa-quatro-vitimas-fatais-na-rodovia-julio-budisk-em-alfredo-marcondes\/"]}]},{"@type":"ImageObject","inLanguage":"pt-BR","@id":"https:\/\/radiolifefm.com.br\/noticias\/acidente-grave-deixa-quatro-vitimas-fatais-na-rodovia-julio-budisk-em-alfredo-marcondes\/#primaryimage","url":"https:\/\/radiolifefm.com.br\/noticias\/wp-content\/uploads\/2019\/07\/Acidente-Marcondes-2.jpg","contentUrl":"https:\/\/radiolifefm.com.br\/noticias\/wp-content\/uploads\/2019\/07\/Acidente-Marcondes-2.jpg","width":1040,"height":585,"caption":"Acidente grave deixa quatro v\u00edtimas fatais e dois feridos pela Rodovia J\u00falio Budisk em Alfredo Marcondes - Foto Pol\u00edcia\/Cedida"},{"@type":"BreadcrumbList","@id":"https:\/\/radiolifefm.com.br\/noticias\/acidente-grave-deixa-quatro-vitimas-fatais-na-rodovia-julio-budisk-em-alfredo-marcondes\/#breadcrumb","itemListElement":[{"@type":"ListItem","position":1,"name":"In\u00edcio","item":"https:\/\/radiolifefm.com.br\/noticias\/"},{"@type":"ListItem","position":2,"name":"Acidente grave deixa quatro v\u00edtimas fatais na Rodovia J\u00falio Budisk em Alfredo Marcondes"}]},{"@type":"WebSite","@id":"https:\/\/radiolifefm.com.br\/noticias\/#website","url":"https:\/\/radiolifefm.com.br\/noticias\/","name":"R\u00e1dio Life FM","description":"O Portal de Not\u00edcias de Adamantina","publisher":{"@id":"https:\/\/radiolifefm.com.br\/noticias\/#organization"},"alternateName":"Life FM","potentialAction":[{"@type":"SearchAction","target":{"@type":"EntryPoint","urlTemplate":"https:\/\/radiolifefm.com.br\/noticias\/?s={search_term_string}"},"query-input":{"@type":"PropertyValueSpecification","valueRequired":true,"valueName":"search_term_string"}}],"inLanguage":"pt-BR"},{"@type":"Organization","@id":"https:\/\/radiolifefm.com.br\/noticias\/#organization","name":"R\u00e1dio Life FM","alternateName":"Life FM","url":"https:\/\/radiolifefm.com.br\/noticias\/","logo":{"@type":"ImageObject","inLanguage":"pt-BR","@id":"https:\/\/radiolifefm.com.br\/noticias\/#\/schema\/logo\/image\/","url":"https:\/\/static.radiolifefm.com.br\/noticias\/wp-content\/uploads\/2019\/10\/logo-lifefm.png","contentUrl":"https:\/\/static.radiolifefm.com.br\/noticias\/wp-content\/uploads\/2019\/10\/logo-lifefm.png","width":196,"height":47,"caption":"R\u00e1dio Life FM"},"image":{"@id":"https:\/\/radiolifefm.com.br\/noticias\/#\/schema\/logo\/image\/"},"sameAs":["https:\/\/www.facebook.com\/radiolifefm\/","https:\/\/www.instagram.com\/life1079fm\/"]},{"@type":"Person","@id":"https:\/\/radiolifefm.com.br\/noticias\/#\/schema\/person\/1d4e4b1301322090c6221bf1c8420490","name":"lifefm","image":{"@type":"ImageObject","inLanguage":"pt-BR","@id":"https:\/\/secure.gravatar.com\/avatar\/eca268467d925ec97d20641bb054fd944c0abb2f92854171620706bbe6474e7c?s=96&d=mm&r=g","url":"https:\/\/secure.gravatar.com\/avatar\/eca268467d925ec97d20641bb054fd944c0abb2f92854171620706bbe6474e7c?s=96&d=mm&r=g","contentUrl":"https:\/\/secure.gravatar.com\/avatar\/eca268467d925ec97d20641bb054fd944c0abb2f92854171620706bbe6474e7c?s=96&d=mm&r=g","caption":"lifefm"}}]}},"amp_enabled":true,"_links":{"self":[{"href":"https:\/\/radiolifefm.com.br\/noticias\/wp-json\/wp\/v2\/posts\/14825","targetHints":{"allow":["GET"]}}],"collection":[{"href":"https:\/\/radiolifefm.com.br\/noticias\/wp-json\/wp\/v2\/posts"}],"about":[{"href":"https:\/\/radiolifefm.com.br\/noticias\/wp-json\/wp\/v2\/types\/post"}],"author":[{"embeddable":true,"href":"https:\/\/radiolifefm.com.br\/noticias\/wp-json\/wp\/v2\/users\/3"}],"replies":[{"embeddable":true,"href":"https:\/\/radiolifefm.com.br\/noticias\/wp-json\/wp\/v2\/comments?post=14825"}],"version-history":[{"count":2,"href":"https:\/\/radiolifefm.com.br\/noticias\/wp-json\/wp\/v2\/posts\/14825\/revisions"}],"predecessor-version":[{"id":14877,"href":"https:\/\/radiolifefm.com.br\/noticias\/wp-json\/wp\/v2\/posts\/14825\/revisions\/14877"}],"wp:featuredmedia":[{"embeddable":true,"href":"https:\/\/radiolifefm.com.br\/noticias\/wp-json\/wp\/v2\/media\/14828"}],"wp:attachment":[{"href":"https:\/\/radiolifefm.com.br\/noticias\/wp-json\/wp\/v2\/media?parent=14825"}],"wp:term":[{"taxonomy":"category","embeddable":true,"href":"https:\/\/radiolifefm.com.br\/noticias\/wp-json\/wp\/v2\/categories?post=14825"},{"taxonomy":"post_tag","embeddable":true,"href":"https:\/\/radiolifefm.com.br\/noticias\/wp-json\/wp\/v2\/tags?post=14825"}],"curies":[{"name":"wp","href":"https:\/\/api.w.org\/{rel}","templated":true}]}}