{"id":14791,"date":"2019-07-19T09:31:27","date_gmt":"2019-07-19T12:31:27","guid":{"rendered":"https:\/\/radiolifefm.com.br\/noticias\/?p=14791"},"modified":"2026-03-22T08:45:58","modified_gmt":"2026-03-22T11:45:58","slug":"carro-capota-proximo-a-balanca-do-der-perto-de-dracena","status":"publish","type":"post","link":"https:\/\/radiolifefm.com.br\/noticias\/carro-capota-proximo-a-balanca-do-der-perto-de-dracena\/","title":{"rendered":"Carro capota pr\u00f3ximo a balan\u00e7a do DER perto de Dracena"},"content":{"rendered":"<div id=\"fb-root\"><\/div>\n<p><em>Ve\u00edculo transitava no sentido Junqueir\u00f3polis a Dracena<\/em><\/p>\n<p>Nesta quinta-feira (18), \u00e0s 14 horas, um Fiat Siena, com placas de Junqueir\u00f3polis, dirigido por uma jovem de 22 anos, capotou antes da balan\u00e7a do DER, na rodovia Comandante Jo\u00e3o Ribeiro de Barros (SP-294), perto de Dracena.<\/p>\n<p>Segundo informa\u00e7\u00f5es obtidas no local, o Siena transitava no sentido Junqueir\u00f3polis a Dracena, quando a motorista perdeu o controle e capotou em seguida.<\/p>\n<p>A jovem motorista, que n\u00e3o teve nenhuma les\u00e3o aparente, foi encaminhada pelo Resgate do Corpo de Bombeiros ao PAM, para ser medicada.<\/p>\n<p>Estiveram no local do capotamento, os bombeiros, com o sargento Edmilson, cabo Souza Cruz e os soldados, Cazela, F\u00e1veri, Valero e Romeiro, integrantes das guarni\u00e7\u00f5es Resgate e Auto Bomba.<\/p>\n<p>&nbsp;<\/p>\n<p>Fonte: Portal Regional<\/p>\n","protected":false},"excerpt":{"rendered":"<p>Ve\u00edculo transitava no sentido Junqueir\u00f3polis a Dracena Nesta quinta-feira (18), \u00e0s 14 horas, um Fiat Siena, com placas de Junqueir\u00f3polis, dirigido por uma jovem de 22 anos, capotou antes da balan\u00e7a do DER, na rodovia Comandante Jo\u00e3o Ribeiro de Barros (SP-294), perto de Dracena. Segundo informa\u00e7\u00f5es obtidas no local, o Siena transitava no sentido Junqueir\u00f3polis [&hellip;]<\/p>\n","protected":false},"author":3,"featured_media":14792,"comment_status":"closed","ping_status":"open","sticky":false,"template":"","format":"standard","meta":{"_acf_changed":false,"_exactmetrics_skip_tracking":false,"_exactmetrics_sitenote_active":false,"_exactmetrics_sitenote_note":"","_exactmetrics_sitenote_category":0,"footnotes":""},"categories":[24],"tags":[],"class_list":["post-14791","post","type-post","status-publish","format-standard","has-post-thumbnail","hentry","category-regiao"],"acf":[],"yoast_head":"<!-- This site is optimized with the Yoast SEO plugin v27.2 - https:\/\/yoast.com\/product\/yoast-seo-wordpress\/ -->\n<title>Carro capota pr\u00f3ximo a balan\u00e7a do DER perto de Dracena - R\u00e1dio Life FM<\/title>\n<meta name=\"robots\" content=\"index, follow, max-snippet:-1, max-image-preview:large, max-video-preview:-1\" \/>\n<link rel=\"canonical\" href=\"https:\/\/radiolifefm.com.br\/noticias\/carro-capota-proximo-a-balanca-do-der-perto-de-dracena\/\" \/>\n<meta property=\"og:locale\" content=\"pt_BR\" \/>\n<meta property=\"og:type\" content=\"article\" \/>\n<meta property=\"og:title\" content=\"Carro capota pr\u00f3ximo a balan\u00e7a do DER perto de Dracena - R\u00e1dio Life FM\" \/>\n<meta property=\"og:description\" content=\"Ve\u00edculo transitava no sentido Junqueir\u00f3polis a Dracena Nesta quinta-feira (18), \u00e0s 14 horas, um Fiat Siena, com placas de Junqueir\u00f3polis, dirigido por uma jovem de 22 anos, capotou antes da balan\u00e7a do DER, na rodovia Comandante Jo\u00e3o Ribeiro de Barros (SP-294), perto de Dracena. Segundo informa\u00e7\u00f5es obtidas no local, o Siena transitava no sentido Junqueir\u00f3polis [&hellip;]\" \/>\n<meta property=\"og:url\" content=\"https:\/\/radiolifefm.com.br\/noticias\/carro-capota-proximo-a-balanca-do-der-perto-de-dracena\/\" \/>\n<meta property=\"og:site_name\" content=\"R\u00e1dio Life FM\" \/>\n<meta property=\"article:publisher\" content=\"https:\/\/www.facebook.com\/radiolifefm\/\" \/>\n<meta property=\"article:published_time\" content=\"2019-07-19T12:31:27+00:00\" \/>\n<meta property=\"article:modified_time\" content=\"2026-03-22T11:45:58+00:00\" \/>\n<meta property=\"og:image\" content=\"https:\/\/radiolifefm.com.br\/noticias\/wp-content\/uploads\/2019\/07\/Capotamento-balan\u00e7a.jpg\" \/>\n\t<meta property=\"og:image:width\" content=\"620\" \/>\n\t<meta property=\"og:image:height\" content=\"367\" \/>\n\t<meta property=\"og:image:type\" content=\"image\/jpeg\" \/>\n<meta name=\"author\" content=\"lifefm\" \/>\n<meta name=\"twitter:card\" content=\"summary_large_image\" \/>\n<meta name=\"twitter:label1\" content=\"Escrito por\" \/>\n\t<meta name=\"twitter:data1\" content=\"lifefm\" \/>\n\t<meta name=\"twitter:label2\" content=\"Est. tempo de leitura\" \/>\n\t<meta name=\"twitter:data2\" content=\"1 minuto\" \/>\n<script type=\"application\/ld+json\" class=\"yoast-schema-graph\">{\"@context\":\"https:\/\/schema.org\",\"@graph\":[{\"@type\":\"Article\",\"@id\":\"https:\/\/radiolifefm.com.br\/noticias\/carro-capota-proximo-a-balanca-do-der-perto-de-dracena\/#article\",\"isPartOf\":{\"@id\":\"https:\/\/radiolifefm.com.br\/noticias\/carro-capota-proximo-a-balanca-do-der-perto-de-dracena\/\"},\"author\":{\"name\":\"lifefm\",\"@id\":\"https:\/\/radiolifefm.com.br\/noticias\/#\/schema\/person\/1d4e4b1301322090c6221bf1c8420490\"},\"headline\":\"Carro capota pr\u00f3ximo a balan\u00e7a do DER perto de Dracena\",\"datePublished\":\"2019-07-19T12:31:27+00:00\",\"dateModified\":\"2026-03-22T11:45:58+00:00\",\"mainEntityOfPage\":{\"@id\":\"https:\/\/radiolifefm.com.br\/noticias\/carro-capota-proximo-a-balanca-do-der-perto-de-dracena\/\"},\"wordCount\":142,\"publisher\":{\"@id\":\"https:\/\/radiolifefm.com.br\/noticias\/#organization\"},\"image\":{\"@id\":\"https:\/\/radiolifefm.com.br\/noticias\/carro-capota-proximo-a-balanca-do-der-perto-de-dracena\/#primaryimage\"},\"thumbnailUrl\":\"https:\/\/radiolifefm.com.br\/noticias\/wp-content\/uploads\/2019\/07\/Capotamento-balan\u00e7a.jpg\",\"articleSection\":[\"Regi\u00e3o\"],\"inLanguage\":\"pt-BR\"},{\"@type\":\"WebPage\",\"@id\":\"https:\/\/radiolifefm.com.br\/noticias\/carro-capota-proximo-a-balanca-do-der-perto-de-dracena\/\",\"url\":\"https:\/\/radiolifefm.com.br\/noticias\/carro-capota-proximo-a-balanca-do-der-perto-de-dracena\/\",\"name\":\"Carro capota pr\u00f3ximo a balan\u00e7a do DER perto de Dracena - R\u00e1dio Life FM\",\"isPartOf\":{\"@id\":\"https:\/\/radiolifefm.com.br\/noticias\/#website\"},\"primaryImageOfPage\":{\"@id\":\"https:\/\/radiolifefm.com.br\/noticias\/carro-capota-proximo-a-balanca-do-der-perto-de-dracena\/#primaryimage\"},\"image\":{\"@id\":\"https:\/\/radiolifefm.com.br\/noticias\/carro-capota-proximo-a-balanca-do-der-perto-de-dracena\/#primaryimage\"},\"thumbnailUrl\":\"https:\/\/radiolifefm.com.br\/noticias\/wp-content\/uploads\/2019\/07\/Capotamento-balan\u00e7a.jpg\",\"datePublished\":\"2019-07-19T12:31:27+00:00\",\"dateModified\":\"2026-03-22T11:45:58+00:00\",\"breadcrumb\":{\"@id\":\"https:\/\/radiolifefm.com.br\/noticias\/carro-capota-proximo-a-balanca-do-der-perto-de-dracena\/#breadcrumb\"},\"inLanguage\":\"pt-BR\",\"potentialAction\":[{\"@type\":\"ReadAction\",\"target\":[\"https:\/\/radiolifefm.com.br\/noticias\/carro-capota-proximo-a-balanca-do-der-perto-de-dracena\/\"]}]},{\"@type\":\"ImageObject\",\"inLanguage\":\"pt-BR\",\"@id\":\"https:\/\/radiolifefm.com.br\/noticias\/carro-capota-proximo-a-balanca-do-der-perto-de-dracena\/#primaryimage\",\"url\":\"https:\/\/radiolifefm.com.br\/noticias\/wp-content\/uploads\/2019\/07\/Capotamento-balan\u00e7a.jpg\",\"contentUrl\":\"https:\/\/radiolifefm.com.br\/noticias\/wp-content\/uploads\/2019\/07\/Capotamento-balan\u00e7a.jpg\",\"width\":620,\"height\":367,\"caption\":\"Motorista perdeu controle da dire\u00e7\u00e3o e ve\u00edculo capotou\"},{\"@type\":\"BreadcrumbList\",\"@id\":\"https:\/\/radiolifefm.com.br\/noticias\/carro-capota-proximo-a-balanca-do-der-perto-de-dracena\/#breadcrumb\",\"itemListElement\":[{\"@type\":\"ListItem\",\"position\":1,\"name\":\"In\u00edcio\",\"item\":\"https:\/\/radiolifefm.com.br\/noticias\/\"},{\"@type\":\"ListItem\",\"position\":2,\"name\":\"Carro capota pr\u00f3ximo a balan\u00e7a do DER perto de Dracena\"}]},{\"@type\":\"WebSite\",\"@id\":\"https:\/\/radiolifefm.com.br\/noticias\/#website\",\"url\":\"https:\/\/radiolifefm.com.br\/noticias\/\",\"name\":\"R\u00e1dio Life FM\",\"description\":\"O Portal de Not\u00edcias de Adamantina\",\"publisher\":{\"@id\":\"https:\/\/radiolifefm.com.br\/noticias\/#organization\"},\"alternateName\":\"Life FM\",\"potentialAction\":[{\"@type\":\"SearchAction\",\"target\":{\"@type\":\"EntryPoint\",\"urlTemplate\":\"https:\/\/radiolifefm.com.br\/noticias\/?s={search_term_string}\"},\"query-input\":{\"@type\":\"PropertyValueSpecification\",\"valueRequired\":true,\"valueName\":\"search_term_string\"}}],\"inLanguage\":\"pt-BR\"},{\"@type\":\"Organization\",\"@id\":\"https:\/\/radiolifefm.com.br\/noticias\/#organization\",\"name\":\"R\u00e1dio Life FM\",\"alternateName\":\"Life FM\",\"url\":\"https:\/\/radiolifefm.com.br\/noticias\/\",\"logo\":{\"@type\":\"ImageObject\",\"inLanguage\":\"pt-BR\",\"@id\":\"https:\/\/radiolifefm.com.br\/noticias\/#\/schema\/logo\/image\/\",\"url\":\"https:\/\/static.radiolifefm.com.br\/noticias\/wp-content\/uploads\/2019\/10\/logo-lifefm.png\",\"contentUrl\":\"https:\/\/static.radiolifefm.com.br\/noticias\/wp-content\/uploads\/2019\/10\/logo-lifefm.png\",\"width\":196,\"height\":47,\"caption\":\"R\u00e1dio Life FM\"},\"image\":{\"@id\":\"https:\/\/radiolifefm.com.br\/noticias\/#\/schema\/logo\/image\/\"},\"sameAs\":[\"https:\/\/www.facebook.com\/radiolifefm\/\",\"https:\/\/www.instagram.com\/life1079fm\/\"]},{\"@type\":\"Person\",\"@id\":\"https:\/\/radiolifefm.com.br\/noticias\/#\/schema\/person\/1d4e4b1301322090c6221bf1c8420490\",\"name\":\"lifefm\",\"image\":{\"@type\":\"ImageObject\",\"inLanguage\":\"pt-BR\",\"@id\":\"https:\/\/secure.gravatar.com\/avatar\/eca268467d925ec97d20641bb054fd944c0abb2f92854171620706bbe6474e7c?s=96&d=mm&r=g\",\"url\":\"https:\/\/secure.gravatar.com\/avatar\/eca268467d925ec97d20641bb054fd944c0abb2f92854171620706bbe6474e7c?s=96&d=mm&r=g\",\"contentUrl\":\"https:\/\/secure.gravatar.com\/avatar\/eca268467d925ec97d20641bb054fd944c0abb2f92854171620706bbe6474e7c?s=96&d=mm&r=g\",\"caption\":\"lifefm\"}}]}<\/script>\n<!-- \/ Yoast SEO plugin. -->","yoast_head_json":{"title":"Carro capota pr\u00f3ximo a balan\u00e7a do DER perto de Dracena - R\u00e1dio Life FM","robots":{"index":"index","follow":"follow","max-snippet":"max-snippet:-1","max-image-preview":"max-image-preview:large","max-video-preview":"max-video-preview:-1"},"canonical":"https:\/\/radiolifefm.com.br\/noticias\/carro-capota-proximo-a-balanca-do-der-perto-de-dracena\/","og_locale":"pt_BR","og_type":"article","og_title":"Carro capota pr\u00f3ximo a balan\u00e7a do DER perto de Dracena - R\u00e1dio Life FM","og_description":"Ve\u00edculo transitava no sentido Junqueir\u00f3polis a Dracena Nesta quinta-feira (18), \u00e0s 14 horas, um Fiat Siena, com placas de Junqueir\u00f3polis, dirigido por uma jovem de 22 anos, capotou antes da balan\u00e7a do DER, na rodovia Comandante Jo\u00e3o Ribeiro de Barros (SP-294), perto de Dracena. Segundo informa\u00e7\u00f5es obtidas no local, o Siena transitava no sentido Junqueir\u00f3polis [&hellip;]","og_url":"https:\/\/radiolifefm.com.br\/noticias\/carro-capota-proximo-a-balanca-do-der-perto-de-dracena\/","og_site_name":"R\u00e1dio Life FM","article_publisher":"https:\/\/www.facebook.com\/radiolifefm\/","article_published_time":"2019-07-19T12:31:27+00:00","article_modified_time":"2026-03-22T11:45:58+00:00","og_image":[{"width":620,"height":367,"url":"https:\/\/radiolifefm.com.br\/noticias\/wp-content\/uploads\/2019\/07\/Capotamento-balan\u00e7a.jpg","type":"image\/jpeg"}],"author":"lifefm","twitter_card":"summary_large_image","twitter_misc":{"Escrito por":"lifefm","Est. tempo de leitura":"1 minuto"},"schema":{"@context":"https:\/\/schema.org","@graph":[{"@type":"Article","@id":"https:\/\/radiolifefm.com.br\/noticias\/carro-capota-proximo-a-balanca-do-der-perto-de-dracena\/#article","isPartOf":{"@id":"https:\/\/radiolifefm.com.br\/noticias\/carro-capota-proximo-a-balanca-do-der-perto-de-dracena\/"},"author":{"name":"lifefm","@id":"https:\/\/radiolifefm.com.br\/noticias\/#\/schema\/person\/1d4e4b1301322090c6221bf1c8420490"},"headline":"Carro capota pr\u00f3ximo a balan\u00e7a do DER perto de Dracena","datePublished":"2019-07-19T12:31:27+00:00","dateModified":"2026-03-22T11:45:58+00:00","mainEntityOfPage":{"@id":"https:\/\/radiolifefm.com.br\/noticias\/carro-capota-proximo-a-balanca-do-der-perto-de-dracena\/"},"wordCount":142,"publisher":{"@id":"https:\/\/radiolifefm.com.br\/noticias\/#organization"},"image":{"@id":"https:\/\/radiolifefm.com.br\/noticias\/carro-capota-proximo-a-balanca-do-der-perto-de-dracena\/#primaryimage"},"thumbnailUrl":"https:\/\/radiolifefm.com.br\/noticias\/wp-content\/uploads\/2019\/07\/Capotamento-balan\u00e7a.jpg","articleSection":["Regi\u00e3o"],"inLanguage":"pt-BR"},{"@type":"WebPage","@id":"https:\/\/radiolifefm.com.br\/noticias\/carro-capota-proximo-a-balanca-do-der-perto-de-dracena\/","url":"https:\/\/radiolifefm.com.br\/noticias\/carro-capota-proximo-a-balanca-do-der-perto-de-dracena\/","name":"Carro capota pr\u00f3ximo a balan\u00e7a do DER perto de Dracena - R\u00e1dio Life FM","isPartOf":{"@id":"https:\/\/radiolifefm.com.br\/noticias\/#website"},"primaryImageOfPage":{"@id":"https:\/\/radiolifefm.com.br\/noticias\/carro-capota-proximo-a-balanca-do-der-perto-de-dracena\/#primaryimage"},"image":{"@id":"https:\/\/radiolifefm.com.br\/noticias\/carro-capota-proximo-a-balanca-do-der-perto-de-dracena\/#primaryimage"},"thumbnailUrl":"https:\/\/radiolifefm.com.br\/noticias\/wp-content\/uploads\/2019\/07\/Capotamento-balan\u00e7a.jpg","datePublished":"2019-07-19T12:31:27+00:00","dateModified":"2026-03-22T11:45:58+00:00","breadcrumb":{"@id":"https:\/\/radiolifefm.com.br\/noticias\/carro-capota-proximo-a-balanca-do-der-perto-de-dracena\/#breadcrumb"},"inLanguage":"pt-BR","potentialAction":[{"@type":"ReadAction","target":["https:\/\/radiolifefm.com.br\/noticias\/carro-capota-proximo-a-balanca-do-der-perto-de-dracena\/"]}]},{"@type":"ImageObject","inLanguage":"pt-BR","@id":"https:\/\/radiolifefm.com.br\/noticias\/carro-capota-proximo-a-balanca-do-der-perto-de-dracena\/#primaryimage","url":"https:\/\/radiolifefm.com.br\/noticias\/wp-content\/uploads\/2019\/07\/Capotamento-balan\u00e7a.jpg","contentUrl":"https:\/\/radiolifefm.com.br\/noticias\/wp-content\/uploads\/2019\/07\/Capotamento-balan\u00e7a.jpg","width":620,"height":367,"caption":"Motorista perdeu controle da dire\u00e7\u00e3o e ve\u00edculo capotou"},{"@type":"BreadcrumbList","@id":"https:\/\/radiolifefm.com.br\/noticias\/carro-capota-proximo-a-balanca-do-der-perto-de-dracena\/#breadcrumb","itemListElement":[{"@type":"ListItem","position":1,"name":"In\u00edcio","item":"https:\/\/radiolifefm.com.br\/noticias\/"},{"@type":"ListItem","position":2,"name":"Carro capota pr\u00f3ximo a balan\u00e7a do DER perto de Dracena"}]},{"@type":"WebSite","@id":"https:\/\/radiolifefm.com.br\/noticias\/#website","url":"https:\/\/radiolifefm.com.br\/noticias\/","name":"R\u00e1dio Life FM","description":"O Portal de Not\u00edcias de Adamantina","publisher":{"@id":"https:\/\/radiolifefm.com.br\/noticias\/#organization"},"alternateName":"Life FM","potentialAction":[{"@type":"SearchAction","target":{"@type":"EntryPoint","urlTemplate":"https:\/\/radiolifefm.com.br\/noticias\/?s={search_term_string}"},"query-input":{"@type":"PropertyValueSpecification","valueRequired":true,"valueName":"search_term_string"}}],"inLanguage":"pt-BR"},{"@type":"Organization","@id":"https:\/\/radiolifefm.com.br\/noticias\/#organization","name":"R\u00e1dio Life FM","alternateName":"Life FM","url":"https:\/\/radiolifefm.com.br\/noticias\/","logo":{"@type":"ImageObject","inLanguage":"pt-BR","@id":"https:\/\/radiolifefm.com.br\/noticias\/#\/schema\/logo\/image\/","url":"https:\/\/static.radiolifefm.com.br\/noticias\/wp-content\/uploads\/2019\/10\/logo-lifefm.png","contentUrl":"https:\/\/static.radiolifefm.com.br\/noticias\/wp-content\/uploads\/2019\/10\/logo-lifefm.png","width":196,"height":47,"caption":"R\u00e1dio Life FM"},"image":{"@id":"https:\/\/radiolifefm.com.br\/noticias\/#\/schema\/logo\/image\/"},"sameAs":["https:\/\/www.facebook.com\/radiolifefm\/","https:\/\/www.instagram.com\/life1079fm\/"]},{"@type":"Person","@id":"https:\/\/radiolifefm.com.br\/noticias\/#\/schema\/person\/1d4e4b1301322090c6221bf1c8420490","name":"lifefm","image":{"@type":"ImageObject","inLanguage":"pt-BR","@id":"https:\/\/secure.gravatar.com\/avatar\/eca268467d925ec97d20641bb054fd944c0abb2f92854171620706bbe6474e7c?s=96&d=mm&r=g","url":"https:\/\/secure.gravatar.com\/avatar\/eca268467d925ec97d20641bb054fd944c0abb2f92854171620706bbe6474e7c?s=96&d=mm&r=g","contentUrl":"https:\/\/secure.gravatar.com\/avatar\/eca268467d925ec97d20641bb054fd944c0abb2f92854171620706bbe6474e7c?s=96&d=mm&r=g","caption":"lifefm"}}]}},"amp_enabled":true,"_links":{"self":[{"href":"https:\/\/radiolifefm.com.br\/noticias\/wp-json\/wp\/v2\/posts\/14791","targetHints":{"allow":["GET"]}}],"collection":[{"href":"https:\/\/radiolifefm.com.br\/noticias\/wp-json\/wp\/v2\/posts"}],"about":[{"href":"https:\/\/radiolifefm.com.br\/noticias\/wp-json\/wp\/v2\/types\/post"}],"author":[{"embeddable":true,"href":"https:\/\/radiolifefm.com.br\/noticias\/wp-json\/wp\/v2\/users\/3"}],"replies":[{"embeddable":true,"href":"https:\/\/radiolifefm.com.br\/noticias\/wp-json\/wp\/v2\/comments?post=14791"}],"version-history":[{"count":1,"href":"https:\/\/radiolifefm.com.br\/noticias\/wp-json\/wp\/v2\/posts\/14791\/revisions"}],"predecessor-version":[{"id":14793,"href":"https:\/\/radiolifefm.com.br\/noticias\/wp-json\/wp\/v2\/posts\/14791\/revisions\/14793"}],"wp:featuredmedia":[{"embeddable":true,"href":"https:\/\/radiolifefm.com.br\/noticias\/wp-json\/wp\/v2\/media\/14792"}],"wp:attachment":[{"href":"https:\/\/radiolifefm.com.br\/noticias\/wp-json\/wp\/v2\/media?parent=14791"}],"wp:term":[{"taxonomy":"category","embeddable":true,"href":"https:\/\/radiolifefm.com.br\/noticias\/wp-json\/wp\/v2\/categories?post=14791"},{"taxonomy":"post_tag","embeddable":true,"href":"https:\/\/radiolifefm.com.br\/noticias\/wp-json\/wp\/v2\/tags?post=14791"}],"curies":[{"name":"wp","href":"https:\/\/api.w.org\/{rel}","templated":true}]}}