{"id":14714,"date":"2019-07-16T09:12:11","date_gmt":"2019-07-16T12:12:11","guid":{"rendered":"https:\/\/radiolifefm.com.br\/noticias\/?p=14714"},"modified":"2026-04-19T10:21:23","modified_gmt":"2026-04-19T13:21:23","slug":"capacidade-de-presos-nas-penitenciarias-da-regiao-oeste-do-estado-continua-muito-acima-do-recomendado","status":"publish","type":"post","link":"https:\/\/radiolifefm.com.br\/noticias\/capacidade-de-presos-nas-penitenciarias-da-regiao-oeste-do-estado-continua-muito-acima-do-recomendado\/","title":{"rendered":"Capacidade de presos nas penitenci\u00e1rias da regi\u00e3o Oeste do Estado continua muito acima do recomendado"},"content":{"rendered":"<div id=\"fb-root\"><\/div>\n<p>A Penitenci\u00e1ria de Dracena \u00e9 considerada linha de tr\u00e2nsito regional de presos, com isso toda sexta recebe centenas de \u2018bondes\u2019<br \/>\nSemanalmente a Penitenci\u00e1ria de Dracena \u00e9 o local da linha de tr\u00e2nsito regional de presos que s\u00e3o remanejados de unidades prisionais da regi\u00e3o Oeste do Estado.<\/p>\n<p>Em uma semana sem ferido, o normal \u00e9 chegar at\u00e9 a unidade de Dracena para serem remanejados entre 500 a 800 presos. Eles chegam at\u00e9 na metade do dia nos carros de transportes de presos, conhecidos como \u2018bondes\u2019 e s\u00e3o distribu\u00eddos para as unidades prisionais designadas.<\/p>\n<p>No final da \u00faltima semana, mais de 420 presos chegaram por volta das 11 horas na Penitenci\u00e1ria de Dracena com a distribui\u00e7\u00e3o sendo conclu\u00edda antes das 14 horas. Os presos remanejados s\u00e3o das cidades como S\u00e3o Jos\u00e9 do Rio Preto, Mirand\u00f3polis, Lav\u00ednia, Pacaembu, Junqueir\u00f3polis, Presidente Bernardes, Valpara\u00edso, Osvaldo Cruz, Assis, Paragua\u00e7u Paulista, Martin\u00f3polis, entre outras cidades da regi\u00e3o Oeste.<\/p>\n<p>A escolta dos bondes desde a sa\u00edda das unidades prisionais at\u00e9 a penitenci\u00e1ria de destino \u00e9 feita pela Pol\u00edcia Militar.<\/p>\n<p>A dire\u00e7\u00e3o da Penitenci\u00e1ria de Dracena informou que o remanejamento de uma unidade para outra ocorre em sua maioria para apresenta\u00e7\u00e3o do preso em audi\u00eancia na Justi\u00e7a. Nesta sexta foi tudo dentro da normalidade.<\/p>\n<p>At\u00e9 a semana que passou em nove penitenci\u00e1rias e nos CDP I e II de Pacaembu havia 17.889 presos recolhidos, bem acima da capacidade que no total deveria ser de 9.951.<\/p>\n<p>Na sexta-feira, na Penitenci\u00e1ria de Dracena onde a capacidade \u00e9 de 844 presos estava com 1.786.<\/p>\n<p>Portal Regional<\/p>\n","protected":false},"excerpt":{"rendered":"<p>A Penitenci\u00e1ria de Dracena \u00e9 considerada linha de tr\u00e2nsito regional de presos, com isso toda sexta recebe centenas de \u2018bondes\u2019 Semanalmente a Penitenci\u00e1ria de Dracena \u00e9 o local da linha de tr\u00e2nsito regional de presos que s\u00e3o remanejados de unidades prisionais da regi\u00e3o Oeste do Estado. Em uma semana sem ferido, o normal \u00e9 chegar [&hellip;]<\/p>\n","protected":false},"author":3,"featured_media":14715,"comment_status":"closed","ping_status":"open","sticky":false,"template":"","format":"standard","meta":{"_acf_changed":false,"_exactmetrics_skip_tracking":false,"_exactmetrics_sitenote_active":false,"_exactmetrics_sitenote_note":"","_exactmetrics_sitenote_category":0,"footnotes":""},"categories":[24],"tags":[],"class_list":["post-14714","post","type-post","status-publish","format-standard","has-post-thumbnail","hentry","category-regiao"],"acf":[],"yoast_head":"<!-- This site is optimized with the Yoast SEO plugin v27.2 - https:\/\/yoast.com\/product\/yoast-seo-wordpress\/ -->\n<title>Capacidade de presos nas penitenci\u00e1rias da regi\u00e3o Oeste do Estado continua muito acima do recomendado - R\u00e1dio Life FM<\/title>\n<meta name=\"robots\" content=\"index, follow, max-snippet:-1, max-image-preview:large, max-video-preview:-1\" \/>\n<link rel=\"canonical\" href=\"https:\/\/radiolifefm.com.br\/noticias\/capacidade-de-presos-nas-penitenciarias-da-regiao-oeste-do-estado-continua-muito-acima-do-recomendado\/\" \/>\n<meta property=\"og:locale\" content=\"pt_BR\" \/>\n<meta property=\"og:type\" content=\"article\" \/>\n<meta property=\"og:title\" content=\"Capacidade de presos nas penitenci\u00e1rias da regi\u00e3o Oeste do Estado continua muito acima do recomendado - R\u00e1dio Life FM\" \/>\n<meta property=\"og:description\" content=\"A Penitenci\u00e1ria de Dracena \u00e9 considerada linha de tr\u00e2nsito regional de presos, com isso toda sexta recebe centenas de \u2018bondes\u2019 Semanalmente a Penitenci\u00e1ria de Dracena \u00e9 o local da linha de tr\u00e2nsito regional de presos que s\u00e3o remanejados de unidades prisionais da regi\u00e3o Oeste do Estado. Em uma semana sem ferido, o normal \u00e9 chegar [&hellip;]\" \/>\n<meta property=\"og:url\" content=\"https:\/\/radiolifefm.com.br\/noticias\/capacidade-de-presos-nas-penitenciarias-da-regiao-oeste-do-estado-continua-muito-acima-do-recomendado\/\" \/>\n<meta property=\"og:site_name\" content=\"R\u00e1dio Life FM\" \/>\n<meta property=\"article:publisher\" content=\"https:\/\/www.facebook.com\/radiolifefm\/\" \/>\n<meta property=\"article:published_time\" content=\"2019-07-16T12:12:11+00:00\" \/>\n<meta property=\"article:modified_time\" content=\"2026-04-19T13:21:23+00:00\" \/>\n<meta property=\"og:image\" content=\"https:\/\/radiolifefm.com.br\/noticias\/wp-content\/uploads\/2019\/07\/Penitenci\u00e1rias-regionais.jpg\" \/>\n\t<meta property=\"og:image:width\" content=\"1772\" \/>\n\t<meta property=\"og:image:height\" content=\"991\" \/>\n\t<meta property=\"og:image:type\" content=\"image\/jpeg\" \/>\n<meta name=\"author\" content=\"lifefm\" \/>\n<meta name=\"twitter:card\" content=\"summary_large_image\" \/>\n<meta name=\"twitter:label1\" content=\"Escrito por\" \/>\n\t<meta name=\"twitter:data1\" content=\"lifefm\" \/>\n\t<meta name=\"twitter:label2\" content=\"Est. tempo de leitura\" \/>\n\t<meta name=\"twitter:data2\" content=\"1 minuto\" \/>\n<script type=\"application\/ld+json\" class=\"yoast-schema-graph\">{\"@context\":\"https:\/\/schema.org\",\"@graph\":[{\"@type\":\"Article\",\"@id\":\"https:\/\/radiolifefm.com.br\/noticias\/capacidade-de-presos-nas-penitenciarias-da-regiao-oeste-do-estado-continua-muito-acima-do-recomendado\/#article\",\"isPartOf\":{\"@id\":\"https:\/\/radiolifefm.com.br\/noticias\/capacidade-de-presos-nas-penitenciarias-da-regiao-oeste-do-estado-continua-muito-acima-do-recomendado\/\"},\"author\":{\"name\":\"lifefm\",\"@id\":\"https:\/\/radiolifefm.com.br\/noticias\/#\/schema\/person\/1d4e4b1301322090c6221bf1c8420490\"},\"headline\":\"Capacidade de presos nas penitenci\u00e1rias da regi\u00e3o Oeste do Estado continua muito acima do recomendado\",\"datePublished\":\"2019-07-16T12:12:11+00:00\",\"dateModified\":\"2026-04-19T13:21:23+00:00\",\"mainEntityOfPage\":{\"@id\":\"https:\/\/radiolifefm.com.br\/noticias\/capacidade-de-presos-nas-penitenciarias-da-regiao-oeste-do-estado-continua-muito-acima-do-recomendado\/\"},\"wordCount\":287,\"publisher\":{\"@id\":\"https:\/\/radiolifefm.com.br\/noticias\/#organization\"},\"image\":{\"@id\":\"https:\/\/radiolifefm.com.br\/noticias\/capacidade-de-presos-nas-penitenciarias-da-regiao-oeste-do-estado-continua-muito-acima-do-recomendado\/#primaryimage\"},\"thumbnailUrl\":\"https:\/\/radiolifefm.com.br\/noticias\/wp-content\/uploads\/2019\/07\/Penitenci\u00e1rias-regionais.jpg\",\"articleSection\":[\"Regi\u00e3o\"],\"inLanguage\":\"pt-BR\"},{\"@type\":\"WebPage\",\"@id\":\"https:\/\/radiolifefm.com.br\/noticias\/capacidade-de-presos-nas-penitenciarias-da-regiao-oeste-do-estado-continua-muito-acima-do-recomendado\/\",\"url\":\"https:\/\/radiolifefm.com.br\/noticias\/capacidade-de-presos-nas-penitenciarias-da-regiao-oeste-do-estado-continua-muito-acima-do-recomendado\/\",\"name\":\"Capacidade de presos nas penitenci\u00e1rias da regi\u00e3o Oeste do Estado continua muito acima do recomendado - R\u00e1dio Life FM\",\"isPartOf\":{\"@id\":\"https:\/\/radiolifefm.com.br\/noticias\/#website\"},\"primaryImageOfPage\":{\"@id\":\"https:\/\/radiolifefm.com.br\/noticias\/capacidade-de-presos-nas-penitenciarias-da-regiao-oeste-do-estado-continua-muito-acima-do-recomendado\/#primaryimage\"},\"image\":{\"@id\":\"https:\/\/radiolifefm.com.br\/noticias\/capacidade-de-presos-nas-penitenciarias-da-regiao-oeste-do-estado-continua-muito-acima-do-recomendado\/#primaryimage\"},\"thumbnailUrl\":\"https:\/\/radiolifefm.com.br\/noticias\/wp-content\/uploads\/2019\/07\/Penitenci\u00e1rias-regionais.jpg\",\"datePublished\":\"2019-07-16T12:12:11+00:00\",\"dateModified\":\"2026-04-19T13:21:23+00:00\",\"breadcrumb\":{\"@id\":\"https:\/\/radiolifefm.com.br\/noticias\/capacidade-de-presos-nas-penitenciarias-da-regiao-oeste-do-estado-continua-muito-acima-do-recomendado\/#breadcrumb\"},\"inLanguage\":\"pt-BR\",\"potentialAction\":[{\"@type\":\"ReadAction\",\"target\":[\"https:\/\/radiolifefm.com.br\/noticias\/capacidade-de-presos-nas-penitenciarias-da-regiao-oeste-do-estado-continua-muito-acima-do-recomendado\/\"]}]},{\"@type\":\"ImageObject\",\"inLanguage\":\"pt-BR\",\"@id\":\"https:\/\/radiolifefm.com.br\/noticias\/capacidade-de-presos-nas-penitenciarias-da-regiao-oeste-do-estado-continua-muito-acima-do-recomendado\/#primaryimage\",\"url\":\"https:\/\/radiolifefm.com.br\/noticias\/wp-content\/uploads\/2019\/07\/Penitenci\u00e1rias-regionais.jpg\",\"contentUrl\":\"https:\/\/radiolifefm.com.br\/noticias\/wp-content\/uploads\/2019\/07\/Penitenci\u00e1rias-regionais.jpg\",\"width\":1772,\"height\":991,\"caption\":\"Unidades prisionais da regi\u00e3o est\u00e3o com superlota\u00e7\u00e3o\"},{\"@type\":\"BreadcrumbList\",\"@id\":\"https:\/\/radiolifefm.com.br\/noticias\/capacidade-de-presos-nas-penitenciarias-da-regiao-oeste-do-estado-continua-muito-acima-do-recomendado\/#breadcrumb\",\"itemListElement\":[{\"@type\":\"ListItem\",\"position\":1,\"name\":\"In\u00edcio\",\"item\":\"https:\/\/radiolifefm.com.br\/noticias\/\"},{\"@type\":\"ListItem\",\"position\":2,\"name\":\"Capacidade de presos nas penitenci\u00e1rias da regi\u00e3o Oeste do Estado continua muito acima do recomendado\"}]},{\"@type\":\"WebSite\",\"@id\":\"https:\/\/radiolifefm.com.br\/noticias\/#website\",\"url\":\"https:\/\/radiolifefm.com.br\/noticias\/\",\"name\":\"R\u00e1dio Life FM\",\"description\":\"O Portal de Not\u00edcias de Adamantina\",\"publisher\":{\"@id\":\"https:\/\/radiolifefm.com.br\/noticias\/#organization\"},\"alternateName\":\"Life FM\",\"potentialAction\":[{\"@type\":\"SearchAction\",\"target\":{\"@type\":\"EntryPoint\",\"urlTemplate\":\"https:\/\/radiolifefm.com.br\/noticias\/?s={search_term_string}\"},\"query-input\":{\"@type\":\"PropertyValueSpecification\",\"valueRequired\":true,\"valueName\":\"search_term_string\"}}],\"inLanguage\":\"pt-BR\"},{\"@type\":\"Organization\",\"@id\":\"https:\/\/radiolifefm.com.br\/noticias\/#organization\",\"name\":\"R\u00e1dio Life FM\",\"alternateName\":\"Life FM\",\"url\":\"https:\/\/radiolifefm.com.br\/noticias\/\",\"logo\":{\"@type\":\"ImageObject\",\"inLanguage\":\"pt-BR\",\"@id\":\"https:\/\/radiolifefm.com.br\/noticias\/#\/schema\/logo\/image\/\",\"url\":\"https:\/\/static.radiolifefm.com.br\/noticias\/wp-content\/uploads\/2019\/10\/logo-lifefm.png\",\"contentUrl\":\"https:\/\/static.radiolifefm.com.br\/noticias\/wp-content\/uploads\/2019\/10\/logo-lifefm.png\",\"width\":196,\"height\":47,\"caption\":\"R\u00e1dio Life FM\"},\"image\":{\"@id\":\"https:\/\/radiolifefm.com.br\/noticias\/#\/schema\/logo\/image\/\"},\"sameAs\":[\"https:\/\/www.facebook.com\/radiolifefm\/\",\"https:\/\/www.instagram.com\/life1079fm\/\"]},{\"@type\":\"Person\",\"@id\":\"https:\/\/radiolifefm.com.br\/noticias\/#\/schema\/person\/1d4e4b1301322090c6221bf1c8420490\",\"name\":\"lifefm\",\"image\":{\"@type\":\"ImageObject\",\"inLanguage\":\"pt-BR\",\"@id\":\"https:\/\/secure.gravatar.com\/avatar\/eca268467d925ec97d20641bb054fd944c0abb2f92854171620706bbe6474e7c?s=96&d=mm&r=g\",\"url\":\"https:\/\/secure.gravatar.com\/avatar\/eca268467d925ec97d20641bb054fd944c0abb2f92854171620706bbe6474e7c?s=96&d=mm&r=g\",\"contentUrl\":\"https:\/\/secure.gravatar.com\/avatar\/eca268467d925ec97d20641bb054fd944c0abb2f92854171620706bbe6474e7c?s=96&d=mm&r=g\",\"caption\":\"lifefm\"}}]}<\/script>\n<!-- \/ Yoast SEO plugin. -->","yoast_head_json":{"title":"Capacidade de presos nas penitenci\u00e1rias da regi\u00e3o Oeste do Estado continua muito acima do recomendado - R\u00e1dio Life FM","robots":{"index":"index","follow":"follow","max-snippet":"max-snippet:-1","max-image-preview":"max-image-preview:large","max-video-preview":"max-video-preview:-1"},"canonical":"https:\/\/radiolifefm.com.br\/noticias\/capacidade-de-presos-nas-penitenciarias-da-regiao-oeste-do-estado-continua-muito-acima-do-recomendado\/","og_locale":"pt_BR","og_type":"article","og_title":"Capacidade de presos nas penitenci\u00e1rias da regi\u00e3o Oeste do Estado continua muito acima do recomendado - R\u00e1dio Life FM","og_description":"A Penitenci\u00e1ria de Dracena \u00e9 considerada linha de tr\u00e2nsito regional de presos, com isso toda sexta recebe centenas de \u2018bondes\u2019 Semanalmente a Penitenci\u00e1ria de Dracena \u00e9 o local da linha de tr\u00e2nsito regional de presos que s\u00e3o remanejados de unidades prisionais da regi\u00e3o Oeste do Estado. Em uma semana sem ferido, o normal \u00e9 chegar [&hellip;]","og_url":"https:\/\/radiolifefm.com.br\/noticias\/capacidade-de-presos-nas-penitenciarias-da-regiao-oeste-do-estado-continua-muito-acima-do-recomendado\/","og_site_name":"R\u00e1dio Life FM","article_publisher":"https:\/\/www.facebook.com\/radiolifefm\/","article_published_time":"2019-07-16T12:12:11+00:00","article_modified_time":"2026-04-19T13:21:23+00:00","og_image":[{"width":1772,"height":991,"url":"https:\/\/radiolifefm.com.br\/noticias\/wp-content\/uploads\/2019\/07\/Penitenci\u00e1rias-regionais.jpg","type":"image\/jpeg"}],"author":"lifefm","twitter_card":"summary_large_image","twitter_misc":{"Escrito por":"lifefm","Est. tempo de leitura":"1 minuto"},"schema":{"@context":"https:\/\/schema.org","@graph":[{"@type":"Article","@id":"https:\/\/radiolifefm.com.br\/noticias\/capacidade-de-presos-nas-penitenciarias-da-regiao-oeste-do-estado-continua-muito-acima-do-recomendado\/#article","isPartOf":{"@id":"https:\/\/radiolifefm.com.br\/noticias\/capacidade-de-presos-nas-penitenciarias-da-regiao-oeste-do-estado-continua-muito-acima-do-recomendado\/"},"author":{"name":"lifefm","@id":"https:\/\/radiolifefm.com.br\/noticias\/#\/schema\/person\/1d4e4b1301322090c6221bf1c8420490"},"headline":"Capacidade de presos nas penitenci\u00e1rias da regi\u00e3o Oeste do Estado continua muito acima do recomendado","datePublished":"2019-07-16T12:12:11+00:00","dateModified":"2026-04-19T13:21:23+00:00","mainEntityOfPage":{"@id":"https:\/\/radiolifefm.com.br\/noticias\/capacidade-de-presos-nas-penitenciarias-da-regiao-oeste-do-estado-continua-muito-acima-do-recomendado\/"},"wordCount":287,"publisher":{"@id":"https:\/\/radiolifefm.com.br\/noticias\/#organization"},"image":{"@id":"https:\/\/radiolifefm.com.br\/noticias\/capacidade-de-presos-nas-penitenciarias-da-regiao-oeste-do-estado-continua-muito-acima-do-recomendado\/#primaryimage"},"thumbnailUrl":"https:\/\/radiolifefm.com.br\/noticias\/wp-content\/uploads\/2019\/07\/Penitenci\u00e1rias-regionais.jpg","articleSection":["Regi\u00e3o"],"inLanguage":"pt-BR"},{"@type":"WebPage","@id":"https:\/\/radiolifefm.com.br\/noticias\/capacidade-de-presos-nas-penitenciarias-da-regiao-oeste-do-estado-continua-muito-acima-do-recomendado\/","url":"https:\/\/radiolifefm.com.br\/noticias\/capacidade-de-presos-nas-penitenciarias-da-regiao-oeste-do-estado-continua-muito-acima-do-recomendado\/","name":"Capacidade de presos nas penitenci\u00e1rias da regi\u00e3o Oeste do Estado continua muito acima do recomendado - R\u00e1dio Life FM","isPartOf":{"@id":"https:\/\/radiolifefm.com.br\/noticias\/#website"},"primaryImageOfPage":{"@id":"https:\/\/radiolifefm.com.br\/noticias\/capacidade-de-presos-nas-penitenciarias-da-regiao-oeste-do-estado-continua-muito-acima-do-recomendado\/#primaryimage"},"image":{"@id":"https:\/\/radiolifefm.com.br\/noticias\/capacidade-de-presos-nas-penitenciarias-da-regiao-oeste-do-estado-continua-muito-acima-do-recomendado\/#primaryimage"},"thumbnailUrl":"https:\/\/radiolifefm.com.br\/noticias\/wp-content\/uploads\/2019\/07\/Penitenci\u00e1rias-regionais.jpg","datePublished":"2019-07-16T12:12:11+00:00","dateModified":"2026-04-19T13:21:23+00:00","breadcrumb":{"@id":"https:\/\/radiolifefm.com.br\/noticias\/capacidade-de-presos-nas-penitenciarias-da-regiao-oeste-do-estado-continua-muito-acima-do-recomendado\/#breadcrumb"},"inLanguage":"pt-BR","potentialAction":[{"@type":"ReadAction","target":["https:\/\/radiolifefm.com.br\/noticias\/capacidade-de-presos-nas-penitenciarias-da-regiao-oeste-do-estado-continua-muito-acima-do-recomendado\/"]}]},{"@type":"ImageObject","inLanguage":"pt-BR","@id":"https:\/\/radiolifefm.com.br\/noticias\/capacidade-de-presos-nas-penitenciarias-da-regiao-oeste-do-estado-continua-muito-acima-do-recomendado\/#primaryimage","url":"https:\/\/radiolifefm.com.br\/noticias\/wp-content\/uploads\/2019\/07\/Penitenci\u00e1rias-regionais.jpg","contentUrl":"https:\/\/radiolifefm.com.br\/noticias\/wp-content\/uploads\/2019\/07\/Penitenci\u00e1rias-regionais.jpg","width":1772,"height":991,"caption":"Unidades prisionais da regi\u00e3o est\u00e3o com superlota\u00e7\u00e3o"},{"@type":"BreadcrumbList","@id":"https:\/\/radiolifefm.com.br\/noticias\/capacidade-de-presos-nas-penitenciarias-da-regiao-oeste-do-estado-continua-muito-acima-do-recomendado\/#breadcrumb","itemListElement":[{"@type":"ListItem","position":1,"name":"In\u00edcio","item":"https:\/\/radiolifefm.com.br\/noticias\/"},{"@type":"ListItem","position":2,"name":"Capacidade de presos nas penitenci\u00e1rias da regi\u00e3o Oeste do Estado continua muito acima do recomendado"}]},{"@type":"WebSite","@id":"https:\/\/radiolifefm.com.br\/noticias\/#website","url":"https:\/\/radiolifefm.com.br\/noticias\/","name":"R\u00e1dio Life FM","description":"O Portal de Not\u00edcias de Adamantina","publisher":{"@id":"https:\/\/radiolifefm.com.br\/noticias\/#organization"},"alternateName":"Life FM","potentialAction":[{"@type":"SearchAction","target":{"@type":"EntryPoint","urlTemplate":"https:\/\/radiolifefm.com.br\/noticias\/?s={search_term_string}"},"query-input":{"@type":"PropertyValueSpecification","valueRequired":true,"valueName":"search_term_string"}}],"inLanguage":"pt-BR"},{"@type":"Organization","@id":"https:\/\/radiolifefm.com.br\/noticias\/#organization","name":"R\u00e1dio Life FM","alternateName":"Life FM","url":"https:\/\/radiolifefm.com.br\/noticias\/","logo":{"@type":"ImageObject","inLanguage":"pt-BR","@id":"https:\/\/radiolifefm.com.br\/noticias\/#\/schema\/logo\/image\/","url":"https:\/\/static.radiolifefm.com.br\/noticias\/wp-content\/uploads\/2019\/10\/logo-lifefm.png","contentUrl":"https:\/\/static.radiolifefm.com.br\/noticias\/wp-content\/uploads\/2019\/10\/logo-lifefm.png","width":196,"height":47,"caption":"R\u00e1dio Life FM"},"image":{"@id":"https:\/\/radiolifefm.com.br\/noticias\/#\/schema\/logo\/image\/"},"sameAs":["https:\/\/www.facebook.com\/radiolifefm\/","https:\/\/www.instagram.com\/life1079fm\/"]},{"@type":"Person","@id":"https:\/\/radiolifefm.com.br\/noticias\/#\/schema\/person\/1d4e4b1301322090c6221bf1c8420490","name":"lifefm","image":{"@type":"ImageObject","inLanguage":"pt-BR","@id":"https:\/\/secure.gravatar.com\/avatar\/eca268467d925ec97d20641bb054fd944c0abb2f92854171620706bbe6474e7c?s=96&d=mm&r=g","url":"https:\/\/secure.gravatar.com\/avatar\/eca268467d925ec97d20641bb054fd944c0abb2f92854171620706bbe6474e7c?s=96&d=mm&r=g","contentUrl":"https:\/\/secure.gravatar.com\/avatar\/eca268467d925ec97d20641bb054fd944c0abb2f92854171620706bbe6474e7c?s=96&d=mm&r=g","caption":"lifefm"}}]}},"amp_enabled":true,"_links":{"self":[{"href":"https:\/\/radiolifefm.com.br\/noticias\/wp-json\/wp\/v2\/posts\/14714","targetHints":{"allow":["GET"]}}],"collection":[{"href":"https:\/\/radiolifefm.com.br\/noticias\/wp-json\/wp\/v2\/posts"}],"about":[{"href":"https:\/\/radiolifefm.com.br\/noticias\/wp-json\/wp\/v2\/types\/post"}],"author":[{"embeddable":true,"href":"https:\/\/radiolifefm.com.br\/noticias\/wp-json\/wp\/v2\/users\/3"}],"replies":[{"embeddable":true,"href":"https:\/\/radiolifefm.com.br\/noticias\/wp-json\/wp\/v2\/comments?post=14714"}],"version-history":[{"count":1,"href":"https:\/\/radiolifefm.com.br\/noticias\/wp-json\/wp\/v2\/posts\/14714\/revisions"}],"predecessor-version":[{"id":14716,"href":"https:\/\/radiolifefm.com.br\/noticias\/wp-json\/wp\/v2\/posts\/14714\/revisions\/14716"}],"wp:featuredmedia":[{"embeddable":true,"href":"https:\/\/radiolifefm.com.br\/noticias\/wp-json\/wp\/v2\/media\/14715"}],"wp:attachment":[{"href":"https:\/\/radiolifefm.com.br\/noticias\/wp-json\/wp\/v2\/media?parent=14714"}],"wp:term":[{"taxonomy":"category","embeddable":true,"href":"https:\/\/radiolifefm.com.br\/noticias\/wp-json\/wp\/v2\/categories?post=14714"},{"taxonomy":"post_tag","embeddable":true,"href":"https:\/\/radiolifefm.com.br\/noticias\/wp-json\/wp\/v2\/tags?post=14714"}],"curies":[{"name":"wp","href":"https:\/\/api.w.org\/{rel}","templated":true}]}}