{"id":14672,"date":"2019-07-14T16:47:14","date_gmt":"2019-07-14T19:47:14","guid":{"rendered":"https:\/\/radiolifefm.com.br\/noticias\/?p=14672"},"modified":"2026-05-01T18:20:45","modified_gmt":"2026-05-01T21:20:45","slug":"acidente-na-sp-294-em-santa-mercedes-envolve-dois-carros-e-deixa-mulher-ferida","status":"publish","type":"post","link":"https:\/\/radiolifefm.com.br\/noticias\/acidente-na-sp-294-em-santa-mercedes-envolve-dois-carros-e-deixa-mulher-ferida\/","title":{"rendered":"Acidente na SP 294 em Santa Mercedes envolve dois carros e deixa mulher ferida"},"content":{"rendered":"<div id=\"fb-root\"><\/div>\n<p>No final da tarde de s\u00e1bado, 13, a PM Rodovi\u00e1ria, base operacional de Adamantina, atendeu um acidente entre dois ve\u00edculos na SP 294, Comandante Jo\u00e3o Ribeiro de Barros, ap\u00f3s um restaurante na rodovia, j\u00e1 no munic\u00edpio de Santa Mercedes, sentido Panorama.<\/p>\n<p>O acidente envolveu um Fusca, com placas de Dracena e um Kadett, de Santa Mercedes. A informa\u00e7\u00e3o obtida no local \u00e9 de que o Kadett cruzou a pista na rotat\u00f3ria, resultando na colis\u00e3o transversal.<\/p>\n<p>O condutor do Kadett informou \u00e0 Pol\u00edcia que \u00e9 tratorista, morador de Santa Mercedes, ele n\u00e3o se feriu.<\/p>\n<p>A mulher que conduzia o Fusca foi levada para a Santa Casa de Tupi Paulista.<\/p>\n<p>Por Portal Regional<\/p>\n","protected":false},"excerpt":{"rendered":"<p>No final da tarde de s\u00e1bado, 13, a PM Rodovi\u00e1ria, base operacional de Adamantina, atendeu um acidente entre dois ve\u00edculos na SP 294, Comandante Jo\u00e3o Ribeiro de Barros, ap\u00f3s um restaurante na rodovia, j\u00e1 no munic\u00edpio de Santa Mercedes, sentido Panorama. O acidente envolveu um Fusca, com placas de Dracena e um Kadett, de Santa [&hellip;]<\/p>\n","protected":false},"author":3,"featured_media":14673,"comment_status":"closed","ping_status":"open","sticky":false,"template":"","format":"standard","meta":{"_acf_changed":false,"_exactmetrics_skip_tracking":false,"_exactmetrics_sitenote_active":false,"_exactmetrics_sitenote_note":"","_exactmetrics_sitenote_category":0,"footnotes":""},"categories":[24],"tags":[],"class_list":["post-14672","post","type-post","status-publish","format-standard","has-post-thumbnail","hentry","category-regiao"],"acf":[],"yoast_head":"<!-- This site is optimized with the Yoast SEO plugin v27.2 - https:\/\/yoast.com\/product\/yoast-seo-wordpress\/ -->\n<title>Acidente na SP 294 em Santa Mercedes envolve dois carros e deixa mulher ferida - R\u00e1dio Life FM<\/title>\n<meta name=\"robots\" content=\"index, follow, max-snippet:-1, max-image-preview:large, max-video-preview:-1\" \/>\n<link rel=\"canonical\" href=\"https:\/\/radiolifefm.com.br\/noticias\/acidente-na-sp-294-em-santa-mercedes-envolve-dois-carros-e-deixa-mulher-ferida\/\" \/>\n<meta property=\"og:locale\" content=\"pt_BR\" \/>\n<meta property=\"og:type\" content=\"article\" \/>\n<meta property=\"og:title\" content=\"Acidente na SP 294 em Santa Mercedes envolve dois carros e deixa mulher ferida - R\u00e1dio Life FM\" \/>\n<meta property=\"og:description\" content=\"No final da tarde de s\u00e1bado, 13, a PM Rodovi\u00e1ria, base operacional de Adamantina, atendeu um acidente entre dois ve\u00edculos na SP 294, Comandante Jo\u00e3o Ribeiro de Barros, ap\u00f3s um restaurante na rodovia, j\u00e1 no munic\u00edpio de Santa Mercedes, sentido Panorama. O acidente envolveu um Fusca, com placas de Dracena e um Kadett, de Santa [&hellip;]\" \/>\n<meta property=\"og:url\" content=\"https:\/\/radiolifefm.com.br\/noticias\/acidente-na-sp-294-em-santa-mercedes-envolve-dois-carros-e-deixa-mulher-ferida\/\" \/>\n<meta property=\"og:site_name\" content=\"R\u00e1dio Life FM\" \/>\n<meta property=\"article:publisher\" content=\"https:\/\/www.facebook.com\/radiolifefm\/\" \/>\n<meta property=\"article:published_time\" content=\"2019-07-14T19:47:14+00:00\" \/>\n<meta property=\"article:modified_time\" content=\"2026-05-01T21:20:45+00:00\" \/>\n<meta property=\"og:image\" content=\"https:\/\/radiolifefm.com.br\/noticias\/wp-content\/uploads\/2019\/07\/Acidente-Santa-Marcedes.jpg\" \/>\n\t<meta property=\"og:image:width\" content=\"1040\" \/>\n\t<meta property=\"og:image:height\" content=\"780\" \/>\n\t<meta property=\"og:image:type\" content=\"image\/jpeg\" \/>\n<meta name=\"author\" content=\"lifefm\" \/>\n<meta name=\"twitter:card\" content=\"summary_large_image\" \/>\n<meta name=\"twitter:label1\" content=\"Escrito por\" \/>\n\t<meta name=\"twitter:data1\" content=\"lifefm\" \/>\n\t<meta name=\"twitter:label2\" content=\"Est. tempo de leitura\" \/>\n\t<meta name=\"twitter:data2\" content=\"1 minuto\" \/>\n<script type=\"application\/ld+json\" class=\"yoast-schema-graph\">{\"@context\":\"https:\/\/schema.org\",\"@graph\":[{\"@type\":\"Article\",\"@id\":\"https:\/\/radiolifefm.com.br\/noticias\/acidente-na-sp-294-em-santa-mercedes-envolve-dois-carros-e-deixa-mulher-ferida\/#article\",\"isPartOf\":{\"@id\":\"https:\/\/radiolifefm.com.br\/noticias\/acidente-na-sp-294-em-santa-mercedes-envolve-dois-carros-e-deixa-mulher-ferida\/\"},\"author\":{\"name\":\"lifefm\",\"@id\":\"https:\/\/radiolifefm.com.br\/noticias\/#\/schema\/person\/1d4e4b1301322090c6221bf1c8420490\"},\"headline\":\"Acidente na SP 294 em Santa Mercedes envolve dois carros e deixa mulher ferida\",\"datePublished\":\"2019-07-14T19:47:14+00:00\",\"dateModified\":\"2026-05-01T21:20:45+00:00\",\"mainEntityOfPage\":{\"@id\":\"https:\/\/radiolifefm.com.br\/noticias\/acidente-na-sp-294-em-santa-mercedes-envolve-dois-carros-e-deixa-mulher-ferida\/\"},\"wordCount\":130,\"publisher\":{\"@id\":\"https:\/\/radiolifefm.com.br\/noticias\/#organization\"},\"image\":{\"@id\":\"https:\/\/radiolifefm.com.br\/noticias\/acidente-na-sp-294-em-santa-mercedes-envolve-dois-carros-e-deixa-mulher-ferida\/#primaryimage\"},\"thumbnailUrl\":\"https:\/\/radiolifefm.com.br\/noticias\/wp-content\/uploads\/2019\/07\/Acidente-Santa-Marcedes.jpg\",\"articleSection\":[\"Regi\u00e3o\"],\"inLanguage\":\"pt-BR\"},{\"@type\":\"WebPage\",\"@id\":\"https:\/\/radiolifefm.com.br\/noticias\/acidente-na-sp-294-em-santa-mercedes-envolve-dois-carros-e-deixa-mulher-ferida\/\",\"url\":\"https:\/\/radiolifefm.com.br\/noticias\/acidente-na-sp-294-em-santa-mercedes-envolve-dois-carros-e-deixa-mulher-ferida\/\",\"name\":\"Acidente na SP 294 em Santa Mercedes envolve dois carros e deixa mulher ferida - R\u00e1dio Life FM\",\"isPartOf\":{\"@id\":\"https:\/\/radiolifefm.com.br\/noticias\/#website\"},\"primaryImageOfPage\":{\"@id\":\"https:\/\/radiolifefm.com.br\/noticias\/acidente-na-sp-294-em-santa-mercedes-envolve-dois-carros-e-deixa-mulher-ferida\/#primaryimage\"},\"image\":{\"@id\":\"https:\/\/radiolifefm.com.br\/noticias\/acidente-na-sp-294-em-santa-mercedes-envolve-dois-carros-e-deixa-mulher-ferida\/#primaryimage\"},\"thumbnailUrl\":\"https:\/\/radiolifefm.com.br\/noticias\/wp-content\/uploads\/2019\/07\/Acidente-Santa-Marcedes.jpg\",\"datePublished\":\"2019-07-14T19:47:14+00:00\",\"dateModified\":\"2026-05-01T21:20:45+00:00\",\"breadcrumb\":{\"@id\":\"https:\/\/radiolifefm.com.br\/noticias\/acidente-na-sp-294-em-santa-mercedes-envolve-dois-carros-e-deixa-mulher-ferida\/#breadcrumb\"},\"inLanguage\":\"pt-BR\",\"potentialAction\":[{\"@type\":\"ReadAction\",\"target\":[\"https:\/\/radiolifefm.com.br\/noticias\/acidente-na-sp-294-em-santa-mercedes-envolve-dois-carros-e-deixa-mulher-ferida\/\"]}]},{\"@type\":\"ImageObject\",\"inLanguage\":\"pt-BR\",\"@id\":\"https:\/\/radiolifefm.com.br\/noticias\/acidente-na-sp-294-em-santa-mercedes-envolve-dois-carros-e-deixa-mulher-ferida\/#primaryimage\",\"url\":\"https:\/\/radiolifefm.com.br\/noticias\/wp-content\/uploads\/2019\/07\/Acidente-Santa-Marcedes.jpg\",\"contentUrl\":\"https:\/\/radiolifefm.com.br\/noticias\/wp-content\/uploads\/2019\/07\/Acidente-Santa-Marcedes.jpg\",\"width\":1040,\"height\":780},{\"@type\":\"BreadcrumbList\",\"@id\":\"https:\/\/radiolifefm.com.br\/noticias\/acidente-na-sp-294-em-santa-mercedes-envolve-dois-carros-e-deixa-mulher-ferida\/#breadcrumb\",\"itemListElement\":[{\"@type\":\"ListItem\",\"position\":1,\"name\":\"In\u00edcio\",\"item\":\"https:\/\/radiolifefm.com.br\/noticias\/\"},{\"@type\":\"ListItem\",\"position\":2,\"name\":\"Acidente na SP 294 em Santa Mercedes envolve dois carros e deixa mulher ferida\"}]},{\"@type\":\"WebSite\",\"@id\":\"https:\/\/radiolifefm.com.br\/noticias\/#website\",\"url\":\"https:\/\/radiolifefm.com.br\/noticias\/\",\"name\":\"R\u00e1dio Life FM\",\"description\":\"O Portal de Not\u00edcias de Adamantina\",\"publisher\":{\"@id\":\"https:\/\/radiolifefm.com.br\/noticias\/#organization\"},\"alternateName\":\"Life FM\",\"potentialAction\":[{\"@type\":\"SearchAction\",\"target\":{\"@type\":\"EntryPoint\",\"urlTemplate\":\"https:\/\/radiolifefm.com.br\/noticias\/?s={search_term_string}\"},\"query-input\":{\"@type\":\"PropertyValueSpecification\",\"valueRequired\":true,\"valueName\":\"search_term_string\"}}],\"inLanguage\":\"pt-BR\"},{\"@type\":\"Organization\",\"@id\":\"https:\/\/radiolifefm.com.br\/noticias\/#organization\",\"name\":\"R\u00e1dio Life FM\",\"alternateName\":\"Life FM\",\"url\":\"https:\/\/radiolifefm.com.br\/noticias\/\",\"logo\":{\"@type\":\"ImageObject\",\"inLanguage\":\"pt-BR\",\"@id\":\"https:\/\/radiolifefm.com.br\/noticias\/#\/schema\/logo\/image\/\",\"url\":\"https:\/\/static.radiolifefm.com.br\/noticias\/wp-content\/uploads\/2019\/10\/logo-lifefm.png\",\"contentUrl\":\"https:\/\/static.radiolifefm.com.br\/noticias\/wp-content\/uploads\/2019\/10\/logo-lifefm.png\",\"width\":196,\"height\":47,\"caption\":\"R\u00e1dio Life FM\"},\"image\":{\"@id\":\"https:\/\/radiolifefm.com.br\/noticias\/#\/schema\/logo\/image\/\"},\"sameAs\":[\"https:\/\/www.facebook.com\/radiolifefm\/\",\"https:\/\/www.instagram.com\/life1079fm\/\"]},{\"@type\":\"Person\",\"@id\":\"https:\/\/radiolifefm.com.br\/noticias\/#\/schema\/person\/1d4e4b1301322090c6221bf1c8420490\",\"name\":\"lifefm\",\"image\":{\"@type\":\"ImageObject\",\"inLanguage\":\"pt-BR\",\"@id\":\"https:\/\/secure.gravatar.com\/avatar\/eca268467d925ec97d20641bb054fd944c0abb2f92854171620706bbe6474e7c?s=96&d=mm&r=g\",\"url\":\"https:\/\/secure.gravatar.com\/avatar\/eca268467d925ec97d20641bb054fd944c0abb2f92854171620706bbe6474e7c?s=96&d=mm&r=g\",\"contentUrl\":\"https:\/\/secure.gravatar.com\/avatar\/eca268467d925ec97d20641bb054fd944c0abb2f92854171620706bbe6474e7c?s=96&d=mm&r=g\",\"caption\":\"lifefm\"}}]}<\/script>\n<!-- \/ Yoast SEO plugin. -->","yoast_head_json":{"title":"Acidente na SP 294 em Santa Mercedes envolve dois carros e deixa mulher ferida - R\u00e1dio Life FM","robots":{"index":"index","follow":"follow","max-snippet":"max-snippet:-1","max-image-preview":"max-image-preview:large","max-video-preview":"max-video-preview:-1"},"canonical":"https:\/\/radiolifefm.com.br\/noticias\/acidente-na-sp-294-em-santa-mercedes-envolve-dois-carros-e-deixa-mulher-ferida\/","og_locale":"pt_BR","og_type":"article","og_title":"Acidente na SP 294 em Santa Mercedes envolve dois carros e deixa mulher ferida - R\u00e1dio Life FM","og_description":"No final da tarde de s\u00e1bado, 13, a PM Rodovi\u00e1ria, base operacional de Adamantina, atendeu um acidente entre dois ve\u00edculos na SP 294, Comandante Jo\u00e3o Ribeiro de Barros, ap\u00f3s um restaurante na rodovia, j\u00e1 no munic\u00edpio de Santa Mercedes, sentido Panorama. O acidente envolveu um Fusca, com placas de Dracena e um Kadett, de Santa [&hellip;]","og_url":"https:\/\/radiolifefm.com.br\/noticias\/acidente-na-sp-294-em-santa-mercedes-envolve-dois-carros-e-deixa-mulher-ferida\/","og_site_name":"R\u00e1dio Life FM","article_publisher":"https:\/\/www.facebook.com\/radiolifefm\/","article_published_time":"2019-07-14T19:47:14+00:00","article_modified_time":"2026-05-01T21:20:45+00:00","og_image":[{"width":1040,"height":780,"url":"https:\/\/radiolifefm.com.br\/noticias\/wp-content\/uploads\/2019\/07\/Acidente-Santa-Marcedes.jpg","type":"image\/jpeg"}],"author":"lifefm","twitter_card":"summary_large_image","twitter_misc":{"Escrito por":"lifefm","Est. tempo de leitura":"1 minuto"},"schema":{"@context":"https:\/\/schema.org","@graph":[{"@type":"Article","@id":"https:\/\/radiolifefm.com.br\/noticias\/acidente-na-sp-294-em-santa-mercedes-envolve-dois-carros-e-deixa-mulher-ferida\/#article","isPartOf":{"@id":"https:\/\/radiolifefm.com.br\/noticias\/acidente-na-sp-294-em-santa-mercedes-envolve-dois-carros-e-deixa-mulher-ferida\/"},"author":{"name":"lifefm","@id":"https:\/\/radiolifefm.com.br\/noticias\/#\/schema\/person\/1d4e4b1301322090c6221bf1c8420490"},"headline":"Acidente na SP 294 em Santa Mercedes envolve dois carros e deixa mulher ferida","datePublished":"2019-07-14T19:47:14+00:00","dateModified":"2026-05-01T21:20:45+00:00","mainEntityOfPage":{"@id":"https:\/\/radiolifefm.com.br\/noticias\/acidente-na-sp-294-em-santa-mercedes-envolve-dois-carros-e-deixa-mulher-ferida\/"},"wordCount":130,"publisher":{"@id":"https:\/\/radiolifefm.com.br\/noticias\/#organization"},"image":{"@id":"https:\/\/radiolifefm.com.br\/noticias\/acidente-na-sp-294-em-santa-mercedes-envolve-dois-carros-e-deixa-mulher-ferida\/#primaryimage"},"thumbnailUrl":"https:\/\/radiolifefm.com.br\/noticias\/wp-content\/uploads\/2019\/07\/Acidente-Santa-Marcedes.jpg","articleSection":["Regi\u00e3o"],"inLanguage":"pt-BR"},{"@type":"WebPage","@id":"https:\/\/radiolifefm.com.br\/noticias\/acidente-na-sp-294-em-santa-mercedes-envolve-dois-carros-e-deixa-mulher-ferida\/","url":"https:\/\/radiolifefm.com.br\/noticias\/acidente-na-sp-294-em-santa-mercedes-envolve-dois-carros-e-deixa-mulher-ferida\/","name":"Acidente na SP 294 em Santa Mercedes envolve dois carros e deixa mulher ferida - R\u00e1dio Life FM","isPartOf":{"@id":"https:\/\/radiolifefm.com.br\/noticias\/#website"},"primaryImageOfPage":{"@id":"https:\/\/radiolifefm.com.br\/noticias\/acidente-na-sp-294-em-santa-mercedes-envolve-dois-carros-e-deixa-mulher-ferida\/#primaryimage"},"image":{"@id":"https:\/\/radiolifefm.com.br\/noticias\/acidente-na-sp-294-em-santa-mercedes-envolve-dois-carros-e-deixa-mulher-ferida\/#primaryimage"},"thumbnailUrl":"https:\/\/radiolifefm.com.br\/noticias\/wp-content\/uploads\/2019\/07\/Acidente-Santa-Marcedes.jpg","datePublished":"2019-07-14T19:47:14+00:00","dateModified":"2026-05-01T21:20:45+00:00","breadcrumb":{"@id":"https:\/\/radiolifefm.com.br\/noticias\/acidente-na-sp-294-em-santa-mercedes-envolve-dois-carros-e-deixa-mulher-ferida\/#breadcrumb"},"inLanguage":"pt-BR","potentialAction":[{"@type":"ReadAction","target":["https:\/\/radiolifefm.com.br\/noticias\/acidente-na-sp-294-em-santa-mercedes-envolve-dois-carros-e-deixa-mulher-ferida\/"]}]},{"@type":"ImageObject","inLanguage":"pt-BR","@id":"https:\/\/radiolifefm.com.br\/noticias\/acidente-na-sp-294-em-santa-mercedes-envolve-dois-carros-e-deixa-mulher-ferida\/#primaryimage","url":"https:\/\/radiolifefm.com.br\/noticias\/wp-content\/uploads\/2019\/07\/Acidente-Santa-Marcedes.jpg","contentUrl":"https:\/\/radiolifefm.com.br\/noticias\/wp-content\/uploads\/2019\/07\/Acidente-Santa-Marcedes.jpg","width":1040,"height":780},{"@type":"BreadcrumbList","@id":"https:\/\/radiolifefm.com.br\/noticias\/acidente-na-sp-294-em-santa-mercedes-envolve-dois-carros-e-deixa-mulher-ferida\/#breadcrumb","itemListElement":[{"@type":"ListItem","position":1,"name":"In\u00edcio","item":"https:\/\/radiolifefm.com.br\/noticias\/"},{"@type":"ListItem","position":2,"name":"Acidente na SP 294 em Santa Mercedes envolve dois carros e deixa mulher ferida"}]},{"@type":"WebSite","@id":"https:\/\/radiolifefm.com.br\/noticias\/#website","url":"https:\/\/radiolifefm.com.br\/noticias\/","name":"R\u00e1dio Life FM","description":"O Portal de Not\u00edcias de Adamantina","publisher":{"@id":"https:\/\/radiolifefm.com.br\/noticias\/#organization"},"alternateName":"Life FM","potentialAction":[{"@type":"SearchAction","target":{"@type":"EntryPoint","urlTemplate":"https:\/\/radiolifefm.com.br\/noticias\/?s={search_term_string}"},"query-input":{"@type":"PropertyValueSpecification","valueRequired":true,"valueName":"search_term_string"}}],"inLanguage":"pt-BR"},{"@type":"Organization","@id":"https:\/\/radiolifefm.com.br\/noticias\/#organization","name":"R\u00e1dio Life FM","alternateName":"Life FM","url":"https:\/\/radiolifefm.com.br\/noticias\/","logo":{"@type":"ImageObject","inLanguage":"pt-BR","@id":"https:\/\/radiolifefm.com.br\/noticias\/#\/schema\/logo\/image\/","url":"https:\/\/static.radiolifefm.com.br\/noticias\/wp-content\/uploads\/2019\/10\/logo-lifefm.png","contentUrl":"https:\/\/static.radiolifefm.com.br\/noticias\/wp-content\/uploads\/2019\/10\/logo-lifefm.png","width":196,"height":47,"caption":"R\u00e1dio Life FM"},"image":{"@id":"https:\/\/radiolifefm.com.br\/noticias\/#\/schema\/logo\/image\/"},"sameAs":["https:\/\/www.facebook.com\/radiolifefm\/","https:\/\/www.instagram.com\/life1079fm\/"]},{"@type":"Person","@id":"https:\/\/radiolifefm.com.br\/noticias\/#\/schema\/person\/1d4e4b1301322090c6221bf1c8420490","name":"lifefm","image":{"@type":"ImageObject","inLanguage":"pt-BR","@id":"https:\/\/secure.gravatar.com\/avatar\/eca268467d925ec97d20641bb054fd944c0abb2f92854171620706bbe6474e7c?s=96&d=mm&r=g","url":"https:\/\/secure.gravatar.com\/avatar\/eca268467d925ec97d20641bb054fd944c0abb2f92854171620706bbe6474e7c?s=96&d=mm&r=g","contentUrl":"https:\/\/secure.gravatar.com\/avatar\/eca268467d925ec97d20641bb054fd944c0abb2f92854171620706bbe6474e7c?s=96&d=mm&r=g","caption":"lifefm"}}]}},"amp_enabled":true,"_links":{"self":[{"href":"https:\/\/radiolifefm.com.br\/noticias\/wp-json\/wp\/v2\/posts\/14672","targetHints":{"allow":["GET"]}}],"collection":[{"href":"https:\/\/radiolifefm.com.br\/noticias\/wp-json\/wp\/v2\/posts"}],"about":[{"href":"https:\/\/radiolifefm.com.br\/noticias\/wp-json\/wp\/v2\/types\/post"}],"author":[{"embeddable":true,"href":"https:\/\/radiolifefm.com.br\/noticias\/wp-json\/wp\/v2\/users\/3"}],"replies":[{"embeddable":true,"href":"https:\/\/radiolifefm.com.br\/noticias\/wp-json\/wp\/v2\/comments?post=14672"}],"version-history":[{"count":2,"href":"https:\/\/radiolifefm.com.br\/noticias\/wp-json\/wp\/v2\/posts\/14672\/revisions"}],"predecessor-version":[{"id":14675,"href":"https:\/\/radiolifefm.com.br\/noticias\/wp-json\/wp\/v2\/posts\/14672\/revisions\/14675"}],"wp:featuredmedia":[{"embeddable":true,"href":"https:\/\/radiolifefm.com.br\/noticias\/wp-json\/wp\/v2\/media\/14673"}],"wp:attachment":[{"href":"https:\/\/radiolifefm.com.br\/noticias\/wp-json\/wp\/v2\/media?parent=14672"}],"wp:term":[{"taxonomy":"category","embeddable":true,"href":"https:\/\/radiolifefm.com.br\/noticias\/wp-json\/wp\/v2\/categories?post=14672"},{"taxonomy":"post_tag","embeddable":true,"href":"https:\/\/radiolifefm.com.br\/noticias\/wp-json\/wp\/v2\/tags?post=14672"}],"curies":[{"name":"wp","href":"https:\/\/api.w.org\/{rel}","templated":true}]}}