{"id":14552,"date":"2019-07-06T21:06:28","date_gmt":"2019-07-07T00:06:28","guid":{"rendered":"https:\/\/radiolifefm.com.br\/noticias\/?p=14552"},"modified":"2026-04-22T14:02:07","modified_gmt":"2026-04-22T17:02:07","slug":"operacao-nove-de-julho-intensifica-fiscalizacao-nas-rodovias","status":"publish","type":"post","link":"https:\/\/radiolifefm.com.br\/noticias\/operacao-nove-de-julho-intensifica-fiscalizacao-nas-rodovias\/","title":{"rendered":"Opera\u00e7\u00e3o Nove de Julho intensifica fiscaliza\u00e7\u00e3o nas rodovias"},"content":{"rendered":"<div id=\"fb-root\"><\/div>\n<p><em>Pol\u00edcia Militar d\u00e1 dicas de seguran\u00e7a e orienta motoristas a redobrar aten\u00e7\u00e3o nos trechos de pista simples da SP-294<\/em><\/p>\n<p>A 2\u00aa Companhia de Pol\u00edcia Rodovi\u00e1ria realiza a \u201cOpera\u00e7\u00e3o Nove de Julho 2019\u201d nas regi\u00f5es de Presidente Prudente, Dracena e Presidente Venceslau em mais de 1500 km de rodovias em um total de 56 munic\u00edpios at\u00e9 as 23h59 do dia 9 de julho. A opera\u00e7\u00e3o est\u00e1 alinhada \u00e0 \u201cD\u00e9cada de A\u00e7\u00f5es para a Seguran\u00e7a no Tr\u00e2nsito\u201d \u2013 ONU (2011 \u2013 2020) e ao \u201cMovimento Paulista de Seguran\u00e7a no Tr\u00e2nsito\u201d, cuja proposta \u00e9 reduzir em 50% (cinquenta por cento) os acidentes de tr\u00e2nsito em todo o mundo.<\/p>\n<p>Conforme previs\u00e3o da Pol\u00edcia Rodovi\u00e1ria, os dias com maior fluxo de ve\u00edculos na malha vi\u00e1ria da regi\u00e3o ser\u00e3o hoje, das 6h \u00e0s 18h e no retorno na pr\u00f3xima ter\u00e7a-feira, 9, das 13h \u00e0s 23h. Diante disso, o emprego do efetivo do policiamento rodovi\u00e1rio ser\u00e1 refor\u00e7ado nesse per\u00edodo, garantindo a seguran\u00e7a e a tranquilidade nas rodovias.<\/p>\n<p>Primando pela defesa da vida e integridade f\u00edsica dos usu\u00e1rios das rodovias de nossa regi\u00e3o, o policiamento rodovi\u00e1rio estar\u00e1 desenvolvendo a\u00e7\u00f5es voltadas \u00e0 coibir o cometimento das infra\u00e7\u00f5es que mais ocasionam acidentes de tr\u00e2nsito, quais sejam elas o excesso de velocidade com utiliza\u00e7\u00e3o de radares port\u00e1teis, ultrapassagens em locais proibidos, embriaguez ao volante, utiliza\u00e7\u00e3o do cinto e seguran\u00e7a dentre outras.<\/p>\n<p>Dentre as rodovias atendidas pela 2\u00aa Companhia, os condutores dever\u00e3o ficar atentos nos trechos de pista simples, onde dever\u00e3o ter aten\u00e7\u00e3o especial, principalmente durante as ultrapassagens, em particular a Rodovia Comandante Jo\u00e3o Ribeiro de Barros (SP 294) na regi\u00e3o de Dracena. (Com informa\u00e7\u00f5es 2\u00ba Batalh\u00e3o de Pol\u00edcia Militar Rodovi\u00e1ria).<\/p>\n<p><strong>DICAS DE SEGURAN\u00c7A NAS RODOVIAS<\/strong><br \/>\nAntes de viajar, planeje com anteced\u00eancia, verificando os pontos de parada e abastecimento, bem como as condi\u00e7\u00f5es e documenta\u00e7\u00e3o do ve\u00edculo;<br \/>\nReduza a velocidade, mantenha dist\u00e2ncia segura do ve\u00edculo \u00e0 frente e evite ultrapassagens;<br \/>\nEm raz\u00e3o do reflexo causado pelas got\u00edculas d\u2019\u00e1gua, nunca, use o farol alto em locais com neblina, pois a reflex\u00e3o da luz vai ofuscar sua vis\u00e3o, reduzindo a visibilidade; (sob chuva)<\/p>\n<p>Nunca use o pisca alerta com o ve\u00edculo em movimento. O motorista de tr\u00e1s poder\u00e1 pensar que o ve\u00edculo \u00e0 frente est\u00e1 parado, tentar\u00e1 desviar, gerando risco de acidente;<br \/>\nVerifique, antecipadamente, se a ventila\u00e7\u00e3o interna est\u00e1 funcionando. Caso contr\u00e1rio, mantenha aberto um dos vidros, pelo menos, de modo a evitar o emba\u00e7amento interno dos vidros; (sob chuva)<\/p>\n<p>Use o limpador de para-brisa, desemba\u00e7ador e lavador de vidros. N\u00e3o utilize as m\u00e3os para desemba\u00e7ar o para-brisa, pois a gordura somente piorar\u00e1 a situa\u00e7\u00e3o; (sob chuva)<\/p>\n<p>N\u00e3o pare na pista, bem como deve ser evitado o acostamento. Procure um ponto de apoio (postos de combust\u00edveis, Casa do usu\u00e1rio ou Base Policial). Se for inevit\u00e1vel parar, ligue o pisca-alerta, sinalize com uso do tri\u00e2ngulo \u00e0 no m\u00ednimo 30 metros e n\u00e3o permane\u00e7a no interior do ve\u00edculo, procure um local seguro para permanecer junto aos demais ocupantes do ve\u00edculo;<\/p>\n<p>Verifique, antecipadamente, os pneus, sua calibragem, alinhamento e balanceamento;<br \/>\nO n\u00edvel de carga da bateria e o funcionamento dos far\u00f3is e desemba\u00e7adores s\u00e3o pontos importantes a serem checados antes de viajar. Vale tamb\u00e9m levar na bagagem pequenas pe\u00e7as de reposi\u00e7\u00e3o, como fus\u00edveis, velas e l\u00e2mpadas;<\/p>\n<p>Em casos de emerg\u00eancia ligue 190, e por fim, confira se o carro est\u00e1 equipado com tri\u00e2ngulo, macaco, chave de roda e chave de fenda. Vale tamb\u00e9m levar na bagagem pequenas pe\u00e7as de reposi\u00e7\u00e3o, como fus\u00edveis, velas e l\u00e2mpadas.<\/p>\n<p>Por Portal Regional<\/p>\n","protected":false},"excerpt":{"rendered":"<p>Pol\u00edcia Militar d\u00e1 dicas de seguran\u00e7a e orienta motoristas a redobrar aten\u00e7\u00e3o nos trechos de pista simples da SP-294 A 2\u00aa Companhia de Pol\u00edcia Rodovi\u00e1ria realiza a \u201cOpera\u00e7\u00e3o Nove de Julho 2019\u201d nas regi\u00f5es de Presidente Prudente, Dracena e Presidente Venceslau em mais de 1500 km de rodovias em um total de 56 munic\u00edpios at\u00e9 [&hellip;]<\/p>\n","protected":false},"author":3,"featured_media":14553,"comment_status":"closed","ping_status":"open","sticky":false,"template":"","format":"standard","meta":{"_acf_changed":false,"_exactmetrics_skip_tracking":false,"_exactmetrics_sitenote_active":false,"_exactmetrics_sitenote_note":"","_exactmetrics_sitenote_category":0,"footnotes":""},"categories":[24],"tags":[],"class_list":["post-14552","post","type-post","status-publish","format-standard","has-post-thumbnail","hentry","category-regiao"],"acf":[],"yoast_head":"<!-- This site is optimized with the Yoast SEO plugin v27.2 - https:\/\/yoast.com\/product\/yoast-seo-wordpress\/ -->\n<title>Opera\u00e7\u00e3o Nove de Julho intensifica fiscaliza\u00e7\u00e3o nas rodovias - R\u00e1dio Life FM<\/title>\n<meta name=\"robots\" content=\"index, follow, max-snippet:-1, max-image-preview:large, max-video-preview:-1\" \/>\n<link rel=\"canonical\" href=\"https:\/\/radiolifefm.com.br\/noticias\/operacao-nove-de-julho-intensifica-fiscalizacao-nas-rodovias\/\" \/>\n<meta property=\"og:locale\" content=\"pt_BR\" \/>\n<meta property=\"og:type\" content=\"article\" \/>\n<meta property=\"og:title\" content=\"Opera\u00e7\u00e3o Nove de Julho intensifica fiscaliza\u00e7\u00e3o nas rodovias - R\u00e1dio Life FM\" \/>\n<meta property=\"og:description\" content=\"Pol\u00edcia Militar d\u00e1 dicas de seguran\u00e7a e orienta motoristas a redobrar aten\u00e7\u00e3o nos trechos de pista simples da SP-294 A 2\u00aa Companhia de Pol\u00edcia Rodovi\u00e1ria realiza a \u201cOpera\u00e7\u00e3o Nove de Julho 2019\u201d nas regi\u00f5es de Presidente Prudente, Dracena e Presidente Venceslau em mais de 1500 km de rodovias em um total de 56 munic\u00edpios at\u00e9 [&hellip;]\" \/>\n<meta property=\"og:url\" content=\"https:\/\/radiolifefm.com.br\/noticias\/operacao-nove-de-julho-intensifica-fiscalizacao-nas-rodovias\/\" \/>\n<meta property=\"og:site_name\" content=\"R\u00e1dio Life FM\" \/>\n<meta property=\"article:publisher\" content=\"https:\/\/www.facebook.com\/radiolifefm\/\" \/>\n<meta property=\"article:published_time\" content=\"2019-07-07T00:06:28+00:00\" \/>\n<meta property=\"article:modified_time\" content=\"2026-04-22T17:02:07+00:00\" \/>\n<meta property=\"og:image\" content=\"https:\/\/radiolifefm.com.br\/noticias\/wp-content\/uploads\/2019\/07\/Opera\u00e7\u00e3o-9-de-Julho.jpg\" \/>\n\t<meta property=\"og:image:width\" content=\"1280\" \/>\n\t<meta property=\"og:image:height\" content=\"960\" \/>\n\t<meta property=\"og:image:type\" content=\"image\/jpeg\" \/>\n<meta name=\"author\" content=\"lifefm\" \/>\n<meta name=\"twitter:card\" content=\"summary_large_image\" \/>\n<meta name=\"twitter:label1\" content=\"Escrito por\" \/>\n\t<meta name=\"twitter:data1\" content=\"lifefm\" \/>\n\t<meta name=\"twitter:label2\" content=\"Est. tempo de leitura\" \/>\n\t<meta name=\"twitter:data2\" content=\"3 minutos\" \/>\n<script type=\"application\/ld+json\" class=\"yoast-schema-graph\">{\"@context\":\"https:\/\/schema.org\",\"@graph\":[{\"@type\":\"Article\",\"@id\":\"https:\/\/radiolifefm.com.br\/noticias\/operacao-nove-de-julho-intensifica-fiscalizacao-nas-rodovias\/#article\",\"isPartOf\":{\"@id\":\"https:\/\/radiolifefm.com.br\/noticias\/operacao-nove-de-julho-intensifica-fiscalizacao-nas-rodovias\/\"},\"author\":{\"name\":\"lifefm\",\"@id\":\"https:\/\/radiolifefm.com.br\/noticias\/#\/schema\/person\/1d4e4b1301322090c6221bf1c8420490\"},\"headline\":\"Opera\u00e7\u00e3o Nove de Julho intensifica fiscaliza\u00e7\u00e3o nas rodovias\",\"datePublished\":\"2019-07-07T00:06:28+00:00\",\"dateModified\":\"2026-04-22T17:02:07+00:00\",\"mainEntityOfPage\":{\"@id\":\"https:\/\/radiolifefm.com.br\/noticias\/operacao-nove-de-julho-intensifica-fiscalizacao-nas-rodovias\/\"},\"wordCount\":657,\"publisher\":{\"@id\":\"https:\/\/radiolifefm.com.br\/noticias\/#organization\"},\"image\":{\"@id\":\"https:\/\/radiolifefm.com.br\/noticias\/operacao-nove-de-julho-intensifica-fiscalizacao-nas-rodovias\/#primaryimage\"},\"thumbnailUrl\":\"https:\/\/radiolifefm.com.br\/noticias\/wp-content\/uploads\/2019\/07\/Opera\u00e7\u00e3o-9-de-Julho.jpg\",\"articleSection\":[\"Regi\u00e3o\"],\"inLanguage\":\"pt-BR\"},{\"@type\":\"WebPage\",\"@id\":\"https:\/\/radiolifefm.com.br\/noticias\/operacao-nove-de-julho-intensifica-fiscalizacao-nas-rodovias\/\",\"url\":\"https:\/\/radiolifefm.com.br\/noticias\/operacao-nove-de-julho-intensifica-fiscalizacao-nas-rodovias\/\",\"name\":\"Opera\u00e7\u00e3o Nove de Julho intensifica fiscaliza\u00e7\u00e3o nas rodovias - R\u00e1dio Life FM\",\"isPartOf\":{\"@id\":\"https:\/\/radiolifefm.com.br\/noticias\/#website\"},\"primaryImageOfPage\":{\"@id\":\"https:\/\/radiolifefm.com.br\/noticias\/operacao-nove-de-julho-intensifica-fiscalizacao-nas-rodovias\/#primaryimage\"},\"image\":{\"@id\":\"https:\/\/radiolifefm.com.br\/noticias\/operacao-nove-de-julho-intensifica-fiscalizacao-nas-rodovias\/#primaryimage\"},\"thumbnailUrl\":\"https:\/\/radiolifefm.com.br\/noticias\/wp-content\/uploads\/2019\/07\/Opera\u00e7\u00e3o-9-de-Julho.jpg\",\"datePublished\":\"2019-07-07T00:06:28+00:00\",\"dateModified\":\"2026-04-22T17:02:07+00:00\",\"breadcrumb\":{\"@id\":\"https:\/\/radiolifefm.com.br\/noticias\/operacao-nove-de-julho-intensifica-fiscalizacao-nas-rodovias\/#breadcrumb\"},\"inLanguage\":\"pt-BR\",\"potentialAction\":[{\"@type\":\"ReadAction\",\"target\":[\"https:\/\/radiolifefm.com.br\/noticias\/operacao-nove-de-julho-intensifica-fiscalizacao-nas-rodovias\/\"]}]},{\"@type\":\"ImageObject\",\"inLanguage\":\"pt-BR\",\"@id\":\"https:\/\/radiolifefm.com.br\/noticias\/operacao-nove-de-julho-intensifica-fiscalizacao-nas-rodovias\/#primaryimage\",\"url\":\"https:\/\/radiolifefm.com.br\/noticias\/wp-content\/uploads\/2019\/07\/Opera\u00e7\u00e3o-9-de-Julho.jpg\",\"contentUrl\":\"https:\/\/radiolifefm.com.br\/noticias\/wp-content\/uploads\/2019\/07\/Opera\u00e7\u00e3o-9-de-Julho.jpg\",\"width\":1280,\"height\":960},{\"@type\":\"BreadcrumbList\",\"@id\":\"https:\/\/radiolifefm.com.br\/noticias\/operacao-nove-de-julho-intensifica-fiscalizacao-nas-rodovias\/#breadcrumb\",\"itemListElement\":[{\"@type\":\"ListItem\",\"position\":1,\"name\":\"In\u00edcio\",\"item\":\"https:\/\/radiolifefm.com.br\/noticias\/\"},{\"@type\":\"ListItem\",\"position\":2,\"name\":\"Opera\u00e7\u00e3o Nove de Julho intensifica fiscaliza\u00e7\u00e3o nas rodovias\"}]},{\"@type\":\"WebSite\",\"@id\":\"https:\/\/radiolifefm.com.br\/noticias\/#website\",\"url\":\"https:\/\/radiolifefm.com.br\/noticias\/\",\"name\":\"R\u00e1dio Life FM\",\"description\":\"O Portal de Not\u00edcias de Adamantina\",\"publisher\":{\"@id\":\"https:\/\/radiolifefm.com.br\/noticias\/#organization\"},\"alternateName\":\"Life FM\",\"potentialAction\":[{\"@type\":\"SearchAction\",\"target\":{\"@type\":\"EntryPoint\",\"urlTemplate\":\"https:\/\/radiolifefm.com.br\/noticias\/?s={search_term_string}\"},\"query-input\":{\"@type\":\"PropertyValueSpecification\",\"valueRequired\":true,\"valueName\":\"search_term_string\"}}],\"inLanguage\":\"pt-BR\"},{\"@type\":\"Organization\",\"@id\":\"https:\/\/radiolifefm.com.br\/noticias\/#organization\",\"name\":\"R\u00e1dio Life FM\",\"alternateName\":\"Life FM\",\"url\":\"https:\/\/radiolifefm.com.br\/noticias\/\",\"logo\":{\"@type\":\"ImageObject\",\"inLanguage\":\"pt-BR\",\"@id\":\"https:\/\/radiolifefm.com.br\/noticias\/#\/schema\/logo\/image\/\",\"url\":\"https:\/\/static.radiolifefm.com.br\/noticias\/wp-content\/uploads\/2019\/10\/logo-lifefm.png\",\"contentUrl\":\"https:\/\/static.radiolifefm.com.br\/noticias\/wp-content\/uploads\/2019\/10\/logo-lifefm.png\",\"width\":196,\"height\":47,\"caption\":\"R\u00e1dio Life FM\"},\"image\":{\"@id\":\"https:\/\/radiolifefm.com.br\/noticias\/#\/schema\/logo\/image\/\"},\"sameAs\":[\"https:\/\/www.facebook.com\/radiolifefm\/\",\"https:\/\/www.instagram.com\/life1079fm\/\"]},{\"@type\":\"Person\",\"@id\":\"https:\/\/radiolifefm.com.br\/noticias\/#\/schema\/person\/1d4e4b1301322090c6221bf1c8420490\",\"name\":\"lifefm\",\"image\":{\"@type\":\"ImageObject\",\"inLanguage\":\"pt-BR\",\"@id\":\"https:\/\/secure.gravatar.com\/avatar\/eca268467d925ec97d20641bb054fd944c0abb2f92854171620706bbe6474e7c?s=96&d=mm&r=g\",\"url\":\"https:\/\/secure.gravatar.com\/avatar\/eca268467d925ec97d20641bb054fd944c0abb2f92854171620706bbe6474e7c?s=96&d=mm&r=g\",\"contentUrl\":\"https:\/\/secure.gravatar.com\/avatar\/eca268467d925ec97d20641bb054fd944c0abb2f92854171620706bbe6474e7c?s=96&d=mm&r=g\",\"caption\":\"lifefm\"}}]}<\/script>\n<!-- \/ Yoast SEO plugin. -->","yoast_head_json":{"title":"Opera\u00e7\u00e3o Nove de Julho intensifica fiscaliza\u00e7\u00e3o nas rodovias - R\u00e1dio Life FM","robots":{"index":"index","follow":"follow","max-snippet":"max-snippet:-1","max-image-preview":"max-image-preview:large","max-video-preview":"max-video-preview:-1"},"canonical":"https:\/\/radiolifefm.com.br\/noticias\/operacao-nove-de-julho-intensifica-fiscalizacao-nas-rodovias\/","og_locale":"pt_BR","og_type":"article","og_title":"Opera\u00e7\u00e3o Nove de Julho intensifica fiscaliza\u00e7\u00e3o nas rodovias - R\u00e1dio Life FM","og_description":"Pol\u00edcia Militar d\u00e1 dicas de seguran\u00e7a e orienta motoristas a redobrar aten\u00e7\u00e3o nos trechos de pista simples da SP-294 A 2\u00aa Companhia de Pol\u00edcia Rodovi\u00e1ria realiza a \u201cOpera\u00e7\u00e3o Nove de Julho 2019\u201d nas regi\u00f5es de Presidente Prudente, Dracena e Presidente Venceslau em mais de 1500 km de rodovias em um total de 56 munic\u00edpios at\u00e9 [&hellip;]","og_url":"https:\/\/radiolifefm.com.br\/noticias\/operacao-nove-de-julho-intensifica-fiscalizacao-nas-rodovias\/","og_site_name":"R\u00e1dio Life FM","article_publisher":"https:\/\/www.facebook.com\/radiolifefm\/","article_published_time":"2019-07-07T00:06:28+00:00","article_modified_time":"2026-04-22T17:02:07+00:00","og_image":[{"width":1280,"height":960,"url":"https:\/\/radiolifefm.com.br\/noticias\/wp-content\/uploads\/2019\/07\/Opera\u00e7\u00e3o-9-de-Julho.jpg","type":"image\/jpeg"}],"author":"lifefm","twitter_card":"summary_large_image","twitter_misc":{"Escrito por":"lifefm","Est. tempo de leitura":"3 minutos"},"schema":{"@context":"https:\/\/schema.org","@graph":[{"@type":"Article","@id":"https:\/\/radiolifefm.com.br\/noticias\/operacao-nove-de-julho-intensifica-fiscalizacao-nas-rodovias\/#article","isPartOf":{"@id":"https:\/\/radiolifefm.com.br\/noticias\/operacao-nove-de-julho-intensifica-fiscalizacao-nas-rodovias\/"},"author":{"name":"lifefm","@id":"https:\/\/radiolifefm.com.br\/noticias\/#\/schema\/person\/1d4e4b1301322090c6221bf1c8420490"},"headline":"Opera\u00e7\u00e3o Nove de Julho intensifica fiscaliza\u00e7\u00e3o nas rodovias","datePublished":"2019-07-07T00:06:28+00:00","dateModified":"2026-04-22T17:02:07+00:00","mainEntityOfPage":{"@id":"https:\/\/radiolifefm.com.br\/noticias\/operacao-nove-de-julho-intensifica-fiscalizacao-nas-rodovias\/"},"wordCount":657,"publisher":{"@id":"https:\/\/radiolifefm.com.br\/noticias\/#organization"},"image":{"@id":"https:\/\/radiolifefm.com.br\/noticias\/operacao-nove-de-julho-intensifica-fiscalizacao-nas-rodovias\/#primaryimage"},"thumbnailUrl":"https:\/\/radiolifefm.com.br\/noticias\/wp-content\/uploads\/2019\/07\/Opera\u00e7\u00e3o-9-de-Julho.jpg","articleSection":["Regi\u00e3o"],"inLanguage":"pt-BR"},{"@type":"WebPage","@id":"https:\/\/radiolifefm.com.br\/noticias\/operacao-nove-de-julho-intensifica-fiscalizacao-nas-rodovias\/","url":"https:\/\/radiolifefm.com.br\/noticias\/operacao-nove-de-julho-intensifica-fiscalizacao-nas-rodovias\/","name":"Opera\u00e7\u00e3o Nove de Julho intensifica fiscaliza\u00e7\u00e3o nas rodovias - R\u00e1dio Life FM","isPartOf":{"@id":"https:\/\/radiolifefm.com.br\/noticias\/#website"},"primaryImageOfPage":{"@id":"https:\/\/radiolifefm.com.br\/noticias\/operacao-nove-de-julho-intensifica-fiscalizacao-nas-rodovias\/#primaryimage"},"image":{"@id":"https:\/\/radiolifefm.com.br\/noticias\/operacao-nove-de-julho-intensifica-fiscalizacao-nas-rodovias\/#primaryimage"},"thumbnailUrl":"https:\/\/radiolifefm.com.br\/noticias\/wp-content\/uploads\/2019\/07\/Opera\u00e7\u00e3o-9-de-Julho.jpg","datePublished":"2019-07-07T00:06:28+00:00","dateModified":"2026-04-22T17:02:07+00:00","breadcrumb":{"@id":"https:\/\/radiolifefm.com.br\/noticias\/operacao-nove-de-julho-intensifica-fiscalizacao-nas-rodovias\/#breadcrumb"},"inLanguage":"pt-BR","potentialAction":[{"@type":"ReadAction","target":["https:\/\/radiolifefm.com.br\/noticias\/operacao-nove-de-julho-intensifica-fiscalizacao-nas-rodovias\/"]}]},{"@type":"ImageObject","inLanguage":"pt-BR","@id":"https:\/\/radiolifefm.com.br\/noticias\/operacao-nove-de-julho-intensifica-fiscalizacao-nas-rodovias\/#primaryimage","url":"https:\/\/radiolifefm.com.br\/noticias\/wp-content\/uploads\/2019\/07\/Opera\u00e7\u00e3o-9-de-Julho.jpg","contentUrl":"https:\/\/radiolifefm.com.br\/noticias\/wp-content\/uploads\/2019\/07\/Opera\u00e7\u00e3o-9-de-Julho.jpg","width":1280,"height":960},{"@type":"BreadcrumbList","@id":"https:\/\/radiolifefm.com.br\/noticias\/operacao-nove-de-julho-intensifica-fiscalizacao-nas-rodovias\/#breadcrumb","itemListElement":[{"@type":"ListItem","position":1,"name":"In\u00edcio","item":"https:\/\/radiolifefm.com.br\/noticias\/"},{"@type":"ListItem","position":2,"name":"Opera\u00e7\u00e3o Nove de Julho intensifica fiscaliza\u00e7\u00e3o nas rodovias"}]},{"@type":"WebSite","@id":"https:\/\/radiolifefm.com.br\/noticias\/#website","url":"https:\/\/radiolifefm.com.br\/noticias\/","name":"R\u00e1dio Life FM","description":"O Portal de Not\u00edcias de Adamantina","publisher":{"@id":"https:\/\/radiolifefm.com.br\/noticias\/#organization"},"alternateName":"Life FM","potentialAction":[{"@type":"SearchAction","target":{"@type":"EntryPoint","urlTemplate":"https:\/\/radiolifefm.com.br\/noticias\/?s={search_term_string}"},"query-input":{"@type":"PropertyValueSpecification","valueRequired":true,"valueName":"search_term_string"}}],"inLanguage":"pt-BR"},{"@type":"Organization","@id":"https:\/\/radiolifefm.com.br\/noticias\/#organization","name":"R\u00e1dio Life FM","alternateName":"Life FM","url":"https:\/\/radiolifefm.com.br\/noticias\/","logo":{"@type":"ImageObject","inLanguage":"pt-BR","@id":"https:\/\/radiolifefm.com.br\/noticias\/#\/schema\/logo\/image\/","url":"https:\/\/static.radiolifefm.com.br\/noticias\/wp-content\/uploads\/2019\/10\/logo-lifefm.png","contentUrl":"https:\/\/static.radiolifefm.com.br\/noticias\/wp-content\/uploads\/2019\/10\/logo-lifefm.png","width":196,"height":47,"caption":"R\u00e1dio Life FM"},"image":{"@id":"https:\/\/radiolifefm.com.br\/noticias\/#\/schema\/logo\/image\/"},"sameAs":["https:\/\/www.facebook.com\/radiolifefm\/","https:\/\/www.instagram.com\/life1079fm\/"]},{"@type":"Person","@id":"https:\/\/radiolifefm.com.br\/noticias\/#\/schema\/person\/1d4e4b1301322090c6221bf1c8420490","name":"lifefm","image":{"@type":"ImageObject","inLanguage":"pt-BR","@id":"https:\/\/secure.gravatar.com\/avatar\/eca268467d925ec97d20641bb054fd944c0abb2f92854171620706bbe6474e7c?s=96&d=mm&r=g","url":"https:\/\/secure.gravatar.com\/avatar\/eca268467d925ec97d20641bb054fd944c0abb2f92854171620706bbe6474e7c?s=96&d=mm&r=g","contentUrl":"https:\/\/secure.gravatar.com\/avatar\/eca268467d925ec97d20641bb054fd944c0abb2f92854171620706bbe6474e7c?s=96&d=mm&r=g","caption":"lifefm"}}]}},"amp_enabled":true,"_links":{"self":[{"href":"https:\/\/radiolifefm.com.br\/noticias\/wp-json\/wp\/v2\/posts\/14552","targetHints":{"allow":["GET"]}}],"collection":[{"href":"https:\/\/radiolifefm.com.br\/noticias\/wp-json\/wp\/v2\/posts"}],"about":[{"href":"https:\/\/radiolifefm.com.br\/noticias\/wp-json\/wp\/v2\/types\/post"}],"author":[{"embeddable":true,"href":"https:\/\/radiolifefm.com.br\/noticias\/wp-json\/wp\/v2\/users\/3"}],"replies":[{"embeddable":true,"href":"https:\/\/radiolifefm.com.br\/noticias\/wp-json\/wp\/v2\/comments?post=14552"}],"version-history":[{"count":2,"href":"https:\/\/radiolifefm.com.br\/noticias\/wp-json\/wp\/v2\/posts\/14552\/revisions"}],"predecessor-version":[{"id":14629,"href":"https:\/\/radiolifefm.com.br\/noticias\/wp-json\/wp\/v2\/posts\/14552\/revisions\/14629"}],"wp:featuredmedia":[{"embeddable":true,"href":"https:\/\/radiolifefm.com.br\/noticias\/wp-json\/wp\/v2\/media\/14553"}],"wp:attachment":[{"href":"https:\/\/radiolifefm.com.br\/noticias\/wp-json\/wp\/v2\/media?parent=14552"}],"wp:term":[{"taxonomy":"category","embeddable":true,"href":"https:\/\/radiolifefm.com.br\/noticias\/wp-json\/wp\/v2\/categories?post=14552"},{"taxonomy":"post_tag","embeddable":true,"href":"https:\/\/radiolifefm.com.br\/noticias\/wp-json\/wp\/v2\/tags?post=14552"}],"curies":[{"name":"wp","href":"https:\/\/api.w.org\/{rel}","templated":true}]}}