{"id":14514,"date":"2019-07-04T10:44:24","date_gmt":"2019-07-04T13:44:24","guid":{"rendered":"https:\/\/radiolifefm.com.br\/noticias\/?p=14514"},"modified":"2026-04-03T21:44:03","modified_gmt":"2026-04-04T00:44:03","slug":"dois-motociclistas-morrem-em-dois-acidentes-em-um-intervalo-de-3h","status":"publish","type":"post","link":"https:\/\/radiolifefm.com.br\/noticias\/dois-motociclistas-morrem-em-dois-acidentes-em-um-intervalo-de-3h\/","title":{"rendered":"Dois motociclistas morrem em dois acidentes em um intervalo de 3h"},"content":{"rendered":"<div id=\"fb-root\"><\/div>\n<p>Dois acidentes num intervalo de tr\u00eas horas e a menos de 300m um do outro, resultaram na morte de duas pessoas, em Parapu\u00e3, na noite desta quarta-feira (3).<\/p>\n<p>O primeiro acidente, envolvendo uma moto, dois caminh\u00f5es e um carro, ocorreu \u00e0s 19h40 na Rodovia Assis Chateaubriand.<\/p>\n<p>O motociclista morreu. A idade dele n\u00e3o foi divulgada pela pol\u00edcia.<\/p>\n<p>Outra v\u00edtima do acidente, a pessoa que dirigia o carro, foi socorrida com ferimentos leves, para a Santa Casa de Osvaldo Cruz.<\/p>\n<p>Tamb\u00e9m na Rodovia Assis Chateaubriand, outro acidente terminou com a morte de um motociclista, um homem de 64 anos.<\/p>\n<p>A pol\u00edcia informou que, a princ\u00edpio, n\u00e3o houve o envolvimento de nenhum outro ve\u00edculo.<\/p>\n<p>A v\u00edtima foi socorrida para a Santa Casa de Osvaldo Cruz, mas n\u00e3o resistiu aos ferimentos.<\/p>\n<div class='flex flex-wrap items-center -mx-1'>\r\n<a class='thumbnail gallery p-1 w-1\/2 md:w-1\/4' href='https:\/\/radiolifefm.com.br\/noticias\/wp-content\/uploads\/2019\/07\/Morte-motociclistas-1.jpg'><img class='border border-white' src='https:\/\/radiolifefm.com.br\/noticias\/wp-content\/uploads\/2019\/07\/Morte-motociclistas-1-200x200.jpg' alt='Morte Motociclistas   1' \/><\/a><a class='thumbnail gallery p-1 w-1\/2 md:w-1\/4' href='https:\/\/radiolifefm.com.br\/noticias\/wp-content\/uploads\/2019\/07\/Morte-motociclistas-2.jpg'><img class='border border-white' src='https:\/\/radiolifefm.com.br\/noticias\/wp-content\/uploads\/2019\/07\/Morte-motociclistas-2-200x200.jpg' alt='Morte Motociclistas   2' \/><\/a><\/div>\n<p>REPORTAGEM: G1 Presidente Prudente<\/p>\n<p>Reda\u00e7\u00e3o &#8211; Kako de Oliveira<\/p>\n","protected":false},"excerpt":{"rendered":"<p>Dois acidentes num intervalo de tr\u00eas horas e a menos de 300m um do outro, resultaram na morte de duas pessoas, em Parapu\u00e3, na noite desta quarta-feira (3). O primeiro acidente, envolvendo uma moto, dois caminh\u00f5es e um carro, ocorreu \u00e0s 19h40 na Rodovia Assis Chateaubriand. O motociclista morreu. A idade dele n\u00e3o foi divulgada [&hellip;]<\/p>\n","protected":false},"author":3,"featured_media":14515,"comment_status":"open","ping_status":"open","sticky":false,"template":"","format":"standard","meta":{"_acf_changed":false,"_exactmetrics_skip_tracking":false,"_exactmetrics_sitenote_active":false,"_exactmetrics_sitenote_note":"","_exactmetrics_sitenote_category":0,"footnotes":""},"categories":[24],"tags":[],"class_list":["post-14514","post","type-post","status-publish","format-standard","has-post-thumbnail","hentry","category-regiao"],"acf":[],"yoast_head":"<!-- This site is optimized with the Yoast SEO plugin v27.2 - https:\/\/yoast.com\/product\/yoast-seo-wordpress\/ -->\n<title>Dois motociclistas morrem em dois acidentes em um intervalo de 3h - R\u00e1dio Life FM<\/title>\n<meta name=\"robots\" content=\"index, follow, max-snippet:-1, max-image-preview:large, max-video-preview:-1\" \/>\n<link rel=\"canonical\" href=\"https:\/\/radiolifefm.com.br\/noticias\/dois-motociclistas-morrem-em-dois-acidentes-em-um-intervalo-de-3h\/\" \/>\n<meta property=\"og:locale\" content=\"pt_BR\" \/>\n<meta property=\"og:type\" content=\"article\" \/>\n<meta property=\"og:title\" content=\"Dois motociclistas morrem em dois acidentes em um intervalo de 3h - R\u00e1dio Life FM\" \/>\n<meta property=\"og:description\" content=\"Dois acidentes num intervalo de tr\u00eas horas e a menos de 300m um do outro, resultaram na morte de duas pessoas, em Parapu\u00e3, na noite desta quarta-feira (3). O primeiro acidente, envolvendo uma moto, dois caminh\u00f5es e um carro, ocorreu \u00e0s 19h40 na Rodovia Assis Chateaubriand. O motociclista morreu. A idade dele n\u00e3o foi divulgada [&hellip;]\" \/>\n<meta property=\"og:url\" content=\"https:\/\/radiolifefm.com.br\/noticias\/dois-motociclistas-morrem-em-dois-acidentes-em-um-intervalo-de-3h\/\" \/>\n<meta property=\"og:site_name\" content=\"R\u00e1dio Life FM\" \/>\n<meta property=\"article:publisher\" content=\"https:\/\/www.facebook.com\/radiolifefm\/\" \/>\n<meta property=\"article:published_time\" content=\"2019-07-04T13:44:24+00:00\" \/>\n<meta property=\"article:modified_time\" content=\"2026-04-04T00:44:03+00:00\" \/>\n<meta property=\"og:image\" content=\"https:\/\/radiolifefm.com.br\/noticias\/wp-content\/uploads\/2019\/07\/Morte-motociclistas.jpg\" \/>\n\t<meta property=\"og:image:width\" content=\"870\" \/>\n\t<meta property=\"og:image:height\" content=\"522\" \/>\n\t<meta property=\"og:image:type\" content=\"image\/jpeg\" \/>\n<meta name=\"author\" content=\"lifefm\" \/>\n<meta name=\"twitter:card\" content=\"summary_large_image\" \/>\n<meta name=\"twitter:label1\" content=\"Escrito por\" \/>\n\t<meta name=\"twitter:data1\" content=\"lifefm\" \/>\n\t<meta name=\"twitter:label2\" content=\"Est. tempo de leitura\" \/>\n\t<meta name=\"twitter:data2\" content=\"1 minuto\" \/>\n<script type=\"application\/ld+json\" class=\"yoast-schema-graph\">{\"@context\":\"https:\/\/schema.org\",\"@graph\":[{\"@type\":\"Article\",\"@id\":\"https:\/\/radiolifefm.com.br\/noticias\/dois-motociclistas-morrem-em-dois-acidentes-em-um-intervalo-de-3h\/#article\",\"isPartOf\":{\"@id\":\"https:\/\/radiolifefm.com.br\/noticias\/dois-motociclistas-morrem-em-dois-acidentes-em-um-intervalo-de-3h\/\"},\"author\":{\"name\":\"lifefm\",\"@id\":\"https:\/\/radiolifefm.com.br\/noticias\/#\/schema\/person\/1d4e4b1301322090c6221bf1c8420490\"},\"headline\":\"Dois motociclistas morrem em dois acidentes em um intervalo de 3h\",\"datePublished\":\"2019-07-04T13:44:24+00:00\",\"dateModified\":\"2026-04-04T00:44:03+00:00\",\"mainEntityOfPage\":{\"@id\":\"https:\/\/radiolifefm.com.br\/noticias\/dois-motociclistas-morrem-em-dois-acidentes-em-um-intervalo-de-3h\/\"},\"wordCount\":161,\"commentCount\":0,\"publisher\":{\"@id\":\"https:\/\/radiolifefm.com.br\/noticias\/#organization\"},\"image\":{\"@id\":\"https:\/\/radiolifefm.com.br\/noticias\/dois-motociclistas-morrem-em-dois-acidentes-em-um-intervalo-de-3h\/#primaryimage\"},\"thumbnailUrl\":\"https:\/\/radiolifefm.com.br\/noticias\/wp-content\/uploads\/2019\/07\/Morte-motociclistas.jpg\",\"articleSection\":[\"Regi\u00e3o\"],\"inLanguage\":\"pt-BR\",\"potentialAction\":[{\"@type\":\"CommentAction\",\"name\":\"Comment\",\"target\":[\"https:\/\/radiolifefm.com.br\/noticias\/dois-motociclistas-morrem-em-dois-acidentes-em-um-intervalo-de-3h\/#respond\"]}]},{\"@type\":\"WebPage\",\"@id\":\"https:\/\/radiolifefm.com.br\/noticias\/dois-motociclistas-morrem-em-dois-acidentes-em-um-intervalo-de-3h\/\",\"url\":\"https:\/\/radiolifefm.com.br\/noticias\/dois-motociclistas-morrem-em-dois-acidentes-em-um-intervalo-de-3h\/\",\"name\":\"Dois motociclistas morrem em dois acidentes em um intervalo de 3h - R\u00e1dio Life FM\",\"isPartOf\":{\"@id\":\"https:\/\/radiolifefm.com.br\/noticias\/#website\"},\"primaryImageOfPage\":{\"@id\":\"https:\/\/radiolifefm.com.br\/noticias\/dois-motociclistas-morrem-em-dois-acidentes-em-um-intervalo-de-3h\/#primaryimage\"},\"image\":{\"@id\":\"https:\/\/radiolifefm.com.br\/noticias\/dois-motociclistas-morrem-em-dois-acidentes-em-um-intervalo-de-3h\/#primaryimage\"},\"thumbnailUrl\":\"https:\/\/radiolifefm.com.br\/noticias\/wp-content\/uploads\/2019\/07\/Morte-motociclistas.jpg\",\"datePublished\":\"2019-07-04T13:44:24+00:00\",\"dateModified\":\"2026-04-04T00:44:03+00:00\",\"breadcrumb\":{\"@id\":\"https:\/\/radiolifefm.com.br\/noticias\/dois-motociclistas-morrem-em-dois-acidentes-em-um-intervalo-de-3h\/#breadcrumb\"},\"inLanguage\":\"pt-BR\",\"potentialAction\":[{\"@type\":\"ReadAction\",\"target\":[\"https:\/\/radiolifefm.com.br\/noticias\/dois-motociclistas-morrem-em-dois-acidentes-em-um-intervalo-de-3h\/\"]}]},{\"@type\":\"ImageObject\",\"inLanguage\":\"pt-BR\",\"@id\":\"https:\/\/radiolifefm.com.br\/noticias\/dois-motociclistas-morrem-em-dois-acidentes-em-um-intervalo-de-3h\/#primaryimage\",\"url\":\"https:\/\/radiolifefm.com.br\/noticias\/wp-content\/uploads\/2019\/07\/Morte-motociclistas.jpg\",\"contentUrl\":\"https:\/\/radiolifefm.com.br\/noticias\/wp-content\/uploads\/2019\/07\/Morte-motociclistas.jpg\",\"width\":870,\"height\":522,\"caption\":\"Dois motociclistas morreram pela SP-425 em um per\u00edodo de tr\u00eas horas\"},{\"@type\":\"BreadcrumbList\",\"@id\":\"https:\/\/radiolifefm.com.br\/noticias\/dois-motociclistas-morrem-em-dois-acidentes-em-um-intervalo-de-3h\/#breadcrumb\",\"itemListElement\":[{\"@type\":\"ListItem\",\"position\":1,\"name\":\"In\u00edcio\",\"item\":\"https:\/\/radiolifefm.com.br\/noticias\/\"},{\"@type\":\"ListItem\",\"position\":2,\"name\":\"Dois motociclistas morrem em dois acidentes em um intervalo de 3h\"}]},{\"@type\":\"WebSite\",\"@id\":\"https:\/\/radiolifefm.com.br\/noticias\/#website\",\"url\":\"https:\/\/radiolifefm.com.br\/noticias\/\",\"name\":\"R\u00e1dio Life FM\",\"description\":\"O Portal de Not\u00edcias de Adamantina\",\"publisher\":{\"@id\":\"https:\/\/radiolifefm.com.br\/noticias\/#organization\"},\"alternateName\":\"Life FM\",\"potentialAction\":[{\"@type\":\"SearchAction\",\"target\":{\"@type\":\"EntryPoint\",\"urlTemplate\":\"https:\/\/radiolifefm.com.br\/noticias\/?s={search_term_string}\"},\"query-input\":{\"@type\":\"PropertyValueSpecification\",\"valueRequired\":true,\"valueName\":\"search_term_string\"}}],\"inLanguage\":\"pt-BR\"},{\"@type\":\"Organization\",\"@id\":\"https:\/\/radiolifefm.com.br\/noticias\/#organization\",\"name\":\"R\u00e1dio Life FM\",\"alternateName\":\"Life FM\",\"url\":\"https:\/\/radiolifefm.com.br\/noticias\/\",\"logo\":{\"@type\":\"ImageObject\",\"inLanguage\":\"pt-BR\",\"@id\":\"https:\/\/radiolifefm.com.br\/noticias\/#\/schema\/logo\/image\/\",\"url\":\"https:\/\/static.radiolifefm.com.br\/noticias\/wp-content\/uploads\/2019\/10\/logo-lifefm.png\",\"contentUrl\":\"https:\/\/static.radiolifefm.com.br\/noticias\/wp-content\/uploads\/2019\/10\/logo-lifefm.png\",\"width\":196,\"height\":47,\"caption\":\"R\u00e1dio Life FM\"},\"image\":{\"@id\":\"https:\/\/radiolifefm.com.br\/noticias\/#\/schema\/logo\/image\/\"},\"sameAs\":[\"https:\/\/www.facebook.com\/radiolifefm\/\",\"https:\/\/www.instagram.com\/life1079fm\/\"]},{\"@type\":\"Person\",\"@id\":\"https:\/\/radiolifefm.com.br\/noticias\/#\/schema\/person\/1d4e4b1301322090c6221bf1c8420490\",\"name\":\"lifefm\",\"image\":{\"@type\":\"ImageObject\",\"inLanguage\":\"pt-BR\",\"@id\":\"https:\/\/secure.gravatar.com\/avatar\/eca268467d925ec97d20641bb054fd944c0abb2f92854171620706bbe6474e7c?s=96&d=mm&r=g\",\"url\":\"https:\/\/secure.gravatar.com\/avatar\/eca268467d925ec97d20641bb054fd944c0abb2f92854171620706bbe6474e7c?s=96&d=mm&r=g\",\"contentUrl\":\"https:\/\/secure.gravatar.com\/avatar\/eca268467d925ec97d20641bb054fd944c0abb2f92854171620706bbe6474e7c?s=96&d=mm&r=g\",\"caption\":\"lifefm\"}}]}<\/script>\n<!-- \/ Yoast SEO plugin. -->","yoast_head_json":{"title":"Dois motociclistas morrem em dois acidentes em um intervalo de 3h - R\u00e1dio Life FM","robots":{"index":"index","follow":"follow","max-snippet":"max-snippet:-1","max-image-preview":"max-image-preview:large","max-video-preview":"max-video-preview:-1"},"canonical":"https:\/\/radiolifefm.com.br\/noticias\/dois-motociclistas-morrem-em-dois-acidentes-em-um-intervalo-de-3h\/","og_locale":"pt_BR","og_type":"article","og_title":"Dois motociclistas morrem em dois acidentes em um intervalo de 3h - R\u00e1dio Life FM","og_description":"Dois acidentes num intervalo de tr\u00eas horas e a menos de 300m um do outro, resultaram na morte de duas pessoas, em Parapu\u00e3, na noite desta quarta-feira (3). O primeiro acidente, envolvendo uma moto, dois caminh\u00f5es e um carro, ocorreu \u00e0s 19h40 na Rodovia Assis Chateaubriand. O motociclista morreu. A idade dele n\u00e3o foi divulgada [&hellip;]","og_url":"https:\/\/radiolifefm.com.br\/noticias\/dois-motociclistas-morrem-em-dois-acidentes-em-um-intervalo-de-3h\/","og_site_name":"R\u00e1dio Life FM","article_publisher":"https:\/\/www.facebook.com\/radiolifefm\/","article_published_time":"2019-07-04T13:44:24+00:00","article_modified_time":"2026-04-04T00:44:03+00:00","og_image":[{"width":870,"height":522,"url":"https:\/\/radiolifefm.com.br\/noticias\/wp-content\/uploads\/2019\/07\/Morte-motociclistas.jpg","type":"image\/jpeg"}],"author":"lifefm","twitter_card":"summary_large_image","twitter_misc":{"Escrito por":"lifefm","Est. tempo de leitura":"1 minuto"},"schema":{"@context":"https:\/\/schema.org","@graph":[{"@type":"Article","@id":"https:\/\/radiolifefm.com.br\/noticias\/dois-motociclistas-morrem-em-dois-acidentes-em-um-intervalo-de-3h\/#article","isPartOf":{"@id":"https:\/\/radiolifefm.com.br\/noticias\/dois-motociclistas-morrem-em-dois-acidentes-em-um-intervalo-de-3h\/"},"author":{"name":"lifefm","@id":"https:\/\/radiolifefm.com.br\/noticias\/#\/schema\/person\/1d4e4b1301322090c6221bf1c8420490"},"headline":"Dois motociclistas morrem em dois acidentes em um intervalo de 3h","datePublished":"2019-07-04T13:44:24+00:00","dateModified":"2026-04-04T00:44:03+00:00","mainEntityOfPage":{"@id":"https:\/\/radiolifefm.com.br\/noticias\/dois-motociclistas-morrem-em-dois-acidentes-em-um-intervalo-de-3h\/"},"wordCount":161,"commentCount":0,"publisher":{"@id":"https:\/\/radiolifefm.com.br\/noticias\/#organization"},"image":{"@id":"https:\/\/radiolifefm.com.br\/noticias\/dois-motociclistas-morrem-em-dois-acidentes-em-um-intervalo-de-3h\/#primaryimage"},"thumbnailUrl":"https:\/\/radiolifefm.com.br\/noticias\/wp-content\/uploads\/2019\/07\/Morte-motociclistas.jpg","articleSection":["Regi\u00e3o"],"inLanguage":"pt-BR","potentialAction":[{"@type":"CommentAction","name":"Comment","target":["https:\/\/radiolifefm.com.br\/noticias\/dois-motociclistas-morrem-em-dois-acidentes-em-um-intervalo-de-3h\/#respond"]}]},{"@type":"WebPage","@id":"https:\/\/radiolifefm.com.br\/noticias\/dois-motociclistas-morrem-em-dois-acidentes-em-um-intervalo-de-3h\/","url":"https:\/\/radiolifefm.com.br\/noticias\/dois-motociclistas-morrem-em-dois-acidentes-em-um-intervalo-de-3h\/","name":"Dois motociclistas morrem em dois acidentes em um intervalo de 3h - R\u00e1dio Life FM","isPartOf":{"@id":"https:\/\/radiolifefm.com.br\/noticias\/#website"},"primaryImageOfPage":{"@id":"https:\/\/radiolifefm.com.br\/noticias\/dois-motociclistas-morrem-em-dois-acidentes-em-um-intervalo-de-3h\/#primaryimage"},"image":{"@id":"https:\/\/radiolifefm.com.br\/noticias\/dois-motociclistas-morrem-em-dois-acidentes-em-um-intervalo-de-3h\/#primaryimage"},"thumbnailUrl":"https:\/\/radiolifefm.com.br\/noticias\/wp-content\/uploads\/2019\/07\/Morte-motociclistas.jpg","datePublished":"2019-07-04T13:44:24+00:00","dateModified":"2026-04-04T00:44:03+00:00","breadcrumb":{"@id":"https:\/\/radiolifefm.com.br\/noticias\/dois-motociclistas-morrem-em-dois-acidentes-em-um-intervalo-de-3h\/#breadcrumb"},"inLanguage":"pt-BR","potentialAction":[{"@type":"ReadAction","target":["https:\/\/radiolifefm.com.br\/noticias\/dois-motociclistas-morrem-em-dois-acidentes-em-um-intervalo-de-3h\/"]}]},{"@type":"ImageObject","inLanguage":"pt-BR","@id":"https:\/\/radiolifefm.com.br\/noticias\/dois-motociclistas-morrem-em-dois-acidentes-em-um-intervalo-de-3h\/#primaryimage","url":"https:\/\/radiolifefm.com.br\/noticias\/wp-content\/uploads\/2019\/07\/Morte-motociclistas.jpg","contentUrl":"https:\/\/radiolifefm.com.br\/noticias\/wp-content\/uploads\/2019\/07\/Morte-motociclistas.jpg","width":870,"height":522,"caption":"Dois motociclistas morreram pela SP-425 em um per\u00edodo de tr\u00eas horas"},{"@type":"BreadcrumbList","@id":"https:\/\/radiolifefm.com.br\/noticias\/dois-motociclistas-morrem-em-dois-acidentes-em-um-intervalo-de-3h\/#breadcrumb","itemListElement":[{"@type":"ListItem","position":1,"name":"In\u00edcio","item":"https:\/\/radiolifefm.com.br\/noticias\/"},{"@type":"ListItem","position":2,"name":"Dois motociclistas morrem em dois acidentes em um intervalo de 3h"}]},{"@type":"WebSite","@id":"https:\/\/radiolifefm.com.br\/noticias\/#website","url":"https:\/\/radiolifefm.com.br\/noticias\/","name":"R\u00e1dio Life FM","description":"O Portal de Not\u00edcias de Adamantina","publisher":{"@id":"https:\/\/radiolifefm.com.br\/noticias\/#organization"},"alternateName":"Life FM","potentialAction":[{"@type":"SearchAction","target":{"@type":"EntryPoint","urlTemplate":"https:\/\/radiolifefm.com.br\/noticias\/?s={search_term_string}"},"query-input":{"@type":"PropertyValueSpecification","valueRequired":true,"valueName":"search_term_string"}}],"inLanguage":"pt-BR"},{"@type":"Organization","@id":"https:\/\/radiolifefm.com.br\/noticias\/#organization","name":"R\u00e1dio Life FM","alternateName":"Life FM","url":"https:\/\/radiolifefm.com.br\/noticias\/","logo":{"@type":"ImageObject","inLanguage":"pt-BR","@id":"https:\/\/radiolifefm.com.br\/noticias\/#\/schema\/logo\/image\/","url":"https:\/\/static.radiolifefm.com.br\/noticias\/wp-content\/uploads\/2019\/10\/logo-lifefm.png","contentUrl":"https:\/\/static.radiolifefm.com.br\/noticias\/wp-content\/uploads\/2019\/10\/logo-lifefm.png","width":196,"height":47,"caption":"R\u00e1dio Life FM"},"image":{"@id":"https:\/\/radiolifefm.com.br\/noticias\/#\/schema\/logo\/image\/"},"sameAs":["https:\/\/www.facebook.com\/radiolifefm\/","https:\/\/www.instagram.com\/life1079fm\/"]},{"@type":"Person","@id":"https:\/\/radiolifefm.com.br\/noticias\/#\/schema\/person\/1d4e4b1301322090c6221bf1c8420490","name":"lifefm","image":{"@type":"ImageObject","inLanguage":"pt-BR","@id":"https:\/\/secure.gravatar.com\/avatar\/eca268467d925ec97d20641bb054fd944c0abb2f92854171620706bbe6474e7c?s=96&d=mm&r=g","url":"https:\/\/secure.gravatar.com\/avatar\/eca268467d925ec97d20641bb054fd944c0abb2f92854171620706bbe6474e7c?s=96&d=mm&r=g","contentUrl":"https:\/\/secure.gravatar.com\/avatar\/eca268467d925ec97d20641bb054fd944c0abb2f92854171620706bbe6474e7c?s=96&d=mm&r=g","caption":"lifefm"}}]}},"amp_enabled":true,"_links":{"self":[{"href":"https:\/\/radiolifefm.com.br\/noticias\/wp-json\/wp\/v2\/posts\/14514","targetHints":{"allow":["GET"]}}],"collection":[{"href":"https:\/\/radiolifefm.com.br\/noticias\/wp-json\/wp\/v2\/posts"}],"about":[{"href":"https:\/\/radiolifefm.com.br\/noticias\/wp-json\/wp\/v2\/types\/post"}],"author":[{"embeddable":true,"href":"https:\/\/radiolifefm.com.br\/noticias\/wp-json\/wp\/v2\/users\/3"}],"replies":[{"embeddable":true,"href":"https:\/\/radiolifefm.com.br\/noticias\/wp-json\/wp\/v2\/comments?post=14514"}],"version-history":[{"count":1,"href":"https:\/\/radiolifefm.com.br\/noticias\/wp-json\/wp\/v2\/posts\/14514\/revisions"}],"predecessor-version":[{"id":14518,"href":"https:\/\/radiolifefm.com.br\/noticias\/wp-json\/wp\/v2\/posts\/14514\/revisions\/14518"}],"wp:featuredmedia":[{"embeddable":true,"href":"https:\/\/radiolifefm.com.br\/noticias\/wp-json\/wp\/v2\/media\/14515"}],"wp:attachment":[{"href":"https:\/\/radiolifefm.com.br\/noticias\/wp-json\/wp\/v2\/media?parent=14514"}],"wp:term":[{"taxonomy":"category","embeddable":true,"href":"https:\/\/radiolifefm.com.br\/noticias\/wp-json\/wp\/v2\/categories?post=14514"},{"taxonomy":"post_tag","embeddable":true,"href":"https:\/\/radiolifefm.com.br\/noticias\/wp-json\/wp\/v2\/tags?post=14514"}],"curies":[{"name":"wp","href":"https:\/\/api.w.org\/{rel}","templated":true}]}}