{"id":14500,"date":"2019-07-03T18:13:24","date_gmt":"2019-07-03T21:13:24","guid":{"rendered":"https:\/\/radiolifefm.com.br\/noticias\/?p=14500"},"modified":"2026-04-26T12:06:24","modified_gmt":"2026-04-26T15:06:24","slug":"confirmado-festa-do-peao-de-lucelia-comeca-nesta-quarta-feira","status":"publish","type":"post","link":"https:\/\/radiolifefm.com.br\/noticias\/confirmado-festa-do-peao-de-lucelia-comeca-nesta-quarta-feira\/","title":{"rendered":"Confirmado: Festa do Pe\u00e3o de Luc\u00e9lia come\u00e7a nesta quarta-feira"},"content":{"rendered":"<div id=\"fb-root\"><\/div>\n<p>Come\u00e7a na noite desta quarta-feira (3) a Festa do Pe\u00e3o de Luc\u00e9lia, que volta \u00e0 cidade com realiza\u00e7\u00e3o da Prefeitura Municipal e grandes atra\u00e7\u00f5es musicais: Thaeme &amp; Thiago, Jo\u00e3o Bosco &amp; Vin\u00edcius, Brenno &amp; Matheus e Fiduma &amp; Jeca.<\/p>\n<p>Com entrada franca, a Festa do Pe\u00e3o integra a programa\u00e7\u00e3o dos 75 anos da Capital da Amizade (comemorados em 24 de junho \u00faltimo) e vai acontecer no campo da Vila Rancharia, onde foi montada toda a estrutura do evento \u2013 totalmente aprovada pelas autoridades competentes \u2013 com arquibancada, camarotes, palco, arena e pra\u00e7a de alimenta\u00e7\u00e3o. A arquibancada e camarotes s\u00e3o cobertos.<\/p>\n<p>O espa\u00e7o tem ainda mega painel de led, sanit\u00e1rios e toda a estrutura de seguran\u00e7a e brigadistas, com organiza\u00e7\u00e3o da Cabeludo Eventos, que realiza grandes festas na regi\u00e3o, como o Adamantina Rodeo Festival, a Expoverde Adamantina, a Exapit Tup\u00e3 e festas do pe\u00e3o em Osvaldo Cruz, Pracinha, Iacri, Quintana, Arco-\u00cdris e outras cidades da regi\u00e3o.<\/p>\n<p>Al\u00e9m da grade de shows de destaque, Festa do Pe\u00e3o de Luc\u00e9lia recebe as provas de rodeio do Circuito Rancho Primavera (CRP), um dos mais competitivos do pa\u00eds, que a cada ano alcan\u00e7a novos espa\u00e7os e proje\u00e7\u00e3o, tendo seus pe\u00f5es conquistado importantes pr\u00eamios em todo o Brasil.<\/p>\n<p>&nbsp;<\/p>\n<p><strong>Expectativa<\/strong><\/p>\n<p>&nbsp;<\/p>\n<p>A volta da Festa do Pe\u00e3o de Luc\u00e9lia, trazida pela Prefeitura Municipal, \u00e9 cercada de grande expectativa pelo p\u00fablico. Com entrada franca, o evento deve atrair frequentadores da cidade e munic\u00edpios vizinhos, que ter\u00e3o a oportunidade de lazer e acesso a rodeio e shows de qualidade.<\/p>\n<p>Essa expectativa refor\u00e7a ainda outra caracter\u00edstica de Luc\u00e9lia, considerada a Capital da Amizade na Nova Alta Paulista, que se organiza e se mobiliza para receber bem os pr\u00f3prios moradores e visitantes.<\/p>\n<p>Os organizadores e realizadores destacam que acesso dos frequentadores ao evento respeitar\u00e1 a capacidade de p\u00fablico da estrutura. De acordo com o projeto t\u00e9cnico das instala\u00e7\u00f5es, a capacidade do evento \u00e9 para 8.668 pessoas.<\/p>\n<p>&nbsp;<\/p>\n<p><strong>Programa\u00e7\u00e3o <\/strong><\/p>\n<p>&nbsp;<\/p>\n<p>O in\u00edcio da Festa do Pe\u00e3o de Luc\u00e9lia ser\u00e1 dia 3 de julho (quarta-feira), com a abertura oficial, provas de rodeio em touros pelo Circuito Rancho Primavera (CRP) &#8211; um dos mais competitivos do Brasil \u2013 e show com Brenno &amp; Matheus.<\/p>\n<p>No dia 4 (quinta-feira), continua\u00e7\u00e3o das montarias e show com Jo\u00e3o Bosco &amp; Vin\u00edcius. No dia 5 (sexta-feira), uma nova rodada de montarias em touro e show com Thaeme &amp; Thiago. No dia 6 (s\u00e1bado), final das montarias, encerramento oficial da festa com a entrega de premia\u00e7\u00f5es e show com Fiduma &amp; Jeca.<\/p>\n<p>A provas do rodeio em touros t\u00eam a assinatura do Circuito Rancho Primavera. Al\u00e9m das montarias em touros, o p\u00fablico da Festa do Pe\u00e3o de Luc\u00e9lia ter\u00e1 ainda provas de tr\u00eas tambores.<\/p>\n<p>&nbsp;<\/p>\n<p><strong>Evento tem todas as autoriza\u00e7\u00f5es legais<\/strong><\/p>\n<p>&nbsp;<\/p>\n<p>Para a seguran\u00e7a do p\u00fablico, a Festa do Pe\u00e3o de Luc\u00e9lia obteve nesta quarta-feira (3) todas as autoriza\u00e7\u00f5es legais, inclusive a decis\u00e3o do Poder Judici\u00e1rio da Comarca de Luc\u00e9lia, obtida \u00e0s 15h13, permitindo a festa. Fica pendente, somente, a decis\u00e3o sobre a idade autorizada a crian\u00e7as e adolescentes, o que vai ser deliberado pela Vara da Inf\u00e2ncia e Juventude.<\/p>\n<p>Segundo nota \u00e0 imprensa, \u201cdentro do conjunto de documentos exigidos, a Festa do Pe\u00e3o de Luc\u00e9lia obteve as decis\u00f5es positivas do Escrit\u00f3rio de Defesa Agropecu\u00e1ria (EDA) do Estado de S\u00e3o Paulo, nos aspectos referentes ao transporte, manuseio e emprego de animais; da Pol\u00edcia Militar do Estado de S\u00e3o Paulo, nos aspectos da seguran\u00e7a p\u00fablica, tendo realizado sua vistoria e exigido toda a documenta\u00e7\u00e3o legal pertinente; e do Corpo de Bombeiros do Estado de S\u00e3o Paulo, nos aspectos ligados \u00e0 seguran\u00e7a das instala\u00e7\u00f5es provis\u00f3rias, preven\u00e7\u00e3o e combate a inc\u00eandios, equipes de brigadistas e primeiros socorros, entre outras quest\u00f5es, tendo realizado vistoria no recinto na data de ontem (2). Dentro das suas prerrogativas, o Corpo de Bombeiros emitiu recomenda\u00e7\u00f5es, prontamente atendidas pelos organizadores do evento, habilitando assim, em definitivo, na data de hoje (3), a expedi\u00e7\u00e3o do competente alvar\u00e1\u201d, diz o texto.<\/p>\n<p>Ainda de acordo com a nota, \u201ca aten\u00e7\u00e3o integral e respons\u00e1vel a todos os aspectos legais para a realiza\u00e7\u00e3o de eventos dessa natureza \u00e9 parte da rotina da equipe de profissionais habilitados que atuam contratados pela Cabeludo Eventos na realiza\u00e7\u00e3o de diversos eventos similares em cidades da regi\u00e3o, sempre em respeito \u00e0s exig\u00eancias fixadas pela legisla\u00e7\u00e3o, respeito aos nossos contratantes, parceiros e, sobretudo, ao p\u00fablico\u201d, reitera.<\/p>\n<p>Por fim, \u201ca Cabeludo Eventos destaca ainda que os apontamentos realizados na vistoria, na data de ontem, pelo Corpo de Bombeiros foram recebidos com tranquilidade por toda a equipe, sendo esta uma pr\u00e1tica comum e vivenciada em outros eventos, que aperfei\u00e7oa e amplia as medidas de seguran\u00e7a, cabendo ao realizador o atendimento \u00e0s recomenda\u00e7\u00f5es \u2013 como de fato ocorreu \u2013 com a responsabilidade e a seriedade que o tema merece\u201d, completa a nota.<\/p>\n","protected":false},"excerpt":{"rendered":"<p>Come\u00e7a na noite desta quarta-feira (3) a Festa do Pe\u00e3o de Luc\u00e9lia, que volta \u00e0 cidade com realiza\u00e7\u00e3o da Prefeitura Municipal e grandes atra\u00e7\u00f5es musicais: Thaeme &amp; Thiago, Jo\u00e3o Bosco &amp; Vin\u00edcius, Brenno &amp; Matheus e Fiduma &amp; Jeca. Com entrada franca, a Festa do Pe\u00e3o integra a programa\u00e7\u00e3o dos 75 anos da Capital da [&hellip;]<\/p>\n","protected":false},"author":8,"featured_media":14502,"comment_status":"closed","ping_status":"open","sticky":false,"template":"","format":"standard","meta":{"_acf_changed":false,"_exactmetrics_skip_tracking":false,"_exactmetrics_sitenote_active":false,"_exactmetrics_sitenote_note":"","_exactmetrics_sitenote_category":0,"footnotes":""},"categories":[24],"tags":[],"class_list":["post-14500","post","type-post","status-publish","format-standard","has-post-thumbnail","hentry","category-regiao"],"acf":[],"yoast_head":"<!-- This site is optimized with the Yoast SEO plugin v27.2 - https:\/\/yoast.com\/product\/yoast-seo-wordpress\/ -->\n<title>Confirmado: Festa do Pe\u00e3o de Luc\u00e9lia come\u00e7a nesta quarta-feira - R\u00e1dio Life FM<\/title>\n<meta name=\"robots\" content=\"index, follow, max-snippet:-1, max-image-preview:large, max-video-preview:-1\" \/>\n<link rel=\"canonical\" href=\"https:\/\/radiolifefm.com.br\/noticias\/confirmado-festa-do-peao-de-lucelia-comeca-nesta-quarta-feira\/\" \/>\n<meta property=\"og:locale\" content=\"pt_BR\" \/>\n<meta property=\"og:type\" content=\"article\" \/>\n<meta property=\"og:title\" content=\"Confirmado: Festa do Pe\u00e3o de Luc\u00e9lia come\u00e7a nesta quarta-feira - R\u00e1dio Life FM\" \/>\n<meta property=\"og:description\" content=\"Come\u00e7a na noite desta quarta-feira (3) a Festa do Pe\u00e3o de Luc\u00e9lia, que volta \u00e0 cidade com realiza\u00e7\u00e3o da Prefeitura Municipal e grandes atra\u00e7\u00f5es musicais: Thaeme &amp; Thiago, Jo\u00e3o Bosco &amp; Vin\u00edcius, Brenno &amp; Matheus e Fiduma &amp; Jeca. Com entrada franca, a Festa do Pe\u00e3o integra a programa\u00e7\u00e3o dos 75 anos da Capital da [&hellip;]\" \/>\n<meta property=\"og:url\" content=\"https:\/\/radiolifefm.com.br\/noticias\/confirmado-festa-do-peao-de-lucelia-comeca-nesta-quarta-feira\/\" \/>\n<meta property=\"og:site_name\" content=\"R\u00e1dio Life FM\" \/>\n<meta property=\"article:publisher\" content=\"https:\/\/www.facebook.com\/radiolifefm\/\" \/>\n<meta property=\"article:published_time\" content=\"2019-07-03T21:13:24+00:00\" \/>\n<meta property=\"article:modified_time\" content=\"2026-04-26T15:06:24+00:00\" \/>\n<meta property=\"og:image\" content=\"https:\/\/radiolifefm.com.br\/noticias\/wp-content\/uploads\/2019\/07\/Festa-do-Pe\u00e3o-Luc\u00e9lia-4.jpg\" \/>\n\t<meta property=\"og:image:width\" content=\"1280\" \/>\n\t<meta property=\"og:image:height\" content=\"960\" \/>\n\t<meta property=\"og:image:type\" content=\"image\/jpeg\" \/>\n<meta name=\"author\" content=\"joaograndao\" \/>\n<meta name=\"twitter:card\" content=\"summary_large_image\" \/>\n<meta name=\"twitter:label1\" content=\"Escrito por\" \/>\n\t<meta name=\"twitter:data1\" content=\"joaograndao\" \/>\n\t<meta name=\"twitter:label2\" content=\"Est. tempo de leitura\" \/>\n\t<meta name=\"twitter:data2\" content=\"4 minutos\" \/>\n<script type=\"application\/ld+json\" class=\"yoast-schema-graph\">{\"@context\":\"https:\/\/schema.org\",\"@graph\":[{\"@type\":\"Article\",\"@id\":\"https:\/\/radiolifefm.com.br\/noticias\/confirmado-festa-do-peao-de-lucelia-comeca-nesta-quarta-feira\/#article\",\"isPartOf\":{\"@id\":\"https:\/\/radiolifefm.com.br\/noticias\/confirmado-festa-do-peao-de-lucelia-comeca-nesta-quarta-feira\/\"},\"author\":{\"name\":\"joaograndao\",\"@id\":\"https:\/\/radiolifefm.com.br\/noticias\/#\/schema\/person\/6876e1240feffe6e1b63fd5cb85abf28\"},\"headline\":\"Confirmado: Festa do Pe\u00e3o de Luc\u00e9lia come\u00e7a nesta quarta-feira\",\"datePublished\":\"2019-07-03T21:13:24+00:00\",\"dateModified\":\"2026-04-26T15:06:24+00:00\",\"mainEntityOfPage\":{\"@id\":\"https:\/\/radiolifefm.com.br\/noticias\/confirmado-festa-do-peao-de-lucelia-comeca-nesta-quarta-feira\/\"},\"wordCount\":882,\"publisher\":{\"@id\":\"https:\/\/radiolifefm.com.br\/noticias\/#organization\"},\"image\":{\"@id\":\"https:\/\/radiolifefm.com.br\/noticias\/confirmado-festa-do-peao-de-lucelia-comeca-nesta-quarta-feira\/#primaryimage\"},\"thumbnailUrl\":\"https:\/\/radiolifefm.com.br\/noticias\/wp-content\/uploads\/2019\/07\/Festa-do-Pe\u00e3o-Luc\u00e9lia-4.jpg\",\"articleSection\":[\"Regi\u00e3o\"],\"inLanguage\":\"pt-BR\"},{\"@type\":\"WebPage\",\"@id\":\"https:\/\/radiolifefm.com.br\/noticias\/confirmado-festa-do-peao-de-lucelia-comeca-nesta-quarta-feira\/\",\"url\":\"https:\/\/radiolifefm.com.br\/noticias\/confirmado-festa-do-peao-de-lucelia-comeca-nesta-quarta-feira\/\",\"name\":\"Confirmado: Festa do Pe\u00e3o de Luc\u00e9lia come\u00e7a nesta quarta-feira - R\u00e1dio Life FM\",\"isPartOf\":{\"@id\":\"https:\/\/radiolifefm.com.br\/noticias\/#website\"},\"primaryImageOfPage\":{\"@id\":\"https:\/\/radiolifefm.com.br\/noticias\/confirmado-festa-do-peao-de-lucelia-comeca-nesta-quarta-feira\/#primaryimage\"},\"image\":{\"@id\":\"https:\/\/radiolifefm.com.br\/noticias\/confirmado-festa-do-peao-de-lucelia-comeca-nesta-quarta-feira\/#primaryimage\"},\"thumbnailUrl\":\"https:\/\/radiolifefm.com.br\/noticias\/wp-content\/uploads\/2019\/07\/Festa-do-Pe\u00e3o-Luc\u00e9lia-4.jpg\",\"datePublished\":\"2019-07-03T21:13:24+00:00\",\"dateModified\":\"2026-04-26T15:06:24+00:00\",\"breadcrumb\":{\"@id\":\"https:\/\/radiolifefm.com.br\/noticias\/confirmado-festa-do-peao-de-lucelia-comeca-nesta-quarta-feira\/#breadcrumb\"},\"inLanguage\":\"pt-BR\",\"potentialAction\":[{\"@type\":\"ReadAction\",\"target\":[\"https:\/\/radiolifefm.com.br\/noticias\/confirmado-festa-do-peao-de-lucelia-comeca-nesta-quarta-feira\/\"]}]},{\"@type\":\"ImageObject\",\"inLanguage\":\"pt-BR\",\"@id\":\"https:\/\/radiolifefm.com.br\/noticias\/confirmado-festa-do-peao-de-lucelia-comeca-nesta-quarta-feira\/#primaryimage\",\"url\":\"https:\/\/radiolifefm.com.br\/noticias\/wp-content\/uploads\/2019\/07\/Festa-do-Pe\u00e3o-Luc\u00e9lia-4.jpg\",\"contentUrl\":\"https:\/\/radiolifefm.com.br\/noticias\/wp-content\/uploads\/2019\/07\/Festa-do-Pe\u00e3o-Luc\u00e9lia-4.jpg\",\"width\":1280,\"height\":960,\"caption\":\"CR\u00c9DITO: Siga Comunica\u00e7\u00e3o\"},{\"@type\":\"BreadcrumbList\",\"@id\":\"https:\/\/radiolifefm.com.br\/noticias\/confirmado-festa-do-peao-de-lucelia-comeca-nesta-quarta-feira\/#breadcrumb\",\"itemListElement\":[{\"@type\":\"ListItem\",\"position\":1,\"name\":\"In\u00edcio\",\"item\":\"https:\/\/radiolifefm.com.br\/noticias\/\"},{\"@type\":\"ListItem\",\"position\":2,\"name\":\"Confirmado: Festa do Pe\u00e3o de Luc\u00e9lia come\u00e7a nesta quarta-feira\"}]},{\"@type\":\"WebSite\",\"@id\":\"https:\/\/radiolifefm.com.br\/noticias\/#website\",\"url\":\"https:\/\/radiolifefm.com.br\/noticias\/\",\"name\":\"R\u00e1dio Life FM\",\"description\":\"O Portal de Not\u00edcias de Adamantina\",\"publisher\":{\"@id\":\"https:\/\/radiolifefm.com.br\/noticias\/#organization\"},\"alternateName\":\"Life FM\",\"potentialAction\":[{\"@type\":\"SearchAction\",\"target\":{\"@type\":\"EntryPoint\",\"urlTemplate\":\"https:\/\/radiolifefm.com.br\/noticias\/?s={search_term_string}\"},\"query-input\":{\"@type\":\"PropertyValueSpecification\",\"valueRequired\":true,\"valueName\":\"search_term_string\"}}],\"inLanguage\":\"pt-BR\"},{\"@type\":\"Organization\",\"@id\":\"https:\/\/radiolifefm.com.br\/noticias\/#organization\",\"name\":\"R\u00e1dio Life FM\",\"alternateName\":\"Life FM\",\"url\":\"https:\/\/radiolifefm.com.br\/noticias\/\",\"logo\":{\"@type\":\"ImageObject\",\"inLanguage\":\"pt-BR\",\"@id\":\"https:\/\/radiolifefm.com.br\/noticias\/#\/schema\/logo\/image\/\",\"url\":\"https:\/\/static.radiolifefm.com.br\/noticias\/wp-content\/uploads\/2019\/10\/logo-lifefm.png\",\"contentUrl\":\"https:\/\/static.radiolifefm.com.br\/noticias\/wp-content\/uploads\/2019\/10\/logo-lifefm.png\",\"width\":196,\"height\":47,\"caption\":\"R\u00e1dio Life FM\"},\"image\":{\"@id\":\"https:\/\/radiolifefm.com.br\/noticias\/#\/schema\/logo\/image\/\"},\"sameAs\":[\"https:\/\/www.facebook.com\/radiolifefm\/\",\"https:\/\/www.instagram.com\/life1079fm\/\"]},{\"@type\":\"Person\",\"@id\":\"https:\/\/radiolifefm.com.br\/noticias\/#\/schema\/person\/6876e1240feffe6e1b63fd5cb85abf28\",\"name\":\"joaograndao\",\"image\":{\"@type\":\"ImageObject\",\"inLanguage\":\"pt-BR\",\"@id\":\"https:\/\/secure.gravatar.com\/avatar\/d5b1a3cf357ed9c50404e256a1294083aa8ab5d2a994001567302786016cb32c?s=96&d=mm&r=g\",\"url\":\"https:\/\/secure.gravatar.com\/avatar\/d5b1a3cf357ed9c50404e256a1294083aa8ab5d2a994001567302786016cb32c?s=96&d=mm&r=g\",\"contentUrl\":\"https:\/\/secure.gravatar.com\/avatar\/d5b1a3cf357ed9c50404e256a1294083aa8ab5d2a994001567302786016cb32c?s=96&d=mm&r=g\",\"caption\":\"joaograndao\"}}]}<\/script>\n<!-- \/ Yoast SEO plugin. -->","yoast_head_json":{"title":"Confirmado: Festa do Pe\u00e3o de Luc\u00e9lia come\u00e7a nesta quarta-feira - R\u00e1dio Life FM","robots":{"index":"index","follow":"follow","max-snippet":"max-snippet:-1","max-image-preview":"max-image-preview:large","max-video-preview":"max-video-preview:-1"},"canonical":"https:\/\/radiolifefm.com.br\/noticias\/confirmado-festa-do-peao-de-lucelia-comeca-nesta-quarta-feira\/","og_locale":"pt_BR","og_type":"article","og_title":"Confirmado: Festa do Pe\u00e3o de Luc\u00e9lia come\u00e7a nesta quarta-feira - R\u00e1dio Life FM","og_description":"Come\u00e7a na noite desta quarta-feira (3) a Festa do Pe\u00e3o de Luc\u00e9lia, que volta \u00e0 cidade com realiza\u00e7\u00e3o da Prefeitura Municipal e grandes atra\u00e7\u00f5es musicais: Thaeme &amp; Thiago, Jo\u00e3o Bosco &amp; Vin\u00edcius, Brenno &amp; Matheus e Fiduma &amp; Jeca. Com entrada franca, a Festa do Pe\u00e3o integra a programa\u00e7\u00e3o dos 75 anos da Capital da [&hellip;]","og_url":"https:\/\/radiolifefm.com.br\/noticias\/confirmado-festa-do-peao-de-lucelia-comeca-nesta-quarta-feira\/","og_site_name":"R\u00e1dio Life FM","article_publisher":"https:\/\/www.facebook.com\/radiolifefm\/","article_published_time":"2019-07-03T21:13:24+00:00","article_modified_time":"2026-04-26T15:06:24+00:00","og_image":[{"width":1280,"height":960,"url":"https:\/\/radiolifefm.com.br\/noticias\/wp-content\/uploads\/2019\/07\/Festa-do-Pe\u00e3o-Luc\u00e9lia-4.jpg","type":"image\/jpeg"}],"author":"joaograndao","twitter_card":"summary_large_image","twitter_misc":{"Escrito por":"joaograndao","Est. tempo de leitura":"4 minutos"},"schema":{"@context":"https:\/\/schema.org","@graph":[{"@type":"Article","@id":"https:\/\/radiolifefm.com.br\/noticias\/confirmado-festa-do-peao-de-lucelia-comeca-nesta-quarta-feira\/#article","isPartOf":{"@id":"https:\/\/radiolifefm.com.br\/noticias\/confirmado-festa-do-peao-de-lucelia-comeca-nesta-quarta-feira\/"},"author":{"name":"joaograndao","@id":"https:\/\/radiolifefm.com.br\/noticias\/#\/schema\/person\/6876e1240feffe6e1b63fd5cb85abf28"},"headline":"Confirmado: Festa do Pe\u00e3o de Luc\u00e9lia come\u00e7a nesta quarta-feira","datePublished":"2019-07-03T21:13:24+00:00","dateModified":"2026-04-26T15:06:24+00:00","mainEntityOfPage":{"@id":"https:\/\/radiolifefm.com.br\/noticias\/confirmado-festa-do-peao-de-lucelia-comeca-nesta-quarta-feira\/"},"wordCount":882,"publisher":{"@id":"https:\/\/radiolifefm.com.br\/noticias\/#organization"},"image":{"@id":"https:\/\/radiolifefm.com.br\/noticias\/confirmado-festa-do-peao-de-lucelia-comeca-nesta-quarta-feira\/#primaryimage"},"thumbnailUrl":"https:\/\/radiolifefm.com.br\/noticias\/wp-content\/uploads\/2019\/07\/Festa-do-Pe\u00e3o-Luc\u00e9lia-4.jpg","articleSection":["Regi\u00e3o"],"inLanguage":"pt-BR"},{"@type":"WebPage","@id":"https:\/\/radiolifefm.com.br\/noticias\/confirmado-festa-do-peao-de-lucelia-comeca-nesta-quarta-feira\/","url":"https:\/\/radiolifefm.com.br\/noticias\/confirmado-festa-do-peao-de-lucelia-comeca-nesta-quarta-feira\/","name":"Confirmado: Festa do Pe\u00e3o de Luc\u00e9lia come\u00e7a nesta quarta-feira - R\u00e1dio Life FM","isPartOf":{"@id":"https:\/\/radiolifefm.com.br\/noticias\/#website"},"primaryImageOfPage":{"@id":"https:\/\/radiolifefm.com.br\/noticias\/confirmado-festa-do-peao-de-lucelia-comeca-nesta-quarta-feira\/#primaryimage"},"image":{"@id":"https:\/\/radiolifefm.com.br\/noticias\/confirmado-festa-do-peao-de-lucelia-comeca-nesta-quarta-feira\/#primaryimage"},"thumbnailUrl":"https:\/\/radiolifefm.com.br\/noticias\/wp-content\/uploads\/2019\/07\/Festa-do-Pe\u00e3o-Luc\u00e9lia-4.jpg","datePublished":"2019-07-03T21:13:24+00:00","dateModified":"2026-04-26T15:06:24+00:00","breadcrumb":{"@id":"https:\/\/radiolifefm.com.br\/noticias\/confirmado-festa-do-peao-de-lucelia-comeca-nesta-quarta-feira\/#breadcrumb"},"inLanguage":"pt-BR","potentialAction":[{"@type":"ReadAction","target":["https:\/\/radiolifefm.com.br\/noticias\/confirmado-festa-do-peao-de-lucelia-comeca-nesta-quarta-feira\/"]}]},{"@type":"ImageObject","inLanguage":"pt-BR","@id":"https:\/\/radiolifefm.com.br\/noticias\/confirmado-festa-do-peao-de-lucelia-comeca-nesta-quarta-feira\/#primaryimage","url":"https:\/\/radiolifefm.com.br\/noticias\/wp-content\/uploads\/2019\/07\/Festa-do-Pe\u00e3o-Luc\u00e9lia-4.jpg","contentUrl":"https:\/\/radiolifefm.com.br\/noticias\/wp-content\/uploads\/2019\/07\/Festa-do-Pe\u00e3o-Luc\u00e9lia-4.jpg","width":1280,"height":960,"caption":"CR\u00c9DITO: Siga Comunica\u00e7\u00e3o"},{"@type":"BreadcrumbList","@id":"https:\/\/radiolifefm.com.br\/noticias\/confirmado-festa-do-peao-de-lucelia-comeca-nesta-quarta-feira\/#breadcrumb","itemListElement":[{"@type":"ListItem","position":1,"name":"In\u00edcio","item":"https:\/\/radiolifefm.com.br\/noticias\/"},{"@type":"ListItem","position":2,"name":"Confirmado: Festa do Pe\u00e3o de Luc\u00e9lia come\u00e7a nesta quarta-feira"}]},{"@type":"WebSite","@id":"https:\/\/radiolifefm.com.br\/noticias\/#website","url":"https:\/\/radiolifefm.com.br\/noticias\/","name":"R\u00e1dio Life FM","description":"O Portal de Not\u00edcias de Adamantina","publisher":{"@id":"https:\/\/radiolifefm.com.br\/noticias\/#organization"},"alternateName":"Life FM","potentialAction":[{"@type":"SearchAction","target":{"@type":"EntryPoint","urlTemplate":"https:\/\/radiolifefm.com.br\/noticias\/?s={search_term_string}"},"query-input":{"@type":"PropertyValueSpecification","valueRequired":true,"valueName":"search_term_string"}}],"inLanguage":"pt-BR"},{"@type":"Organization","@id":"https:\/\/radiolifefm.com.br\/noticias\/#organization","name":"R\u00e1dio Life FM","alternateName":"Life FM","url":"https:\/\/radiolifefm.com.br\/noticias\/","logo":{"@type":"ImageObject","inLanguage":"pt-BR","@id":"https:\/\/radiolifefm.com.br\/noticias\/#\/schema\/logo\/image\/","url":"https:\/\/static.radiolifefm.com.br\/noticias\/wp-content\/uploads\/2019\/10\/logo-lifefm.png","contentUrl":"https:\/\/static.radiolifefm.com.br\/noticias\/wp-content\/uploads\/2019\/10\/logo-lifefm.png","width":196,"height":47,"caption":"R\u00e1dio Life FM"},"image":{"@id":"https:\/\/radiolifefm.com.br\/noticias\/#\/schema\/logo\/image\/"},"sameAs":["https:\/\/www.facebook.com\/radiolifefm\/","https:\/\/www.instagram.com\/life1079fm\/"]},{"@type":"Person","@id":"https:\/\/radiolifefm.com.br\/noticias\/#\/schema\/person\/6876e1240feffe6e1b63fd5cb85abf28","name":"joaograndao","image":{"@type":"ImageObject","inLanguage":"pt-BR","@id":"https:\/\/secure.gravatar.com\/avatar\/d5b1a3cf357ed9c50404e256a1294083aa8ab5d2a994001567302786016cb32c?s=96&d=mm&r=g","url":"https:\/\/secure.gravatar.com\/avatar\/d5b1a3cf357ed9c50404e256a1294083aa8ab5d2a994001567302786016cb32c?s=96&d=mm&r=g","contentUrl":"https:\/\/secure.gravatar.com\/avatar\/d5b1a3cf357ed9c50404e256a1294083aa8ab5d2a994001567302786016cb32c?s=96&d=mm&r=g","caption":"joaograndao"}}]}},"amp_enabled":true,"_links":{"self":[{"href":"https:\/\/radiolifefm.com.br\/noticias\/wp-json\/wp\/v2\/posts\/14500","targetHints":{"allow":["GET"]}}],"collection":[{"href":"https:\/\/radiolifefm.com.br\/noticias\/wp-json\/wp\/v2\/posts"}],"about":[{"href":"https:\/\/radiolifefm.com.br\/noticias\/wp-json\/wp\/v2\/types\/post"}],"author":[{"embeddable":true,"href":"https:\/\/radiolifefm.com.br\/noticias\/wp-json\/wp\/v2\/users\/8"}],"replies":[{"embeddable":true,"href":"https:\/\/radiolifefm.com.br\/noticias\/wp-json\/wp\/v2\/comments?post=14500"}],"version-history":[{"count":3,"href":"https:\/\/radiolifefm.com.br\/noticias\/wp-json\/wp\/v2\/posts\/14500\/revisions"}],"predecessor-version":[{"id":14549,"href":"https:\/\/radiolifefm.com.br\/noticias\/wp-json\/wp\/v2\/posts\/14500\/revisions\/14549"}],"wp:featuredmedia":[{"embeddable":true,"href":"https:\/\/radiolifefm.com.br\/noticias\/wp-json\/wp\/v2\/media\/14502"}],"wp:attachment":[{"href":"https:\/\/radiolifefm.com.br\/noticias\/wp-json\/wp\/v2\/media?parent=14500"}],"wp:term":[{"taxonomy":"category","embeddable":true,"href":"https:\/\/radiolifefm.com.br\/noticias\/wp-json\/wp\/v2\/categories?post=14500"},{"taxonomy":"post_tag","embeddable":true,"href":"https:\/\/radiolifefm.com.br\/noticias\/wp-json\/wp\/v2\/tags?post=14500"}],"curies":[{"name":"wp","href":"https:\/\/api.w.org\/{rel}","templated":true}]}}