{"id":14476,"date":"2019-07-03T10:40:18","date_gmt":"2019-07-03T13:40:18","guid":{"rendered":"https:\/\/radiolifefm.com.br\/noticias\/?p=14476"},"modified":"2026-04-22T00:50:40","modified_gmt":"2026-04-22T03:50:40","slug":"acusados-de-improbidade-vereadores-de-pauliceia-sao-afastados-a-pedido-de-promotoria","status":"publish","type":"post","link":"https:\/\/radiolifefm.com.br\/noticias\/acusados-de-improbidade-vereadores-de-pauliceia-sao-afastados-a-pedido-de-promotoria\/","title":{"rendered":"Acusados de improbidade, vereadores de Paulic\u00e9ia s\u00e3o afastados a pedido de Promotoria"},"content":{"rendered":"<div id=\"fb-root\"><\/div>\n<p><em>C\u00e2mara pagou por lustres que foram instalados em loja<\/em><\/p>\n<p>Atendendo a pedido do Minist\u00e9rio P\u00fablico do Estado de S\u00e3o Paulo, a Justi\u00e7a determinou a suspens\u00e3o do mandato eletivo e o afastamento do cargo de dois vereadores de Paulic\u00e9ia. A decis\u00e3o liminar, que determinou ainda a indisponibilidade de bens de ambos os vereadores, foi proferida em a\u00e7\u00e3o civil p\u00fablica pela pr\u00e1tica de ato de improbidade administrativa movida pela Promotoria de Justi\u00e7a de Panorama.<\/p>\n<p>De acordo com a a\u00e7\u00e3o movida pelo Minist\u00e9rio P\u00fablico, no final de 2017, o ent\u00e3o presidente da C\u00e2mara Municipal de Pauliceia adquiriu, com recursos financeiros do Legislativo, vinte lustres no valor total de R$ 7.760,00. Os objetos foram entregues a outro vereador, ex-presidente do Legislativo, que instalou quinze dos lustres em loja de revenda de ve\u00edculos de sua propriedade, naquela cidade.<\/p>\n<p>Os fatos vieram \u00e0 tona no in\u00edcio de abril de 2019, quando, ap\u00f3s a identifica\u00e7\u00e3o da compra em quest\u00e3o, em dilig\u00eancia realizada por oficial de Promotoria na C\u00e2mara de Vereadores, nenhum vereador ou funcion\u00e1rio soube informar o paradeiro de tais lustres. Procedimento investigat\u00f3rio criminal instaurado pela Promotoria de Justi\u00e7a apurou que aqueles lustres estariam instalados na referida loja. Durante dilig\u00eancia, foi constatada a instala\u00e7\u00e3o de quinze lustres com as mesmas caracter\u00edsticas daqueles adquiridos pela C\u00e2mara no final de 2017.<\/p>\n<p>Ainda conforme a peti\u00e7\u00e3o inicial da a\u00e7\u00e3o civil p\u00fablica, nos dois dias seguintes, durante fim de semana, os vereadores providenciaram r\u00e9plicas dos lustres e colocaram em arm\u00e1rios da sala de reuni\u00f5es da C\u00e2mara. Na segunda-feira seguinte, informaram ao Minist\u00e9rio P\u00fablico que tinham encontrado os bens. Por\u00e9m, em busca e apreens\u00e3o determinada pela Justi\u00e7a, grava\u00e7\u00f5es do circuito de c\u00e2meras de filmagem do pr\u00e9dio do Legislativo apontou que as imagens daquele fim de semana n\u00e3o mais estavam registradas.<\/p>\n<p>Laudo pericial realizado para comparar os lustres instalados na loja de revenda de ve\u00edculos e aqueles encontrados na C\u00e2mara com um exemplar original da mesma marca adquirida no final de 2017 constatou que se tratavam de r\u00e9plica bem inferior, com acabamento diferente, bem como tamanho e peso bem menores que os adquiridos pela C\u00e2mara. Por outro lado, os lustres instalados na loja do vereador possu\u00edam acabamento id\u00eantico ao modelo vendido \u00e0 C\u00e2mara, bem como medidas e peso praticamente iguais.<\/p>\n<p>Em virtude desses fatos, foi movida a a\u00e7\u00e3o visando \u00e0 condena\u00e7\u00e3o dos dois vereadores pela pr\u00e1tica de atos de improbidade administrativa que implicaram enriquecimento il\u00edcito, preju\u00edzo ao er\u00e1rio e viola\u00e7\u00e3o de princ\u00edpios da administra\u00e7\u00e3o p\u00fablica. Al\u00e9m do pedido de ressarcimento ao er\u00e1rio, est\u00e3o previstas penas de perda da fun\u00e7\u00e3o p\u00fablica, suspens\u00e3o dos direitos pol\u00edticos de oito a dez anos, pagamento de multa civil de at\u00e9 tr\u00eas vezes o valor do acr\u00e9scimo patrimonial e proibi\u00e7\u00e3o de contratar com o Poder P\u00fablico ou receber benef\u00edcios ou incentivos fiscais ou credit\u00edcios, direta ou indiretamente, ainda que por interm\u00e9dio de pessoa jur\u00eddica da qual seja s\u00f3cio majorit\u00e1rio, pelo prazo de dez anos.<\/p>\n<p>Na decis\u00e3o que deferiu a liminar, o Judici\u00e1rio considerou que \u201ca presen\u00e7a dos requeridos nos mandatos eletivos que ocupam, ante os graves fatos narrados e o lastro probat\u00f3rio j\u00e1 existente nos autos, geraria uma certa afronta \u00e0 ordem p\u00fablica local, por infundir no cidad\u00e3o sentimentos como inseguran\u00e7a e descr\u00e9dito em rela\u00e7\u00e3o \u00e0 Casa Legislativa de Paulic\u00e9ia, a qual, al\u00e9m de possuir a fun\u00e7\u00e3o t\u00edpica de elaborar as leis, det\u00e9m tamb\u00e9m fun\u00e7\u00f5es administrativas e fiscalizadoras\u201d. Al\u00e9m disso, \u201ca perman\u00eancia dos mesmos poder\u00e1 trazer, ao menos por ora, riscos \u00e0 instru\u00e7\u00e3o processual para a apura\u00e7\u00e3o dos fatos, at\u00e9 porque h\u00e1 not\u00edcias de que os requeridos teriam inovado artificiosamente, na pend\u00eancia do P.I.C., alterando o estado de coisas\u201d.<\/p>\n<p>Ambos os vereadores tamb\u00e9m foram denunciados pelos crimes de peculato e fraude processual perante a 2\u00aa Vara Judicial de Panorama.<\/p>\n<p>N\u00facleo de Comunica\u00e7\u00e3o Social<br \/>\nMinist\u00e9rio P\u00fablico do Estado de S\u00e3o Paulo<\/p>\n<p>Folha Regional<\/p>\n","protected":false},"excerpt":{"rendered":"<p>C\u00e2mara pagou por lustres que foram instalados em loja Atendendo a pedido do Minist\u00e9rio P\u00fablico do Estado de S\u00e3o Paulo, a Justi\u00e7a determinou a suspens\u00e3o do mandato eletivo e o afastamento do cargo de dois vereadores de Paulic\u00e9ia. A decis\u00e3o liminar, que determinou ainda a indisponibilidade de bens de ambos os vereadores, foi proferida em [&hellip;]<\/p>\n","protected":false},"author":3,"featured_media":14477,"comment_status":"closed","ping_status":"open","sticky":false,"template":"","format":"standard","meta":{"_acf_changed":false,"_exactmetrics_skip_tracking":false,"_exactmetrics_sitenote_active":false,"_exactmetrics_sitenote_note":"","_exactmetrics_sitenote_category":0,"footnotes":""},"categories":[24],"tags":[],"class_list":["post-14476","post","type-post","status-publish","format-standard","has-post-thumbnail","hentry","category-regiao"],"acf":[],"yoast_head":"<!-- This site is optimized with the Yoast SEO plugin v27.2 - https:\/\/yoast.com\/product\/yoast-seo-wordpress\/ -->\n<title>Acusados de improbidade, vereadores de Paulic\u00e9ia s\u00e3o afastados a pedido de Promotoria - R\u00e1dio Life FM<\/title>\n<meta name=\"robots\" content=\"index, follow, max-snippet:-1, max-image-preview:large, max-video-preview:-1\" \/>\n<link rel=\"canonical\" href=\"https:\/\/radiolifefm.com.br\/noticias\/acusados-de-improbidade-vereadores-de-pauliceia-sao-afastados-a-pedido-de-promotoria\/\" \/>\n<meta property=\"og:locale\" content=\"pt_BR\" \/>\n<meta property=\"og:type\" content=\"article\" \/>\n<meta property=\"og:title\" content=\"Acusados de improbidade, vereadores de Paulic\u00e9ia s\u00e3o afastados a pedido de Promotoria - R\u00e1dio Life FM\" \/>\n<meta property=\"og:description\" content=\"C\u00e2mara pagou por lustres que foram instalados em loja Atendendo a pedido do Minist\u00e9rio P\u00fablico do Estado de S\u00e3o Paulo, a Justi\u00e7a determinou a suspens\u00e3o do mandato eletivo e o afastamento do cargo de dois vereadores de Paulic\u00e9ia. A decis\u00e3o liminar, que determinou ainda a indisponibilidade de bens de ambos os vereadores, foi proferida em [&hellip;]\" \/>\n<meta property=\"og:url\" content=\"https:\/\/radiolifefm.com.br\/noticias\/acusados-de-improbidade-vereadores-de-pauliceia-sao-afastados-a-pedido-de-promotoria\/\" \/>\n<meta property=\"og:site_name\" content=\"R\u00e1dio Life FM\" \/>\n<meta property=\"article:publisher\" content=\"https:\/\/www.facebook.com\/radiolifefm\/\" \/>\n<meta property=\"article:published_time\" content=\"2019-07-03T13:40:18+00:00\" \/>\n<meta property=\"article:modified_time\" content=\"2026-04-22T03:50:40+00:00\" \/>\n<meta property=\"og:image\" content=\"https:\/\/radiolifefm.com.br\/noticias\/wp-content\/uploads\/2019\/07\/C\u00e2mara-Pauliceia.jpg\" \/>\n\t<meta property=\"og:image:width\" content=\"768\" \/>\n\t<meta property=\"og:image:height\" content=\"427\" \/>\n\t<meta property=\"og:image:type\" content=\"image\/jpeg\" \/>\n<meta name=\"author\" content=\"lifefm\" \/>\n<meta name=\"twitter:card\" content=\"summary_large_image\" \/>\n<meta name=\"twitter:label1\" content=\"Escrito por\" \/>\n\t<meta name=\"twitter:data1\" content=\"lifefm\" \/>\n\t<meta name=\"twitter:label2\" content=\"Est. tempo de leitura\" \/>\n\t<meta name=\"twitter:data2\" content=\"4 minutos\" \/>\n<script type=\"application\/ld+json\" class=\"yoast-schema-graph\">{\"@context\":\"https:\/\/schema.org\",\"@graph\":[{\"@type\":\"Article\",\"@id\":\"https:\/\/radiolifefm.com.br\/noticias\/acusados-de-improbidade-vereadores-de-pauliceia-sao-afastados-a-pedido-de-promotoria\/#article\",\"isPartOf\":{\"@id\":\"https:\/\/radiolifefm.com.br\/noticias\/acusados-de-improbidade-vereadores-de-pauliceia-sao-afastados-a-pedido-de-promotoria\/\"},\"author\":{\"name\":\"lifefm\",\"@id\":\"https:\/\/radiolifefm.com.br\/noticias\/#\/schema\/person\/1d4e4b1301322090c6221bf1c8420490\"},\"headline\":\"Acusados de improbidade, vereadores de Paulic\u00e9ia s\u00e3o afastados a pedido de Promotoria\",\"datePublished\":\"2019-07-03T13:40:18+00:00\",\"dateModified\":\"2026-04-22T03:50:40+00:00\",\"mainEntityOfPage\":{\"@id\":\"https:\/\/radiolifefm.com.br\/noticias\/acusados-de-improbidade-vereadores-de-pauliceia-sao-afastados-a-pedido-de-promotoria\/\"},\"wordCount\":736,\"publisher\":{\"@id\":\"https:\/\/radiolifefm.com.br\/noticias\/#organization\"},\"image\":{\"@id\":\"https:\/\/radiolifefm.com.br\/noticias\/acusados-de-improbidade-vereadores-de-pauliceia-sao-afastados-a-pedido-de-promotoria\/#primaryimage\"},\"thumbnailUrl\":\"https:\/\/radiolifefm.com.br\/noticias\/wp-content\/uploads\/2019\/07\/C\u00e2mara-Pauliceia.jpg\",\"articleSection\":[\"Regi\u00e3o\"],\"inLanguage\":\"pt-BR\"},{\"@type\":\"WebPage\",\"@id\":\"https:\/\/radiolifefm.com.br\/noticias\/acusados-de-improbidade-vereadores-de-pauliceia-sao-afastados-a-pedido-de-promotoria\/\",\"url\":\"https:\/\/radiolifefm.com.br\/noticias\/acusados-de-improbidade-vereadores-de-pauliceia-sao-afastados-a-pedido-de-promotoria\/\",\"name\":\"Acusados de improbidade, vereadores de Paulic\u00e9ia s\u00e3o afastados a pedido de Promotoria - R\u00e1dio Life FM\",\"isPartOf\":{\"@id\":\"https:\/\/radiolifefm.com.br\/noticias\/#website\"},\"primaryImageOfPage\":{\"@id\":\"https:\/\/radiolifefm.com.br\/noticias\/acusados-de-improbidade-vereadores-de-pauliceia-sao-afastados-a-pedido-de-promotoria\/#primaryimage\"},\"image\":{\"@id\":\"https:\/\/radiolifefm.com.br\/noticias\/acusados-de-improbidade-vereadores-de-pauliceia-sao-afastados-a-pedido-de-promotoria\/#primaryimage\"},\"thumbnailUrl\":\"https:\/\/radiolifefm.com.br\/noticias\/wp-content\/uploads\/2019\/07\/C\u00e2mara-Pauliceia.jpg\",\"datePublished\":\"2019-07-03T13:40:18+00:00\",\"dateModified\":\"2026-04-22T03:50:40+00:00\",\"breadcrumb\":{\"@id\":\"https:\/\/radiolifefm.com.br\/noticias\/acusados-de-improbidade-vereadores-de-pauliceia-sao-afastados-a-pedido-de-promotoria\/#breadcrumb\"},\"inLanguage\":\"pt-BR\",\"potentialAction\":[{\"@type\":\"ReadAction\",\"target\":[\"https:\/\/radiolifefm.com.br\/noticias\/acusados-de-improbidade-vereadores-de-pauliceia-sao-afastados-a-pedido-de-promotoria\/\"]}]},{\"@type\":\"ImageObject\",\"inLanguage\":\"pt-BR\",\"@id\":\"https:\/\/radiolifefm.com.br\/noticias\/acusados-de-improbidade-vereadores-de-pauliceia-sao-afastados-a-pedido-de-promotoria\/#primaryimage\",\"url\":\"https:\/\/radiolifefm.com.br\/noticias\/wp-content\/uploads\/2019\/07\/C\u00e2mara-Pauliceia.jpg\",\"contentUrl\":\"https:\/\/radiolifefm.com.br\/noticias\/wp-content\/uploads\/2019\/07\/C\u00e2mara-Pauliceia.jpg\",\"width\":768,\"height\":427},{\"@type\":\"BreadcrumbList\",\"@id\":\"https:\/\/radiolifefm.com.br\/noticias\/acusados-de-improbidade-vereadores-de-pauliceia-sao-afastados-a-pedido-de-promotoria\/#breadcrumb\",\"itemListElement\":[{\"@type\":\"ListItem\",\"position\":1,\"name\":\"In\u00edcio\",\"item\":\"https:\/\/radiolifefm.com.br\/noticias\/\"},{\"@type\":\"ListItem\",\"position\":2,\"name\":\"Acusados de improbidade, vereadores de Paulic\u00e9ia s\u00e3o afastados a pedido de Promotoria\"}]},{\"@type\":\"WebSite\",\"@id\":\"https:\/\/radiolifefm.com.br\/noticias\/#website\",\"url\":\"https:\/\/radiolifefm.com.br\/noticias\/\",\"name\":\"R\u00e1dio Life FM\",\"description\":\"O Portal de Not\u00edcias de Adamantina\",\"publisher\":{\"@id\":\"https:\/\/radiolifefm.com.br\/noticias\/#organization\"},\"alternateName\":\"Life FM\",\"potentialAction\":[{\"@type\":\"SearchAction\",\"target\":{\"@type\":\"EntryPoint\",\"urlTemplate\":\"https:\/\/radiolifefm.com.br\/noticias\/?s={search_term_string}\"},\"query-input\":{\"@type\":\"PropertyValueSpecification\",\"valueRequired\":true,\"valueName\":\"search_term_string\"}}],\"inLanguage\":\"pt-BR\"},{\"@type\":\"Organization\",\"@id\":\"https:\/\/radiolifefm.com.br\/noticias\/#organization\",\"name\":\"R\u00e1dio Life FM\",\"alternateName\":\"Life FM\",\"url\":\"https:\/\/radiolifefm.com.br\/noticias\/\",\"logo\":{\"@type\":\"ImageObject\",\"inLanguage\":\"pt-BR\",\"@id\":\"https:\/\/radiolifefm.com.br\/noticias\/#\/schema\/logo\/image\/\",\"url\":\"https:\/\/static.radiolifefm.com.br\/noticias\/wp-content\/uploads\/2019\/10\/logo-lifefm.png\",\"contentUrl\":\"https:\/\/static.radiolifefm.com.br\/noticias\/wp-content\/uploads\/2019\/10\/logo-lifefm.png\",\"width\":196,\"height\":47,\"caption\":\"R\u00e1dio Life FM\"},\"image\":{\"@id\":\"https:\/\/radiolifefm.com.br\/noticias\/#\/schema\/logo\/image\/\"},\"sameAs\":[\"https:\/\/www.facebook.com\/radiolifefm\/\",\"https:\/\/www.instagram.com\/life1079fm\/\"]},{\"@type\":\"Person\",\"@id\":\"https:\/\/radiolifefm.com.br\/noticias\/#\/schema\/person\/1d4e4b1301322090c6221bf1c8420490\",\"name\":\"lifefm\",\"image\":{\"@type\":\"ImageObject\",\"inLanguage\":\"pt-BR\",\"@id\":\"https:\/\/secure.gravatar.com\/avatar\/eca268467d925ec97d20641bb054fd944c0abb2f92854171620706bbe6474e7c?s=96&d=mm&r=g\",\"url\":\"https:\/\/secure.gravatar.com\/avatar\/eca268467d925ec97d20641bb054fd944c0abb2f92854171620706bbe6474e7c?s=96&d=mm&r=g\",\"contentUrl\":\"https:\/\/secure.gravatar.com\/avatar\/eca268467d925ec97d20641bb054fd944c0abb2f92854171620706bbe6474e7c?s=96&d=mm&r=g\",\"caption\":\"lifefm\"}}]}<\/script>\n<!-- \/ Yoast SEO plugin. -->","yoast_head_json":{"title":"Acusados de improbidade, vereadores de Paulic\u00e9ia s\u00e3o afastados a pedido de Promotoria - R\u00e1dio Life FM","robots":{"index":"index","follow":"follow","max-snippet":"max-snippet:-1","max-image-preview":"max-image-preview:large","max-video-preview":"max-video-preview:-1"},"canonical":"https:\/\/radiolifefm.com.br\/noticias\/acusados-de-improbidade-vereadores-de-pauliceia-sao-afastados-a-pedido-de-promotoria\/","og_locale":"pt_BR","og_type":"article","og_title":"Acusados de improbidade, vereadores de Paulic\u00e9ia s\u00e3o afastados a pedido de Promotoria - R\u00e1dio Life FM","og_description":"C\u00e2mara pagou por lustres que foram instalados em loja Atendendo a pedido do Minist\u00e9rio P\u00fablico do Estado de S\u00e3o Paulo, a Justi\u00e7a determinou a suspens\u00e3o do mandato eletivo e o afastamento do cargo de dois vereadores de Paulic\u00e9ia. A decis\u00e3o liminar, que determinou ainda a indisponibilidade de bens de ambos os vereadores, foi proferida em [&hellip;]","og_url":"https:\/\/radiolifefm.com.br\/noticias\/acusados-de-improbidade-vereadores-de-pauliceia-sao-afastados-a-pedido-de-promotoria\/","og_site_name":"R\u00e1dio Life FM","article_publisher":"https:\/\/www.facebook.com\/radiolifefm\/","article_published_time":"2019-07-03T13:40:18+00:00","article_modified_time":"2026-04-22T03:50:40+00:00","og_image":[{"width":768,"height":427,"url":"https:\/\/radiolifefm.com.br\/noticias\/wp-content\/uploads\/2019\/07\/C\u00e2mara-Pauliceia.jpg","type":"image\/jpeg"}],"author":"lifefm","twitter_card":"summary_large_image","twitter_misc":{"Escrito por":"lifefm","Est. tempo de leitura":"4 minutos"},"schema":{"@context":"https:\/\/schema.org","@graph":[{"@type":"Article","@id":"https:\/\/radiolifefm.com.br\/noticias\/acusados-de-improbidade-vereadores-de-pauliceia-sao-afastados-a-pedido-de-promotoria\/#article","isPartOf":{"@id":"https:\/\/radiolifefm.com.br\/noticias\/acusados-de-improbidade-vereadores-de-pauliceia-sao-afastados-a-pedido-de-promotoria\/"},"author":{"name":"lifefm","@id":"https:\/\/radiolifefm.com.br\/noticias\/#\/schema\/person\/1d4e4b1301322090c6221bf1c8420490"},"headline":"Acusados de improbidade, vereadores de Paulic\u00e9ia s\u00e3o afastados a pedido de Promotoria","datePublished":"2019-07-03T13:40:18+00:00","dateModified":"2026-04-22T03:50:40+00:00","mainEntityOfPage":{"@id":"https:\/\/radiolifefm.com.br\/noticias\/acusados-de-improbidade-vereadores-de-pauliceia-sao-afastados-a-pedido-de-promotoria\/"},"wordCount":736,"publisher":{"@id":"https:\/\/radiolifefm.com.br\/noticias\/#organization"},"image":{"@id":"https:\/\/radiolifefm.com.br\/noticias\/acusados-de-improbidade-vereadores-de-pauliceia-sao-afastados-a-pedido-de-promotoria\/#primaryimage"},"thumbnailUrl":"https:\/\/radiolifefm.com.br\/noticias\/wp-content\/uploads\/2019\/07\/C\u00e2mara-Pauliceia.jpg","articleSection":["Regi\u00e3o"],"inLanguage":"pt-BR"},{"@type":"WebPage","@id":"https:\/\/radiolifefm.com.br\/noticias\/acusados-de-improbidade-vereadores-de-pauliceia-sao-afastados-a-pedido-de-promotoria\/","url":"https:\/\/radiolifefm.com.br\/noticias\/acusados-de-improbidade-vereadores-de-pauliceia-sao-afastados-a-pedido-de-promotoria\/","name":"Acusados de improbidade, vereadores de Paulic\u00e9ia s\u00e3o afastados a pedido de Promotoria - R\u00e1dio Life FM","isPartOf":{"@id":"https:\/\/radiolifefm.com.br\/noticias\/#website"},"primaryImageOfPage":{"@id":"https:\/\/radiolifefm.com.br\/noticias\/acusados-de-improbidade-vereadores-de-pauliceia-sao-afastados-a-pedido-de-promotoria\/#primaryimage"},"image":{"@id":"https:\/\/radiolifefm.com.br\/noticias\/acusados-de-improbidade-vereadores-de-pauliceia-sao-afastados-a-pedido-de-promotoria\/#primaryimage"},"thumbnailUrl":"https:\/\/radiolifefm.com.br\/noticias\/wp-content\/uploads\/2019\/07\/C\u00e2mara-Pauliceia.jpg","datePublished":"2019-07-03T13:40:18+00:00","dateModified":"2026-04-22T03:50:40+00:00","breadcrumb":{"@id":"https:\/\/radiolifefm.com.br\/noticias\/acusados-de-improbidade-vereadores-de-pauliceia-sao-afastados-a-pedido-de-promotoria\/#breadcrumb"},"inLanguage":"pt-BR","potentialAction":[{"@type":"ReadAction","target":["https:\/\/radiolifefm.com.br\/noticias\/acusados-de-improbidade-vereadores-de-pauliceia-sao-afastados-a-pedido-de-promotoria\/"]}]},{"@type":"ImageObject","inLanguage":"pt-BR","@id":"https:\/\/radiolifefm.com.br\/noticias\/acusados-de-improbidade-vereadores-de-pauliceia-sao-afastados-a-pedido-de-promotoria\/#primaryimage","url":"https:\/\/radiolifefm.com.br\/noticias\/wp-content\/uploads\/2019\/07\/C\u00e2mara-Pauliceia.jpg","contentUrl":"https:\/\/radiolifefm.com.br\/noticias\/wp-content\/uploads\/2019\/07\/C\u00e2mara-Pauliceia.jpg","width":768,"height":427},{"@type":"BreadcrumbList","@id":"https:\/\/radiolifefm.com.br\/noticias\/acusados-de-improbidade-vereadores-de-pauliceia-sao-afastados-a-pedido-de-promotoria\/#breadcrumb","itemListElement":[{"@type":"ListItem","position":1,"name":"In\u00edcio","item":"https:\/\/radiolifefm.com.br\/noticias\/"},{"@type":"ListItem","position":2,"name":"Acusados de improbidade, vereadores de Paulic\u00e9ia s\u00e3o afastados a pedido de Promotoria"}]},{"@type":"WebSite","@id":"https:\/\/radiolifefm.com.br\/noticias\/#website","url":"https:\/\/radiolifefm.com.br\/noticias\/","name":"R\u00e1dio Life FM","description":"O Portal de Not\u00edcias de Adamantina","publisher":{"@id":"https:\/\/radiolifefm.com.br\/noticias\/#organization"},"alternateName":"Life FM","potentialAction":[{"@type":"SearchAction","target":{"@type":"EntryPoint","urlTemplate":"https:\/\/radiolifefm.com.br\/noticias\/?s={search_term_string}"},"query-input":{"@type":"PropertyValueSpecification","valueRequired":true,"valueName":"search_term_string"}}],"inLanguage":"pt-BR"},{"@type":"Organization","@id":"https:\/\/radiolifefm.com.br\/noticias\/#organization","name":"R\u00e1dio Life FM","alternateName":"Life FM","url":"https:\/\/radiolifefm.com.br\/noticias\/","logo":{"@type":"ImageObject","inLanguage":"pt-BR","@id":"https:\/\/radiolifefm.com.br\/noticias\/#\/schema\/logo\/image\/","url":"https:\/\/static.radiolifefm.com.br\/noticias\/wp-content\/uploads\/2019\/10\/logo-lifefm.png","contentUrl":"https:\/\/static.radiolifefm.com.br\/noticias\/wp-content\/uploads\/2019\/10\/logo-lifefm.png","width":196,"height":47,"caption":"R\u00e1dio Life FM"},"image":{"@id":"https:\/\/radiolifefm.com.br\/noticias\/#\/schema\/logo\/image\/"},"sameAs":["https:\/\/www.facebook.com\/radiolifefm\/","https:\/\/www.instagram.com\/life1079fm\/"]},{"@type":"Person","@id":"https:\/\/radiolifefm.com.br\/noticias\/#\/schema\/person\/1d4e4b1301322090c6221bf1c8420490","name":"lifefm","image":{"@type":"ImageObject","inLanguage":"pt-BR","@id":"https:\/\/secure.gravatar.com\/avatar\/eca268467d925ec97d20641bb054fd944c0abb2f92854171620706bbe6474e7c?s=96&d=mm&r=g","url":"https:\/\/secure.gravatar.com\/avatar\/eca268467d925ec97d20641bb054fd944c0abb2f92854171620706bbe6474e7c?s=96&d=mm&r=g","contentUrl":"https:\/\/secure.gravatar.com\/avatar\/eca268467d925ec97d20641bb054fd944c0abb2f92854171620706bbe6474e7c?s=96&d=mm&r=g","caption":"lifefm"}}]}},"amp_enabled":true,"_links":{"self":[{"href":"https:\/\/radiolifefm.com.br\/noticias\/wp-json\/wp\/v2\/posts\/14476","targetHints":{"allow":["GET"]}}],"collection":[{"href":"https:\/\/radiolifefm.com.br\/noticias\/wp-json\/wp\/v2\/posts"}],"about":[{"href":"https:\/\/radiolifefm.com.br\/noticias\/wp-json\/wp\/v2\/types\/post"}],"author":[{"embeddable":true,"href":"https:\/\/radiolifefm.com.br\/noticias\/wp-json\/wp\/v2\/users\/3"}],"replies":[{"embeddable":true,"href":"https:\/\/radiolifefm.com.br\/noticias\/wp-json\/wp\/v2\/comments?post=14476"}],"version-history":[{"count":3,"href":"https:\/\/radiolifefm.com.br\/noticias\/wp-json\/wp\/v2\/posts\/14476\/revisions"}],"predecessor-version":[{"id":14548,"href":"https:\/\/radiolifefm.com.br\/noticias\/wp-json\/wp\/v2\/posts\/14476\/revisions\/14548"}],"wp:featuredmedia":[{"embeddable":true,"href":"https:\/\/radiolifefm.com.br\/noticias\/wp-json\/wp\/v2\/media\/14477"}],"wp:attachment":[{"href":"https:\/\/radiolifefm.com.br\/noticias\/wp-json\/wp\/v2\/media?parent=14476"}],"wp:term":[{"taxonomy":"category","embeddable":true,"href":"https:\/\/radiolifefm.com.br\/noticias\/wp-json\/wp\/v2\/categories?post=14476"},{"taxonomy":"post_tag","embeddable":true,"href":"https:\/\/radiolifefm.com.br\/noticias\/wp-json\/wp\/v2\/tags?post=14476"}],"curies":[{"name":"wp","href":"https:\/\/api.w.org\/{rel}","templated":true}]}}