{"id":14444,"date":"2019-07-02T11:17:02","date_gmt":"2019-07-02T14:17:02","guid":{"rendered":"https:\/\/radiolifefm.com.br\/noticias\/?p=14444"},"modified":"2026-04-06T23:42:47","modified_gmt":"2026-04-07T02:42:47","slug":"eleicao-confirma-atual-diretoria-da-aceoc-para-e-gestao-do-proximo-bienio","status":"publish","type":"post","link":"https:\/\/radiolifefm.com.br\/noticias\/eleicao-confirma-atual-diretoria-da-aceoc-para-e-gestao-do-proximo-bienio\/","title":{"rendered":"Elei\u00e7\u00e3o confirma atual Diretoria da ACEOC para e gest\u00e3o do pr\u00f3ximo bi\u00eanio"},"content":{"rendered":"<div id=\"fb-root\"><\/div>\n<p><em>Reeleita, nova Diretoria da Aceoc tomar\u00e1 posse no pr\u00f3ximo dia 20 de julho<\/em><\/p>\n<p>Na \u00faltima sexta-feira, 28 de junho, a Associa\u00e7\u00e3o Comercial e Empresarial de Osvaldo Cruz, ACEOC, recebeu diversos associados em sua sede, entre \u00e0s 8h00m e 17h00m, os quais votaram para a elei\u00e7\u00e3o da nova Diretoria Administrativa, Conselho Deliberativo e Conselho Fiscal para o pr\u00f3ximo bi\u00eanio.<\/p>\n<p>A chapa eleita por unanimidade \u00e9 composta por Edivaldo Marconato (s\u00f3cio propriet\u00e1rio do Supermercado Bandeiras), perfazendo um total de 49 votos, sendo, tamb\u00e9m, a \u00fanica chapa inscrita no sufr\u00e1gio.<\/p>\n<p>A novel Diretoria corresponder\u00e1 ao bi\u00eanio 2019\/2021, tendo a sua respectiva posse agendada para o pr\u00f3ximo dia 20 de julho, em um jantar a ser realizado no Clube das Bandeiras de Osvaldo Cruz.<\/p>\n<div class='flex flex-wrap items-center -mx-1'>\r\n<a class='thumbnail gallery p-1 w-1\/2 md:w-1\/4' href='https:\/\/radiolifefm.com.br\/noticias\/wp-content\/uploads\/2019\/07\/ACEOC-2.jpg'><img class='border border-white' src='https:\/\/radiolifefm.com.br\/noticias\/wp-content\/uploads\/2019\/07\/ACEOC-2-200x200.jpg' alt='ACEOC 2' \/><\/a><\/div>\n<p>Fotos: Nayara Garcia<\/p>\n<p>Reda\u00e7\u00e3o &#8211; Kako de Oliveira<\/p>\n","protected":false},"excerpt":{"rendered":"<p>Reeleita, nova Diretoria da Aceoc tomar\u00e1 posse no pr\u00f3ximo dia 20 de julho Na \u00faltima sexta-feira, 28 de junho, a Associa\u00e7\u00e3o Comercial e Empresarial de Osvaldo Cruz, ACEOC, recebeu diversos associados em sua sede, entre \u00e0s 8h00m e 17h00m, os quais votaram para a elei\u00e7\u00e3o da nova Diretoria Administrativa, Conselho Deliberativo e Conselho Fiscal para [&hellip;]<\/p>\n","protected":false},"author":3,"featured_media":14445,"comment_status":"closed","ping_status":"open","sticky":false,"template":"","format":"standard","meta":{"_acf_changed":false,"_exactmetrics_skip_tracking":false,"_exactmetrics_sitenote_active":false,"_exactmetrics_sitenote_note":"","_exactmetrics_sitenote_category":0,"footnotes":""},"categories":[24],"tags":[],"class_list":["post-14444","post","type-post","status-publish","format-standard","has-post-thumbnail","hentry","category-regiao"],"acf":[],"yoast_head":"<!-- This site is optimized with the Yoast SEO plugin v27.2 - https:\/\/yoast.com\/product\/yoast-seo-wordpress\/ -->\n<title>Elei\u00e7\u00e3o confirma atual Diretoria da ACEOC para e gest\u00e3o do pr\u00f3ximo bi\u00eanio - R\u00e1dio Life FM<\/title>\n<meta name=\"robots\" content=\"index, follow, max-snippet:-1, max-image-preview:large, max-video-preview:-1\" \/>\n<link rel=\"canonical\" href=\"https:\/\/radiolifefm.com.br\/noticias\/eleicao-confirma-atual-diretoria-da-aceoc-para-e-gestao-do-proximo-bienio\/\" \/>\n<meta property=\"og:locale\" content=\"pt_BR\" \/>\n<meta property=\"og:type\" content=\"article\" \/>\n<meta property=\"og:title\" content=\"Elei\u00e7\u00e3o confirma atual Diretoria da ACEOC para e gest\u00e3o do pr\u00f3ximo bi\u00eanio - R\u00e1dio Life FM\" \/>\n<meta property=\"og:description\" content=\"Reeleita, nova Diretoria da Aceoc tomar\u00e1 posse no pr\u00f3ximo dia 20 de julho Na \u00faltima sexta-feira, 28 de junho, a Associa\u00e7\u00e3o Comercial e Empresarial de Osvaldo Cruz, ACEOC, recebeu diversos associados em sua sede, entre \u00e0s 8h00m e 17h00m, os quais votaram para a elei\u00e7\u00e3o da nova Diretoria Administrativa, Conselho Deliberativo e Conselho Fiscal para [&hellip;]\" \/>\n<meta property=\"og:url\" content=\"https:\/\/radiolifefm.com.br\/noticias\/eleicao-confirma-atual-diretoria-da-aceoc-para-e-gestao-do-proximo-bienio\/\" \/>\n<meta property=\"og:site_name\" content=\"R\u00e1dio Life FM\" \/>\n<meta property=\"article:publisher\" content=\"https:\/\/www.facebook.com\/radiolifefm\/\" \/>\n<meta property=\"article:published_time\" content=\"2019-07-02T14:17:02+00:00\" \/>\n<meta property=\"article:modified_time\" content=\"2026-04-07T02:42:47+00:00\" \/>\n<meta property=\"og:image\" content=\"https:\/\/radiolifefm.com.br\/noticias\/wp-content\/uploads\/2019\/07\/Marconato-Elei\u00e7\u00e3o-2.jpg\" \/>\n\t<meta property=\"og:image:width\" content=\"1280\" \/>\n\t<meta property=\"og:image:height\" content=\"960\" \/>\n\t<meta property=\"og:image:type\" content=\"image\/jpeg\" \/>\n<meta name=\"author\" content=\"lifefm\" \/>\n<meta name=\"twitter:card\" content=\"summary_large_image\" \/>\n<meta name=\"twitter:label1\" content=\"Escrito por\" \/>\n\t<meta name=\"twitter:data1\" content=\"lifefm\" \/>\n\t<meta name=\"twitter:label2\" content=\"Est. tempo de leitura\" \/>\n\t<meta name=\"twitter:data2\" content=\"1 minuto\" \/>\n<script type=\"application\/ld+json\" class=\"yoast-schema-graph\">{\"@context\":\"https:\/\/schema.org\",\"@graph\":[{\"@type\":\"Article\",\"@id\":\"https:\/\/radiolifefm.com.br\/noticias\/eleicao-confirma-atual-diretoria-da-aceoc-para-e-gestao-do-proximo-bienio\/#article\",\"isPartOf\":{\"@id\":\"https:\/\/radiolifefm.com.br\/noticias\/eleicao-confirma-atual-diretoria-da-aceoc-para-e-gestao-do-proximo-bienio\/\"},\"author\":{\"name\":\"lifefm\",\"@id\":\"https:\/\/radiolifefm.com.br\/noticias\/#\/schema\/person\/1d4e4b1301322090c6221bf1c8420490\"},\"headline\":\"Elei\u00e7\u00e3o confirma atual Diretoria da ACEOC para e gest\u00e3o do pr\u00f3ximo bi\u00eanio\",\"datePublished\":\"2019-07-02T14:17:02+00:00\",\"dateModified\":\"2026-04-07T02:42:47+00:00\",\"mainEntityOfPage\":{\"@id\":\"https:\/\/radiolifefm.com.br\/noticias\/eleicao-confirma-atual-diretoria-da-aceoc-para-e-gestao-do-proximo-bienio\/\"},\"wordCount\":154,\"publisher\":{\"@id\":\"https:\/\/radiolifefm.com.br\/noticias\/#organization\"},\"image\":{\"@id\":\"https:\/\/radiolifefm.com.br\/noticias\/eleicao-confirma-atual-diretoria-da-aceoc-para-e-gestao-do-proximo-bienio\/#primaryimage\"},\"thumbnailUrl\":\"https:\/\/radiolifefm.com.br\/noticias\/wp-content\/uploads\/2019\/07\/Marconato-Elei\u00e7\u00e3o-2.jpg\",\"articleSection\":[\"Regi\u00e3o\"],\"inLanguage\":\"pt-BR\"},{\"@type\":\"WebPage\",\"@id\":\"https:\/\/radiolifefm.com.br\/noticias\/eleicao-confirma-atual-diretoria-da-aceoc-para-e-gestao-do-proximo-bienio\/\",\"url\":\"https:\/\/radiolifefm.com.br\/noticias\/eleicao-confirma-atual-diretoria-da-aceoc-para-e-gestao-do-proximo-bienio\/\",\"name\":\"Elei\u00e7\u00e3o confirma atual Diretoria da ACEOC para e gest\u00e3o do pr\u00f3ximo bi\u00eanio - R\u00e1dio Life FM\",\"isPartOf\":{\"@id\":\"https:\/\/radiolifefm.com.br\/noticias\/#website\"},\"primaryImageOfPage\":{\"@id\":\"https:\/\/radiolifefm.com.br\/noticias\/eleicao-confirma-atual-diretoria-da-aceoc-para-e-gestao-do-proximo-bienio\/#primaryimage\"},\"image\":{\"@id\":\"https:\/\/radiolifefm.com.br\/noticias\/eleicao-confirma-atual-diretoria-da-aceoc-para-e-gestao-do-proximo-bienio\/#primaryimage\"},\"thumbnailUrl\":\"https:\/\/radiolifefm.com.br\/noticias\/wp-content\/uploads\/2019\/07\/Marconato-Elei\u00e7\u00e3o-2.jpg\",\"datePublished\":\"2019-07-02T14:17:02+00:00\",\"dateModified\":\"2026-04-07T02:42:47+00:00\",\"breadcrumb\":{\"@id\":\"https:\/\/radiolifefm.com.br\/noticias\/eleicao-confirma-atual-diretoria-da-aceoc-para-e-gestao-do-proximo-bienio\/#breadcrumb\"},\"inLanguage\":\"pt-BR\",\"potentialAction\":[{\"@type\":\"ReadAction\",\"target\":[\"https:\/\/radiolifefm.com.br\/noticias\/eleicao-confirma-atual-diretoria-da-aceoc-para-e-gestao-do-proximo-bienio\/\"]}]},{\"@type\":\"ImageObject\",\"inLanguage\":\"pt-BR\",\"@id\":\"https:\/\/radiolifefm.com.br\/noticias\/eleicao-confirma-atual-diretoria-da-aceoc-para-e-gestao-do-proximo-bienio\/#primaryimage\",\"url\":\"https:\/\/radiolifefm.com.br\/noticias\/wp-content\/uploads\/2019\/07\/Marconato-Elei\u00e7\u00e3o-2.jpg\",\"contentUrl\":\"https:\/\/radiolifefm.com.br\/noticias\/wp-content\/uploads\/2019\/07\/Marconato-Elei\u00e7\u00e3o-2.jpg\",\"width\":1280,\"height\":960,\"caption\":\"O empres\u00e1rio Edvaldo Marconato, do Supermercado Bandeiras, foi reeleito juntamente com sua diretoria, para seguir na presid\u00eancia da ACEOC pelo pr\u00f3ximo bi\u00eanio - Foto - Naiara Garcia - ACEOC\"},{\"@type\":\"BreadcrumbList\",\"@id\":\"https:\/\/radiolifefm.com.br\/noticias\/eleicao-confirma-atual-diretoria-da-aceoc-para-e-gestao-do-proximo-bienio\/#breadcrumb\",\"itemListElement\":[{\"@type\":\"ListItem\",\"position\":1,\"name\":\"In\u00edcio\",\"item\":\"https:\/\/radiolifefm.com.br\/noticias\/\"},{\"@type\":\"ListItem\",\"position\":2,\"name\":\"Elei\u00e7\u00e3o confirma atual Diretoria da ACEOC para e gest\u00e3o do pr\u00f3ximo bi\u00eanio\"}]},{\"@type\":\"WebSite\",\"@id\":\"https:\/\/radiolifefm.com.br\/noticias\/#website\",\"url\":\"https:\/\/radiolifefm.com.br\/noticias\/\",\"name\":\"R\u00e1dio Life FM\",\"description\":\"O Portal de Not\u00edcias de Adamantina\",\"publisher\":{\"@id\":\"https:\/\/radiolifefm.com.br\/noticias\/#organization\"},\"alternateName\":\"Life FM\",\"potentialAction\":[{\"@type\":\"SearchAction\",\"target\":{\"@type\":\"EntryPoint\",\"urlTemplate\":\"https:\/\/radiolifefm.com.br\/noticias\/?s={search_term_string}\"},\"query-input\":{\"@type\":\"PropertyValueSpecification\",\"valueRequired\":true,\"valueName\":\"search_term_string\"}}],\"inLanguage\":\"pt-BR\"},{\"@type\":\"Organization\",\"@id\":\"https:\/\/radiolifefm.com.br\/noticias\/#organization\",\"name\":\"R\u00e1dio Life FM\",\"alternateName\":\"Life FM\",\"url\":\"https:\/\/radiolifefm.com.br\/noticias\/\",\"logo\":{\"@type\":\"ImageObject\",\"inLanguage\":\"pt-BR\",\"@id\":\"https:\/\/radiolifefm.com.br\/noticias\/#\/schema\/logo\/image\/\",\"url\":\"https:\/\/static.radiolifefm.com.br\/noticias\/wp-content\/uploads\/2019\/10\/logo-lifefm.png\",\"contentUrl\":\"https:\/\/static.radiolifefm.com.br\/noticias\/wp-content\/uploads\/2019\/10\/logo-lifefm.png\",\"width\":196,\"height\":47,\"caption\":\"R\u00e1dio Life FM\"},\"image\":{\"@id\":\"https:\/\/radiolifefm.com.br\/noticias\/#\/schema\/logo\/image\/\"},\"sameAs\":[\"https:\/\/www.facebook.com\/radiolifefm\/\",\"https:\/\/www.instagram.com\/life1079fm\/\"]},{\"@type\":\"Person\",\"@id\":\"https:\/\/radiolifefm.com.br\/noticias\/#\/schema\/person\/1d4e4b1301322090c6221bf1c8420490\",\"name\":\"lifefm\",\"image\":{\"@type\":\"ImageObject\",\"inLanguage\":\"pt-BR\",\"@id\":\"https:\/\/secure.gravatar.com\/avatar\/eca268467d925ec97d20641bb054fd944c0abb2f92854171620706bbe6474e7c?s=96&d=mm&r=g\",\"url\":\"https:\/\/secure.gravatar.com\/avatar\/eca268467d925ec97d20641bb054fd944c0abb2f92854171620706bbe6474e7c?s=96&d=mm&r=g\",\"contentUrl\":\"https:\/\/secure.gravatar.com\/avatar\/eca268467d925ec97d20641bb054fd944c0abb2f92854171620706bbe6474e7c?s=96&d=mm&r=g\",\"caption\":\"lifefm\"}}]}<\/script>\n<!-- \/ Yoast SEO plugin. -->","yoast_head_json":{"title":"Elei\u00e7\u00e3o confirma atual Diretoria da ACEOC para e gest\u00e3o do pr\u00f3ximo bi\u00eanio - R\u00e1dio Life FM","robots":{"index":"index","follow":"follow","max-snippet":"max-snippet:-1","max-image-preview":"max-image-preview:large","max-video-preview":"max-video-preview:-1"},"canonical":"https:\/\/radiolifefm.com.br\/noticias\/eleicao-confirma-atual-diretoria-da-aceoc-para-e-gestao-do-proximo-bienio\/","og_locale":"pt_BR","og_type":"article","og_title":"Elei\u00e7\u00e3o confirma atual Diretoria da ACEOC para e gest\u00e3o do pr\u00f3ximo bi\u00eanio - R\u00e1dio Life FM","og_description":"Reeleita, nova Diretoria da Aceoc tomar\u00e1 posse no pr\u00f3ximo dia 20 de julho Na \u00faltima sexta-feira, 28 de junho, a Associa\u00e7\u00e3o Comercial e Empresarial de Osvaldo Cruz, ACEOC, recebeu diversos associados em sua sede, entre \u00e0s 8h00m e 17h00m, os quais votaram para a elei\u00e7\u00e3o da nova Diretoria Administrativa, Conselho Deliberativo e Conselho Fiscal para [&hellip;]","og_url":"https:\/\/radiolifefm.com.br\/noticias\/eleicao-confirma-atual-diretoria-da-aceoc-para-e-gestao-do-proximo-bienio\/","og_site_name":"R\u00e1dio Life FM","article_publisher":"https:\/\/www.facebook.com\/radiolifefm\/","article_published_time":"2019-07-02T14:17:02+00:00","article_modified_time":"2026-04-07T02:42:47+00:00","og_image":[{"width":1280,"height":960,"url":"https:\/\/radiolifefm.com.br\/noticias\/wp-content\/uploads\/2019\/07\/Marconato-Elei\u00e7\u00e3o-2.jpg","type":"image\/jpeg"}],"author":"lifefm","twitter_card":"summary_large_image","twitter_misc":{"Escrito por":"lifefm","Est. tempo de leitura":"1 minuto"},"schema":{"@context":"https:\/\/schema.org","@graph":[{"@type":"Article","@id":"https:\/\/radiolifefm.com.br\/noticias\/eleicao-confirma-atual-diretoria-da-aceoc-para-e-gestao-do-proximo-bienio\/#article","isPartOf":{"@id":"https:\/\/radiolifefm.com.br\/noticias\/eleicao-confirma-atual-diretoria-da-aceoc-para-e-gestao-do-proximo-bienio\/"},"author":{"name":"lifefm","@id":"https:\/\/radiolifefm.com.br\/noticias\/#\/schema\/person\/1d4e4b1301322090c6221bf1c8420490"},"headline":"Elei\u00e7\u00e3o confirma atual Diretoria da ACEOC para e gest\u00e3o do pr\u00f3ximo bi\u00eanio","datePublished":"2019-07-02T14:17:02+00:00","dateModified":"2026-04-07T02:42:47+00:00","mainEntityOfPage":{"@id":"https:\/\/radiolifefm.com.br\/noticias\/eleicao-confirma-atual-diretoria-da-aceoc-para-e-gestao-do-proximo-bienio\/"},"wordCount":154,"publisher":{"@id":"https:\/\/radiolifefm.com.br\/noticias\/#organization"},"image":{"@id":"https:\/\/radiolifefm.com.br\/noticias\/eleicao-confirma-atual-diretoria-da-aceoc-para-e-gestao-do-proximo-bienio\/#primaryimage"},"thumbnailUrl":"https:\/\/radiolifefm.com.br\/noticias\/wp-content\/uploads\/2019\/07\/Marconato-Elei\u00e7\u00e3o-2.jpg","articleSection":["Regi\u00e3o"],"inLanguage":"pt-BR"},{"@type":"WebPage","@id":"https:\/\/radiolifefm.com.br\/noticias\/eleicao-confirma-atual-diretoria-da-aceoc-para-e-gestao-do-proximo-bienio\/","url":"https:\/\/radiolifefm.com.br\/noticias\/eleicao-confirma-atual-diretoria-da-aceoc-para-e-gestao-do-proximo-bienio\/","name":"Elei\u00e7\u00e3o confirma atual Diretoria da ACEOC para e gest\u00e3o do pr\u00f3ximo bi\u00eanio - R\u00e1dio Life FM","isPartOf":{"@id":"https:\/\/radiolifefm.com.br\/noticias\/#website"},"primaryImageOfPage":{"@id":"https:\/\/radiolifefm.com.br\/noticias\/eleicao-confirma-atual-diretoria-da-aceoc-para-e-gestao-do-proximo-bienio\/#primaryimage"},"image":{"@id":"https:\/\/radiolifefm.com.br\/noticias\/eleicao-confirma-atual-diretoria-da-aceoc-para-e-gestao-do-proximo-bienio\/#primaryimage"},"thumbnailUrl":"https:\/\/radiolifefm.com.br\/noticias\/wp-content\/uploads\/2019\/07\/Marconato-Elei\u00e7\u00e3o-2.jpg","datePublished":"2019-07-02T14:17:02+00:00","dateModified":"2026-04-07T02:42:47+00:00","breadcrumb":{"@id":"https:\/\/radiolifefm.com.br\/noticias\/eleicao-confirma-atual-diretoria-da-aceoc-para-e-gestao-do-proximo-bienio\/#breadcrumb"},"inLanguage":"pt-BR","potentialAction":[{"@type":"ReadAction","target":["https:\/\/radiolifefm.com.br\/noticias\/eleicao-confirma-atual-diretoria-da-aceoc-para-e-gestao-do-proximo-bienio\/"]}]},{"@type":"ImageObject","inLanguage":"pt-BR","@id":"https:\/\/radiolifefm.com.br\/noticias\/eleicao-confirma-atual-diretoria-da-aceoc-para-e-gestao-do-proximo-bienio\/#primaryimage","url":"https:\/\/radiolifefm.com.br\/noticias\/wp-content\/uploads\/2019\/07\/Marconato-Elei\u00e7\u00e3o-2.jpg","contentUrl":"https:\/\/radiolifefm.com.br\/noticias\/wp-content\/uploads\/2019\/07\/Marconato-Elei\u00e7\u00e3o-2.jpg","width":1280,"height":960,"caption":"O empres\u00e1rio Edvaldo Marconato, do Supermercado Bandeiras, foi reeleito juntamente com sua diretoria, para seguir na presid\u00eancia da ACEOC pelo pr\u00f3ximo bi\u00eanio - Foto - Naiara Garcia - ACEOC"},{"@type":"BreadcrumbList","@id":"https:\/\/radiolifefm.com.br\/noticias\/eleicao-confirma-atual-diretoria-da-aceoc-para-e-gestao-do-proximo-bienio\/#breadcrumb","itemListElement":[{"@type":"ListItem","position":1,"name":"In\u00edcio","item":"https:\/\/radiolifefm.com.br\/noticias\/"},{"@type":"ListItem","position":2,"name":"Elei\u00e7\u00e3o confirma atual Diretoria da ACEOC para e gest\u00e3o do pr\u00f3ximo bi\u00eanio"}]},{"@type":"WebSite","@id":"https:\/\/radiolifefm.com.br\/noticias\/#website","url":"https:\/\/radiolifefm.com.br\/noticias\/","name":"R\u00e1dio Life FM","description":"O Portal de Not\u00edcias de Adamantina","publisher":{"@id":"https:\/\/radiolifefm.com.br\/noticias\/#organization"},"alternateName":"Life FM","potentialAction":[{"@type":"SearchAction","target":{"@type":"EntryPoint","urlTemplate":"https:\/\/radiolifefm.com.br\/noticias\/?s={search_term_string}"},"query-input":{"@type":"PropertyValueSpecification","valueRequired":true,"valueName":"search_term_string"}}],"inLanguage":"pt-BR"},{"@type":"Organization","@id":"https:\/\/radiolifefm.com.br\/noticias\/#organization","name":"R\u00e1dio Life FM","alternateName":"Life FM","url":"https:\/\/radiolifefm.com.br\/noticias\/","logo":{"@type":"ImageObject","inLanguage":"pt-BR","@id":"https:\/\/radiolifefm.com.br\/noticias\/#\/schema\/logo\/image\/","url":"https:\/\/static.radiolifefm.com.br\/noticias\/wp-content\/uploads\/2019\/10\/logo-lifefm.png","contentUrl":"https:\/\/static.radiolifefm.com.br\/noticias\/wp-content\/uploads\/2019\/10\/logo-lifefm.png","width":196,"height":47,"caption":"R\u00e1dio Life FM"},"image":{"@id":"https:\/\/radiolifefm.com.br\/noticias\/#\/schema\/logo\/image\/"},"sameAs":["https:\/\/www.facebook.com\/radiolifefm\/","https:\/\/www.instagram.com\/life1079fm\/"]},{"@type":"Person","@id":"https:\/\/radiolifefm.com.br\/noticias\/#\/schema\/person\/1d4e4b1301322090c6221bf1c8420490","name":"lifefm","image":{"@type":"ImageObject","inLanguage":"pt-BR","@id":"https:\/\/secure.gravatar.com\/avatar\/eca268467d925ec97d20641bb054fd944c0abb2f92854171620706bbe6474e7c?s=96&d=mm&r=g","url":"https:\/\/secure.gravatar.com\/avatar\/eca268467d925ec97d20641bb054fd944c0abb2f92854171620706bbe6474e7c?s=96&d=mm&r=g","contentUrl":"https:\/\/secure.gravatar.com\/avatar\/eca268467d925ec97d20641bb054fd944c0abb2f92854171620706bbe6474e7c?s=96&d=mm&r=g","caption":"lifefm"}}]}},"amp_enabled":true,"_links":{"self":[{"href":"https:\/\/radiolifefm.com.br\/noticias\/wp-json\/wp\/v2\/posts\/14444","targetHints":{"allow":["GET"]}}],"collection":[{"href":"https:\/\/radiolifefm.com.br\/noticias\/wp-json\/wp\/v2\/posts"}],"about":[{"href":"https:\/\/radiolifefm.com.br\/noticias\/wp-json\/wp\/v2\/types\/post"}],"author":[{"embeddable":true,"href":"https:\/\/radiolifefm.com.br\/noticias\/wp-json\/wp\/v2\/users\/3"}],"replies":[{"embeddable":true,"href":"https:\/\/radiolifefm.com.br\/noticias\/wp-json\/wp\/v2\/comments?post=14444"}],"version-history":[{"count":1,"href":"https:\/\/radiolifefm.com.br\/noticias\/wp-json\/wp\/v2\/posts\/14444\/revisions"}],"predecessor-version":[{"id":14447,"href":"https:\/\/radiolifefm.com.br\/noticias\/wp-json\/wp\/v2\/posts\/14444\/revisions\/14447"}],"wp:featuredmedia":[{"embeddable":true,"href":"https:\/\/radiolifefm.com.br\/noticias\/wp-json\/wp\/v2\/media\/14445"}],"wp:attachment":[{"href":"https:\/\/radiolifefm.com.br\/noticias\/wp-json\/wp\/v2\/media?parent=14444"}],"wp:term":[{"taxonomy":"category","embeddable":true,"href":"https:\/\/radiolifefm.com.br\/noticias\/wp-json\/wp\/v2\/categories?post=14444"},{"taxonomy":"post_tag","embeddable":true,"href":"https:\/\/radiolifefm.com.br\/noticias\/wp-json\/wp\/v2\/tags?post=14444"}],"curies":[{"name":"wp","href":"https:\/\/api.w.org\/{rel}","templated":true}]}}