{"id":14369,"date":"2019-06-29T22:02:39","date_gmt":"2019-06-30T01:02:39","guid":{"rendered":"https:\/\/radiolifefm.com.br\/noticias\/?p=14369"},"modified":"2026-04-22T08:58:24","modified_gmt":"2026-04-22T11:58:24","slug":"com-apenas-05-dos-30-prefeitos-da-regiao-amnap-se-reune-em-dracena","status":"publish","type":"post","link":"https:\/\/radiolifefm.com.br\/noticias\/com-apenas-05-dos-30-prefeitos-da-regiao-amnap-se-reune-em-dracena\/","title":{"rendered":"Com apenas 05 dos 30 prefeitos da regi\u00e3o, Amnap se re\u00fane em Dracena"},"content":{"rendered":"<div id=\"fb-root\"><\/div>\n<p>Na tarde desta sexta feira (28), com a presen\u00e7a de 5 dos 30 prefeitos associados, aconteceu a segunda assembleia ordin\u00e1ria deste ano da Associa\u00e7\u00e3o dos Munic\u00edpios da Nova Alta Paulista (Amnap), na C\u00e2mara Municipal de Dracena, para discutir dois assuntos considerados importantes.<\/p>\n<p>Estiveram presentes os prefeitos de Dracena, Parapu\u00e3, Tupi Paulista, Santa Mercedes e de Mari\u00e1polis, al\u00e9m de diversos vereadores e o deputado estadual Mauro Bragato.<\/p>\n<p>Gilmar Martins, prefeito de Parapu\u00e3 e presidente da Amnap, disse que mesmo com esse pequeno n\u00famero de prefeitos, a assembleia teria que ser realizada em virtude da necessidade de se discutir e tomar decis\u00e3o sobre os temas em pauta.<\/p>\n<p>Os assuntos principais foram o Servi\u00e7o de Inspe\u00e7\u00e3o Municipal (SIM), da \u00e1rea da Agricultura e o Centro de Inspe\u00e7\u00e3o Brasileiro. Ele explicou que muitos munic\u00edpios s\u00f3 tem o servi\u00e7o de inspe\u00e7\u00e3o e isso impede muitas empresas de vender seus produtos fora do estado e exportar.<\/p>\n<p>Martins ressaltou que muitos prefeitos n\u00e3o sabem o que s\u00e3o esses servi\u00e7os e que estes s\u00e3o de grande import\u00e2ncia para os munic\u00edpios, uma vez que as empresas precisam deles para se desenvolver.<\/p>\n<p>\u201cN\u00f3s montamos uma equipe de t\u00e9cnicos veterin\u00e1rios e agr\u00f4nomos que fazem parte da Amnap para elaborarem projetos sobre os dois assuntos e que seriam apresentados na assembleia, com a proposta de que os munic\u00edpios precisam providenciar a documenta\u00e7\u00e3o para ter o SIM e o Centro Brasileiro de Inspe\u00e7\u00e3o\u201d, comentou o presidente da Amnap.<\/p>\n<p>Gilmar Martins disse ainda que muitos prefeitos faltaram, mas avisaram que estariam viajando ou e em outros compromissos.<\/p>\n<p><img loading=\"lazy\" decoding=\"async\" class=\"alignnone size-medium wp-image-14371\" src=\"https:\/\/radiolifefm.com.br\/noticias\/wp-content\/uploads\/sites\/2\/2019\/06\/Reuni\u00e3o-Amnap-junho-1-300x200.jpg\" alt=\"\" width=\"300\" height=\"200\" srcset=\"https:\/\/radiolifefm.com.br\/noticias\/wp-content\/uploads\/2019\/06\/Reuni\u00e3o-Amnap-junho-1-300x200.jpg 300w, https:\/\/radiolifefm.com.br\/noticias\/wp-content\/uploads\/2019\/06\/Reuni\u00e3o-Amnap-junho-1.jpg 696w\" sizes=\"auto, (max-width: 300px) 100vw, 300px\" \/><br \/>\nPor Portal Regional<\/p>\n<p>Reda\u00e7\u00e3o &#8211; Kako de Oliveira<\/p>\n","protected":false},"excerpt":{"rendered":"<p>Na tarde desta sexta feira (28), com a presen\u00e7a de 5 dos 30 prefeitos associados, aconteceu a segunda assembleia ordin\u00e1ria deste ano da Associa\u00e7\u00e3o dos Munic\u00edpios da Nova Alta Paulista (Amnap), na C\u00e2mara Municipal de Dracena, para discutir dois assuntos considerados importantes. Estiveram presentes os prefeitos de Dracena, Parapu\u00e3, Tupi Paulista, Santa Mercedes e de [&hellip;]<\/p>\n","protected":false},"author":3,"featured_media":14370,"comment_status":"closed","ping_status":"open","sticky":false,"template":"","format":"standard","meta":{"_acf_changed":false,"_exactmetrics_skip_tracking":false,"_exactmetrics_sitenote_active":false,"_exactmetrics_sitenote_note":"","_exactmetrics_sitenote_category":0,"footnotes":""},"categories":[24],"tags":[],"class_list":["post-14369","post","type-post","status-publish","format-standard","has-post-thumbnail","hentry","category-regiao"],"acf":[],"yoast_head":"<!-- This site is optimized with the Yoast SEO plugin v27.2 - https:\/\/yoast.com\/product\/yoast-seo-wordpress\/ -->\n<title>Com apenas 05 dos 30 prefeitos da regi\u00e3o, Amnap se re\u00fane em Dracena - R\u00e1dio Life FM<\/title>\n<meta name=\"robots\" content=\"index, follow, max-snippet:-1, max-image-preview:large, max-video-preview:-1\" \/>\n<link rel=\"canonical\" href=\"https:\/\/radiolifefm.com.br\/noticias\/com-apenas-05-dos-30-prefeitos-da-regiao-amnap-se-reune-em-dracena\/\" \/>\n<meta property=\"og:locale\" content=\"pt_BR\" \/>\n<meta property=\"og:type\" content=\"article\" \/>\n<meta property=\"og:title\" content=\"Com apenas 05 dos 30 prefeitos da regi\u00e3o, Amnap se re\u00fane em Dracena - R\u00e1dio Life FM\" \/>\n<meta property=\"og:description\" content=\"Na tarde desta sexta feira (28), com a presen\u00e7a de 5 dos 30 prefeitos associados, aconteceu a segunda assembleia ordin\u00e1ria deste ano da Associa\u00e7\u00e3o dos Munic\u00edpios da Nova Alta Paulista (Amnap), na C\u00e2mara Municipal de Dracena, para discutir dois assuntos considerados importantes. Estiveram presentes os prefeitos de Dracena, Parapu\u00e3, Tupi Paulista, Santa Mercedes e de [&hellip;]\" \/>\n<meta property=\"og:url\" content=\"https:\/\/radiolifefm.com.br\/noticias\/com-apenas-05-dos-30-prefeitos-da-regiao-amnap-se-reune-em-dracena\/\" \/>\n<meta property=\"og:site_name\" content=\"R\u00e1dio Life FM\" \/>\n<meta property=\"article:publisher\" content=\"https:\/\/www.facebook.com\/radiolifefm\/\" \/>\n<meta property=\"article:published_time\" content=\"2019-06-30T01:02:39+00:00\" \/>\n<meta property=\"article:modified_time\" content=\"2026-04-22T11:58:24+00:00\" \/>\n<meta property=\"og:image\" content=\"https:\/\/radiolifefm.com.br\/noticias\/wp-content\/uploads\/2019\/06\/Reuni\u00e3o-Amnap-junho.jpg\" \/>\n\t<meta property=\"og:image:width\" content=\"1417\" \/>\n\t<meta property=\"og:image:height\" content=\"945\" \/>\n\t<meta property=\"og:image:type\" content=\"image\/jpeg\" \/>\n<meta name=\"author\" content=\"lifefm\" \/>\n<meta name=\"twitter:card\" content=\"summary_large_image\" \/>\n<meta name=\"twitter:label1\" content=\"Escrito por\" \/>\n\t<meta name=\"twitter:data1\" content=\"lifefm\" \/>\n\t<meta name=\"twitter:label2\" content=\"Est. tempo de leitura\" \/>\n\t<meta name=\"twitter:data2\" content=\"1 minuto\" \/>\n<script type=\"application\/ld+json\" class=\"yoast-schema-graph\">{\"@context\":\"https:\/\/schema.org\",\"@graph\":[{\"@type\":\"Article\",\"@id\":\"https:\/\/radiolifefm.com.br\/noticias\/com-apenas-05-dos-30-prefeitos-da-regiao-amnap-se-reune-em-dracena\/#article\",\"isPartOf\":{\"@id\":\"https:\/\/radiolifefm.com.br\/noticias\/com-apenas-05-dos-30-prefeitos-da-regiao-amnap-se-reune-em-dracena\/\"},\"author\":{\"name\":\"lifefm\",\"@id\":\"https:\/\/radiolifefm.com.br\/noticias\/#\/schema\/person\/1d4e4b1301322090c6221bf1c8420490\"},\"headline\":\"Com apenas 05 dos 30 prefeitos da regi\u00e3o, Amnap se re\u00fane em Dracena\",\"datePublished\":\"2019-06-30T01:02:39+00:00\",\"dateModified\":\"2026-04-22T11:58:24+00:00\",\"mainEntityOfPage\":{\"@id\":\"https:\/\/radiolifefm.com.br\/noticias\/com-apenas-05-dos-30-prefeitos-da-regiao-amnap-se-reune-em-dracena\/\"},\"wordCount\":300,\"publisher\":{\"@id\":\"https:\/\/radiolifefm.com.br\/noticias\/#organization\"},\"image\":{\"@id\":\"https:\/\/radiolifefm.com.br\/noticias\/com-apenas-05-dos-30-prefeitos-da-regiao-amnap-se-reune-em-dracena\/#primaryimage\"},\"thumbnailUrl\":\"https:\/\/radiolifefm.com.br\/noticias\/wp-content\/uploads\/2019\/06\/Reuni\u00e3o-Amnap-junho.jpg\",\"articleSection\":[\"Regi\u00e3o\"],\"inLanguage\":\"pt-BR\"},{\"@type\":\"WebPage\",\"@id\":\"https:\/\/radiolifefm.com.br\/noticias\/com-apenas-05-dos-30-prefeitos-da-regiao-amnap-se-reune-em-dracena\/\",\"url\":\"https:\/\/radiolifefm.com.br\/noticias\/com-apenas-05-dos-30-prefeitos-da-regiao-amnap-se-reune-em-dracena\/\",\"name\":\"Com apenas 05 dos 30 prefeitos da regi\u00e3o, Amnap se re\u00fane em Dracena - R\u00e1dio Life FM\",\"isPartOf\":{\"@id\":\"https:\/\/radiolifefm.com.br\/noticias\/#website\"},\"primaryImageOfPage\":{\"@id\":\"https:\/\/radiolifefm.com.br\/noticias\/com-apenas-05-dos-30-prefeitos-da-regiao-amnap-se-reune-em-dracena\/#primaryimage\"},\"image\":{\"@id\":\"https:\/\/radiolifefm.com.br\/noticias\/com-apenas-05-dos-30-prefeitos-da-regiao-amnap-se-reune-em-dracena\/#primaryimage\"},\"thumbnailUrl\":\"https:\/\/radiolifefm.com.br\/noticias\/wp-content\/uploads\/2019\/06\/Reuni\u00e3o-Amnap-junho.jpg\",\"datePublished\":\"2019-06-30T01:02:39+00:00\",\"dateModified\":\"2026-04-22T11:58:24+00:00\",\"breadcrumb\":{\"@id\":\"https:\/\/radiolifefm.com.br\/noticias\/com-apenas-05-dos-30-prefeitos-da-regiao-amnap-se-reune-em-dracena\/#breadcrumb\"},\"inLanguage\":\"pt-BR\",\"potentialAction\":[{\"@type\":\"ReadAction\",\"target\":[\"https:\/\/radiolifefm.com.br\/noticias\/com-apenas-05-dos-30-prefeitos-da-regiao-amnap-se-reune-em-dracena\/\"]}]},{\"@type\":\"ImageObject\",\"inLanguage\":\"pt-BR\",\"@id\":\"https:\/\/radiolifefm.com.br\/noticias\/com-apenas-05-dos-30-prefeitos-da-regiao-amnap-se-reune-em-dracena\/#primaryimage\",\"url\":\"https:\/\/radiolifefm.com.br\/noticias\/wp-content\/uploads\/2019\/06\/Reuni\u00e3o-Amnap-junho.jpg\",\"contentUrl\":\"https:\/\/radiolifefm.com.br\/noticias\/wp-content\/uploads\/2019\/06\/Reuni\u00e3o-Amnap-junho.jpg\",\"width\":1417,\"height\":945,\"caption\":\"Reuni\u00e3o da Amnap em Dracena - Fotos Vanessa Matsumoto\/JR\"},{\"@type\":\"BreadcrumbList\",\"@id\":\"https:\/\/radiolifefm.com.br\/noticias\/com-apenas-05-dos-30-prefeitos-da-regiao-amnap-se-reune-em-dracena\/#breadcrumb\",\"itemListElement\":[{\"@type\":\"ListItem\",\"position\":1,\"name\":\"In\u00edcio\",\"item\":\"https:\/\/radiolifefm.com.br\/noticias\/\"},{\"@type\":\"ListItem\",\"position\":2,\"name\":\"Com apenas 05 dos 30 prefeitos da regi\u00e3o, Amnap se re\u00fane em Dracena\"}]},{\"@type\":\"WebSite\",\"@id\":\"https:\/\/radiolifefm.com.br\/noticias\/#website\",\"url\":\"https:\/\/radiolifefm.com.br\/noticias\/\",\"name\":\"R\u00e1dio Life FM\",\"description\":\"O Portal de Not\u00edcias de Adamantina\",\"publisher\":{\"@id\":\"https:\/\/radiolifefm.com.br\/noticias\/#organization\"},\"alternateName\":\"Life FM\",\"potentialAction\":[{\"@type\":\"SearchAction\",\"target\":{\"@type\":\"EntryPoint\",\"urlTemplate\":\"https:\/\/radiolifefm.com.br\/noticias\/?s={search_term_string}\"},\"query-input\":{\"@type\":\"PropertyValueSpecification\",\"valueRequired\":true,\"valueName\":\"search_term_string\"}}],\"inLanguage\":\"pt-BR\"},{\"@type\":\"Organization\",\"@id\":\"https:\/\/radiolifefm.com.br\/noticias\/#organization\",\"name\":\"R\u00e1dio Life FM\",\"alternateName\":\"Life FM\",\"url\":\"https:\/\/radiolifefm.com.br\/noticias\/\",\"logo\":{\"@type\":\"ImageObject\",\"inLanguage\":\"pt-BR\",\"@id\":\"https:\/\/radiolifefm.com.br\/noticias\/#\/schema\/logo\/image\/\",\"url\":\"https:\/\/static.radiolifefm.com.br\/noticias\/wp-content\/uploads\/2019\/10\/logo-lifefm.png\",\"contentUrl\":\"https:\/\/static.radiolifefm.com.br\/noticias\/wp-content\/uploads\/2019\/10\/logo-lifefm.png\",\"width\":196,\"height\":47,\"caption\":\"R\u00e1dio Life FM\"},\"image\":{\"@id\":\"https:\/\/radiolifefm.com.br\/noticias\/#\/schema\/logo\/image\/\"},\"sameAs\":[\"https:\/\/www.facebook.com\/radiolifefm\/\",\"https:\/\/www.instagram.com\/life1079fm\/\"]},{\"@type\":\"Person\",\"@id\":\"https:\/\/radiolifefm.com.br\/noticias\/#\/schema\/person\/1d4e4b1301322090c6221bf1c8420490\",\"name\":\"lifefm\",\"image\":{\"@type\":\"ImageObject\",\"inLanguage\":\"pt-BR\",\"@id\":\"https:\/\/secure.gravatar.com\/avatar\/eca268467d925ec97d20641bb054fd944c0abb2f92854171620706bbe6474e7c?s=96&d=mm&r=g\",\"url\":\"https:\/\/secure.gravatar.com\/avatar\/eca268467d925ec97d20641bb054fd944c0abb2f92854171620706bbe6474e7c?s=96&d=mm&r=g\",\"contentUrl\":\"https:\/\/secure.gravatar.com\/avatar\/eca268467d925ec97d20641bb054fd944c0abb2f92854171620706bbe6474e7c?s=96&d=mm&r=g\",\"caption\":\"lifefm\"}}]}<\/script>\n<!-- \/ Yoast SEO plugin. -->","yoast_head_json":{"title":"Com apenas 05 dos 30 prefeitos da regi\u00e3o, Amnap se re\u00fane em Dracena - R\u00e1dio Life FM","robots":{"index":"index","follow":"follow","max-snippet":"max-snippet:-1","max-image-preview":"max-image-preview:large","max-video-preview":"max-video-preview:-1"},"canonical":"https:\/\/radiolifefm.com.br\/noticias\/com-apenas-05-dos-30-prefeitos-da-regiao-amnap-se-reune-em-dracena\/","og_locale":"pt_BR","og_type":"article","og_title":"Com apenas 05 dos 30 prefeitos da regi\u00e3o, Amnap se re\u00fane em Dracena - R\u00e1dio Life FM","og_description":"Na tarde desta sexta feira (28), com a presen\u00e7a de 5 dos 30 prefeitos associados, aconteceu a segunda assembleia ordin\u00e1ria deste ano da Associa\u00e7\u00e3o dos Munic\u00edpios da Nova Alta Paulista (Amnap), na C\u00e2mara Municipal de Dracena, para discutir dois assuntos considerados importantes. Estiveram presentes os prefeitos de Dracena, Parapu\u00e3, Tupi Paulista, Santa Mercedes e de [&hellip;]","og_url":"https:\/\/radiolifefm.com.br\/noticias\/com-apenas-05-dos-30-prefeitos-da-regiao-amnap-se-reune-em-dracena\/","og_site_name":"R\u00e1dio Life FM","article_publisher":"https:\/\/www.facebook.com\/radiolifefm\/","article_published_time":"2019-06-30T01:02:39+00:00","article_modified_time":"2026-04-22T11:58:24+00:00","og_image":[{"width":1417,"height":945,"url":"https:\/\/radiolifefm.com.br\/noticias\/wp-content\/uploads\/2019\/06\/Reuni\u00e3o-Amnap-junho.jpg","type":"image\/jpeg"}],"author":"lifefm","twitter_card":"summary_large_image","twitter_misc":{"Escrito por":"lifefm","Est. tempo de leitura":"1 minuto"},"schema":{"@context":"https:\/\/schema.org","@graph":[{"@type":"Article","@id":"https:\/\/radiolifefm.com.br\/noticias\/com-apenas-05-dos-30-prefeitos-da-regiao-amnap-se-reune-em-dracena\/#article","isPartOf":{"@id":"https:\/\/radiolifefm.com.br\/noticias\/com-apenas-05-dos-30-prefeitos-da-regiao-amnap-se-reune-em-dracena\/"},"author":{"name":"lifefm","@id":"https:\/\/radiolifefm.com.br\/noticias\/#\/schema\/person\/1d4e4b1301322090c6221bf1c8420490"},"headline":"Com apenas 05 dos 30 prefeitos da regi\u00e3o, Amnap se re\u00fane em Dracena","datePublished":"2019-06-30T01:02:39+00:00","dateModified":"2026-04-22T11:58:24+00:00","mainEntityOfPage":{"@id":"https:\/\/radiolifefm.com.br\/noticias\/com-apenas-05-dos-30-prefeitos-da-regiao-amnap-se-reune-em-dracena\/"},"wordCount":300,"publisher":{"@id":"https:\/\/radiolifefm.com.br\/noticias\/#organization"},"image":{"@id":"https:\/\/radiolifefm.com.br\/noticias\/com-apenas-05-dos-30-prefeitos-da-regiao-amnap-se-reune-em-dracena\/#primaryimage"},"thumbnailUrl":"https:\/\/radiolifefm.com.br\/noticias\/wp-content\/uploads\/2019\/06\/Reuni\u00e3o-Amnap-junho.jpg","articleSection":["Regi\u00e3o"],"inLanguage":"pt-BR"},{"@type":"WebPage","@id":"https:\/\/radiolifefm.com.br\/noticias\/com-apenas-05-dos-30-prefeitos-da-regiao-amnap-se-reune-em-dracena\/","url":"https:\/\/radiolifefm.com.br\/noticias\/com-apenas-05-dos-30-prefeitos-da-regiao-amnap-se-reune-em-dracena\/","name":"Com apenas 05 dos 30 prefeitos da regi\u00e3o, Amnap se re\u00fane em Dracena - R\u00e1dio Life FM","isPartOf":{"@id":"https:\/\/radiolifefm.com.br\/noticias\/#website"},"primaryImageOfPage":{"@id":"https:\/\/radiolifefm.com.br\/noticias\/com-apenas-05-dos-30-prefeitos-da-regiao-amnap-se-reune-em-dracena\/#primaryimage"},"image":{"@id":"https:\/\/radiolifefm.com.br\/noticias\/com-apenas-05-dos-30-prefeitos-da-regiao-amnap-se-reune-em-dracena\/#primaryimage"},"thumbnailUrl":"https:\/\/radiolifefm.com.br\/noticias\/wp-content\/uploads\/2019\/06\/Reuni\u00e3o-Amnap-junho.jpg","datePublished":"2019-06-30T01:02:39+00:00","dateModified":"2026-04-22T11:58:24+00:00","breadcrumb":{"@id":"https:\/\/radiolifefm.com.br\/noticias\/com-apenas-05-dos-30-prefeitos-da-regiao-amnap-se-reune-em-dracena\/#breadcrumb"},"inLanguage":"pt-BR","potentialAction":[{"@type":"ReadAction","target":["https:\/\/radiolifefm.com.br\/noticias\/com-apenas-05-dos-30-prefeitos-da-regiao-amnap-se-reune-em-dracena\/"]}]},{"@type":"ImageObject","inLanguage":"pt-BR","@id":"https:\/\/radiolifefm.com.br\/noticias\/com-apenas-05-dos-30-prefeitos-da-regiao-amnap-se-reune-em-dracena\/#primaryimage","url":"https:\/\/radiolifefm.com.br\/noticias\/wp-content\/uploads\/2019\/06\/Reuni\u00e3o-Amnap-junho.jpg","contentUrl":"https:\/\/radiolifefm.com.br\/noticias\/wp-content\/uploads\/2019\/06\/Reuni\u00e3o-Amnap-junho.jpg","width":1417,"height":945,"caption":"Reuni\u00e3o da Amnap em Dracena - Fotos Vanessa Matsumoto\/JR"},{"@type":"BreadcrumbList","@id":"https:\/\/radiolifefm.com.br\/noticias\/com-apenas-05-dos-30-prefeitos-da-regiao-amnap-se-reune-em-dracena\/#breadcrumb","itemListElement":[{"@type":"ListItem","position":1,"name":"In\u00edcio","item":"https:\/\/radiolifefm.com.br\/noticias\/"},{"@type":"ListItem","position":2,"name":"Com apenas 05 dos 30 prefeitos da regi\u00e3o, Amnap se re\u00fane em Dracena"}]},{"@type":"WebSite","@id":"https:\/\/radiolifefm.com.br\/noticias\/#website","url":"https:\/\/radiolifefm.com.br\/noticias\/","name":"R\u00e1dio Life FM","description":"O Portal de Not\u00edcias de Adamantina","publisher":{"@id":"https:\/\/radiolifefm.com.br\/noticias\/#organization"},"alternateName":"Life FM","potentialAction":[{"@type":"SearchAction","target":{"@type":"EntryPoint","urlTemplate":"https:\/\/radiolifefm.com.br\/noticias\/?s={search_term_string}"},"query-input":{"@type":"PropertyValueSpecification","valueRequired":true,"valueName":"search_term_string"}}],"inLanguage":"pt-BR"},{"@type":"Organization","@id":"https:\/\/radiolifefm.com.br\/noticias\/#organization","name":"R\u00e1dio Life FM","alternateName":"Life FM","url":"https:\/\/radiolifefm.com.br\/noticias\/","logo":{"@type":"ImageObject","inLanguage":"pt-BR","@id":"https:\/\/radiolifefm.com.br\/noticias\/#\/schema\/logo\/image\/","url":"https:\/\/static.radiolifefm.com.br\/noticias\/wp-content\/uploads\/2019\/10\/logo-lifefm.png","contentUrl":"https:\/\/static.radiolifefm.com.br\/noticias\/wp-content\/uploads\/2019\/10\/logo-lifefm.png","width":196,"height":47,"caption":"R\u00e1dio Life FM"},"image":{"@id":"https:\/\/radiolifefm.com.br\/noticias\/#\/schema\/logo\/image\/"},"sameAs":["https:\/\/www.facebook.com\/radiolifefm\/","https:\/\/www.instagram.com\/life1079fm\/"]},{"@type":"Person","@id":"https:\/\/radiolifefm.com.br\/noticias\/#\/schema\/person\/1d4e4b1301322090c6221bf1c8420490","name":"lifefm","image":{"@type":"ImageObject","inLanguage":"pt-BR","@id":"https:\/\/secure.gravatar.com\/avatar\/eca268467d925ec97d20641bb054fd944c0abb2f92854171620706bbe6474e7c?s=96&d=mm&r=g","url":"https:\/\/secure.gravatar.com\/avatar\/eca268467d925ec97d20641bb054fd944c0abb2f92854171620706bbe6474e7c?s=96&d=mm&r=g","contentUrl":"https:\/\/secure.gravatar.com\/avatar\/eca268467d925ec97d20641bb054fd944c0abb2f92854171620706bbe6474e7c?s=96&d=mm&r=g","caption":"lifefm"}}]}},"amp_enabled":true,"_links":{"self":[{"href":"https:\/\/radiolifefm.com.br\/noticias\/wp-json\/wp\/v2\/posts\/14369","targetHints":{"allow":["GET"]}}],"collection":[{"href":"https:\/\/radiolifefm.com.br\/noticias\/wp-json\/wp\/v2\/posts"}],"about":[{"href":"https:\/\/radiolifefm.com.br\/noticias\/wp-json\/wp\/v2\/types\/post"}],"author":[{"embeddable":true,"href":"https:\/\/radiolifefm.com.br\/noticias\/wp-json\/wp\/v2\/users\/3"}],"replies":[{"embeddable":true,"href":"https:\/\/radiolifefm.com.br\/noticias\/wp-json\/wp\/v2\/comments?post=14369"}],"version-history":[{"count":1,"href":"https:\/\/radiolifefm.com.br\/noticias\/wp-json\/wp\/v2\/posts\/14369\/revisions"}],"predecessor-version":[{"id":14372,"href":"https:\/\/radiolifefm.com.br\/noticias\/wp-json\/wp\/v2\/posts\/14369\/revisions\/14372"}],"wp:featuredmedia":[{"embeddable":true,"href":"https:\/\/radiolifefm.com.br\/noticias\/wp-json\/wp\/v2\/media\/14370"}],"wp:attachment":[{"href":"https:\/\/radiolifefm.com.br\/noticias\/wp-json\/wp\/v2\/media?parent=14369"}],"wp:term":[{"taxonomy":"category","embeddable":true,"href":"https:\/\/radiolifefm.com.br\/noticias\/wp-json\/wp\/v2\/categories?post=14369"},{"taxonomy":"post_tag","embeddable":true,"href":"https:\/\/radiolifefm.com.br\/noticias\/wp-json\/wp\/v2\/tags?post=14369"}],"curies":[{"name":"wp","href":"https:\/\/api.w.org\/{rel}","templated":true}]}}