{"id":14336,"date":"2019-06-26T23:27:57","date_gmt":"2019-06-27T02:27:57","guid":{"rendered":"https:\/\/radiolifefm.com.br\/noticias\/?p=14336"},"modified":"2026-04-08T19:13:41","modified_gmt":"2026-04-08T22:13:41","slug":"professora-universitaria-esta-internada-com-malaria-cerebral-na-africa","status":"publish","type":"post","link":"https:\/\/radiolifefm.com.br\/noticias\/professora-universitaria-esta-internada-com-malaria-cerebral-na-africa\/","title":{"rendered":"Professora universit\u00e1ria est\u00e1 internada com mal\u00e1ria cerebral na \u00c1frica"},"content":{"rendered":"<div id=\"fb-root\"><\/div>\n<p><em>Daniela Bitencurti ministrava palestras sobre meio ambiente a convite de universidade na \u00c1frica<\/em><\/p>\n<p>A fam\u00edlia da professora universit\u00e1ria, Daniela Bitencurti, 42 anos, de Junqueir\u00f3polis, vive um momento muito delicado em raz\u00e3o dos s\u00e9rios problemas de sa\u00fade enfrentados por Daniela que est\u00e1 internada com mal\u00e1ria cerebral em Luanda, na \u00c1frica.<\/p>\n<p>Formada em F\u00edsica, a professora universit\u00e1ria da Universidade Federal do Sergipe, viajou para a \u00c1frica no come\u00e7o do m\u00eas para ministrar palestras sobre o meio ambiente a convite de uma universidade. Daniela deveria retornar ao Brasil na \u00faltima sexta-feira, 21, quando foi encontrada desacordada na casa que alugou naquela cidade.<\/p>\n<p>Segundo a irm\u00e3 de Daniela, Miriam Bitencurti, informou que outra irm\u00e3 delas, Karina, viajaria para Luanda para acompanhar a situa\u00e7\u00e3o de Daniela.<br \/>\nMiriam explicou que v\u00e1rios brasileiros e angolanos j\u00e1 doaram sangue, abastecendo o estoque do hospital e que o estado de Daniela estava est\u00e1vel com uma pequena melhora no rim.<\/p>\n<p>Ela pediu ora\u00e7\u00f5es e vibra\u00e7\u00f5es positivas de todos em benef\u00edcio da sa\u00fade da irm\u00e3. A fam\u00edlia tamb\u00e9m necessita de apoio financeiro uma vez que o seguro-sa\u00fade n\u00e3o cobre todas as despesas necess\u00e1rias e a di\u00e1ria na cl\u00ednica \u00e9 de 4 mil d\u00f3lares.<\/p>\n<p>O cunhado da professora est\u00e1 \u00e0 frente do processo e os dados banc\u00e1rios para doa\u00e7\u00e3o s\u00e3o: Banco do Brasil Ag\u00eancia: 0938-5 Conta Corrente: 07024-6; Luis Rog\u00e9rio Rossi e CPF: 097.640.958-52.<\/p>\n<p>Fonte: Portal Regional<\/p>\n<p>Reda\u00e7\u00e3o &#8211; Kako de Oliveira<\/p>\n","protected":false},"excerpt":{"rendered":"<p>Daniela Bitencurti ministrava palestras sobre meio ambiente a convite de universidade na \u00c1frica A fam\u00edlia da professora universit\u00e1ria, Daniela Bitencurti, 42 anos, de Junqueir\u00f3polis, vive um momento muito delicado em raz\u00e3o dos s\u00e9rios problemas de sa\u00fade enfrentados por Daniela que est\u00e1 internada com mal\u00e1ria cerebral em Luanda, na \u00c1frica. Formada em F\u00edsica, a professora universit\u00e1ria [&hellip;]<\/p>\n","protected":false},"author":3,"featured_media":14337,"comment_status":"closed","ping_status":"open","sticky":false,"template":"","format":"standard","meta":{"_acf_changed":false,"_exactmetrics_skip_tracking":false,"_exactmetrics_sitenote_active":false,"_exactmetrics_sitenote_note":"","_exactmetrics_sitenote_category":0,"footnotes":""},"categories":[24],"tags":[],"class_list":["post-14336","post","type-post","status-publish","format-standard","has-post-thumbnail","hentry","category-regiao"],"acf":[],"yoast_head":"<!-- This site is optimized with the Yoast SEO plugin v27.2 - https:\/\/yoast.com\/product\/yoast-seo-wordpress\/ -->\n<title>Professora universit\u00e1ria est\u00e1 internada com mal\u00e1ria cerebral na \u00c1frica - R\u00e1dio Life FM<\/title>\n<meta name=\"robots\" content=\"index, follow, max-snippet:-1, max-image-preview:large, max-video-preview:-1\" \/>\n<link rel=\"canonical\" href=\"https:\/\/radiolifefm.com.br\/noticias\/professora-universitaria-esta-internada-com-malaria-cerebral-na-africa\/\" \/>\n<meta property=\"og:locale\" content=\"pt_BR\" \/>\n<meta property=\"og:type\" content=\"article\" \/>\n<meta property=\"og:title\" content=\"Professora universit\u00e1ria est\u00e1 internada com mal\u00e1ria cerebral na \u00c1frica - R\u00e1dio Life FM\" \/>\n<meta property=\"og:description\" content=\"Daniela Bitencurti ministrava palestras sobre meio ambiente a convite de universidade na \u00c1frica A fam\u00edlia da professora universit\u00e1ria, Daniela Bitencurti, 42 anos, de Junqueir\u00f3polis, vive um momento muito delicado em raz\u00e3o dos s\u00e9rios problemas de sa\u00fade enfrentados por Daniela que est\u00e1 internada com mal\u00e1ria cerebral em Luanda, na \u00c1frica. Formada em F\u00edsica, a professora universit\u00e1ria [&hellip;]\" \/>\n<meta property=\"og:url\" content=\"https:\/\/radiolifefm.com.br\/noticias\/professora-universitaria-esta-internada-com-malaria-cerebral-na-africa\/\" \/>\n<meta property=\"og:site_name\" content=\"R\u00e1dio Life FM\" \/>\n<meta property=\"article:publisher\" content=\"https:\/\/www.facebook.com\/radiolifefm\/\" \/>\n<meta property=\"article:published_time\" content=\"2019-06-27T02:27:57+00:00\" \/>\n<meta property=\"article:modified_time\" content=\"2026-04-08T22:13:41+00:00\" \/>\n<meta property=\"og:image\" content=\"https:\/\/radiolifefm.com.br\/noticias\/wp-content\/uploads\/2019\/06\/Daniela-Mal\u00e1ria.jpg\" \/>\n\t<meta property=\"og:image:width\" content=\"521\" \/>\n\t<meta property=\"og:image:height\" content=\"319\" \/>\n\t<meta property=\"og:image:type\" content=\"image\/jpeg\" \/>\n<meta name=\"author\" content=\"lifefm\" \/>\n<meta name=\"twitter:card\" content=\"summary_large_image\" \/>\n<meta name=\"twitter:label1\" content=\"Escrito por\" \/>\n\t<meta name=\"twitter:data1\" content=\"lifefm\" \/>\n\t<meta name=\"twitter:label2\" content=\"Est. tempo de leitura\" \/>\n\t<meta name=\"twitter:data2\" content=\"1 minuto\" \/>\n<script type=\"application\/ld+json\" class=\"yoast-schema-graph\">{\"@context\":\"https:\/\/schema.org\",\"@graph\":[{\"@type\":\"Article\",\"@id\":\"https:\/\/radiolifefm.com.br\/noticias\/professora-universitaria-esta-internada-com-malaria-cerebral-na-africa\/#article\",\"isPartOf\":{\"@id\":\"https:\/\/radiolifefm.com.br\/noticias\/professora-universitaria-esta-internada-com-malaria-cerebral-na-africa\/\"},\"author\":{\"name\":\"lifefm\",\"@id\":\"https:\/\/radiolifefm.com.br\/noticias\/#\/schema\/person\/1d4e4b1301322090c6221bf1c8420490\"},\"headline\":\"Professora universit\u00e1ria est\u00e1 internada com mal\u00e1ria cerebral na \u00c1frica\",\"datePublished\":\"2019-06-27T02:27:57+00:00\",\"dateModified\":\"2026-04-08T22:13:41+00:00\",\"mainEntityOfPage\":{\"@id\":\"https:\/\/radiolifefm.com.br\/noticias\/professora-universitaria-esta-internada-com-malaria-cerebral-na-africa\/\"},\"wordCount\":268,\"publisher\":{\"@id\":\"https:\/\/radiolifefm.com.br\/noticias\/#organization\"},\"image\":{\"@id\":\"https:\/\/radiolifefm.com.br\/noticias\/professora-universitaria-esta-internada-com-malaria-cerebral-na-africa\/#primaryimage\"},\"thumbnailUrl\":\"https:\/\/radiolifefm.com.br\/noticias\/wp-content\/uploads\/2019\/06\/Daniela-Mal\u00e1ria.jpg\",\"articleSection\":[\"Regi\u00e3o\"],\"inLanguage\":\"pt-BR\"},{\"@type\":\"WebPage\",\"@id\":\"https:\/\/radiolifefm.com.br\/noticias\/professora-universitaria-esta-internada-com-malaria-cerebral-na-africa\/\",\"url\":\"https:\/\/radiolifefm.com.br\/noticias\/professora-universitaria-esta-internada-com-malaria-cerebral-na-africa\/\",\"name\":\"Professora universit\u00e1ria est\u00e1 internada com mal\u00e1ria cerebral na \u00c1frica - R\u00e1dio Life FM\",\"isPartOf\":{\"@id\":\"https:\/\/radiolifefm.com.br\/noticias\/#website\"},\"primaryImageOfPage\":{\"@id\":\"https:\/\/radiolifefm.com.br\/noticias\/professora-universitaria-esta-internada-com-malaria-cerebral-na-africa\/#primaryimage\"},\"image\":{\"@id\":\"https:\/\/radiolifefm.com.br\/noticias\/professora-universitaria-esta-internada-com-malaria-cerebral-na-africa\/#primaryimage\"},\"thumbnailUrl\":\"https:\/\/radiolifefm.com.br\/noticias\/wp-content\/uploads\/2019\/06\/Daniela-Mal\u00e1ria.jpg\",\"datePublished\":\"2019-06-27T02:27:57+00:00\",\"dateModified\":\"2026-04-08T22:13:41+00:00\",\"breadcrumb\":{\"@id\":\"https:\/\/radiolifefm.com.br\/noticias\/professora-universitaria-esta-internada-com-malaria-cerebral-na-africa\/#breadcrumb\"},\"inLanguage\":\"pt-BR\",\"potentialAction\":[{\"@type\":\"ReadAction\",\"target\":[\"https:\/\/radiolifefm.com.br\/noticias\/professora-universitaria-esta-internada-com-malaria-cerebral-na-africa\/\"]}]},{\"@type\":\"ImageObject\",\"inLanguage\":\"pt-BR\",\"@id\":\"https:\/\/radiolifefm.com.br\/noticias\/professora-universitaria-esta-internada-com-malaria-cerebral-na-africa\/#primaryimage\",\"url\":\"https:\/\/radiolifefm.com.br\/noticias\/wp-content\/uploads\/2019\/06\/Daniela-Mal\u00e1ria.jpg\",\"contentUrl\":\"https:\/\/radiolifefm.com.br\/noticias\/wp-content\/uploads\/2019\/06\/Daniela-Mal\u00e1ria.jpg\",\"width\":521,\"height\":319},{\"@type\":\"BreadcrumbList\",\"@id\":\"https:\/\/radiolifefm.com.br\/noticias\/professora-universitaria-esta-internada-com-malaria-cerebral-na-africa\/#breadcrumb\",\"itemListElement\":[{\"@type\":\"ListItem\",\"position\":1,\"name\":\"In\u00edcio\",\"item\":\"https:\/\/radiolifefm.com.br\/noticias\/\"},{\"@type\":\"ListItem\",\"position\":2,\"name\":\"Professora universit\u00e1ria est\u00e1 internada com mal\u00e1ria cerebral na \u00c1frica\"}]},{\"@type\":\"WebSite\",\"@id\":\"https:\/\/radiolifefm.com.br\/noticias\/#website\",\"url\":\"https:\/\/radiolifefm.com.br\/noticias\/\",\"name\":\"R\u00e1dio Life FM\",\"description\":\"O Portal de Not\u00edcias de Adamantina\",\"publisher\":{\"@id\":\"https:\/\/radiolifefm.com.br\/noticias\/#organization\"},\"alternateName\":\"Life FM\",\"potentialAction\":[{\"@type\":\"SearchAction\",\"target\":{\"@type\":\"EntryPoint\",\"urlTemplate\":\"https:\/\/radiolifefm.com.br\/noticias\/?s={search_term_string}\"},\"query-input\":{\"@type\":\"PropertyValueSpecification\",\"valueRequired\":true,\"valueName\":\"search_term_string\"}}],\"inLanguage\":\"pt-BR\"},{\"@type\":\"Organization\",\"@id\":\"https:\/\/radiolifefm.com.br\/noticias\/#organization\",\"name\":\"R\u00e1dio Life FM\",\"alternateName\":\"Life FM\",\"url\":\"https:\/\/radiolifefm.com.br\/noticias\/\",\"logo\":{\"@type\":\"ImageObject\",\"inLanguage\":\"pt-BR\",\"@id\":\"https:\/\/radiolifefm.com.br\/noticias\/#\/schema\/logo\/image\/\",\"url\":\"https:\/\/static.radiolifefm.com.br\/noticias\/wp-content\/uploads\/2019\/10\/logo-lifefm.png\",\"contentUrl\":\"https:\/\/static.radiolifefm.com.br\/noticias\/wp-content\/uploads\/2019\/10\/logo-lifefm.png\",\"width\":196,\"height\":47,\"caption\":\"R\u00e1dio Life FM\"},\"image\":{\"@id\":\"https:\/\/radiolifefm.com.br\/noticias\/#\/schema\/logo\/image\/\"},\"sameAs\":[\"https:\/\/www.facebook.com\/radiolifefm\/\",\"https:\/\/www.instagram.com\/life1079fm\/\"]},{\"@type\":\"Person\",\"@id\":\"https:\/\/radiolifefm.com.br\/noticias\/#\/schema\/person\/1d4e4b1301322090c6221bf1c8420490\",\"name\":\"lifefm\",\"image\":{\"@type\":\"ImageObject\",\"inLanguage\":\"pt-BR\",\"@id\":\"https:\/\/secure.gravatar.com\/avatar\/eca268467d925ec97d20641bb054fd944c0abb2f92854171620706bbe6474e7c?s=96&d=mm&r=g\",\"url\":\"https:\/\/secure.gravatar.com\/avatar\/eca268467d925ec97d20641bb054fd944c0abb2f92854171620706bbe6474e7c?s=96&d=mm&r=g\",\"contentUrl\":\"https:\/\/secure.gravatar.com\/avatar\/eca268467d925ec97d20641bb054fd944c0abb2f92854171620706bbe6474e7c?s=96&d=mm&r=g\",\"caption\":\"lifefm\"}}]}<\/script>\n<!-- \/ Yoast SEO plugin. -->","yoast_head_json":{"title":"Professora universit\u00e1ria est\u00e1 internada com mal\u00e1ria cerebral na \u00c1frica - R\u00e1dio Life FM","robots":{"index":"index","follow":"follow","max-snippet":"max-snippet:-1","max-image-preview":"max-image-preview:large","max-video-preview":"max-video-preview:-1"},"canonical":"https:\/\/radiolifefm.com.br\/noticias\/professora-universitaria-esta-internada-com-malaria-cerebral-na-africa\/","og_locale":"pt_BR","og_type":"article","og_title":"Professora universit\u00e1ria est\u00e1 internada com mal\u00e1ria cerebral na \u00c1frica - R\u00e1dio Life FM","og_description":"Daniela Bitencurti ministrava palestras sobre meio ambiente a convite de universidade na \u00c1frica A fam\u00edlia da professora universit\u00e1ria, Daniela Bitencurti, 42 anos, de Junqueir\u00f3polis, vive um momento muito delicado em raz\u00e3o dos s\u00e9rios problemas de sa\u00fade enfrentados por Daniela que est\u00e1 internada com mal\u00e1ria cerebral em Luanda, na \u00c1frica. Formada em F\u00edsica, a professora universit\u00e1ria [&hellip;]","og_url":"https:\/\/radiolifefm.com.br\/noticias\/professora-universitaria-esta-internada-com-malaria-cerebral-na-africa\/","og_site_name":"R\u00e1dio Life FM","article_publisher":"https:\/\/www.facebook.com\/radiolifefm\/","article_published_time":"2019-06-27T02:27:57+00:00","article_modified_time":"2026-04-08T22:13:41+00:00","og_image":[{"width":521,"height":319,"url":"https:\/\/radiolifefm.com.br\/noticias\/wp-content\/uploads\/2019\/06\/Daniela-Mal\u00e1ria.jpg","type":"image\/jpeg"}],"author":"lifefm","twitter_card":"summary_large_image","twitter_misc":{"Escrito por":"lifefm","Est. tempo de leitura":"1 minuto"},"schema":{"@context":"https:\/\/schema.org","@graph":[{"@type":"Article","@id":"https:\/\/radiolifefm.com.br\/noticias\/professora-universitaria-esta-internada-com-malaria-cerebral-na-africa\/#article","isPartOf":{"@id":"https:\/\/radiolifefm.com.br\/noticias\/professora-universitaria-esta-internada-com-malaria-cerebral-na-africa\/"},"author":{"name":"lifefm","@id":"https:\/\/radiolifefm.com.br\/noticias\/#\/schema\/person\/1d4e4b1301322090c6221bf1c8420490"},"headline":"Professora universit\u00e1ria est\u00e1 internada com mal\u00e1ria cerebral na \u00c1frica","datePublished":"2019-06-27T02:27:57+00:00","dateModified":"2026-04-08T22:13:41+00:00","mainEntityOfPage":{"@id":"https:\/\/radiolifefm.com.br\/noticias\/professora-universitaria-esta-internada-com-malaria-cerebral-na-africa\/"},"wordCount":268,"publisher":{"@id":"https:\/\/radiolifefm.com.br\/noticias\/#organization"},"image":{"@id":"https:\/\/radiolifefm.com.br\/noticias\/professora-universitaria-esta-internada-com-malaria-cerebral-na-africa\/#primaryimage"},"thumbnailUrl":"https:\/\/radiolifefm.com.br\/noticias\/wp-content\/uploads\/2019\/06\/Daniela-Mal\u00e1ria.jpg","articleSection":["Regi\u00e3o"],"inLanguage":"pt-BR"},{"@type":"WebPage","@id":"https:\/\/radiolifefm.com.br\/noticias\/professora-universitaria-esta-internada-com-malaria-cerebral-na-africa\/","url":"https:\/\/radiolifefm.com.br\/noticias\/professora-universitaria-esta-internada-com-malaria-cerebral-na-africa\/","name":"Professora universit\u00e1ria est\u00e1 internada com mal\u00e1ria cerebral na \u00c1frica - R\u00e1dio Life FM","isPartOf":{"@id":"https:\/\/radiolifefm.com.br\/noticias\/#website"},"primaryImageOfPage":{"@id":"https:\/\/radiolifefm.com.br\/noticias\/professora-universitaria-esta-internada-com-malaria-cerebral-na-africa\/#primaryimage"},"image":{"@id":"https:\/\/radiolifefm.com.br\/noticias\/professora-universitaria-esta-internada-com-malaria-cerebral-na-africa\/#primaryimage"},"thumbnailUrl":"https:\/\/radiolifefm.com.br\/noticias\/wp-content\/uploads\/2019\/06\/Daniela-Mal\u00e1ria.jpg","datePublished":"2019-06-27T02:27:57+00:00","dateModified":"2026-04-08T22:13:41+00:00","breadcrumb":{"@id":"https:\/\/radiolifefm.com.br\/noticias\/professora-universitaria-esta-internada-com-malaria-cerebral-na-africa\/#breadcrumb"},"inLanguage":"pt-BR","potentialAction":[{"@type":"ReadAction","target":["https:\/\/radiolifefm.com.br\/noticias\/professora-universitaria-esta-internada-com-malaria-cerebral-na-africa\/"]}]},{"@type":"ImageObject","inLanguage":"pt-BR","@id":"https:\/\/radiolifefm.com.br\/noticias\/professora-universitaria-esta-internada-com-malaria-cerebral-na-africa\/#primaryimage","url":"https:\/\/radiolifefm.com.br\/noticias\/wp-content\/uploads\/2019\/06\/Daniela-Mal\u00e1ria.jpg","contentUrl":"https:\/\/radiolifefm.com.br\/noticias\/wp-content\/uploads\/2019\/06\/Daniela-Mal\u00e1ria.jpg","width":521,"height":319},{"@type":"BreadcrumbList","@id":"https:\/\/radiolifefm.com.br\/noticias\/professora-universitaria-esta-internada-com-malaria-cerebral-na-africa\/#breadcrumb","itemListElement":[{"@type":"ListItem","position":1,"name":"In\u00edcio","item":"https:\/\/radiolifefm.com.br\/noticias\/"},{"@type":"ListItem","position":2,"name":"Professora universit\u00e1ria est\u00e1 internada com mal\u00e1ria cerebral na \u00c1frica"}]},{"@type":"WebSite","@id":"https:\/\/radiolifefm.com.br\/noticias\/#website","url":"https:\/\/radiolifefm.com.br\/noticias\/","name":"R\u00e1dio Life FM","description":"O Portal de Not\u00edcias de Adamantina","publisher":{"@id":"https:\/\/radiolifefm.com.br\/noticias\/#organization"},"alternateName":"Life FM","potentialAction":[{"@type":"SearchAction","target":{"@type":"EntryPoint","urlTemplate":"https:\/\/radiolifefm.com.br\/noticias\/?s={search_term_string}"},"query-input":{"@type":"PropertyValueSpecification","valueRequired":true,"valueName":"search_term_string"}}],"inLanguage":"pt-BR"},{"@type":"Organization","@id":"https:\/\/radiolifefm.com.br\/noticias\/#organization","name":"R\u00e1dio Life FM","alternateName":"Life FM","url":"https:\/\/radiolifefm.com.br\/noticias\/","logo":{"@type":"ImageObject","inLanguage":"pt-BR","@id":"https:\/\/radiolifefm.com.br\/noticias\/#\/schema\/logo\/image\/","url":"https:\/\/static.radiolifefm.com.br\/noticias\/wp-content\/uploads\/2019\/10\/logo-lifefm.png","contentUrl":"https:\/\/static.radiolifefm.com.br\/noticias\/wp-content\/uploads\/2019\/10\/logo-lifefm.png","width":196,"height":47,"caption":"R\u00e1dio Life FM"},"image":{"@id":"https:\/\/radiolifefm.com.br\/noticias\/#\/schema\/logo\/image\/"},"sameAs":["https:\/\/www.facebook.com\/radiolifefm\/","https:\/\/www.instagram.com\/life1079fm\/"]},{"@type":"Person","@id":"https:\/\/radiolifefm.com.br\/noticias\/#\/schema\/person\/1d4e4b1301322090c6221bf1c8420490","name":"lifefm","image":{"@type":"ImageObject","inLanguage":"pt-BR","@id":"https:\/\/secure.gravatar.com\/avatar\/eca268467d925ec97d20641bb054fd944c0abb2f92854171620706bbe6474e7c?s=96&d=mm&r=g","url":"https:\/\/secure.gravatar.com\/avatar\/eca268467d925ec97d20641bb054fd944c0abb2f92854171620706bbe6474e7c?s=96&d=mm&r=g","contentUrl":"https:\/\/secure.gravatar.com\/avatar\/eca268467d925ec97d20641bb054fd944c0abb2f92854171620706bbe6474e7c?s=96&d=mm&r=g","caption":"lifefm"}}]}},"amp_enabled":true,"_links":{"self":[{"href":"https:\/\/radiolifefm.com.br\/noticias\/wp-json\/wp\/v2\/posts\/14336","targetHints":{"allow":["GET"]}}],"collection":[{"href":"https:\/\/radiolifefm.com.br\/noticias\/wp-json\/wp\/v2\/posts"}],"about":[{"href":"https:\/\/radiolifefm.com.br\/noticias\/wp-json\/wp\/v2\/types\/post"}],"author":[{"embeddable":true,"href":"https:\/\/radiolifefm.com.br\/noticias\/wp-json\/wp\/v2\/users\/3"}],"replies":[{"embeddable":true,"href":"https:\/\/radiolifefm.com.br\/noticias\/wp-json\/wp\/v2\/comments?post=14336"}],"version-history":[{"count":2,"href":"https:\/\/radiolifefm.com.br\/noticias\/wp-json\/wp\/v2\/posts\/14336\/revisions"}],"predecessor-version":[{"id":14499,"href":"https:\/\/radiolifefm.com.br\/noticias\/wp-json\/wp\/v2\/posts\/14336\/revisions\/14499"}],"wp:featuredmedia":[{"embeddable":true,"href":"https:\/\/radiolifefm.com.br\/noticias\/wp-json\/wp\/v2\/media\/14337"}],"wp:attachment":[{"href":"https:\/\/radiolifefm.com.br\/noticias\/wp-json\/wp\/v2\/media?parent=14336"}],"wp:term":[{"taxonomy":"category","embeddable":true,"href":"https:\/\/radiolifefm.com.br\/noticias\/wp-json\/wp\/v2\/categories?post=14336"},{"taxonomy":"post_tag","embeddable":true,"href":"https:\/\/radiolifefm.com.br\/noticias\/wp-json\/wp\/v2\/tags?post=14336"}],"curies":[{"name":"wp","href":"https:\/\/api.w.org\/{rel}","templated":true}]}}