{"id":14326,"date":"2019-06-26T23:09:47","date_gmt":"2019-06-27T02:09:47","guid":{"rendered":"https:\/\/radiolifefm.com.br\/noticias\/?p=14326"},"modified":"2026-04-27T13:04:55","modified_gmt":"2026-04-27T16:04:55","slug":"policia-militar-prende-em-flagrante-dupla-que-cometeu-roubo-em-pauliceia","status":"publish","type":"post","link":"https:\/\/radiolifefm.com.br\/noticias\/policia-militar-prende-em-flagrante-dupla-que-cometeu-roubo-em-pauliceia\/","title":{"rendered":"Pol\u00edcia Militar prende em flagrante dupla que cometeu roubo em Paulic\u00e9ia"},"content":{"rendered":"<div id=\"fb-root\"><\/div>\n<p>A Pol\u00edcia Militar de Paulic\u00e9ia foi acionada via 190 e por populares, onde havia uma not\u00edcia de que um motorista de caminh\u00e3o estaria sofrendo agress\u00f5es.<\/p>\n<p>No local, em contato com a v\u00edtima, R.D.A., um homem de 32 anos, que informou ter acabado de ser roubado por tr\u00eas indiv\u00edduos que utilizaram faca e fugiram, indicando o sentido tomado por eles.<\/p>\n<p>De imediato, a equipe da Pol\u00edcia Militar conseguiu localizar um dos indiv\u00edduos e o menor de idade, que, ao notarem a presen\u00e7a da viatura, se evadiram, sendo alcan\u00e7ado e abordado o menor na posse de uma faca grande, que havia sido subtra\u00edda da v\u00edtima e utilizada para amea\u00e7\u00e1-lo e o outro indiv\u00edduo na fuga deixou cair o aparelho celular roubado da v\u00edtima.<\/p>\n<p>A v\u00edtima reconheceu o menor como sendo um dos autores do roubo, bem como a faca e o celular, sendo de sua propriedade, informando que subtra\u00edram tamb\u00e9m sua carteira preta de couro, contendo R$350,00 (trezentos e cinquenta reais) e documentos como, CNH, T\u00edtulo de Eleitor e cart\u00e3o banc\u00e1rio.<\/p>\n<p>Durante buscas no caminh\u00e3o foi localizado em seu interior, a carteira com RG e CPF do autor, W.F.S.N., que o mesmo deixou cair durante o crime.<br \/>\nAo lado da porta do caminh\u00e3o foi localizada a primeira faca utilizada pelo adolescente. A v\u00edtima tamb\u00e9m passou caracter\u00edsticas do terceiro indiv\u00edduo que no momento n\u00e3o foi localizado.<\/p>\n<p>Enquanto o menor estava sendo apreendido, as equipes diurnas da Pol\u00edcia Militar, sabendo do ocorrido e de posse de todas as caracter\u00edsticas, continuaram nas buscas e localizaram o outro autor que confessou o crime e foi preso, permanecendo ambos \u00e0 disposi\u00e7\u00e3o da Justi\u00e7a. Uma faca foi apreendida.<\/p>\n<p>Informa\u00e7\u00f5es \u2013 Pol\u00edcia Militar<\/p>\n<p>Reda\u00e7\u00e3o &#8211; Kako de Oliveira<\/p>\n","protected":false},"excerpt":{"rendered":"<p>A Pol\u00edcia Militar de Paulic\u00e9ia foi acionada via 190 e por populares, onde havia uma not\u00edcia de que um motorista de caminh\u00e3o estaria sofrendo agress\u00f5es. No local, em contato com a v\u00edtima, R.D.A., um homem de 32 anos, que informou ter acabado de ser roubado por tr\u00eas indiv\u00edduos que utilizaram faca e fugiram, indicando o [&hellip;]<\/p>\n","protected":false},"author":3,"featured_media":14327,"comment_status":"closed","ping_status":"open","sticky":false,"template":"","format":"standard","meta":{"_acf_changed":false,"_exactmetrics_skip_tracking":false,"_exactmetrics_sitenote_active":false,"_exactmetrics_sitenote_note":"","_exactmetrics_sitenote_category":0,"footnotes":""},"categories":[24],"tags":[],"class_list":["post-14326","post","type-post","status-publish","format-standard","has-post-thumbnail","hentry","category-regiao"],"acf":[],"yoast_head":"<!-- This site is optimized with the Yoast SEO plugin v27.2 - https:\/\/yoast.com\/product\/yoast-seo-wordpress\/ -->\n<title>Pol\u00edcia Militar prende em flagrante dupla que cometeu roubo em Paulic\u00e9ia - R\u00e1dio Life FM<\/title>\n<meta name=\"robots\" content=\"index, follow, max-snippet:-1, max-image-preview:large, max-video-preview:-1\" \/>\n<link rel=\"canonical\" href=\"https:\/\/radiolifefm.com.br\/noticias\/policia-militar-prende-em-flagrante-dupla-que-cometeu-roubo-em-pauliceia\/\" \/>\n<meta property=\"og:locale\" content=\"pt_BR\" \/>\n<meta property=\"og:type\" content=\"article\" \/>\n<meta property=\"og:title\" content=\"Pol\u00edcia Militar prende em flagrante dupla que cometeu roubo em Paulic\u00e9ia - R\u00e1dio Life FM\" \/>\n<meta property=\"og:description\" content=\"A Pol\u00edcia Militar de Paulic\u00e9ia foi acionada via 190 e por populares, onde havia uma not\u00edcia de que um motorista de caminh\u00e3o estaria sofrendo agress\u00f5es. No local, em contato com a v\u00edtima, R.D.A., um homem de 32 anos, que informou ter acabado de ser roubado por tr\u00eas indiv\u00edduos que utilizaram faca e fugiram, indicando o [&hellip;]\" \/>\n<meta property=\"og:url\" content=\"https:\/\/radiolifefm.com.br\/noticias\/policia-militar-prende-em-flagrante-dupla-que-cometeu-roubo-em-pauliceia\/\" \/>\n<meta property=\"og:site_name\" content=\"R\u00e1dio Life FM\" \/>\n<meta property=\"article:publisher\" content=\"https:\/\/www.facebook.com\/radiolifefm\/\" \/>\n<meta property=\"article:published_time\" content=\"2019-06-27T02:09:47+00:00\" \/>\n<meta property=\"article:modified_time\" content=\"2026-04-27T16:04:55+00:00\" \/>\n<meta property=\"og:image\" content=\"https:\/\/radiolifefm.com.br\/noticias\/wp-content\/uploads\/2019\/06\/Roubo-em-Paulic\u00e9ia.jpg\" \/>\n\t<meta property=\"og:image:width\" content=\"1040\" \/>\n\t<meta property=\"og:image:height\" content=\"780\" \/>\n\t<meta property=\"og:image:type\" content=\"image\/jpeg\" \/>\n<meta name=\"author\" content=\"lifefm\" \/>\n<meta name=\"twitter:card\" content=\"summary_large_image\" \/>\n<meta name=\"twitter:label1\" content=\"Escrito por\" \/>\n\t<meta name=\"twitter:data1\" content=\"lifefm\" \/>\n\t<meta name=\"twitter:label2\" content=\"Est. tempo de leitura\" \/>\n\t<meta name=\"twitter:data2\" content=\"2 minutos\" \/>\n<script type=\"application\/ld+json\" class=\"yoast-schema-graph\">{\"@context\":\"https:\/\/schema.org\",\"@graph\":[{\"@type\":\"Article\",\"@id\":\"https:\/\/radiolifefm.com.br\/noticias\/policia-militar-prende-em-flagrante-dupla-que-cometeu-roubo-em-pauliceia\/#article\",\"isPartOf\":{\"@id\":\"https:\/\/radiolifefm.com.br\/noticias\/policia-militar-prende-em-flagrante-dupla-que-cometeu-roubo-em-pauliceia\/\"},\"author\":{\"name\":\"lifefm\",\"@id\":\"https:\/\/radiolifefm.com.br\/noticias\/#\/schema\/person\/1d4e4b1301322090c6221bf1c8420490\"},\"headline\":\"Pol\u00edcia Militar prende em flagrante dupla que cometeu roubo em Paulic\u00e9ia\",\"datePublished\":\"2019-06-27T02:09:47+00:00\",\"dateModified\":\"2026-04-27T16:04:55+00:00\",\"mainEntityOfPage\":{\"@id\":\"https:\/\/radiolifefm.com.br\/noticias\/policia-militar-prende-em-flagrante-dupla-que-cometeu-roubo-em-pauliceia\/\"},\"wordCount\":330,\"publisher\":{\"@id\":\"https:\/\/radiolifefm.com.br\/noticias\/#organization\"},\"image\":{\"@id\":\"https:\/\/radiolifefm.com.br\/noticias\/policia-militar-prende-em-flagrante-dupla-que-cometeu-roubo-em-pauliceia\/#primaryimage\"},\"thumbnailUrl\":\"https:\/\/radiolifefm.com.br\/noticias\/wp-content\/uploads\/2019\/06\/Roubo-em-Paulic\u00e9ia.jpg\",\"articleSection\":[\"Regi\u00e3o\"],\"inLanguage\":\"pt-BR\"},{\"@type\":\"WebPage\",\"@id\":\"https:\/\/radiolifefm.com.br\/noticias\/policia-militar-prende-em-flagrante-dupla-que-cometeu-roubo-em-pauliceia\/\",\"url\":\"https:\/\/radiolifefm.com.br\/noticias\/policia-militar-prende-em-flagrante-dupla-que-cometeu-roubo-em-pauliceia\/\",\"name\":\"Pol\u00edcia Militar prende em flagrante dupla que cometeu roubo em Paulic\u00e9ia - R\u00e1dio Life FM\",\"isPartOf\":{\"@id\":\"https:\/\/radiolifefm.com.br\/noticias\/#website\"},\"primaryImageOfPage\":{\"@id\":\"https:\/\/radiolifefm.com.br\/noticias\/policia-militar-prende-em-flagrante-dupla-que-cometeu-roubo-em-pauliceia\/#primaryimage\"},\"image\":{\"@id\":\"https:\/\/radiolifefm.com.br\/noticias\/policia-militar-prende-em-flagrante-dupla-que-cometeu-roubo-em-pauliceia\/#primaryimage\"},\"thumbnailUrl\":\"https:\/\/radiolifefm.com.br\/noticias\/wp-content\/uploads\/2019\/06\/Roubo-em-Paulic\u00e9ia.jpg\",\"datePublished\":\"2019-06-27T02:09:47+00:00\",\"dateModified\":\"2026-04-27T16:04:55+00:00\",\"breadcrumb\":{\"@id\":\"https:\/\/radiolifefm.com.br\/noticias\/policia-militar-prende-em-flagrante-dupla-que-cometeu-roubo-em-pauliceia\/#breadcrumb\"},\"inLanguage\":\"pt-BR\",\"potentialAction\":[{\"@type\":\"ReadAction\",\"target\":[\"https:\/\/radiolifefm.com.br\/noticias\/policia-militar-prende-em-flagrante-dupla-que-cometeu-roubo-em-pauliceia\/\"]}]},{\"@type\":\"ImageObject\",\"inLanguage\":\"pt-BR\",\"@id\":\"https:\/\/radiolifefm.com.br\/noticias\/policia-militar-prende-em-flagrante-dupla-que-cometeu-roubo-em-pauliceia\/#primaryimage\",\"url\":\"https:\/\/radiolifefm.com.br\/noticias\/wp-content\/uploads\/2019\/06\/Roubo-em-Paulic\u00e9ia.jpg\",\"contentUrl\":\"https:\/\/radiolifefm.com.br\/noticias\/wp-content\/uploads\/2019\/06\/Roubo-em-Paulic\u00e9ia.jpg\",\"width\":1040,\"height\":780,\"caption\":\"Armas usadas na pr\u00e1tica de roubo em Pauliceia - Foto - Pol\u00edcia\/Cedida\"},{\"@type\":\"BreadcrumbList\",\"@id\":\"https:\/\/radiolifefm.com.br\/noticias\/policia-militar-prende-em-flagrante-dupla-que-cometeu-roubo-em-pauliceia\/#breadcrumb\",\"itemListElement\":[{\"@type\":\"ListItem\",\"position\":1,\"name\":\"In\u00edcio\",\"item\":\"https:\/\/radiolifefm.com.br\/noticias\/\"},{\"@type\":\"ListItem\",\"position\":2,\"name\":\"Pol\u00edcia Militar prende em flagrante dupla que cometeu roubo em Paulic\u00e9ia\"}]},{\"@type\":\"WebSite\",\"@id\":\"https:\/\/radiolifefm.com.br\/noticias\/#website\",\"url\":\"https:\/\/radiolifefm.com.br\/noticias\/\",\"name\":\"R\u00e1dio Life FM\",\"description\":\"O Portal de Not\u00edcias de Adamantina\",\"publisher\":{\"@id\":\"https:\/\/radiolifefm.com.br\/noticias\/#organization\"},\"alternateName\":\"Life FM\",\"potentialAction\":[{\"@type\":\"SearchAction\",\"target\":{\"@type\":\"EntryPoint\",\"urlTemplate\":\"https:\/\/radiolifefm.com.br\/noticias\/?s={search_term_string}\"},\"query-input\":{\"@type\":\"PropertyValueSpecification\",\"valueRequired\":true,\"valueName\":\"search_term_string\"}}],\"inLanguage\":\"pt-BR\"},{\"@type\":\"Organization\",\"@id\":\"https:\/\/radiolifefm.com.br\/noticias\/#organization\",\"name\":\"R\u00e1dio Life FM\",\"alternateName\":\"Life FM\",\"url\":\"https:\/\/radiolifefm.com.br\/noticias\/\",\"logo\":{\"@type\":\"ImageObject\",\"inLanguage\":\"pt-BR\",\"@id\":\"https:\/\/radiolifefm.com.br\/noticias\/#\/schema\/logo\/image\/\",\"url\":\"https:\/\/static.radiolifefm.com.br\/noticias\/wp-content\/uploads\/2019\/10\/logo-lifefm.png\",\"contentUrl\":\"https:\/\/static.radiolifefm.com.br\/noticias\/wp-content\/uploads\/2019\/10\/logo-lifefm.png\",\"width\":196,\"height\":47,\"caption\":\"R\u00e1dio Life FM\"},\"image\":{\"@id\":\"https:\/\/radiolifefm.com.br\/noticias\/#\/schema\/logo\/image\/\"},\"sameAs\":[\"https:\/\/www.facebook.com\/radiolifefm\/\",\"https:\/\/www.instagram.com\/life1079fm\/\"]},{\"@type\":\"Person\",\"@id\":\"https:\/\/radiolifefm.com.br\/noticias\/#\/schema\/person\/1d4e4b1301322090c6221bf1c8420490\",\"name\":\"lifefm\",\"image\":{\"@type\":\"ImageObject\",\"inLanguage\":\"pt-BR\",\"@id\":\"https:\/\/secure.gravatar.com\/avatar\/eca268467d925ec97d20641bb054fd944c0abb2f92854171620706bbe6474e7c?s=96&d=mm&r=g\",\"url\":\"https:\/\/secure.gravatar.com\/avatar\/eca268467d925ec97d20641bb054fd944c0abb2f92854171620706bbe6474e7c?s=96&d=mm&r=g\",\"contentUrl\":\"https:\/\/secure.gravatar.com\/avatar\/eca268467d925ec97d20641bb054fd944c0abb2f92854171620706bbe6474e7c?s=96&d=mm&r=g\",\"caption\":\"lifefm\"}}]}<\/script>\n<!-- \/ Yoast SEO plugin. -->","yoast_head_json":{"title":"Pol\u00edcia Militar prende em flagrante dupla que cometeu roubo em Paulic\u00e9ia - R\u00e1dio Life FM","robots":{"index":"index","follow":"follow","max-snippet":"max-snippet:-1","max-image-preview":"max-image-preview:large","max-video-preview":"max-video-preview:-1"},"canonical":"https:\/\/radiolifefm.com.br\/noticias\/policia-militar-prende-em-flagrante-dupla-que-cometeu-roubo-em-pauliceia\/","og_locale":"pt_BR","og_type":"article","og_title":"Pol\u00edcia Militar prende em flagrante dupla que cometeu roubo em Paulic\u00e9ia - R\u00e1dio Life FM","og_description":"A Pol\u00edcia Militar de Paulic\u00e9ia foi acionada via 190 e por populares, onde havia uma not\u00edcia de que um motorista de caminh\u00e3o estaria sofrendo agress\u00f5es. No local, em contato com a v\u00edtima, R.D.A., um homem de 32 anos, que informou ter acabado de ser roubado por tr\u00eas indiv\u00edduos que utilizaram faca e fugiram, indicando o [&hellip;]","og_url":"https:\/\/radiolifefm.com.br\/noticias\/policia-militar-prende-em-flagrante-dupla-que-cometeu-roubo-em-pauliceia\/","og_site_name":"R\u00e1dio Life FM","article_publisher":"https:\/\/www.facebook.com\/radiolifefm\/","article_published_time":"2019-06-27T02:09:47+00:00","article_modified_time":"2026-04-27T16:04:55+00:00","og_image":[{"width":1040,"height":780,"url":"https:\/\/radiolifefm.com.br\/noticias\/wp-content\/uploads\/2019\/06\/Roubo-em-Paulic\u00e9ia.jpg","type":"image\/jpeg"}],"author":"lifefm","twitter_card":"summary_large_image","twitter_misc":{"Escrito por":"lifefm","Est. tempo de leitura":"2 minutos"},"schema":{"@context":"https:\/\/schema.org","@graph":[{"@type":"Article","@id":"https:\/\/radiolifefm.com.br\/noticias\/policia-militar-prende-em-flagrante-dupla-que-cometeu-roubo-em-pauliceia\/#article","isPartOf":{"@id":"https:\/\/radiolifefm.com.br\/noticias\/policia-militar-prende-em-flagrante-dupla-que-cometeu-roubo-em-pauliceia\/"},"author":{"name":"lifefm","@id":"https:\/\/radiolifefm.com.br\/noticias\/#\/schema\/person\/1d4e4b1301322090c6221bf1c8420490"},"headline":"Pol\u00edcia Militar prende em flagrante dupla que cometeu roubo em Paulic\u00e9ia","datePublished":"2019-06-27T02:09:47+00:00","dateModified":"2026-04-27T16:04:55+00:00","mainEntityOfPage":{"@id":"https:\/\/radiolifefm.com.br\/noticias\/policia-militar-prende-em-flagrante-dupla-que-cometeu-roubo-em-pauliceia\/"},"wordCount":330,"publisher":{"@id":"https:\/\/radiolifefm.com.br\/noticias\/#organization"},"image":{"@id":"https:\/\/radiolifefm.com.br\/noticias\/policia-militar-prende-em-flagrante-dupla-que-cometeu-roubo-em-pauliceia\/#primaryimage"},"thumbnailUrl":"https:\/\/radiolifefm.com.br\/noticias\/wp-content\/uploads\/2019\/06\/Roubo-em-Paulic\u00e9ia.jpg","articleSection":["Regi\u00e3o"],"inLanguage":"pt-BR"},{"@type":"WebPage","@id":"https:\/\/radiolifefm.com.br\/noticias\/policia-militar-prende-em-flagrante-dupla-que-cometeu-roubo-em-pauliceia\/","url":"https:\/\/radiolifefm.com.br\/noticias\/policia-militar-prende-em-flagrante-dupla-que-cometeu-roubo-em-pauliceia\/","name":"Pol\u00edcia Militar prende em flagrante dupla que cometeu roubo em Paulic\u00e9ia - R\u00e1dio Life FM","isPartOf":{"@id":"https:\/\/radiolifefm.com.br\/noticias\/#website"},"primaryImageOfPage":{"@id":"https:\/\/radiolifefm.com.br\/noticias\/policia-militar-prende-em-flagrante-dupla-que-cometeu-roubo-em-pauliceia\/#primaryimage"},"image":{"@id":"https:\/\/radiolifefm.com.br\/noticias\/policia-militar-prende-em-flagrante-dupla-que-cometeu-roubo-em-pauliceia\/#primaryimage"},"thumbnailUrl":"https:\/\/radiolifefm.com.br\/noticias\/wp-content\/uploads\/2019\/06\/Roubo-em-Paulic\u00e9ia.jpg","datePublished":"2019-06-27T02:09:47+00:00","dateModified":"2026-04-27T16:04:55+00:00","breadcrumb":{"@id":"https:\/\/radiolifefm.com.br\/noticias\/policia-militar-prende-em-flagrante-dupla-que-cometeu-roubo-em-pauliceia\/#breadcrumb"},"inLanguage":"pt-BR","potentialAction":[{"@type":"ReadAction","target":["https:\/\/radiolifefm.com.br\/noticias\/policia-militar-prende-em-flagrante-dupla-que-cometeu-roubo-em-pauliceia\/"]}]},{"@type":"ImageObject","inLanguage":"pt-BR","@id":"https:\/\/radiolifefm.com.br\/noticias\/policia-militar-prende-em-flagrante-dupla-que-cometeu-roubo-em-pauliceia\/#primaryimage","url":"https:\/\/radiolifefm.com.br\/noticias\/wp-content\/uploads\/2019\/06\/Roubo-em-Paulic\u00e9ia.jpg","contentUrl":"https:\/\/radiolifefm.com.br\/noticias\/wp-content\/uploads\/2019\/06\/Roubo-em-Paulic\u00e9ia.jpg","width":1040,"height":780,"caption":"Armas usadas na pr\u00e1tica de roubo em Pauliceia - Foto - Pol\u00edcia\/Cedida"},{"@type":"BreadcrumbList","@id":"https:\/\/radiolifefm.com.br\/noticias\/policia-militar-prende-em-flagrante-dupla-que-cometeu-roubo-em-pauliceia\/#breadcrumb","itemListElement":[{"@type":"ListItem","position":1,"name":"In\u00edcio","item":"https:\/\/radiolifefm.com.br\/noticias\/"},{"@type":"ListItem","position":2,"name":"Pol\u00edcia Militar prende em flagrante dupla que cometeu roubo em Paulic\u00e9ia"}]},{"@type":"WebSite","@id":"https:\/\/radiolifefm.com.br\/noticias\/#website","url":"https:\/\/radiolifefm.com.br\/noticias\/","name":"R\u00e1dio Life FM","description":"O Portal de Not\u00edcias de Adamantina","publisher":{"@id":"https:\/\/radiolifefm.com.br\/noticias\/#organization"},"alternateName":"Life FM","potentialAction":[{"@type":"SearchAction","target":{"@type":"EntryPoint","urlTemplate":"https:\/\/radiolifefm.com.br\/noticias\/?s={search_term_string}"},"query-input":{"@type":"PropertyValueSpecification","valueRequired":true,"valueName":"search_term_string"}}],"inLanguage":"pt-BR"},{"@type":"Organization","@id":"https:\/\/radiolifefm.com.br\/noticias\/#organization","name":"R\u00e1dio Life FM","alternateName":"Life FM","url":"https:\/\/radiolifefm.com.br\/noticias\/","logo":{"@type":"ImageObject","inLanguage":"pt-BR","@id":"https:\/\/radiolifefm.com.br\/noticias\/#\/schema\/logo\/image\/","url":"https:\/\/static.radiolifefm.com.br\/noticias\/wp-content\/uploads\/2019\/10\/logo-lifefm.png","contentUrl":"https:\/\/static.radiolifefm.com.br\/noticias\/wp-content\/uploads\/2019\/10\/logo-lifefm.png","width":196,"height":47,"caption":"R\u00e1dio Life FM"},"image":{"@id":"https:\/\/radiolifefm.com.br\/noticias\/#\/schema\/logo\/image\/"},"sameAs":["https:\/\/www.facebook.com\/radiolifefm\/","https:\/\/www.instagram.com\/life1079fm\/"]},{"@type":"Person","@id":"https:\/\/radiolifefm.com.br\/noticias\/#\/schema\/person\/1d4e4b1301322090c6221bf1c8420490","name":"lifefm","image":{"@type":"ImageObject","inLanguage":"pt-BR","@id":"https:\/\/secure.gravatar.com\/avatar\/eca268467d925ec97d20641bb054fd944c0abb2f92854171620706bbe6474e7c?s=96&d=mm&r=g","url":"https:\/\/secure.gravatar.com\/avatar\/eca268467d925ec97d20641bb054fd944c0abb2f92854171620706bbe6474e7c?s=96&d=mm&r=g","contentUrl":"https:\/\/secure.gravatar.com\/avatar\/eca268467d925ec97d20641bb054fd944c0abb2f92854171620706bbe6474e7c?s=96&d=mm&r=g","caption":"lifefm"}}]}},"amp_enabled":true,"_links":{"self":[{"href":"https:\/\/radiolifefm.com.br\/noticias\/wp-json\/wp\/v2\/posts\/14326","targetHints":{"allow":["GET"]}}],"collection":[{"href":"https:\/\/radiolifefm.com.br\/noticias\/wp-json\/wp\/v2\/posts"}],"about":[{"href":"https:\/\/radiolifefm.com.br\/noticias\/wp-json\/wp\/v2\/types\/post"}],"author":[{"embeddable":true,"href":"https:\/\/radiolifefm.com.br\/noticias\/wp-json\/wp\/v2\/users\/3"}],"replies":[{"embeddable":true,"href":"https:\/\/radiolifefm.com.br\/noticias\/wp-json\/wp\/v2\/comments?post=14326"}],"version-history":[{"count":1,"href":"https:\/\/radiolifefm.com.br\/noticias\/wp-json\/wp\/v2\/posts\/14326\/revisions"}],"predecessor-version":[{"id":14328,"href":"https:\/\/radiolifefm.com.br\/noticias\/wp-json\/wp\/v2\/posts\/14326\/revisions\/14328"}],"wp:featuredmedia":[{"embeddable":true,"href":"https:\/\/radiolifefm.com.br\/noticias\/wp-json\/wp\/v2\/media\/14327"}],"wp:attachment":[{"href":"https:\/\/radiolifefm.com.br\/noticias\/wp-json\/wp\/v2\/media?parent=14326"}],"wp:term":[{"taxonomy":"category","embeddable":true,"href":"https:\/\/radiolifefm.com.br\/noticias\/wp-json\/wp\/v2\/categories?post=14326"},{"taxonomy":"post_tag","embeddable":true,"href":"https:\/\/radiolifefm.com.br\/noticias\/wp-json\/wp\/v2\/tags?post=14326"}],"curies":[{"name":"wp","href":"https:\/\/api.w.org\/{rel}","templated":true}]}}