{"id":14305,"date":"2019-06-25T20:43:28","date_gmt":"2019-06-25T23:43:28","guid":{"rendered":"https:\/\/radiolifefm.com.br\/noticias\/?p=14305"},"modified":"2026-04-12T05:42:13","modified_gmt":"2026-04-12T08:42:13","slug":"um-olhar-mais-do-que-especial-no-arraia-da-fisioclinica-coluna-opiniao-sergio-barbosa","status":"publish","type":"post","link":"https:\/\/radiolifefm.com.br\/noticias\/um-olhar-mais-do-que-especial-no-arraia-da-fisioclinica-coluna-opiniao-sergio-barbosa\/","title":{"rendered":"Um olhar mais do que especial no ARRAI\u00c1 DA FISIOCL\u00cdNICA&#8230; &#8211; Coluna Opini\u00e3o &#8211; S\u00e9rgio Barbosa"},"content":{"rendered":"<div id=\"fb-root\"><\/div>\n<p><em>Um olhar mais do que especial no ARRAI\u00c1 DA FISIOCL\u00cdNICA&#8230;<\/em><\/p>\n<p>\u201cPor tr\u00e1s de uma boa equipe de trabalho est\u00e1 um esp\u00edrito de uni\u00e3o capaz de alcan\u00e7ar os resultados mais incr\u00edveis.\u201d<br \/>\nS\u00e9rgio Barbosa (*)<\/p>\n<p>Depois de mais um semestre de muitas atividades com isto e mais aquilo com os PACIENTES, finalmente, as\/os estagi\u00e1rios\/as, docentes, supervisores\/as, funcion\u00e1rios\/as, orientadoras\/as de est\u00e1gio e coordena\u00e7\u00e3o, deixaram o \u201cuniforme branco\u201d, bem como, os tais JALECOS em suas casas e todas e todos deram jeito de marcar presen\u00e7a no ARRAI\u00c1 DA FISIOCL\u00cdNICA&#8230;<\/p>\n<p>Neste ano, como nos outros ARRAI\u00c1S que aconteceram com a ben\u00e7\u00e3o da Turma da FISIOCL\u00cdNICA, tamb\u00e9m, alcan\u00e7ou os objetivos mais do que esperados pela Equipe envolvida, al\u00e9m da presen\u00e7a festiva dos\/as pacientes para dar um toque a mais nas festividades, ainda, com muitos olhares de agradecimentos aos servi\u00e7os prestados pela FISIOCL\u00cdNICA por meio das\/os ESTAGI\u00c1RIAS\/OS com supervis\u00e3o da Equipe Respons\u00e1vel e tudo mais para muito mais e mais&#8230;<\/p>\n<p>Os\/as pacientes foram chegando aos poucos, cada qual com o seu jeito de ser e estar, por\u00e9m, todos\/as com aquele sorriso pra demonstrar o quanto estavam felizes em participar das atividades juninas&#8230;<\/p>\n<p>Tamb\u00e9m, foram muitas barracas de pipoca, suco, cachorro quente, doces e salgados diversos, al\u00e9m da esperada PESCARIA para a turma brincar de pescar algum \u201cbrinde\u201d e assim por diante&#8230;<br \/>\nQuem esteve por l\u00e1, por\u00e9m, entrou por um \u201cport\u00e3o\u201d e saiu pelo \u201coutro\u201d foi o BOTTEON, vice-reitor que acabou chamando a aten\u00e7\u00e3o do pessoal pelo seu jeit\u00e3o mais do que especial nestes desencontros festivos&#8230;<\/p>\n<p>Como escrevi sobre OLHARES E OLHAR, como sempre, depende de cada lado deste mesmo lado, ainda mais quanto s\u00e3o pessoas envolvidas que est\u00e3o buscando a recupera\u00e7\u00e3o de um jeito ou de outro&#8230;<\/p>\n<p>Outro detalhe neste ARRA\u00cdA DA FISIOCL\u00cdNICA foi \u00e0 participa\u00e7\u00e3o das ESTAGI\u00c1RIAS com suas roupas no estilo \u201ccaipira\u201d para uma aproxima\u00e7\u00e3o mais de acordo com o contexto festivo&#8230;<\/p>\n<p>Acredito que aqueles momentos foram marcantes para todos os lados, pois, os\/as PACIENTES foram agraciados com aquele clima de CARINHO MAIS DO QUE ESPECIAL que estava presente por meio do compromisso e responsabilidade da Equipe da FISIOCL\u00cdNICA&#8230;<\/p>\n<p>N\u00e3o se pode esquecer-se de registrar a presen\u00e7a e apoio dos\/as funcion\u00e1rios\/as da Institui\u00e7\u00e3o desde o in\u00edcio da Confraterniza\u00e7\u00e3o, al\u00e9m da colabora\u00e7\u00e3o sempre que poss\u00edvel da Reitoria nestas atividades&#8230;<\/p>\n<p>Como este texto deve ser postado no SITE DA UNIFAI, resolvi \u201csegurar as pontas\u201d quanto aos desencontros com as palavras sobre isto e mais aquilo, entretanto, n\u00e3o se pode ficar distante das atividades desenvolvidas com \u201cpadr\u00e3o de qualidade\u201d de acordo com as possibilidades da FISIOCLINICA neste tempo novo tempo&#8230;<\/p>\n<p>Por isso se faz necess\u00e1rio o apoio de todas as \u00e1reas da Institui\u00e7\u00e3o neste projeto acad\u00eamico, pedag\u00f3gico e de extens\u00e3o para com a comunidade em n\u00edvel REGIONAL, ou seja, \u201cdo Regional para o Local\u201d&#8230;<\/p>\n<p>De um jeito ou de outro, como sempre escrevo aqui ou ali, \u201cA C\u00c9SAR O QUE \u00c9 DE C\u00c9SAR\u201d, assim, que tais confraterniza\u00e7\u00f5es continuem l\u00e1 pelos lados da FISIOCL\u00cdNICA de um jeito ou de outro, por isso e mais aquilo, acredito que todos\/as os Pacientes que marcaram presen\u00e7a neste ARRAI\u00c1 participaram com muita vontade, alegria, compromisso e respeito para com as\/os ESTAGIARI\u00c1S\/OS, DOCENTES, SUPERVISORAS\/ES, ORIENTADORAS\/ES E FUNCION\u00c1RIOS\/AS&#8230;<\/p>\n<p>_______________________________________<br \/>\n(*) paciente da C\u00c1RDIO e da GERONTO!<\/p>\n","protected":false},"excerpt":{"rendered":"<p>Um olhar mais do que especial no ARRAI\u00c1 DA FISIOCL\u00cdNICA&#8230; \u201cPor tr\u00e1s de uma boa equipe de trabalho est\u00e1 um esp\u00edrito de uni\u00e3o capaz de alcan\u00e7ar os resultados mais incr\u00edveis.\u201d S\u00e9rgio Barbosa (*) Depois de mais um semestre de muitas atividades com isto e mais aquilo com os PACIENTES, finalmente, as\/os estagi\u00e1rios\/as, docentes, supervisores\/as, funcion\u00e1rios\/as, [&hellip;]<\/p>\n","protected":false},"author":3,"featured_media":0,"comment_status":"open","ping_status":"open","sticky":false,"template":"","format":"standard","meta":{"_acf_changed":false,"_exactmetrics_skip_tracking":false,"_exactmetrics_sitenote_active":false,"_exactmetrics_sitenote_note":"","_exactmetrics_sitenote_category":0,"footnotes":""},"categories":[59],"tags":[],"class_list":["post-14305","post","type-post","status-publish","format-standard","hentry","category-opiniao"],"acf":[],"yoast_head":"<!-- This site is optimized with the Yoast SEO plugin v27.2 - https:\/\/yoast.com\/product\/yoast-seo-wordpress\/ -->\n<title>Um olhar mais do que especial no ARRAI\u00c1 DA FISIOCL\u00cdNICA... - Coluna Opini\u00e3o - S\u00e9rgio Barbosa - R\u00e1dio Life FM<\/title>\n<meta name=\"robots\" content=\"index, follow, max-snippet:-1, max-image-preview:large, max-video-preview:-1\" \/>\n<link rel=\"canonical\" href=\"https:\/\/radiolifefm.com.br\/noticias\/um-olhar-mais-do-que-especial-no-arraia-da-fisioclinica-coluna-opiniao-sergio-barbosa\/\" \/>\n<meta property=\"og:locale\" content=\"pt_BR\" \/>\n<meta property=\"og:type\" content=\"article\" \/>\n<meta property=\"og:title\" content=\"Um olhar mais do que especial no ARRAI\u00c1 DA FISIOCL\u00cdNICA... - Coluna Opini\u00e3o - S\u00e9rgio Barbosa - R\u00e1dio Life FM\" \/>\n<meta property=\"og:description\" content=\"Um olhar mais do que especial no ARRAI\u00c1 DA FISIOCL\u00cdNICA&#8230; \u201cPor tr\u00e1s de uma boa equipe de trabalho est\u00e1 um esp\u00edrito de uni\u00e3o capaz de alcan\u00e7ar os resultados mais incr\u00edveis.\u201d S\u00e9rgio Barbosa (*) Depois de mais um semestre de muitas atividades com isto e mais aquilo com os PACIENTES, finalmente, as\/os estagi\u00e1rios\/as, docentes, supervisores\/as, funcion\u00e1rios\/as, [&hellip;]\" \/>\n<meta property=\"og:url\" content=\"https:\/\/radiolifefm.com.br\/noticias\/um-olhar-mais-do-que-especial-no-arraia-da-fisioclinica-coluna-opiniao-sergio-barbosa\/\" \/>\n<meta property=\"og:site_name\" content=\"R\u00e1dio Life FM\" \/>\n<meta property=\"article:publisher\" content=\"https:\/\/www.facebook.com\/radiolifefm\/\" \/>\n<meta property=\"article:published_time\" content=\"2019-06-25T23:43:28+00:00\" \/>\n<meta property=\"article:modified_time\" content=\"2026-04-12T08:42:13+00:00\" \/>\n<meta name=\"author\" content=\"lifefm\" \/>\n<meta name=\"twitter:card\" content=\"summary_large_image\" \/>\n<meta name=\"twitter:label1\" content=\"Escrito por\" \/>\n\t<meta name=\"twitter:data1\" content=\"lifefm\" \/>\n\t<meta name=\"twitter:label2\" content=\"Est. tempo de leitura\" \/>\n\t<meta name=\"twitter:data2\" content=\"3 minutos\" \/>\n<script type=\"application\/ld+json\" class=\"yoast-schema-graph\">{\"@context\":\"https:\/\/schema.org\",\"@graph\":[{\"@type\":\"Article\",\"@id\":\"https:\/\/radiolifefm.com.br\/noticias\/um-olhar-mais-do-que-especial-no-arraia-da-fisioclinica-coluna-opiniao-sergio-barbosa\/#article\",\"isPartOf\":{\"@id\":\"https:\/\/radiolifefm.com.br\/noticias\/um-olhar-mais-do-que-especial-no-arraia-da-fisioclinica-coluna-opiniao-sergio-barbosa\/\"},\"author\":{\"name\":\"lifefm\",\"@id\":\"https:\/\/radiolifefm.com.br\/noticias\/#\/schema\/person\/1d4e4b1301322090c6221bf1c8420490\"},\"headline\":\"Um olhar mais do que especial no ARRAI\u00c1 DA FISIOCL\u00cdNICA&#8230; &#8211; Coluna Opini\u00e3o &#8211; S\u00e9rgio Barbosa\",\"datePublished\":\"2019-06-25T23:43:28+00:00\",\"dateModified\":\"2026-04-12T08:42:13+00:00\",\"mainEntityOfPage\":{\"@id\":\"https:\/\/radiolifefm.com.br\/noticias\/um-olhar-mais-do-que-especial-no-arraia-da-fisioclinica-coluna-opiniao-sergio-barbosa\/\"},\"wordCount\":630,\"commentCount\":0,\"publisher\":{\"@id\":\"https:\/\/radiolifefm.com.br\/noticias\/#organization\"},\"articleSection\":[\"Opini\u00e3o\"],\"inLanguage\":\"pt-BR\",\"potentialAction\":[{\"@type\":\"CommentAction\",\"name\":\"Comment\",\"target\":[\"https:\/\/radiolifefm.com.br\/noticias\/um-olhar-mais-do-que-especial-no-arraia-da-fisioclinica-coluna-opiniao-sergio-barbosa\/#respond\"]}]},{\"@type\":\"WebPage\",\"@id\":\"https:\/\/radiolifefm.com.br\/noticias\/um-olhar-mais-do-que-especial-no-arraia-da-fisioclinica-coluna-opiniao-sergio-barbosa\/\",\"url\":\"https:\/\/radiolifefm.com.br\/noticias\/um-olhar-mais-do-que-especial-no-arraia-da-fisioclinica-coluna-opiniao-sergio-barbosa\/\",\"name\":\"Um olhar mais do que especial no ARRAI\u00c1 DA FISIOCL\u00cdNICA... - Coluna Opini\u00e3o - S\u00e9rgio Barbosa - R\u00e1dio Life FM\",\"isPartOf\":{\"@id\":\"https:\/\/radiolifefm.com.br\/noticias\/#website\"},\"datePublished\":\"2019-06-25T23:43:28+00:00\",\"dateModified\":\"2026-04-12T08:42:13+00:00\",\"breadcrumb\":{\"@id\":\"https:\/\/radiolifefm.com.br\/noticias\/um-olhar-mais-do-que-especial-no-arraia-da-fisioclinica-coluna-opiniao-sergio-barbosa\/#breadcrumb\"},\"inLanguage\":\"pt-BR\",\"potentialAction\":[{\"@type\":\"ReadAction\",\"target\":[\"https:\/\/radiolifefm.com.br\/noticias\/um-olhar-mais-do-que-especial-no-arraia-da-fisioclinica-coluna-opiniao-sergio-barbosa\/\"]}]},{\"@type\":\"BreadcrumbList\",\"@id\":\"https:\/\/radiolifefm.com.br\/noticias\/um-olhar-mais-do-que-especial-no-arraia-da-fisioclinica-coluna-opiniao-sergio-barbosa\/#breadcrumb\",\"itemListElement\":[{\"@type\":\"ListItem\",\"position\":1,\"name\":\"In\u00edcio\",\"item\":\"https:\/\/radiolifefm.com.br\/noticias\/\"},{\"@type\":\"ListItem\",\"position\":2,\"name\":\"Um olhar mais do que especial no ARRAI\u00c1 DA FISIOCL\u00cdNICA&#8230; &#8211; Coluna Opini\u00e3o &#8211; S\u00e9rgio Barbosa\"}]},{\"@type\":\"WebSite\",\"@id\":\"https:\/\/radiolifefm.com.br\/noticias\/#website\",\"url\":\"https:\/\/radiolifefm.com.br\/noticias\/\",\"name\":\"R\u00e1dio Life FM\",\"description\":\"O Portal de Not\u00edcias de Adamantina\",\"publisher\":{\"@id\":\"https:\/\/radiolifefm.com.br\/noticias\/#organization\"},\"alternateName\":\"Life FM\",\"potentialAction\":[{\"@type\":\"SearchAction\",\"target\":{\"@type\":\"EntryPoint\",\"urlTemplate\":\"https:\/\/radiolifefm.com.br\/noticias\/?s={search_term_string}\"},\"query-input\":{\"@type\":\"PropertyValueSpecification\",\"valueRequired\":true,\"valueName\":\"search_term_string\"}}],\"inLanguage\":\"pt-BR\"},{\"@type\":\"Organization\",\"@id\":\"https:\/\/radiolifefm.com.br\/noticias\/#organization\",\"name\":\"R\u00e1dio Life FM\",\"alternateName\":\"Life FM\",\"url\":\"https:\/\/radiolifefm.com.br\/noticias\/\",\"logo\":{\"@type\":\"ImageObject\",\"inLanguage\":\"pt-BR\",\"@id\":\"https:\/\/radiolifefm.com.br\/noticias\/#\/schema\/logo\/image\/\",\"url\":\"https:\/\/static.radiolifefm.com.br\/noticias\/wp-content\/uploads\/2019\/10\/logo-lifefm.png\",\"contentUrl\":\"https:\/\/static.radiolifefm.com.br\/noticias\/wp-content\/uploads\/2019\/10\/logo-lifefm.png\",\"width\":196,\"height\":47,\"caption\":\"R\u00e1dio Life FM\"},\"image\":{\"@id\":\"https:\/\/radiolifefm.com.br\/noticias\/#\/schema\/logo\/image\/\"},\"sameAs\":[\"https:\/\/www.facebook.com\/radiolifefm\/\",\"https:\/\/www.instagram.com\/life1079fm\/\"]},{\"@type\":\"Person\",\"@id\":\"https:\/\/radiolifefm.com.br\/noticias\/#\/schema\/person\/1d4e4b1301322090c6221bf1c8420490\",\"name\":\"lifefm\",\"image\":{\"@type\":\"ImageObject\",\"inLanguage\":\"pt-BR\",\"@id\":\"https:\/\/secure.gravatar.com\/avatar\/eca268467d925ec97d20641bb054fd944c0abb2f92854171620706bbe6474e7c?s=96&d=mm&r=g\",\"url\":\"https:\/\/secure.gravatar.com\/avatar\/eca268467d925ec97d20641bb054fd944c0abb2f92854171620706bbe6474e7c?s=96&d=mm&r=g\",\"contentUrl\":\"https:\/\/secure.gravatar.com\/avatar\/eca268467d925ec97d20641bb054fd944c0abb2f92854171620706bbe6474e7c?s=96&d=mm&r=g\",\"caption\":\"lifefm\"}}]}<\/script>\n<!-- \/ Yoast SEO plugin. -->","yoast_head_json":{"title":"Um olhar mais do que especial no ARRAI\u00c1 DA FISIOCL\u00cdNICA... - Coluna Opini\u00e3o - S\u00e9rgio Barbosa - R\u00e1dio Life FM","robots":{"index":"index","follow":"follow","max-snippet":"max-snippet:-1","max-image-preview":"max-image-preview:large","max-video-preview":"max-video-preview:-1"},"canonical":"https:\/\/radiolifefm.com.br\/noticias\/um-olhar-mais-do-que-especial-no-arraia-da-fisioclinica-coluna-opiniao-sergio-barbosa\/","og_locale":"pt_BR","og_type":"article","og_title":"Um olhar mais do que especial no ARRAI\u00c1 DA FISIOCL\u00cdNICA... - Coluna Opini\u00e3o - S\u00e9rgio Barbosa - R\u00e1dio Life FM","og_description":"Um olhar mais do que especial no ARRAI\u00c1 DA FISIOCL\u00cdNICA&#8230; \u201cPor tr\u00e1s de uma boa equipe de trabalho est\u00e1 um esp\u00edrito de uni\u00e3o capaz de alcan\u00e7ar os resultados mais incr\u00edveis.\u201d S\u00e9rgio Barbosa (*) Depois de mais um semestre de muitas atividades com isto e mais aquilo com os PACIENTES, finalmente, as\/os estagi\u00e1rios\/as, docentes, supervisores\/as, funcion\u00e1rios\/as, [&hellip;]","og_url":"https:\/\/radiolifefm.com.br\/noticias\/um-olhar-mais-do-que-especial-no-arraia-da-fisioclinica-coluna-opiniao-sergio-barbosa\/","og_site_name":"R\u00e1dio Life FM","article_publisher":"https:\/\/www.facebook.com\/radiolifefm\/","article_published_time":"2019-06-25T23:43:28+00:00","article_modified_time":"2026-04-12T08:42:13+00:00","author":"lifefm","twitter_card":"summary_large_image","twitter_misc":{"Escrito por":"lifefm","Est. tempo de leitura":"3 minutos"},"schema":{"@context":"https:\/\/schema.org","@graph":[{"@type":"Article","@id":"https:\/\/radiolifefm.com.br\/noticias\/um-olhar-mais-do-que-especial-no-arraia-da-fisioclinica-coluna-opiniao-sergio-barbosa\/#article","isPartOf":{"@id":"https:\/\/radiolifefm.com.br\/noticias\/um-olhar-mais-do-que-especial-no-arraia-da-fisioclinica-coluna-opiniao-sergio-barbosa\/"},"author":{"name":"lifefm","@id":"https:\/\/radiolifefm.com.br\/noticias\/#\/schema\/person\/1d4e4b1301322090c6221bf1c8420490"},"headline":"Um olhar mais do que especial no ARRAI\u00c1 DA FISIOCL\u00cdNICA&#8230; &#8211; Coluna Opini\u00e3o &#8211; S\u00e9rgio Barbosa","datePublished":"2019-06-25T23:43:28+00:00","dateModified":"2026-04-12T08:42:13+00:00","mainEntityOfPage":{"@id":"https:\/\/radiolifefm.com.br\/noticias\/um-olhar-mais-do-que-especial-no-arraia-da-fisioclinica-coluna-opiniao-sergio-barbosa\/"},"wordCount":630,"commentCount":0,"publisher":{"@id":"https:\/\/radiolifefm.com.br\/noticias\/#organization"},"articleSection":["Opini\u00e3o"],"inLanguage":"pt-BR","potentialAction":[{"@type":"CommentAction","name":"Comment","target":["https:\/\/radiolifefm.com.br\/noticias\/um-olhar-mais-do-que-especial-no-arraia-da-fisioclinica-coluna-opiniao-sergio-barbosa\/#respond"]}]},{"@type":"WebPage","@id":"https:\/\/radiolifefm.com.br\/noticias\/um-olhar-mais-do-que-especial-no-arraia-da-fisioclinica-coluna-opiniao-sergio-barbosa\/","url":"https:\/\/radiolifefm.com.br\/noticias\/um-olhar-mais-do-que-especial-no-arraia-da-fisioclinica-coluna-opiniao-sergio-barbosa\/","name":"Um olhar mais do que especial no ARRAI\u00c1 DA FISIOCL\u00cdNICA... - Coluna Opini\u00e3o - S\u00e9rgio Barbosa - R\u00e1dio Life FM","isPartOf":{"@id":"https:\/\/radiolifefm.com.br\/noticias\/#website"},"datePublished":"2019-06-25T23:43:28+00:00","dateModified":"2026-04-12T08:42:13+00:00","breadcrumb":{"@id":"https:\/\/radiolifefm.com.br\/noticias\/um-olhar-mais-do-que-especial-no-arraia-da-fisioclinica-coluna-opiniao-sergio-barbosa\/#breadcrumb"},"inLanguage":"pt-BR","potentialAction":[{"@type":"ReadAction","target":["https:\/\/radiolifefm.com.br\/noticias\/um-olhar-mais-do-que-especial-no-arraia-da-fisioclinica-coluna-opiniao-sergio-barbosa\/"]}]},{"@type":"BreadcrumbList","@id":"https:\/\/radiolifefm.com.br\/noticias\/um-olhar-mais-do-que-especial-no-arraia-da-fisioclinica-coluna-opiniao-sergio-barbosa\/#breadcrumb","itemListElement":[{"@type":"ListItem","position":1,"name":"In\u00edcio","item":"https:\/\/radiolifefm.com.br\/noticias\/"},{"@type":"ListItem","position":2,"name":"Um olhar mais do que especial no ARRAI\u00c1 DA FISIOCL\u00cdNICA&#8230; &#8211; Coluna Opini\u00e3o &#8211; S\u00e9rgio Barbosa"}]},{"@type":"WebSite","@id":"https:\/\/radiolifefm.com.br\/noticias\/#website","url":"https:\/\/radiolifefm.com.br\/noticias\/","name":"R\u00e1dio Life FM","description":"O Portal de Not\u00edcias de Adamantina","publisher":{"@id":"https:\/\/radiolifefm.com.br\/noticias\/#organization"},"alternateName":"Life FM","potentialAction":[{"@type":"SearchAction","target":{"@type":"EntryPoint","urlTemplate":"https:\/\/radiolifefm.com.br\/noticias\/?s={search_term_string}"},"query-input":{"@type":"PropertyValueSpecification","valueRequired":true,"valueName":"search_term_string"}}],"inLanguage":"pt-BR"},{"@type":"Organization","@id":"https:\/\/radiolifefm.com.br\/noticias\/#organization","name":"R\u00e1dio Life FM","alternateName":"Life FM","url":"https:\/\/radiolifefm.com.br\/noticias\/","logo":{"@type":"ImageObject","inLanguage":"pt-BR","@id":"https:\/\/radiolifefm.com.br\/noticias\/#\/schema\/logo\/image\/","url":"https:\/\/static.radiolifefm.com.br\/noticias\/wp-content\/uploads\/2019\/10\/logo-lifefm.png","contentUrl":"https:\/\/static.radiolifefm.com.br\/noticias\/wp-content\/uploads\/2019\/10\/logo-lifefm.png","width":196,"height":47,"caption":"R\u00e1dio Life FM"},"image":{"@id":"https:\/\/radiolifefm.com.br\/noticias\/#\/schema\/logo\/image\/"},"sameAs":["https:\/\/www.facebook.com\/radiolifefm\/","https:\/\/www.instagram.com\/life1079fm\/"]},{"@type":"Person","@id":"https:\/\/radiolifefm.com.br\/noticias\/#\/schema\/person\/1d4e4b1301322090c6221bf1c8420490","name":"lifefm","image":{"@type":"ImageObject","inLanguage":"pt-BR","@id":"https:\/\/secure.gravatar.com\/avatar\/eca268467d925ec97d20641bb054fd944c0abb2f92854171620706bbe6474e7c?s=96&d=mm&r=g","url":"https:\/\/secure.gravatar.com\/avatar\/eca268467d925ec97d20641bb054fd944c0abb2f92854171620706bbe6474e7c?s=96&d=mm&r=g","contentUrl":"https:\/\/secure.gravatar.com\/avatar\/eca268467d925ec97d20641bb054fd944c0abb2f92854171620706bbe6474e7c?s=96&d=mm&r=g","caption":"lifefm"}}]}},"amp_enabled":true,"_links":{"self":[{"href":"https:\/\/radiolifefm.com.br\/noticias\/wp-json\/wp\/v2\/posts\/14305","targetHints":{"allow":["GET"]}}],"collection":[{"href":"https:\/\/radiolifefm.com.br\/noticias\/wp-json\/wp\/v2\/posts"}],"about":[{"href":"https:\/\/radiolifefm.com.br\/noticias\/wp-json\/wp\/v2\/types\/post"}],"author":[{"embeddable":true,"href":"https:\/\/radiolifefm.com.br\/noticias\/wp-json\/wp\/v2\/users\/3"}],"replies":[{"embeddable":true,"href":"https:\/\/radiolifefm.com.br\/noticias\/wp-json\/wp\/v2\/comments?post=14305"}],"version-history":[{"count":1,"href":"https:\/\/radiolifefm.com.br\/noticias\/wp-json\/wp\/v2\/posts\/14305\/revisions"}],"predecessor-version":[{"id":14306,"href":"https:\/\/radiolifefm.com.br\/noticias\/wp-json\/wp\/v2\/posts\/14305\/revisions\/14306"}],"wp:attachment":[{"href":"https:\/\/radiolifefm.com.br\/noticias\/wp-json\/wp\/v2\/media?parent=14305"}],"wp:term":[{"taxonomy":"category","embeddable":true,"href":"https:\/\/radiolifefm.com.br\/noticias\/wp-json\/wp\/v2\/categories?post=14305"},{"taxonomy":"post_tag","embeddable":true,"href":"https:\/\/radiolifefm.com.br\/noticias\/wp-json\/wp\/v2\/tags?post=14305"}],"curies":[{"name":"wp","href":"https:\/\/api.w.org\/{rel}","templated":true}]}}