{"id":14255,"date":"2019-06-24T21:04:14","date_gmt":"2019-06-25T00:04:14","guid":{"rendered":"https:\/\/radiolifefm.com.br\/noticias\/?p=14255"},"modified":"2026-04-19T11:01:20","modified_gmt":"2026-04-19T14:01:20","slug":"em-tempos-de-nuvem-quem-usou-disquete-fez-historia-coluna-opiniao","status":"publish","type":"post","link":"https:\/\/radiolifefm.com.br\/noticias\/em-tempos-de-nuvem-quem-usou-disquete-fez-historia-coluna-opiniao\/","title":{"rendered":"Em tempos de nuvem, quem usou disquete fez hist\u00f3ria &#8211; Coluna Opini\u00e3o"},"content":{"rendered":"<div id=\"fb-root\"><\/div>\n<p><strong>Em tempos de nuvem, quem usou disquete fez hist\u00f3ria<\/strong><br \/>\n<em>Relembrando os velhos tempos de uso dos disquetes<\/em><br \/>\n***<br \/>\n\u201cA tecnologia move o mundo.\u201d<br \/>\nSteve Jobs<br \/>\n***<\/p>\n<p>Dando uma olhadinha em uma de minhas caixas, acabei encontrando alguns disquetes que utilizava em meio aos cursos de inform\u00e1tica de outrora. Se voc\u00ea tem mais de 25 anos, provavelmente vivenciou os prim\u00f3rdios da era da inform\u00e1tica por aqui ou acol\u00e1. O que mais me surpreendeu foi perceber que em t\u00e3o pouco tempo tais objetos se tornaram obsoletos e hoje sequer s\u00e3o lembrados.<\/p>\n<p>Pra voc\u00ea que nunca chegou a utilizar um desses, a capacidade de um disquete era m\u00ednima, tinha cerca de 1,44 mb, n\u00e3o cabia nem uma m\u00fasica direito. S\u00f3 dava mesmo para alguns textos e talvez algumas imagens. \u00c9 claro que com o passar do tempo, surgiram outros com capacidade de armazenamento maior, no entanto, sequer chegavam a 6 mb.<\/p>\n<p>Com o passar do tempo, vieram os ZipDrives\u2019s, que chegavam a armazenar cerca de 750 mb. Da\u00ed vieram os CD-ROM, CD-R, CD-RW, DVD\u2019s, que de fato popularizaram o acesso ao diversos tipos de armazenamento. Me recordo que muitos amigos ficavam horas e horas, baixando m\u00fasicas para grav\u00e1-las nos CD\u2019s (ah&#8230; a velocidade da internet, na \u00e9poca, era baix\u00edssima tamb\u00e9m).<\/p>\n<p>Nos \u00faltimos anos acabamos vivenciando o aumento de diversos \u201caparelhinhos\u201d, os cart\u00f5es de mem\u00f3ria. Num primeiro momento apenas para as c\u00e2meras fotogr\u00e1ficas e depois para os aparelhos celulares. E \u00e9 claro que n\u00e3o podiam faltar os pendrives, que tanto nos auxiliam no dia a dia e acabaram revolucionando as formas de armazenamento. S\u00f3 para se ter uma ideia do que estou falando, um simples pendrive de 16 gb, equivale ao que cerca de 11378 disquetes armazenariam no passado.<\/p>\n<p>Ah, e n\u00e3o para por a\u00ed! Nos \u00faltimos tempos al\u00e9m dos diversos tipos de HD\u2019s externos e os SSD\u2019s, ainda temos o armazenamento na nuvem, ou seja, voc\u00ea salvar os seus arquivos em um espa\u00e7o virtual e acess\u00e1-los quando quiser por meio de sua conta pessoal.<\/p>\n<p>Enfim, em tempos de p\u00f3s-globaliza\u00e7\u00e3o e revolu\u00e7\u00f5es nanotecnol\u00f3gicas aqui e ali, ficam apenas as recorda\u00e7\u00f5es de um per\u00edodo onde os disquetes imperavam e tamb\u00e9m travavam.<\/p>\n<p>Fonte: &lt;http:\/\/1.bp.blogspot.com\/-_iM8WrjFfls\/VOqIWH3fsFI\/AAAAAAAAJDc\/JziEdkavsIE\/s1600\/%C3%ADcone_salvar-350&#215;350.jpg &gt; Acesso em: 22\/06\/2019<\/p>\n<p>Tiago Rafael dos Santos Alves<br \/>\nProfessor e Historiador<br \/>\nMembro Correspondente da ACL<br \/>\ntiagorsalves@gmail.com<\/p>\n","protected":false},"excerpt":{"rendered":"<p>Em tempos de nuvem, quem usou disquete fez hist\u00f3ria Relembrando os velhos tempos de uso dos disquetes *** \u201cA tecnologia move o mundo.\u201d Steve Jobs *** Dando uma olhadinha em uma de minhas caixas, acabei encontrando alguns disquetes que utilizava em meio aos cursos de inform\u00e1tica de outrora. Se voc\u00ea tem mais de 25 anos, [&hellip;]<\/p>\n","protected":false},"author":3,"featured_media":14256,"comment_status":"open","ping_status":"open","sticky":false,"template":"","format":"standard","meta":{"_acf_changed":false,"_exactmetrics_skip_tracking":false,"_exactmetrics_sitenote_active":false,"_exactmetrics_sitenote_note":"","_exactmetrics_sitenote_category":0,"footnotes":""},"categories":[59],"tags":[],"class_list":["post-14255","post","type-post","status-publish","format-standard","has-post-thumbnail","hentry","category-opiniao"],"acf":[],"yoast_head":"<!-- This site is optimized with the Yoast SEO plugin v27.2 - https:\/\/yoast.com\/product\/yoast-seo-wordpress\/ -->\n<title>Em tempos de nuvem, quem usou disquete fez hist\u00f3ria - Coluna Opini\u00e3o - R\u00e1dio Life FM<\/title>\n<meta name=\"robots\" content=\"index, follow, max-snippet:-1, max-image-preview:large, max-video-preview:-1\" \/>\n<link rel=\"canonical\" href=\"https:\/\/radiolifefm.com.br\/noticias\/em-tempos-de-nuvem-quem-usou-disquete-fez-historia-coluna-opiniao\/\" \/>\n<meta property=\"og:locale\" content=\"pt_BR\" \/>\n<meta property=\"og:type\" content=\"article\" \/>\n<meta property=\"og:title\" content=\"Em tempos de nuvem, quem usou disquete fez hist\u00f3ria - Coluna Opini\u00e3o - R\u00e1dio Life FM\" \/>\n<meta property=\"og:description\" content=\"Em tempos de nuvem, quem usou disquete fez hist\u00f3ria Relembrando os velhos tempos de uso dos disquetes *** \u201cA tecnologia move o mundo.\u201d Steve Jobs *** Dando uma olhadinha em uma de minhas caixas, acabei encontrando alguns disquetes que utilizava em meio aos cursos de inform\u00e1tica de outrora. Se voc\u00ea tem mais de 25 anos, [&hellip;]\" \/>\n<meta property=\"og:url\" content=\"https:\/\/radiolifefm.com.br\/noticias\/em-tempos-de-nuvem-quem-usou-disquete-fez-historia-coluna-opiniao\/\" \/>\n<meta property=\"og:site_name\" content=\"R\u00e1dio Life FM\" \/>\n<meta property=\"article:publisher\" content=\"https:\/\/www.facebook.com\/radiolifefm\/\" \/>\n<meta property=\"article:published_time\" content=\"2019-06-25T00:04:14+00:00\" \/>\n<meta property=\"article:modified_time\" content=\"2026-04-19T14:01:20+00:00\" \/>\n<meta property=\"og:image\" content=\"https:\/\/radiolifefm.com.br\/noticias\/wp-content\/uploads\/2019\/06\/Tiago-Rafael.png\" \/>\n\t<meta property=\"og:image:width\" content=\"352\" \/>\n\t<meta property=\"og:image:height\" content=\"352\" \/>\n\t<meta property=\"og:image:type\" content=\"image\/png\" \/>\n<meta name=\"author\" content=\"lifefm\" \/>\n<meta name=\"twitter:card\" content=\"summary_large_image\" \/>\n<meta name=\"twitter:label1\" content=\"Escrito por\" \/>\n\t<meta name=\"twitter:data1\" content=\"lifefm\" \/>\n\t<meta name=\"twitter:label2\" content=\"Est. tempo de leitura\" \/>\n\t<meta name=\"twitter:data2\" content=\"2 minutos\" \/>\n<script type=\"application\/ld+json\" class=\"yoast-schema-graph\">{\"@context\":\"https:\/\/schema.org\",\"@graph\":[{\"@type\":\"Article\",\"@id\":\"https:\/\/radiolifefm.com.br\/noticias\/em-tempos-de-nuvem-quem-usou-disquete-fez-historia-coluna-opiniao\/#article\",\"isPartOf\":{\"@id\":\"https:\/\/radiolifefm.com.br\/noticias\/em-tempos-de-nuvem-quem-usou-disquete-fez-historia-coluna-opiniao\/\"},\"author\":{\"name\":\"lifefm\",\"@id\":\"https:\/\/radiolifefm.com.br\/noticias\/#\/schema\/person\/1d4e4b1301322090c6221bf1c8420490\"},\"headline\":\"Em tempos de nuvem, quem usou disquete fez hist\u00f3ria &#8211; Coluna Opini\u00e3o\",\"datePublished\":\"2019-06-25T00:04:14+00:00\",\"dateModified\":\"2026-04-19T14:01:20+00:00\",\"mainEntityOfPage\":{\"@id\":\"https:\/\/radiolifefm.com.br\/noticias\/em-tempos-de-nuvem-quem-usou-disquete-fez-historia-coluna-opiniao\/\"},\"wordCount\":431,\"commentCount\":0,\"publisher\":{\"@id\":\"https:\/\/radiolifefm.com.br\/noticias\/#organization\"},\"image\":{\"@id\":\"https:\/\/radiolifefm.com.br\/noticias\/em-tempos-de-nuvem-quem-usou-disquete-fez-historia-coluna-opiniao\/#primaryimage\"},\"thumbnailUrl\":\"https:\/\/radiolifefm.com.br\/noticias\/wp-content\/uploads\/2019\/06\/Tiago-Rafael.png\",\"articleSection\":[\"Opini\u00e3o\"],\"inLanguage\":\"pt-BR\",\"potentialAction\":[{\"@type\":\"CommentAction\",\"name\":\"Comment\",\"target\":[\"https:\/\/radiolifefm.com.br\/noticias\/em-tempos-de-nuvem-quem-usou-disquete-fez-historia-coluna-opiniao\/#respond\"]}]},{\"@type\":\"WebPage\",\"@id\":\"https:\/\/radiolifefm.com.br\/noticias\/em-tempos-de-nuvem-quem-usou-disquete-fez-historia-coluna-opiniao\/\",\"url\":\"https:\/\/radiolifefm.com.br\/noticias\/em-tempos-de-nuvem-quem-usou-disquete-fez-historia-coluna-opiniao\/\",\"name\":\"Em tempos de nuvem, quem usou disquete fez hist\u00f3ria - Coluna Opini\u00e3o - R\u00e1dio Life FM\",\"isPartOf\":{\"@id\":\"https:\/\/radiolifefm.com.br\/noticias\/#website\"},\"primaryImageOfPage\":{\"@id\":\"https:\/\/radiolifefm.com.br\/noticias\/em-tempos-de-nuvem-quem-usou-disquete-fez-historia-coluna-opiniao\/#primaryimage\"},\"image\":{\"@id\":\"https:\/\/radiolifefm.com.br\/noticias\/em-tempos-de-nuvem-quem-usou-disquete-fez-historia-coluna-opiniao\/#primaryimage\"},\"thumbnailUrl\":\"https:\/\/radiolifefm.com.br\/noticias\/wp-content\/uploads\/2019\/06\/Tiago-Rafael.png\",\"datePublished\":\"2019-06-25T00:04:14+00:00\",\"dateModified\":\"2026-04-19T14:01:20+00:00\",\"breadcrumb\":{\"@id\":\"https:\/\/radiolifefm.com.br\/noticias\/em-tempos-de-nuvem-quem-usou-disquete-fez-historia-coluna-opiniao\/#breadcrumb\"},\"inLanguage\":\"pt-BR\",\"potentialAction\":[{\"@type\":\"ReadAction\",\"target\":[\"https:\/\/radiolifefm.com.br\/noticias\/em-tempos-de-nuvem-quem-usou-disquete-fez-historia-coluna-opiniao\/\"]}]},{\"@type\":\"ImageObject\",\"inLanguage\":\"pt-BR\",\"@id\":\"https:\/\/radiolifefm.com.br\/noticias\/em-tempos-de-nuvem-quem-usou-disquete-fez-historia-coluna-opiniao\/#primaryimage\",\"url\":\"https:\/\/radiolifefm.com.br\/noticias\/wp-content\/uploads\/2019\/06\/Tiago-Rafael.png\",\"contentUrl\":\"https:\/\/radiolifefm.com.br\/noticias\/wp-content\/uploads\/2019\/06\/Tiago-Rafael.png\",\"width\":352,\"height\":352},{\"@type\":\"BreadcrumbList\",\"@id\":\"https:\/\/radiolifefm.com.br\/noticias\/em-tempos-de-nuvem-quem-usou-disquete-fez-historia-coluna-opiniao\/#breadcrumb\",\"itemListElement\":[{\"@type\":\"ListItem\",\"position\":1,\"name\":\"In\u00edcio\",\"item\":\"https:\/\/radiolifefm.com.br\/noticias\/\"},{\"@type\":\"ListItem\",\"position\":2,\"name\":\"Em tempos de nuvem, quem usou disquete fez hist\u00f3ria &#8211; Coluna Opini\u00e3o\"}]},{\"@type\":\"WebSite\",\"@id\":\"https:\/\/radiolifefm.com.br\/noticias\/#website\",\"url\":\"https:\/\/radiolifefm.com.br\/noticias\/\",\"name\":\"R\u00e1dio Life FM\",\"description\":\"O Portal de Not\u00edcias de Adamantina\",\"publisher\":{\"@id\":\"https:\/\/radiolifefm.com.br\/noticias\/#organization\"},\"alternateName\":\"Life FM\",\"potentialAction\":[{\"@type\":\"SearchAction\",\"target\":{\"@type\":\"EntryPoint\",\"urlTemplate\":\"https:\/\/radiolifefm.com.br\/noticias\/?s={search_term_string}\"},\"query-input\":{\"@type\":\"PropertyValueSpecification\",\"valueRequired\":true,\"valueName\":\"search_term_string\"}}],\"inLanguage\":\"pt-BR\"},{\"@type\":\"Organization\",\"@id\":\"https:\/\/radiolifefm.com.br\/noticias\/#organization\",\"name\":\"R\u00e1dio Life FM\",\"alternateName\":\"Life FM\",\"url\":\"https:\/\/radiolifefm.com.br\/noticias\/\",\"logo\":{\"@type\":\"ImageObject\",\"inLanguage\":\"pt-BR\",\"@id\":\"https:\/\/radiolifefm.com.br\/noticias\/#\/schema\/logo\/image\/\",\"url\":\"https:\/\/static.radiolifefm.com.br\/noticias\/wp-content\/uploads\/2019\/10\/logo-lifefm.png\",\"contentUrl\":\"https:\/\/static.radiolifefm.com.br\/noticias\/wp-content\/uploads\/2019\/10\/logo-lifefm.png\",\"width\":196,\"height\":47,\"caption\":\"R\u00e1dio Life FM\"},\"image\":{\"@id\":\"https:\/\/radiolifefm.com.br\/noticias\/#\/schema\/logo\/image\/\"},\"sameAs\":[\"https:\/\/www.facebook.com\/radiolifefm\/\",\"https:\/\/www.instagram.com\/life1079fm\/\"]},{\"@type\":\"Person\",\"@id\":\"https:\/\/radiolifefm.com.br\/noticias\/#\/schema\/person\/1d4e4b1301322090c6221bf1c8420490\",\"name\":\"lifefm\",\"image\":{\"@type\":\"ImageObject\",\"inLanguage\":\"pt-BR\",\"@id\":\"https:\/\/secure.gravatar.com\/avatar\/eca268467d925ec97d20641bb054fd944c0abb2f92854171620706bbe6474e7c?s=96&d=mm&r=g\",\"url\":\"https:\/\/secure.gravatar.com\/avatar\/eca268467d925ec97d20641bb054fd944c0abb2f92854171620706bbe6474e7c?s=96&d=mm&r=g\",\"contentUrl\":\"https:\/\/secure.gravatar.com\/avatar\/eca268467d925ec97d20641bb054fd944c0abb2f92854171620706bbe6474e7c?s=96&d=mm&r=g\",\"caption\":\"lifefm\"}}]}<\/script>\n<!-- \/ Yoast SEO plugin. -->","yoast_head_json":{"title":"Em tempos de nuvem, quem usou disquete fez hist\u00f3ria - Coluna Opini\u00e3o - R\u00e1dio Life FM","robots":{"index":"index","follow":"follow","max-snippet":"max-snippet:-1","max-image-preview":"max-image-preview:large","max-video-preview":"max-video-preview:-1"},"canonical":"https:\/\/radiolifefm.com.br\/noticias\/em-tempos-de-nuvem-quem-usou-disquete-fez-historia-coluna-opiniao\/","og_locale":"pt_BR","og_type":"article","og_title":"Em tempos de nuvem, quem usou disquete fez hist\u00f3ria - Coluna Opini\u00e3o - R\u00e1dio Life FM","og_description":"Em tempos de nuvem, quem usou disquete fez hist\u00f3ria Relembrando os velhos tempos de uso dos disquetes *** \u201cA tecnologia move o mundo.\u201d Steve Jobs *** Dando uma olhadinha em uma de minhas caixas, acabei encontrando alguns disquetes que utilizava em meio aos cursos de inform\u00e1tica de outrora. Se voc\u00ea tem mais de 25 anos, [&hellip;]","og_url":"https:\/\/radiolifefm.com.br\/noticias\/em-tempos-de-nuvem-quem-usou-disquete-fez-historia-coluna-opiniao\/","og_site_name":"R\u00e1dio Life FM","article_publisher":"https:\/\/www.facebook.com\/radiolifefm\/","article_published_time":"2019-06-25T00:04:14+00:00","article_modified_time":"2026-04-19T14:01:20+00:00","og_image":[{"width":352,"height":352,"url":"https:\/\/radiolifefm.com.br\/noticias\/wp-content\/uploads\/2019\/06\/Tiago-Rafael.png","type":"image\/png"}],"author":"lifefm","twitter_card":"summary_large_image","twitter_misc":{"Escrito por":"lifefm","Est. tempo de leitura":"2 minutos"},"schema":{"@context":"https:\/\/schema.org","@graph":[{"@type":"Article","@id":"https:\/\/radiolifefm.com.br\/noticias\/em-tempos-de-nuvem-quem-usou-disquete-fez-historia-coluna-opiniao\/#article","isPartOf":{"@id":"https:\/\/radiolifefm.com.br\/noticias\/em-tempos-de-nuvem-quem-usou-disquete-fez-historia-coluna-opiniao\/"},"author":{"name":"lifefm","@id":"https:\/\/radiolifefm.com.br\/noticias\/#\/schema\/person\/1d4e4b1301322090c6221bf1c8420490"},"headline":"Em tempos de nuvem, quem usou disquete fez hist\u00f3ria &#8211; Coluna Opini\u00e3o","datePublished":"2019-06-25T00:04:14+00:00","dateModified":"2026-04-19T14:01:20+00:00","mainEntityOfPage":{"@id":"https:\/\/radiolifefm.com.br\/noticias\/em-tempos-de-nuvem-quem-usou-disquete-fez-historia-coluna-opiniao\/"},"wordCount":431,"commentCount":0,"publisher":{"@id":"https:\/\/radiolifefm.com.br\/noticias\/#organization"},"image":{"@id":"https:\/\/radiolifefm.com.br\/noticias\/em-tempos-de-nuvem-quem-usou-disquete-fez-historia-coluna-opiniao\/#primaryimage"},"thumbnailUrl":"https:\/\/radiolifefm.com.br\/noticias\/wp-content\/uploads\/2019\/06\/Tiago-Rafael.png","articleSection":["Opini\u00e3o"],"inLanguage":"pt-BR","potentialAction":[{"@type":"CommentAction","name":"Comment","target":["https:\/\/radiolifefm.com.br\/noticias\/em-tempos-de-nuvem-quem-usou-disquete-fez-historia-coluna-opiniao\/#respond"]}]},{"@type":"WebPage","@id":"https:\/\/radiolifefm.com.br\/noticias\/em-tempos-de-nuvem-quem-usou-disquete-fez-historia-coluna-opiniao\/","url":"https:\/\/radiolifefm.com.br\/noticias\/em-tempos-de-nuvem-quem-usou-disquete-fez-historia-coluna-opiniao\/","name":"Em tempos de nuvem, quem usou disquete fez hist\u00f3ria - Coluna Opini\u00e3o - R\u00e1dio Life FM","isPartOf":{"@id":"https:\/\/radiolifefm.com.br\/noticias\/#website"},"primaryImageOfPage":{"@id":"https:\/\/radiolifefm.com.br\/noticias\/em-tempos-de-nuvem-quem-usou-disquete-fez-historia-coluna-opiniao\/#primaryimage"},"image":{"@id":"https:\/\/radiolifefm.com.br\/noticias\/em-tempos-de-nuvem-quem-usou-disquete-fez-historia-coluna-opiniao\/#primaryimage"},"thumbnailUrl":"https:\/\/radiolifefm.com.br\/noticias\/wp-content\/uploads\/2019\/06\/Tiago-Rafael.png","datePublished":"2019-06-25T00:04:14+00:00","dateModified":"2026-04-19T14:01:20+00:00","breadcrumb":{"@id":"https:\/\/radiolifefm.com.br\/noticias\/em-tempos-de-nuvem-quem-usou-disquete-fez-historia-coluna-opiniao\/#breadcrumb"},"inLanguage":"pt-BR","potentialAction":[{"@type":"ReadAction","target":["https:\/\/radiolifefm.com.br\/noticias\/em-tempos-de-nuvem-quem-usou-disquete-fez-historia-coluna-opiniao\/"]}]},{"@type":"ImageObject","inLanguage":"pt-BR","@id":"https:\/\/radiolifefm.com.br\/noticias\/em-tempos-de-nuvem-quem-usou-disquete-fez-historia-coluna-opiniao\/#primaryimage","url":"https:\/\/radiolifefm.com.br\/noticias\/wp-content\/uploads\/2019\/06\/Tiago-Rafael.png","contentUrl":"https:\/\/radiolifefm.com.br\/noticias\/wp-content\/uploads\/2019\/06\/Tiago-Rafael.png","width":352,"height":352},{"@type":"BreadcrumbList","@id":"https:\/\/radiolifefm.com.br\/noticias\/em-tempos-de-nuvem-quem-usou-disquete-fez-historia-coluna-opiniao\/#breadcrumb","itemListElement":[{"@type":"ListItem","position":1,"name":"In\u00edcio","item":"https:\/\/radiolifefm.com.br\/noticias\/"},{"@type":"ListItem","position":2,"name":"Em tempos de nuvem, quem usou disquete fez hist\u00f3ria &#8211; Coluna Opini\u00e3o"}]},{"@type":"WebSite","@id":"https:\/\/radiolifefm.com.br\/noticias\/#website","url":"https:\/\/radiolifefm.com.br\/noticias\/","name":"R\u00e1dio Life FM","description":"O Portal de Not\u00edcias de Adamantina","publisher":{"@id":"https:\/\/radiolifefm.com.br\/noticias\/#organization"},"alternateName":"Life FM","potentialAction":[{"@type":"SearchAction","target":{"@type":"EntryPoint","urlTemplate":"https:\/\/radiolifefm.com.br\/noticias\/?s={search_term_string}"},"query-input":{"@type":"PropertyValueSpecification","valueRequired":true,"valueName":"search_term_string"}}],"inLanguage":"pt-BR"},{"@type":"Organization","@id":"https:\/\/radiolifefm.com.br\/noticias\/#organization","name":"R\u00e1dio Life FM","alternateName":"Life FM","url":"https:\/\/radiolifefm.com.br\/noticias\/","logo":{"@type":"ImageObject","inLanguage":"pt-BR","@id":"https:\/\/radiolifefm.com.br\/noticias\/#\/schema\/logo\/image\/","url":"https:\/\/static.radiolifefm.com.br\/noticias\/wp-content\/uploads\/2019\/10\/logo-lifefm.png","contentUrl":"https:\/\/static.radiolifefm.com.br\/noticias\/wp-content\/uploads\/2019\/10\/logo-lifefm.png","width":196,"height":47,"caption":"R\u00e1dio Life FM"},"image":{"@id":"https:\/\/radiolifefm.com.br\/noticias\/#\/schema\/logo\/image\/"},"sameAs":["https:\/\/www.facebook.com\/radiolifefm\/","https:\/\/www.instagram.com\/life1079fm\/"]},{"@type":"Person","@id":"https:\/\/radiolifefm.com.br\/noticias\/#\/schema\/person\/1d4e4b1301322090c6221bf1c8420490","name":"lifefm","image":{"@type":"ImageObject","inLanguage":"pt-BR","@id":"https:\/\/secure.gravatar.com\/avatar\/eca268467d925ec97d20641bb054fd944c0abb2f92854171620706bbe6474e7c?s=96&d=mm&r=g","url":"https:\/\/secure.gravatar.com\/avatar\/eca268467d925ec97d20641bb054fd944c0abb2f92854171620706bbe6474e7c?s=96&d=mm&r=g","contentUrl":"https:\/\/secure.gravatar.com\/avatar\/eca268467d925ec97d20641bb054fd944c0abb2f92854171620706bbe6474e7c?s=96&d=mm&r=g","caption":"lifefm"}}]}},"amp_enabled":true,"_links":{"self":[{"href":"https:\/\/radiolifefm.com.br\/noticias\/wp-json\/wp\/v2\/posts\/14255","targetHints":{"allow":["GET"]}}],"collection":[{"href":"https:\/\/radiolifefm.com.br\/noticias\/wp-json\/wp\/v2\/posts"}],"about":[{"href":"https:\/\/radiolifefm.com.br\/noticias\/wp-json\/wp\/v2\/types\/post"}],"author":[{"embeddable":true,"href":"https:\/\/radiolifefm.com.br\/noticias\/wp-json\/wp\/v2\/users\/3"}],"replies":[{"embeddable":true,"href":"https:\/\/radiolifefm.com.br\/noticias\/wp-json\/wp\/v2\/comments?post=14255"}],"version-history":[{"count":1,"href":"https:\/\/radiolifefm.com.br\/noticias\/wp-json\/wp\/v2\/posts\/14255\/revisions"}],"predecessor-version":[{"id":14257,"href":"https:\/\/radiolifefm.com.br\/noticias\/wp-json\/wp\/v2\/posts\/14255\/revisions\/14257"}],"wp:featuredmedia":[{"embeddable":true,"href":"https:\/\/radiolifefm.com.br\/noticias\/wp-json\/wp\/v2\/media\/14256"}],"wp:attachment":[{"href":"https:\/\/radiolifefm.com.br\/noticias\/wp-json\/wp\/v2\/media?parent=14255"}],"wp:term":[{"taxonomy":"category","embeddable":true,"href":"https:\/\/radiolifefm.com.br\/noticias\/wp-json\/wp\/v2\/categories?post=14255"},{"taxonomy":"post_tag","embeddable":true,"href":"https:\/\/radiolifefm.com.br\/noticias\/wp-json\/wp\/v2\/tags?post=14255"}],"curies":[{"name":"wp","href":"https:\/\/api.w.org\/{rel}","templated":true}]}}