{"id":14243,"date":"2019-06-24T09:29:23","date_gmt":"2019-06-24T12:29:23","guid":{"rendered":"https:\/\/radiolifefm.com.br\/noticias\/?p=14243"},"modified":"2026-01-22T15:10:39","modified_gmt":"2026-01-22T18:10:39","slug":"policia-prende-traficante-na-vila-esperanca-em-oc-com-crack-e-maconha","status":"publish","type":"post","link":"https:\/\/radiolifefm.com.br\/noticias\/policia-prende-traficante-na-vila-esperanca-em-oc-com-crack-e-maconha\/","title":{"rendered":"Pol\u00edcia prende traficante na Vila Esperan\u00e7a em OC com crack e maconha"},"content":{"rendered":"<div id=\"fb-root\"><\/div>\n<p><em>Rapaz escondia droga em mato e restos de constru\u00e7\u00e3o<\/em><\/p>\n<p>A Pol\u00edcia Militar de Osvaldo Cruz fez um flagrante de tr\u00e1fico de drogas, neste domingo (23), por volta de 21 horas, na Rua da Solidariedade, na Vila Esperan\u00e7a.<br \/>\nGuarni\u00e7\u00f5es da Pol\u00edcia Militar, com apoio das demais viaturas de \u00e1rea, apreenderam maconha e crack, que estavam com F.C.S., vulgo \u201cVera Ver\u00e3o\u201d e o portador da droga, J. A. S. H.<\/p>\n<p>Uma das equipes fazia o patrulhamento pela Vila Esperan\u00e7a e percebeu movimento de pessoas com envolvimento no tr\u00e1fico de drogas.<br \/>\nOs policiais montaram um ponto de observa\u00e7\u00e3o e perceberam que F.C.S. por duas vezes sa\u00eda do local, ia at\u00e9 o meio de um mato e restos de constru\u00e7\u00e3o pr\u00f3ximos e depois retornava com alguma coisa, guardava em seu bolso e sa\u00eda.<\/p>\n<p>Na terceira vez que F.C.S. foi at\u00e9 a Rua da Solidariedade, o Cabo Garbulho flagrou o suspeito quando ele retirou embrulhos prateados e andou at\u00e9 o cruzamento das ruas S\u00e3o Pedro com Santa Augusta.<br \/>\nPr\u00f3ximo a um bar, o traficante entregou os embrulhos a um indiv\u00edduo que estava de moletom vermelho. Esse outro suspeito saiu em uma moto.<\/p>\n<p>Ap\u00f3s solicitar refor\u00e7o, a PM abordou, com apoio de outra equipe, uma moto Suzuki, no cruzamento da Avenida Max Wirth com a Rua Vit\u00f3rio Betiol, j\u00e1 pela Vila Santa Helena.<br \/>\nO condutor a moto foi identificado como, J.A.S.H. Com ele os policiais encontraram tr\u00eas por\u00e7\u00f5es de crack. Perguntado, o cidad\u00e3o disse que comprou as pedras do suspeito F.C.S.<\/p>\n<p>Foi feito patrulhamento no interior da Vila Esperan\u00e7a e foi abordado o traficante.<br \/>\nCom ele os policiais n\u00e3o encontraram nada, mas, no local onde ele escondia a droga, a PM localizou, com ajuda do Canil, vinte pedras de crack.<\/p>\n<p>Ao lado de um monte de areia e restos de constru\u00e7\u00e3o, foi localizada uma sacola com cinco pedras brutas de crack e defronte ao n\u00famero 50 da Rua da Solidariedade, o c\u00e3o Thor tamb\u00e9m localizou uma sacola com trinta por\u00e7\u00f5es de maconha.<\/p>\n<p>Os locais onde o c\u00e3o encontrou as drogas s\u00e3o exatamente os mesmos onde o traficante foi flagrado retirando os embrulhos.<br \/>\nSe as pedras brutas de crack fossem divididas em por\u00e7\u00f5es menores, a Pol\u00edcia acredita que o suspeito conseguiria aproximadamente quarenta outras pedras.<\/p>\n<p>O rapaz foi preso em flagrante por tr\u00e1fico de entorpecentes e removido posteriormente para a Cadeia de Adamantina.<br \/>\nO usu\u00e1rio, na delegacia, reconheceu o suspeito como o traficante de quem comprou as pedras de crack.<\/p>\n<p>Ap\u00f3s a pesagem da droga, foi aferido 26,8 g de crack e 41,9 g maconha.<\/p>\n<p>Informa\u00e7\u00f5es da 3a Cia da Pol\u00edcia Militar de Osvaldo Cruz<\/p>\n<p>Reda\u00e7\u00e3o &#8211; Kako de Oliveira<\/p>\n","protected":false},"excerpt":{"rendered":"<p>Rapaz escondia droga em mato e restos de constru\u00e7\u00e3o A Pol\u00edcia Militar de Osvaldo Cruz fez um flagrante de tr\u00e1fico de drogas, neste domingo (23), por volta de 21 horas, na Rua da Solidariedade, na Vila Esperan\u00e7a. Guarni\u00e7\u00f5es da Pol\u00edcia Militar, com apoio das demais viaturas de \u00e1rea, apreenderam maconha e crack, que estavam com [&hellip;]<\/p>\n","protected":false},"author":3,"featured_media":14244,"comment_status":"closed","ping_status":"open","sticky":false,"template":"","format":"standard","meta":{"_acf_changed":false,"_exactmetrics_skip_tracking":false,"_exactmetrics_sitenote_active":false,"_exactmetrics_sitenote_note":"","_exactmetrics_sitenote_category":0,"footnotes":""},"categories":[24],"tags":[],"class_list":["post-14243","post","type-post","status-publish","format-standard","has-post-thumbnail","hentry","category-regiao"],"acf":[],"yoast_head":"<!-- This site is optimized with the Yoast SEO plugin v27.2 - https:\/\/yoast.com\/product\/yoast-seo-wordpress\/ -->\n<title>Pol\u00edcia prende traficante na Vila Esperan\u00e7a em OC com crack e maconha - R\u00e1dio Life FM<\/title>\n<meta name=\"robots\" content=\"index, follow, max-snippet:-1, max-image-preview:large, max-video-preview:-1\" \/>\n<link rel=\"canonical\" href=\"https:\/\/radiolifefm.com.br\/noticias\/policia-prende-traficante-na-vila-esperanca-em-oc-com-crack-e-maconha\/\" \/>\n<meta property=\"og:locale\" content=\"pt_BR\" \/>\n<meta property=\"og:type\" content=\"article\" \/>\n<meta property=\"og:title\" content=\"Pol\u00edcia prende traficante na Vila Esperan\u00e7a em OC com crack e maconha - R\u00e1dio Life FM\" \/>\n<meta property=\"og:description\" content=\"Rapaz escondia droga em mato e restos de constru\u00e7\u00e3o A Pol\u00edcia Militar de Osvaldo Cruz fez um flagrante de tr\u00e1fico de drogas, neste domingo (23), por volta de 21 horas, na Rua da Solidariedade, na Vila Esperan\u00e7a. Guarni\u00e7\u00f5es da Pol\u00edcia Militar, com apoio das demais viaturas de \u00e1rea, apreenderam maconha e crack, que estavam com [&hellip;]\" \/>\n<meta property=\"og:url\" content=\"https:\/\/radiolifefm.com.br\/noticias\/policia-prende-traficante-na-vila-esperanca-em-oc-com-crack-e-maconha\/\" \/>\n<meta property=\"og:site_name\" content=\"R\u00e1dio Life FM\" \/>\n<meta property=\"article:publisher\" content=\"https:\/\/www.facebook.com\/radiolifefm\/\" \/>\n<meta property=\"article:published_time\" content=\"2019-06-24T12:29:23+00:00\" \/>\n<meta property=\"article:modified_time\" content=\"2026-01-22T18:10:39+00:00\" \/>\n<meta property=\"og:image\" content=\"https:\/\/radiolifefm.com.br\/noticias\/wp-content\/uploads\/2019\/06\/Traficante-preso-na-Vila-Esperan\u00e7a.png\" \/>\n\t<meta property=\"og:image:width\" content=\"421\" \/>\n\t<meta property=\"og:image:height\" content=\"288\" \/>\n\t<meta property=\"og:image:type\" content=\"image\/png\" \/>\n<meta name=\"author\" content=\"lifefm\" \/>\n<meta name=\"twitter:card\" content=\"summary_large_image\" \/>\n<meta name=\"twitter:label1\" content=\"Escrito por\" \/>\n\t<meta name=\"twitter:data1\" content=\"lifefm\" \/>\n\t<meta name=\"twitter:label2\" content=\"Est. tempo de leitura\" \/>\n\t<meta name=\"twitter:data2\" content=\"2 minutos\" \/>\n<script type=\"application\/ld+json\" class=\"yoast-schema-graph\">{\"@context\":\"https:\/\/schema.org\",\"@graph\":[{\"@type\":\"Article\",\"@id\":\"https:\/\/radiolifefm.com.br\/noticias\/policia-prende-traficante-na-vila-esperanca-em-oc-com-crack-e-maconha\/#article\",\"isPartOf\":{\"@id\":\"https:\/\/radiolifefm.com.br\/noticias\/policia-prende-traficante-na-vila-esperanca-em-oc-com-crack-e-maconha\/\"},\"author\":{\"name\":\"lifefm\",\"@id\":\"https:\/\/radiolifefm.com.br\/noticias\/#\/schema\/person\/1d4e4b1301322090c6221bf1c8420490\"},\"headline\":\"Pol\u00edcia prende traficante na Vila Esperan\u00e7a em OC com crack e maconha\",\"datePublished\":\"2019-06-24T12:29:23+00:00\",\"dateModified\":\"2026-01-22T18:10:39+00:00\",\"mainEntityOfPage\":{\"@id\":\"https:\/\/radiolifefm.com.br\/noticias\/policia-prende-traficante-na-vila-esperanca-em-oc-com-crack-e-maconha\/\"},\"wordCount\":493,\"publisher\":{\"@id\":\"https:\/\/radiolifefm.com.br\/noticias\/#organization\"},\"image\":{\"@id\":\"https:\/\/radiolifefm.com.br\/noticias\/policia-prende-traficante-na-vila-esperanca-em-oc-com-crack-e-maconha\/#primaryimage\"},\"thumbnailUrl\":\"https:\/\/radiolifefm.com.br\/noticias\/wp-content\/uploads\/2019\/06\/Traficante-preso-na-Vila-Esperan\u00e7a.png\",\"articleSection\":[\"Regi\u00e3o\"],\"inLanguage\":\"pt-BR\"},{\"@type\":\"WebPage\",\"@id\":\"https:\/\/radiolifefm.com.br\/noticias\/policia-prende-traficante-na-vila-esperanca-em-oc-com-crack-e-maconha\/\",\"url\":\"https:\/\/radiolifefm.com.br\/noticias\/policia-prende-traficante-na-vila-esperanca-em-oc-com-crack-e-maconha\/\",\"name\":\"Pol\u00edcia prende traficante na Vila Esperan\u00e7a em OC com crack e maconha - R\u00e1dio Life FM\",\"isPartOf\":{\"@id\":\"https:\/\/radiolifefm.com.br\/noticias\/#website\"},\"primaryImageOfPage\":{\"@id\":\"https:\/\/radiolifefm.com.br\/noticias\/policia-prende-traficante-na-vila-esperanca-em-oc-com-crack-e-maconha\/#primaryimage\"},\"image\":{\"@id\":\"https:\/\/radiolifefm.com.br\/noticias\/policia-prende-traficante-na-vila-esperanca-em-oc-com-crack-e-maconha\/#primaryimage\"},\"thumbnailUrl\":\"https:\/\/radiolifefm.com.br\/noticias\/wp-content\/uploads\/2019\/06\/Traficante-preso-na-Vila-Esperan\u00e7a.png\",\"datePublished\":\"2019-06-24T12:29:23+00:00\",\"dateModified\":\"2026-01-22T18:10:39+00:00\",\"breadcrumb\":{\"@id\":\"https:\/\/radiolifefm.com.br\/noticias\/policia-prende-traficante-na-vila-esperanca-em-oc-com-crack-e-maconha\/#breadcrumb\"},\"inLanguage\":\"pt-BR\",\"potentialAction\":[{\"@type\":\"ReadAction\",\"target\":[\"https:\/\/radiolifefm.com.br\/noticias\/policia-prende-traficante-na-vila-esperanca-em-oc-com-crack-e-maconha\/\"]}]},{\"@type\":\"ImageObject\",\"inLanguage\":\"pt-BR\",\"@id\":\"https:\/\/radiolifefm.com.br\/noticias\/policia-prende-traficante-na-vila-esperanca-em-oc-com-crack-e-maconha\/#primaryimage\",\"url\":\"https:\/\/radiolifefm.com.br\/noticias\/wp-content\/uploads\/2019\/06\/Traficante-preso-na-Vila-Esperan\u00e7a.png\",\"contentUrl\":\"https:\/\/radiolifefm.com.br\/noticias\/wp-content\/uploads\/2019\/06\/Traficante-preso-na-Vila-Esperan\u00e7a.png\",\"width\":421,\"height\":288,\"caption\":\"Traficante foi preso e v\u00e1rias por\u00e7\u00f5es de drogas foram apreendidas novamente na Vila Esperan\u00e7a em Osvaldo Cruz - Foto - Pol\u00edcia - Cedida\"},{\"@type\":\"BreadcrumbList\",\"@id\":\"https:\/\/radiolifefm.com.br\/noticias\/policia-prende-traficante-na-vila-esperanca-em-oc-com-crack-e-maconha\/#breadcrumb\",\"itemListElement\":[{\"@type\":\"ListItem\",\"position\":1,\"name\":\"In\u00edcio\",\"item\":\"https:\/\/radiolifefm.com.br\/noticias\/\"},{\"@type\":\"ListItem\",\"position\":2,\"name\":\"Pol\u00edcia prende traficante na Vila Esperan\u00e7a em OC com crack e maconha\"}]},{\"@type\":\"WebSite\",\"@id\":\"https:\/\/radiolifefm.com.br\/noticias\/#website\",\"url\":\"https:\/\/radiolifefm.com.br\/noticias\/\",\"name\":\"R\u00e1dio Life FM\",\"description\":\"O Portal de Not\u00edcias de Adamantina\",\"publisher\":{\"@id\":\"https:\/\/radiolifefm.com.br\/noticias\/#organization\"},\"alternateName\":\"Life FM\",\"potentialAction\":[{\"@type\":\"SearchAction\",\"target\":{\"@type\":\"EntryPoint\",\"urlTemplate\":\"https:\/\/radiolifefm.com.br\/noticias\/?s={search_term_string}\"},\"query-input\":{\"@type\":\"PropertyValueSpecification\",\"valueRequired\":true,\"valueName\":\"search_term_string\"}}],\"inLanguage\":\"pt-BR\"},{\"@type\":\"Organization\",\"@id\":\"https:\/\/radiolifefm.com.br\/noticias\/#organization\",\"name\":\"R\u00e1dio Life FM\",\"alternateName\":\"Life FM\",\"url\":\"https:\/\/radiolifefm.com.br\/noticias\/\",\"logo\":{\"@type\":\"ImageObject\",\"inLanguage\":\"pt-BR\",\"@id\":\"https:\/\/radiolifefm.com.br\/noticias\/#\/schema\/logo\/image\/\",\"url\":\"https:\/\/static.radiolifefm.com.br\/noticias\/wp-content\/uploads\/2019\/10\/logo-lifefm.png\",\"contentUrl\":\"https:\/\/static.radiolifefm.com.br\/noticias\/wp-content\/uploads\/2019\/10\/logo-lifefm.png\",\"width\":196,\"height\":47,\"caption\":\"R\u00e1dio Life FM\"},\"image\":{\"@id\":\"https:\/\/radiolifefm.com.br\/noticias\/#\/schema\/logo\/image\/\"},\"sameAs\":[\"https:\/\/www.facebook.com\/radiolifefm\/\",\"https:\/\/www.instagram.com\/life1079fm\/\"]},{\"@type\":\"Person\",\"@id\":\"https:\/\/radiolifefm.com.br\/noticias\/#\/schema\/person\/1d4e4b1301322090c6221bf1c8420490\",\"name\":\"lifefm\",\"image\":{\"@type\":\"ImageObject\",\"inLanguage\":\"pt-BR\",\"@id\":\"https:\/\/secure.gravatar.com\/avatar\/eca268467d925ec97d20641bb054fd944c0abb2f92854171620706bbe6474e7c?s=96&d=mm&r=g\",\"url\":\"https:\/\/secure.gravatar.com\/avatar\/eca268467d925ec97d20641bb054fd944c0abb2f92854171620706bbe6474e7c?s=96&d=mm&r=g\",\"contentUrl\":\"https:\/\/secure.gravatar.com\/avatar\/eca268467d925ec97d20641bb054fd944c0abb2f92854171620706bbe6474e7c?s=96&d=mm&r=g\",\"caption\":\"lifefm\"}}]}<\/script>\n<!-- \/ Yoast SEO plugin. -->","yoast_head_json":{"title":"Pol\u00edcia prende traficante na Vila Esperan\u00e7a em OC com crack e maconha - R\u00e1dio Life FM","robots":{"index":"index","follow":"follow","max-snippet":"max-snippet:-1","max-image-preview":"max-image-preview:large","max-video-preview":"max-video-preview:-1"},"canonical":"https:\/\/radiolifefm.com.br\/noticias\/policia-prende-traficante-na-vila-esperanca-em-oc-com-crack-e-maconha\/","og_locale":"pt_BR","og_type":"article","og_title":"Pol\u00edcia prende traficante na Vila Esperan\u00e7a em OC com crack e maconha - R\u00e1dio Life FM","og_description":"Rapaz escondia droga em mato e restos de constru\u00e7\u00e3o A Pol\u00edcia Militar de Osvaldo Cruz fez um flagrante de tr\u00e1fico de drogas, neste domingo (23), por volta de 21 horas, na Rua da Solidariedade, na Vila Esperan\u00e7a. Guarni\u00e7\u00f5es da Pol\u00edcia Militar, com apoio das demais viaturas de \u00e1rea, apreenderam maconha e crack, que estavam com [&hellip;]","og_url":"https:\/\/radiolifefm.com.br\/noticias\/policia-prende-traficante-na-vila-esperanca-em-oc-com-crack-e-maconha\/","og_site_name":"R\u00e1dio Life FM","article_publisher":"https:\/\/www.facebook.com\/radiolifefm\/","article_published_time":"2019-06-24T12:29:23+00:00","article_modified_time":"2026-01-22T18:10:39+00:00","og_image":[{"width":421,"height":288,"url":"https:\/\/radiolifefm.com.br\/noticias\/wp-content\/uploads\/2019\/06\/Traficante-preso-na-Vila-Esperan\u00e7a.png","type":"image\/png"}],"author":"lifefm","twitter_card":"summary_large_image","twitter_misc":{"Escrito por":"lifefm","Est. tempo de leitura":"2 minutos"},"schema":{"@context":"https:\/\/schema.org","@graph":[{"@type":"Article","@id":"https:\/\/radiolifefm.com.br\/noticias\/policia-prende-traficante-na-vila-esperanca-em-oc-com-crack-e-maconha\/#article","isPartOf":{"@id":"https:\/\/radiolifefm.com.br\/noticias\/policia-prende-traficante-na-vila-esperanca-em-oc-com-crack-e-maconha\/"},"author":{"name":"lifefm","@id":"https:\/\/radiolifefm.com.br\/noticias\/#\/schema\/person\/1d4e4b1301322090c6221bf1c8420490"},"headline":"Pol\u00edcia prende traficante na Vila Esperan\u00e7a em OC com crack e maconha","datePublished":"2019-06-24T12:29:23+00:00","dateModified":"2026-01-22T18:10:39+00:00","mainEntityOfPage":{"@id":"https:\/\/radiolifefm.com.br\/noticias\/policia-prende-traficante-na-vila-esperanca-em-oc-com-crack-e-maconha\/"},"wordCount":493,"publisher":{"@id":"https:\/\/radiolifefm.com.br\/noticias\/#organization"},"image":{"@id":"https:\/\/radiolifefm.com.br\/noticias\/policia-prende-traficante-na-vila-esperanca-em-oc-com-crack-e-maconha\/#primaryimage"},"thumbnailUrl":"https:\/\/radiolifefm.com.br\/noticias\/wp-content\/uploads\/2019\/06\/Traficante-preso-na-Vila-Esperan\u00e7a.png","articleSection":["Regi\u00e3o"],"inLanguage":"pt-BR"},{"@type":"WebPage","@id":"https:\/\/radiolifefm.com.br\/noticias\/policia-prende-traficante-na-vila-esperanca-em-oc-com-crack-e-maconha\/","url":"https:\/\/radiolifefm.com.br\/noticias\/policia-prende-traficante-na-vila-esperanca-em-oc-com-crack-e-maconha\/","name":"Pol\u00edcia prende traficante na Vila Esperan\u00e7a em OC com crack e maconha - R\u00e1dio Life FM","isPartOf":{"@id":"https:\/\/radiolifefm.com.br\/noticias\/#website"},"primaryImageOfPage":{"@id":"https:\/\/radiolifefm.com.br\/noticias\/policia-prende-traficante-na-vila-esperanca-em-oc-com-crack-e-maconha\/#primaryimage"},"image":{"@id":"https:\/\/radiolifefm.com.br\/noticias\/policia-prende-traficante-na-vila-esperanca-em-oc-com-crack-e-maconha\/#primaryimage"},"thumbnailUrl":"https:\/\/radiolifefm.com.br\/noticias\/wp-content\/uploads\/2019\/06\/Traficante-preso-na-Vila-Esperan\u00e7a.png","datePublished":"2019-06-24T12:29:23+00:00","dateModified":"2026-01-22T18:10:39+00:00","breadcrumb":{"@id":"https:\/\/radiolifefm.com.br\/noticias\/policia-prende-traficante-na-vila-esperanca-em-oc-com-crack-e-maconha\/#breadcrumb"},"inLanguage":"pt-BR","potentialAction":[{"@type":"ReadAction","target":["https:\/\/radiolifefm.com.br\/noticias\/policia-prende-traficante-na-vila-esperanca-em-oc-com-crack-e-maconha\/"]}]},{"@type":"ImageObject","inLanguage":"pt-BR","@id":"https:\/\/radiolifefm.com.br\/noticias\/policia-prende-traficante-na-vila-esperanca-em-oc-com-crack-e-maconha\/#primaryimage","url":"https:\/\/radiolifefm.com.br\/noticias\/wp-content\/uploads\/2019\/06\/Traficante-preso-na-Vila-Esperan\u00e7a.png","contentUrl":"https:\/\/radiolifefm.com.br\/noticias\/wp-content\/uploads\/2019\/06\/Traficante-preso-na-Vila-Esperan\u00e7a.png","width":421,"height":288,"caption":"Traficante foi preso e v\u00e1rias por\u00e7\u00f5es de drogas foram apreendidas novamente na Vila Esperan\u00e7a em Osvaldo Cruz - Foto - Pol\u00edcia - Cedida"},{"@type":"BreadcrumbList","@id":"https:\/\/radiolifefm.com.br\/noticias\/policia-prende-traficante-na-vila-esperanca-em-oc-com-crack-e-maconha\/#breadcrumb","itemListElement":[{"@type":"ListItem","position":1,"name":"In\u00edcio","item":"https:\/\/radiolifefm.com.br\/noticias\/"},{"@type":"ListItem","position":2,"name":"Pol\u00edcia prende traficante na Vila Esperan\u00e7a em OC com crack e maconha"}]},{"@type":"WebSite","@id":"https:\/\/radiolifefm.com.br\/noticias\/#website","url":"https:\/\/radiolifefm.com.br\/noticias\/","name":"R\u00e1dio Life FM","description":"O Portal de Not\u00edcias de Adamantina","publisher":{"@id":"https:\/\/radiolifefm.com.br\/noticias\/#organization"},"alternateName":"Life FM","potentialAction":[{"@type":"SearchAction","target":{"@type":"EntryPoint","urlTemplate":"https:\/\/radiolifefm.com.br\/noticias\/?s={search_term_string}"},"query-input":{"@type":"PropertyValueSpecification","valueRequired":true,"valueName":"search_term_string"}}],"inLanguage":"pt-BR"},{"@type":"Organization","@id":"https:\/\/radiolifefm.com.br\/noticias\/#organization","name":"R\u00e1dio Life FM","alternateName":"Life FM","url":"https:\/\/radiolifefm.com.br\/noticias\/","logo":{"@type":"ImageObject","inLanguage":"pt-BR","@id":"https:\/\/radiolifefm.com.br\/noticias\/#\/schema\/logo\/image\/","url":"https:\/\/static.radiolifefm.com.br\/noticias\/wp-content\/uploads\/2019\/10\/logo-lifefm.png","contentUrl":"https:\/\/static.radiolifefm.com.br\/noticias\/wp-content\/uploads\/2019\/10\/logo-lifefm.png","width":196,"height":47,"caption":"R\u00e1dio Life FM"},"image":{"@id":"https:\/\/radiolifefm.com.br\/noticias\/#\/schema\/logo\/image\/"},"sameAs":["https:\/\/www.facebook.com\/radiolifefm\/","https:\/\/www.instagram.com\/life1079fm\/"]},{"@type":"Person","@id":"https:\/\/radiolifefm.com.br\/noticias\/#\/schema\/person\/1d4e4b1301322090c6221bf1c8420490","name":"lifefm","image":{"@type":"ImageObject","inLanguage":"pt-BR","@id":"https:\/\/secure.gravatar.com\/avatar\/eca268467d925ec97d20641bb054fd944c0abb2f92854171620706bbe6474e7c?s=96&d=mm&r=g","url":"https:\/\/secure.gravatar.com\/avatar\/eca268467d925ec97d20641bb054fd944c0abb2f92854171620706bbe6474e7c?s=96&d=mm&r=g","contentUrl":"https:\/\/secure.gravatar.com\/avatar\/eca268467d925ec97d20641bb054fd944c0abb2f92854171620706bbe6474e7c?s=96&d=mm&r=g","caption":"lifefm"}}]}},"amp_enabled":true,"_links":{"self":[{"href":"https:\/\/radiolifefm.com.br\/noticias\/wp-json\/wp\/v2\/posts\/14243","targetHints":{"allow":["GET"]}}],"collection":[{"href":"https:\/\/radiolifefm.com.br\/noticias\/wp-json\/wp\/v2\/posts"}],"about":[{"href":"https:\/\/radiolifefm.com.br\/noticias\/wp-json\/wp\/v2\/types\/post"}],"author":[{"embeddable":true,"href":"https:\/\/radiolifefm.com.br\/noticias\/wp-json\/wp\/v2\/users\/3"}],"replies":[{"embeddable":true,"href":"https:\/\/radiolifefm.com.br\/noticias\/wp-json\/wp\/v2\/comments?post=14243"}],"version-history":[{"count":1,"href":"https:\/\/radiolifefm.com.br\/noticias\/wp-json\/wp\/v2\/posts\/14243\/revisions"}],"predecessor-version":[{"id":14245,"href":"https:\/\/radiolifefm.com.br\/noticias\/wp-json\/wp\/v2\/posts\/14243\/revisions\/14245"}],"wp:featuredmedia":[{"embeddable":true,"href":"https:\/\/radiolifefm.com.br\/noticias\/wp-json\/wp\/v2\/media\/14244"}],"wp:attachment":[{"href":"https:\/\/radiolifefm.com.br\/noticias\/wp-json\/wp\/v2\/media?parent=14243"}],"wp:term":[{"taxonomy":"category","embeddable":true,"href":"https:\/\/radiolifefm.com.br\/noticias\/wp-json\/wp\/v2\/categories?post=14243"},{"taxonomy":"post_tag","embeddable":true,"href":"https:\/\/radiolifefm.com.br\/noticias\/wp-json\/wp\/v2\/tags?post=14243"}],"curies":[{"name":"wp","href":"https:\/\/api.w.org\/{rel}","templated":true}]}}