{"id":14104,"date":"2019-06-16T13:05:23","date_gmt":"2019-06-16T16:05:23","guid":{"rendered":"https:\/\/radiolifefm.com.br\/noticias\/?p=14104"},"modified":"2026-04-24T07:15:23","modified_gmt":"2026-04-24T10:15:23","slug":"caminhao-tanque-com-dez-mil-litros-de-etanol-tomba-as-margens-de-corrego-em-panorama","status":"publish","type":"post","link":"https:\/\/radiolifefm.com.br\/noticias\/caminhao-tanque-com-dez-mil-litros-de-etanol-tomba-as-margens-de-corrego-em-panorama\/","title":{"rendered":"Caminh\u00e3o tanque com dez mil litros de etanol tomba \u00e0s margens de c\u00f3rrego em Panorama"},"content":{"rendered":"<div id=\"fb-root\"><\/div>\n<p>Um caminh\u00e3o-tanque carregado com cerca de dez mil litros de etanol, tombou, na tarde deste s\u00e1bado (15), na Rodovia Comandante Jo\u00e3o Ribeiro de Barros (SP-294), em Panorama.<\/p>\n<p>O acidente ocorreu \u00e0s margens do C\u00f3rrego das Marrecas, que des\u00e1gua no Rio Paran\u00e1, pr\u00f3ximo \u00e0 ponte que liga a rodovia ao trevo principal da cidade.<\/p>\n<p>Conforme o Corpo de Bombeiros, que foi acionado para o atendimento da ocorr\u00eancia, por volta das 16h30, o condutor, de 46 anos, transitava no sentido de Panorama, quando, ao passar pela ponte do C\u00f3rrego das Marrecas, ainda por motivos a serem esclarecidos, perdeu o controle da dire\u00e7\u00e3o e tombou o ve\u00edculo.<\/p>\n<p>Ainda conforme a corpora\u00e7\u00e3o, o condutor do caminh\u00e3o teve ferimentos leves e depois de socorrido, foi levado ao Pronto-socorro de Panorama para receber atendimento m\u00e9dico.<\/p>\n<p>De acordo com o Corpo de Bombeiros, como o caminh\u00e3o tanque estava carregado e houve o vazamento de combust\u00edvel, foi necess\u00e1rio a interdi\u00e7\u00e3o e o isolamento da \u00e1rea em torno de 300 metros, em ambos os sentidos da rodovia, no trecho afetado.<\/p>\n<div class='flex flex-wrap items-center -mx-1'>\r\n<a class='thumbnail gallery p-1 w-1\/2 md:w-1\/4' href='https:\/\/radiolifefm.com.br\/noticias\/wp-content\/uploads\/2019\/06\/Caminh\u00e3o-etanaol-1.jpg'><img class='border border-white' src='https:\/\/radiolifefm.com.br\/noticias\/wp-content\/uploads\/2019\/06\/Caminh\u00e3o-etanaol-1-200x200.jpg' alt='Caminh\u00e3o Etanaol   1' \/><\/a><a class='thumbnail gallery p-1 w-1\/2 md:w-1\/4' href='https:\/\/radiolifefm.com.br\/noticias\/wp-content\/uploads\/2019\/06\/Caminh\u00e3o-etanol-2.jpg'><img class='border border-white' src='https:\/\/radiolifefm.com.br\/noticias\/wp-content\/uploads\/2019\/06\/Caminh\u00e3o-etanol-2-200x200.jpg' alt='Caminh\u00e3o Etanol   2' \/><\/a><\/div>\n<p>FONTE: G1 Presidente Prudente<\/p>\n<p>Reda\u00e7\u00e3o &#8211; Kako de Oliveira<\/p>\n","protected":false},"excerpt":{"rendered":"<p>Um caminh\u00e3o-tanque carregado com cerca de dez mil litros de etanol, tombou, na tarde deste s\u00e1bado (15), na Rodovia Comandante Jo\u00e3o Ribeiro de Barros (SP-294), em Panorama. O acidente ocorreu \u00e0s margens do C\u00f3rrego das Marrecas, que des\u00e1gua no Rio Paran\u00e1, pr\u00f3ximo \u00e0 ponte que liga a rodovia ao trevo principal da cidade. Conforme o [&hellip;]<\/p>\n","protected":false},"author":3,"featured_media":14105,"comment_status":"closed","ping_status":"open","sticky":false,"template":"","format":"standard","meta":{"_acf_changed":false,"_exactmetrics_skip_tracking":false,"_exactmetrics_sitenote_active":false,"_exactmetrics_sitenote_note":"","_exactmetrics_sitenote_category":0,"footnotes":""},"categories":[24],"tags":[],"class_list":["post-14104","post","type-post","status-publish","format-standard","has-post-thumbnail","hentry","category-regiao"],"acf":[],"yoast_head":"<!-- This site is optimized with the Yoast SEO plugin v27.2 - https:\/\/yoast.com\/product\/yoast-seo-wordpress\/ -->\n<title>Caminh\u00e3o tanque com dez mil litros de etanol tomba \u00e0s margens de c\u00f3rrego em Panorama - R\u00e1dio Life FM<\/title>\n<meta name=\"robots\" content=\"index, follow, max-snippet:-1, max-image-preview:large, max-video-preview:-1\" \/>\n<link rel=\"canonical\" href=\"https:\/\/radiolifefm.com.br\/noticias\/caminhao-tanque-com-dez-mil-litros-de-etanol-tomba-as-margens-de-corrego-em-panorama\/\" \/>\n<meta property=\"og:locale\" content=\"pt_BR\" \/>\n<meta property=\"og:type\" content=\"article\" \/>\n<meta property=\"og:title\" content=\"Caminh\u00e3o tanque com dez mil litros de etanol tomba \u00e0s margens de c\u00f3rrego em Panorama - R\u00e1dio Life FM\" \/>\n<meta property=\"og:description\" content=\"Um caminh\u00e3o-tanque carregado com cerca de dez mil litros de etanol, tombou, na tarde deste s\u00e1bado (15), na Rodovia Comandante Jo\u00e3o Ribeiro de Barros (SP-294), em Panorama. O acidente ocorreu \u00e0s margens do C\u00f3rrego das Marrecas, que des\u00e1gua no Rio Paran\u00e1, pr\u00f3ximo \u00e0 ponte que liga a rodovia ao trevo principal da cidade. Conforme o [&hellip;]\" \/>\n<meta property=\"og:url\" content=\"https:\/\/radiolifefm.com.br\/noticias\/caminhao-tanque-com-dez-mil-litros-de-etanol-tomba-as-margens-de-corrego-em-panorama\/\" \/>\n<meta property=\"og:site_name\" content=\"R\u00e1dio Life FM\" \/>\n<meta property=\"article:publisher\" content=\"https:\/\/www.facebook.com\/radiolifefm\/\" \/>\n<meta property=\"article:published_time\" content=\"2019-06-16T16:05:23+00:00\" \/>\n<meta property=\"article:modified_time\" content=\"2026-04-24T10:15:23+00:00\" \/>\n<meta property=\"og:image\" content=\"https:\/\/radiolifefm.com.br\/noticias\/wp-content\/uploads\/2019\/06\/Caminh\u00e3o-etanol.jpg\" \/>\n\t<meta property=\"og:image:width\" content=\"870\" \/>\n\t<meta property=\"og:image:height\" content=\"522\" \/>\n\t<meta property=\"og:image:type\" content=\"image\/jpeg\" \/>\n<meta name=\"author\" content=\"lifefm\" \/>\n<meta name=\"twitter:card\" content=\"summary_large_image\" \/>\n<meta name=\"twitter:label1\" content=\"Escrito por\" \/>\n\t<meta name=\"twitter:data1\" content=\"lifefm\" \/>\n\t<meta name=\"twitter:label2\" content=\"Est. tempo de leitura\" \/>\n\t<meta name=\"twitter:data2\" content=\"1 minuto\" \/>\n<script type=\"application\/ld+json\" class=\"yoast-schema-graph\">{\"@context\":\"https:\/\/schema.org\",\"@graph\":[{\"@type\":\"Article\",\"@id\":\"https:\/\/radiolifefm.com.br\/noticias\/caminhao-tanque-com-dez-mil-litros-de-etanol-tomba-as-margens-de-corrego-em-panorama\/#article\",\"isPartOf\":{\"@id\":\"https:\/\/radiolifefm.com.br\/noticias\/caminhao-tanque-com-dez-mil-litros-de-etanol-tomba-as-margens-de-corrego-em-panorama\/\"},\"author\":{\"name\":\"lifefm\",\"@id\":\"https:\/\/radiolifefm.com.br\/noticias\/#\/schema\/person\/1d4e4b1301322090c6221bf1c8420490\"},\"headline\":\"Caminh\u00e3o tanque com dez mil litros de etanol tomba \u00e0s margens de c\u00f3rrego em Panorama\",\"datePublished\":\"2019-06-16T16:05:23+00:00\",\"dateModified\":\"2026-04-24T10:15:23+00:00\",\"mainEntityOfPage\":{\"@id\":\"https:\/\/radiolifefm.com.br\/noticias\/caminhao-tanque-com-dez-mil-litros-de-etanol-tomba-as-margens-de-corrego-em-panorama\/\"},\"wordCount\":213,\"publisher\":{\"@id\":\"https:\/\/radiolifefm.com.br\/noticias\/#organization\"},\"image\":{\"@id\":\"https:\/\/radiolifefm.com.br\/noticias\/caminhao-tanque-com-dez-mil-litros-de-etanol-tomba-as-margens-de-corrego-em-panorama\/#primaryimage\"},\"thumbnailUrl\":\"https:\/\/radiolifefm.com.br\/noticias\/wp-content\/uploads\/2019\/06\/Caminh\u00e3o-etanol.jpg\",\"articleSection\":[\"Regi\u00e3o\"],\"inLanguage\":\"pt-BR\"},{\"@type\":\"WebPage\",\"@id\":\"https:\/\/radiolifefm.com.br\/noticias\/caminhao-tanque-com-dez-mil-litros-de-etanol-tomba-as-margens-de-corrego-em-panorama\/\",\"url\":\"https:\/\/radiolifefm.com.br\/noticias\/caminhao-tanque-com-dez-mil-litros-de-etanol-tomba-as-margens-de-corrego-em-panorama\/\",\"name\":\"Caminh\u00e3o tanque com dez mil litros de etanol tomba \u00e0s margens de c\u00f3rrego em Panorama - R\u00e1dio Life FM\",\"isPartOf\":{\"@id\":\"https:\/\/radiolifefm.com.br\/noticias\/#website\"},\"primaryImageOfPage\":{\"@id\":\"https:\/\/radiolifefm.com.br\/noticias\/caminhao-tanque-com-dez-mil-litros-de-etanol-tomba-as-margens-de-corrego-em-panorama\/#primaryimage\"},\"image\":{\"@id\":\"https:\/\/radiolifefm.com.br\/noticias\/caminhao-tanque-com-dez-mil-litros-de-etanol-tomba-as-margens-de-corrego-em-panorama\/#primaryimage\"},\"thumbnailUrl\":\"https:\/\/radiolifefm.com.br\/noticias\/wp-content\/uploads\/2019\/06\/Caminh\u00e3o-etanol.jpg\",\"datePublished\":\"2019-06-16T16:05:23+00:00\",\"dateModified\":\"2026-04-24T10:15:23+00:00\",\"breadcrumb\":{\"@id\":\"https:\/\/radiolifefm.com.br\/noticias\/caminhao-tanque-com-dez-mil-litros-de-etanol-tomba-as-margens-de-corrego-em-panorama\/#breadcrumb\"},\"inLanguage\":\"pt-BR\",\"potentialAction\":[{\"@type\":\"ReadAction\",\"target\":[\"https:\/\/radiolifefm.com.br\/noticias\/caminhao-tanque-com-dez-mil-litros-de-etanol-tomba-as-margens-de-corrego-em-panorama\/\"]}]},{\"@type\":\"ImageObject\",\"inLanguage\":\"pt-BR\",\"@id\":\"https:\/\/radiolifefm.com.br\/noticias\/caminhao-tanque-com-dez-mil-litros-de-etanol-tomba-as-margens-de-corrego-em-panorama\/#primaryimage\",\"url\":\"https:\/\/radiolifefm.com.br\/noticias\/wp-content\/uploads\/2019\/06\/Caminh\u00e3o-etanol.jpg\",\"contentUrl\":\"https:\/\/radiolifefm.com.br\/noticias\/wp-content\/uploads\/2019\/06\/Caminh\u00e3o-etanol.jpg\",\"width\":870,\"height\":522,\"caption\":\"Caminh\u00e3o carregado de etanol tomba e provoca vazamento\"},{\"@type\":\"BreadcrumbList\",\"@id\":\"https:\/\/radiolifefm.com.br\/noticias\/caminhao-tanque-com-dez-mil-litros-de-etanol-tomba-as-margens-de-corrego-em-panorama\/#breadcrumb\",\"itemListElement\":[{\"@type\":\"ListItem\",\"position\":1,\"name\":\"In\u00edcio\",\"item\":\"https:\/\/radiolifefm.com.br\/noticias\/\"},{\"@type\":\"ListItem\",\"position\":2,\"name\":\"Caminh\u00e3o tanque com dez mil litros de etanol tomba \u00e0s margens de c\u00f3rrego em Panorama\"}]},{\"@type\":\"WebSite\",\"@id\":\"https:\/\/radiolifefm.com.br\/noticias\/#website\",\"url\":\"https:\/\/radiolifefm.com.br\/noticias\/\",\"name\":\"R\u00e1dio Life FM\",\"description\":\"O Portal de Not\u00edcias de Adamantina\",\"publisher\":{\"@id\":\"https:\/\/radiolifefm.com.br\/noticias\/#organization\"},\"alternateName\":\"Life FM\",\"potentialAction\":[{\"@type\":\"SearchAction\",\"target\":{\"@type\":\"EntryPoint\",\"urlTemplate\":\"https:\/\/radiolifefm.com.br\/noticias\/?s={search_term_string}\"},\"query-input\":{\"@type\":\"PropertyValueSpecification\",\"valueRequired\":true,\"valueName\":\"search_term_string\"}}],\"inLanguage\":\"pt-BR\"},{\"@type\":\"Organization\",\"@id\":\"https:\/\/radiolifefm.com.br\/noticias\/#organization\",\"name\":\"R\u00e1dio Life FM\",\"alternateName\":\"Life FM\",\"url\":\"https:\/\/radiolifefm.com.br\/noticias\/\",\"logo\":{\"@type\":\"ImageObject\",\"inLanguage\":\"pt-BR\",\"@id\":\"https:\/\/radiolifefm.com.br\/noticias\/#\/schema\/logo\/image\/\",\"url\":\"https:\/\/static.radiolifefm.com.br\/noticias\/wp-content\/uploads\/2019\/10\/logo-lifefm.png\",\"contentUrl\":\"https:\/\/static.radiolifefm.com.br\/noticias\/wp-content\/uploads\/2019\/10\/logo-lifefm.png\",\"width\":196,\"height\":47,\"caption\":\"R\u00e1dio Life FM\"},\"image\":{\"@id\":\"https:\/\/radiolifefm.com.br\/noticias\/#\/schema\/logo\/image\/\"},\"sameAs\":[\"https:\/\/www.facebook.com\/radiolifefm\/\",\"https:\/\/www.instagram.com\/life1079fm\/\"]},{\"@type\":\"Person\",\"@id\":\"https:\/\/radiolifefm.com.br\/noticias\/#\/schema\/person\/1d4e4b1301322090c6221bf1c8420490\",\"name\":\"lifefm\",\"image\":{\"@type\":\"ImageObject\",\"inLanguage\":\"pt-BR\",\"@id\":\"https:\/\/secure.gravatar.com\/avatar\/eca268467d925ec97d20641bb054fd944c0abb2f92854171620706bbe6474e7c?s=96&d=mm&r=g\",\"url\":\"https:\/\/secure.gravatar.com\/avatar\/eca268467d925ec97d20641bb054fd944c0abb2f92854171620706bbe6474e7c?s=96&d=mm&r=g\",\"contentUrl\":\"https:\/\/secure.gravatar.com\/avatar\/eca268467d925ec97d20641bb054fd944c0abb2f92854171620706bbe6474e7c?s=96&d=mm&r=g\",\"caption\":\"lifefm\"}}]}<\/script>\n<!-- \/ Yoast SEO plugin. -->","yoast_head_json":{"title":"Caminh\u00e3o tanque com dez mil litros de etanol tomba \u00e0s margens de c\u00f3rrego em Panorama - R\u00e1dio Life FM","robots":{"index":"index","follow":"follow","max-snippet":"max-snippet:-1","max-image-preview":"max-image-preview:large","max-video-preview":"max-video-preview:-1"},"canonical":"https:\/\/radiolifefm.com.br\/noticias\/caminhao-tanque-com-dez-mil-litros-de-etanol-tomba-as-margens-de-corrego-em-panorama\/","og_locale":"pt_BR","og_type":"article","og_title":"Caminh\u00e3o tanque com dez mil litros de etanol tomba \u00e0s margens de c\u00f3rrego em Panorama - R\u00e1dio Life FM","og_description":"Um caminh\u00e3o-tanque carregado com cerca de dez mil litros de etanol, tombou, na tarde deste s\u00e1bado (15), na Rodovia Comandante Jo\u00e3o Ribeiro de Barros (SP-294), em Panorama. O acidente ocorreu \u00e0s margens do C\u00f3rrego das Marrecas, que des\u00e1gua no Rio Paran\u00e1, pr\u00f3ximo \u00e0 ponte que liga a rodovia ao trevo principal da cidade. Conforme o [&hellip;]","og_url":"https:\/\/radiolifefm.com.br\/noticias\/caminhao-tanque-com-dez-mil-litros-de-etanol-tomba-as-margens-de-corrego-em-panorama\/","og_site_name":"R\u00e1dio Life FM","article_publisher":"https:\/\/www.facebook.com\/radiolifefm\/","article_published_time":"2019-06-16T16:05:23+00:00","article_modified_time":"2026-04-24T10:15:23+00:00","og_image":[{"width":870,"height":522,"url":"https:\/\/radiolifefm.com.br\/noticias\/wp-content\/uploads\/2019\/06\/Caminh\u00e3o-etanol.jpg","type":"image\/jpeg"}],"author":"lifefm","twitter_card":"summary_large_image","twitter_misc":{"Escrito por":"lifefm","Est. tempo de leitura":"1 minuto"},"schema":{"@context":"https:\/\/schema.org","@graph":[{"@type":"Article","@id":"https:\/\/radiolifefm.com.br\/noticias\/caminhao-tanque-com-dez-mil-litros-de-etanol-tomba-as-margens-de-corrego-em-panorama\/#article","isPartOf":{"@id":"https:\/\/radiolifefm.com.br\/noticias\/caminhao-tanque-com-dez-mil-litros-de-etanol-tomba-as-margens-de-corrego-em-panorama\/"},"author":{"name":"lifefm","@id":"https:\/\/radiolifefm.com.br\/noticias\/#\/schema\/person\/1d4e4b1301322090c6221bf1c8420490"},"headline":"Caminh\u00e3o tanque com dez mil litros de etanol tomba \u00e0s margens de c\u00f3rrego em Panorama","datePublished":"2019-06-16T16:05:23+00:00","dateModified":"2026-04-24T10:15:23+00:00","mainEntityOfPage":{"@id":"https:\/\/radiolifefm.com.br\/noticias\/caminhao-tanque-com-dez-mil-litros-de-etanol-tomba-as-margens-de-corrego-em-panorama\/"},"wordCount":213,"publisher":{"@id":"https:\/\/radiolifefm.com.br\/noticias\/#organization"},"image":{"@id":"https:\/\/radiolifefm.com.br\/noticias\/caminhao-tanque-com-dez-mil-litros-de-etanol-tomba-as-margens-de-corrego-em-panorama\/#primaryimage"},"thumbnailUrl":"https:\/\/radiolifefm.com.br\/noticias\/wp-content\/uploads\/2019\/06\/Caminh\u00e3o-etanol.jpg","articleSection":["Regi\u00e3o"],"inLanguage":"pt-BR"},{"@type":"WebPage","@id":"https:\/\/radiolifefm.com.br\/noticias\/caminhao-tanque-com-dez-mil-litros-de-etanol-tomba-as-margens-de-corrego-em-panorama\/","url":"https:\/\/radiolifefm.com.br\/noticias\/caminhao-tanque-com-dez-mil-litros-de-etanol-tomba-as-margens-de-corrego-em-panorama\/","name":"Caminh\u00e3o tanque com dez mil litros de etanol tomba \u00e0s margens de c\u00f3rrego em Panorama - R\u00e1dio Life FM","isPartOf":{"@id":"https:\/\/radiolifefm.com.br\/noticias\/#website"},"primaryImageOfPage":{"@id":"https:\/\/radiolifefm.com.br\/noticias\/caminhao-tanque-com-dez-mil-litros-de-etanol-tomba-as-margens-de-corrego-em-panorama\/#primaryimage"},"image":{"@id":"https:\/\/radiolifefm.com.br\/noticias\/caminhao-tanque-com-dez-mil-litros-de-etanol-tomba-as-margens-de-corrego-em-panorama\/#primaryimage"},"thumbnailUrl":"https:\/\/radiolifefm.com.br\/noticias\/wp-content\/uploads\/2019\/06\/Caminh\u00e3o-etanol.jpg","datePublished":"2019-06-16T16:05:23+00:00","dateModified":"2026-04-24T10:15:23+00:00","breadcrumb":{"@id":"https:\/\/radiolifefm.com.br\/noticias\/caminhao-tanque-com-dez-mil-litros-de-etanol-tomba-as-margens-de-corrego-em-panorama\/#breadcrumb"},"inLanguage":"pt-BR","potentialAction":[{"@type":"ReadAction","target":["https:\/\/radiolifefm.com.br\/noticias\/caminhao-tanque-com-dez-mil-litros-de-etanol-tomba-as-margens-de-corrego-em-panorama\/"]}]},{"@type":"ImageObject","inLanguage":"pt-BR","@id":"https:\/\/radiolifefm.com.br\/noticias\/caminhao-tanque-com-dez-mil-litros-de-etanol-tomba-as-margens-de-corrego-em-panorama\/#primaryimage","url":"https:\/\/radiolifefm.com.br\/noticias\/wp-content\/uploads\/2019\/06\/Caminh\u00e3o-etanol.jpg","contentUrl":"https:\/\/radiolifefm.com.br\/noticias\/wp-content\/uploads\/2019\/06\/Caminh\u00e3o-etanol.jpg","width":870,"height":522,"caption":"Caminh\u00e3o carregado de etanol tomba e provoca vazamento"},{"@type":"BreadcrumbList","@id":"https:\/\/radiolifefm.com.br\/noticias\/caminhao-tanque-com-dez-mil-litros-de-etanol-tomba-as-margens-de-corrego-em-panorama\/#breadcrumb","itemListElement":[{"@type":"ListItem","position":1,"name":"In\u00edcio","item":"https:\/\/radiolifefm.com.br\/noticias\/"},{"@type":"ListItem","position":2,"name":"Caminh\u00e3o tanque com dez mil litros de etanol tomba \u00e0s margens de c\u00f3rrego em Panorama"}]},{"@type":"WebSite","@id":"https:\/\/radiolifefm.com.br\/noticias\/#website","url":"https:\/\/radiolifefm.com.br\/noticias\/","name":"R\u00e1dio Life FM","description":"O Portal de Not\u00edcias de Adamantina","publisher":{"@id":"https:\/\/radiolifefm.com.br\/noticias\/#organization"},"alternateName":"Life FM","potentialAction":[{"@type":"SearchAction","target":{"@type":"EntryPoint","urlTemplate":"https:\/\/radiolifefm.com.br\/noticias\/?s={search_term_string}"},"query-input":{"@type":"PropertyValueSpecification","valueRequired":true,"valueName":"search_term_string"}}],"inLanguage":"pt-BR"},{"@type":"Organization","@id":"https:\/\/radiolifefm.com.br\/noticias\/#organization","name":"R\u00e1dio Life FM","alternateName":"Life FM","url":"https:\/\/radiolifefm.com.br\/noticias\/","logo":{"@type":"ImageObject","inLanguage":"pt-BR","@id":"https:\/\/radiolifefm.com.br\/noticias\/#\/schema\/logo\/image\/","url":"https:\/\/static.radiolifefm.com.br\/noticias\/wp-content\/uploads\/2019\/10\/logo-lifefm.png","contentUrl":"https:\/\/static.radiolifefm.com.br\/noticias\/wp-content\/uploads\/2019\/10\/logo-lifefm.png","width":196,"height":47,"caption":"R\u00e1dio Life FM"},"image":{"@id":"https:\/\/radiolifefm.com.br\/noticias\/#\/schema\/logo\/image\/"},"sameAs":["https:\/\/www.facebook.com\/radiolifefm\/","https:\/\/www.instagram.com\/life1079fm\/"]},{"@type":"Person","@id":"https:\/\/radiolifefm.com.br\/noticias\/#\/schema\/person\/1d4e4b1301322090c6221bf1c8420490","name":"lifefm","image":{"@type":"ImageObject","inLanguage":"pt-BR","@id":"https:\/\/secure.gravatar.com\/avatar\/eca268467d925ec97d20641bb054fd944c0abb2f92854171620706bbe6474e7c?s=96&d=mm&r=g","url":"https:\/\/secure.gravatar.com\/avatar\/eca268467d925ec97d20641bb054fd944c0abb2f92854171620706bbe6474e7c?s=96&d=mm&r=g","contentUrl":"https:\/\/secure.gravatar.com\/avatar\/eca268467d925ec97d20641bb054fd944c0abb2f92854171620706bbe6474e7c?s=96&d=mm&r=g","caption":"lifefm"}}]}},"amp_enabled":true,"_links":{"self":[{"href":"https:\/\/radiolifefm.com.br\/noticias\/wp-json\/wp\/v2\/posts\/14104","targetHints":{"allow":["GET"]}}],"collection":[{"href":"https:\/\/radiolifefm.com.br\/noticias\/wp-json\/wp\/v2\/posts"}],"about":[{"href":"https:\/\/radiolifefm.com.br\/noticias\/wp-json\/wp\/v2\/types\/post"}],"author":[{"embeddable":true,"href":"https:\/\/radiolifefm.com.br\/noticias\/wp-json\/wp\/v2\/users\/3"}],"replies":[{"embeddable":true,"href":"https:\/\/radiolifefm.com.br\/noticias\/wp-json\/wp\/v2\/comments?post=14104"}],"version-history":[{"count":1,"href":"https:\/\/radiolifefm.com.br\/noticias\/wp-json\/wp\/v2\/posts\/14104\/revisions"}],"predecessor-version":[{"id":14108,"href":"https:\/\/radiolifefm.com.br\/noticias\/wp-json\/wp\/v2\/posts\/14104\/revisions\/14108"}],"wp:featuredmedia":[{"embeddable":true,"href":"https:\/\/radiolifefm.com.br\/noticias\/wp-json\/wp\/v2\/media\/14105"}],"wp:attachment":[{"href":"https:\/\/radiolifefm.com.br\/noticias\/wp-json\/wp\/v2\/media?parent=14104"}],"wp:term":[{"taxonomy":"category","embeddable":true,"href":"https:\/\/radiolifefm.com.br\/noticias\/wp-json\/wp\/v2\/categories?post=14104"},{"taxonomy":"post_tag","embeddable":true,"href":"https:\/\/radiolifefm.com.br\/noticias\/wp-json\/wp\/v2\/tags?post=14104"}],"curies":[{"name":"wp","href":"https:\/\/api.w.org\/{rel}","templated":true}]}}