{"id":14097,"date":"2019-06-16T12:50:24","date_gmt":"2019-06-16T15:50:24","guid":{"rendered":"https:\/\/radiolifefm.com.br\/noticias\/?p=14097"},"modified":"2026-04-12T23:03:32","modified_gmt":"2026-04-13T02:03:32","slug":"motorista-e-flagrado-dirigindo-com-habilitacao-falsa-pela-rodovia-julio-budiski","status":"publish","type":"post","link":"https:\/\/radiolifefm.com.br\/noticias\/motorista-e-flagrado-dirigindo-com-habilitacao-falsa-pela-rodovia-julio-budiski\/","title":{"rendered":"Motorista \u00e9 flagrado dirigindo com habilita\u00e7\u00e3o falsa pela Rodovia J\u00falio Budiski"},"content":{"rendered":"<div id=\"fb-root\"><\/div>\n<p>Durante a\u00e7\u00e3o fiscalizadora de tr\u00e2nsito, visando o combate de il\u00edcitos administrativos e penais, a Pol\u00edcia Militar Rodovi\u00e1ria prendeu em flagrante, 01 homem, N.J.S., auxiliar geral, 48 anos, onde, ao abordar o ve\u00edculo FORD\/F-1000, com placas de Presidente Prudente, conduzido pelo Indiciado, foi verificado que a CNH apresentada, continha ind\u00edcios de falsifica\u00e7\u00e3o, gerando d\u00favida quanto a sua autenticidade.<\/p>\n<p>Diante dos fatos, foi realizado consulta junto aos terminais, onde foi constatado que o Indiciado n\u00e3o era habilitado.<\/p>\n<p>Em entrevista, o condutor do ve\u00edculo, N.J.S., afirmou que havia adquirido a CNH na Cidade de Bataguassu\/MS, h\u00e1 aproximadamente 06 anos, pagando a import\u00e2ncia de R$ 1.200,00.<\/p>\n<p>O indiciado foi conduzido a Delegacia Participativa de Presidente Prudente, onde permaneceu recolhido ao c\u00e1rcere local, \u00e0 disposi\u00e7\u00e3o da justi\u00e7a, onde aguardar\u00e1 audi\u00eancia de cust\u00f3dia e para posterior envio \u00e0 unidade prisional.<\/p>\n<div class='flex flex-wrap items-center -mx-1'>\r\n<a class='thumbnail gallery p-1 w-1\/2 md:w-1\/4' href='https:\/\/radiolifefm.com.br\/noticias\/wp-content\/uploads\/2019\/06\/CNH-falsa.jpg'><img class='border border-white' src='https:\/\/radiolifefm.com.br\/noticias\/wp-content\/uploads\/2019\/06\/CNH-falsa-200x200.jpg' alt='CNH Falsa' \/><\/a><\/div>\n<p>Informa\u00e7\u00f5es &#8211; Pol\u00edcia Militar<\/p>\n<p>Reda\u00e7\u00e3o &#8211; Kako de Oliveira<\/p>\n","protected":false},"excerpt":{"rendered":"<p>Durante a\u00e7\u00e3o fiscalizadora de tr\u00e2nsito, visando o combate de il\u00edcitos administrativos e penais, a Pol\u00edcia Militar Rodovi\u00e1ria prendeu em flagrante, 01 homem, N.J.S., auxiliar geral, 48 anos, onde, ao abordar o ve\u00edculo FORD\/F-1000, com placas de Presidente Prudente, conduzido pelo Indiciado, foi verificado que a CNH apresentada, continha ind\u00edcios de falsifica\u00e7\u00e3o, gerando d\u00favida quanto a [&hellip;]<\/p>\n","protected":false},"author":3,"featured_media":14099,"comment_status":"closed","ping_status":"open","sticky":false,"template":"","format":"standard","meta":{"_acf_changed":false,"_exactmetrics_skip_tracking":false,"_exactmetrics_sitenote_active":false,"_exactmetrics_sitenote_note":"","_exactmetrics_sitenote_category":0,"footnotes":""},"categories":[24],"tags":[],"class_list":["post-14097","post","type-post","status-publish","format-standard","has-post-thumbnail","hentry","category-regiao"],"acf":[],"yoast_head":"<!-- This site is optimized with the Yoast SEO plugin v27.2 - https:\/\/yoast.com\/product\/yoast-seo-wordpress\/ -->\n<title>Motorista \u00e9 flagrado dirigindo com habilita\u00e7\u00e3o falsa pela Rodovia J\u00falio Budiski - R\u00e1dio Life FM<\/title>\n<meta name=\"robots\" content=\"index, follow, max-snippet:-1, max-image-preview:large, max-video-preview:-1\" \/>\n<link rel=\"canonical\" href=\"https:\/\/radiolifefm.com.br\/noticias\/motorista-e-flagrado-dirigindo-com-habilitacao-falsa-pela-rodovia-julio-budiski\/\" \/>\n<meta property=\"og:locale\" content=\"pt_BR\" \/>\n<meta property=\"og:type\" content=\"article\" \/>\n<meta property=\"og:title\" content=\"Motorista \u00e9 flagrado dirigindo com habilita\u00e7\u00e3o falsa pela Rodovia J\u00falio Budiski - R\u00e1dio Life FM\" \/>\n<meta property=\"og:description\" content=\"Durante a\u00e7\u00e3o fiscalizadora de tr\u00e2nsito, visando o combate de il\u00edcitos administrativos e penais, a Pol\u00edcia Militar Rodovi\u00e1ria prendeu em flagrante, 01 homem, N.J.S., auxiliar geral, 48 anos, onde, ao abordar o ve\u00edculo FORD\/F-1000, com placas de Presidente Prudente, conduzido pelo Indiciado, foi verificado que a CNH apresentada, continha ind\u00edcios de falsifica\u00e7\u00e3o, gerando d\u00favida quanto a [&hellip;]\" \/>\n<meta property=\"og:url\" content=\"https:\/\/radiolifefm.com.br\/noticias\/motorista-e-flagrado-dirigindo-com-habilitacao-falsa-pela-rodovia-julio-budiski\/\" \/>\n<meta property=\"og:site_name\" content=\"R\u00e1dio Life FM\" \/>\n<meta property=\"article:publisher\" content=\"https:\/\/www.facebook.com\/radiolifefm\/\" \/>\n<meta property=\"article:published_time\" content=\"2019-06-16T15:50:24+00:00\" \/>\n<meta property=\"article:modified_time\" content=\"2026-04-13T02:03:32+00:00\" \/>\n<meta property=\"og:image\" content=\"https:\/\/radiolifefm.com.br\/noticias\/wp-content\/uploads\/2019\/06\/CNH-falsa-1.jpg\" \/>\n\t<meta property=\"og:image:width\" content=\"1032\" \/>\n\t<meta property=\"og:image:height\" content=\"581\" \/>\n\t<meta property=\"og:image:type\" content=\"image\/jpeg\" \/>\n<meta name=\"author\" content=\"lifefm\" \/>\n<meta name=\"twitter:card\" content=\"summary_large_image\" \/>\n<meta name=\"twitter:label1\" content=\"Escrito por\" \/>\n\t<meta name=\"twitter:data1\" content=\"lifefm\" \/>\n\t<meta name=\"twitter:label2\" content=\"Est. tempo de leitura\" \/>\n\t<meta name=\"twitter:data2\" content=\"1 minuto\" \/>\n<script type=\"application\/ld+json\" class=\"yoast-schema-graph\">{\"@context\":\"https:\/\/schema.org\",\"@graph\":[{\"@type\":\"Article\",\"@id\":\"https:\/\/radiolifefm.com.br\/noticias\/motorista-e-flagrado-dirigindo-com-habilitacao-falsa-pela-rodovia-julio-budiski\/#article\",\"isPartOf\":{\"@id\":\"https:\/\/radiolifefm.com.br\/noticias\/motorista-e-flagrado-dirigindo-com-habilitacao-falsa-pela-rodovia-julio-budiski\/\"},\"author\":{\"name\":\"lifefm\",\"@id\":\"https:\/\/radiolifefm.com.br\/noticias\/#\/schema\/person\/1d4e4b1301322090c6221bf1c8420490\"},\"headline\":\"Motorista \u00e9 flagrado dirigindo com habilita\u00e7\u00e3o falsa pela Rodovia J\u00falio Budiski\",\"datePublished\":\"2019-06-16T15:50:24+00:00\",\"dateModified\":\"2026-04-13T02:03:32+00:00\",\"mainEntityOfPage\":{\"@id\":\"https:\/\/radiolifefm.com.br\/noticias\/motorista-e-flagrado-dirigindo-com-habilitacao-falsa-pela-rodovia-julio-budiski\/\"},\"wordCount\":177,\"publisher\":{\"@id\":\"https:\/\/radiolifefm.com.br\/noticias\/#organization\"},\"image\":{\"@id\":\"https:\/\/radiolifefm.com.br\/noticias\/motorista-e-flagrado-dirigindo-com-habilitacao-falsa-pela-rodovia-julio-budiski\/#primaryimage\"},\"thumbnailUrl\":\"https:\/\/radiolifefm.com.br\/noticias\/wp-content\/uploads\/2019\/06\/CNH-falsa-1.jpg\",\"articleSection\":[\"Regi\u00e3o\"],\"inLanguage\":\"pt-BR\"},{\"@type\":\"WebPage\",\"@id\":\"https:\/\/radiolifefm.com.br\/noticias\/motorista-e-flagrado-dirigindo-com-habilitacao-falsa-pela-rodovia-julio-budiski\/\",\"url\":\"https:\/\/radiolifefm.com.br\/noticias\/motorista-e-flagrado-dirigindo-com-habilitacao-falsa-pela-rodovia-julio-budiski\/\",\"name\":\"Motorista \u00e9 flagrado dirigindo com habilita\u00e7\u00e3o falsa pela Rodovia J\u00falio Budiski - R\u00e1dio Life FM\",\"isPartOf\":{\"@id\":\"https:\/\/radiolifefm.com.br\/noticias\/#website\"},\"primaryImageOfPage\":{\"@id\":\"https:\/\/radiolifefm.com.br\/noticias\/motorista-e-flagrado-dirigindo-com-habilitacao-falsa-pela-rodovia-julio-budiski\/#primaryimage\"},\"image\":{\"@id\":\"https:\/\/radiolifefm.com.br\/noticias\/motorista-e-flagrado-dirigindo-com-habilitacao-falsa-pela-rodovia-julio-budiski\/#primaryimage\"},\"thumbnailUrl\":\"https:\/\/radiolifefm.com.br\/noticias\/wp-content\/uploads\/2019\/06\/CNH-falsa-1.jpg\",\"datePublished\":\"2019-06-16T15:50:24+00:00\",\"dateModified\":\"2026-04-13T02:03:32+00:00\",\"breadcrumb\":{\"@id\":\"https:\/\/radiolifefm.com.br\/noticias\/motorista-e-flagrado-dirigindo-com-habilitacao-falsa-pela-rodovia-julio-budiski\/#breadcrumb\"},\"inLanguage\":\"pt-BR\",\"potentialAction\":[{\"@type\":\"ReadAction\",\"target\":[\"https:\/\/radiolifefm.com.br\/noticias\/motorista-e-flagrado-dirigindo-com-habilitacao-falsa-pela-rodovia-julio-budiski\/\"]}]},{\"@type\":\"ImageObject\",\"inLanguage\":\"pt-BR\",\"@id\":\"https:\/\/radiolifefm.com.br\/noticias\/motorista-e-flagrado-dirigindo-com-habilitacao-falsa-pela-rodovia-julio-budiski\/#primaryimage\",\"url\":\"https:\/\/radiolifefm.com.br\/noticias\/wp-content\/uploads\/2019\/06\/CNH-falsa-1.jpg\",\"contentUrl\":\"https:\/\/radiolifefm.com.br\/noticias\/wp-content\/uploads\/2019\/06\/CNH-falsa-1.jpg\",\"width\":1032,\"height\":581,\"caption\":\"Condutor detido por dirigir ve\u00edculo portando CNH falsa - Foto - Pol\u00edcia\/Cedida\"},{\"@type\":\"BreadcrumbList\",\"@id\":\"https:\/\/radiolifefm.com.br\/noticias\/motorista-e-flagrado-dirigindo-com-habilitacao-falsa-pela-rodovia-julio-budiski\/#breadcrumb\",\"itemListElement\":[{\"@type\":\"ListItem\",\"position\":1,\"name\":\"In\u00edcio\",\"item\":\"https:\/\/radiolifefm.com.br\/noticias\/\"},{\"@type\":\"ListItem\",\"position\":2,\"name\":\"Motorista \u00e9 flagrado dirigindo com habilita\u00e7\u00e3o falsa pela Rodovia J\u00falio Budiski\"}]},{\"@type\":\"WebSite\",\"@id\":\"https:\/\/radiolifefm.com.br\/noticias\/#website\",\"url\":\"https:\/\/radiolifefm.com.br\/noticias\/\",\"name\":\"R\u00e1dio Life FM\",\"description\":\"O Portal de Not\u00edcias de Adamantina\",\"publisher\":{\"@id\":\"https:\/\/radiolifefm.com.br\/noticias\/#organization\"},\"alternateName\":\"Life FM\",\"potentialAction\":[{\"@type\":\"SearchAction\",\"target\":{\"@type\":\"EntryPoint\",\"urlTemplate\":\"https:\/\/radiolifefm.com.br\/noticias\/?s={search_term_string}\"},\"query-input\":{\"@type\":\"PropertyValueSpecification\",\"valueRequired\":true,\"valueName\":\"search_term_string\"}}],\"inLanguage\":\"pt-BR\"},{\"@type\":\"Organization\",\"@id\":\"https:\/\/radiolifefm.com.br\/noticias\/#organization\",\"name\":\"R\u00e1dio Life FM\",\"alternateName\":\"Life FM\",\"url\":\"https:\/\/radiolifefm.com.br\/noticias\/\",\"logo\":{\"@type\":\"ImageObject\",\"inLanguage\":\"pt-BR\",\"@id\":\"https:\/\/radiolifefm.com.br\/noticias\/#\/schema\/logo\/image\/\",\"url\":\"https:\/\/static.radiolifefm.com.br\/noticias\/wp-content\/uploads\/2019\/10\/logo-lifefm.png\",\"contentUrl\":\"https:\/\/static.radiolifefm.com.br\/noticias\/wp-content\/uploads\/2019\/10\/logo-lifefm.png\",\"width\":196,\"height\":47,\"caption\":\"R\u00e1dio Life FM\"},\"image\":{\"@id\":\"https:\/\/radiolifefm.com.br\/noticias\/#\/schema\/logo\/image\/\"},\"sameAs\":[\"https:\/\/www.facebook.com\/radiolifefm\/\",\"https:\/\/www.instagram.com\/life1079fm\/\"]},{\"@type\":\"Person\",\"@id\":\"https:\/\/radiolifefm.com.br\/noticias\/#\/schema\/person\/1d4e4b1301322090c6221bf1c8420490\",\"name\":\"lifefm\",\"image\":{\"@type\":\"ImageObject\",\"inLanguage\":\"pt-BR\",\"@id\":\"https:\/\/secure.gravatar.com\/avatar\/eca268467d925ec97d20641bb054fd944c0abb2f92854171620706bbe6474e7c?s=96&d=mm&r=g\",\"url\":\"https:\/\/secure.gravatar.com\/avatar\/eca268467d925ec97d20641bb054fd944c0abb2f92854171620706bbe6474e7c?s=96&d=mm&r=g\",\"contentUrl\":\"https:\/\/secure.gravatar.com\/avatar\/eca268467d925ec97d20641bb054fd944c0abb2f92854171620706bbe6474e7c?s=96&d=mm&r=g\",\"caption\":\"lifefm\"}}]}<\/script>\n<!-- \/ Yoast SEO plugin. -->","yoast_head_json":{"title":"Motorista \u00e9 flagrado dirigindo com habilita\u00e7\u00e3o falsa pela Rodovia J\u00falio Budiski - R\u00e1dio Life FM","robots":{"index":"index","follow":"follow","max-snippet":"max-snippet:-1","max-image-preview":"max-image-preview:large","max-video-preview":"max-video-preview:-1"},"canonical":"https:\/\/radiolifefm.com.br\/noticias\/motorista-e-flagrado-dirigindo-com-habilitacao-falsa-pela-rodovia-julio-budiski\/","og_locale":"pt_BR","og_type":"article","og_title":"Motorista \u00e9 flagrado dirigindo com habilita\u00e7\u00e3o falsa pela Rodovia J\u00falio Budiski - R\u00e1dio Life FM","og_description":"Durante a\u00e7\u00e3o fiscalizadora de tr\u00e2nsito, visando o combate de il\u00edcitos administrativos e penais, a Pol\u00edcia Militar Rodovi\u00e1ria prendeu em flagrante, 01 homem, N.J.S., auxiliar geral, 48 anos, onde, ao abordar o ve\u00edculo FORD\/F-1000, com placas de Presidente Prudente, conduzido pelo Indiciado, foi verificado que a CNH apresentada, continha ind\u00edcios de falsifica\u00e7\u00e3o, gerando d\u00favida quanto a [&hellip;]","og_url":"https:\/\/radiolifefm.com.br\/noticias\/motorista-e-flagrado-dirigindo-com-habilitacao-falsa-pela-rodovia-julio-budiski\/","og_site_name":"R\u00e1dio Life FM","article_publisher":"https:\/\/www.facebook.com\/radiolifefm\/","article_published_time":"2019-06-16T15:50:24+00:00","article_modified_time":"2026-04-13T02:03:32+00:00","og_image":[{"width":1032,"height":581,"url":"https:\/\/radiolifefm.com.br\/noticias\/wp-content\/uploads\/2019\/06\/CNH-falsa-1.jpg","type":"image\/jpeg"}],"author":"lifefm","twitter_card":"summary_large_image","twitter_misc":{"Escrito por":"lifefm","Est. tempo de leitura":"1 minuto"},"schema":{"@context":"https:\/\/schema.org","@graph":[{"@type":"Article","@id":"https:\/\/radiolifefm.com.br\/noticias\/motorista-e-flagrado-dirigindo-com-habilitacao-falsa-pela-rodovia-julio-budiski\/#article","isPartOf":{"@id":"https:\/\/radiolifefm.com.br\/noticias\/motorista-e-flagrado-dirigindo-com-habilitacao-falsa-pela-rodovia-julio-budiski\/"},"author":{"name":"lifefm","@id":"https:\/\/radiolifefm.com.br\/noticias\/#\/schema\/person\/1d4e4b1301322090c6221bf1c8420490"},"headline":"Motorista \u00e9 flagrado dirigindo com habilita\u00e7\u00e3o falsa pela Rodovia J\u00falio Budiski","datePublished":"2019-06-16T15:50:24+00:00","dateModified":"2026-04-13T02:03:32+00:00","mainEntityOfPage":{"@id":"https:\/\/radiolifefm.com.br\/noticias\/motorista-e-flagrado-dirigindo-com-habilitacao-falsa-pela-rodovia-julio-budiski\/"},"wordCount":177,"publisher":{"@id":"https:\/\/radiolifefm.com.br\/noticias\/#organization"},"image":{"@id":"https:\/\/radiolifefm.com.br\/noticias\/motorista-e-flagrado-dirigindo-com-habilitacao-falsa-pela-rodovia-julio-budiski\/#primaryimage"},"thumbnailUrl":"https:\/\/radiolifefm.com.br\/noticias\/wp-content\/uploads\/2019\/06\/CNH-falsa-1.jpg","articleSection":["Regi\u00e3o"],"inLanguage":"pt-BR"},{"@type":"WebPage","@id":"https:\/\/radiolifefm.com.br\/noticias\/motorista-e-flagrado-dirigindo-com-habilitacao-falsa-pela-rodovia-julio-budiski\/","url":"https:\/\/radiolifefm.com.br\/noticias\/motorista-e-flagrado-dirigindo-com-habilitacao-falsa-pela-rodovia-julio-budiski\/","name":"Motorista \u00e9 flagrado dirigindo com habilita\u00e7\u00e3o falsa pela Rodovia J\u00falio Budiski - R\u00e1dio Life FM","isPartOf":{"@id":"https:\/\/radiolifefm.com.br\/noticias\/#website"},"primaryImageOfPage":{"@id":"https:\/\/radiolifefm.com.br\/noticias\/motorista-e-flagrado-dirigindo-com-habilitacao-falsa-pela-rodovia-julio-budiski\/#primaryimage"},"image":{"@id":"https:\/\/radiolifefm.com.br\/noticias\/motorista-e-flagrado-dirigindo-com-habilitacao-falsa-pela-rodovia-julio-budiski\/#primaryimage"},"thumbnailUrl":"https:\/\/radiolifefm.com.br\/noticias\/wp-content\/uploads\/2019\/06\/CNH-falsa-1.jpg","datePublished":"2019-06-16T15:50:24+00:00","dateModified":"2026-04-13T02:03:32+00:00","breadcrumb":{"@id":"https:\/\/radiolifefm.com.br\/noticias\/motorista-e-flagrado-dirigindo-com-habilitacao-falsa-pela-rodovia-julio-budiski\/#breadcrumb"},"inLanguage":"pt-BR","potentialAction":[{"@type":"ReadAction","target":["https:\/\/radiolifefm.com.br\/noticias\/motorista-e-flagrado-dirigindo-com-habilitacao-falsa-pela-rodovia-julio-budiski\/"]}]},{"@type":"ImageObject","inLanguage":"pt-BR","@id":"https:\/\/radiolifefm.com.br\/noticias\/motorista-e-flagrado-dirigindo-com-habilitacao-falsa-pela-rodovia-julio-budiski\/#primaryimage","url":"https:\/\/radiolifefm.com.br\/noticias\/wp-content\/uploads\/2019\/06\/CNH-falsa-1.jpg","contentUrl":"https:\/\/radiolifefm.com.br\/noticias\/wp-content\/uploads\/2019\/06\/CNH-falsa-1.jpg","width":1032,"height":581,"caption":"Condutor detido por dirigir ve\u00edculo portando CNH falsa - Foto - Pol\u00edcia\/Cedida"},{"@type":"BreadcrumbList","@id":"https:\/\/radiolifefm.com.br\/noticias\/motorista-e-flagrado-dirigindo-com-habilitacao-falsa-pela-rodovia-julio-budiski\/#breadcrumb","itemListElement":[{"@type":"ListItem","position":1,"name":"In\u00edcio","item":"https:\/\/radiolifefm.com.br\/noticias\/"},{"@type":"ListItem","position":2,"name":"Motorista \u00e9 flagrado dirigindo com habilita\u00e7\u00e3o falsa pela Rodovia J\u00falio Budiski"}]},{"@type":"WebSite","@id":"https:\/\/radiolifefm.com.br\/noticias\/#website","url":"https:\/\/radiolifefm.com.br\/noticias\/","name":"R\u00e1dio Life FM","description":"O Portal de Not\u00edcias de Adamantina","publisher":{"@id":"https:\/\/radiolifefm.com.br\/noticias\/#organization"},"alternateName":"Life FM","potentialAction":[{"@type":"SearchAction","target":{"@type":"EntryPoint","urlTemplate":"https:\/\/radiolifefm.com.br\/noticias\/?s={search_term_string}"},"query-input":{"@type":"PropertyValueSpecification","valueRequired":true,"valueName":"search_term_string"}}],"inLanguage":"pt-BR"},{"@type":"Organization","@id":"https:\/\/radiolifefm.com.br\/noticias\/#organization","name":"R\u00e1dio Life FM","alternateName":"Life FM","url":"https:\/\/radiolifefm.com.br\/noticias\/","logo":{"@type":"ImageObject","inLanguage":"pt-BR","@id":"https:\/\/radiolifefm.com.br\/noticias\/#\/schema\/logo\/image\/","url":"https:\/\/static.radiolifefm.com.br\/noticias\/wp-content\/uploads\/2019\/10\/logo-lifefm.png","contentUrl":"https:\/\/static.radiolifefm.com.br\/noticias\/wp-content\/uploads\/2019\/10\/logo-lifefm.png","width":196,"height":47,"caption":"R\u00e1dio Life FM"},"image":{"@id":"https:\/\/radiolifefm.com.br\/noticias\/#\/schema\/logo\/image\/"},"sameAs":["https:\/\/www.facebook.com\/radiolifefm\/","https:\/\/www.instagram.com\/life1079fm\/"]},{"@type":"Person","@id":"https:\/\/radiolifefm.com.br\/noticias\/#\/schema\/person\/1d4e4b1301322090c6221bf1c8420490","name":"lifefm","image":{"@type":"ImageObject","inLanguage":"pt-BR","@id":"https:\/\/secure.gravatar.com\/avatar\/eca268467d925ec97d20641bb054fd944c0abb2f92854171620706bbe6474e7c?s=96&d=mm&r=g","url":"https:\/\/secure.gravatar.com\/avatar\/eca268467d925ec97d20641bb054fd944c0abb2f92854171620706bbe6474e7c?s=96&d=mm&r=g","contentUrl":"https:\/\/secure.gravatar.com\/avatar\/eca268467d925ec97d20641bb054fd944c0abb2f92854171620706bbe6474e7c?s=96&d=mm&r=g","caption":"lifefm"}}]}},"amp_enabled":true,"_links":{"self":[{"href":"https:\/\/radiolifefm.com.br\/noticias\/wp-json\/wp\/v2\/posts\/14097","targetHints":{"allow":["GET"]}}],"collection":[{"href":"https:\/\/radiolifefm.com.br\/noticias\/wp-json\/wp\/v2\/posts"}],"about":[{"href":"https:\/\/radiolifefm.com.br\/noticias\/wp-json\/wp\/v2\/types\/post"}],"author":[{"embeddable":true,"href":"https:\/\/radiolifefm.com.br\/noticias\/wp-json\/wp\/v2\/users\/3"}],"replies":[{"embeddable":true,"href":"https:\/\/radiolifefm.com.br\/noticias\/wp-json\/wp\/v2\/comments?post=14097"}],"version-history":[{"count":1,"href":"https:\/\/radiolifefm.com.br\/noticias\/wp-json\/wp\/v2\/posts\/14097\/revisions"}],"predecessor-version":[{"id":14100,"href":"https:\/\/radiolifefm.com.br\/noticias\/wp-json\/wp\/v2\/posts\/14097\/revisions\/14100"}],"wp:featuredmedia":[{"embeddable":true,"href":"https:\/\/radiolifefm.com.br\/noticias\/wp-json\/wp\/v2\/media\/14099"}],"wp:attachment":[{"href":"https:\/\/radiolifefm.com.br\/noticias\/wp-json\/wp\/v2\/media?parent=14097"}],"wp:term":[{"taxonomy":"category","embeddable":true,"href":"https:\/\/radiolifefm.com.br\/noticias\/wp-json\/wp\/v2\/categories?post=14097"},{"taxonomy":"post_tag","embeddable":true,"href":"https:\/\/radiolifefm.com.br\/noticias\/wp-json\/wp\/v2\/tags?post=14097"}],"curies":[{"name":"wp","href":"https:\/\/api.w.org\/{rel}","templated":true}]}}