{"id":14089,"date":"2019-06-14T10:40:53","date_gmt":"2019-06-14T13:40:53","guid":{"rendered":"https:\/\/radiolifefm.com.br\/noticias\/?p=14089"},"modified":"2026-04-15T02:41:48","modified_gmt":"2026-04-15T05:41:48","slug":"a-batalha-contra-os-moinhos-de-vento-carlos-eduardo-bertin-coluna-opiniao","status":"publish","type":"post","link":"https:\/\/radiolifefm.com.br\/noticias\/a-batalha-contra-os-moinhos-de-vento-carlos-eduardo-bertin-coluna-opiniao\/","title":{"rendered":"A batalha contra os moinhos de vento &#8211; Carlos Eduardo Bertin &#8211; Coluna Opini\u00e3o"},"content":{"rendered":"<div id=\"fb-root\"><\/div>\n<p><strong>A batalha contra os moinhos de vento<\/strong><\/p>\n<p><em>\u201cQuixotesco \u00e9 quem luta contra os moinhos de vento, sem perceber que n\u00e3o pode venc\u00ea-los\u201d (Gustavo Bernardo).<\/em><\/p>\n<p>O encontro com a lucidez \u00e9 o encontro com a triste realidade e, consequentemente, com a morte. \u00c9 o momento mais triste de uma obra, em que as l\u00e1grimas caem pelo rosto e nos mostram a nossa insignific\u00e2ncia diante de um mundo em que os moinhos de vento n\u00e3o s\u00e3o gigantes imagin\u00e1rios, mas autoridades que tiram os nossos direitos, os nossos sonhos e as nossas esperan\u00e7as.<\/p>\n<p>O riso sarc\u00e1stico dos personagens que zombam do cavaleiro da triste figura \u00e9 a gargalhada da viol\u00eancia, do \u00f3dio e da desumanidade daqueles que observam o nosso sofrimento, a nossa luta e sabem que todas as nossas a\u00e7\u00f5es n\u00e3o surtir\u00e3o efeito algum.<\/p>\n<p>Os livros queimados do in\u00edcio da hist\u00f3ria indicam os cortes nas universidades, na cultura e na pesquisa. O conhecimento \u00e9 perigoso e uma poderosa arma contra aqueles que pensam somente em armar a popula\u00e7\u00e3o. Por isso, os pap\u00e9is queimados nos dizem apenas sobre um tempo em que acreditamos que era poss\u00edvel sonhar com os bancos das universidades e com a busca pelo conhecimento.<\/p>\n<p>O nosso riso \u00e9 o riso amargo da dor, da solid\u00e3o e da lembran\u00e7a de um tempo em que diz\u00edamos: \u201cningu\u00e9m solta a m\u00e3o de ningu\u00e9m\u201d. No entanto, nossas m\u00e3os se escaparam e procuramos um novo ombro para apoiar as nossas esperan\u00e7as.<\/p>\n<p>Esses ombros est\u00e3o trancados em uma cela, enquanto n\u00f3s estamos presos nas nossas postagens, nas nossas mensagens e em ambientes virtuais que mais dizem sobre a nossa incapacidade de colocar em pr\u00e1tica aquilo que pregamos em text\u00f5es ou em 140 caracteres.<\/p>\n<p>Quixote morreu ao voltar \u00e0 realidade. J\u00e1 n\u00f3s nos deparamos com ela todos os dias. Nisso, ou morremos por dentro ou travamos batalhas contra os moinhos de vento.<\/p>\n<p>Por Carlos Eduardo Bertin*<br \/>\n*Jornalista, Publicit\u00e1rio e Mestre em Comunica\u00e7\u00e3o Social. Luceliense e um eterno quixotesco.<\/p>\n","protected":false},"excerpt":{"rendered":"<p>A batalha contra os moinhos de vento \u201cQuixotesco \u00e9 quem luta contra os moinhos de vento, sem perceber que n\u00e3o pode venc\u00ea-los\u201d (Gustavo Bernardo). O encontro com a lucidez \u00e9 o encontro com a triste realidade e, consequentemente, com a morte. \u00c9 o momento mais triste de uma obra, em que as l\u00e1grimas caem pelo [&hellip;]<\/p>\n","protected":false},"author":3,"featured_media":14090,"comment_status":"open","ping_status":"open","sticky":false,"template":"","format":"standard","meta":{"_acf_changed":false,"_exactmetrics_skip_tracking":false,"_exactmetrics_sitenote_active":false,"_exactmetrics_sitenote_note":"","_exactmetrics_sitenote_category":0,"footnotes":""},"categories":[59],"tags":[],"class_list":["post-14089","post","type-post","status-publish","format-standard","has-post-thumbnail","hentry","category-opiniao"],"acf":[],"yoast_head":"<!-- This site is optimized with the Yoast SEO plugin v27.2 - https:\/\/yoast.com\/product\/yoast-seo-wordpress\/ -->\n<title>A batalha contra os moinhos de vento - Carlos Eduardo Bertin - Coluna Opini\u00e3o - R\u00e1dio Life FM<\/title>\n<meta name=\"robots\" content=\"index, follow, max-snippet:-1, max-image-preview:large, max-video-preview:-1\" \/>\n<link rel=\"canonical\" href=\"https:\/\/radiolifefm.com.br\/noticias\/a-batalha-contra-os-moinhos-de-vento-carlos-eduardo-bertin-coluna-opiniao\/\" \/>\n<meta property=\"og:locale\" content=\"pt_BR\" \/>\n<meta property=\"og:type\" content=\"article\" \/>\n<meta property=\"og:title\" content=\"A batalha contra os moinhos de vento - Carlos Eduardo Bertin - Coluna Opini\u00e3o - R\u00e1dio Life FM\" \/>\n<meta property=\"og:description\" content=\"A batalha contra os moinhos de vento \u201cQuixotesco \u00e9 quem luta contra os moinhos de vento, sem perceber que n\u00e3o pode venc\u00ea-los\u201d (Gustavo Bernardo). O encontro com a lucidez \u00e9 o encontro com a triste realidade e, consequentemente, com a morte. \u00c9 o momento mais triste de uma obra, em que as l\u00e1grimas caem pelo [&hellip;]\" \/>\n<meta property=\"og:url\" content=\"https:\/\/radiolifefm.com.br\/noticias\/a-batalha-contra-os-moinhos-de-vento-carlos-eduardo-bertin-coluna-opiniao\/\" \/>\n<meta property=\"og:site_name\" content=\"R\u00e1dio Life FM\" \/>\n<meta property=\"article:publisher\" content=\"https:\/\/www.facebook.com\/radiolifefm\/\" \/>\n<meta property=\"article:published_time\" content=\"2019-06-14T13:40:53+00:00\" \/>\n<meta property=\"article:modified_time\" content=\"2026-04-15T05:41:48+00:00\" \/>\n<meta property=\"og:image\" content=\"https:\/\/radiolifefm.com.br\/noticias\/wp-content\/uploads\/2019\/06\/quixote.gif\" \/>\n\t<meta property=\"og:image:width\" content=\"1114\" \/>\n\t<meta property=\"og:image:height\" content=\"946\" \/>\n\t<meta property=\"og:image:type\" content=\"image\/gif\" \/>\n<meta name=\"author\" content=\"lifefm\" \/>\n<meta name=\"twitter:card\" content=\"summary_large_image\" \/>\n<meta name=\"twitter:label1\" content=\"Escrito por\" \/>\n\t<meta name=\"twitter:data1\" content=\"lifefm\" \/>\n\t<meta name=\"twitter:label2\" content=\"Est. tempo de leitura\" \/>\n\t<meta name=\"twitter:data2\" content=\"2 minutos\" \/>\n<script type=\"application\/ld+json\" class=\"yoast-schema-graph\">{\"@context\":\"https:\/\/schema.org\",\"@graph\":[{\"@type\":\"Article\",\"@id\":\"https:\/\/radiolifefm.com.br\/noticias\/a-batalha-contra-os-moinhos-de-vento-carlos-eduardo-bertin-coluna-opiniao\/#article\",\"isPartOf\":{\"@id\":\"https:\/\/radiolifefm.com.br\/noticias\/a-batalha-contra-os-moinhos-de-vento-carlos-eduardo-bertin-coluna-opiniao\/\"},\"author\":{\"name\":\"lifefm\",\"@id\":\"https:\/\/radiolifefm.com.br\/noticias\/#\/schema\/person\/1d4e4b1301322090c6221bf1c8420490\"},\"headline\":\"A batalha contra os moinhos de vento &#8211; Carlos Eduardo Bertin &#8211; Coluna Opini\u00e3o\",\"datePublished\":\"2019-06-14T13:40:53+00:00\",\"dateModified\":\"2026-04-15T05:41:48+00:00\",\"mainEntityOfPage\":{\"@id\":\"https:\/\/radiolifefm.com.br\/noticias\/a-batalha-contra-os-moinhos-de-vento-carlos-eduardo-bertin-coluna-opiniao\/\"},\"wordCount\":362,\"commentCount\":0,\"publisher\":{\"@id\":\"https:\/\/radiolifefm.com.br\/noticias\/#organization\"},\"image\":{\"@id\":\"https:\/\/radiolifefm.com.br\/noticias\/a-batalha-contra-os-moinhos-de-vento-carlos-eduardo-bertin-coluna-opiniao\/#primaryimage\"},\"thumbnailUrl\":\"https:\/\/radiolifefm.com.br\/noticias\/wp-content\/uploads\/2019\/06\/quixote.gif\",\"articleSection\":[\"Opini\u00e3o\"],\"inLanguage\":\"pt-BR\",\"potentialAction\":[{\"@type\":\"CommentAction\",\"name\":\"Comment\",\"target\":[\"https:\/\/radiolifefm.com.br\/noticias\/a-batalha-contra-os-moinhos-de-vento-carlos-eduardo-bertin-coluna-opiniao\/#respond\"]}]},{\"@type\":\"WebPage\",\"@id\":\"https:\/\/radiolifefm.com.br\/noticias\/a-batalha-contra-os-moinhos-de-vento-carlos-eduardo-bertin-coluna-opiniao\/\",\"url\":\"https:\/\/radiolifefm.com.br\/noticias\/a-batalha-contra-os-moinhos-de-vento-carlos-eduardo-bertin-coluna-opiniao\/\",\"name\":\"A batalha contra os moinhos de vento - Carlos Eduardo Bertin - Coluna Opini\u00e3o - R\u00e1dio Life FM\",\"isPartOf\":{\"@id\":\"https:\/\/radiolifefm.com.br\/noticias\/#website\"},\"primaryImageOfPage\":{\"@id\":\"https:\/\/radiolifefm.com.br\/noticias\/a-batalha-contra-os-moinhos-de-vento-carlos-eduardo-bertin-coluna-opiniao\/#primaryimage\"},\"image\":{\"@id\":\"https:\/\/radiolifefm.com.br\/noticias\/a-batalha-contra-os-moinhos-de-vento-carlos-eduardo-bertin-coluna-opiniao\/#primaryimage\"},\"thumbnailUrl\":\"https:\/\/radiolifefm.com.br\/noticias\/wp-content\/uploads\/2019\/06\/quixote.gif\",\"datePublished\":\"2019-06-14T13:40:53+00:00\",\"dateModified\":\"2026-04-15T05:41:48+00:00\",\"breadcrumb\":{\"@id\":\"https:\/\/radiolifefm.com.br\/noticias\/a-batalha-contra-os-moinhos-de-vento-carlos-eduardo-bertin-coluna-opiniao\/#breadcrumb\"},\"inLanguage\":\"pt-BR\",\"potentialAction\":[{\"@type\":\"ReadAction\",\"target\":[\"https:\/\/radiolifefm.com.br\/noticias\/a-batalha-contra-os-moinhos-de-vento-carlos-eduardo-bertin-coluna-opiniao\/\"]}]},{\"@type\":\"ImageObject\",\"inLanguage\":\"pt-BR\",\"@id\":\"https:\/\/radiolifefm.com.br\/noticias\/a-batalha-contra-os-moinhos-de-vento-carlos-eduardo-bertin-coluna-opiniao\/#primaryimage\",\"url\":\"https:\/\/radiolifefm.com.br\/noticias\/wp-content\/uploads\/2019\/06\/quixote.gif\",\"contentUrl\":\"https:\/\/radiolifefm.com.br\/noticias\/wp-content\/uploads\/2019\/06\/quixote.gif\",\"width\":1114,\"height\":946,\"caption\":\"Coluna Opini\u00e3o - Carlos Eduardo Bertin - Ilustra\u00e7\u00e3o\"},{\"@type\":\"BreadcrumbList\",\"@id\":\"https:\/\/radiolifefm.com.br\/noticias\/a-batalha-contra-os-moinhos-de-vento-carlos-eduardo-bertin-coluna-opiniao\/#breadcrumb\",\"itemListElement\":[{\"@type\":\"ListItem\",\"position\":1,\"name\":\"In\u00edcio\",\"item\":\"https:\/\/radiolifefm.com.br\/noticias\/\"},{\"@type\":\"ListItem\",\"position\":2,\"name\":\"A batalha contra os moinhos de vento &#8211; Carlos Eduardo Bertin &#8211; Coluna Opini\u00e3o\"}]},{\"@type\":\"WebSite\",\"@id\":\"https:\/\/radiolifefm.com.br\/noticias\/#website\",\"url\":\"https:\/\/radiolifefm.com.br\/noticias\/\",\"name\":\"R\u00e1dio Life FM\",\"description\":\"O Portal de Not\u00edcias de Adamantina\",\"publisher\":{\"@id\":\"https:\/\/radiolifefm.com.br\/noticias\/#organization\"},\"alternateName\":\"Life FM\",\"potentialAction\":[{\"@type\":\"SearchAction\",\"target\":{\"@type\":\"EntryPoint\",\"urlTemplate\":\"https:\/\/radiolifefm.com.br\/noticias\/?s={search_term_string}\"},\"query-input\":{\"@type\":\"PropertyValueSpecification\",\"valueRequired\":true,\"valueName\":\"search_term_string\"}}],\"inLanguage\":\"pt-BR\"},{\"@type\":\"Organization\",\"@id\":\"https:\/\/radiolifefm.com.br\/noticias\/#organization\",\"name\":\"R\u00e1dio Life FM\",\"alternateName\":\"Life FM\",\"url\":\"https:\/\/radiolifefm.com.br\/noticias\/\",\"logo\":{\"@type\":\"ImageObject\",\"inLanguage\":\"pt-BR\",\"@id\":\"https:\/\/radiolifefm.com.br\/noticias\/#\/schema\/logo\/image\/\",\"url\":\"https:\/\/static.radiolifefm.com.br\/noticias\/wp-content\/uploads\/2019\/10\/logo-lifefm.png\",\"contentUrl\":\"https:\/\/static.radiolifefm.com.br\/noticias\/wp-content\/uploads\/2019\/10\/logo-lifefm.png\",\"width\":196,\"height\":47,\"caption\":\"R\u00e1dio Life FM\"},\"image\":{\"@id\":\"https:\/\/radiolifefm.com.br\/noticias\/#\/schema\/logo\/image\/\"},\"sameAs\":[\"https:\/\/www.facebook.com\/radiolifefm\/\",\"https:\/\/www.instagram.com\/life1079fm\/\"]},{\"@type\":\"Person\",\"@id\":\"https:\/\/radiolifefm.com.br\/noticias\/#\/schema\/person\/1d4e4b1301322090c6221bf1c8420490\",\"name\":\"lifefm\",\"image\":{\"@type\":\"ImageObject\",\"inLanguage\":\"pt-BR\",\"@id\":\"https:\/\/secure.gravatar.com\/avatar\/eca268467d925ec97d20641bb054fd944c0abb2f92854171620706bbe6474e7c?s=96&d=mm&r=g\",\"url\":\"https:\/\/secure.gravatar.com\/avatar\/eca268467d925ec97d20641bb054fd944c0abb2f92854171620706bbe6474e7c?s=96&d=mm&r=g\",\"contentUrl\":\"https:\/\/secure.gravatar.com\/avatar\/eca268467d925ec97d20641bb054fd944c0abb2f92854171620706bbe6474e7c?s=96&d=mm&r=g\",\"caption\":\"lifefm\"}}]}<\/script>\n<!-- \/ Yoast SEO plugin. -->","yoast_head_json":{"title":"A batalha contra os moinhos de vento - Carlos Eduardo Bertin - Coluna Opini\u00e3o - R\u00e1dio Life FM","robots":{"index":"index","follow":"follow","max-snippet":"max-snippet:-1","max-image-preview":"max-image-preview:large","max-video-preview":"max-video-preview:-1"},"canonical":"https:\/\/radiolifefm.com.br\/noticias\/a-batalha-contra-os-moinhos-de-vento-carlos-eduardo-bertin-coluna-opiniao\/","og_locale":"pt_BR","og_type":"article","og_title":"A batalha contra os moinhos de vento - Carlos Eduardo Bertin - Coluna Opini\u00e3o - R\u00e1dio Life FM","og_description":"A batalha contra os moinhos de vento \u201cQuixotesco \u00e9 quem luta contra os moinhos de vento, sem perceber que n\u00e3o pode venc\u00ea-los\u201d (Gustavo Bernardo). O encontro com a lucidez \u00e9 o encontro com a triste realidade e, consequentemente, com a morte. \u00c9 o momento mais triste de uma obra, em que as l\u00e1grimas caem pelo [&hellip;]","og_url":"https:\/\/radiolifefm.com.br\/noticias\/a-batalha-contra-os-moinhos-de-vento-carlos-eduardo-bertin-coluna-opiniao\/","og_site_name":"R\u00e1dio Life FM","article_publisher":"https:\/\/www.facebook.com\/radiolifefm\/","article_published_time":"2019-06-14T13:40:53+00:00","article_modified_time":"2026-04-15T05:41:48+00:00","og_image":[{"width":1114,"height":946,"url":"https:\/\/radiolifefm.com.br\/noticias\/wp-content\/uploads\/2019\/06\/quixote.gif","type":"image\/gif"}],"author":"lifefm","twitter_card":"summary_large_image","twitter_misc":{"Escrito por":"lifefm","Est. tempo de leitura":"2 minutos"},"schema":{"@context":"https:\/\/schema.org","@graph":[{"@type":"Article","@id":"https:\/\/radiolifefm.com.br\/noticias\/a-batalha-contra-os-moinhos-de-vento-carlos-eduardo-bertin-coluna-opiniao\/#article","isPartOf":{"@id":"https:\/\/radiolifefm.com.br\/noticias\/a-batalha-contra-os-moinhos-de-vento-carlos-eduardo-bertin-coluna-opiniao\/"},"author":{"name":"lifefm","@id":"https:\/\/radiolifefm.com.br\/noticias\/#\/schema\/person\/1d4e4b1301322090c6221bf1c8420490"},"headline":"A batalha contra os moinhos de vento &#8211; Carlos Eduardo Bertin &#8211; Coluna Opini\u00e3o","datePublished":"2019-06-14T13:40:53+00:00","dateModified":"2026-04-15T05:41:48+00:00","mainEntityOfPage":{"@id":"https:\/\/radiolifefm.com.br\/noticias\/a-batalha-contra-os-moinhos-de-vento-carlos-eduardo-bertin-coluna-opiniao\/"},"wordCount":362,"commentCount":0,"publisher":{"@id":"https:\/\/radiolifefm.com.br\/noticias\/#organization"},"image":{"@id":"https:\/\/radiolifefm.com.br\/noticias\/a-batalha-contra-os-moinhos-de-vento-carlos-eduardo-bertin-coluna-opiniao\/#primaryimage"},"thumbnailUrl":"https:\/\/radiolifefm.com.br\/noticias\/wp-content\/uploads\/2019\/06\/quixote.gif","articleSection":["Opini\u00e3o"],"inLanguage":"pt-BR","potentialAction":[{"@type":"CommentAction","name":"Comment","target":["https:\/\/radiolifefm.com.br\/noticias\/a-batalha-contra-os-moinhos-de-vento-carlos-eduardo-bertin-coluna-opiniao\/#respond"]}]},{"@type":"WebPage","@id":"https:\/\/radiolifefm.com.br\/noticias\/a-batalha-contra-os-moinhos-de-vento-carlos-eduardo-bertin-coluna-opiniao\/","url":"https:\/\/radiolifefm.com.br\/noticias\/a-batalha-contra-os-moinhos-de-vento-carlos-eduardo-bertin-coluna-opiniao\/","name":"A batalha contra os moinhos de vento - Carlos Eduardo Bertin - Coluna Opini\u00e3o - R\u00e1dio Life FM","isPartOf":{"@id":"https:\/\/radiolifefm.com.br\/noticias\/#website"},"primaryImageOfPage":{"@id":"https:\/\/radiolifefm.com.br\/noticias\/a-batalha-contra-os-moinhos-de-vento-carlos-eduardo-bertin-coluna-opiniao\/#primaryimage"},"image":{"@id":"https:\/\/radiolifefm.com.br\/noticias\/a-batalha-contra-os-moinhos-de-vento-carlos-eduardo-bertin-coluna-opiniao\/#primaryimage"},"thumbnailUrl":"https:\/\/radiolifefm.com.br\/noticias\/wp-content\/uploads\/2019\/06\/quixote.gif","datePublished":"2019-06-14T13:40:53+00:00","dateModified":"2026-04-15T05:41:48+00:00","breadcrumb":{"@id":"https:\/\/radiolifefm.com.br\/noticias\/a-batalha-contra-os-moinhos-de-vento-carlos-eduardo-bertin-coluna-opiniao\/#breadcrumb"},"inLanguage":"pt-BR","potentialAction":[{"@type":"ReadAction","target":["https:\/\/radiolifefm.com.br\/noticias\/a-batalha-contra-os-moinhos-de-vento-carlos-eduardo-bertin-coluna-opiniao\/"]}]},{"@type":"ImageObject","inLanguage":"pt-BR","@id":"https:\/\/radiolifefm.com.br\/noticias\/a-batalha-contra-os-moinhos-de-vento-carlos-eduardo-bertin-coluna-opiniao\/#primaryimage","url":"https:\/\/radiolifefm.com.br\/noticias\/wp-content\/uploads\/2019\/06\/quixote.gif","contentUrl":"https:\/\/radiolifefm.com.br\/noticias\/wp-content\/uploads\/2019\/06\/quixote.gif","width":1114,"height":946,"caption":"Coluna Opini\u00e3o - Carlos Eduardo Bertin - Ilustra\u00e7\u00e3o"},{"@type":"BreadcrumbList","@id":"https:\/\/radiolifefm.com.br\/noticias\/a-batalha-contra-os-moinhos-de-vento-carlos-eduardo-bertin-coluna-opiniao\/#breadcrumb","itemListElement":[{"@type":"ListItem","position":1,"name":"In\u00edcio","item":"https:\/\/radiolifefm.com.br\/noticias\/"},{"@type":"ListItem","position":2,"name":"A batalha contra os moinhos de vento &#8211; Carlos Eduardo Bertin &#8211; Coluna Opini\u00e3o"}]},{"@type":"WebSite","@id":"https:\/\/radiolifefm.com.br\/noticias\/#website","url":"https:\/\/radiolifefm.com.br\/noticias\/","name":"R\u00e1dio Life FM","description":"O Portal de Not\u00edcias de Adamantina","publisher":{"@id":"https:\/\/radiolifefm.com.br\/noticias\/#organization"},"alternateName":"Life FM","potentialAction":[{"@type":"SearchAction","target":{"@type":"EntryPoint","urlTemplate":"https:\/\/radiolifefm.com.br\/noticias\/?s={search_term_string}"},"query-input":{"@type":"PropertyValueSpecification","valueRequired":true,"valueName":"search_term_string"}}],"inLanguage":"pt-BR"},{"@type":"Organization","@id":"https:\/\/radiolifefm.com.br\/noticias\/#organization","name":"R\u00e1dio Life FM","alternateName":"Life FM","url":"https:\/\/radiolifefm.com.br\/noticias\/","logo":{"@type":"ImageObject","inLanguage":"pt-BR","@id":"https:\/\/radiolifefm.com.br\/noticias\/#\/schema\/logo\/image\/","url":"https:\/\/static.radiolifefm.com.br\/noticias\/wp-content\/uploads\/2019\/10\/logo-lifefm.png","contentUrl":"https:\/\/static.radiolifefm.com.br\/noticias\/wp-content\/uploads\/2019\/10\/logo-lifefm.png","width":196,"height":47,"caption":"R\u00e1dio Life FM"},"image":{"@id":"https:\/\/radiolifefm.com.br\/noticias\/#\/schema\/logo\/image\/"},"sameAs":["https:\/\/www.facebook.com\/radiolifefm\/","https:\/\/www.instagram.com\/life1079fm\/"]},{"@type":"Person","@id":"https:\/\/radiolifefm.com.br\/noticias\/#\/schema\/person\/1d4e4b1301322090c6221bf1c8420490","name":"lifefm","image":{"@type":"ImageObject","inLanguage":"pt-BR","@id":"https:\/\/secure.gravatar.com\/avatar\/eca268467d925ec97d20641bb054fd944c0abb2f92854171620706bbe6474e7c?s=96&d=mm&r=g","url":"https:\/\/secure.gravatar.com\/avatar\/eca268467d925ec97d20641bb054fd944c0abb2f92854171620706bbe6474e7c?s=96&d=mm&r=g","contentUrl":"https:\/\/secure.gravatar.com\/avatar\/eca268467d925ec97d20641bb054fd944c0abb2f92854171620706bbe6474e7c?s=96&d=mm&r=g","caption":"lifefm"}}]}},"amp_enabled":true,"_links":{"self":[{"href":"https:\/\/radiolifefm.com.br\/noticias\/wp-json\/wp\/v2\/posts\/14089","targetHints":{"allow":["GET"]}}],"collection":[{"href":"https:\/\/radiolifefm.com.br\/noticias\/wp-json\/wp\/v2\/posts"}],"about":[{"href":"https:\/\/radiolifefm.com.br\/noticias\/wp-json\/wp\/v2\/types\/post"}],"author":[{"embeddable":true,"href":"https:\/\/radiolifefm.com.br\/noticias\/wp-json\/wp\/v2\/users\/3"}],"replies":[{"embeddable":true,"href":"https:\/\/radiolifefm.com.br\/noticias\/wp-json\/wp\/v2\/comments?post=14089"}],"version-history":[{"count":1,"href":"https:\/\/radiolifefm.com.br\/noticias\/wp-json\/wp\/v2\/posts\/14089\/revisions"}],"predecessor-version":[{"id":14091,"href":"https:\/\/radiolifefm.com.br\/noticias\/wp-json\/wp\/v2\/posts\/14089\/revisions\/14091"}],"wp:featuredmedia":[{"embeddable":true,"href":"https:\/\/radiolifefm.com.br\/noticias\/wp-json\/wp\/v2\/media\/14090"}],"wp:attachment":[{"href":"https:\/\/radiolifefm.com.br\/noticias\/wp-json\/wp\/v2\/media?parent=14089"}],"wp:term":[{"taxonomy":"category","embeddable":true,"href":"https:\/\/radiolifefm.com.br\/noticias\/wp-json\/wp\/v2\/categories?post=14089"},{"taxonomy":"post_tag","embeddable":true,"href":"https:\/\/radiolifefm.com.br\/noticias\/wp-json\/wp\/v2\/tags?post=14089"}],"curies":[{"name":"wp","href":"https:\/\/api.w.org\/{rel}","templated":true}]}}