{"id":14082,"date":"2019-06-14T10:24:09","date_gmt":"2019-06-14T13:24:09","guid":{"rendered":"https:\/\/radiolifefm.com.br\/noticias\/?p=14082"},"modified":"2026-02-08T13:22:18","modified_gmt":"2026-02-08T16:22:18","slug":"policia-militar-de-osvaldo-cruz-prende-traficante-portando-cocaina","status":"publish","type":"post","link":"https:\/\/radiolifefm.com.br\/noticias\/policia-militar-de-osvaldo-cruz-prende-traficante-portando-cocaina\/","title":{"rendered":"Pol\u00edcia Militar de Osvaldo Cruz prende traficante portando coca\u00edna"},"content":{"rendered":"<div id=\"fb-root\"><\/div>\n<p><em>Foi apreendido v\u00e1rias por\u00e7\u00f5es de coca\u00edna em posse do indiciado<\/em><\/p>\n<p>Nesta sexta feira (14), durante patrulhamento pela Vila Esperan\u00e7a, onde costuma acontecer intenso tr\u00e1fico de drogas, policiais receberam a not\u00edcia de que J.S. estaria praticando a venda de entorpecentes.<\/p>\n<p>Ao avista-lo pela Rua Armando Sales, com a Rua Sai Jundi, o mesmo esbo\u00e7ou certo nervosismo e apressando seus passos.<\/p>\n<p>Ele acabou sendo abordado e em busca pessoal, foi localizado em suas vestes, mais exatamente nas suas vestes \u00edntimas, dentro de uma latinha de balas, 14 (quatorze) por\u00e7\u00f5es envolvidas em papel alum\u00ednio, aparentando ser coca\u00edna.<\/p>\n<p>De imediato, foi dado voz de pris\u00e3o em flagrante pelo crime de tr\u00e1fico de entorpecentes e encaminhou para cadeia P\u00fablica de Adamantina.<\/p>\n<p>Informa\u00e7\u00f5es \u2013 Pol\u00edcia Militar<br \/>\nReda\u00e7\u00e3o \u2013 Kako de Oliveira<\/p>\n","protected":false},"excerpt":{"rendered":"<p>Foi apreendido v\u00e1rias por\u00e7\u00f5es de coca\u00edna em posse do indiciado Nesta sexta feira (14), durante patrulhamento pela Vila Esperan\u00e7a, onde costuma acontecer intenso tr\u00e1fico de drogas, policiais receberam a not\u00edcia de que J.S. estaria praticando a venda de entorpecentes. Ao avista-lo pela Rua Armando Sales, com a Rua Sai Jundi, o mesmo esbo\u00e7ou certo nervosismo [&hellip;]<\/p>\n","protected":false},"author":3,"featured_media":14083,"comment_status":"closed","ping_status":"open","sticky":false,"template":"","format":"standard","meta":{"_acf_changed":false,"_exactmetrics_skip_tracking":false,"_exactmetrics_sitenote_active":false,"_exactmetrics_sitenote_note":"","_exactmetrics_sitenote_category":0,"footnotes":""},"categories":[24],"tags":[],"class_list":["post-14082","post","type-post","status-publish","format-standard","has-post-thumbnail","hentry","category-regiao"],"acf":[],"yoast_head":"<!-- This site is optimized with the Yoast SEO plugin v27.2 - https:\/\/yoast.com\/product\/yoast-seo-wordpress\/ -->\n<title>Pol\u00edcia Militar de Osvaldo Cruz prende traficante portando coca\u00edna - R\u00e1dio Life FM<\/title>\n<meta name=\"robots\" content=\"index, follow, max-snippet:-1, max-image-preview:large, max-video-preview:-1\" \/>\n<link rel=\"canonical\" href=\"https:\/\/radiolifefm.com.br\/noticias\/policia-militar-de-osvaldo-cruz-prende-traficante-portando-cocaina\/\" \/>\n<meta property=\"og:locale\" content=\"pt_BR\" \/>\n<meta property=\"og:type\" content=\"article\" \/>\n<meta property=\"og:title\" content=\"Pol\u00edcia Militar de Osvaldo Cruz prende traficante portando coca\u00edna - R\u00e1dio Life FM\" \/>\n<meta property=\"og:description\" content=\"Foi apreendido v\u00e1rias por\u00e7\u00f5es de coca\u00edna em posse do indiciado Nesta sexta feira (14), durante patrulhamento pela Vila Esperan\u00e7a, onde costuma acontecer intenso tr\u00e1fico de drogas, policiais receberam a not\u00edcia de que J.S. estaria praticando a venda de entorpecentes. Ao avista-lo pela Rua Armando Sales, com a Rua Sai Jundi, o mesmo esbo\u00e7ou certo nervosismo [&hellip;]\" \/>\n<meta property=\"og:url\" content=\"https:\/\/radiolifefm.com.br\/noticias\/policia-militar-de-osvaldo-cruz-prende-traficante-portando-cocaina\/\" \/>\n<meta property=\"og:site_name\" content=\"R\u00e1dio Life FM\" \/>\n<meta property=\"article:publisher\" content=\"https:\/\/www.facebook.com\/radiolifefm\/\" \/>\n<meta property=\"article:published_time\" content=\"2019-06-14T13:24:09+00:00\" \/>\n<meta property=\"article:modified_time\" content=\"2026-02-08T16:22:18+00:00\" \/>\n<meta property=\"og:image\" content=\"https:\/\/radiolifefm.com.br\/noticias\/wp-content\/uploads\/2019\/06\/Entorpecente-V-Esperan\u00e7a.jpg\" \/>\n\t<meta property=\"og:image:width\" content=\"719\" \/>\n\t<meta property=\"og:image:height\" content=\"1280\" \/>\n\t<meta property=\"og:image:type\" content=\"image\/jpeg\" \/>\n<meta name=\"author\" content=\"lifefm\" \/>\n<meta name=\"twitter:card\" content=\"summary_large_image\" \/>\n<meta name=\"twitter:label1\" content=\"Escrito por\" \/>\n\t<meta name=\"twitter:data1\" content=\"lifefm\" \/>\n\t<meta name=\"twitter:label2\" content=\"Est. tempo de leitura\" \/>\n\t<meta name=\"twitter:data2\" content=\"1 minuto\" \/>\n<script type=\"application\/ld+json\" class=\"yoast-schema-graph\">{\"@context\":\"https:\/\/schema.org\",\"@graph\":[{\"@type\":\"Article\",\"@id\":\"https:\/\/radiolifefm.com.br\/noticias\/policia-militar-de-osvaldo-cruz-prende-traficante-portando-cocaina\/#article\",\"isPartOf\":{\"@id\":\"https:\/\/radiolifefm.com.br\/noticias\/policia-militar-de-osvaldo-cruz-prende-traficante-portando-cocaina\/\"},\"author\":{\"name\":\"lifefm\",\"@id\":\"https:\/\/radiolifefm.com.br\/noticias\/#\/schema\/person\/1d4e4b1301322090c6221bf1c8420490\"},\"headline\":\"Pol\u00edcia Militar de Osvaldo Cruz prende traficante portando coca\u00edna\",\"datePublished\":\"2019-06-14T13:24:09+00:00\",\"dateModified\":\"2026-02-08T16:22:18+00:00\",\"mainEntityOfPage\":{\"@id\":\"https:\/\/radiolifefm.com.br\/noticias\/policia-militar-de-osvaldo-cruz-prende-traficante-portando-cocaina\/\"},\"wordCount\":149,\"publisher\":{\"@id\":\"https:\/\/radiolifefm.com.br\/noticias\/#organization\"},\"image\":{\"@id\":\"https:\/\/radiolifefm.com.br\/noticias\/policia-militar-de-osvaldo-cruz-prende-traficante-portando-cocaina\/#primaryimage\"},\"thumbnailUrl\":\"https:\/\/radiolifefm.com.br\/noticias\/wp-content\/uploads\/2019\/06\/Entorpecente-V-Esperan\u00e7a.jpg\",\"articleSection\":[\"Regi\u00e3o\"],\"inLanguage\":\"pt-BR\"},{\"@type\":\"WebPage\",\"@id\":\"https:\/\/radiolifefm.com.br\/noticias\/policia-militar-de-osvaldo-cruz-prende-traficante-portando-cocaina\/\",\"url\":\"https:\/\/radiolifefm.com.br\/noticias\/policia-militar-de-osvaldo-cruz-prende-traficante-portando-cocaina\/\",\"name\":\"Pol\u00edcia Militar de Osvaldo Cruz prende traficante portando coca\u00edna - R\u00e1dio Life FM\",\"isPartOf\":{\"@id\":\"https:\/\/radiolifefm.com.br\/noticias\/#website\"},\"primaryImageOfPage\":{\"@id\":\"https:\/\/radiolifefm.com.br\/noticias\/policia-militar-de-osvaldo-cruz-prende-traficante-portando-cocaina\/#primaryimage\"},\"image\":{\"@id\":\"https:\/\/radiolifefm.com.br\/noticias\/policia-militar-de-osvaldo-cruz-prende-traficante-portando-cocaina\/#primaryimage\"},\"thumbnailUrl\":\"https:\/\/radiolifefm.com.br\/noticias\/wp-content\/uploads\/2019\/06\/Entorpecente-V-Esperan\u00e7a.jpg\",\"datePublished\":\"2019-06-14T13:24:09+00:00\",\"dateModified\":\"2026-02-08T16:22:18+00:00\",\"breadcrumb\":{\"@id\":\"https:\/\/radiolifefm.com.br\/noticias\/policia-militar-de-osvaldo-cruz-prende-traficante-portando-cocaina\/#breadcrumb\"},\"inLanguage\":\"pt-BR\",\"potentialAction\":[{\"@type\":\"ReadAction\",\"target\":[\"https:\/\/radiolifefm.com.br\/noticias\/policia-militar-de-osvaldo-cruz-prende-traficante-portando-cocaina\/\"]}]},{\"@type\":\"ImageObject\",\"inLanguage\":\"pt-BR\",\"@id\":\"https:\/\/radiolifefm.com.br\/noticias\/policia-militar-de-osvaldo-cruz-prende-traficante-portando-cocaina\/#primaryimage\",\"url\":\"https:\/\/radiolifefm.com.br\/noticias\/wp-content\/uploads\/2019\/06\/Entorpecente-V-Esperan\u00e7a.jpg\",\"contentUrl\":\"https:\/\/radiolifefm.com.br\/noticias\/wp-content\/uploads\/2019\/06\/Entorpecente-V-Esperan\u00e7a.jpg\",\"width\":719,\"height\":1280,\"caption\":\"Traficante detido com coca\u00edna na Vila Esperan\u00e7a em Osvaldo Cruz - Foto - Pol\u00edcia\/Cedida\"},{\"@type\":\"BreadcrumbList\",\"@id\":\"https:\/\/radiolifefm.com.br\/noticias\/policia-militar-de-osvaldo-cruz-prende-traficante-portando-cocaina\/#breadcrumb\",\"itemListElement\":[{\"@type\":\"ListItem\",\"position\":1,\"name\":\"In\u00edcio\",\"item\":\"https:\/\/radiolifefm.com.br\/noticias\/\"},{\"@type\":\"ListItem\",\"position\":2,\"name\":\"Pol\u00edcia Militar de Osvaldo Cruz prende traficante portando coca\u00edna\"}]},{\"@type\":\"WebSite\",\"@id\":\"https:\/\/radiolifefm.com.br\/noticias\/#website\",\"url\":\"https:\/\/radiolifefm.com.br\/noticias\/\",\"name\":\"R\u00e1dio Life FM\",\"description\":\"O Portal de Not\u00edcias de Adamantina\",\"publisher\":{\"@id\":\"https:\/\/radiolifefm.com.br\/noticias\/#organization\"},\"alternateName\":\"Life FM\",\"potentialAction\":[{\"@type\":\"SearchAction\",\"target\":{\"@type\":\"EntryPoint\",\"urlTemplate\":\"https:\/\/radiolifefm.com.br\/noticias\/?s={search_term_string}\"},\"query-input\":{\"@type\":\"PropertyValueSpecification\",\"valueRequired\":true,\"valueName\":\"search_term_string\"}}],\"inLanguage\":\"pt-BR\"},{\"@type\":\"Organization\",\"@id\":\"https:\/\/radiolifefm.com.br\/noticias\/#organization\",\"name\":\"R\u00e1dio Life FM\",\"alternateName\":\"Life FM\",\"url\":\"https:\/\/radiolifefm.com.br\/noticias\/\",\"logo\":{\"@type\":\"ImageObject\",\"inLanguage\":\"pt-BR\",\"@id\":\"https:\/\/radiolifefm.com.br\/noticias\/#\/schema\/logo\/image\/\",\"url\":\"https:\/\/static.radiolifefm.com.br\/noticias\/wp-content\/uploads\/2019\/10\/logo-lifefm.png\",\"contentUrl\":\"https:\/\/static.radiolifefm.com.br\/noticias\/wp-content\/uploads\/2019\/10\/logo-lifefm.png\",\"width\":196,\"height\":47,\"caption\":\"R\u00e1dio Life FM\"},\"image\":{\"@id\":\"https:\/\/radiolifefm.com.br\/noticias\/#\/schema\/logo\/image\/\"},\"sameAs\":[\"https:\/\/www.facebook.com\/radiolifefm\/\",\"https:\/\/www.instagram.com\/life1079fm\/\"]},{\"@type\":\"Person\",\"@id\":\"https:\/\/radiolifefm.com.br\/noticias\/#\/schema\/person\/1d4e4b1301322090c6221bf1c8420490\",\"name\":\"lifefm\",\"image\":{\"@type\":\"ImageObject\",\"inLanguage\":\"pt-BR\",\"@id\":\"https:\/\/secure.gravatar.com\/avatar\/eca268467d925ec97d20641bb054fd944c0abb2f92854171620706bbe6474e7c?s=96&d=mm&r=g\",\"url\":\"https:\/\/secure.gravatar.com\/avatar\/eca268467d925ec97d20641bb054fd944c0abb2f92854171620706bbe6474e7c?s=96&d=mm&r=g\",\"contentUrl\":\"https:\/\/secure.gravatar.com\/avatar\/eca268467d925ec97d20641bb054fd944c0abb2f92854171620706bbe6474e7c?s=96&d=mm&r=g\",\"caption\":\"lifefm\"}}]}<\/script>\n<!-- \/ Yoast SEO plugin. -->","yoast_head_json":{"title":"Pol\u00edcia Militar de Osvaldo Cruz prende traficante portando coca\u00edna - R\u00e1dio Life FM","robots":{"index":"index","follow":"follow","max-snippet":"max-snippet:-1","max-image-preview":"max-image-preview:large","max-video-preview":"max-video-preview:-1"},"canonical":"https:\/\/radiolifefm.com.br\/noticias\/policia-militar-de-osvaldo-cruz-prende-traficante-portando-cocaina\/","og_locale":"pt_BR","og_type":"article","og_title":"Pol\u00edcia Militar de Osvaldo Cruz prende traficante portando coca\u00edna - R\u00e1dio Life FM","og_description":"Foi apreendido v\u00e1rias por\u00e7\u00f5es de coca\u00edna em posse do indiciado Nesta sexta feira (14), durante patrulhamento pela Vila Esperan\u00e7a, onde costuma acontecer intenso tr\u00e1fico de drogas, policiais receberam a not\u00edcia de que J.S. estaria praticando a venda de entorpecentes. Ao avista-lo pela Rua Armando Sales, com a Rua Sai Jundi, o mesmo esbo\u00e7ou certo nervosismo [&hellip;]","og_url":"https:\/\/radiolifefm.com.br\/noticias\/policia-militar-de-osvaldo-cruz-prende-traficante-portando-cocaina\/","og_site_name":"R\u00e1dio Life FM","article_publisher":"https:\/\/www.facebook.com\/radiolifefm\/","article_published_time":"2019-06-14T13:24:09+00:00","article_modified_time":"2026-02-08T16:22:18+00:00","og_image":[{"width":719,"height":1280,"url":"https:\/\/radiolifefm.com.br\/noticias\/wp-content\/uploads\/2019\/06\/Entorpecente-V-Esperan\u00e7a.jpg","type":"image\/jpeg"}],"author":"lifefm","twitter_card":"summary_large_image","twitter_misc":{"Escrito por":"lifefm","Est. tempo de leitura":"1 minuto"},"schema":{"@context":"https:\/\/schema.org","@graph":[{"@type":"Article","@id":"https:\/\/radiolifefm.com.br\/noticias\/policia-militar-de-osvaldo-cruz-prende-traficante-portando-cocaina\/#article","isPartOf":{"@id":"https:\/\/radiolifefm.com.br\/noticias\/policia-militar-de-osvaldo-cruz-prende-traficante-portando-cocaina\/"},"author":{"name":"lifefm","@id":"https:\/\/radiolifefm.com.br\/noticias\/#\/schema\/person\/1d4e4b1301322090c6221bf1c8420490"},"headline":"Pol\u00edcia Militar de Osvaldo Cruz prende traficante portando coca\u00edna","datePublished":"2019-06-14T13:24:09+00:00","dateModified":"2026-02-08T16:22:18+00:00","mainEntityOfPage":{"@id":"https:\/\/radiolifefm.com.br\/noticias\/policia-militar-de-osvaldo-cruz-prende-traficante-portando-cocaina\/"},"wordCount":149,"publisher":{"@id":"https:\/\/radiolifefm.com.br\/noticias\/#organization"},"image":{"@id":"https:\/\/radiolifefm.com.br\/noticias\/policia-militar-de-osvaldo-cruz-prende-traficante-portando-cocaina\/#primaryimage"},"thumbnailUrl":"https:\/\/radiolifefm.com.br\/noticias\/wp-content\/uploads\/2019\/06\/Entorpecente-V-Esperan\u00e7a.jpg","articleSection":["Regi\u00e3o"],"inLanguage":"pt-BR"},{"@type":"WebPage","@id":"https:\/\/radiolifefm.com.br\/noticias\/policia-militar-de-osvaldo-cruz-prende-traficante-portando-cocaina\/","url":"https:\/\/radiolifefm.com.br\/noticias\/policia-militar-de-osvaldo-cruz-prende-traficante-portando-cocaina\/","name":"Pol\u00edcia Militar de Osvaldo Cruz prende traficante portando coca\u00edna - R\u00e1dio Life FM","isPartOf":{"@id":"https:\/\/radiolifefm.com.br\/noticias\/#website"},"primaryImageOfPage":{"@id":"https:\/\/radiolifefm.com.br\/noticias\/policia-militar-de-osvaldo-cruz-prende-traficante-portando-cocaina\/#primaryimage"},"image":{"@id":"https:\/\/radiolifefm.com.br\/noticias\/policia-militar-de-osvaldo-cruz-prende-traficante-portando-cocaina\/#primaryimage"},"thumbnailUrl":"https:\/\/radiolifefm.com.br\/noticias\/wp-content\/uploads\/2019\/06\/Entorpecente-V-Esperan\u00e7a.jpg","datePublished":"2019-06-14T13:24:09+00:00","dateModified":"2026-02-08T16:22:18+00:00","breadcrumb":{"@id":"https:\/\/radiolifefm.com.br\/noticias\/policia-militar-de-osvaldo-cruz-prende-traficante-portando-cocaina\/#breadcrumb"},"inLanguage":"pt-BR","potentialAction":[{"@type":"ReadAction","target":["https:\/\/radiolifefm.com.br\/noticias\/policia-militar-de-osvaldo-cruz-prende-traficante-portando-cocaina\/"]}]},{"@type":"ImageObject","inLanguage":"pt-BR","@id":"https:\/\/radiolifefm.com.br\/noticias\/policia-militar-de-osvaldo-cruz-prende-traficante-portando-cocaina\/#primaryimage","url":"https:\/\/radiolifefm.com.br\/noticias\/wp-content\/uploads\/2019\/06\/Entorpecente-V-Esperan\u00e7a.jpg","contentUrl":"https:\/\/radiolifefm.com.br\/noticias\/wp-content\/uploads\/2019\/06\/Entorpecente-V-Esperan\u00e7a.jpg","width":719,"height":1280,"caption":"Traficante detido com coca\u00edna na Vila Esperan\u00e7a em Osvaldo Cruz - Foto - Pol\u00edcia\/Cedida"},{"@type":"BreadcrumbList","@id":"https:\/\/radiolifefm.com.br\/noticias\/policia-militar-de-osvaldo-cruz-prende-traficante-portando-cocaina\/#breadcrumb","itemListElement":[{"@type":"ListItem","position":1,"name":"In\u00edcio","item":"https:\/\/radiolifefm.com.br\/noticias\/"},{"@type":"ListItem","position":2,"name":"Pol\u00edcia Militar de Osvaldo Cruz prende traficante portando coca\u00edna"}]},{"@type":"WebSite","@id":"https:\/\/radiolifefm.com.br\/noticias\/#website","url":"https:\/\/radiolifefm.com.br\/noticias\/","name":"R\u00e1dio Life FM","description":"O Portal de Not\u00edcias de Adamantina","publisher":{"@id":"https:\/\/radiolifefm.com.br\/noticias\/#organization"},"alternateName":"Life FM","potentialAction":[{"@type":"SearchAction","target":{"@type":"EntryPoint","urlTemplate":"https:\/\/radiolifefm.com.br\/noticias\/?s={search_term_string}"},"query-input":{"@type":"PropertyValueSpecification","valueRequired":true,"valueName":"search_term_string"}}],"inLanguage":"pt-BR"},{"@type":"Organization","@id":"https:\/\/radiolifefm.com.br\/noticias\/#organization","name":"R\u00e1dio Life FM","alternateName":"Life FM","url":"https:\/\/radiolifefm.com.br\/noticias\/","logo":{"@type":"ImageObject","inLanguage":"pt-BR","@id":"https:\/\/radiolifefm.com.br\/noticias\/#\/schema\/logo\/image\/","url":"https:\/\/static.radiolifefm.com.br\/noticias\/wp-content\/uploads\/2019\/10\/logo-lifefm.png","contentUrl":"https:\/\/static.radiolifefm.com.br\/noticias\/wp-content\/uploads\/2019\/10\/logo-lifefm.png","width":196,"height":47,"caption":"R\u00e1dio Life FM"},"image":{"@id":"https:\/\/radiolifefm.com.br\/noticias\/#\/schema\/logo\/image\/"},"sameAs":["https:\/\/www.facebook.com\/radiolifefm\/","https:\/\/www.instagram.com\/life1079fm\/"]},{"@type":"Person","@id":"https:\/\/radiolifefm.com.br\/noticias\/#\/schema\/person\/1d4e4b1301322090c6221bf1c8420490","name":"lifefm","image":{"@type":"ImageObject","inLanguage":"pt-BR","@id":"https:\/\/secure.gravatar.com\/avatar\/eca268467d925ec97d20641bb054fd944c0abb2f92854171620706bbe6474e7c?s=96&d=mm&r=g","url":"https:\/\/secure.gravatar.com\/avatar\/eca268467d925ec97d20641bb054fd944c0abb2f92854171620706bbe6474e7c?s=96&d=mm&r=g","contentUrl":"https:\/\/secure.gravatar.com\/avatar\/eca268467d925ec97d20641bb054fd944c0abb2f92854171620706bbe6474e7c?s=96&d=mm&r=g","caption":"lifefm"}}]}},"amp_enabled":true,"_links":{"self":[{"href":"https:\/\/radiolifefm.com.br\/noticias\/wp-json\/wp\/v2\/posts\/14082","targetHints":{"allow":["GET"]}}],"collection":[{"href":"https:\/\/radiolifefm.com.br\/noticias\/wp-json\/wp\/v2\/posts"}],"about":[{"href":"https:\/\/radiolifefm.com.br\/noticias\/wp-json\/wp\/v2\/types\/post"}],"author":[{"embeddable":true,"href":"https:\/\/radiolifefm.com.br\/noticias\/wp-json\/wp\/v2\/users\/3"}],"replies":[{"embeddable":true,"href":"https:\/\/radiolifefm.com.br\/noticias\/wp-json\/wp\/v2\/comments?post=14082"}],"version-history":[{"count":1,"href":"https:\/\/radiolifefm.com.br\/noticias\/wp-json\/wp\/v2\/posts\/14082\/revisions"}],"predecessor-version":[{"id":14084,"href":"https:\/\/radiolifefm.com.br\/noticias\/wp-json\/wp\/v2\/posts\/14082\/revisions\/14084"}],"wp:featuredmedia":[{"embeddable":true,"href":"https:\/\/radiolifefm.com.br\/noticias\/wp-json\/wp\/v2\/media\/14083"}],"wp:attachment":[{"href":"https:\/\/radiolifefm.com.br\/noticias\/wp-json\/wp\/v2\/media?parent=14082"}],"wp:term":[{"taxonomy":"category","embeddable":true,"href":"https:\/\/radiolifefm.com.br\/noticias\/wp-json\/wp\/v2\/categories?post=14082"},{"taxonomy":"post_tag","embeddable":true,"href":"https:\/\/radiolifefm.com.br\/noticias\/wp-json\/wp\/v2\/tags?post=14082"}],"curies":[{"name":"wp","href":"https:\/\/api.w.org\/{rel}","templated":true}]}}