{"id":14066,"date":"2019-06-13T19:52:00","date_gmt":"2019-06-13T22:52:00","guid":{"rendered":"https:\/\/radiolifefm.com.br\/noticias\/?p=14066"},"modified":"2026-05-01T21:10:36","modified_gmt":"2026-05-02T00:10:36","slug":"caminhao-cacamba-sai-da-pista-apos-motorista-perder-controle-da-direcao-pela-sp-294","status":"publish","type":"post","link":"https:\/\/radiolifefm.com.br\/noticias\/caminhao-cacamba-sai-da-pista-apos-motorista-perder-controle-da-direcao-pela-sp-294\/","title":{"rendered":"Caminh\u00e3o ca\u00e7amba sai da pista ap\u00f3s motorista perder controle da dire\u00e7\u00e3o pela SP-294"},"content":{"rendered":"<div id=\"fb-root\"><\/div>\n<p><em>Acidente foi registrado pr\u00f3ximo ao trevo de acesso \u00e0 rodovia vicinal que liga Osvaldo Cruz a Salmour\u00e3o envolveu um caminh\u00e3o prancha de uma usina da regi\u00e3o<\/em><\/p>\n<p>No in\u00edcio da noite desta quinta Feira (13), foi registrado um acidente envolvendo um ve\u00edculo pesado, um caminh\u00e3o ca\u00e7amba de uma usina de \u00e1lcool da regi\u00e3o, utilizado normalmente para o transporte de insumos em geral na \u00e1rea agr\u00edcola da empresa.<\/p>\n<p>Segundo informa\u00e7\u00f5es colhidas no local, o caminh\u00e3o trafegava sentido Salmour\u00e3o para Luc\u00e9lia e ao se aproximar do trevo de acesso \u00e0 Rodovia Comandante Jo\u00e3o Ribeiro de Barros, SP-294, por motivos ainda a serem apurados, o motorista do caminh\u00e3o perdeu o controle da dire\u00e7\u00e3o e saiu para a lateral da pista. Ainda segundo informa\u00e7\u00f5es, a barra da dire\u00e7\u00e3o do caminh\u00e3o teria quebrado e isso teria causado o acidente.<\/p>\n<p>Felizmente ningu\u00e9m se feriu com gravidade, o tr\u00e2nsito ficou temporariamente prejudicado, mas, foi rapidamente liberado.<\/p>\n<p>Al\u00e9m da Pol\u00edcia Rodovi\u00e1ria e Pol\u00edcia Militar de Osvaldo Cruz, estiveram no local apoiando a ocorr\u00eancia, equipes do DER, Departamento de Estradas de Rodagem.<\/p>\n<p>Mais informa\u00e7\u00f5es a qualquer momento.<\/p>\n<div class='flex flex-wrap items-center -mx-1'>\r\n<a class='thumbnail gallery p-1 w-1\/2 md:w-1\/4' href='https:\/\/radiolifefm.com.br\/noticias\/wp-content\/uploads\/2019\/06\/Bio-3.jpg'><img class='border border-white' src='https:\/\/radiolifefm.com.br\/noticias\/wp-content\/uploads\/2019\/06\/Bio-3-200x200.jpg' alt='Bio   3' \/><\/a><a class='thumbnail gallery p-1 w-1\/2 md:w-1\/4' href='https:\/\/radiolifefm.com.br\/noticias\/wp-content\/uploads\/2019\/06\/Bio-5.jpg'><img class='border border-white' src='https:\/\/radiolifefm.com.br\/noticias\/wp-content\/uploads\/2019\/06\/Bio-5-200x200.jpg' alt='Bio   5' \/><\/a><a class='thumbnail gallery p-1 w-1\/2 md:w-1\/4' href='https:\/\/radiolifefm.com.br\/noticias\/wp-content\/uploads\/2019\/06\/Bio-6.jpg'><img class='border border-white' src='https:\/\/radiolifefm.com.br\/noticias\/wp-content\/uploads\/2019\/06\/Bio-6-200x200.jpg' alt='Bio   6' \/><\/a><\/div>\n<p>&nbsp;<\/p>\n<p>Informa\u00e7\u00f5es &#8211; Equipe DER<\/p>\n<p>Reda\u00e7\u00e3o &#8211; Kako de Oliveira<\/p>\n","protected":false},"excerpt":{"rendered":"<p>Acidente foi registrado pr\u00f3ximo ao trevo de acesso \u00e0 rodovia vicinal que liga Osvaldo Cruz a Salmour\u00e3o envolveu um caminh\u00e3o prancha de uma usina da regi\u00e3o No in\u00edcio da noite desta quinta Feira (13), foi registrado um acidente envolvendo um ve\u00edculo pesado, um caminh\u00e3o ca\u00e7amba de uma usina de \u00e1lcool da regi\u00e3o, utilizado normalmente para [&hellip;]<\/p>\n","protected":false},"author":3,"featured_media":14070,"comment_status":"closed","ping_status":"open","sticky":false,"template":"","format":"standard","meta":{"_acf_changed":false,"_exactmetrics_skip_tracking":false,"_exactmetrics_sitenote_active":false,"_exactmetrics_sitenote_note":"","_exactmetrics_sitenote_category":0,"footnotes":""},"categories":[24],"tags":[],"class_list":["post-14066","post","type-post","status-publish","format-standard","has-post-thumbnail","hentry","category-regiao"],"acf":[],"yoast_head":"<!-- This site is optimized with the Yoast SEO plugin v27.2 - https:\/\/yoast.com\/product\/yoast-seo-wordpress\/ -->\n<title>Caminh\u00e3o ca\u00e7amba sai da pista ap\u00f3s motorista perder controle da dire\u00e7\u00e3o pela SP-294 - R\u00e1dio Life FM<\/title>\n<meta name=\"robots\" content=\"index, follow, max-snippet:-1, max-image-preview:large, max-video-preview:-1\" \/>\n<link rel=\"canonical\" href=\"https:\/\/radiolifefm.com.br\/noticias\/caminhao-cacamba-sai-da-pista-apos-motorista-perder-controle-da-direcao-pela-sp-294\/\" \/>\n<meta property=\"og:locale\" content=\"pt_BR\" \/>\n<meta property=\"og:type\" content=\"article\" \/>\n<meta property=\"og:title\" content=\"Caminh\u00e3o ca\u00e7amba sai da pista ap\u00f3s motorista perder controle da dire\u00e7\u00e3o pela SP-294 - R\u00e1dio Life FM\" \/>\n<meta property=\"og:description\" content=\"Acidente foi registrado pr\u00f3ximo ao trevo de acesso \u00e0 rodovia vicinal que liga Osvaldo Cruz a Salmour\u00e3o envolveu um caminh\u00e3o prancha de uma usina da regi\u00e3o No in\u00edcio da noite desta quinta Feira (13), foi registrado um acidente envolvendo um ve\u00edculo pesado, um caminh\u00e3o ca\u00e7amba de uma usina de \u00e1lcool da regi\u00e3o, utilizado normalmente para [&hellip;]\" \/>\n<meta property=\"og:url\" content=\"https:\/\/radiolifefm.com.br\/noticias\/caminhao-cacamba-sai-da-pista-apos-motorista-perder-controle-da-direcao-pela-sp-294\/\" \/>\n<meta property=\"og:site_name\" content=\"R\u00e1dio Life FM\" \/>\n<meta property=\"article:publisher\" content=\"https:\/\/www.facebook.com\/radiolifefm\/\" \/>\n<meta property=\"article:published_time\" content=\"2019-06-13T22:52:00+00:00\" \/>\n<meta property=\"article:modified_time\" content=\"2026-05-02T00:10:36+00:00\" \/>\n<meta property=\"og:image\" content=\"https:\/\/radiolifefm.com.br\/noticias\/wp-content\/uploads\/2019\/06\/Bio-5.jpg\" \/>\n\t<meta property=\"og:image:width\" content=\"1280\" \/>\n\t<meta property=\"og:image:height\" content=\"720\" \/>\n\t<meta property=\"og:image:type\" content=\"image\/jpeg\" \/>\n<meta name=\"author\" content=\"lifefm\" \/>\n<meta name=\"twitter:card\" content=\"summary_large_image\" \/>\n<meta name=\"twitter:label1\" content=\"Escrito por\" \/>\n\t<meta name=\"twitter:data1\" content=\"lifefm\" \/>\n\t<meta name=\"twitter:label2\" content=\"Est. tempo de leitura\" \/>\n\t<meta name=\"twitter:data2\" content=\"1 minuto\" \/>\n<script type=\"application\/ld+json\" class=\"yoast-schema-graph\">{\"@context\":\"https:\/\/schema.org\",\"@graph\":[{\"@type\":\"Article\",\"@id\":\"https:\/\/radiolifefm.com.br\/noticias\/caminhao-cacamba-sai-da-pista-apos-motorista-perder-controle-da-direcao-pela-sp-294\/#article\",\"isPartOf\":{\"@id\":\"https:\/\/radiolifefm.com.br\/noticias\/caminhao-cacamba-sai-da-pista-apos-motorista-perder-controle-da-direcao-pela-sp-294\/\"},\"author\":{\"name\":\"lifefm\",\"@id\":\"https:\/\/radiolifefm.com.br\/noticias\/#\/schema\/person\/1d4e4b1301322090c6221bf1c8420490\"},\"headline\":\"Caminh\u00e3o ca\u00e7amba sai da pista ap\u00f3s motorista perder controle da dire\u00e7\u00e3o pela SP-294\",\"datePublished\":\"2019-06-13T22:52:00+00:00\",\"dateModified\":\"2026-05-02T00:10:36+00:00\",\"mainEntityOfPage\":{\"@id\":\"https:\/\/radiolifefm.com.br\/noticias\/caminhao-cacamba-sai-da-pista-apos-motorista-perder-controle-da-direcao-pela-sp-294\/\"},\"wordCount\":233,\"publisher\":{\"@id\":\"https:\/\/radiolifefm.com.br\/noticias\/#organization\"},\"image\":{\"@id\":\"https:\/\/radiolifefm.com.br\/noticias\/caminhao-cacamba-sai-da-pista-apos-motorista-perder-controle-da-direcao-pela-sp-294\/#primaryimage\"},\"thumbnailUrl\":\"https:\/\/radiolifefm.com.br\/noticias\/wp-content\/uploads\/2019\/06\/Bio-5.jpg\",\"articleSection\":[\"Regi\u00e3o\"],\"inLanguage\":\"pt-BR\"},{\"@type\":\"WebPage\",\"@id\":\"https:\/\/radiolifefm.com.br\/noticias\/caminhao-cacamba-sai-da-pista-apos-motorista-perder-controle-da-direcao-pela-sp-294\/\",\"url\":\"https:\/\/radiolifefm.com.br\/noticias\/caminhao-cacamba-sai-da-pista-apos-motorista-perder-controle-da-direcao-pela-sp-294\/\",\"name\":\"Caminh\u00e3o ca\u00e7amba sai da pista ap\u00f3s motorista perder controle da dire\u00e7\u00e3o pela SP-294 - R\u00e1dio Life FM\",\"isPartOf\":{\"@id\":\"https:\/\/radiolifefm.com.br\/noticias\/#website\"},\"primaryImageOfPage\":{\"@id\":\"https:\/\/radiolifefm.com.br\/noticias\/caminhao-cacamba-sai-da-pista-apos-motorista-perder-controle-da-direcao-pela-sp-294\/#primaryimage\"},\"image\":{\"@id\":\"https:\/\/radiolifefm.com.br\/noticias\/caminhao-cacamba-sai-da-pista-apos-motorista-perder-controle-da-direcao-pela-sp-294\/#primaryimage\"},\"thumbnailUrl\":\"https:\/\/radiolifefm.com.br\/noticias\/wp-content\/uploads\/2019\/06\/Bio-5.jpg\",\"datePublished\":\"2019-06-13T22:52:00+00:00\",\"dateModified\":\"2026-05-02T00:10:36+00:00\",\"breadcrumb\":{\"@id\":\"https:\/\/radiolifefm.com.br\/noticias\/caminhao-cacamba-sai-da-pista-apos-motorista-perder-controle-da-direcao-pela-sp-294\/#breadcrumb\"},\"inLanguage\":\"pt-BR\",\"potentialAction\":[{\"@type\":\"ReadAction\",\"target\":[\"https:\/\/radiolifefm.com.br\/noticias\/caminhao-cacamba-sai-da-pista-apos-motorista-perder-controle-da-direcao-pela-sp-294\/\"]}]},{\"@type\":\"ImageObject\",\"inLanguage\":\"pt-BR\",\"@id\":\"https:\/\/radiolifefm.com.br\/noticias\/caminhao-cacamba-sai-da-pista-apos-motorista-perder-controle-da-direcao-pela-sp-294\/#primaryimage\",\"url\":\"https:\/\/radiolifefm.com.br\/noticias\/wp-content\/uploads\/2019\/06\/Bio-5.jpg\",\"contentUrl\":\"https:\/\/radiolifefm.com.br\/noticias\/wp-content\/uploads\/2019\/06\/Bio-5.jpg\",\"width\":1280,\"height\":720,\"caption\":\"Caminh\u00e3o ca\u00e7amba de uma usina da regi\u00e3o saiu da pista ap\u00f3s ter a barra da dire\u00e7\u00e3o danificada - Fotos - DER\"},{\"@type\":\"BreadcrumbList\",\"@id\":\"https:\/\/radiolifefm.com.br\/noticias\/caminhao-cacamba-sai-da-pista-apos-motorista-perder-controle-da-direcao-pela-sp-294\/#breadcrumb\",\"itemListElement\":[{\"@type\":\"ListItem\",\"position\":1,\"name\":\"In\u00edcio\",\"item\":\"https:\/\/radiolifefm.com.br\/noticias\/\"},{\"@type\":\"ListItem\",\"position\":2,\"name\":\"Caminh\u00e3o ca\u00e7amba sai da pista ap\u00f3s motorista perder controle da dire\u00e7\u00e3o pela SP-294\"}]},{\"@type\":\"WebSite\",\"@id\":\"https:\/\/radiolifefm.com.br\/noticias\/#website\",\"url\":\"https:\/\/radiolifefm.com.br\/noticias\/\",\"name\":\"R\u00e1dio Life FM\",\"description\":\"O Portal de Not\u00edcias de Adamantina\",\"publisher\":{\"@id\":\"https:\/\/radiolifefm.com.br\/noticias\/#organization\"},\"alternateName\":\"Life FM\",\"potentialAction\":[{\"@type\":\"SearchAction\",\"target\":{\"@type\":\"EntryPoint\",\"urlTemplate\":\"https:\/\/radiolifefm.com.br\/noticias\/?s={search_term_string}\"},\"query-input\":{\"@type\":\"PropertyValueSpecification\",\"valueRequired\":true,\"valueName\":\"search_term_string\"}}],\"inLanguage\":\"pt-BR\"},{\"@type\":\"Organization\",\"@id\":\"https:\/\/radiolifefm.com.br\/noticias\/#organization\",\"name\":\"R\u00e1dio Life FM\",\"alternateName\":\"Life FM\",\"url\":\"https:\/\/radiolifefm.com.br\/noticias\/\",\"logo\":{\"@type\":\"ImageObject\",\"inLanguage\":\"pt-BR\",\"@id\":\"https:\/\/radiolifefm.com.br\/noticias\/#\/schema\/logo\/image\/\",\"url\":\"https:\/\/static.radiolifefm.com.br\/noticias\/wp-content\/uploads\/2019\/10\/logo-lifefm.png\",\"contentUrl\":\"https:\/\/static.radiolifefm.com.br\/noticias\/wp-content\/uploads\/2019\/10\/logo-lifefm.png\",\"width\":196,\"height\":47,\"caption\":\"R\u00e1dio Life FM\"},\"image\":{\"@id\":\"https:\/\/radiolifefm.com.br\/noticias\/#\/schema\/logo\/image\/\"},\"sameAs\":[\"https:\/\/www.facebook.com\/radiolifefm\/\",\"https:\/\/www.instagram.com\/life1079fm\/\"]},{\"@type\":\"Person\",\"@id\":\"https:\/\/radiolifefm.com.br\/noticias\/#\/schema\/person\/1d4e4b1301322090c6221bf1c8420490\",\"name\":\"lifefm\",\"image\":{\"@type\":\"ImageObject\",\"inLanguage\":\"pt-BR\",\"@id\":\"https:\/\/secure.gravatar.com\/avatar\/eca268467d925ec97d20641bb054fd944c0abb2f92854171620706bbe6474e7c?s=96&d=mm&r=g\",\"url\":\"https:\/\/secure.gravatar.com\/avatar\/eca268467d925ec97d20641bb054fd944c0abb2f92854171620706bbe6474e7c?s=96&d=mm&r=g\",\"contentUrl\":\"https:\/\/secure.gravatar.com\/avatar\/eca268467d925ec97d20641bb054fd944c0abb2f92854171620706bbe6474e7c?s=96&d=mm&r=g\",\"caption\":\"lifefm\"}}]}<\/script>\n<!-- \/ Yoast SEO plugin. -->","yoast_head_json":{"title":"Caminh\u00e3o ca\u00e7amba sai da pista ap\u00f3s motorista perder controle da dire\u00e7\u00e3o pela SP-294 - R\u00e1dio Life FM","robots":{"index":"index","follow":"follow","max-snippet":"max-snippet:-1","max-image-preview":"max-image-preview:large","max-video-preview":"max-video-preview:-1"},"canonical":"https:\/\/radiolifefm.com.br\/noticias\/caminhao-cacamba-sai-da-pista-apos-motorista-perder-controle-da-direcao-pela-sp-294\/","og_locale":"pt_BR","og_type":"article","og_title":"Caminh\u00e3o ca\u00e7amba sai da pista ap\u00f3s motorista perder controle da dire\u00e7\u00e3o pela SP-294 - R\u00e1dio Life FM","og_description":"Acidente foi registrado pr\u00f3ximo ao trevo de acesso \u00e0 rodovia vicinal que liga Osvaldo Cruz a Salmour\u00e3o envolveu um caminh\u00e3o prancha de uma usina da regi\u00e3o No in\u00edcio da noite desta quinta Feira (13), foi registrado um acidente envolvendo um ve\u00edculo pesado, um caminh\u00e3o ca\u00e7amba de uma usina de \u00e1lcool da regi\u00e3o, utilizado normalmente para [&hellip;]","og_url":"https:\/\/radiolifefm.com.br\/noticias\/caminhao-cacamba-sai-da-pista-apos-motorista-perder-controle-da-direcao-pela-sp-294\/","og_site_name":"R\u00e1dio Life FM","article_publisher":"https:\/\/www.facebook.com\/radiolifefm\/","article_published_time":"2019-06-13T22:52:00+00:00","article_modified_time":"2026-05-02T00:10:36+00:00","og_image":[{"width":1280,"height":720,"url":"https:\/\/radiolifefm.com.br\/noticias\/wp-content\/uploads\/2019\/06\/Bio-5.jpg","type":"image\/jpeg"}],"author":"lifefm","twitter_card":"summary_large_image","twitter_misc":{"Escrito por":"lifefm","Est. tempo de leitura":"1 minuto"},"schema":{"@context":"https:\/\/schema.org","@graph":[{"@type":"Article","@id":"https:\/\/radiolifefm.com.br\/noticias\/caminhao-cacamba-sai-da-pista-apos-motorista-perder-controle-da-direcao-pela-sp-294\/#article","isPartOf":{"@id":"https:\/\/radiolifefm.com.br\/noticias\/caminhao-cacamba-sai-da-pista-apos-motorista-perder-controle-da-direcao-pela-sp-294\/"},"author":{"name":"lifefm","@id":"https:\/\/radiolifefm.com.br\/noticias\/#\/schema\/person\/1d4e4b1301322090c6221bf1c8420490"},"headline":"Caminh\u00e3o ca\u00e7amba sai da pista ap\u00f3s motorista perder controle da dire\u00e7\u00e3o pela SP-294","datePublished":"2019-06-13T22:52:00+00:00","dateModified":"2026-05-02T00:10:36+00:00","mainEntityOfPage":{"@id":"https:\/\/radiolifefm.com.br\/noticias\/caminhao-cacamba-sai-da-pista-apos-motorista-perder-controle-da-direcao-pela-sp-294\/"},"wordCount":233,"publisher":{"@id":"https:\/\/radiolifefm.com.br\/noticias\/#organization"},"image":{"@id":"https:\/\/radiolifefm.com.br\/noticias\/caminhao-cacamba-sai-da-pista-apos-motorista-perder-controle-da-direcao-pela-sp-294\/#primaryimage"},"thumbnailUrl":"https:\/\/radiolifefm.com.br\/noticias\/wp-content\/uploads\/2019\/06\/Bio-5.jpg","articleSection":["Regi\u00e3o"],"inLanguage":"pt-BR"},{"@type":"WebPage","@id":"https:\/\/radiolifefm.com.br\/noticias\/caminhao-cacamba-sai-da-pista-apos-motorista-perder-controle-da-direcao-pela-sp-294\/","url":"https:\/\/radiolifefm.com.br\/noticias\/caminhao-cacamba-sai-da-pista-apos-motorista-perder-controle-da-direcao-pela-sp-294\/","name":"Caminh\u00e3o ca\u00e7amba sai da pista ap\u00f3s motorista perder controle da dire\u00e7\u00e3o pela SP-294 - R\u00e1dio Life FM","isPartOf":{"@id":"https:\/\/radiolifefm.com.br\/noticias\/#website"},"primaryImageOfPage":{"@id":"https:\/\/radiolifefm.com.br\/noticias\/caminhao-cacamba-sai-da-pista-apos-motorista-perder-controle-da-direcao-pela-sp-294\/#primaryimage"},"image":{"@id":"https:\/\/radiolifefm.com.br\/noticias\/caminhao-cacamba-sai-da-pista-apos-motorista-perder-controle-da-direcao-pela-sp-294\/#primaryimage"},"thumbnailUrl":"https:\/\/radiolifefm.com.br\/noticias\/wp-content\/uploads\/2019\/06\/Bio-5.jpg","datePublished":"2019-06-13T22:52:00+00:00","dateModified":"2026-05-02T00:10:36+00:00","breadcrumb":{"@id":"https:\/\/radiolifefm.com.br\/noticias\/caminhao-cacamba-sai-da-pista-apos-motorista-perder-controle-da-direcao-pela-sp-294\/#breadcrumb"},"inLanguage":"pt-BR","potentialAction":[{"@type":"ReadAction","target":["https:\/\/radiolifefm.com.br\/noticias\/caminhao-cacamba-sai-da-pista-apos-motorista-perder-controle-da-direcao-pela-sp-294\/"]}]},{"@type":"ImageObject","inLanguage":"pt-BR","@id":"https:\/\/radiolifefm.com.br\/noticias\/caminhao-cacamba-sai-da-pista-apos-motorista-perder-controle-da-direcao-pela-sp-294\/#primaryimage","url":"https:\/\/radiolifefm.com.br\/noticias\/wp-content\/uploads\/2019\/06\/Bio-5.jpg","contentUrl":"https:\/\/radiolifefm.com.br\/noticias\/wp-content\/uploads\/2019\/06\/Bio-5.jpg","width":1280,"height":720,"caption":"Caminh\u00e3o ca\u00e7amba de uma usina da regi\u00e3o saiu da pista ap\u00f3s ter a barra da dire\u00e7\u00e3o danificada - Fotos - DER"},{"@type":"BreadcrumbList","@id":"https:\/\/radiolifefm.com.br\/noticias\/caminhao-cacamba-sai-da-pista-apos-motorista-perder-controle-da-direcao-pela-sp-294\/#breadcrumb","itemListElement":[{"@type":"ListItem","position":1,"name":"In\u00edcio","item":"https:\/\/radiolifefm.com.br\/noticias\/"},{"@type":"ListItem","position":2,"name":"Caminh\u00e3o ca\u00e7amba sai da pista ap\u00f3s motorista perder controle da dire\u00e7\u00e3o pela SP-294"}]},{"@type":"WebSite","@id":"https:\/\/radiolifefm.com.br\/noticias\/#website","url":"https:\/\/radiolifefm.com.br\/noticias\/","name":"R\u00e1dio Life FM","description":"O Portal de Not\u00edcias de Adamantina","publisher":{"@id":"https:\/\/radiolifefm.com.br\/noticias\/#organization"},"alternateName":"Life FM","potentialAction":[{"@type":"SearchAction","target":{"@type":"EntryPoint","urlTemplate":"https:\/\/radiolifefm.com.br\/noticias\/?s={search_term_string}"},"query-input":{"@type":"PropertyValueSpecification","valueRequired":true,"valueName":"search_term_string"}}],"inLanguage":"pt-BR"},{"@type":"Organization","@id":"https:\/\/radiolifefm.com.br\/noticias\/#organization","name":"R\u00e1dio Life FM","alternateName":"Life FM","url":"https:\/\/radiolifefm.com.br\/noticias\/","logo":{"@type":"ImageObject","inLanguage":"pt-BR","@id":"https:\/\/radiolifefm.com.br\/noticias\/#\/schema\/logo\/image\/","url":"https:\/\/static.radiolifefm.com.br\/noticias\/wp-content\/uploads\/2019\/10\/logo-lifefm.png","contentUrl":"https:\/\/static.radiolifefm.com.br\/noticias\/wp-content\/uploads\/2019\/10\/logo-lifefm.png","width":196,"height":47,"caption":"R\u00e1dio Life FM"},"image":{"@id":"https:\/\/radiolifefm.com.br\/noticias\/#\/schema\/logo\/image\/"},"sameAs":["https:\/\/www.facebook.com\/radiolifefm\/","https:\/\/www.instagram.com\/life1079fm\/"]},{"@type":"Person","@id":"https:\/\/radiolifefm.com.br\/noticias\/#\/schema\/person\/1d4e4b1301322090c6221bf1c8420490","name":"lifefm","image":{"@type":"ImageObject","inLanguage":"pt-BR","@id":"https:\/\/secure.gravatar.com\/avatar\/eca268467d925ec97d20641bb054fd944c0abb2f92854171620706bbe6474e7c?s=96&d=mm&r=g","url":"https:\/\/secure.gravatar.com\/avatar\/eca268467d925ec97d20641bb054fd944c0abb2f92854171620706bbe6474e7c?s=96&d=mm&r=g","contentUrl":"https:\/\/secure.gravatar.com\/avatar\/eca268467d925ec97d20641bb054fd944c0abb2f92854171620706bbe6474e7c?s=96&d=mm&r=g","caption":"lifefm"}}]}},"amp_enabled":true,"_links":{"self":[{"href":"https:\/\/radiolifefm.com.br\/noticias\/wp-json\/wp\/v2\/posts\/14066","targetHints":{"allow":["GET"]}}],"collection":[{"href":"https:\/\/radiolifefm.com.br\/noticias\/wp-json\/wp\/v2\/posts"}],"about":[{"href":"https:\/\/radiolifefm.com.br\/noticias\/wp-json\/wp\/v2\/types\/post"}],"author":[{"embeddable":true,"href":"https:\/\/radiolifefm.com.br\/noticias\/wp-json\/wp\/v2\/users\/3"}],"replies":[{"embeddable":true,"href":"https:\/\/radiolifefm.com.br\/noticias\/wp-json\/wp\/v2\/comments?post=14066"}],"version-history":[{"count":3,"href":"https:\/\/radiolifefm.com.br\/noticias\/wp-json\/wp\/v2\/posts\/14066\/revisions"}],"predecessor-version":[{"id":14127,"href":"https:\/\/radiolifefm.com.br\/noticias\/wp-json\/wp\/v2\/posts\/14066\/revisions\/14127"}],"wp:featuredmedia":[{"embeddable":true,"href":"https:\/\/radiolifefm.com.br\/noticias\/wp-json\/wp\/v2\/media\/14070"}],"wp:attachment":[{"href":"https:\/\/radiolifefm.com.br\/noticias\/wp-json\/wp\/v2\/media?parent=14066"}],"wp:term":[{"taxonomy":"category","embeddable":true,"href":"https:\/\/radiolifefm.com.br\/noticias\/wp-json\/wp\/v2\/categories?post=14066"},{"taxonomy":"post_tag","embeddable":true,"href":"https:\/\/radiolifefm.com.br\/noticias\/wp-json\/wp\/v2\/tags?post=14066"}],"curies":[{"name":"wp","href":"https:\/\/api.w.org\/{rel}","templated":true}]}}