{"id":14062,"date":"2019-06-13T16:59:57","date_gmt":"2019-06-13T19:59:57","guid":{"rendered":"https:\/\/radiolifefm.com.br\/noticias\/?p=14062"},"modified":"2026-04-17T16:35:26","modified_gmt":"2026-04-17T19:35:26","slug":"home-e-detido-portando-mais-de-1-kg-de-haxixe-em-onibus-de-linha-na-entrada-de-osvaldo-cruz","status":"publish","type":"post","link":"https:\/\/radiolifefm.com.br\/noticias\/home-e-detido-portando-mais-de-1-kg-de-haxixe-em-onibus-de-linha-na-entrada-de-osvaldo-cruz\/","title":{"rendered":"Home \u00e9 detido portando mais de 1 kg de Haxixe em \u00f4nibus de linha na entrada de Osvaldo Cruz"},"content":{"rendered":"<div id=\"fb-root\"><\/div>\n<p><em>Homem perdeu a parada em Parapu\u00e3 e por conta disso foi flagrado com entorpecente<\/em><\/p>\n<p>Durante uma opera\u00e7\u00e3o visando a repress\u00e3o do transporte de drogas em \u00f4nibus, foi abordado um coletivo na entrada da cidade de Osvaldo Cruz, que tinha como destino Tupi Paulista.<\/p>\n<p>Durante as buscas nos pertences dos passageiros, foi encontrado na bagagem de m\u00e3o do indiciado, L.V.B.S.S., aproximadamente 1,133 Kg de Haxixe.<\/p>\n<p>O indiciado informou aos policiais que receberia R$500,00 reais para transportar a droga, da Rodovi\u00e1ria da Barra Funda at\u00e9 a cidade de Parapu\u00e3, por\u00e9m informou que perdeu a parada na cidade.<\/p>\n<p>Ele n\u00e3o soube identificar o propriet\u00e1rio do entorpecente.<\/p>\n<p>Foi dado voz de pris\u00e3o ao indiciado pelo crime de Tr\u00e1fico de Drogas e o mesmo conduzido \u00e0 delegacia de Osvaldo Cruz.<\/p>\n<p>Informa\u00e7\u00f5es &#8211; Pol\u00edcia Militar<\/p>\n<p>Reda\u00e7\u00e3o &#8211; Kako de Oliveira<\/p>\n","protected":false},"excerpt":{"rendered":"<p>Homem perdeu a parada em Parapu\u00e3 e por conta disso foi flagrado com entorpecente Durante uma opera\u00e7\u00e3o visando a repress\u00e3o do transporte de drogas em \u00f4nibus, foi abordado um coletivo na entrada da cidade de Osvaldo Cruz, que tinha como destino Tupi Paulista. Durante as buscas nos pertences dos passageiros, foi encontrado na bagagem de [&hellip;]<\/p>\n","protected":false},"author":3,"featured_media":14063,"comment_status":"closed","ping_status":"open","sticky":false,"template":"","format":"standard","meta":{"_acf_changed":false,"_exactmetrics_skip_tracking":false,"_exactmetrics_sitenote_active":false,"_exactmetrics_sitenote_note":"","_exactmetrics_sitenote_category":0,"footnotes":""},"categories":[24],"tags":[],"class_list":["post-14062","post","type-post","status-publish","format-standard","has-post-thumbnail","hentry","category-regiao"],"acf":[],"yoast_head":"<!-- This site is optimized with the Yoast SEO plugin v27.2 - https:\/\/yoast.com\/product\/yoast-seo-wordpress\/ -->\n<title>Home \u00e9 detido portando mais de 1 kg de Haxixe em \u00f4nibus de linha na entrada de Osvaldo Cruz - R\u00e1dio Life FM<\/title>\n<meta name=\"robots\" content=\"index, follow, max-snippet:-1, max-image-preview:large, max-video-preview:-1\" \/>\n<link rel=\"canonical\" href=\"https:\/\/radiolifefm.com.br\/noticias\/home-e-detido-portando-mais-de-1-kg-de-haxixe-em-onibus-de-linha-na-entrada-de-osvaldo-cruz\/\" \/>\n<meta property=\"og:locale\" content=\"pt_BR\" \/>\n<meta property=\"og:type\" content=\"article\" \/>\n<meta property=\"og:title\" content=\"Home \u00e9 detido portando mais de 1 kg de Haxixe em \u00f4nibus de linha na entrada de Osvaldo Cruz - R\u00e1dio Life FM\" \/>\n<meta property=\"og:description\" content=\"Homem perdeu a parada em Parapu\u00e3 e por conta disso foi flagrado com entorpecente Durante uma opera\u00e7\u00e3o visando a repress\u00e3o do transporte de drogas em \u00f4nibus, foi abordado um coletivo na entrada da cidade de Osvaldo Cruz, que tinha como destino Tupi Paulista. Durante as buscas nos pertences dos passageiros, foi encontrado na bagagem de [&hellip;]\" \/>\n<meta property=\"og:url\" content=\"https:\/\/radiolifefm.com.br\/noticias\/home-e-detido-portando-mais-de-1-kg-de-haxixe-em-onibus-de-linha-na-entrada-de-osvaldo-cruz\/\" \/>\n<meta property=\"og:site_name\" content=\"R\u00e1dio Life FM\" \/>\n<meta property=\"article:publisher\" content=\"https:\/\/www.facebook.com\/radiolifefm\/\" \/>\n<meta property=\"article:published_time\" content=\"2019-06-13T19:59:57+00:00\" \/>\n<meta property=\"article:modified_time\" content=\"2026-04-17T19:35:26+00:00\" \/>\n<meta property=\"og:image\" content=\"https:\/\/radiolifefm.com.br\/noticias\/wp-content\/uploads\/2019\/06\/Tr\u00e1fico-Haxixe-OC.jpg\" \/>\n\t<meta property=\"og:image:width\" content=\"1280\" \/>\n\t<meta property=\"og:image:height\" content=\"960\" \/>\n\t<meta property=\"og:image:type\" content=\"image\/jpeg\" \/>\n<meta name=\"author\" content=\"lifefm\" \/>\n<meta name=\"twitter:card\" content=\"summary_large_image\" \/>\n<meta name=\"twitter:label1\" content=\"Escrito por\" \/>\n\t<meta name=\"twitter:data1\" content=\"lifefm\" \/>\n\t<meta name=\"twitter:label2\" content=\"Est. tempo de leitura\" \/>\n\t<meta name=\"twitter:data2\" content=\"1 minuto\" \/>\n<script type=\"application\/ld+json\" class=\"yoast-schema-graph\">{\"@context\":\"https:\/\/schema.org\",\"@graph\":[{\"@type\":\"Article\",\"@id\":\"https:\/\/radiolifefm.com.br\/noticias\/home-e-detido-portando-mais-de-1-kg-de-haxixe-em-onibus-de-linha-na-entrada-de-osvaldo-cruz\/#article\",\"isPartOf\":{\"@id\":\"https:\/\/radiolifefm.com.br\/noticias\/home-e-detido-portando-mais-de-1-kg-de-haxixe-em-onibus-de-linha-na-entrada-de-osvaldo-cruz\/\"},\"author\":{\"name\":\"lifefm\",\"@id\":\"https:\/\/radiolifefm.com.br\/noticias\/#\/schema\/person\/1d4e4b1301322090c6221bf1c8420490\"},\"headline\":\"Home \u00e9 detido portando mais de 1 kg de Haxixe em \u00f4nibus de linha na entrada de Osvaldo Cruz\",\"datePublished\":\"2019-06-13T19:59:57+00:00\",\"dateModified\":\"2026-04-17T19:35:26+00:00\",\"mainEntityOfPage\":{\"@id\":\"https:\/\/radiolifefm.com.br\/noticias\/home-e-detido-portando-mais-de-1-kg-de-haxixe-em-onibus-de-linha-na-entrada-de-osvaldo-cruz\/\"},\"wordCount\":165,\"publisher\":{\"@id\":\"https:\/\/radiolifefm.com.br\/noticias\/#organization\"},\"image\":{\"@id\":\"https:\/\/radiolifefm.com.br\/noticias\/home-e-detido-portando-mais-de-1-kg-de-haxixe-em-onibus-de-linha-na-entrada-de-osvaldo-cruz\/#primaryimage\"},\"thumbnailUrl\":\"https:\/\/radiolifefm.com.br\/noticias\/wp-content\/uploads\/2019\/06\/Tr\u00e1fico-Haxixe-OC.jpg\",\"articleSection\":[\"Regi\u00e3o\"],\"inLanguage\":\"pt-BR\"},{\"@type\":\"WebPage\",\"@id\":\"https:\/\/radiolifefm.com.br\/noticias\/home-e-detido-portando-mais-de-1-kg-de-haxixe-em-onibus-de-linha-na-entrada-de-osvaldo-cruz\/\",\"url\":\"https:\/\/radiolifefm.com.br\/noticias\/home-e-detido-portando-mais-de-1-kg-de-haxixe-em-onibus-de-linha-na-entrada-de-osvaldo-cruz\/\",\"name\":\"Home \u00e9 detido portando mais de 1 kg de Haxixe em \u00f4nibus de linha na entrada de Osvaldo Cruz - R\u00e1dio Life FM\",\"isPartOf\":{\"@id\":\"https:\/\/radiolifefm.com.br\/noticias\/#website\"},\"primaryImageOfPage\":{\"@id\":\"https:\/\/radiolifefm.com.br\/noticias\/home-e-detido-portando-mais-de-1-kg-de-haxixe-em-onibus-de-linha-na-entrada-de-osvaldo-cruz\/#primaryimage\"},\"image\":{\"@id\":\"https:\/\/radiolifefm.com.br\/noticias\/home-e-detido-portando-mais-de-1-kg-de-haxixe-em-onibus-de-linha-na-entrada-de-osvaldo-cruz\/#primaryimage\"},\"thumbnailUrl\":\"https:\/\/radiolifefm.com.br\/noticias\/wp-content\/uploads\/2019\/06\/Tr\u00e1fico-Haxixe-OC.jpg\",\"datePublished\":\"2019-06-13T19:59:57+00:00\",\"dateModified\":\"2026-04-17T19:35:26+00:00\",\"breadcrumb\":{\"@id\":\"https:\/\/radiolifefm.com.br\/noticias\/home-e-detido-portando-mais-de-1-kg-de-haxixe-em-onibus-de-linha-na-entrada-de-osvaldo-cruz\/#breadcrumb\"},\"inLanguage\":\"pt-BR\",\"potentialAction\":[{\"@type\":\"ReadAction\",\"target\":[\"https:\/\/radiolifefm.com.br\/noticias\/home-e-detido-portando-mais-de-1-kg-de-haxixe-em-onibus-de-linha-na-entrada-de-osvaldo-cruz\/\"]}]},{\"@type\":\"ImageObject\",\"inLanguage\":\"pt-BR\",\"@id\":\"https:\/\/radiolifefm.com.br\/noticias\/home-e-detido-portando-mais-de-1-kg-de-haxixe-em-onibus-de-linha-na-entrada-de-osvaldo-cruz\/#primaryimage\",\"url\":\"https:\/\/radiolifefm.com.br\/noticias\/wp-content\/uploads\/2019\/06\/Tr\u00e1fico-Haxixe-OC.jpg\",\"contentUrl\":\"https:\/\/radiolifefm.com.br\/noticias\/wp-content\/uploads\/2019\/06\/Tr\u00e1fico-Haxixe-OC.jpg\",\"width\":1280,\"height\":960,\"caption\":\"Passageiro de \u00f4nibus abordado pela pol\u00edcia Militar foi detido portando Haxixe - Foto - Pol\u00edcia\"},{\"@type\":\"BreadcrumbList\",\"@id\":\"https:\/\/radiolifefm.com.br\/noticias\/home-e-detido-portando-mais-de-1-kg-de-haxixe-em-onibus-de-linha-na-entrada-de-osvaldo-cruz\/#breadcrumb\",\"itemListElement\":[{\"@type\":\"ListItem\",\"position\":1,\"name\":\"In\u00edcio\",\"item\":\"https:\/\/radiolifefm.com.br\/noticias\/\"},{\"@type\":\"ListItem\",\"position\":2,\"name\":\"Home \u00e9 detido portando mais de 1 kg de Haxixe em \u00f4nibus de linha na entrada de Osvaldo Cruz\"}]},{\"@type\":\"WebSite\",\"@id\":\"https:\/\/radiolifefm.com.br\/noticias\/#website\",\"url\":\"https:\/\/radiolifefm.com.br\/noticias\/\",\"name\":\"R\u00e1dio Life FM\",\"description\":\"O Portal de Not\u00edcias de Adamantina\",\"publisher\":{\"@id\":\"https:\/\/radiolifefm.com.br\/noticias\/#organization\"},\"alternateName\":\"Life FM\",\"potentialAction\":[{\"@type\":\"SearchAction\",\"target\":{\"@type\":\"EntryPoint\",\"urlTemplate\":\"https:\/\/radiolifefm.com.br\/noticias\/?s={search_term_string}\"},\"query-input\":{\"@type\":\"PropertyValueSpecification\",\"valueRequired\":true,\"valueName\":\"search_term_string\"}}],\"inLanguage\":\"pt-BR\"},{\"@type\":\"Organization\",\"@id\":\"https:\/\/radiolifefm.com.br\/noticias\/#organization\",\"name\":\"R\u00e1dio Life FM\",\"alternateName\":\"Life FM\",\"url\":\"https:\/\/radiolifefm.com.br\/noticias\/\",\"logo\":{\"@type\":\"ImageObject\",\"inLanguage\":\"pt-BR\",\"@id\":\"https:\/\/radiolifefm.com.br\/noticias\/#\/schema\/logo\/image\/\",\"url\":\"https:\/\/static.radiolifefm.com.br\/noticias\/wp-content\/uploads\/2019\/10\/logo-lifefm.png\",\"contentUrl\":\"https:\/\/static.radiolifefm.com.br\/noticias\/wp-content\/uploads\/2019\/10\/logo-lifefm.png\",\"width\":196,\"height\":47,\"caption\":\"R\u00e1dio Life FM\"},\"image\":{\"@id\":\"https:\/\/radiolifefm.com.br\/noticias\/#\/schema\/logo\/image\/\"},\"sameAs\":[\"https:\/\/www.facebook.com\/radiolifefm\/\",\"https:\/\/www.instagram.com\/life1079fm\/\"]},{\"@type\":\"Person\",\"@id\":\"https:\/\/radiolifefm.com.br\/noticias\/#\/schema\/person\/1d4e4b1301322090c6221bf1c8420490\",\"name\":\"lifefm\",\"image\":{\"@type\":\"ImageObject\",\"inLanguage\":\"pt-BR\",\"@id\":\"https:\/\/secure.gravatar.com\/avatar\/eca268467d925ec97d20641bb054fd944c0abb2f92854171620706bbe6474e7c?s=96&d=mm&r=g\",\"url\":\"https:\/\/secure.gravatar.com\/avatar\/eca268467d925ec97d20641bb054fd944c0abb2f92854171620706bbe6474e7c?s=96&d=mm&r=g\",\"contentUrl\":\"https:\/\/secure.gravatar.com\/avatar\/eca268467d925ec97d20641bb054fd944c0abb2f92854171620706bbe6474e7c?s=96&d=mm&r=g\",\"caption\":\"lifefm\"}}]}<\/script>\n<!-- \/ Yoast SEO plugin. -->","yoast_head_json":{"title":"Home \u00e9 detido portando mais de 1 kg de Haxixe em \u00f4nibus de linha na entrada de Osvaldo Cruz - R\u00e1dio Life FM","robots":{"index":"index","follow":"follow","max-snippet":"max-snippet:-1","max-image-preview":"max-image-preview:large","max-video-preview":"max-video-preview:-1"},"canonical":"https:\/\/radiolifefm.com.br\/noticias\/home-e-detido-portando-mais-de-1-kg-de-haxixe-em-onibus-de-linha-na-entrada-de-osvaldo-cruz\/","og_locale":"pt_BR","og_type":"article","og_title":"Home \u00e9 detido portando mais de 1 kg de Haxixe em \u00f4nibus de linha na entrada de Osvaldo Cruz - R\u00e1dio Life FM","og_description":"Homem perdeu a parada em Parapu\u00e3 e por conta disso foi flagrado com entorpecente Durante uma opera\u00e7\u00e3o visando a repress\u00e3o do transporte de drogas em \u00f4nibus, foi abordado um coletivo na entrada da cidade de Osvaldo Cruz, que tinha como destino Tupi Paulista. Durante as buscas nos pertences dos passageiros, foi encontrado na bagagem de [&hellip;]","og_url":"https:\/\/radiolifefm.com.br\/noticias\/home-e-detido-portando-mais-de-1-kg-de-haxixe-em-onibus-de-linha-na-entrada-de-osvaldo-cruz\/","og_site_name":"R\u00e1dio Life FM","article_publisher":"https:\/\/www.facebook.com\/radiolifefm\/","article_published_time":"2019-06-13T19:59:57+00:00","article_modified_time":"2026-04-17T19:35:26+00:00","og_image":[{"width":1280,"height":960,"url":"https:\/\/radiolifefm.com.br\/noticias\/wp-content\/uploads\/2019\/06\/Tr\u00e1fico-Haxixe-OC.jpg","type":"image\/jpeg"}],"author":"lifefm","twitter_card":"summary_large_image","twitter_misc":{"Escrito por":"lifefm","Est. tempo de leitura":"1 minuto"},"schema":{"@context":"https:\/\/schema.org","@graph":[{"@type":"Article","@id":"https:\/\/radiolifefm.com.br\/noticias\/home-e-detido-portando-mais-de-1-kg-de-haxixe-em-onibus-de-linha-na-entrada-de-osvaldo-cruz\/#article","isPartOf":{"@id":"https:\/\/radiolifefm.com.br\/noticias\/home-e-detido-portando-mais-de-1-kg-de-haxixe-em-onibus-de-linha-na-entrada-de-osvaldo-cruz\/"},"author":{"name":"lifefm","@id":"https:\/\/radiolifefm.com.br\/noticias\/#\/schema\/person\/1d4e4b1301322090c6221bf1c8420490"},"headline":"Home \u00e9 detido portando mais de 1 kg de Haxixe em \u00f4nibus de linha na entrada de Osvaldo Cruz","datePublished":"2019-06-13T19:59:57+00:00","dateModified":"2026-04-17T19:35:26+00:00","mainEntityOfPage":{"@id":"https:\/\/radiolifefm.com.br\/noticias\/home-e-detido-portando-mais-de-1-kg-de-haxixe-em-onibus-de-linha-na-entrada-de-osvaldo-cruz\/"},"wordCount":165,"publisher":{"@id":"https:\/\/radiolifefm.com.br\/noticias\/#organization"},"image":{"@id":"https:\/\/radiolifefm.com.br\/noticias\/home-e-detido-portando-mais-de-1-kg-de-haxixe-em-onibus-de-linha-na-entrada-de-osvaldo-cruz\/#primaryimage"},"thumbnailUrl":"https:\/\/radiolifefm.com.br\/noticias\/wp-content\/uploads\/2019\/06\/Tr\u00e1fico-Haxixe-OC.jpg","articleSection":["Regi\u00e3o"],"inLanguage":"pt-BR"},{"@type":"WebPage","@id":"https:\/\/radiolifefm.com.br\/noticias\/home-e-detido-portando-mais-de-1-kg-de-haxixe-em-onibus-de-linha-na-entrada-de-osvaldo-cruz\/","url":"https:\/\/radiolifefm.com.br\/noticias\/home-e-detido-portando-mais-de-1-kg-de-haxixe-em-onibus-de-linha-na-entrada-de-osvaldo-cruz\/","name":"Home \u00e9 detido portando mais de 1 kg de Haxixe em \u00f4nibus de linha na entrada de Osvaldo Cruz - R\u00e1dio Life FM","isPartOf":{"@id":"https:\/\/radiolifefm.com.br\/noticias\/#website"},"primaryImageOfPage":{"@id":"https:\/\/radiolifefm.com.br\/noticias\/home-e-detido-portando-mais-de-1-kg-de-haxixe-em-onibus-de-linha-na-entrada-de-osvaldo-cruz\/#primaryimage"},"image":{"@id":"https:\/\/radiolifefm.com.br\/noticias\/home-e-detido-portando-mais-de-1-kg-de-haxixe-em-onibus-de-linha-na-entrada-de-osvaldo-cruz\/#primaryimage"},"thumbnailUrl":"https:\/\/radiolifefm.com.br\/noticias\/wp-content\/uploads\/2019\/06\/Tr\u00e1fico-Haxixe-OC.jpg","datePublished":"2019-06-13T19:59:57+00:00","dateModified":"2026-04-17T19:35:26+00:00","breadcrumb":{"@id":"https:\/\/radiolifefm.com.br\/noticias\/home-e-detido-portando-mais-de-1-kg-de-haxixe-em-onibus-de-linha-na-entrada-de-osvaldo-cruz\/#breadcrumb"},"inLanguage":"pt-BR","potentialAction":[{"@type":"ReadAction","target":["https:\/\/radiolifefm.com.br\/noticias\/home-e-detido-portando-mais-de-1-kg-de-haxixe-em-onibus-de-linha-na-entrada-de-osvaldo-cruz\/"]}]},{"@type":"ImageObject","inLanguage":"pt-BR","@id":"https:\/\/radiolifefm.com.br\/noticias\/home-e-detido-portando-mais-de-1-kg-de-haxixe-em-onibus-de-linha-na-entrada-de-osvaldo-cruz\/#primaryimage","url":"https:\/\/radiolifefm.com.br\/noticias\/wp-content\/uploads\/2019\/06\/Tr\u00e1fico-Haxixe-OC.jpg","contentUrl":"https:\/\/radiolifefm.com.br\/noticias\/wp-content\/uploads\/2019\/06\/Tr\u00e1fico-Haxixe-OC.jpg","width":1280,"height":960,"caption":"Passageiro de \u00f4nibus abordado pela pol\u00edcia Militar foi detido portando Haxixe - Foto - Pol\u00edcia"},{"@type":"BreadcrumbList","@id":"https:\/\/radiolifefm.com.br\/noticias\/home-e-detido-portando-mais-de-1-kg-de-haxixe-em-onibus-de-linha-na-entrada-de-osvaldo-cruz\/#breadcrumb","itemListElement":[{"@type":"ListItem","position":1,"name":"In\u00edcio","item":"https:\/\/radiolifefm.com.br\/noticias\/"},{"@type":"ListItem","position":2,"name":"Home \u00e9 detido portando mais de 1 kg de Haxixe em \u00f4nibus de linha na entrada de Osvaldo Cruz"}]},{"@type":"WebSite","@id":"https:\/\/radiolifefm.com.br\/noticias\/#website","url":"https:\/\/radiolifefm.com.br\/noticias\/","name":"R\u00e1dio Life FM","description":"O Portal de Not\u00edcias de Adamantina","publisher":{"@id":"https:\/\/radiolifefm.com.br\/noticias\/#organization"},"alternateName":"Life FM","potentialAction":[{"@type":"SearchAction","target":{"@type":"EntryPoint","urlTemplate":"https:\/\/radiolifefm.com.br\/noticias\/?s={search_term_string}"},"query-input":{"@type":"PropertyValueSpecification","valueRequired":true,"valueName":"search_term_string"}}],"inLanguage":"pt-BR"},{"@type":"Organization","@id":"https:\/\/radiolifefm.com.br\/noticias\/#organization","name":"R\u00e1dio Life FM","alternateName":"Life FM","url":"https:\/\/radiolifefm.com.br\/noticias\/","logo":{"@type":"ImageObject","inLanguage":"pt-BR","@id":"https:\/\/radiolifefm.com.br\/noticias\/#\/schema\/logo\/image\/","url":"https:\/\/static.radiolifefm.com.br\/noticias\/wp-content\/uploads\/2019\/10\/logo-lifefm.png","contentUrl":"https:\/\/static.radiolifefm.com.br\/noticias\/wp-content\/uploads\/2019\/10\/logo-lifefm.png","width":196,"height":47,"caption":"R\u00e1dio Life FM"},"image":{"@id":"https:\/\/radiolifefm.com.br\/noticias\/#\/schema\/logo\/image\/"},"sameAs":["https:\/\/www.facebook.com\/radiolifefm\/","https:\/\/www.instagram.com\/life1079fm\/"]},{"@type":"Person","@id":"https:\/\/radiolifefm.com.br\/noticias\/#\/schema\/person\/1d4e4b1301322090c6221bf1c8420490","name":"lifefm","image":{"@type":"ImageObject","inLanguage":"pt-BR","@id":"https:\/\/secure.gravatar.com\/avatar\/eca268467d925ec97d20641bb054fd944c0abb2f92854171620706bbe6474e7c?s=96&d=mm&r=g","url":"https:\/\/secure.gravatar.com\/avatar\/eca268467d925ec97d20641bb054fd944c0abb2f92854171620706bbe6474e7c?s=96&d=mm&r=g","contentUrl":"https:\/\/secure.gravatar.com\/avatar\/eca268467d925ec97d20641bb054fd944c0abb2f92854171620706bbe6474e7c?s=96&d=mm&r=g","caption":"lifefm"}}]}},"amp_enabled":true,"_links":{"self":[{"href":"https:\/\/radiolifefm.com.br\/noticias\/wp-json\/wp\/v2\/posts\/14062","targetHints":{"allow":["GET"]}}],"collection":[{"href":"https:\/\/radiolifefm.com.br\/noticias\/wp-json\/wp\/v2\/posts"}],"about":[{"href":"https:\/\/radiolifefm.com.br\/noticias\/wp-json\/wp\/v2\/types\/post"}],"author":[{"embeddable":true,"href":"https:\/\/radiolifefm.com.br\/noticias\/wp-json\/wp\/v2\/users\/3"}],"replies":[{"embeddable":true,"href":"https:\/\/radiolifefm.com.br\/noticias\/wp-json\/wp\/v2\/comments?post=14062"}],"version-history":[{"count":2,"href":"https:\/\/radiolifefm.com.br\/noticias\/wp-json\/wp\/v2\/posts\/14062\/revisions"}],"predecessor-version":[{"id":14126,"href":"https:\/\/radiolifefm.com.br\/noticias\/wp-json\/wp\/v2\/posts\/14062\/revisions\/14126"}],"wp:featuredmedia":[{"embeddable":true,"href":"https:\/\/radiolifefm.com.br\/noticias\/wp-json\/wp\/v2\/media\/14063"}],"wp:attachment":[{"href":"https:\/\/radiolifefm.com.br\/noticias\/wp-json\/wp\/v2\/media?parent=14062"}],"wp:term":[{"taxonomy":"category","embeddable":true,"href":"https:\/\/radiolifefm.com.br\/noticias\/wp-json\/wp\/v2\/categories?post=14062"},{"taxonomy":"post_tag","embeddable":true,"href":"https:\/\/radiolifefm.com.br\/noticias\/wp-json\/wp\/v2\/tags?post=14062"}],"curies":[{"name":"wp","href":"https:\/\/api.w.org\/{rel}","templated":true}]}}