{"id":14050,"date":"2019-06-13T16:45:57","date_gmt":"2019-06-13T19:45:57","guid":{"rendered":"https:\/\/radiolifefm.com.br\/noticias\/?p=14050"},"modified":"2025-12-23T07:02:50","modified_gmt":"2025-12-23T10:02:50","slug":"acidente-entre-dois-veiculos-deixa-idoso-ferido-na-via-de-acesso-a-rotatoria-da-sp-294-a-tupi-paulista","status":"publish","type":"post","link":"https:\/\/radiolifefm.com.br\/noticias\/acidente-entre-dois-veiculos-deixa-idoso-ferido-na-via-de-acesso-a-rotatoria-da-sp-294-a-tupi-paulista\/","title":{"rendered":"Acidente entre dois ve\u00edculos deixa idoso ferido na via de acesso a rotat\u00f3ria da SP-294 a Tupi Paulista"},"content":{"rendered":"<div id=\"fb-root\"><\/div>\n<p>Por volta de 8h45 desta quinta-feira, 13, foi registrado um acidente de tr\u00e2nsito na via de acesso que liga a rotat\u00f3ria da SP-294, Rodovia Cmte. Jo\u00e3o Ribeiro de Barros, ao munic\u00edpio de Tupi Paulista.<\/p>\n<p>Segundo informa\u00e7\u00f5es do Site Jorge Zanoni, um ve\u00edculo HB 20, com placas de Tupi Paulista, dirigido por um idoso de 88 anos, fazia o sentido cidade a rotat\u00f3ria, quando realizava uma ultrapassagem, percebendo que n\u00e3o daria tempo, acabou saindo para o acostamento \u00e0 esquerda de sua m\u00e3o de dire\u00e7\u00e3o e acabou colidindo contra o para-lama dianteiro direito, de um Santana, com placas de Junqueir\u00f3polis, dirigido por um homem de 51 anos, que fazia o sentido contr\u00e1rio.<\/p>\n<p>Com a batida, o HB 20 rodou e caiu em uma vala. O motorista do Santana e uma mulher que estava no banco de passageiros, n\u00e3o se feriram, j\u00e1 o condutor do HB 20 sofreu uma pancada na cabe\u00e7a e foi socorrido pela Unidade de Resgate do Corpo de Bombeiros de Dracena, ao Pronto Socorro da Santa Casa de Tupi Paulista.<\/p>\n<p>A Pol\u00edcia Militar de Tupi Paulista e a Pol\u00edcia Rodovi\u00e1ria, base operacional de Adamantina, al\u00e9m da Pol\u00edcia T\u00e9cnica, compareceram ao local.<\/p>\n<div class='flex flex-wrap items-center -mx-1'>\r\n<a class='thumbnail gallery p-1 w-1\/2 md:w-1\/4' href='https:\/\/radiolifefm.com.br\/noticias\/wp-content\/uploads\/2019\/06\/Acidente-rotat\u00f3ria.jpg'><img class='border border-white' src='https:\/\/radiolifefm.com.br\/noticias\/wp-content\/uploads\/2019\/06\/Acidente-rotat\u00f3ria-200x200.jpg' alt='Acidente Rotat\u00f3ria' \/><\/a><a class='thumbnail gallery p-1 w-1\/2 md:w-1\/4' href='https:\/\/radiolifefm.com.br\/noticias\/wp-content\/uploads\/2019\/06\/Acidente-rotat\u00f3ria-2.jpg'><img class='border border-white' src='https:\/\/radiolifefm.com.br\/noticias\/wp-content\/uploads\/2019\/06\/Acidente-rotat\u00f3ria-2-200x200.jpg' alt='Acidente Rotat\u00f3ria   2' \/><\/a><\/div>\n<p>Portal Regional<\/p>\n<p>Reda\u00e7\u00e3o &#8211; Kako de Oliveira<\/p>\n","protected":false},"excerpt":{"rendered":"<p>Por volta de 8h45 desta quinta-feira, 13, foi registrado um acidente de tr\u00e2nsito na via de acesso que liga a rotat\u00f3ria da SP-294, Rodovia Cmte. Jo\u00e3o Ribeiro de Barros, ao munic\u00edpio de Tupi Paulista. Segundo informa\u00e7\u00f5es do Site Jorge Zanoni, um ve\u00edculo HB 20, com placas de Tupi Paulista, dirigido por um idoso de 88 [&hellip;]<\/p>\n","protected":false},"author":3,"featured_media":14052,"comment_status":"closed","ping_status":"open","sticky":false,"template":"","format":"standard","meta":{"_acf_changed":false,"_exactmetrics_skip_tracking":false,"_exactmetrics_sitenote_active":false,"_exactmetrics_sitenote_note":"","_exactmetrics_sitenote_category":0,"footnotes":""},"categories":[24],"tags":[],"class_list":["post-14050","post","type-post","status-publish","format-standard","has-post-thumbnail","hentry","category-regiao"],"acf":[],"yoast_head":"<!-- This site is optimized with the Yoast SEO plugin v27.2 - https:\/\/yoast.com\/product\/yoast-seo-wordpress\/ -->\n<title>Acidente entre dois ve\u00edculos deixa idoso ferido na via de acesso a rotat\u00f3ria da SP-294 a Tupi Paulista - R\u00e1dio Life FM<\/title>\n<meta name=\"robots\" content=\"index, follow, max-snippet:-1, max-image-preview:large, max-video-preview:-1\" \/>\n<link rel=\"canonical\" href=\"https:\/\/radiolifefm.com.br\/noticias\/acidente-entre-dois-veiculos-deixa-idoso-ferido-na-via-de-acesso-a-rotatoria-da-sp-294-a-tupi-paulista\/\" \/>\n<meta property=\"og:locale\" content=\"pt_BR\" \/>\n<meta property=\"og:type\" content=\"article\" \/>\n<meta property=\"og:title\" content=\"Acidente entre dois ve\u00edculos deixa idoso ferido na via de acesso a rotat\u00f3ria da SP-294 a Tupi Paulista - R\u00e1dio Life FM\" \/>\n<meta property=\"og:description\" content=\"Por volta de 8h45 desta quinta-feira, 13, foi registrado um acidente de tr\u00e2nsito na via de acesso que liga a rotat\u00f3ria da SP-294, Rodovia Cmte. Jo\u00e3o Ribeiro de Barros, ao munic\u00edpio de Tupi Paulista. Segundo informa\u00e7\u00f5es do Site Jorge Zanoni, um ve\u00edculo HB 20, com placas de Tupi Paulista, dirigido por um idoso de 88 [&hellip;]\" \/>\n<meta property=\"og:url\" content=\"https:\/\/radiolifefm.com.br\/noticias\/acidente-entre-dois-veiculos-deixa-idoso-ferido-na-via-de-acesso-a-rotatoria-da-sp-294-a-tupi-paulista\/\" \/>\n<meta property=\"og:site_name\" content=\"R\u00e1dio Life FM\" \/>\n<meta property=\"article:publisher\" content=\"https:\/\/www.facebook.com\/radiolifefm\/\" \/>\n<meta property=\"article:published_time\" content=\"2019-06-13T19:45:57+00:00\" \/>\n<meta property=\"article:modified_time\" content=\"2025-12-23T10:02:50+00:00\" \/>\n<meta property=\"og:image\" content=\"https:\/\/radiolifefm.com.br\/noticias\/wp-content\/uploads\/2019\/06\/Acidente-rotat\u00f3ria-1.jpg\" \/>\n\t<meta property=\"og:image:width\" content=\"696\" \/>\n\t<meta property=\"og:image:height\" content=\"463\" \/>\n\t<meta property=\"og:image:type\" content=\"image\/jpeg\" \/>\n<meta name=\"author\" content=\"lifefm\" \/>\n<meta name=\"twitter:card\" content=\"summary_large_image\" \/>\n<meta name=\"twitter:label1\" content=\"Escrito por\" \/>\n\t<meta name=\"twitter:data1\" content=\"lifefm\" \/>\n\t<meta name=\"twitter:label2\" content=\"Est. tempo de leitura\" \/>\n\t<meta name=\"twitter:data2\" content=\"1 minuto\" \/>\n<script type=\"application\/ld+json\" class=\"yoast-schema-graph\">{\"@context\":\"https:\/\/schema.org\",\"@graph\":[{\"@type\":\"Article\",\"@id\":\"https:\/\/radiolifefm.com.br\/noticias\/acidente-entre-dois-veiculos-deixa-idoso-ferido-na-via-de-acesso-a-rotatoria-da-sp-294-a-tupi-paulista\/#article\",\"isPartOf\":{\"@id\":\"https:\/\/radiolifefm.com.br\/noticias\/acidente-entre-dois-veiculos-deixa-idoso-ferido-na-via-de-acesso-a-rotatoria-da-sp-294-a-tupi-paulista\/\"},\"author\":{\"name\":\"lifefm\",\"@id\":\"https:\/\/radiolifefm.com.br\/noticias\/#\/schema\/person\/1d4e4b1301322090c6221bf1c8420490\"},\"headline\":\"Acidente entre dois ve\u00edculos deixa idoso ferido na via de acesso a rotat\u00f3ria da SP-294 a Tupi Paulista\",\"datePublished\":\"2019-06-13T19:45:57+00:00\",\"dateModified\":\"2025-12-23T10:02:50+00:00\",\"mainEntityOfPage\":{\"@id\":\"https:\/\/radiolifefm.com.br\/noticias\/acidente-entre-dois-veiculos-deixa-idoso-ferido-na-via-de-acesso-a-rotatoria-da-sp-294-a-tupi-paulista\/\"},\"wordCount\":235,\"publisher\":{\"@id\":\"https:\/\/radiolifefm.com.br\/noticias\/#organization\"},\"image\":{\"@id\":\"https:\/\/radiolifefm.com.br\/noticias\/acidente-entre-dois-veiculos-deixa-idoso-ferido-na-via-de-acesso-a-rotatoria-da-sp-294-a-tupi-paulista\/#primaryimage\"},\"thumbnailUrl\":\"https:\/\/radiolifefm.com.br\/noticias\/wp-content\/uploads\/2019\/06\/Acidente-rotat\u00f3ria-1.jpg\",\"articleSection\":[\"Regi\u00e3o\"],\"inLanguage\":\"pt-BR\"},{\"@type\":\"WebPage\",\"@id\":\"https:\/\/radiolifefm.com.br\/noticias\/acidente-entre-dois-veiculos-deixa-idoso-ferido-na-via-de-acesso-a-rotatoria-da-sp-294-a-tupi-paulista\/\",\"url\":\"https:\/\/radiolifefm.com.br\/noticias\/acidente-entre-dois-veiculos-deixa-idoso-ferido-na-via-de-acesso-a-rotatoria-da-sp-294-a-tupi-paulista\/\",\"name\":\"Acidente entre dois ve\u00edculos deixa idoso ferido na via de acesso a rotat\u00f3ria da SP-294 a Tupi Paulista - R\u00e1dio Life FM\",\"isPartOf\":{\"@id\":\"https:\/\/radiolifefm.com.br\/noticias\/#website\"},\"primaryImageOfPage\":{\"@id\":\"https:\/\/radiolifefm.com.br\/noticias\/acidente-entre-dois-veiculos-deixa-idoso-ferido-na-via-de-acesso-a-rotatoria-da-sp-294-a-tupi-paulista\/#primaryimage\"},\"image\":{\"@id\":\"https:\/\/radiolifefm.com.br\/noticias\/acidente-entre-dois-veiculos-deixa-idoso-ferido-na-via-de-acesso-a-rotatoria-da-sp-294-a-tupi-paulista\/#primaryimage\"},\"thumbnailUrl\":\"https:\/\/radiolifefm.com.br\/noticias\/wp-content\/uploads\/2019\/06\/Acidente-rotat\u00f3ria-1.jpg\",\"datePublished\":\"2019-06-13T19:45:57+00:00\",\"dateModified\":\"2025-12-23T10:02:50+00:00\",\"breadcrumb\":{\"@id\":\"https:\/\/radiolifefm.com.br\/noticias\/acidente-entre-dois-veiculos-deixa-idoso-ferido-na-via-de-acesso-a-rotatoria-da-sp-294-a-tupi-paulista\/#breadcrumb\"},\"inLanguage\":\"pt-BR\",\"potentialAction\":[{\"@type\":\"ReadAction\",\"target\":[\"https:\/\/radiolifefm.com.br\/noticias\/acidente-entre-dois-veiculos-deixa-idoso-ferido-na-via-de-acesso-a-rotatoria-da-sp-294-a-tupi-paulista\/\"]}]},{\"@type\":\"ImageObject\",\"inLanguage\":\"pt-BR\",\"@id\":\"https:\/\/radiolifefm.com.br\/noticias\/acidente-entre-dois-veiculos-deixa-idoso-ferido-na-via-de-acesso-a-rotatoria-da-sp-294-a-tupi-paulista\/#primaryimage\",\"url\":\"https:\/\/radiolifefm.com.br\/noticias\/wp-content\/uploads\/2019\/06\/Acidente-rotat\u00f3ria-1.jpg\",\"contentUrl\":\"https:\/\/radiolifefm.com.br\/noticias\/wp-content\/uploads\/2019\/06\/Acidente-rotat\u00f3ria-1.jpg\",\"width\":696,\"height\":463,\"caption\":\"Ve\u00edculo HB 20 caiu em uma vala depois de se chocar contra Santana - Portal Regional\"},{\"@type\":\"BreadcrumbList\",\"@id\":\"https:\/\/radiolifefm.com.br\/noticias\/acidente-entre-dois-veiculos-deixa-idoso-ferido-na-via-de-acesso-a-rotatoria-da-sp-294-a-tupi-paulista\/#breadcrumb\",\"itemListElement\":[{\"@type\":\"ListItem\",\"position\":1,\"name\":\"In\u00edcio\",\"item\":\"https:\/\/radiolifefm.com.br\/noticias\/\"},{\"@type\":\"ListItem\",\"position\":2,\"name\":\"Acidente entre dois ve\u00edculos deixa idoso ferido na via de acesso a rotat\u00f3ria da SP-294 a Tupi Paulista\"}]},{\"@type\":\"WebSite\",\"@id\":\"https:\/\/radiolifefm.com.br\/noticias\/#website\",\"url\":\"https:\/\/radiolifefm.com.br\/noticias\/\",\"name\":\"R\u00e1dio Life FM\",\"description\":\"O Portal de Not\u00edcias de Adamantina\",\"publisher\":{\"@id\":\"https:\/\/radiolifefm.com.br\/noticias\/#organization\"},\"alternateName\":\"Life FM\",\"potentialAction\":[{\"@type\":\"SearchAction\",\"target\":{\"@type\":\"EntryPoint\",\"urlTemplate\":\"https:\/\/radiolifefm.com.br\/noticias\/?s={search_term_string}\"},\"query-input\":{\"@type\":\"PropertyValueSpecification\",\"valueRequired\":true,\"valueName\":\"search_term_string\"}}],\"inLanguage\":\"pt-BR\"},{\"@type\":\"Organization\",\"@id\":\"https:\/\/radiolifefm.com.br\/noticias\/#organization\",\"name\":\"R\u00e1dio Life FM\",\"alternateName\":\"Life FM\",\"url\":\"https:\/\/radiolifefm.com.br\/noticias\/\",\"logo\":{\"@type\":\"ImageObject\",\"inLanguage\":\"pt-BR\",\"@id\":\"https:\/\/radiolifefm.com.br\/noticias\/#\/schema\/logo\/image\/\",\"url\":\"https:\/\/static.radiolifefm.com.br\/noticias\/wp-content\/uploads\/2019\/10\/logo-lifefm.png\",\"contentUrl\":\"https:\/\/static.radiolifefm.com.br\/noticias\/wp-content\/uploads\/2019\/10\/logo-lifefm.png\",\"width\":196,\"height\":47,\"caption\":\"R\u00e1dio Life FM\"},\"image\":{\"@id\":\"https:\/\/radiolifefm.com.br\/noticias\/#\/schema\/logo\/image\/\"},\"sameAs\":[\"https:\/\/www.facebook.com\/radiolifefm\/\",\"https:\/\/www.instagram.com\/life1079fm\/\"]},{\"@type\":\"Person\",\"@id\":\"https:\/\/radiolifefm.com.br\/noticias\/#\/schema\/person\/1d4e4b1301322090c6221bf1c8420490\",\"name\":\"lifefm\",\"image\":{\"@type\":\"ImageObject\",\"inLanguage\":\"pt-BR\",\"@id\":\"https:\/\/secure.gravatar.com\/avatar\/eca268467d925ec97d20641bb054fd944c0abb2f92854171620706bbe6474e7c?s=96&d=mm&r=g\",\"url\":\"https:\/\/secure.gravatar.com\/avatar\/eca268467d925ec97d20641bb054fd944c0abb2f92854171620706bbe6474e7c?s=96&d=mm&r=g\",\"contentUrl\":\"https:\/\/secure.gravatar.com\/avatar\/eca268467d925ec97d20641bb054fd944c0abb2f92854171620706bbe6474e7c?s=96&d=mm&r=g\",\"caption\":\"lifefm\"}}]}<\/script>\n<!-- \/ Yoast SEO plugin. -->","yoast_head_json":{"title":"Acidente entre dois ve\u00edculos deixa idoso ferido na via de acesso a rotat\u00f3ria da SP-294 a Tupi Paulista - R\u00e1dio Life FM","robots":{"index":"index","follow":"follow","max-snippet":"max-snippet:-1","max-image-preview":"max-image-preview:large","max-video-preview":"max-video-preview:-1"},"canonical":"https:\/\/radiolifefm.com.br\/noticias\/acidente-entre-dois-veiculos-deixa-idoso-ferido-na-via-de-acesso-a-rotatoria-da-sp-294-a-tupi-paulista\/","og_locale":"pt_BR","og_type":"article","og_title":"Acidente entre dois ve\u00edculos deixa idoso ferido na via de acesso a rotat\u00f3ria da SP-294 a Tupi Paulista - R\u00e1dio Life FM","og_description":"Por volta de 8h45 desta quinta-feira, 13, foi registrado um acidente de tr\u00e2nsito na via de acesso que liga a rotat\u00f3ria da SP-294, Rodovia Cmte. Jo\u00e3o Ribeiro de Barros, ao munic\u00edpio de Tupi Paulista. Segundo informa\u00e7\u00f5es do Site Jorge Zanoni, um ve\u00edculo HB 20, com placas de Tupi Paulista, dirigido por um idoso de 88 [&hellip;]","og_url":"https:\/\/radiolifefm.com.br\/noticias\/acidente-entre-dois-veiculos-deixa-idoso-ferido-na-via-de-acesso-a-rotatoria-da-sp-294-a-tupi-paulista\/","og_site_name":"R\u00e1dio Life FM","article_publisher":"https:\/\/www.facebook.com\/radiolifefm\/","article_published_time":"2019-06-13T19:45:57+00:00","article_modified_time":"2025-12-23T10:02:50+00:00","og_image":[{"width":696,"height":463,"url":"https:\/\/radiolifefm.com.br\/noticias\/wp-content\/uploads\/2019\/06\/Acidente-rotat\u00f3ria-1.jpg","type":"image\/jpeg"}],"author":"lifefm","twitter_card":"summary_large_image","twitter_misc":{"Escrito por":"lifefm","Est. tempo de leitura":"1 minuto"},"schema":{"@context":"https:\/\/schema.org","@graph":[{"@type":"Article","@id":"https:\/\/radiolifefm.com.br\/noticias\/acidente-entre-dois-veiculos-deixa-idoso-ferido-na-via-de-acesso-a-rotatoria-da-sp-294-a-tupi-paulista\/#article","isPartOf":{"@id":"https:\/\/radiolifefm.com.br\/noticias\/acidente-entre-dois-veiculos-deixa-idoso-ferido-na-via-de-acesso-a-rotatoria-da-sp-294-a-tupi-paulista\/"},"author":{"name":"lifefm","@id":"https:\/\/radiolifefm.com.br\/noticias\/#\/schema\/person\/1d4e4b1301322090c6221bf1c8420490"},"headline":"Acidente entre dois ve\u00edculos deixa idoso ferido na via de acesso a rotat\u00f3ria da SP-294 a Tupi Paulista","datePublished":"2019-06-13T19:45:57+00:00","dateModified":"2025-12-23T10:02:50+00:00","mainEntityOfPage":{"@id":"https:\/\/radiolifefm.com.br\/noticias\/acidente-entre-dois-veiculos-deixa-idoso-ferido-na-via-de-acesso-a-rotatoria-da-sp-294-a-tupi-paulista\/"},"wordCount":235,"publisher":{"@id":"https:\/\/radiolifefm.com.br\/noticias\/#organization"},"image":{"@id":"https:\/\/radiolifefm.com.br\/noticias\/acidente-entre-dois-veiculos-deixa-idoso-ferido-na-via-de-acesso-a-rotatoria-da-sp-294-a-tupi-paulista\/#primaryimage"},"thumbnailUrl":"https:\/\/radiolifefm.com.br\/noticias\/wp-content\/uploads\/2019\/06\/Acidente-rotat\u00f3ria-1.jpg","articleSection":["Regi\u00e3o"],"inLanguage":"pt-BR"},{"@type":"WebPage","@id":"https:\/\/radiolifefm.com.br\/noticias\/acidente-entre-dois-veiculos-deixa-idoso-ferido-na-via-de-acesso-a-rotatoria-da-sp-294-a-tupi-paulista\/","url":"https:\/\/radiolifefm.com.br\/noticias\/acidente-entre-dois-veiculos-deixa-idoso-ferido-na-via-de-acesso-a-rotatoria-da-sp-294-a-tupi-paulista\/","name":"Acidente entre dois ve\u00edculos deixa idoso ferido na via de acesso a rotat\u00f3ria da SP-294 a Tupi Paulista - R\u00e1dio Life FM","isPartOf":{"@id":"https:\/\/radiolifefm.com.br\/noticias\/#website"},"primaryImageOfPage":{"@id":"https:\/\/radiolifefm.com.br\/noticias\/acidente-entre-dois-veiculos-deixa-idoso-ferido-na-via-de-acesso-a-rotatoria-da-sp-294-a-tupi-paulista\/#primaryimage"},"image":{"@id":"https:\/\/radiolifefm.com.br\/noticias\/acidente-entre-dois-veiculos-deixa-idoso-ferido-na-via-de-acesso-a-rotatoria-da-sp-294-a-tupi-paulista\/#primaryimage"},"thumbnailUrl":"https:\/\/radiolifefm.com.br\/noticias\/wp-content\/uploads\/2019\/06\/Acidente-rotat\u00f3ria-1.jpg","datePublished":"2019-06-13T19:45:57+00:00","dateModified":"2025-12-23T10:02:50+00:00","breadcrumb":{"@id":"https:\/\/radiolifefm.com.br\/noticias\/acidente-entre-dois-veiculos-deixa-idoso-ferido-na-via-de-acesso-a-rotatoria-da-sp-294-a-tupi-paulista\/#breadcrumb"},"inLanguage":"pt-BR","potentialAction":[{"@type":"ReadAction","target":["https:\/\/radiolifefm.com.br\/noticias\/acidente-entre-dois-veiculos-deixa-idoso-ferido-na-via-de-acesso-a-rotatoria-da-sp-294-a-tupi-paulista\/"]}]},{"@type":"ImageObject","inLanguage":"pt-BR","@id":"https:\/\/radiolifefm.com.br\/noticias\/acidente-entre-dois-veiculos-deixa-idoso-ferido-na-via-de-acesso-a-rotatoria-da-sp-294-a-tupi-paulista\/#primaryimage","url":"https:\/\/radiolifefm.com.br\/noticias\/wp-content\/uploads\/2019\/06\/Acidente-rotat\u00f3ria-1.jpg","contentUrl":"https:\/\/radiolifefm.com.br\/noticias\/wp-content\/uploads\/2019\/06\/Acidente-rotat\u00f3ria-1.jpg","width":696,"height":463,"caption":"Ve\u00edculo HB 20 caiu em uma vala depois de se chocar contra Santana - Portal Regional"},{"@type":"BreadcrumbList","@id":"https:\/\/radiolifefm.com.br\/noticias\/acidente-entre-dois-veiculos-deixa-idoso-ferido-na-via-de-acesso-a-rotatoria-da-sp-294-a-tupi-paulista\/#breadcrumb","itemListElement":[{"@type":"ListItem","position":1,"name":"In\u00edcio","item":"https:\/\/radiolifefm.com.br\/noticias\/"},{"@type":"ListItem","position":2,"name":"Acidente entre dois ve\u00edculos deixa idoso ferido na via de acesso a rotat\u00f3ria da SP-294 a Tupi Paulista"}]},{"@type":"WebSite","@id":"https:\/\/radiolifefm.com.br\/noticias\/#website","url":"https:\/\/radiolifefm.com.br\/noticias\/","name":"R\u00e1dio Life FM","description":"O Portal de Not\u00edcias de Adamantina","publisher":{"@id":"https:\/\/radiolifefm.com.br\/noticias\/#organization"},"alternateName":"Life FM","potentialAction":[{"@type":"SearchAction","target":{"@type":"EntryPoint","urlTemplate":"https:\/\/radiolifefm.com.br\/noticias\/?s={search_term_string}"},"query-input":{"@type":"PropertyValueSpecification","valueRequired":true,"valueName":"search_term_string"}}],"inLanguage":"pt-BR"},{"@type":"Organization","@id":"https:\/\/radiolifefm.com.br\/noticias\/#organization","name":"R\u00e1dio Life FM","alternateName":"Life FM","url":"https:\/\/radiolifefm.com.br\/noticias\/","logo":{"@type":"ImageObject","inLanguage":"pt-BR","@id":"https:\/\/radiolifefm.com.br\/noticias\/#\/schema\/logo\/image\/","url":"https:\/\/static.radiolifefm.com.br\/noticias\/wp-content\/uploads\/2019\/10\/logo-lifefm.png","contentUrl":"https:\/\/static.radiolifefm.com.br\/noticias\/wp-content\/uploads\/2019\/10\/logo-lifefm.png","width":196,"height":47,"caption":"R\u00e1dio Life FM"},"image":{"@id":"https:\/\/radiolifefm.com.br\/noticias\/#\/schema\/logo\/image\/"},"sameAs":["https:\/\/www.facebook.com\/radiolifefm\/","https:\/\/www.instagram.com\/life1079fm\/"]},{"@type":"Person","@id":"https:\/\/radiolifefm.com.br\/noticias\/#\/schema\/person\/1d4e4b1301322090c6221bf1c8420490","name":"lifefm","image":{"@type":"ImageObject","inLanguage":"pt-BR","@id":"https:\/\/secure.gravatar.com\/avatar\/eca268467d925ec97d20641bb054fd944c0abb2f92854171620706bbe6474e7c?s=96&d=mm&r=g","url":"https:\/\/secure.gravatar.com\/avatar\/eca268467d925ec97d20641bb054fd944c0abb2f92854171620706bbe6474e7c?s=96&d=mm&r=g","contentUrl":"https:\/\/secure.gravatar.com\/avatar\/eca268467d925ec97d20641bb054fd944c0abb2f92854171620706bbe6474e7c?s=96&d=mm&r=g","caption":"lifefm"}}]}},"amp_enabled":true,"_links":{"self":[{"href":"https:\/\/radiolifefm.com.br\/noticias\/wp-json\/wp\/v2\/posts\/14050","targetHints":{"allow":["GET"]}}],"collection":[{"href":"https:\/\/radiolifefm.com.br\/noticias\/wp-json\/wp\/v2\/posts"}],"about":[{"href":"https:\/\/radiolifefm.com.br\/noticias\/wp-json\/wp\/v2\/types\/post"}],"author":[{"embeddable":true,"href":"https:\/\/radiolifefm.com.br\/noticias\/wp-json\/wp\/v2\/users\/3"}],"replies":[{"embeddable":true,"href":"https:\/\/radiolifefm.com.br\/noticias\/wp-json\/wp\/v2\/comments?post=14050"}],"version-history":[{"count":2,"href":"https:\/\/radiolifefm.com.br\/noticias\/wp-json\/wp\/v2\/posts\/14050\/revisions"}],"predecessor-version":[{"id":14055,"href":"https:\/\/radiolifefm.com.br\/noticias\/wp-json\/wp\/v2\/posts\/14050\/revisions\/14055"}],"wp:featuredmedia":[{"embeddable":true,"href":"https:\/\/radiolifefm.com.br\/noticias\/wp-json\/wp\/v2\/media\/14052"}],"wp:attachment":[{"href":"https:\/\/radiolifefm.com.br\/noticias\/wp-json\/wp\/v2\/media?parent=14050"}],"wp:term":[{"taxonomy":"category","embeddable":true,"href":"https:\/\/radiolifefm.com.br\/noticias\/wp-json\/wp\/v2\/categories?post=14050"},{"taxonomy":"post_tag","embeddable":true,"href":"https:\/\/radiolifefm.com.br\/noticias\/wp-json\/wp\/v2\/tags?post=14050"}],"curies":[{"name":"wp","href":"https:\/\/api.w.org\/{rel}","templated":true}]}}