{"id":13987,"date":"2019-06-11T10:35:26","date_gmt":"2019-06-11T13:35:26","guid":{"rendered":"https:\/\/radiolifefm.com.br\/noticias\/?p=13987"},"modified":"2026-03-26T06:01:04","modified_gmt":"2026-03-26T09:01:04","slug":"batida-entre-motocicleta-e-caminhao-canavieiro-mata-homem-em-ouro-verde","status":"publish","type":"post","link":"https:\/\/radiolifefm.com.br\/noticias\/batida-entre-motocicleta-e-caminhao-canavieiro-mata-homem-em-ouro-verde\/","title":{"rendered":"Batida entre motocicleta e caminh\u00e3o canavieiro mata homem em Ouro Verde"},"content":{"rendered":"<div id=\"fb-root\"><\/div>\n<p><em>V\u00edtima chegou a ser socorrida, mas n\u00e3o resistiu aos ferimentos. Acidente foi em estrada vicinal na noite desta segunda-feira (10)<\/em><\/p>\n<p>Um homem de 28 anos morreu, ap\u00f3s um acidente de tr\u00e2nsito entre a motocicleta que ocupava e um caminh\u00e3o canavieiro. A ocorr\u00eancia foi registrada na noite desta segunda-feira (10), em Ouro Verde.<\/p>\n<p>Conforme informa\u00e7\u00f5es do Corpo de Bombeiros e da Pol\u00edcia Militar, por volta das 22h40, um caminh\u00e3o com placas de Tup\u00e3 (SP), sa\u00eda da Estrada da Capivara para adentrar a pista.<\/p>\n<p>Segundo a pol\u00edcia, o motorista do caminh\u00e3o disse que viu duas motos e esperou elas passarem, mas, quando entrou na estrada sentido a Ouro Verde, a motocicleta da v\u00edtima bateu no \u00faltimo dos tr\u00eas vag\u00f5es.<\/p>\n<p>A v\u00edtima, de 28 anos, era natural de Ouro Verde, mas atualmente morava em Brasil\u00e2ndia (MS).<\/p>\n<p>O homem foi socorrido e levado com ferimentos de natureza grave para a Santa Casa de Dracena, mas foi a \u00f3bito logo depois.<br \/>\nO motorista do caminh\u00e3o, de 26 anos, foi ouvido na Delegacia da Pol\u00edcia Civil e liberado.<\/p>\n<p>A estrada do acidente \u00e9 a vicinal que liga Ouro Verde a Panorama, e ambos seguiam no mesmo sentido.<\/p>\n<p>G 1<\/p>\n<p>Reda\u00e7\u00e3o &#8211; Kako de Oliveira<\/p>\n","protected":false},"excerpt":{"rendered":"<p>V\u00edtima chegou a ser socorrida, mas n\u00e3o resistiu aos ferimentos. Acidente foi em estrada vicinal na noite desta segunda-feira (10) Um homem de 28 anos morreu, ap\u00f3s um acidente de tr\u00e2nsito entre a motocicleta que ocupava e um caminh\u00e3o canavieiro. A ocorr\u00eancia foi registrada na noite desta segunda-feira (10), em Ouro Verde. Conforme informa\u00e7\u00f5es do [&hellip;]<\/p>\n","protected":false},"author":3,"featured_media":13988,"comment_status":"closed","ping_status":"open","sticky":false,"template":"","format":"standard","meta":{"_acf_changed":false,"_exactmetrics_skip_tracking":false,"_exactmetrics_sitenote_active":false,"_exactmetrics_sitenote_note":"","_exactmetrics_sitenote_category":0,"footnotes":""},"categories":[24],"tags":[],"class_list":["post-13987","post","type-post","status-publish","format-standard","has-post-thumbnail","hentry","category-regiao"],"acf":[],"yoast_head":"<!-- This site is optimized with the Yoast SEO plugin v27.2 - https:\/\/yoast.com\/product\/yoast-seo-wordpress\/ -->\n<title>Batida entre motocicleta e caminh\u00e3o canavieiro mata homem em Ouro Verde - R\u00e1dio Life FM<\/title>\n<meta name=\"robots\" content=\"index, follow, max-snippet:-1, max-image-preview:large, max-video-preview:-1\" \/>\n<link rel=\"canonical\" href=\"https:\/\/radiolifefm.com.br\/noticias\/batida-entre-motocicleta-e-caminhao-canavieiro-mata-homem-em-ouro-verde\/\" \/>\n<meta property=\"og:locale\" content=\"pt_BR\" \/>\n<meta property=\"og:type\" content=\"article\" \/>\n<meta property=\"og:title\" content=\"Batida entre motocicleta e caminh\u00e3o canavieiro mata homem em Ouro Verde - R\u00e1dio Life FM\" \/>\n<meta property=\"og:description\" content=\"V\u00edtima chegou a ser socorrida, mas n\u00e3o resistiu aos ferimentos. Acidente foi em estrada vicinal na noite desta segunda-feira (10) Um homem de 28 anos morreu, ap\u00f3s um acidente de tr\u00e2nsito entre a motocicleta que ocupava e um caminh\u00e3o canavieiro. A ocorr\u00eancia foi registrada na noite desta segunda-feira (10), em Ouro Verde. Conforme informa\u00e7\u00f5es do [&hellip;]\" \/>\n<meta property=\"og:url\" content=\"https:\/\/radiolifefm.com.br\/noticias\/batida-entre-motocicleta-e-caminhao-canavieiro-mata-homem-em-ouro-verde\/\" \/>\n<meta property=\"og:site_name\" content=\"R\u00e1dio Life FM\" \/>\n<meta property=\"article:publisher\" content=\"https:\/\/www.facebook.com\/radiolifefm\/\" \/>\n<meta property=\"article:published_time\" content=\"2019-06-11T13:35:26+00:00\" \/>\n<meta property=\"article:modified_time\" content=\"2026-03-26T09:01:04+00:00\" \/>\n<meta property=\"og:image\" content=\"https:\/\/radiolifefm.com.br\/noticias\/wp-content\/uploads\/2019\/06\/Pol\u00edcia-Rodovi\u00e1ria-Imagem.jpg\" \/>\n\t<meta property=\"og:image:width\" content=\"275\" \/>\n\t<meta property=\"og:image:height\" content=\"183\" \/>\n\t<meta property=\"og:image:type\" content=\"image\/jpeg\" \/>\n<meta name=\"author\" content=\"lifefm\" \/>\n<meta name=\"twitter:card\" content=\"summary_large_image\" \/>\n<meta name=\"twitter:label1\" content=\"Escrito por\" \/>\n\t<meta name=\"twitter:data1\" content=\"lifefm\" \/>\n\t<meta name=\"twitter:label2\" content=\"Est. tempo de leitura\" \/>\n\t<meta name=\"twitter:data2\" content=\"1 minuto\" \/>\n<script type=\"application\/ld+json\" class=\"yoast-schema-graph\">{\"@context\":\"https:\/\/schema.org\",\"@graph\":[{\"@type\":\"Article\",\"@id\":\"https:\/\/radiolifefm.com.br\/noticias\/batida-entre-motocicleta-e-caminhao-canavieiro-mata-homem-em-ouro-verde\/#article\",\"isPartOf\":{\"@id\":\"https:\/\/radiolifefm.com.br\/noticias\/batida-entre-motocicleta-e-caminhao-canavieiro-mata-homem-em-ouro-verde\/\"},\"author\":{\"name\":\"lifefm\",\"@id\":\"https:\/\/radiolifefm.com.br\/noticias\/#\/schema\/person\/1d4e4b1301322090c6221bf1c8420490\"},\"headline\":\"Batida entre motocicleta e caminh\u00e3o canavieiro mata homem em Ouro Verde\",\"datePublished\":\"2019-06-11T13:35:26+00:00\",\"dateModified\":\"2026-03-26T09:01:04+00:00\",\"mainEntityOfPage\":{\"@id\":\"https:\/\/radiolifefm.com.br\/noticias\/batida-entre-motocicleta-e-caminhao-canavieiro-mata-homem-em-ouro-verde\/\"},\"wordCount\":223,\"publisher\":{\"@id\":\"https:\/\/radiolifefm.com.br\/noticias\/#organization\"},\"image\":{\"@id\":\"https:\/\/radiolifefm.com.br\/noticias\/batida-entre-motocicleta-e-caminhao-canavieiro-mata-homem-em-ouro-verde\/#primaryimage\"},\"thumbnailUrl\":\"https:\/\/radiolifefm.com.br\/noticias\/wp-content\/uploads\/2019\/06\/Pol\u00edcia-Rodovi\u00e1ria-Imagem.jpg\",\"articleSection\":[\"Regi\u00e3o\"],\"inLanguage\":\"pt-BR\"},{\"@type\":\"WebPage\",\"@id\":\"https:\/\/radiolifefm.com.br\/noticias\/batida-entre-motocicleta-e-caminhao-canavieiro-mata-homem-em-ouro-verde\/\",\"url\":\"https:\/\/radiolifefm.com.br\/noticias\/batida-entre-motocicleta-e-caminhao-canavieiro-mata-homem-em-ouro-verde\/\",\"name\":\"Batida entre motocicleta e caminh\u00e3o canavieiro mata homem em Ouro Verde - R\u00e1dio Life FM\",\"isPartOf\":{\"@id\":\"https:\/\/radiolifefm.com.br\/noticias\/#website\"},\"primaryImageOfPage\":{\"@id\":\"https:\/\/radiolifefm.com.br\/noticias\/batida-entre-motocicleta-e-caminhao-canavieiro-mata-homem-em-ouro-verde\/#primaryimage\"},\"image\":{\"@id\":\"https:\/\/radiolifefm.com.br\/noticias\/batida-entre-motocicleta-e-caminhao-canavieiro-mata-homem-em-ouro-verde\/#primaryimage\"},\"thumbnailUrl\":\"https:\/\/radiolifefm.com.br\/noticias\/wp-content\/uploads\/2019\/06\/Pol\u00edcia-Rodovi\u00e1ria-Imagem.jpg\",\"datePublished\":\"2019-06-11T13:35:26+00:00\",\"dateModified\":\"2026-03-26T09:01:04+00:00\",\"breadcrumb\":{\"@id\":\"https:\/\/radiolifefm.com.br\/noticias\/batida-entre-motocicleta-e-caminhao-canavieiro-mata-homem-em-ouro-verde\/#breadcrumb\"},\"inLanguage\":\"pt-BR\",\"potentialAction\":[{\"@type\":\"ReadAction\",\"target\":[\"https:\/\/radiolifefm.com.br\/noticias\/batida-entre-motocicleta-e-caminhao-canavieiro-mata-homem-em-ouro-verde\/\"]}]},{\"@type\":\"ImageObject\",\"inLanguage\":\"pt-BR\",\"@id\":\"https:\/\/radiolifefm.com.br\/noticias\/batida-entre-motocicleta-e-caminhao-canavieiro-mata-homem-em-ouro-verde\/#primaryimage\",\"url\":\"https:\/\/radiolifefm.com.br\/noticias\/wp-content\/uploads\/2019\/06\/Pol\u00edcia-Rodovi\u00e1ria-Imagem.jpg\",\"contentUrl\":\"https:\/\/radiolifefm.com.br\/noticias\/wp-content\/uploads\/2019\/06\/Pol\u00edcia-Rodovi\u00e1ria-Imagem.jpg\",\"width\":275,\"height\":183},{\"@type\":\"BreadcrumbList\",\"@id\":\"https:\/\/radiolifefm.com.br\/noticias\/batida-entre-motocicleta-e-caminhao-canavieiro-mata-homem-em-ouro-verde\/#breadcrumb\",\"itemListElement\":[{\"@type\":\"ListItem\",\"position\":1,\"name\":\"In\u00edcio\",\"item\":\"https:\/\/radiolifefm.com.br\/noticias\/\"},{\"@type\":\"ListItem\",\"position\":2,\"name\":\"Batida entre motocicleta e caminh\u00e3o canavieiro mata homem em Ouro Verde\"}]},{\"@type\":\"WebSite\",\"@id\":\"https:\/\/radiolifefm.com.br\/noticias\/#website\",\"url\":\"https:\/\/radiolifefm.com.br\/noticias\/\",\"name\":\"R\u00e1dio Life FM\",\"description\":\"O Portal de Not\u00edcias de Adamantina\",\"publisher\":{\"@id\":\"https:\/\/radiolifefm.com.br\/noticias\/#organization\"},\"alternateName\":\"Life FM\",\"potentialAction\":[{\"@type\":\"SearchAction\",\"target\":{\"@type\":\"EntryPoint\",\"urlTemplate\":\"https:\/\/radiolifefm.com.br\/noticias\/?s={search_term_string}\"},\"query-input\":{\"@type\":\"PropertyValueSpecification\",\"valueRequired\":true,\"valueName\":\"search_term_string\"}}],\"inLanguage\":\"pt-BR\"},{\"@type\":\"Organization\",\"@id\":\"https:\/\/radiolifefm.com.br\/noticias\/#organization\",\"name\":\"R\u00e1dio Life FM\",\"alternateName\":\"Life FM\",\"url\":\"https:\/\/radiolifefm.com.br\/noticias\/\",\"logo\":{\"@type\":\"ImageObject\",\"inLanguage\":\"pt-BR\",\"@id\":\"https:\/\/radiolifefm.com.br\/noticias\/#\/schema\/logo\/image\/\",\"url\":\"https:\/\/static.radiolifefm.com.br\/noticias\/wp-content\/uploads\/2019\/10\/logo-lifefm.png\",\"contentUrl\":\"https:\/\/static.radiolifefm.com.br\/noticias\/wp-content\/uploads\/2019\/10\/logo-lifefm.png\",\"width\":196,\"height\":47,\"caption\":\"R\u00e1dio Life FM\"},\"image\":{\"@id\":\"https:\/\/radiolifefm.com.br\/noticias\/#\/schema\/logo\/image\/\"},\"sameAs\":[\"https:\/\/www.facebook.com\/radiolifefm\/\",\"https:\/\/www.instagram.com\/life1079fm\/\"]},{\"@type\":\"Person\",\"@id\":\"https:\/\/radiolifefm.com.br\/noticias\/#\/schema\/person\/1d4e4b1301322090c6221bf1c8420490\",\"name\":\"lifefm\",\"image\":{\"@type\":\"ImageObject\",\"inLanguage\":\"pt-BR\",\"@id\":\"https:\/\/secure.gravatar.com\/avatar\/eca268467d925ec97d20641bb054fd944c0abb2f92854171620706bbe6474e7c?s=96&d=mm&r=g\",\"url\":\"https:\/\/secure.gravatar.com\/avatar\/eca268467d925ec97d20641bb054fd944c0abb2f92854171620706bbe6474e7c?s=96&d=mm&r=g\",\"contentUrl\":\"https:\/\/secure.gravatar.com\/avatar\/eca268467d925ec97d20641bb054fd944c0abb2f92854171620706bbe6474e7c?s=96&d=mm&r=g\",\"caption\":\"lifefm\"}}]}<\/script>\n<!-- \/ Yoast SEO plugin. -->","yoast_head_json":{"title":"Batida entre motocicleta e caminh\u00e3o canavieiro mata homem em Ouro Verde - R\u00e1dio Life FM","robots":{"index":"index","follow":"follow","max-snippet":"max-snippet:-1","max-image-preview":"max-image-preview:large","max-video-preview":"max-video-preview:-1"},"canonical":"https:\/\/radiolifefm.com.br\/noticias\/batida-entre-motocicleta-e-caminhao-canavieiro-mata-homem-em-ouro-verde\/","og_locale":"pt_BR","og_type":"article","og_title":"Batida entre motocicleta e caminh\u00e3o canavieiro mata homem em Ouro Verde - R\u00e1dio Life FM","og_description":"V\u00edtima chegou a ser socorrida, mas n\u00e3o resistiu aos ferimentos. Acidente foi em estrada vicinal na noite desta segunda-feira (10) Um homem de 28 anos morreu, ap\u00f3s um acidente de tr\u00e2nsito entre a motocicleta que ocupava e um caminh\u00e3o canavieiro. A ocorr\u00eancia foi registrada na noite desta segunda-feira (10), em Ouro Verde. Conforme informa\u00e7\u00f5es do [&hellip;]","og_url":"https:\/\/radiolifefm.com.br\/noticias\/batida-entre-motocicleta-e-caminhao-canavieiro-mata-homem-em-ouro-verde\/","og_site_name":"R\u00e1dio Life FM","article_publisher":"https:\/\/www.facebook.com\/radiolifefm\/","article_published_time":"2019-06-11T13:35:26+00:00","article_modified_time":"2026-03-26T09:01:04+00:00","og_image":[{"width":275,"height":183,"url":"https:\/\/radiolifefm.com.br\/noticias\/wp-content\/uploads\/2019\/06\/Pol\u00edcia-Rodovi\u00e1ria-Imagem.jpg","type":"image\/jpeg"}],"author":"lifefm","twitter_card":"summary_large_image","twitter_misc":{"Escrito por":"lifefm","Est. tempo de leitura":"1 minuto"},"schema":{"@context":"https:\/\/schema.org","@graph":[{"@type":"Article","@id":"https:\/\/radiolifefm.com.br\/noticias\/batida-entre-motocicleta-e-caminhao-canavieiro-mata-homem-em-ouro-verde\/#article","isPartOf":{"@id":"https:\/\/radiolifefm.com.br\/noticias\/batida-entre-motocicleta-e-caminhao-canavieiro-mata-homem-em-ouro-verde\/"},"author":{"name":"lifefm","@id":"https:\/\/radiolifefm.com.br\/noticias\/#\/schema\/person\/1d4e4b1301322090c6221bf1c8420490"},"headline":"Batida entre motocicleta e caminh\u00e3o canavieiro mata homem em Ouro Verde","datePublished":"2019-06-11T13:35:26+00:00","dateModified":"2026-03-26T09:01:04+00:00","mainEntityOfPage":{"@id":"https:\/\/radiolifefm.com.br\/noticias\/batida-entre-motocicleta-e-caminhao-canavieiro-mata-homem-em-ouro-verde\/"},"wordCount":223,"publisher":{"@id":"https:\/\/radiolifefm.com.br\/noticias\/#organization"},"image":{"@id":"https:\/\/radiolifefm.com.br\/noticias\/batida-entre-motocicleta-e-caminhao-canavieiro-mata-homem-em-ouro-verde\/#primaryimage"},"thumbnailUrl":"https:\/\/radiolifefm.com.br\/noticias\/wp-content\/uploads\/2019\/06\/Pol\u00edcia-Rodovi\u00e1ria-Imagem.jpg","articleSection":["Regi\u00e3o"],"inLanguage":"pt-BR"},{"@type":"WebPage","@id":"https:\/\/radiolifefm.com.br\/noticias\/batida-entre-motocicleta-e-caminhao-canavieiro-mata-homem-em-ouro-verde\/","url":"https:\/\/radiolifefm.com.br\/noticias\/batida-entre-motocicleta-e-caminhao-canavieiro-mata-homem-em-ouro-verde\/","name":"Batida entre motocicleta e caminh\u00e3o canavieiro mata homem em Ouro Verde - R\u00e1dio Life FM","isPartOf":{"@id":"https:\/\/radiolifefm.com.br\/noticias\/#website"},"primaryImageOfPage":{"@id":"https:\/\/radiolifefm.com.br\/noticias\/batida-entre-motocicleta-e-caminhao-canavieiro-mata-homem-em-ouro-verde\/#primaryimage"},"image":{"@id":"https:\/\/radiolifefm.com.br\/noticias\/batida-entre-motocicleta-e-caminhao-canavieiro-mata-homem-em-ouro-verde\/#primaryimage"},"thumbnailUrl":"https:\/\/radiolifefm.com.br\/noticias\/wp-content\/uploads\/2019\/06\/Pol\u00edcia-Rodovi\u00e1ria-Imagem.jpg","datePublished":"2019-06-11T13:35:26+00:00","dateModified":"2026-03-26T09:01:04+00:00","breadcrumb":{"@id":"https:\/\/radiolifefm.com.br\/noticias\/batida-entre-motocicleta-e-caminhao-canavieiro-mata-homem-em-ouro-verde\/#breadcrumb"},"inLanguage":"pt-BR","potentialAction":[{"@type":"ReadAction","target":["https:\/\/radiolifefm.com.br\/noticias\/batida-entre-motocicleta-e-caminhao-canavieiro-mata-homem-em-ouro-verde\/"]}]},{"@type":"ImageObject","inLanguage":"pt-BR","@id":"https:\/\/radiolifefm.com.br\/noticias\/batida-entre-motocicleta-e-caminhao-canavieiro-mata-homem-em-ouro-verde\/#primaryimage","url":"https:\/\/radiolifefm.com.br\/noticias\/wp-content\/uploads\/2019\/06\/Pol\u00edcia-Rodovi\u00e1ria-Imagem.jpg","contentUrl":"https:\/\/radiolifefm.com.br\/noticias\/wp-content\/uploads\/2019\/06\/Pol\u00edcia-Rodovi\u00e1ria-Imagem.jpg","width":275,"height":183},{"@type":"BreadcrumbList","@id":"https:\/\/radiolifefm.com.br\/noticias\/batida-entre-motocicleta-e-caminhao-canavieiro-mata-homem-em-ouro-verde\/#breadcrumb","itemListElement":[{"@type":"ListItem","position":1,"name":"In\u00edcio","item":"https:\/\/radiolifefm.com.br\/noticias\/"},{"@type":"ListItem","position":2,"name":"Batida entre motocicleta e caminh\u00e3o canavieiro mata homem em Ouro Verde"}]},{"@type":"WebSite","@id":"https:\/\/radiolifefm.com.br\/noticias\/#website","url":"https:\/\/radiolifefm.com.br\/noticias\/","name":"R\u00e1dio Life FM","description":"O Portal de Not\u00edcias de Adamantina","publisher":{"@id":"https:\/\/radiolifefm.com.br\/noticias\/#organization"},"alternateName":"Life FM","potentialAction":[{"@type":"SearchAction","target":{"@type":"EntryPoint","urlTemplate":"https:\/\/radiolifefm.com.br\/noticias\/?s={search_term_string}"},"query-input":{"@type":"PropertyValueSpecification","valueRequired":true,"valueName":"search_term_string"}}],"inLanguage":"pt-BR"},{"@type":"Organization","@id":"https:\/\/radiolifefm.com.br\/noticias\/#organization","name":"R\u00e1dio Life FM","alternateName":"Life FM","url":"https:\/\/radiolifefm.com.br\/noticias\/","logo":{"@type":"ImageObject","inLanguage":"pt-BR","@id":"https:\/\/radiolifefm.com.br\/noticias\/#\/schema\/logo\/image\/","url":"https:\/\/static.radiolifefm.com.br\/noticias\/wp-content\/uploads\/2019\/10\/logo-lifefm.png","contentUrl":"https:\/\/static.radiolifefm.com.br\/noticias\/wp-content\/uploads\/2019\/10\/logo-lifefm.png","width":196,"height":47,"caption":"R\u00e1dio Life FM"},"image":{"@id":"https:\/\/radiolifefm.com.br\/noticias\/#\/schema\/logo\/image\/"},"sameAs":["https:\/\/www.facebook.com\/radiolifefm\/","https:\/\/www.instagram.com\/life1079fm\/"]},{"@type":"Person","@id":"https:\/\/radiolifefm.com.br\/noticias\/#\/schema\/person\/1d4e4b1301322090c6221bf1c8420490","name":"lifefm","image":{"@type":"ImageObject","inLanguage":"pt-BR","@id":"https:\/\/secure.gravatar.com\/avatar\/eca268467d925ec97d20641bb054fd944c0abb2f92854171620706bbe6474e7c?s=96&d=mm&r=g","url":"https:\/\/secure.gravatar.com\/avatar\/eca268467d925ec97d20641bb054fd944c0abb2f92854171620706bbe6474e7c?s=96&d=mm&r=g","contentUrl":"https:\/\/secure.gravatar.com\/avatar\/eca268467d925ec97d20641bb054fd944c0abb2f92854171620706bbe6474e7c?s=96&d=mm&r=g","caption":"lifefm"}}]}},"amp_enabled":true,"_links":{"self":[{"href":"https:\/\/radiolifefm.com.br\/noticias\/wp-json\/wp\/v2\/posts\/13987","targetHints":{"allow":["GET"]}}],"collection":[{"href":"https:\/\/radiolifefm.com.br\/noticias\/wp-json\/wp\/v2\/posts"}],"about":[{"href":"https:\/\/radiolifefm.com.br\/noticias\/wp-json\/wp\/v2\/types\/post"}],"author":[{"embeddable":true,"href":"https:\/\/radiolifefm.com.br\/noticias\/wp-json\/wp\/v2\/users\/3"}],"replies":[{"embeddable":true,"href":"https:\/\/radiolifefm.com.br\/noticias\/wp-json\/wp\/v2\/comments?post=13987"}],"version-history":[{"count":1,"href":"https:\/\/radiolifefm.com.br\/noticias\/wp-json\/wp\/v2\/posts\/13987\/revisions"}],"predecessor-version":[{"id":13989,"href":"https:\/\/radiolifefm.com.br\/noticias\/wp-json\/wp\/v2\/posts\/13987\/revisions\/13989"}],"wp:featuredmedia":[{"embeddable":true,"href":"https:\/\/radiolifefm.com.br\/noticias\/wp-json\/wp\/v2\/media\/13988"}],"wp:attachment":[{"href":"https:\/\/radiolifefm.com.br\/noticias\/wp-json\/wp\/v2\/media?parent=13987"}],"wp:term":[{"taxonomy":"category","embeddable":true,"href":"https:\/\/radiolifefm.com.br\/noticias\/wp-json\/wp\/v2\/categories?post=13987"},{"taxonomy":"post_tag","embeddable":true,"href":"https:\/\/radiolifefm.com.br\/noticias\/wp-json\/wp\/v2\/tags?post=13987"}],"curies":[{"name":"wp","href":"https:\/\/api.w.org\/{rel}","templated":true}]}}