{"id":13964,"date":"2019-06-11T08:30:13","date_gmt":"2019-06-11T11:30:13","guid":{"rendered":"https:\/\/radiolifefm.com.br\/noticias\/?p=13964"},"modified":"2026-04-17T10:54:07","modified_gmt":"2026-04-17T13:54:07","slug":"as-lendas-estao-partindo-serguei-e-andre-matos-tiago-rafael-coluna-opiniao","status":"publish","type":"post","link":"https:\/\/radiolifefm.com.br\/noticias\/as-lendas-estao-partindo-serguei-e-andre-matos-tiago-rafael-coluna-opiniao\/","title":{"rendered":"As lendas est\u00e3o partindo \u2013 Serguei e Andr\u00e9 Matos &#8211; Tiago Rafael &#8211; Coluna Opini\u00e3o"},"content":{"rendered":"<div id=\"fb-root\"><\/div>\n<p><strong>As lendas est\u00e3o partindo \u2013 Serguei e Andr\u00e9 Matos<\/strong><br \/>\n<em>Um breve relato sobre os m\u00fasicos Serguei e Andr\u00e9 Matos<\/em><br \/>\n***<br \/>\n\u201cEu sou psicod\u00e9lico \/ A vida para um hippie \u00e9 mais vida \/ O mundo \u00e9 uma flor \/ Sem espinhos e sem dor \/ Plantada com amor \/ Eu sou psicod\u00e9lico \/ Pra mim o universo \u00e9 um jardim \/ Tamb\u00e9m quero ser assim \/ Azul, vermelho, amarelo, branco da paz! \/ A paz colorido b\u00e9lico \/ Eu sou psicod\u00e9lico\u201d.<br \/>\nEu Sou Psicod\u00e9lico \u2013 Serguei<br \/>\n***<br \/>\n\u201c&#8230; E \u00e0 noite ele sempre estar\u00e1 l\u00e1 \/ Para sua senhora o olhar \/ E assim ele nunca morreu.\u201d<br \/>\nFairy Tale \u2013 Shaman (Tradu\u00e7\u00e3o)<br \/>\n***<br \/>\nNos \u00faltimos dias o cen\u00e1rio do rock nacional teve duas grandes perdas. Na \u00faltima sexta-feira (07), faleceu aos 85 anos o m\u00fasico Serguei e no s\u00e1bado (08), o ex-vocalista das bandas Viper, Angra e Shaman, Andr\u00e9 Matos, aos 47 anos. Suas vozes e atua\u00e7\u00f5es marcaram v\u00e1rias gera\u00e7\u00f5es dos amantes do bom e velho rock.<\/p>\n<p>Serguei era considerado um dos s\u00edmbolos do rock brasileiro e tido como um dos roqueiros mais antigos do pa\u00eds. Em sua casa, foi criou o Museu do Rock, onde disponibilizava \u00e0 visita\u00e7\u00e3o grande parte do material que comp\u00f4s a sua traget\u00f3ria. Ao todo, Serguei lan\u00e7ou 11 discos durante sua carreira, tocou no Rock in Rio II (1991) e Rock in Rio III (2011) e at\u00e9 o ano de 2018 ainda tocava com sua banda Pandemonium.<\/p>\n<p>Por outro lado, com a partida de Andr\u00e9 Matos, sobram p\u00e1ginas e mais p\u00e1ginas de seu vasto curr\u00edculo musical. Al\u00e9m de ter se consolidado como um dos \u00edcones na esfera do Heavy Metal Mundial, conforme j\u00e1 mencionado nas bandas Viper, Angra e Shaman, Andr\u00e9 chegou at\u00e9 mesmo a ser cogitado como um dos poss\u00edveis substitutos de Bruce Dickinson no Iron Maiden.<\/p>\n<p>Para os amantes do rock, com certeza ficar\u00e3o as lembran\u00e7as da psicodelia inenarr\u00e1vel de Serguei, ao mesmo tempo que sobrar\u00e3o as lend\u00e1rias apresenta\u00e7\u00f5es de Andr\u00e9 Mattos nas v\u00e1rias bandas em que emprestou a sua incompar\u00e1vel voz.<\/p>\n<p>Enfim, em tempos musicais \u201cn\u00e3o t\u00e3o bons\u201d, cabe a homenagem e a admira\u00e7\u00e3o por estes dois profissionais. E como um dia j\u00e1 disseram, repito por aqui: \u201cO rock n\u00e3o envelhece e nem morre, apenas se torna cl\u00e1ssico.\u201d Assim ser\u00e3o lembrados, Serguei e Andr\u00e9 Matos, como dois grandes cl\u00e1ssicos do Rock Nacional e Mundial.<\/p>\n<p>Tiago Rafael dos Santos Alves<br \/>\nProfessor e Historiador<\/p>\n","protected":false},"excerpt":{"rendered":"<p>As lendas est\u00e3o partindo \u2013 Serguei e Andr\u00e9 Matos Um breve relato sobre os m\u00fasicos Serguei e Andr\u00e9 Matos *** \u201cEu sou psicod\u00e9lico \/ A vida para um hippie \u00e9 mais vida \/ O mundo \u00e9 uma flor \/ Sem espinhos e sem dor \/ Plantada com amor \/ Eu sou psicod\u00e9lico \/ Pra mim [&hellip;]<\/p>\n","protected":false},"author":3,"featured_media":13965,"comment_status":"closed","ping_status":"open","sticky":false,"template":"","format":"standard","meta":{"_acf_changed":false,"_exactmetrics_skip_tracking":false,"_exactmetrics_sitenote_active":false,"_exactmetrics_sitenote_note":"","_exactmetrics_sitenote_category":0,"footnotes":""},"categories":[59],"tags":[],"class_list":["post-13964","post","type-post","status-publish","format-standard","has-post-thumbnail","hentry","category-opiniao"],"acf":[],"yoast_head":"<!-- This site is optimized with the Yoast SEO plugin v27.2 - https:\/\/yoast.com\/product\/yoast-seo-wordpress\/ -->\n<title>As lendas est\u00e3o partindo \u2013 Serguei e Andr\u00e9 Matos - Tiago Rafael - Coluna Opini\u00e3o - R\u00e1dio Life FM<\/title>\n<meta name=\"robots\" content=\"index, follow, max-snippet:-1, max-image-preview:large, max-video-preview:-1\" \/>\n<link rel=\"canonical\" href=\"https:\/\/radiolifefm.com.br\/noticias\/as-lendas-estao-partindo-serguei-e-andre-matos-tiago-rafael-coluna-opiniao\/\" \/>\n<meta property=\"og:locale\" content=\"pt_BR\" \/>\n<meta property=\"og:type\" content=\"article\" \/>\n<meta property=\"og:title\" content=\"As lendas est\u00e3o partindo \u2013 Serguei e Andr\u00e9 Matos - Tiago Rafael - Coluna Opini\u00e3o - R\u00e1dio Life FM\" \/>\n<meta property=\"og:description\" content=\"As lendas est\u00e3o partindo \u2013 Serguei e Andr\u00e9 Matos Um breve relato sobre os m\u00fasicos Serguei e Andr\u00e9 Matos *** \u201cEu sou psicod\u00e9lico \/ A vida para um hippie \u00e9 mais vida \/ O mundo \u00e9 uma flor \/ Sem espinhos e sem dor \/ Plantada com amor \/ Eu sou psicod\u00e9lico \/ Pra mim [&hellip;]\" \/>\n<meta property=\"og:url\" content=\"https:\/\/radiolifefm.com.br\/noticias\/as-lendas-estao-partindo-serguei-e-andre-matos-tiago-rafael-coluna-opiniao\/\" \/>\n<meta property=\"og:site_name\" content=\"R\u00e1dio Life FM\" \/>\n<meta property=\"article:publisher\" content=\"https:\/\/www.facebook.com\/radiolifefm\/\" \/>\n<meta property=\"article:published_time\" content=\"2019-06-11T11:30:13+00:00\" \/>\n<meta property=\"article:modified_time\" content=\"2026-04-17T13:54:07+00:00\" \/>\n<meta property=\"og:image\" content=\"https:\/\/radiolifefm.com.br\/noticias\/wp-content\/uploads\/2019\/06\/Tiago-Opini\u00e3o.png\" \/>\n\t<meta property=\"og:image:width\" content=\"768\" \/>\n\t<meta property=\"og:image:height\" content=\"552\" \/>\n\t<meta property=\"og:image:type\" content=\"image\/png\" \/>\n<meta name=\"author\" content=\"lifefm\" \/>\n<meta name=\"twitter:card\" content=\"summary_large_image\" \/>\n<meta name=\"twitter:label1\" content=\"Escrito por\" \/>\n\t<meta name=\"twitter:data1\" content=\"lifefm\" \/>\n\t<meta name=\"twitter:label2\" content=\"Est. tempo de leitura\" \/>\n\t<meta name=\"twitter:data2\" content=\"2 minutos\" \/>\n<script type=\"application\/ld+json\" class=\"yoast-schema-graph\">{\"@context\":\"https:\/\/schema.org\",\"@graph\":[{\"@type\":\"Article\",\"@id\":\"https:\/\/radiolifefm.com.br\/noticias\/as-lendas-estao-partindo-serguei-e-andre-matos-tiago-rafael-coluna-opiniao\/#article\",\"isPartOf\":{\"@id\":\"https:\/\/radiolifefm.com.br\/noticias\/as-lendas-estao-partindo-serguei-e-andre-matos-tiago-rafael-coluna-opiniao\/\"},\"author\":{\"name\":\"lifefm\",\"@id\":\"https:\/\/radiolifefm.com.br\/noticias\/#\/schema\/person\/1d4e4b1301322090c6221bf1c8420490\"},\"headline\":\"As lendas est\u00e3o partindo \u2013 Serguei e Andr\u00e9 Matos &#8211; Tiago Rafael &#8211; Coluna Opini\u00e3o\",\"datePublished\":\"2019-06-11T11:30:13+00:00\",\"dateModified\":\"2026-04-17T13:54:07+00:00\",\"mainEntityOfPage\":{\"@id\":\"https:\/\/radiolifefm.com.br\/noticias\/as-lendas-estao-partindo-serguei-e-andre-matos-tiago-rafael-coluna-opiniao\/\"},\"wordCount\":425,\"publisher\":{\"@id\":\"https:\/\/radiolifefm.com.br\/noticias\/#organization\"},\"image\":{\"@id\":\"https:\/\/radiolifefm.com.br\/noticias\/as-lendas-estao-partindo-serguei-e-andre-matos-tiago-rafael-coluna-opiniao\/#primaryimage\"},\"thumbnailUrl\":\"https:\/\/radiolifefm.com.br\/noticias\/wp-content\/uploads\/2019\/06\/Tiago-Opini\u00e3o.png\",\"articleSection\":[\"Opini\u00e3o\"],\"inLanguage\":\"pt-BR\"},{\"@type\":\"WebPage\",\"@id\":\"https:\/\/radiolifefm.com.br\/noticias\/as-lendas-estao-partindo-serguei-e-andre-matos-tiago-rafael-coluna-opiniao\/\",\"url\":\"https:\/\/radiolifefm.com.br\/noticias\/as-lendas-estao-partindo-serguei-e-andre-matos-tiago-rafael-coluna-opiniao\/\",\"name\":\"As lendas est\u00e3o partindo \u2013 Serguei e Andr\u00e9 Matos - Tiago Rafael - Coluna Opini\u00e3o - R\u00e1dio Life FM\",\"isPartOf\":{\"@id\":\"https:\/\/radiolifefm.com.br\/noticias\/#website\"},\"primaryImageOfPage\":{\"@id\":\"https:\/\/radiolifefm.com.br\/noticias\/as-lendas-estao-partindo-serguei-e-andre-matos-tiago-rafael-coluna-opiniao\/#primaryimage\"},\"image\":{\"@id\":\"https:\/\/radiolifefm.com.br\/noticias\/as-lendas-estao-partindo-serguei-e-andre-matos-tiago-rafael-coluna-opiniao\/#primaryimage\"},\"thumbnailUrl\":\"https:\/\/radiolifefm.com.br\/noticias\/wp-content\/uploads\/2019\/06\/Tiago-Opini\u00e3o.png\",\"datePublished\":\"2019-06-11T11:30:13+00:00\",\"dateModified\":\"2026-04-17T13:54:07+00:00\",\"breadcrumb\":{\"@id\":\"https:\/\/radiolifefm.com.br\/noticias\/as-lendas-estao-partindo-serguei-e-andre-matos-tiago-rafael-coluna-opiniao\/#breadcrumb\"},\"inLanguage\":\"pt-BR\",\"potentialAction\":[{\"@type\":\"ReadAction\",\"target\":[\"https:\/\/radiolifefm.com.br\/noticias\/as-lendas-estao-partindo-serguei-e-andre-matos-tiago-rafael-coluna-opiniao\/\"]}]},{\"@type\":\"ImageObject\",\"inLanguage\":\"pt-BR\",\"@id\":\"https:\/\/radiolifefm.com.br\/noticias\/as-lendas-estao-partindo-serguei-e-andre-matos-tiago-rafael-coluna-opiniao\/#primaryimage\",\"url\":\"https:\/\/radiolifefm.com.br\/noticias\/wp-content\/uploads\/2019\/06\/Tiago-Opini\u00e3o.png\",\"contentUrl\":\"https:\/\/radiolifefm.com.br\/noticias\/wp-content\/uploads\/2019\/06\/Tiago-Opini\u00e3o.png\",\"width\":768,\"height\":552},{\"@type\":\"BreadcrumbList\",\"@id\":\"https:\/\/radiolifefm.com.br\/noticias\/as-lendas-estao-partindo-serguei-e-andre-matos-tiago-rafael-coluna-opiniao\/#breadcrumb\",\"itemListElement\":[{\"@type\":\"ListItem\",\"position\":1,\"name\":\"In\u00edcio\",\"item\":\"https:\/\/radiolifefm.com.br\/noticias\/\"},{\"@type\":\"ListItem\",\"position\":2,\"name\":\"As lendas est\u00e3o partindo \u2013 Serguei e Andr\u00e9 Matos &#8211; Tiago Rafael &#8211; Coluna Opini\u00e3o\"}]},{\"@type\":\"WebSite\",\"@id\":\"https:\/\/radiolifefm.com.br\/noticias\/#website\",\"url\":\"https:\/\/radiolifefm.com.br\/noticias\/\",\"name\":\"R\u00e1dio Life FM\",\"description\":\"O Portal de Not\u00edcias de Adamantina\",\"publisher\":{\"@id\":\"https:\/\/radiolifefm.com.br\/noticias\/#organization\"},\"alternateName\":\"Life FM\",\"potentialAction\":[{\"@type\":\"SearchAction\",\"target\":{\"@type\":\"EntryPoint\",\"urlTemplate\":\"https:\/\/radiolifefm.com.br\/noticias\/?s={search_term_string}\"},\"query-input\":{\"@type\":\"PropertyValueSpecification\",\"valueRequired\":true,\"valueName\":\"search_term_string\"}}],\"inLanguage\":\"pt-BR\"},{\"@type\":\"Organization\",\"@id\":\"https:\/\/radiolifefm.com.br\/noticias\/#organization\",\"name\":\"R\u00e1dio Life FM\",\"alternateName\":\"Life FM\",\"url\":\"https:\/\/radiolifefm.com.br\/noticias\/\",\"logo\":{\"@type\":\"ImageObject\",\"inLanguage\":\"pt-BR\",\"@id\":\"https:\/\/radiolifefm.com.br\/noticias\/#\/schema\/logo\/image\/\",\"url\":\"https:\/\/static.radiolifefm.com.br\/noticias\/wp-content\/uploads\/2019\/10\/logo-lifefm.png\",\"contentUrl\":\"https:\/\/static.radiolifefm.com.br\/noticias\/wp-content\/uploads\/2019\/10\/logo-lifefm.png\",\"width\":196,\"height\":47,\"caption\":\"R\u00e1dio Life FM\"},\"image\":{\"@id\":\"https:\/\/radiolifefm.com.br\/noticias\/#\/schema\/logo\/image\/\"},\"sameAs\":[\"https:\/\/www.facebook.com\/radiolifefm\/\",\"https:\/\/www.instagram.com\/life1079fm\/\"]},{\"@type\":\"Person\",\"@id\":\"https:\/\/radiolifefm.com.br\/noticias\/#\/schema\/person\/1d4e4b1301322090c6221bf1c8420490\",\"name\":\"lifefm\",\"image\":{\"@type\":\"ImageObject\",\"inLanguage\":\"pt-BR\",\"@id\":\"https:\/\/secure.gravatar.com\/avatar\/eca268467d925ec97d20641bb054fd944c0abb2f92854171620706bbe6474e7c?s=96&d=mm&r=g\",\"url\":\"https:\/\/secure.gravatar.com\/avatar\/eca268467d925ec97d20641bb054fd944c0abb2f92854171620706bbe6474e7c?s=96&d=mm&r=g\",\"contentUrl\":\"https:\/\/secure.gravatar.com\/avatar\/eca268467d925ec97d20641bb054fd944c0abb2f92854171620706bbe6474e7c?s=96&d=mm&r=g\",\"caption\":\"lifefm\"}}]}<\/script>\n<!-- \/ Yoast SEO plugin. -->","yoast_head_json":{"title":"As lendas est\u00e3o partindo \u2013 Serguei e Andr\u00e9 Matos - Tiago Rafael - Coluna Opini\u00e3o - R\u00e1dio Life FM","robots":{"index":"index","follow":"follow","max-snippet":"max-snippet:-1","max-image-preview":"max-image-preview:large","max-video-preview":"max-video-preview:-1"},"canonical":"https:\/\/radiolifefm.com.br\/noticias\/as-lendas-estao-partindo-serguei-e-andre-matos-tiago-rafael-coluna-opiniao\/","og_locale":"pt_BR","og_type":"article","og_title":"As lendas est\u00e3o partindo \u2013 Serguei e Andr\u00e9 Matos - Tiago Rafael - Coluna Opini\u00e3o - R\u00e1dio Life FM","og_description":"As lendas est\u00e3o partindo \u2013 Serguei e Andr\u00e9 Matos Um breve relato sobre os m\u00fasicos Serguei e Andr\u00e9 Matos *** \u201cEu sou psicod\u00e9lico \/ A vida para um hippie \u00e9 mais vida \/ O mundo \u00e9 uma flor \/ Sem espinhos e sem dor \/ Plantada com amor \/ Eu sou psicod\u00e9lico \/ Pra mim [&hellip;]","og_url":"https:\/\/radiolifefm.com.br\/noticias\/as-lendas-estao-partindo-serguei-e-andre-matos-tiago-rafael-coluna-opiniao\/","og_site_name":"R\u00e1dio Life FM","article_publisher":"https:\/\/www.facebook.com\/radiolifefm\/","article_published_time":"2019-06-11T11:30:13+00:00","article_modified_time":"2026-04-17T13:54:07+00:00","og_image":[{"width":768,"height":552,"url":"https:\/\/radiolifefm.com.br\/noticias\/wp-content\/uploads\/2019\/06\/Tiago-Opini\u00e3o.png","type":"image\/png"}],"author":"lifefm","twitter_card":"summary_large_image","twitter_misc":{"Escrito por":"lifefm","Est. tempo de leitura":"2 minutos"},"schema":{"@context":"https:\/\/schema.org","@graph":[{"@type":"Article","@id":"https:\/\/radiolifefm.com.br\/noticias\/as-lendas-estao-partindo-serguei-e-andre-matos-tiago-rafael-coluna-opiniao\/#article","isPartOf":{"@id":"https:\/\/radiolifefm.com.br\/noticias\/as-lendas-estao-partindo-serguei-e-andre-matos-tiago-rafael-coluna-opiniao\/"},"author":{"name":"lifefm","@id":"https:\/\/radiolifefm.com.br\/noticias\/#\/schema\/person\/1d4e4b1301322090c6221bf1c8420490"},"headline":"As lendas est\u00e3o partindo \u2013 Serguei e Andr\u00e9 Matos &#8211; Tiago Rafael &#8211; Coluna Opini\u00e3o","datePublished":"2019-06-11T11:30:13+00:00","dateModified":"2026-04-17T13:54:07+00:00","mainEntityOfPage":{"@id":"https:\/\/radiolifefm.com.br\/noticias\/as-lendas-estao-partindo-serguei-e-andre-matos-tiago-rafael-coluna-opiniao\/"},"wordCount":425,"publisher":{"@id":"https:\/\/radiolifefm.com.br\/noticias\/#organization"},"image":{"@id":"https:\/\/radiolifefm.com.br\/noticias\/as-lendas-estao-partindo-serguei-e-andre-matos-tiago-rafael-coluna-opiniao\/#primaryimage"},"thumbnailUrl":"https:\/\/radiolifefm.com.br\/noticias\/wp-content\/uploads\/2019\/06\/Tiago-Opini\u00e3o.png","articleSection":["Opini\u00e3o"],"inLanguage":"pt-BR"},{"@type":"WebPage","@id":"https:\/\/radiolifefm.com.br\/noticias\/as-lendas-estao-partindo-serguei-e-andre-matos-tiago-rafael-coluna-opiniao\/","url":"https:\/\/radiolifefm.com.br\/noticias\/as-lendas-estao-partindo-serguei-e-andre-matos-tiago-rafael-coluna-opiniao\/","name":"As lendas est\u00e3o partindo \u2013 Serguei e Andr\u00e9 Matos - Tiago Rafael - Coluna Opini\u00e3o - R\u00e1dio Life FM","isPartOf":{"@id":"https:\/\/radiolifefm.com.br\/noticias\/#website"},"primaryImageOfPage":{"@id":"https:\/\/radiolifefm.com.br\/noticias\/as-lendas-estao-partindo-serguei-e-andre-matos-tiago-rafael-coluna-opiniao\/#primaryimage"},"image":{"@id":"https:\/\/radiolifefm.com.br\/noticias\/as-lendas-estao-partindo-serguei-e-andre-matos-tiago-rafael-coluna-opiniao\/#primaryimage"},"thumbnailUrl":"https:\/\/radiolifefm.com.br\/noticias\/wp-content\/uploads\/2019\/06\/Tiago-Opini\u00e3o.png","datePublished":"2019-06-11T11:30:13+00:00","dateModified":"2026-04-17T13:54:07+00:00","breadcrumb":{"@id":"https:\/\/radiolifefm.com.br\/noticias\/as-lendas-estao-partindo-serguei-e-andre-matos-tiago-rafael-coluna-opiniao\/#breadcrumb"},"inLanguage":"pt-BR","potentialAction":[{"@type":"ReadAction","target":["https:\/\/radiolifefm.com.br\/noticias\/as-lendas-estao-partindo-serguei-e-andre-matos-tiago-rafael-coluna-opiniao\/"]}]},{"@type":"ImageObject","inLanguage":"pt-BR","@id":"https:\/\/radiolifefm.com.br\/noticias\/as-lendas-estao-partindo-serguei-e-andre-matos-tiago-rafael-coluna-opiniao\/#primaryimage","url":"https:\/\/radiolifefm.com.br\/noticias\/wp-content\/uploads\/2019\/06\/Tiago-Opini\u00e3o.png","contentUrl":"https:\/\/radiolifefm.com.br\/noticias\/wp-content\/uploads\/2019\/06\/Tiago-Opini\u00e3o.png","width":768,"height":552},{"@type":"BreadcrumbList","@id":"https:\/\/radiolifefm.com.br\/noticias\/as-lendas-estao-partindo-serguei-e-andre-matos-tiago-rafael-coluna-opiniao\/#breadcrumb","itemListElement":[{"@type":"ListItem","position":1,"name":"In\u00edcio","item":"https:\/\/radiolifefm.com.br\/noticias\/"},{"@type":"ListItem","position":2,"name":"As lendas est\u00e3o partindo \u2013 Serguei e Andr\u00e9 Matos &#8211; Tiago Rafael &#8211; Coluna Opini\u00e3o"}]},{"@type":"WebSite","@id":"https:\/\/radiolifefm.com.br\/noticias\/#website","url":"https:\/\/radiolifefm.com.br\/noticias\/","name":"R\u00e1dio Life FM","description":"O Portal de Not\u00edcias de Adamantina","publisher":{"@id":"https:\/\/radiolifefm.com.br\/noticias\/#organization"},"alternateName":"Life FM","potentialAction":[{"@type":"SearchAction","target":{"@type":"EntryPoint","urlTemplate":"https:\/\/radiolifefm.com.br\/noticias\/?s={search_term_string}"},"query-input":{"@type":"PropertyValueSpecification","valueRequired":true,"valueName":"search_term_string"}}],"inLanguage":"pt-BR"},{"@type":"Organization","@id":"https:\/\/radiolifefm.com.br\/noticias\/#organization","name":"R\u00e1dio Life FM","alternateName":"Life FM","url":"https:\/\/radiolifefm.com.br\/noticias\/","logo":{"@type":"ImageObject","inLanguage":"pt-BR","@id":"https:\/\/radiolifefm.com.br\/noticias\/#\/schema\/logo\/image\/","url":"https:\/\/static.radiolifefm.com.br\/noticias\/wp-content\/uploads\/2019\/10\/logo-lifefm.png","contentUrl":"https:\/\/static.radiolifefm.com.br\/noticias\/wp-content\/uploads\/2019\/10\/logo-lifefm.png","width":196,"height":47,"caption":"R\u00e1dio Life FM"},"image":{"@id":"https:\/\/radiolifefm.com.br\/noticias\/#\/schema\/logo\/image\/"},"sameAs":["https:\/\/www.facebook.com\/radiolifefm\/","https:\/\/www.instagram.com\/life1079fm\/"]},{"@type":"Person","@id":"https:\/\/radiolifefm.com.br\/noticias\/#\/schema\/person\/1d4e4b1301322090c6221bf1c8420490","name":"lifefm","image":{"@type":"ImageObject","inLanguage":"pt-BR","@id":"https:\/\/secure.gravatar.com\/avatar\/eca268467d925ec97d20641bb054fd944c0abb2f92854171620706bbe6474e7c?s=96&d=mm&r=g","url":"https:\/\/secure.gravatar.com\/avatar\/eca268467d925ec97d20641bb054fd944c0abb2f92854171620706bbe6474e7c?s=96&d=mm&r=g","contentUrl":"https:\/\/secure.gravatar.com\/avatar\/eca268467d925ec97d20641bb054fd944c0abb2f92854171620706bbe6474e7c?s=96&d=mm&r=g","caption":"lifefm"}}]}},"amp_enabled":true,"_links":{"self":[{"href":"https:\/\/radiolifefm.com.br\/noticias\/wp-json\/wp\/v2\/posts\/13964","targetHints":{"allow":["GET"]}}],"collection":[{"href":"https:\/\/radiolifefm.com.br\/noticias\/wp-json\/wp\/v2\/posts"}],"about":[{"href":"https:\/\/radiolifefm.com.br\/noticias\/wp-json\/wp\/v2\/types\/post"}],"author":[{"embeddable":true,"href":"https:\/\/radiolifefm.com.br\/noticias\/wp-json\/wp\/v2\/users\/3"}],"replies":[{"embeddable":true,"href":"https:\/\/radiolifefm.com.br\/noticias\/wp-json\/wp\/v2\/comments?post=13964"}],"version-history":[{"count":1,"href":"https:\/\/radiolifefm.com.br\/noticias\/wp-json\/wp\/v2\/posts\/13964\/revisions"}],"predecessor-version":[{"id":13966,"href":"https:\/\/radiolifefm.com.br\/noticias\/wp-json\/wp\/v2\/posts\/13964\/revisions\/13966"}],"wp:featuredmedia":[{"embeddable":true,"href":"https:\/\/radiolifefm.com.br\/noticias\/wp-json\/wp\/v2\/media\/13965"}],"wp:attachment":[{"href":"https:\/\/radiolifefm.com.br\/noticias\/wp-json\/wp\/v2\/media?parent=13964"}],"wp:term":[{"taxonomy":"category","embeddable":true,"href":"https:\/\/radiolifefm.com.br\/noticias\/wp-json\/wp\/v2\/categories?post=13964"},{"taxonomy":"post_tag","embeddable":true,"href":"https:\/\/radiolifefm.com.br\/noticias\/wp-json\/wp\/v2\/tags?post=13964"}],"curies":[{"name":"wp","href":"https:\/\/api.w.org\/{rel}","templated":true}]}}