{"id":13942,"date":"2019-06-10T11:05:17","date_gmt":"2019-06-10T14:05:17","guid":{"rendered":"https:\/\/radiolifefm.com.br\/noticias\/?p=13942"},"modified":"2026-04-27T13:19:59","modified_gmt":"2026-04-27T16:19:59","slug":"ministerio-publico-de-sp-obtem-condenacao-de-vereador-de-panorama-pela-pratica-de-improbidade-administrativa","status":"publish","type":"post","link":"https:\/\/radiolifefm.com.br\/noticias\/ministerio-publico-de-sp-obtem-condenacao-de-vereador-de-panorama-pela-pratica-de-improbidade-administrativa\/","title":{"rendered":"Minist\u00e9rio P\u00fablico de SP obt\u00e9m condena\u00e7\u00e3o de vereador de Panorama pela pr\u00e1tica de improbidade administrativa"},"content":{"rendered":"<div id=\"fb-root\"><\/div>\n<p><em>A decis\u00e3o foi proferida na ter\u00e7a-feira, 4, e, portanto, est\u00e1 sujeita a recurso<\/em><\/p>\n<p>O Minist\u00e9rio P\u00fablico do Estado de S\u00e3o Paulo, pela Promotoria de Justi\u00e7a de Panorama, obteve condena\u00e7\u00e3o do vereador de Panorama Edemir Vermelho por pr\u00e1tica de ato de improbidade administrativa, com aplica\u00e7\u00e3o das san\u00e7\u00f5es de suspens\u00e3o dos direitos pol\u00edticos pelo prazo de tr\u00eas anos, pagamento de multa civil dez vezes o valor da remunera\u00e7\u00e3o percebida por ele \u00e0 \u00e9poca dos fatos, perda da fun\u00e7\u00e3o p\u00fablica e proibi\u00e7\u00e3o de contratar com o Poder P\u00fablico ou receber benef\u00edcios ou incentivos fiscais ou credit\u00edcios, direta ou indiretamente, ainda que por interm\u00e9dio de pessoa jur\u00eddica da qual seja s\u00f3cio majorit\u00e1rio, pelo prazo de tr\u00eas anos.<\/p>\n<p>Segundo a imputa\u00e7\u00e3o feita na peti\u00e7\u00e3o inicial e acolhida pelo Juiz da 2\u00aa Vara Judicial de Panorama, o requerido exerceu a presid\u00eancia da C\u00e2mara de Vereadores durante o exerc\u00edcio de 2017, e, nessa qualidade, recebeu da C\u00e2mara, a t\u00edtulo de adiantamento, quantia para custear viagem at\u00e9 a cidade de S\u00e3o Paulo. Ocorreu que, ao apresentar despesas superfaturadas e estranhas \u00e0 viagem, o tesoureiro da C\u00e2mara n\u00e3o autorizou o pagamento e, ao contr\u00e1rio, exigiu devolu\u00e7\u00e3o de quantia.<\/p>\n<p>Indignado e com n\u00edtida inten\u00e7\u00e3o de retalia\u00e7\u00e3o \u00e0 conduta do tesoureiro, o presidente da C\u00e2mara anulou, sem qualquer motiva\u00e7\u00e3o id\u00f4nea, o concurso p\u00fablico para provimento de procurador Jur\u00eddico da C\u00e2mara, em que a esposa do tesoureiro estava habilitada como segunda colocada, mas tinha expectativa de nomea\u00e7\u00e3o, porquanto a primeira colocada desistira da vaga. Assim, al\u00e9m de tentar apropriar-se, indevidamente, de dinheiro p\u00fablico, o vereador praticou ato de of\u00edcio a fim de prejudicar, ainda que indiretamente, a pessoa que o impediu de apossar-se de verba p\u00fablica que n\u00e3o lhe era devida.<\/p>\n<p>A decis\u00e3o foi proferida na ter\u00e7a-feira, 4, e, portanto, est\u00e1 sujeita a recurso.<\/p>\n<p>Em raz\u00e3o desses mesmos fatos, o vereador ainda responde a a\u00e7\u00e3o penal pela pr\u00e1tica de tentativa de peculato, a qual tramita perante a 1\u00aa Vara Judicial da Comarca de Panorama. (Promotoria de Justi\u00e7a de Panorama).<\/p>\n<p>Por Portal Regional<\/p>\n<p>Reda\u00e7\u00e3o &#8211; Kako de Oliveira<\/p>\n","protected":false},"excerpt":{"rendered":"<p>A decis\u00e3o foi proferida na ter\u00e7a-feira, 4, e, portanto, est\u00e1 sujeita a recurso O Minist\u00e9rio P\u00fablico do Estado de S\u00e3o Paulo, pela Promotoria de Justi\u00e7a de Panorama, obteve condena\u00e7\u00e3o do vereador de Panorama Edemir Vermelho por pr\u00e1tica de ato de improbidade administrativa, com aplica\u00e7\u00e3o das san\u00e7\u00f5es de suspens\u00e3o dos direitos pol\u00edticos pelo prazo de tr\u00eas [&hellip;]<\/p>\n","protected":false},"author":3,"featured_media":13943,"comment_status":"closed","ping_status":"open","sticky":false,"template":"","format":"standard","meta":{"_acf_changed":false,"_exactmetrics_skip_tracking":false,"_exactmetrics_sitenote_active":false,"_exactmetrics_sitenote_note":"","_exactmetrics_sitenote_category":0,"footnotes":""},"categories":[24],"tags":[],"class_list":["post-13942","post","type-post","status-publish","format-standard","has-post-thumbnail","hentry","category-regiao"],"acf":[],"yoast_head":"<!-- This site is optimized with the Yoast SEO plugin v27.2 - https:\/\/yoast.com\/product\/yoast-seo-wordpress\/ -->\n<title>Minist\u00e9rio P\u00fablico de SP obt\u00e9m condena\u00e7\u00e3o de vereador de Panorama pela pr\u00e1tica de improbidade administrativa - R\u00e1dio Life FM<\/title>\n<meta name=\"robots\" content=\"index, follow, max-snippet:-1, max-image-preview:large, max-video-preview:-1\" \/>\n<link rel=\"canonical\" href=\"https:\/\/radiolifefm.com.br\/noticias\/ministerio-publico-de-sp-obtem-condenacao-de-vereador-de-panorama-pela-pratica-de-improbidade-administrativa\/\" \/>\n<meta property=\"og:locale\" content=\"pt_BR\" \/>\n<meta property=\"og:type\" content=\"article\" \/>\n<meta property=\"og:title\" content=\"Minist\u00e9rio P\u00fablico de SP obt\u00e9m condena\u00e7\u00e3o de vereador de Panorama pela pr\u00e1tica de improbidade administrativa - R\u00e1dio Life FM\" \/>\n<meta property=\"og:description\" content=\"A decis\u00e3o foi proferida na ter\u00e7a-feira, 4, e, portanto, est\u00e1 sujeita a recurso O Minist\u00e9rio P\u00fablico do Estado de S\u00e3o Paulo, pela Promotoria de Justi\u00e7a de Panorama, obteve condena\u00e7\u00e3o do vereador de Panorama Edemir Vermelho por pr\u00e1tica de ato de improbidade administrativa, com aplica\u00e7\u00e3o das san\u00e7\u00f5es de suspens\u00e3o dos direitos pol\u00edticos pelo prazo de tr\u00eas [&hellip;]\" \/>\n<meta property=\"og:url\" content=\"https:\/\/radiolifefm.com.br\/noticias\/ministerio-publico-de-sp-obtem-condenacao-de-vereador-de-panorama-pela-pratica-de-improbidade-administrativa\/\" \/>\n<meta property=\"og:site_name\" content=\"R\u00e1dio Life FM\" \/>\n<meta property=\"article:publisher\" content=\"https:\/\/www.facebook.com\/radiolifefm\/\" \/>\n<meta property=\"article:published_time\" content=\"2019-06-10T14:05:17+00:00\" \/>\n<meta property=\"article:modified_time\" content=\"2026-04-27T16:19:59+00:00\" \/>\n<meta property=\"og:image\" content=\"https:\/\/radiolifefm.com.br\/noticias\/wp-content\/uploads\/2019\/06\/Minist\u00e9rio-P\u00fablico-SP.jpg\" \/>\n\t<meta property=\"og:image:width\" content=\"1000\" \/>\n\t<meta property=\"og:image:height\" content=\"600\" \/>\n\t<meta property=\"og:image:type\" content=\"image\/jpeg\" \/>\n<meta name=\"author\" content=\"lifefm\" \/>\n<meta name=\"twitter:card\" content=\"summary_large_image\" \/>\n<meta name=\"twitter:label1\" content=\"Escrito por\" \/>\n\t<meta name=\"twitter:data1\" content=\"lifefm\" \/>\n\t<meta name=\"twitter:label2\" content=\"Est. tempo de leitura\" \/>\n\t<meta name=\"twitter:data2\" content=\"2 minutos\" \/>\n<script type=\"application\/ld+json\" class=\"yoast-schema-graph\">{\"@context\":\"https:\/\/schema.org\",\"@graph\":[{\"@type\":\"Article\",\"@id\":\"https:\/\/radiolifefm.com.br\/noticias\/ministerio-publico-de-sp-obtem-condenacao-de-vereador-de-panorama-pela-pratica-de-improbidade-administrativa\/#article\",\"isPartOf\":{\"@id\":\"https:\/\/radiolifefm.com.br\/noticias\/ministerio-publico-de-sp-obtem-condenacao-de-vereador-de-panorama-pela-pratica-de-improbidade-administrativa\/\"},\"author\":{\"name\":\"lifefm\",\"@id\":\"https:\/\/radiolifefm.com.br\/noticias\/#\/schema\/person\/1d4e4b1301322090c6221bf1c8420490\"},\"headline\":\"Minist\u00e9rio P\u00fablico de SP obt\u00e9m condena\u00e7\u00e3o de vereador de Panorama pela pr\u00e1tica de improbidade administrativa\",\"datePublished\":\"2019-06-10T14:05:17+00:00\",\"dateModified\":\"2026-04-27T16:19:59+00:00\",\"mainEntityOfPage\":{\"@id\":\"https:\/\/radiolifefm.com.br\/noticias\/ministerio-publico-de-sp-obtem-condenacao-de-vereador-de-panorama-pela-pratica-de-improbidade-administrativa\/\"},\"wordCount\":406,\"publisher\":{\"@id\":\"https:\/\/radiolifefm.com.br\/noticias\/#organization\"},\"image\":{\"@id\":\"https:\/\/radiolifefm.com.br\/noticias\/ministerio-publico-de-sp-obtem-condenacao-de-vereador-de-panorama-pela-pratica-de-improbidade-administrativa\/#primaryimage\"},\"thumbnailUrl\":\"https:\/\/radiolifefm.com.br\/noticias\/wp-content\/uploads\/2019\/06\/Minist\u00e9rio-P\u00fablico-SP.jpg\",\"articleSection\":[\"Regi\u00e3o\"],\"inLanguage\":\"pt-BR\"},{\"@type\":\"WebPage\",\"@id\":\"https:\/\/radiolifefm.com.br\/noticias\/ministerio-publico-de-sp-obtem-condenacao-de-vereador-de-panorama-pela-pratica-de-improbidade-administrativa\/\",\"url\":\"https:\/\/radiolifefm.com.br\/noticias\/ministerio-publico-de-sp-obtem-condenacao-de-vereador-de-panorama-pela-pratica-de-improbidade-administrativa\/\",\"name\":\"Minist\u00e9rio P\u00fablico de SP obt\u00e9m condena\u00e7\u00e3o de vereador de Panorama pela pr\u00e1tica de improbidade administrativa - R\u00e1dio Life FM\",\"isPartOf\":{\"@id\":\"https:\/\/radiolifefm.com.br\/noticias\/#website\"},\"primaryImageOfPage\":{\"@id\":\"https:\/\/radiolifefm.com.br\/noticias\/ministerio-publico-de-sp-obtem-condenacao-de-vereador-de-panorama-pela-pratica-de-improbidade-administrativa\/#primaryimage\"},\"image\":{\"@id\":\"https:\/\/radiolifefm.com.br\/noticias\/ministerio-publico-de-sp-obtem-condenacao-de-vereador-de-panorama-pela-pratica-de-improbidade-administrativa\/#primaryimage\"},\"thumbnailUrl\":\"https:\/\/radiolifefm.com.br\/noticias\/wp-content\/uploads\/2019\/06\/Minist\u00e9rio-P\u00fablico-SP.jpg\",\"datePublished\":\"2019-06-10T14:05:17+00:00\",\"dateModified\":\"2026-04-27T16:19:59+00:00\",\"breadcrumb\":{\"@id\":\"https:\/\/radiolifefm.com.br\/noticias\/ministerio-publico-de-sp-obtem-condenacao-de-vereador-de-panorama-pela-pratica-de-improbidade-administrativa\/#breadcrumb\"},\"inLanguage\":\"pt-BR\",\"potentialAction\":[{\"@type\":\"ReadAction\",\"target\":[\"https:\/\/radiolifefm.com.br\/noticias\/ministerio-publico-de-sp-obtem-condenacao-de-vereador-de-panorama-pela-pratica-de-improbidade-administrativa\/\"]}]},{\"@type\":\"ImageObject\",\"inLanguage\":\"pt-BR\",\"@id\":\"https:\/\/radiolifefm.com.br\/noticias\/ministerio-publico-de-sp-obtem-condenacao-de-vereador-de-panorama-pela-pratica-de-improbidade-administrativa\/#primaryimage\",\"url\":\"https:\/\/radiolifefm.com.br\/noticias\/wp-content\/uploads\/2019\/06\/Minist\u00e9rio-P\u00fablico-SP.jpg\",\"contentUrl\":\"https:\/\/radiolifefm.com.br\/noticias\/wp-content\/uploads\/2019\/06\/Minist\u00e9rio-P\u00fablico-SP.jpg\",\"width\":1000,\"height\":600,\"caption\":\"O Minist\u00e9rio P\u00fablico do Estado de S\u00e3o Paulo, pela Promotoria de Justi\u00e7a de Panorama, obteve condena\u00e7\u00e3o do vereador de Panorama Edemir Vermelho por pr\u00e1tica de ato de improbidade administrativa - Foto ilustrativa\"},{\"@type\":\"BreadcrumbList\",\"@id\":\"https:\/\/radiolifefm.com.br\/noticias\/ministerio-publico-de-sp-obtem-condenacao-de-vereador-de-panorama-pela-pratica-de-improbidade-administrativa\/#breadcrumb\",\"itemListElement\":[{\"@type\":\"ListItem\",\"position\":1,\"name\":\"In\u00edcio\",\"item\":\"https:\/\/radiolifefm.com.br\/noticias\/\"},{\"@type\":\"ListItem\",\"position\":2,\"name\":\"Minist\u00e9rio P\u00fablico de SP obt\u00e9m condena\u00e7\u00e3o de vereador de Panorama pela pr\u00e1tica de improbidade administrativa\"}]},{\"@type\":\"WebSite\",\"@id\":\"https:\/\/radiolifefm.com.br\/noticias\/#website\",\"url\":\"https:\/\/radiolifefm.com.br\/noticias\/\",\"name\":\"R\u00e1dio Life FM\",\"description\":\"O Portal de Not\u00edcias de Adamantina\",\"publisher\":{\"@id\":\"https:\/\/radiolifefm.com.br\/noticias\/#organization\"},\"alternateName\":\"Life FM\",\"potentialAction\":[{\"@type\":\"SearchAction\",\"target\":{\"@type\":\"EntryPoint\",\"urlTemplate\":\"https:\/\/radiolifefm.com.br\/noticias\/?s={search_term_string}\"},\"query-input\":{\"@type\":\"PropertyValueSpecification\",\"valueRequired\":true,\"valueName\":\"search_term_string\"}}],\"inLanguage\":\"pt-BR\"},{\"@type\":\"Organization\",\"@id\":\"https:\/\/radiolifefm.com.br\/noticias\/#organization\",\"name\":\"R\u00e1dio Life FM\",\"alternateName\":\"Life FM\",\"url\":\"https:\/\/radiolifefm.com.br\/noticias\/\",\"logo\":{\"@type\":\"ImageObject\",\"inLanguage\":\"pt-BR\",\"@id\":\"https:\/\/radiolifefm.com.br\/noticias\/#\/schema\/logo\/image\/\",\"url\":\"https:\/\/static.radiolifefm.com.br\/noticias\/wp-content\/uploads\/2019\/10\/logo-lifefm.png\",\"contentUrl\":\"https:\/\/static.radiolifefm.com.br\/noticias\/wp-content\/uploads\/2019\/10\/logo-lifefm.png\",\"width\":196,\"height\":47,\"caption\":\"R\u00e1dio Life FM\"},\"image\":{\"@id\":\"https:\/\/radiolifefm.com.br\/noticias\/#\/schema\/logo\/image\/\"},\"sameAs\":[\"https:\/\/www.facebook.com\/radiolifefm\/\",\"https:\/\/www.instagram.com\/life1079fm\/\"]},{\"@type\":\"Person\",\"@id\":\"https:\/\/radiolifefm.com.br\/noticias\/#\/schema\/person\/1d4e4b1301322090c6221bf1c8420490\",\"name\":\"lifefm\",\"image\":{\"@type\":\"ImageObject\",\"inLanguage\":\"pt-BR\",\"@id\":\"https:\/\/secure.gravatar.com\/avatar\/eca268467d925ec97d20641bb054fd944c0abb2f92854171620706bbe6474e7c?s=96&d=mm&r=g\",\"url\":\"https:\/\/secure.gravatar.com\/avatar\/eca268467d925ec97d20641bb054fd944c0abb2f92854171620706bbe6474e7c?s=96&d=mm&r=g\",\"contentUrl\":\"https:\/\/secure.gravatar.com\/avatar\/eca268467d925ec97d20641bb054fd944c0abb2f92854171620706bbe6474e7c?s=96&d=mm&r=g\",\"caption\":\"lifefm\"}}]}<\/script>\n<!-- \/ Yoast SEO plugin. -->","yoast_head_json":{"title":"Minist\u00e9rio P\u00fablico de SP obt\u00e9m condena\u00e7\u00e3o de vereador de Panorama pela pr\u00e1tica de improbidade administrativa - R\u00e1dio Life FM","robots":{"index":"index","follow":"follow","max-snippet":"max-snippet:-1","max-image-preview":"max-image-preview:large","max-video-preview":"max-video-preview:-1"},"canonical":"https:\/\/radiolifefm.com.br\/noticias\/ministerio-publico-de-sp-obtem-condenacao-de-vereador-de-panorama-pela-pratica-de-improbidade-administrativa\/","og_locale":"pt_BR","og_type":"article","og_title":"Minist\u00e9rio P\u00fablico de SP obt\u00e9m condena\u00e7\u00e3o de vereador de Panorama pela pr\u00e1tica de improbidade administrativa - R\u00e1dio Life FM","og_description":"A decis\u00e3o foi proferida na ter\u00e7a-feira, 4, e, portanto, est\u00e1 sujeita a recurso O Minist\u00e9rio P\u00fablico do Estado de S\u00e3o Paulo, pela Promotoria de Justi\u00e7a de Panorama, obteve condena\u00e7\u00e3o do vereador de Panorama Edemir Vermelho por pr\u00e1tica de ato de improbidade administrativa, com aplica\u00e7\u00e3o das san\u00e7\u00f5es de suspens\u00e3o dos direitos pol\u00edticos pelo prazo de tr\u00eas [&hellip;]","og_url":"https:\/\/radiolifefm.com.br\/noticias\/ministerio-publico-de-sp-obtem-condenacao-de-vereador-de-panorama-pela-pratica-de-improbidade-administrativa\/","og_site_name":"R\u00e1dio Life FM","article_publisher":"https:\/\/www.facebook.com\/radiolifefm\/","article_published_time":"2019-06-10T14:05:17+00:00","article_modified_time":"2026-04-27T16:19:59+00:00","og_image":[{"width":1000,"height":600,"url":"https:\/\/radiolifefm.com.br\/noticias\/wp-content\/uploads\/2019\/06\/Minist\u00e9rio-P\u00fablico-SP.jpg","type":"image\/jpeg"}],"author":"lifefm","twitter_card":"summary_large_image","twitter_misc":{"Escrito por":"lifefm","Est. tempo de leitura":"2 minutos"},"schema":{"@context":"https:\/\/schema.org","@graph":[{"@type":"Article","@id":"https:\/\/radiolifefm.com.br\/noticias\/ministerio-publico-de-sp-obtem-condenacao-de-vereador-de-panorama-pela-pratica-de-improbidade-administrativa\/#article","isPartOf":{"@id":"https:\/\/radiolifefm.com.br\/noticias\/ministerio-publico-de-sp-obtem-condenacao-de-vereador-de-panorama-pela-pratica-de-improbidade-administrativa\/"},"author":{"name":"lifefm","@id":"https:\/\/radiolifefm.com.br\/noticias\/#\/schema\/person\/1d4e4b1301322090c6221bf1c8420490"},"headline":"Minist\u00e9rio P\u00fablico de SP obt\u00e9m condena\u00e7\u00e3o de vereador de Panorama pela pr\u00e1tica de improbidade administrativa","datePublished":"2019-06-10T14:05:17+00:00","dateModified":"2026-04-27T16:19:59+00:00","mainEntityOfPage":{"@id":"https:\/\/radiolifefm.com.br\/noticias\/ministerio-publico-de-sp-obtem-condenacao-de-vereador-de-panorama-pela-pratica-de-improbidade-administrativa\/"},"wordCount":406,"publisher":{"@id":"https:\/\/radiolifefm.com.br\/noticias\/#organization"},"image":{"@id":"https:\/\/radiolifefm.com.br\/noticias\/ministerio-publico-de-sp-obtem-condenacao-de-vereador-de-panorama-pela-pratica-de-improbidade-administrativa\/#primaryimage"},"thumbnailUrl":"https:\/\/radiolifefm.com.br\/noticias\/wp-content\/uploads\/2019\/06\/Minist\u00e9rio-P\u00fablico-SP.jpg","articleSection":["Regi\u00e3o"],"inLanguage":"pt-BR"},{"@type":"WebPage","@id":"https:\/\/radiolifefm.com.br\/noticias\/ministerio-publico-de-sp-obtem-condenacao-de-vereador-de-panorama-pela-pratica-de-improbidade-administrativa\/","url":"https:\/\/radiolifefm.com.br\/noticias\/ministerio-publico-de-sp-obtem-condenacao-de-vereador-de-panorama-pela-pratica-de-improbidade-administrativa\/","name":"Minist\u00e9rio P\u00fablico de SP obt\u00e9m condena\u00e7\u00e3o de vereador de Panorama pela pr\u00e1tica de improbidade administrativa - R\u00e1dio Life FM","isPartOf":{"@id":"https:\/\/radiolifefm.com.br\/noticias\/#website"},"primaryImageOfPage":{"@id":"https:\/\/radiolifefm.com.br\/noticias\/ministerio-publico-de-sp-obtem-condenacao-de-vereador-de-panorama-pela-pratica-de-improbidade-administrativa\/#primaryimage"},"image":{"@id":"https:\/\/radiolifefm.com.br\/noticias\/ministerio-publico-de-sp-obtem-condenacao-de-vereador-de-panorama-pela-pratica-de-improbidade-administrativa\/#primaryimage"},"thumbnailUrl":"https:\/\/radiolifefm.com.br\/noticias\/wp-content\/uploads\/2019\/06\/Minist\u00e9rio-P\u00fablico-SP.jpg","datePublished":"2019-06-10T14:05:17+00:00","dateModified":"2026-04-27T16:19:59+00:00","breadcrumb":{"@id":"https:\/\/radiolifefm.com.br\/noticias\/ministerio-publico-de-sp-obtem-condenacao-de-vereador-de-panorama-pela-pratica-de-improbidade-administrativa\/#breadcrumb"},"inLanguage":"pt-BR","potentialAction":[{"@type":"ReadAction","target":["https:\/\/radiolifefm.com.br\/noticias\/ministerio-publico-de-sp-obtem-condenacao-de-vereador-de-panorama-pela-pratica-de-improbidade-administrativa\/"]}]},{"@type":"ImageObject","inLanguage":"pt-BR","@id":"https:\/\/radiolifefm.com.br\/noticias\/ministerio-publico-de-sp-obtem-condenacao-de-vereador-de-panorama-pela-pratica-de-improbidade-administrativa\/#primaryimage","url":"https:\/\/radiolifefm.com.br\/noticias\/wp-content\/uploads\/2019\/06\/Minist\u00e9rio-P\u00fablico-SP.jpg","contentUrl":"https:\/\/radiolifefm.com.br\/noticias\/wp-content\/uploads\/2019\/06\/Minist\u00e9rio-P\u00fablico-SP.jpg","width":1000,"height":600,"caption":"O Minist\u00e9rio P\u00fablico do Estado de S\u00e3o Paulo, pela Promotoria de Justi\u00e7a de Panorama, obteve condena\u00e7\u00e3o do vereador de Panorama Edemir Vermelho por pr\u00e1tica de ato de improbidade administrativa - Foto ilustrativa"},{"@type":"BreadcrumbList","@id":"https:\/\/radiolifefm.com.br\/noticias\/ministerio-publico-de-sp-obtem-condenacao-de-vereador-de-panorama-pela-pratica-de-improbidade-administrativa\/#breadcrumb","itemListElement":[{"@type":"ListItem","position":1,"name":"In\u00edcio","item":"https:\/\/radiolifefm.com.br\/noticias\/"},{"@type":"ListItem","position":2,"name":"Minist\u00e9rio P\u00fablico de SP obt\u00e9m condena\u00e7\u00e3o de vereador de Panorama pela pr\u00e1tica de improbidade administrativa"}]},{"@type":"WebSite","@id":"https:\/\/radiolifefm.com.br\/noticias\/#website","url":"https:\/\/radiolifefm.com.br\/noticias\/","name":"R\u00e1dio Life FM","description":"O Portal de Not\u00edcias de Adamantina","publisher":{"@id":"https:\/\/radiolifefm.com.br\/noticias\/#organization"},"alternateName":"Life FM","potentialAction":[{"@type":"SearchAction","target":{"@type":"EntryPoint","urlTemplate":"https:\/\/radiolifefm.com.br\/noticias\/?s={search_term_string}"},"query-input":{"@type":"PropertyValueSpecification","valueRequired":true,"valueName":"search_term_string"}}],"inLanguage":"pt-BR"},{"@type":"Organization","@id":"https:\/\/radiolifefm.com.br\/noticias\/#organization","name":"R\u00e1dio Life FM","alternateName":"Life FM","url":"https:\/\/radiolifefm.com.br\/noticias\/","logo":{"@type":"ImageObject","inLanguage":"pt-BR","@id":"https:\/\/radiolifefm.com.br\/noticias\/#\/schema\/logo\/image\/","url":"https:\/\/static.radiolifefm.com.br\/noticias\/wp-content\/uploads\/2019\/10\/logo-lifefm.png","contentUrl":"https:\/\/static.radiolifefm.com.br\/noticias\/wp-content\/uploads\/2019\/10\/logo-lifefm.png","width":196,"height":47,"caption":"R\u00e1dio Life FM"},"image":{"@id":"https:\/\/radiolifefm.com.br\/noticias\/#\/schema\/logo\/image\/"},"sameAs":["https:\/\/www.facebook.com\/radiolifefm\/","https:\/\/www.instagram.com\/life1079fm\/"]},{"@type":"Person","@id":"https:\/\/radiolifefm.com.br\/noticias\/#\/schema\/person\/1d4e4b1301322090c6221bf1c8420490","name":"lifefm","image":{"@type":"ImageObject","inLanguage":"pt-BR","@id":"https:\/\/secure.gravatar.com\/avatar\/eca268467d925ec97d20641bb054fd944c0abb2f92854171620706bbe6474e7c?s=96&d=mm&r=g","url":"https:\/\/secure.gravatar.com\/avatar\/eca268467d925ec97d20641bb054fd944c0abb2f92854171620706bbe6474e7c?s=96&d=mm&r=g","contentUrl":"https:\/\/secure.gravatar.com\/avatar\/eca268467d925ec97d20641bb054fd944c0abb2f92854171620706bbe6474e7c?s=96&d=mm&r=g","caption":"lifefm"}}]}},"amp_enabled":true,"_links":{"self":[{"href":"https:\/\/radiolifefm.com.br\/noticias\/wp-json\/wp\/v2\/posts\/13942","targetHints":{"allow":["GET"]}}],"collection":[{"href":"https:\/\/radiolifefm.com.br\/noticias\/wp-json\/wp\/v2\/posts"}],"about":[{"href":"https:\/\/radiolifefm.com.br\/noticias\/wp-json\/wp\/v2\/types\/post"}],"author":[{"embeddable":true,"href":"https:\/\/radiolifefm.com.br\/noticias\/wp-json\/wp\/v2\/users\/3"}],"replies":[{"embeddable":true,"href":"https:\/\/radiolifefm.com.br\/noticias\/wp-json\/wp\/v2\/comments?post=13942"}],"version-history":[{"count":1,"href":"https:\/\/radiolifefm.com.br\/noticias\/wp-json\/wp\/v2\/posts\/13942\/revisions"}],"predecessor-version":[{"id":13944,"href":"https:\/\/radiolifefm.com.br\/noticias\/wp-json\/wp\/v2\/posts\/13942\/revisions\/13944"}],"wp:featuredmedia":[{"embeddable":true,"href":"https:\/\/radiolifefm.com.br\/noticias\/wp-json\/wp\/v2\/media\/13943"}],"wp:attachment":[{"href":"https:\/\/radiolifefm.com.br\/noticias\/wp-json\/wp\/v2\/media?parent=13942"}],"wp:term":[{"taxonomy":"category","embeddable":true,"href":"https:\/\/radiolifefm.com.br\/noticias\/wp-json\/wp\/v2\/categories?post=13942"},{"taxonomy":"post_tag","embeddable":true,"href":"https:\/\/radiolifefm.com.br\/noticias\/wp-json\/wp\/v2\/tags?post=13942"}],"curies":[{"name":"wp","href":"https:\/\/api.w.org\/{rel}","templated":true}]}}