{"id":13927,"date":"2019-06-09T17:14:56","date_gmt":"2019-06-09T20:14:56","guid":{"rendered":"https:\/\/radiolifefm.com.br\/noticias\/?p=13927"},"modified":"2026-04-28T00:30:20","modified_gmt":"2026-04-28T03:30:20","slug":"osvaldo-cruz-f-c-e-derrotado-em-fernandopolis","status":"publish","type":"post","link":"https:\/\/radiolifefm.com.br\/noticias\/osvaldo-cruz-f-c-e-derrotado-em-fernandopolis\/","title":{"rendered":"Osvaldo Cruz F.C. \u00e9 derrotado em Fernand\u00f3polis"},"content":{"rendered":"<div id=\"fb-root\"><\/div>\n<p><em>Azul\u00e3o permanece na quarta coloca\u00e7\u00e3o do grupo<\/em><\/p>\n<p>O Fernand\u00f3polis recebeu o Osvaldo Cruz neste domingo (9), pela manh\u00e3 e venceu por 1 a 0, com gol do atacante Gildo.<br \/>\nA partida foi equilibrada, mas com uma leve vantagem para a equipe da casa, que soube aproveitar uma das oportunidades criadas. Ap\u00f3s receber um cruzamento da esquerda, aos 24 minutos da primeira etapa, o camisa 9 escorou para o gol e deixou o Fernand\u00f3polis em vantagem.<\/p>\n<p>Na frente do placar, o time da casa soube administrar a partida, anulando algumas jogados do Osvaldo Cruz. Em r\u00e1pidas sa\u00eddas de bola, o Fernand\u00f3polis conseguiu chegar algumas vezes ao gol do advers\u00e1rio, mas parou nas boas defesas do goleiro Icaro, um dos melhores da partida. Quanto mais o final do jogo se aproximava, mais tensa a partida ficava. Nos 15 minutos finais aumentou o n\u00famero de faltas, que resultaram em cart\u00f5es amarelos.<\/p>\n<p>No fim, o l\u00edder venceu. Com o resultado, o Fernand\u00f3polis se consolida na lideran\u00e7a isolada do grupo 1 do Paulista da Segunda Divis\u00e3o, com 21 pontos conquistados.<\/p>\n<p><strong>BET\u00c3O PERDE INVENCIBILIDADE<\/strong> &#8211; \u00c9 a primeira derrota sofrida pelo Osvaldo Cruz, desde que o t\u00e9cnico Bet\u00e3o Alc\u00e2ntara assumiu o time. At\u00e9 ent\u00e3o eram dois jogos e duas vit\u00f3rias. Com o resultado, o Azul\u00e3o permanece na quarta coloca\u00e7\u00e3o do grupo, mas agora, com o mesmo n\u00famero de pontos do Jos\u00e9 Bonif\u00e1cio, que venceu o Am\u00e9rica, de S\u00e3o Jos\u00e9 do Rio Preto, por 3 a 1. As duas equipes t\u00eam o mesmo n\u00famero de pontos: 11, mas o Osvaldo Cruz leva a melhor no saldo de gols, 1 contra -4. Os dois times brigam ponto a ponto pela \u00faltima vaga, j\u00e1 que 4 times se classificaram \u00e0 pr\u00f3xima fase. O Am\u00e9rica corre por fora, com 7 pontos conquistados.<\/p>\n<p><strong>PR\u00d3XIMOS JOGOS &#8211;<\/strong> O l\u00edder descansa na 12\u00aa rodada. Por ter 7 times no grupo, uma equipe folga a cada semana. O Fernand\u00f3polis s\u00f3 entra a campo, agora, pelo Paulista da Segunda Divis\u00e3o, contra o Tup\u00e3, em casa, no dia 23 de junho, \u00e0s 10h. J\u00e1 o Osvaldo Cruz joga no pr\u00f3ximo s\u00e1bado (15), \u00e0s 16h, em casa, no est\u00e1dio Breno Ribeiro do Val, contra o Am\u00e9rica, de S\u00e3o Jos\u00e9 do Rio Preto.<\/p>\n<p>Fonte &#8211; esporte.com<\/p>\n<p>Reda\u00e7\u00e3o &#8211; Kako de Oliveira<\/p>\n","protected":false},"excerpt":{"rendered":"<p>Azul\u00e3o permanece na quarta coloca\u00e7\u00e3o do grupo O Fernand\u00f3polis recebeu o Osvaldo Cruz neste domingo (9), pela manh\u00e3 e venceu por 1 a 0, com gol do atacante Gildo. A partida foi equilibrada, mas com uma leve vantagem para a equipe da casa, que soube aproveitar uma das oportunidades criadas. Ap\u00f3s receber um cruzamento da [&hellip;]<\/p>\n","protected":false},"author":3,"featured_media":13928,"comment_status":"closed","ping_status":"open","sticky":false,"template":"","format":"standard","meta":{"_acf_changed":false,"_exactmetrics_skip_tracking":false,"_exactmetrics_sitenote_active":false,"_exactmetrics_sitenote_note":"","_exactmetrics_sitenote_category":0,"footnotes":""},"categories":[24],"tags":[],"class_list":["post-13927","post","type-post","status-publish","format-standard","has-post-thumbnail","hentry","category-regiao"],"acf":[],"yoast_head":"<!-- This site is optimized with the Yoast SEO plugin v27.2 - https:\/\/yoast.com\/product\/yoast-seo-wordpress\/ -->\n<title>Osvaldo Cruz F.C. \u00e9 derrotado em Fernand\u00f3polis - R\u00e1dio Life FM<\/title>\n<meta name=\"robots\" content=\"index, follow, max-snippet:-1, max-image-preview:large, max-video-preview:-1\" \/>\n<link rel=\"canonical\" href=\"https:\/\/radiolifefm.com.br\/noticias\/osvaldo-cruz-f-c-e-derrotado-em-fernandopolis\/\" \/>\n<meta property=\"og:locale\" content=\"pt_BR\" \/>\n<meta property=\"og:type\" content=\"article\" \/>\n<meta property=\"og:title\" content=\"Osvaldo Cruz F.C. \u00e9 derrotado em Fernand\u00f3polis - R\u00e1dio Life FM\" \/>\n<meta property=\"og:description\" content=\"Azul\u00e3o permanece na quarta coloca\u00e7\u00e3o do grupo O Fernand\u00f3polis recebeu o Osvaldo Cruz neste domingo (9), pela manh\u00e3 e venceu por 1 a 0, com gol do atacante Gildo. A partida foi equilibrada, mas com uma leve vantagem para a equipe da casa, que soube aproveitar uma das oportunidades criadas. Ap\u00f3s receber um cruzamento da [&hellip;]\" \/>\n<meta property=\"og:url\" content=\"https:\/\/radiolifefm.com.br\/noticias\/osvaldo-cruz-f-c-e-derrotado-em-fernandopolis\/\" \/>\n<meta property=\"og:site_name\" content=\"R\u00e1dio Life FM\" \/>\n<meta property=\"article:publisher\" content=\"https:\/\/www.facebook.com\/radiolifefm\/\" \/>\n<meta property=\"article:published_time\" content=\"2019-06-09T20:14:56+00:00\" \/>\n<meta property=\"article:modified_time\" content=\"2026-04-28T03:30:20+00:00\" \/>\n<meta property=\"og:image\" content=\"https:\/\/radiolifefm.com.br\/noticias\/wp-content\/uploads\/2019\/06\/Azul\u00e3o-09-de-junho.jpg\" \/>\n\t<meta property=\"og:image:width\" content=\"640\" \/>\n\t<meta property=\"og:image:height\" content=\"337\" \/>\n\t<meta property=\"og:image:type\" content=\"image\/jpeg\" \/>\n<meta name=\"author\" content=\"lifefm\" \/>\n<meta name=\"twitter:card\" content=\"summary_large_image\" \/>\n<meta name=\"twitter:label1\" content=\"Escrito por\" \/>\n\t<meta name=\"twitter:data1\" content=\"lifefm\" \/>\n\t<meta name=\"twitter:label2\" content=\"Est. tempo de leitura\" \/>\n\t<meta name=\"twitter:data2\" content=\"2 minutos\" \/>\n<script type=\"application\/ld+json\" class=\"yoast-schema-graph\">{\"@context\":\"https:\/\/schema.org\",\"@graph\":[{\"@type\":\"Article\",\"@id\":\"https:\/\/radiolifefm.com.br\/noticias\/osvaldo-cruz-f-c-e-derrotado-em-fernandopolis\/#article\",\"isPartOf\":{\"@id\":\"https:\/\/radiolifefm.com.br\/noticias\/osvaldo-cruz-f-c-e-derrotado-em-fernandopolis\/\"},\"author\":{\"name\":\"lifefm\",\"@id\":\"https:\/\/radiolifefm.com.br\/noticias\/#\/schema\/person\/1d4e4b1301322090c6221bf1c8420490\"},\"headline\":\"Osvaldo Cruz F.C. \u00e9 derrotado em Fernand\u00f3polis\",\"datePublished\":\"2019-06-09T20:14:56+00:00\",\"dateModified\":\"2026-04-28T03:30:20+00:00\",\"mainEntityOfPage\":{\"@id\":\"https:\/\/radiolifefm.com.br\/noticias\/osvaldo-cruz-f-c-e-derrotado-em-fernandopolis\/\"},\"wordCount\":403,\"publisher\":{\"@id\":\"https:\/\/radiolifefm.com.br\/noticias\/#organization\"},\"image\":{\"@id\":\"https:\/\/radiolifefm.com.br\/noticias\/osvaldo-cruz-f-c-e-derrotado-em-fernandopolis\/#primaryimage\"},\"thumbnailUrl\":\"https:\/\/radiolifefm.com.br\/noticias\/wp-content\/uploads\/2019\/06\/Azul\u00e3o-09-de-junho.jpg\",\"articleSection\":[\"Regi\u00e3o\"],\"inLanguage\":\"pt-BR\"},{\"@type\":\"WebPage\",\"@id\":\"https:\/\/radiolifefm.com.br\/noticias\/osvaldo-cruz-f-c-e-derrotado-em-fernandopolis\/\",\"url\":\"https:\/\/radiolifefm.com.br\/noticias\/osvaldo-cruz-f-c-e-derrotado-em-fernandopolis\/\",\"name\":\"Osvaldo Cruz F.C. \u00e9 derrotado em Fernand\u00f3polis - R\u00e1dio Life FM\",\"isPartOf\":{\"@id\":\"https:\/\/radiolifefm.com.br\/noticias\/#website\"},\"primaryImageOfPage\":{\"@id\":\"https:\/\/radiolifefm.com.br\/noticias\/osvaldo-cruz-f-c-e-derrotado-em-fernandopolis\/#primaryimage\"},\"image\":{\"@id\":\"https:\/\/radiolifefm.com.br\/noticias\/osvaldo-cruz-f-c-e-derrotado-em-fernandopolis\/#primaryimage\"},\"thumbnailUrl\":\"https:\/\/radiolifefm.com.br\/noticias\/wp-content\/uploads\/2019\/06\/Azul\u00e3o-09-de-junho.jpg\",\"datePublished\":\"2019-06-09T20:14:56+00:00\",\"dateModified\":\"2026-04-28T03:30:20+00:00\",\"breadcrumb\":{\"@id\":\"https:\/\/radiolifefm.com.br\/noticias\/osvaldo-cruz-f-c-e-derrotado-em-fernandopolis\/#breadcrumb\"},\"inLanguage\":\"pt-BR\",\"potentialAction\":[{\"@type\":\"ReadAction\",\"target\":[\"https:\/\/radiolifefm.com.br\/noticias\/osvaldo-cruz-f-c-e-derrotado-em-fernandopolis\/\"]}]},{\"@type\":\"ImageObject\",\"inLanguage\":\"pt-BR\",\"@id\":\"https:\/\/radiolifefm.com.br\/noticias\/osvaldo-cruz-f-c-e-derrotado-em-fernandopolis\/#primaryimage\",\"url\":\"https:\/\/radiolifefm.com.br\/noticias\/wp-content\/uploads\/2019\/06\/Azul\u00e3o-09-de-junho.jpg\",\"contentUrl\":\"https:\/\/radiolifefm.com.br\/noticias\/wp-content\/uploads\/2019\/06\/Azul\u00e3o-09-de-junho.jpg\",\"width\":640,\"height\":337,\"caption\":\"Azul\u00e3o de Osvaldo Cruz perde fora de casa para Fernand\u00f3polis - Foto - M\u00e1rcio Barreto\"},{\"@type\":\"BreadcrumbList\",\"@id\":\"https:\/\/radiolifefm.com.br\/noticias\/osvaldo-cruz-f-c-e-derrotado-em-fernandopolis\/#breadcrumb\",\"itemListElement\":[{\"@type\":\"ListItem\",\"position\":1,\"name\":\"In\u00edcio\",\"item\":\"https:\/\/radiolifefm.com.br\/noticias\/\"},{\"@type\":\"ListItem\",\"position\":2,\"name\":\"Osvaldo Cruz F.C. \u00e9 derrotado em Fernand\u00f3polis\"}]},{\"@type\":\"WebSite\",\"@id\":\"https:\/\/radiolifefm.com.br\/noticias\/#website\",\"url\":\"https:\/\/radiolifefm.com.br\/noticias\/\",\"name\":\"R\u00e1dio Life FM\",\"description\":\"O Portal de Not\u00edcias de Adamantina\",\"publisher\":{\"@id\":\"https:\/\/radiolifefm.com.br\/noticias\/#organization\"},\"alternateName\":\"Life FM\",\"potentialAction\":[{\"@type\":\"SearchAction\",\"target\":{\"@type\":\"EntryPoint\",\"urlTemplate\":\"https:\/\/radiolifefm.com.br\/noticias\/?s={search_term_string}\"},\"query-input\":{\"@type\":\"PropertyValueSpecification\",\"valueRequired\":true,\"valueName\":\"search_term_string\"}}],\"inLanguage\":\"pt-BR\"},{\"@type\":\"Organization\",\"@id\":\"https:\/\/radiolifefm.com.br\/noticias\/#organization\",\"name\":\"R\u00e1dio Life FM\",\"alternateName\":\"Life FM\",\"url\":\"https:\/\/radiolifefm.com.br\/noticias\/\",\"logo\":{\"@type\":\"ImageObject\",\"inLanguage\":\"pt-BR\",\"@id\":\"https:\/\/radiolifefm.com.br\/noticias\/#\/schema\/logo\/image\/\",\"url\":\"https:\/\/static.radiolifefm.com.br\/noticias\/wp-content\/uploads\/2019\/10\/logo-lifefm.png\",\"contentUrl\":\"https:\/\/static.radiolifefm.com.br\/noticias\/wp-content\/uploads\/2019\/10\/logo-lifefm.png\",\"width\":196,\"height\":47,\"caption\":\"R\u00e1dio Life FM\"},\"image\":{\"@id\":\"https:\/\/radiolifefm.com.br\/noticias\/#\/schema\/logo\/image\/\"},\"sameAs\":[\"https:\/\/www.facebook.com\/radiolifefm\/\",\"https:\/\/www.instagram.com\/life1079fm\/\"]},{\"@type\":\"Person\",\"@id\":\"https:\/\/radiolifefm.com.br\/noticias\/#\/schema\/person\/1d4e4b1301322090c6221bf1c8420490\",\"name\":\"lifefm\",\"image\":{\"@type\":\"ImageObject\",\"inLanguage\":\"pt-BR\",\"@id\":\"https:\/\/secure.gravatar.com\/avatar\/eca268467d925ec97d20641bb054fd944c0abb2f92854171620706bbe6474e7c?s=96&d=mm&r=g\",\"url\":\"https:\/\/secure.gravatar.com\/avatar\/eca268467d925ec97d20641bb054fd944c0abb2f92854171620706bbe6474e7c?s=96&d=mm&r=g\",\"contentUrl\":\"https:\/\/secure.gravatar.com\/avatar\/eca268467d925ec97d20641bb054fd944c0abb2f92854171620706bbe6474e7c?s=96&d=mm&r=g\",\"caption\":\"lifefm\"}}]}<\/script>\n<!-- \/ Yoast SEO plugin. -->","yoast_head_json":{"title":"Osvaldo Cruz F.C. \u00e9 derrotado em Fernand\u00f3polis - R\u00e1dio Life FM","robots":{"index":"index","follow":"follow","max-snippet":"max-snippet:-1","max-image-preview":"max-image-preview:large","max-video-preview":"max-video-preview:-1"},"canonical":"https:\/\/radiolifefm.com.br\/noticias\/osvaldo-cruz-f-c-e-derrotado-em-fernandopolis\/","og_locale":"pt_BR","og_type":"article","og_title":"Osvaldo Cruz F.C. \u00e9 derrotado em Fernand\u00f3polis - R\u00e1dio Life FM","og_description":"Azul\u00e3o permanece na quarta coloca\u00e7\u00e3o do grupo O Fernand\u00f3polis recebeu o Osvaldo Cruz neste domingo (9), pela manh\u00e3 e venceu por 1 a 0, com gol do atacante Gildo. A partida foi equilibrada, mas com uma leve vantagem para a equipe da casa, que soube aproveitar uma das oportunidades criadas. Ap\u00f3s receber um cruzamento da [&hellip;]","og_url":"https:\/\/radiolifefm.com.br\/noticias\/osvaldo-cruz-f-c-e-derrotado-em-fernandopolis\/","og_site_name":"R\u00e1dio Life FM","article_publisher":"https:\/\/www.facebook.com\/radiolifefm\/","article_published_time":"2019-06-09T20:14:56+00:00","article_modified_time":"2026-04-28T03:30:20+00:00","og_image":[{"width":640,"height":337,"url":"https:\/\/radiolifefm.com.br\/noticias\/wp-content\/uploads\/2019\/06\/Azul\u00e3o-09-de-junho.jpg","type":"image\/jpeg"}],"author":"lifefm","twitter_card":"summary_large_image","twitter_misc":{"Escrito por":"lifefm","Est. tempo de leitura":"2 minutos"},"schema":{"@context":"https:\/\/schema.org","@graph":[{"@type":"Article","@id":"https:\/\/radiolifefm.com.br\/noticias\/osvaldo-cruz-f-c-e-derrotado-em-fernandopolis\/#article","isPartOf":{"@id":"https:\/\/radiolifefm.com.br\/noticias\/osvaldo-cruz-f-c-e-derrotado-em-fernandopolis\/"},"author":{"name":"lifefm","@id":"https:\/\/radiolifefm.com.br\/noticias\/#\/schema\/person\/1d4e4b1301322090c6221bf1c8420490"},"headline":"Osvaldo Cruz F.C. \u00e9 derrotado em Fernand\u00f3polis","datePublished":"2019-06-09T20:14:56+00:00","dateModified":"2026-04-28T03:30:20+00:00","mainEntityOfPage":{"@id":"https:\/\/radiolifefm.com.br\/noticias\/osvaldo-cruz-f-c-e-derrotado-em-fernandopolis\/"},"wordCount":403,"publisher":{"@id":"https:\/\/radiolifefm.com.br\/noticias\/#organization"},"image":{"@id":"https:\/\/radiolifefm.com.br\/noticias\/osvaldo-cruz-f-c-e-derrotado-em-fernandopolis\/#primaryimage"},"thumbnailUrl":"https:\/\/radiolifefm.com.br\/noticias\/wp-content\/uploads\/2019\/06\/Azul\u00e3o-09-de-junho.jpg","articleSection":["Regi\u00e3o"],"inLanguage":"pt-BR"},{"@type":"WebPage","@id":"https:\/\/radiolifefm.com.br\/noticias\/osvaldo-cruz-f-c-e-derrotado-em-fernandopolis\/","url":"https:\/\/radiolifefm.com.br\/noticias\/osvaldo-cruz-f-c-e-derrotado-em-fernandopolis\/","name":"Osvaldo Cruz F.C. \u00e9 derrotado em Fernand\u00f3polis - R\u00e1dio Life FM","isPartOf":{"@id":"https:\/\/radiolifefm.com.br\/noticias\/#website"},"primaryImageOfPage":{"@id":"https:\/\/radiolifefm.com.br\/noticias\/osvaldo-cruz-f-c-e-derrotado-em-fernandopolis\/#primaryimage"},"image":{"@id":"https:\/\/radiolifefm.com.br\/noticias\/osvaldo-cruz-f-c-e-derrotado-em-fernandopolis\/#primaryimage"},"thumbnailUrl":"https:\/\/radiolifefm.com.br\/noticias\/wp-content\/uploads\/2019\/06\/Azul\u00e3o-09-de-junho.jpg","datePublished":"2019-06-09T20:14:56+00:00","dateModified":"2026-04-28T03:30:20+00:00","breadcrumb":{"@id":"https:\/\/radiolifefm.com.br\/noticias\/osvaldo-cruz-f-c-e-derrotado-em-fernandopolis\/#breadcrumb"},"inLanguage":"pt-BR","potentialAction":[{"@type":"ReadAction","target":["https:\/\/radiolifefm.com.br\/noticias\/osvaldo-cruz-f-c-e-derrotado-em-fernandopolis\/"]}]},{"@type":"ImageObject","inLanguage":"pt-BR","@id":"https:\/\/radiolifefm.com.br\/noticias\/osvaldo-cruz-f-c-e-derrotado-em-fernandopolis\/#primaryimage","url":"https:\/\/radiolifefm.com.br\/noticias\/wp-content\/uploads\/2019\/06\/Azul\u00e3o-09-de-junho.jpg","contentUrl":"https:\/\/radiolifefm.com.br\/noticias\/wp-content\/uploads\/2019\/06\/Azul\u00e3o-09-de-junho.jpg","width":640,"height":337,"caption":"Azul\u00e3o de Osvaldo Cruz perde fora de casa para Fernand\u00f3polis - Foto - M\u00e1rcio Barreto"},{"@type":"BreadcrumbList","@id":"https:\/\/radiolifefm.com.br\/noticias\/osvaldo-cruz-f-c-e-derrotado-em-fernandopolis\/#breadcrumb","itemListElement":[{"@type":"ListItem","position":1,"name":"In\u00edcio","item":"https:\/\/radiolifefm.com.br\/noticias\/"},{"@type":"ListItem","position":2,"name":"Osvaldo Cruz F.C. \u00e9 derrotado em Fernand\u00f3polis"}]},{"@type":"WebSite","@id":"https:\/\/radiolifefm.com.br\/noticias\/#website","url":"https:\/\/radiolifefm.com.br\/noticias\/","name":"R\u00e1dio Life FM","description":"O Portal de Not\u00edcias de Adamantina","publisher":{"@id":"https:\/\/radiolifefm.com.br\/noticias\/#organization"},"alternateName":"Life FM","potentialAction":[{"@type":"SearchAction","target":{"@type":"EntryPoint","urlTemplate":"https:\/\/radiolifefm.com.br\/noticias\/?s={search_term_string}"},"query-input":{"@type":"PropertyValueSpecification","valueRequired":true,"valueName":"search_term_string"}}],"inLanguage":"pt-BR"},{"@type":"Organization","@id":"https:\/\/radiolifefm.com.br\/noticias\/#organization","name":"R\u00e1dio Life FM","alternateName":"Life FM","url":"https:\/\/radiolifefm.com.br\/noticias\/","logo":{"@type":"ImageObject","inLanguage":"pt-BR","@id":"https:\/\/radiolifefm.com.br\/noticias\/#\/schema\/logo\/image\/","url":"https:\/\/static.radiolifefm.com.br\/noticias\/wp-content\/uploads\/2019\/10\/logo-lifefm.png","contentUrl":"https:\/\/static.radiolifefm.com.br\/noticias\/wp-content\/uploads\/2019\/10\/logo-lifefm.png","width":196,"height":47,"caption":"R\u00e1dio Life FM"},"image":{"@id":"https:\/\/radiolifefm.com.br\/noticias\/#\/schema\/logo\/image\/"},"sameAs":["https:\/\/www.facebook.com\/radiolifefm\/","https:\/\/www.instagram.com\/life1079fm\/"]},{"@type":"Person","@id":"https:\/\/radiolifefm.com.br\/noticias\/#\/schema\/person\/1d4e4b1301322090c6221bf1c8420490","name":"lifefm","image":{"@type":"ImageObject","inLanguage":"pt-BR","@id":"https:\/\/secure.gravatar.com\/avatar\/eca268467d925ec97d20641bb054fd944c0abb2f92854171620706bbe6474e7c?s=96&d=mm&r=g","url":"https:\/\/secure.gravatar.com\/avatar\/eca268467d925ec97d20641bb054fd944c0abb2f92854171620706bbe6474e7c?s=96&d=mm&r=g","contentUrl":"https:\/\/secure.gravatar.com\/avatar\/eca268467d925ec97d20641bb054fd944c0abb2f92854171620706bbe6474e7c?s=96&d=mm&r=g","caption":"lifefm"}}]}},"amp_enabled":true,"_links":{"self":[{"href":"https:\/\/radiolifefm.com.br\/noticias\/wp-json\/wp\/v2\/posts\/13927","targetHints":{"allow":["GET"]}}],"collection":[{"href":"https:\/\/radiolifefm.com.br\/noticias\/wp-json\/wp\/v2\/posts"}],"about":[{"href":"https:\/\/radiolifefm.com.br\/noticias\/wp-json\/wp\/v2\/types\/post"}],"author":[{"embeddable":true,"href":"https:\/\/radiolifefm.com.br\/noticias\/wp-json\/wp\/v2\/users\/3"}],"replies":[{"embeddable":true,"href":"https:\/\/radiolifefm.com.br\/noticias\/wp-json\/wp\/v2\/comments?post=13927"}],"version-history":[{"count":2,"href":"https:\/\/radiolifefm.com.br\/noticias\/wp-json\/wp\/v2\/posts\/13927\/revisions"}],"predecessor-version":[{"id":13995,"href":"https:\/\/radiolifefm.com.br\/noticias\/wp-json\/wp\/v2\/posts\/13927\/revisions\/13995"}],"wp:featuredmedia":[{"embeddable":true,"href":"https:\/\/radiolifefm.com.br\/noticias\/wp-json\/wp\/v2\/media\/13928"}],"wp:attachment":[{"href":"https:\/\/radiolifefm.com.br\/noticias\/wp-json\/wp\/v2\/media?parent=13927"}],"wp:term":[{"taxonomy":"category","embeddable":true,"href":"https:\/\/radiolifefm.com.br\/noticias\/wp-json\/wp\/v2\/categories?post=13927"},{"taxonomy":"post_tag","embeddable":true,"href":"https:\/\/radiolifefm.com.br\/noticias\/wp-json\/wp\/v2\/tags?post=13927"}],"curies":[{"name":"wp","href":"https:\/\/api.w.org\/{rel}","templated":true}]}}