{"id":13900,"date":"2019-06-07T10:01:54","date_gmt":"2019-06-07T13:01:54","guid":{"rendered":"https:\/\/radiolifefm.com.br\/noticias\/?p=13900"},"modified":"2026-04-03T00:59:32","modified_gmt":"2026-04-03T03:59:32","slug":"policia-civil-esclarece-homicidio-ocorrido-em-primavera-rosana","status":"publish","type":"post","link":"https:\/\/radiolifefm.com.br\/noticias\/policia-civil-esclarece-homicidio-ocorrido-em-primavera-rosana\/","title":{"rendered":"Pol\u00edcia Civil esclarece homic\u00eddio ocorrido em Primavera\/Rosana"},"content":{"rendered":"<div id=\"fb-root\"><\/div>\n<p>Nesta quarta-feira (6), por volta das 15:45, a equipe policial do 1\u00ba Distrito Policial de Rosana, recebeu a informa\u00e7\u00e3o da localiza\u00e7\u00e3o de um corpo \u00e0 beira da rodovia de acesso a este munic\u00edpio, ent\u00e3o imediatamente deslocaram-se para o local, onde constataram que se trava de um crime de homic\u00eddio.<\/p>\n<p>A v\u00edtima n\u00e3o portava documentos e aparentava ser pessoa sem resid\u00eancia que perambulava por ali sem ponto fixo. As suas condi\u00e7\u00f5es de higiene, bem como as vestes, confirmavam se tratar de um \u201candarilho\u201d.<br \/>\nO corpo estava ao sol, mas o sangue ainda sequer estava coagulado, o que permitiu inferir que o homic\u00eddio ocorrera poucos minutos antes.<\/p>\n<p>Foi requisitado exame pericial ao local e com a presen\u00e7a do perito criminal, constatou-se dois orif\u00edcios de entrada de projetil de arma de fogo, sendo um na cabe\u00e7a, acima do olho esquerdo e outro no tronco, tamb\u00e9m do lado esquerdo.<br \/>\nImediatamente a equipe iniciou as dilig\u00eancias para o esclarecimento daquele crime, quando sobreveio a informa\u00e7\u00e3o, oriundo do disque den\u00fancia, dando conta de que um indiv\u00edduo residente \u00e0quele local havia atirado e matado um andarilho com uma espingarda.<\/p>\n<p>De posse destas informa\u00e7\u00f5es, aliado ao modus operandi, o local em que se passaram os fatos, bem como prenome indicado pelo denunciante, os policiais civis dirigiram-se at\u00e9 a casa do suspeito e o conduziram at\u00e9 esta unidade policial.<\/p>\n<p>Destaca-se que o suspeito foi indiciado e denunciado pela pratica de um homic\u00eddio naquela mesma zona rural, no ano de 2015.<br \/>\nEm continuidade aos trabalhos, a equipe policial identificou duas testemunhas que presenciaram o crime, sendo que uma delas reconheceu o suspeito, suas vestes, bem como o chap\u00e9u que usava no momento em que efetuou os disparos que mataram a v\u00edtima.<\/p>\n<p>Diante dos fatos, foi decretada pris\u00e3o em flagrante delito do suspeito pela pr\u00e1tica do crime.<\/p>\n<p>Considerando a gravidade da conduta imputada ao investigado, a Pol\u00edcia Civil representou pela decreta\u00e7\u00e3o da pris\u00e3o preventiva do indiciado.<\/p>\n<div class='flex flex-wrap items-center -mx-1'>\r\n<a class='thumbnail gallery p-1 w-1\/2 md:w-1\/4' href='https:\/\/radiolifefm.com.br\/noticias\/wp-content\/uploads\/2019\/06\/Andarilho-1.jpeg'><img class='border border-white' src='https:\/\/radiolifefm.com.br\/noticias\/wp-content\/uploads\/2019\/06\/Andarilho-1-200x200.jpeg' alt='Andarilho   1' \/><\/a><a class='thumbnail gallery p-1 w-1\/2 md:w-1\/4' href='https:\/\/radiolifefm.com.br\/noticias\/wp-content\/uploads\/2019\/06\/Andarilho.jpeg'><img class='border border-white' src='https:\/\/radiolifefm.com.br\/noticias\/wp-content\/uploads\/2019\/06\/Andarilho-200x200.jpeg' alt='Andarilho' \/><\/a><\/div>\n<p>Deinter &#8211; 8<\/p>\n<p>Reda\u00e7\u00e3o &#8211; Kako de Oliveira<\/p>\n","protected":false},"excerpt":{"rendered":"<p>Nesta quarta-feira (6), por volta das 15:45, a equipe policial do 1\u00ba Distrito Policial de Rosana, recebeu a informa\u00e7\u00e3o da localiza\u00e7\u00e3o de um corpo \u00e0 beira da rodovia de acesso a este munic\u00edpio, ent\u00e3o imediatamente deslocaram-se para o local, onde constataram que se trava de um crime de homic\u00eddio. A v\u00edtima n\u00e3o portava documentos e [&hellip;]<\/p>\n","protected":false},"author":8,"featured_media":13903,"comment_status":"closed","ping_status":"open","sticky":false,"template":"","format":"standard","meta":{"_acf_changed":false,"_exactmetrics_skip_tracking":false,"_exactmetrics_sitenote_active":false,"_exactmetrics_sitenote_note":"","_exactmetrics_sitenote_category":0,"footnotes":""},"categories":[24],"tags":[],"class_list":["post-13900","post","type-post","status-publish","format-standard","has-post-thumbnail","hentry","category-regiao"],"acf":[],"yoast_head":"<!-- This site is optimized with the Yoast SEO plugin v27.2 - https:\/\/yoast.com\/product\/yoast-seo-wordpress\/ -->\n<title>Pol\u00edcia Civil esclarece homic\u00eddio ocorrido em Primavera\/Rosana - R\u00e1dio Life FM<\/title>\n<meta name=\"robots\" content=\"index, follow, max-snippet:-1, max-image-preview:large, max-video-preview:-1\" \/>\n<link rel=\"canonical\" href=\"https:\/\/radiolifefm.com.br\/noticias\/policia-civil-esclarece-homicidio-ocorrido-em-primavera-rosana\/\" \/>\n<meta property=\"og:locale\" content=\"pt_BR\" \/>\n<meta property=\"og:type\" content=\"article\" \/>\n<meta property=\"og:title\" content=\"Pol\u00edcia Civil esclarece homic\u00eddio ocorrido em Primavera\/Rosana - R\u00e1dio Life FM\" \/>\n<meta property=\"og:description\" content=\"Nesta quarta-feira (6), por volta das 15:45, a equipe policial do 1\u00ba Distrito Policial de Rosana, recebeu a informa\u00e7\u00e3o da localiza\u00e7\u00e3o de um corpo \u00e0 beira da rodovia de acesso a este munic\u00edpio, ent\u00e3o imediatamente deslocaram-se para o local, onde constataram que se trava de um crime de homic\u00eddio. A v\u00edtima n\u00e3o portava documentos e [&hellip;]\" \/>\n<meta property=\"og:url\" content=\"https:\/\/radiolifefm.com.br\/noticias\/policia-civil-esclarece-homicidio-ocorrido-em-primavera-rosana\/\" \/>\n<meta property=\"og:site_name\" content=\"R\u00e1dio Life FM\" \/>\n<meta property=\"article:publisher\" content=\"https:\/\/www.facebook.com\/radiolifefm\/\" \/>\n<meta property=\"article:published_time\" content=\"2019-06-07T13:01:54+00:00\" \/>\n<meta property=\"article:modified_time\" content=\"2026-04-03T03:59:32+00:00\" \/>\n<meta property=\"og:image\" content=\"https:\/\/radiolifefm.com.br\/noticias\/wp-content\/uploads\/2019\/06\/Andarilho-2.jpeg\" \/>\n\t<meta property=\"og:image:width\" content=\"768\" \/>\n\t<meta property=\"og:image:height\" content=\"1024\" \/>\n\t<meta property=\"og:image:type\" content=\"image\/jpeg\" \/>\n<meta name=\"author\" content=\"joaograndao\" \/>\n<meta name=\"twitter:card\" content=\"summary_large_image\" \/>\n<meta name=\"twitter:label1\" content=\"Escrito por\" \/>\n\t<meta name=\"twitter:data1\" content=\"joaograndao\" \/>\n\t<meta name=\"twitter:label2\" content=\"Est. tempo de leitura\" \/>\n\t<meta name=\"twitter:data2\" content=\"2 minutos\" \/>\n<script type=\"application\/ld+json\" class=\"yoast-schema-graph\">{\"@context\":\"https:\/\/schema.org\",\"@graph\":[{\"@type\":\"Article\",\"@id\":\"https:\/\/radiolifefm.com.br\/noticias\/policia-civil-esclarece-homicidio-ocorrido-em-primavera-rosana\/#article\",\"isPartOf\":{\"@id\":\"https:\/\/radiolifefm.com.br\/noticias\/policia-civil-esclarece-homicidio-ocorrido-em-primavera-rosana\/\"},\"author\":{\"name\":\"joaograndao\",\"@id\":\"https:\/\/radiolifefm.com.br\/noticias\/#\/schema\/person\/6876e1240feffe6e1b63fd5cb85abf28\"},\"headline\":\"Pol\u00edcia Civil esclarece homic\u00eddio ocorrido em Primavera\/Rosana\",\"datePublished\":\"2019-06-07T13:01:54+00:00\",\"dateModified\":\"2026-04-03T03:59:32+00:00\",\"mainEntityOfPage\":{\"@id\":\"https:\/\/radiolifefm.com.br\/noticias\/policia-civil-esclarece-homicidio-ocorrido-em-primavera-rosana\/\"},\"wordCount\":357,\"publisher\":{\"@id\":\"https:\/\/radiolifefm.com.br\/noticias\/#organization\"},\"image\":{\"@id\":\"https:\/\/radiolifefm.com.br\/noticias\/policia-civil-esclarece-homicidio-ocorrido-em-primavera-rosana\/#primaryimage\"},\"thumbnailUrl\":\"https:\/\/radiolifefm.com.br\/noticias\/wp-content\/uploads\/2019\/06\/Andarilho-2.jpeg\",\"articleSection\":[\"Regi\u00e3o\"],\"inLanguage\":\"pt-BR\"},{\"@type\":\"WebPage\",\"@id\":\"https:\/\/radiolifefm.com.br\/noticias\/policia-civil-esclarece-homicidio-ocorrido-em-primavera-rosana\/\",\"url\":\"https:\/\/radiolifefm.com.br\/noticias\/policia-civil-esclarece-homicidio-ocorrido-em-primavera-rosana\/\",\"name\":\"Pol\u00edcia Civil esclarece homic\u00eddio ocorrido em Primavera\/Rosana - R\u00e1dio Life FM\",\"isPartOf\":{\"@id\":\"https:\/\/radiolifefm.com.br\/noticias\/#website\"},\"primaryImageOfPage\":{\"@id\":\"https:\/\/radiolifefm.com.br\/noticias\/policia-civil-esclarece-homicidio-ocorrido-em-primavera-rosana\/#primaryimage\"},\"image\":{\"@id\":\"https:\/\/radiolifefm.com.br\/noticias\/policia-civil-esclarece-homicidio-ocorrido-em-primavera-rosana\/#primaryimage\"},\"thumbnailUrl\":\"https:\/\/radiolifefm.com.br\/noticias\/wp-content\/uploads\/2019\/06\/Andarilho-2.jpeg\",\"datePublished\":\"2019-06-07T13:01:54+00:00\",\"dateModified\":\"2026-04-03T03:59:32+00:00\",\"breadcrumb\":{\"@id\":\"https:\/\/radiolifefm.com.br\/noticias\/policia-civil-esclarece-homicidio-ocorrido-em-primavera-rosana\/#breadcrumb\"},\"inLanguage\":\"pt-BR\",\"potentialAction\":[{\"@type\":\"ReadAction\",\"target\":[\"https:\/\/radiolifefm.com.br\/noticias\/policia-civil-esclarece-homicidio-ocorrido-em-primavera-rosana\/\"]}]},{\"@type\":\"ImageObject\",\"inLanguage\":\"pt-BR\",\"@id\":\"https:\/\/radiolifefm.com.br\/noticias\/policia-civil-esclarece-homicidio-ocorrido-em-primavera-rosana\/#primaryimage\",\"url\":\"https:\/\/radiolifefm.com.br\/noticias\/wp-content\/uploads\/2019\/06\/Andarilho-2.jpeg\",\"contentUrl\":\"https:\/\/radiolifefm.com.br\/noticias\/wp-content\/uploads\/2019\/06\/Andarilho-2.jpeg\",\"width\":768,\"height\":1024,\"caption\":\"Andarilho foi assassinado a tiros - Foto - Pol\u00edcia\/Cedida\"},{\"@type\":\"BreadcrumbList\",\"@id\":\"https:\/\/radiolifefm.com.br\/noticias\/policia-civil-esclarece-homicidio-ocorrido-em-primavera-rosana\/#breadcrumb\",\"itemListElement\":[{\"@type\":\"ListItem\",\"position\":1,\"name\":\"In\u00edcio\",\"item\":\"https:\/\/radiolifefm.com.br\/noticias\/\"},{\"@type\":\"ListItem\",\"position\":2,\"name\":\"Pol\u00edcia Civil esclarece homic\u00eddio ocorrido em Primavera\/Rosana\"}]},{\"@type\":\"WebSite\",\"@id\":\"https:\/\/radiolifefm.com.br\/noticias\/#website\",\"url\":\"https:\/\/radiolifefm.com.br\/noticias\/\",\"name\":\"R\u00e1dio Life FM\",\"description\":\"O Portal de Not\u00edcias de Adamantina\",\"publisher\":{\"@id\":\"https:\/\/radiolifefm.com.br\/noticias\/#organization\"},\"alternateName\":\"Life FM\",\"potentialAction\":[{\"@type\":\"SearchAction\",\"target\":{\"@type\":\"EntryPoint\",\"urlTemplate\":\"https:\/\/radiolifefm.com.br\/noticias\/?s={search_term_string}\"},\"query-input\":{\"@type\":\"PropertyValueSpecification\",\"valueRequired\":true,\"valueName\":\"search_term_string\"}}],\"inLanguage\":\"pt-BR\"},{\"@type\":\"Organization\",\"@id\":\"https:\/\/radiolifefm.com.br\/noticias\/#organization\",\"name\":\"R\u00e1dio Life FM\",\"alternateName\":\"Life FM\",\"url\":\"https:\/\/radiolifefm.com.br\/noticias\/\",\"logo\":{\"@type\":\"ImageObject\",\"inLanguage\":\"pt-BR\",\"@id\":\"https:\/\/radiolifefm.com.br\/noticias\/#\/schema\/logo\/image\/\",\"url\":\"https:\/\/static.radiolifefm.com.br\/noticias\/wp-content\/uploads\/2019\/10\/logo-lifefm.png\",\"contentUrl\":\"https:\/\/static.radiolifefm.com.br\/noticias\/wp-content\/uploads\/2019\/10\/logo-lifefm.png\",\"width\":196,\"height\":47,\"caption\":\"R\u00e1dio Life FM\"},\"image\":{\"@id\":\"https:\/\/radiolifefm.com.br\/noticias\/#\/schema\/logo\/image\/\"},\"sameAs\":[\"https:\/\/www.facebook.com\/radiolifefm\/\",\"https:\/\/www.instagram.com\/life1079fm\/\"]},{\"@type\":\"Person\",\"@id\":\"https:\/\/radiolifefm.com.br\/noticias\/#\/schema\/person\/6876e1240feffe6e1b63fd5cb85abf28\",\"name\":\"joaograndao\",\"image\":{\"@type\":\"ImageObject\",\"inLanguage\":\"pt-BR\",\"@id\":\"https:\/\/secure.gravatar.com\/avatar\/d5b1a3cf357ed9c50404e256a1294083aa8ab5d2a994001567302786016cb32c?s=96&d=mm&r=g\",\"url\":\"https:\/\/secure.gravatar.com\/avatar\/d5b1a3cf357ed9c50404e256a1294083aa8ab5d2a994001567302786016cb32c?s=96&d=mm&r=g\",\"contentUrl\":\"https:\/\/secure.gravatar.com\/avatar\/d5b1a3cf357ed9c50404e256a1294083aa8ab5d2a994001567302786016cb32c?s=96&d=mm&r=g\",\"caption\":\"joaograndao\"}}]}<\/script>\n<!-- \/ Yoast SEO plugin. -->","yoast_head_json":{"title":"Pol\u00edcia Civil esclarece homic\u00eddio ocorrido em Primavera\/Rosana - R\u00e1dio Life FM","robots":{"index":"index","follow":"follow","max-snippet":"max-snippet:-1","max-image-preview":"max-image-preview:large","max-video-preview":"max-video-preview:-1"},"canonical":"https:\/\/radiolifefm.com.br\/noticias\/policia-civil-esclarece-homicidio-ocorrido-em-primavera-rosana\/","og_locale":"pt_BR","og_type":"article","og_title":"Pol\u00edcia Civil esclarece homic\u00eddio ocorrido em Primavera\/Rosana - R\u00e1dio Life FM","og_description":"Nesta quarta-feira (6), por volta das 15:45, a equipe policial do 1\u00ba Distrito Policial de Rosana, recebeu a informa\u00e7\u00e3o da localiza\u00e7\u00e3o de um corpo \u00e0 beira da rodovia de acesso a este munic\u00edpio, ent\u00e3o imediatamente deslocaram-se para o local, onde constataram que se trava de um crime de homic\u00eddio. A v\u00edtima n\u00e3o portava documentos e [&hellip;]","og_url":"https:\/\/radiolifefm.com.br\/noticias\/policia-civil-esclarece-homicidio-ocorrido-em-primavera-rosana\/","og_site_name":"R\u00e1dio Life FM","article_publisher":"https:\/\/www.facebook.com\/radiolifefm\/","article_published_time":"2019-06-07T13:01:54+00:00","article_modified_time":"2026-04-03T03:59:32+00:00","og_image":[{"width":768,"height":1024,"url":"https:\/\/radiolifefm.com.br\/noticias\/wp-content\/uploads\/2019\/06\/Andarilho-2.jpeg","type":"image\/jpeg"}],"author":"joaograndao","twitter_card":"summary_large_image","twitter_misc":{"Escrito por":"joaograndao","Est. tempo de leitura":"2 minutos"},"schema":{"@context":"https:\/\/schema.org","@graph":[{"@type":"Article","@id":"https:\/\/radiolifefm.com.br\/noticias\/policia-civil-esclarece-homicidio-ocorrido-em-primavera-rosana\/#article","isPartOf":{"@id":"https:\/\/radiolifefm.com.br\/noticias\/policia-civil-esclarece-homicidio-ocorrido-em-primavera-rosana\/"},"author":{"name":"joaograndao","@id":"https:\/\/radiolifefm.com.br\/noticias\/#\/schema\/person\/6876e1240feffe6e1b63fd5cb85abf28"},"headline":"Pol\u00edcia Civil esclarece homic\u00eddio ocorrido em Primavera\/Rosana","datePublished":"2019-06-07T13:01:54+00:00","dateModified":"2026-04-03T03:59:32+00:00","mainEntityOfPage":{"@id":"https:\/\/radiolifefm.com.br\/noticias\/policia-civil-esclarece-homicidio-ocorrido-em-primavera-rosana\/"},"wordCount":357,"publisher":{"@id":"https:\/\/radiolifefm.com.br\/noticias\/#organization"},"image":{"@id":"https:\/\/radiolifefm.com.br\/noticias\/policia-civil-esclarece-homicidio-ocorrido-em-primavera-rosana\/#primaryimage"},"thumbnailUrl":"https:\/\/radiolifefm.com.br\/noticias\/wp-content\/uploads\/2019\/06\/Andarilho-2.jpeg","articleSection":["Regi\u00e3o"],"inLanguage":"pt-BR"},{"@type":"WebPage","@id":"https:\/\/radiolifefm.com.br\/noticias\/policia-civil-esclarece-homicidio-ocorrido-em-primavera-rosana\/","url":"https:\/\/radiolifefm.com.br\/noticias\/policia-civil-esclarece-homicidio-ocorrido-em-primavera-rosana\/","name":"Pol\u00edcia Civil esclarece homic\u00eddio ocorrido em Primavera\/Rosana - R\u00e1dio Life FM","isPartOf":{"@id":"https:\/\/radiolifefm.com.br\/noticias\/#website"},"primaryImageOfPage":{"@id":"https:\/\/radiolifefm.com.br\/noticias\/policia-civil-esclarece-homicidio-ocorrido-em-primavera-rosana\/#primaryimage"},"image":{"@id":"https:\/\/radiolifefm.com.br\/noticias\/policia-civil-esclarece-homicidio-ocorrido-em-primavera-rosana\/#primaryimage"},"thumbnailUrl":"https:\/\/radiolifefm.com.br\/noticias\/wp-content\/uploads\/2019\/06\/Andarilho-2.jpeg","datePublished":"2019-06-07T13:01:54+00:00","dateModified":"2026-04-03T03:59:32+00:00","breadcrumb":{"@id":"https:\/\/radiolifefm.com.br\/noticias\/policia-civil-esclarece-homicidio-ocorrido-em-primavera-rosana\/#breadcrumb"},"inLanguage":"pt-BR","potentialAction":[{"@type":"ReadAction","target":["https:\/\/radiolifefm.com.br\/noticias\/policia-civil-esclarece-homicidio-ocorrido-em-primavera-rosana\/"]}]},{"@type":"ImageObject","inLanguage":"pt-BR","@id":"https:\/\/radiolifefm.com.br\/noticias\/policia-civil-esclarece-homicidio-ocorrido-em-primavera-rosana\/#primaryimage","url":"https:\/\/radiolifefm.com.br\/noticias\/wp-content\/uploads\/2019\/06\/Andarilho-2.jpeg","contentUrl":"https:\/\/radiolifefm.com.br\/noticias\/wp-content\/uploads\/2019\/06\/Andarilho-2.jpeg","width":768,"height":1024,"caption":"Andarilho foi assassinado a tiros - Foto - Pol\u00edcia\/Cedida"},{"@type":"BreadcrumbList","@id":"https:\/\/radiolifefm.com.br\/noticias\/policia-civil-esclarece-homicidio-ocorrido-em-primavera-rosana\/#breadcrumb","itemListElement":[{"@type":"ListItem","position":1,"name":"In\u00edcio","item":"https:\/\/radiolifefm.com.br\/noticias\/"},{"@type":"ListItem","position":2,"name":"Pol\u00edcia Civil esclarece homic\u00eddio ocorrido em Primavera\/Rosana"}]},{"@type":"WebSite","@id":"https:\/\/radiolifefm.com.br\/noticias\/#website","url":"https:\/\/radiolifefm.com.br\/noticias\/","name":"R\u00e1dio Life FM","description":"O Portal de Not\u00edcias de Adamantina","publisher":{"@id":"https:\/\/radiolifefm.com.br\/noticias\/#organization"},"alternateName":"Life FM","potentialAction":[{"@type":"SearchAction","target":{"@type":"EntryPoint","urlTemplate":"https:\/\/radiolifefm.com.br\/noticias\/?s={search_term_string}"},"query-input":{"@type":"PropertyValueSpecification","valueRequired":true,"valueName":"search_term_string"}}],"inLanguage":"pt-BR"},{"@type":"Organization","@id":"https:\/\/radiolifefm.com.br\/noticias\/#organization","name":"R\u00e1dio Life FM","alternateName":"Life FM","url":"https:\/\/radiolifefm.com.br\/noticias\/","logo":{"@type":"ImageObject","inLanguage":"pt-BR","@id":"https:\/\/radiolifefm.com.br\/noticias\/#\/schema\/logo\/image\/","url":"https:\/\/static.radiolifefm.com.br\/noticias\/wp-content\/uploads\/2019\/10\/logo-lifefm.png","contentUrl":"https:\/\/static.radiolifefm.com.br\/noticias\/wp-content\/uploads\/2019\/10\/logo-lifefm.png","width":196,"height":47,"caption":"R\u00e1dio Life FM"},"image":{"@id":"https:\/\/radiolifefm.com.br\/noticias\/#\/schema\/logo\/image\/"},"sameAs":["https:\/\/www.facebook.com\/radiolifefm\/","https:\/\/www.instagram.com\/life1079fm\/"]},{"@type":"Person","@id":"https:\/\/radiolifefm.com.br\/noticias\/#\/schema\/person\/6876e1240feffe6e1b63fd5cb85abf28","name":"joaograndao","image":{"@type":"ImageObject","inLanguage":"pt-BR","@id":"https:\/\/secure.gravatar.com\/avatar\/d5b1a3cf357ed9c50404e256a1294083aa8ab5d2a994001567302786016cb32c?s=96&d=mm&r=g","url":"https:\/\/secure.gravatar.com\/avatar\/d5b1a3cf357ed9c50404e256a1294083aa8ab5d2a994001567302786016cb32c?s=96&d=mm&r=g","contentUrl":"https:\/\/secure.gravatar.com\/avatar\/d5b1a3cf357ed9c50404e256a1294083aa8ab5d2a994001567302786016cb32c?s=96&d=mm&r=g","caption":"joaograndao"}}]}},"amp_enabled":true,"_links":{"self":[{"href":"https:\/\/radiolifefm.com.br\/noticias\/wp-json\/wp\/v2\/posts\/13900","targetHints":{"allow":["GET"]}}],"collection":[{"href":"https:\/\/radiolifefm.com.br\/noticias\/wp-json\/wp\/v2\/posts"}],"about":[{"href":"https:\/\/radiolifefm.com.br\/noticias\/wp-json\/wp\/v2\/types\/post"}],"author":[{"embeddable":true,"href":"https:\/\/radiolifefm.com.br\/noticias\/wp-json\/wp\/v2\/users\/8"}],"replies":[{"embeddable":true,"href":"https:\/\/radiolifefm.com.br\/noticias\/wp-json\/wp\/v2\/comments?post=13900"}],"version-history":[{"count":1,"href":"https:\/\/radiolifefm.com.br\/noticias\/wp-json\/wp\/v2\/posts\/13900\/revisions"}],"predecessor-version":[{"id":13904,"href":"https:\/\/radiolifefm.com.br\/noticias\/wp-json\/wp\/v2\/posts\/13900\/revisions\/13904"}],"wp:featuredmedia":[{"embeddable":true,"href":"https:\/\/radiolifefm.com.br\/noticias\/wp-json\/wp\/v2\/media\/13903"}],"wp:attachment":[{"href":"https:\/\/radiolifefm.com.br\/noticias\/wp-json\/wp\/v2\/media?parent=13900"}],"wp:term":[{"taxonomy":"category","embeddable":true,"href":"https:\/\/radiolifefm.com.br\/noticias\/wp-json\/wp\/v2\/categories?post=13900"},{"taxonomy":"post_tag","embeddable":true,"href":"https:\/\/radiolifefm.com.br\/noticias\/wp-json\/wp\/v2\/tags?post=13900"}],"curies":[{"name":"wp","href":"https:\/\/api.w.org\/{rel}","templated":true}]}}