{"id":13892,"date":"2019-06-07T09:27:59","date_gmt":"2019-06-07T12:27:59","guid":{"rendered":"https:\/\/radiolifefm.com.br\/noticias\/?p=13892"},"modified":"2026-04-19T20:27:17","modified_gmt":"2026-04-19T23:27:17","slug":"mulher-e-presa-por-trafico-de-entorpecente-portando-cocaina-em-mala-de-viagem","status":"publish","type":"post","link":"https:\/\/radiolifefm.com.br\/noticias\/mulher-e-presa-por-trafico-de-entorpecente-portando-cocaina-em-mala-de-viagem\/","title":{"rendered":"Mulher \u00e9 presa por tr\u00e1fico de entorpecente portando coca\u00edna em mala de viagem"},"content":{"rendered":"<div id=\"fb-root\"><\/div>\n<p><em>Ocorr\u00eancia registrada na Rodovia Raposo Tavares, em Presidente Venceslau<\/em><\/p>\n<p>Durante a\u00e7\u00e3o fiscalizadora de tr\u00e2nsito, visando o combate de il\u00edcitos administrativos e penais, uma equipe do Policiamento Rodovi\u00e1rio, abordou um \u00f4nibus, com itiner\u00e1rio Campo Grande\/MS x S\u00e3o Paulo\/SP, com 19 passageiros, ao proceder uma vistoria no bagageiro externo do coletivo, foi localizada uma mala, na cor vermelha, devidamente identificada, com algumas pe\u00e7as de roupas a qual trazia ainda um fundo falso, confeccionado nas extremidades da mala, frente e fundo, trazendo em seu interior 02 (dois) pacotes pl\u00e1sticos, contendo coca\u00edna.<\/p>\n<p>Ap\u00f3s retirado e pesado, o entorpecente aferiu 1,757 kg (um quilo, setecentos e cinquenta e sete gramas) da subst\u00e2ncia alucin\u00f3gena, a mala estava registrada em nome de uma nulher, conforme o bilhete de passagem, ocupante da poltrona n\u00b0 01.<\/p>\n<p>Em entrevista, a indiciada, que acompanhou e prontamente assumiu a propriedade da bagagem com a droga, na qual transportaria a droga da cidade de Puerto Quijarro-Bol\u00edvia at\u00e9 a cidade de S\u00e3o Paulo\/SP, receberia para tanto U$ 1.000,00 (um mil d\u00f3lares).<\/p>\n<p>Diante dos fatos, foi dada voz de pris\u00e3o em flagrante delito para a indiciada pelo crime de Tr\u00e1fico de Drogas e conduzida juntamente com a droga, para a Delegacia de Pol\u00edcia Federal de Presidente Prudente\/SP, onde o Delegado de plant\u00e3o, ap\u00f3s tomar ci\u00eancia dos fatos, ratificou a voz de pris\u00e3o em flagrante delito, elaborando o Inqu\u00e9rito Policial Federal de Tr\u00e1fico de drogas, o auto de exibi\u00e7\u00e3o e apreens\u00e3o da droga e o bilhete da passagem.<\/p>\n<p>A indiciada trazia consigo 01 aparelho telef\u00f4nico e R$ 560,00 (quinhentos e sessenta reais), que n\u00e3o foram apreendidos, permanecendo nos pertences da indiciada.<\/p>\n<p>A indiciada permaneceu em c\u00e1rcere, \u00e0 disposi\u00e7\u00e3o da justi\u00e7a naquela distrital, onde aguardar\u00e1 audi\u00eancia de cust\u00f3dia e posterior envio \u00e0 unidade prisional.<\/p>\n<div class='flex flex-wrap items-center -mx-1'>\r\n<a class='thumbnail gallery p-1 w-1\/2 md:w-1\/4' href='https:\/\/radiolifefm.com.br\/noticias\/wp-content\/uploads\/2019\/06\/Tr\u00e1fico-em-Venceslau-1.jpg'><img class='border border-white' src='https:\/\/radiolifefm.com.br\/noticias\/wp-content\/uploads\/2019\/06\/Tr\u00e1fico-em-Venceslau-1-200x200.jpg' alt='Tr\u00e1fico Em Venceslau   1' \/><\/a><\/div>\n<p>Informa\u00e7\u00f5es &#8211; Pol\u00edciaRodovi\u00e1ria<\/p>\n<p>Reda\u00e7\u00e3o &#8211; Kako de Oliveira<\/p>\n","protected":false},"excerpt":{"rendered":"<p>Ocorr\u00eancia registrada na Rodovia Raposo Tavares, em Presidente Venceslau Durante a\u00e7\u00e3o fiscalizadora de tr\u00e2nsito, visando o combate de il\u00edcitos administrativos e penais, uma equipe do Policiamento Rodovi\u00e1rio, abordou um \u00f4nibus, com itiner\u00e1rio Campo Grande\/MS x S\u00e3o Paulo\/SP, com 19 passageiros, ao proceder uma vistoria no bagageiro externo do coletivo, foi localizada uma mala, na cor [&hellip;]<\/p>\n","protected":false},"author":8,"featured_media":13893,"comment_status":"closed","ping_status":"open","sticky":false,"template":"","format":"standard","meta":{"_acf_changed":false,"_exactmetrics_skip_tracking":false,"_exactmetrics_sitenote_active":false,"_exactmetrics_sitenote_note":"","_exactmetrics_sitenote_category":0,"footnotes":""},"categories":[24],"tags":[],"class_list":["post-13892","post","type-post","status-publish","format-standard","has-post-thumbnail","hentry","category-regiao"],"acf":[],"yoast_head":"<!-- This site is optimized with the Yoast SEO plugin v27.2 - https:\/\/yoast.com\/product\/yoast-seo-wordpress\/ -->\n<title>Mulher \u00e9 presa por tr\u00e1fico de entorpecente portando coca\u00edna em mala de viagem - R\u00e1dio Life FM<\/title>\n<meta name=\"robots\" content=\"index, follow, max-snippet:-1, max-image-preview:large, max-video-preview:-1\" \/>\n<link rel=\"canonical\" href=\"https:\/\/radiolifefm.com.br\/noticias\/mulher-e-presa-por-trafico-de-entorpecente-portando-cocaina-em-mala-de-viagem\/\" \/>\n<meta property=\"og:locale\" content=\"pt_BR\" \/>\n<meta property=\"og:type\" content=\"article\" \/>\n<meta property=\"og:title\" content=\"Mulher \u00e9 presa por tr\u00e1fico de entorpecente portando coca\u00edna em mala de viagem - R\u00e1dio Life FM\" \/>\n<meta property=\"og:description\" content=\"Ocorr\u00eancia registrada na Rodovia Raposo Tavares, em Presidente Venceslau Durante a\u00e7\u00e3o fiscalizadora de tr\u00e2nsito, visando o combate de il\u00edcitos administrativos e penais, uma equipe do Policiamento Rodovi\u00e1rio, abordou um \u00f4nibus, com itiner\u00e1rio Campo Grande\/MS x S\u00e3o Paulo\/SP, com 19 passageiros, ao proceder uma vistoria no bagageiro externo do coletivo, foi localizada uma mala, na cor [&hellip;]\" \/>\n<meta property=\"og:url\" content=\"https:\/\/radiolifefm.com.br\/noticias\/mulher-e-presa-por-trafico-de-entorpecente-portando-cocaina-em-mala-de-viagem\/\" \/>\n<meta property=\"og:site_name\" content=\"R\u00e1dio Life FM\" \/>\n<meta property=\"article:publisher\" content=\"https:\/\/www.facebook.com\/radiolifefm\/\" \/>\n<meta property=\"article:published_time\" content=\"2019-06-07T12:27:59+00:00\" \/>\n<meta property=\"article:modified_time\" content=\"2026-04-19T23:27:17+00:00\" \/>\n<meta property=\"og:image\" content=\"https:\/\/radiolifefm.com.br\/noticias\/wp-content\/uploads\/2019\/06\/Tr\u00e1fico-em-Venceslau.jpg\" \/>\n\t<meta property=\"og:image:width\" content=\"1280\" \/>\n\t<meta property=\"og:image:height\" content=\"960\" \/>\n\t<meta property=\"og:image:type\" content=\"image\/jpeg\" \/>\n<meta name=\"author\" content=\"joaograndao\" \/>\n<meta name=\"twitter:card\" content=\"summary_large_image\" \/>\n<meta name=\"twitter:label1\" content=\"Escrito por\" \/>\n\t<meta name=\"twitter:data1\" content=\"joaograndao\" \/>\n\t<meta name=\"twitter:label2\" content=\"Est. tempo de leitura\" \/>\n\t<meta name=\"twitter:data2\" content=\"2 minutos\" \/>\n<script type=\"application\/ld+json\" class=\"yoast-schema-graph\">{\"@context\":\"https:\/\/schema.org\",\"@graph\":[{\"@type\":\"Article\",\"@id\":\"https:\/\/radiolifefm.com.br\/noticias\/mulher-e-presa-por-trafico-de-entorpecente-portando-cocaina-em-mala-de-viagem\/#article\",\"isPartOf\":{\"@id\":\"https:\/\/radiolifefm.com.br\/noticias\/mulher-e-presa-por-trafico-de-entorpecente-portando-cocaina-em-mala-de-viagem\/\"},\"author\":{\"name\":\"joaograndao\",\"@id\":\"https:\/\/radiolifefm.com.br\/noticias\/#\/schema\/person\/6876e1240feffe6e1b63fd5cb85abf28\"},\"headline\":\"Mulher \u00e9 presa por tr\u00e1fico de entorpecente portando coca\u00edna em mala de viagem\",\"datePublished\":\"2019-06-07T12:27:59+00:00\",\"dateModified\":\"2026-04-19T23:27:17+00:00\",\"mainEntityOfPage\":{\"@id\":\"https:\/\/radiolifefm.com.br\/noticias\/mulher-e-presa-por-trafico-de-entorpecente-portando-cocaina-em-mala-de-viagem\/\"},\"wordCount\":344,\"publisher\":{\"@id\":\"https:\/\/radiolifefm.com.br\/noticias\/#organization\"},\"image\":{\"@id\":\"https:\/\/radiolifefm.com.br\/noticias\/mulher-e-presa-por-trafico-de-entorpecente-portando-cocaina-em-mala-de-viagem\/#primaryimage\"},\"thumbnailUrl\":\"https:\/\/radiolifefm.com.br\/noticias\/wp-content\/uploads\/2019\/06\/Tr\u00e1fico-em-Venceslau.jpg\",\"articleSection\":[\"Regi\u00e3o\"],\"inLanguage\":\"pt-BR\"},{\"@type\":\"WebPage\",\"@id\":\"https:\/\/radiolifefm.com.br\/noticias\/mulher-e-presa-por-trafico-de-entorpecente-portando-cocaina-em-mala-de-viagem\/\",\"url\":\"https:\/\/radiolifefm.com.br\/noticias\/mulher-e-presa-por-trafico-de-entorpecente-portando-cocaina-em-mala-de-viagem\/\",\"name\":\"Mulher \u00e9 presa por tr\u00e1fico de entorpecente portando coca\u00edna em mala de viagem - R\u00e1dio Life FM\",\"isPartOf\":{\"@id\":\"https:\/\/radiolifefm.com.br\/noticias\/#website\"},\"primaryImageOfPage\":{\"@id\":\"https:\/\/radiolifefm.com.br\/noticias\/mulher-e-presa-por-trafico-de-entorpecente-portando-cocaina-em-mala-de-viagem\/#primaryimage\"},\"image\":{\"@id\":\"https:\/\/radiolifefm.com.br\/noticias\/mulher-e-presa-por-trafico-de-entorpecente-portando-cocaina-em-mala-de-viagem\/#primaryimage\"},\"thumbnailUrl\":\"https:\/\/radiolifefm.com.br\/noticias\/wp-content\/uploads\/2019\/06\/Tr\u00e1fico-em-Venceslau.jpg\",\"datePublished\":\"2019-06-07T12:27:59+00:00\",\"dateModified\":\"2026-04-19T23:27:17+00:00\",\"breadcrumb\":{\"@id\":\"https:\/\/radiolifefm.com.br\/noticias\/mulher-e-presa-por-trafico-de-entorpecente-portando-cocaina-em-mala-de-viagem\/#breadcrumb\"},\"inLanguage\":\"pt-BR\",\"potentialAction\":[{\"@type\":\"ReadAction\",\"target\":[\"https:\/\/radiolifefm.com.br\/noticias\/mulher-e-presa-por-trafico-de-entorpecente-portando-cocaina-em-mala-de-viagem\/\"]}]},{\"@type\":\"ImageObject\",\"inLanguage\":\"pt-BR\",\"@id\":\"https:\/\/radiolifefm.com.br\/noticias\/mulher-e-presa-por-trafico-de-entorpecente-portando-cocaina-em-mala-de-viagem\/#primaryimage\",\"url\":\"https:\/\/radiolifefm.com.br\/noticias\/wp-content\/uploads\/2019\/06\/Tr\u00e1fico-em-Venceslau.jpg\",\"contentUrl\":\"https:\/\/radiolifefm.com.br\/noticias\/wp-content\/uploads\/2019\/06\/Tr\u00e1fico-em-Venceslau.jpg\",\"width\":1280,\"height\":960,\"caption\":\"Mulher foi detida em \u00f4nibus portando coca\u00edna - Fotos - Pol\u00edcia\/Cedida\"},{\"@type\":\"BreadcrumbList\",\"@id\":\"https:\/\/radiolifefm.com.br\/noticias\/mulher-e-presa-por-trafico-de-entorpecente-portando-cocaina-em-mala-de-viagem\/#breadcrumb\",\"itemListElement\":[{\"@type\":\"ListItem\",\"position\":1,\"name\":\"In\u00edcio\",\"item\":\"https:\/\/radiolifefm.com.br\/noticias\/\"},{\"@type\":\"ListItem\",\"position\":2,\"name\":\"Mulher \u00e9 presa por tr\u00e1fico de entorpecente portando coca\u00edna em mala de viagem\"}]},{\"@type\":\"WebSite\",\"@id\":\"https:\/\/radiolifefm.com.br\/noticias\/#website\",\"url\":\"https:\/\/radiolifefm.com.br\/noticias\/\",\"name\":\"R\u00e1dio Life FM\",\"description\":\"O Portal de Not\u00edcias de Adamantina\",\"publisher\":{\"@id\":\"https:\/\/radiolifefm.com.br\/noticias\/#organization\"},\"alternateName\":\"Life FM\",\"potentialAction\":[{\"@type\":\"SearchAction\",\"target\":{\"@type\":\"EntryPoint\",\"urlTemplate\":\"https:\/\/radiolifefm.com.br\/noticias\/?s={search_term_string}\"},\"query-input\":{\"@type\":\"PropertyValueSpecification\",\"valueRequired\":true,\"valueName\":\"search_term_string\"}}],\"inLanguage\":\"pt-BR\"},{\"@type\":\"Organization\",\"@id\":\"https:\/\/radiolifefm.com.br\/noticias\/#organization\",\"name\":\"R\u00e1dio Life FM\",\"alternateName\":\"Life FM\",\"url\":\"https:\/\/radiolifefm.com.br\/noticias\/\",\"logo\":{\"@type\":\"ImageObject\",\"inLanguage\":\"pt-BR\",\"@id\":\"https:\/\/radiolifefm.com.br\/noticias\/#\/schema\/logo\/image\/\",\"url\":\"https:\/\/static.radiolifefm.com.br\/noticias\/wp-content\/uploads\/2019\/10\/logo-lifefm.png\",\"contentUrl\":\"https:\/\/static.radiolifefm.com.br\/noticias\/wp-content\/uploads\/2019\/10\/logo-lifefm.png\",\"width\":196,\"height\":47,\"caption\":\"R\u00e1dio Life FM\"},\"image\":{\"@id\":\"https:\/\/radiolifefm.com.br\/noticias\/#\/schema\/logo\/image\/\"},\"sameAs\":[\"https:\/\/www.facebook.com\/radiolifefm\/\",\"https:\/\/www.instagram.com\/life1079fm\/\"]},{\"@type\":\"Person\",\"@id\":\"https:\/\/radiolifefm.com.br\/noticias\/#\/schema\/person\/6876e1240feffe6e1b63fd5cb85abf28\",\"name\":\"joaograndao\",\"image\":{\"@type\":\"ImageObject\",\"inLanguage\":\"pt-BR\",\"@id\":\"https:\/\/secure.gravatar.com\/avatar\/d5b1a3cf357ed9c50404e256a1294083aa8ab5d2a994001567302786016cb32c?s=96&d=mm&r=g\",\"url\":\"https:\/\/secure.gravatar.com\/avatar\/d5b1a3cf357ed9c50404e256a1294083aa8ab5d2a994001567302786016cb32c?s=96&d=mm&r=g\",\"contentUrl\":\"https:\/\/secure.gravatar.com\/avatar\/d5b1a3cf357ed9c50404e256a1294083aa8ab5d2a994001567302786016cb32c?s=96&d=mm&r=g\",\"caption\":\"joaograndao\"}}]}<\/script>\n<!-- \/ Yoast SEO plugin. -->","yoast_head_json":{"title":"Mulher \u00e9 presa por tr\u00e1fico de entorpecente portando coca\u00edna em mala de viagem - R\u00e1dio Life FM","robots":{"index":"index","follow":"follow","max-snippet":"max-snippet:-1","max-image-preview":"max-image-preview:large","max-video-preview":"max-video-preview:-1"},"canonical":"https:\/\/radiolifefm.com.br\/noticias\/mulher-e-presa-por-trafico-de-entorpecente-portando-cocaina-em-mala-de-viagem\/","og_locale":"pt_BR","og_type":"article","og_title":"Mulher \u00e9 presa por tr\u00e1fico de entorpecente portando coca\u00edna em mala de viagem - R\u00e1dio Life FM","og_description":"Ocorr\u00eancia registrada na Rodovia Raposo Tavares, em Presidente Venceslau Durante a\u00e7\u00e3o fiscalizadora de tr\u00e2nsito, visando o combate de il\u00edcitos administrativos e penais, uma equipe do Policiamento Rodovi\u00e1rio, abordou um \u00f4nibus, com itiner\u00e1rio Campo Grande\/MS x S\u00e3o Paulo\/SP, com 19 passageiros, ao proceder uma vistoria no bagageiro externo do coletivo, foi localizada uma mala, na cor [&hellip;]","og_url":"https:\/\/radiolifefm.com.br\/noticias\/mulher-e-presa-por-trafico-de-entorpecente-portando-cocaina-em-mala-de-viagem\/","og_site_name":"R\u00e1dio Life FM","article_publisher":"https:\/\/www.facebook.com\/radiolifefm\/","article_published_time":"2019-06-07T12:27:59+00:00","article_modified_time":"2026-04-19T23:27:17+00:00","og_image":[{"width":1280,"height":960,"url":"https:\/\/radiolifefm.com.br\/noticias\/wp-content\/uploads\/2019\/06\/Tr\u00e1fico-em-Venceslau.jpg","type":"image\/jpeg"}],"author":"joaograndao","twitter_card":"summary_large_image","twitter_misc":{"Escrito por":"joaograndao","Est. tempo de leitura":"2 minutos"},"schema":{"@context":"https:\/\/schema.org","@graph":[{"@type":"Article","@id":"https:\/\/radiolifefm.com.br\/noticias\/mulher-e-presa-por-trafico-de-entorpecente-portando-cocaina-em-mala-de-viagem\/#article","isPartOf":{"@id":"https:\/\/radiolifefm.com.br\/noticias\/mulher-e-presa-por-trafico-de-entorpecente-portando-cocaina-em-mala-de-viagem\/"},"author":{"name":"joaograndao","@id":"https:\/\/radiolifefm.com.br\/noticias\/#\/schema\/person\/6876e1240feffe6e1b63fd5cb85abf28"},"headline":"Mulher \u00e9 presa por tr\u00e1fico de entorpecente portando coca\u00edna em mala de viagem","datePublished":"2019-06-07T12:27:59+00:00","dateModified":"2026-04-19T23:27:17+00:00","mainEntityOfPage":{"@id":"https:\/\/radiolifefm.com.br\/noticias\/mulher-e-presa-por-trafico-de-entorpecente-portando-cocaina-em-mala-de-viagem\/"},"wordCount":344,"publisher":{"@id":"https:\/\/radiolifefm.com.br\/noticias\/#organization"},"image":{"@id":"https:\/\/radiolifefm.com.br\/noticias\/mulher-e-presa-por-trafico-de-entorpecente-portando-cocaina-em-mala-de-viagem\/#primaryimage"},"thumbnailUrl":"https:\/\/radiolifefm.com.br\/noticias\/wp-content\/uploads\/2019\/06\/Tr\u00e1fico-em-Venceslau.jpg","articleSection":["Regi\u00e3o"],"inLanguage":"pt-BR"},{"@type":"WebPage","@id":"https:\/\/radiolifefm.com.br\/noticias\/mulher-e-presa-por-trafico-de-entorpecente-portando-cocaina-em-mala-de-viagem\/","url":"https:\/\/radiolifefm.com.br\/noticias\/mulher-e-presa-por-trafico-de-entorpecente-portando-cocaina-em-mala-de-viagem\/","name":"Mulher \u00e9 presa por tr\u00e1fico de entorpecente portando coca\u00edna em mala de viagem - R\u00e1dio Life FM","isPartOf":{"@id":"https:\/\/radiolifefm.com.br\/noticias\/#website"},"primaryImageOfPage":{"@id":"https:\/\/radiolifefm.com.br\/noticias\/mulher-e-presa-por-trafico-de-entorpecente-portando-cocaina-em-mala-de-viagem\/#primaryimage"},"image":{"@id":"https:\/\/radiolifefm.com.br\/noticias\/mulher-e-presa-por-trafico-de-entorpecente-portando-cocaina-em-mala-de-viagem\/#primaryimage"},"thumbnailUrl":"https:\/\/radiolifefm.com.br\/noticias\/wp-content\/uploads\/2019\/06\/Tr\u00e1fico-em-Venceslau.jpg","datePublished":"2019-06-07T12:27:59+00:00","dateModified":"2026-04-19T23:27:17+00:00","breadcrumb":{"@id":"https:\/\/radiolifefm.com.br\/noticias\/mulher-e-presa-por-trafico-de-entorpecente-portando-cocaina-em-mala-de-viagem\/#breadcrumb"},"inLanguage":"pt-BR","potentialAction":[{"@type":"ReadAction","target":["https:\/\/radiolifefm.com.br\/noticias\/mulher-e-presa-por-trafico-de-entorpecente-portando-cocaina-em-mala-de-viagem\/"]}]},{"@type":"ImageObject","inLanguage":"pt-BR","@id":"https:\/\/radiolifefm.com.br\/noticias\/mulher-e-presa-por-trafico-de-entorpecente-portando-cocaina-em-mala-de-viagem\/#primaryimage","url":"https:\/\/radiolifefm.com.br\/noticias\/wp-content\/uploads\/2019\/06\/Tr\u00e1fico-em-Venceslau.jpg","contentUrl":"https:\/\/radiolifefm.com.br\/noticias\/wp-content\/uploads\/2019\/06\/Tr\u00e1fico-em-Venceslau.jpg","width":1280,"height":960,"caption":"Mulher foi detida em \u00f4nibus portando coca\u00edna - Fotos - Pol\u00edcia\/Cedida"},{"@type":"BreadcrumbList","@id":"https:\/\/radiolifefm.com.br\/noticias\/mulher-e-presa-por-trafico-de-entorpecente-portando-cocaina-em-mala-de-viagem\/#breadcrumb","itemListElement":[{"@type":"ListItem","position":1,"name":"In\u00edcio","item":"https:\/\/radiolifefm.com.br\/noticias\/"},{"@type":"ListItem","position":2,"name":"Mulher \u00e9 presa por tr\u00e1fico de entorpecente portando coca\u00edna em mala de viagem"}]},{"@type":"WebSite","@id":"https:\/\/radiolifefm.com.br\/noticias\/#website","url":"https:\/\/radiolifefm.com.br\/noticias\/","name":"R\u00e1dio Life FM","description":"O Portal de Not\u00edcias de Adamantina","publisher":{"@id":"https:\/\/radiolifefm.com.br\/noticias\/#organization"},"alternateName":"Life FM","potentialAction":[{"@type":"SearchAction","target":{"@type":"EntryPoint","urlTemplate":"https:\/\/radiolifefm.com.br\/noticias\/?s={search_term_string}"},"query-input":{"@type":"PropertyValueSpecification","valueRequired":true,"valueName":"search_term_string"}}],"inLanguage":"pt-BR"},{"@type":"Organization","@id":"https:\/\/radiolifefm.com.br\/noticias\/#organization","name":"R\u00e1dio Life FM","alternateName":"Life FM","url":"https:\/\/radiolifefm.com.br\/noticias\/","logo":{"@type":"ImageObject","inLanguage":"pt-BR","@id":"https:\/\/radiolifefm.com.br\/noticias\/#\/schema\/logo\/image\/","url":"https:\/\/static.radiolifefm.com.br\/noticias\/wp-content\/uploads\/2019\/10\/logo-lifefm.png","contentUrl":"https:\/\/static.radiolifefm.com.br\/noticias\/wp-content\/uploads\/2019\/10\/logo-lifefm.png","width":196,"height":47,"caption":"R\u00e1dio Life FM"},"image":{"@id":"https:\/\/radiolifefm.com.br\/noticias\/#\/schema\/logo\/image\/"},"sameAs":["https:\/\/www.facebook.com\/radiolifefm\/","https:\/\/www.instagram.com\/life1079fm\/"]},{"@type":"Person","@id":"https:\/\/radiolifefm.com.br\/noticias\/#\/schema\/person\/6876e1240feffe6e1b63fd5cb85abf28","name":"joaograndao","image":{"@type":"ImageObject","inLanguage":"pt-BR","@id":"https:\/\/secure.gravatar.com\/avatar\/d5b1a3cf357ed9c50404e256a1294083aa8ab5d2a994001567302786016cb32c?s=96&d=mm&r=g","url":"https:\/\/secure.gravatar.com\/avatar\/d5b1a3cf357ed9c50404e256a1294083aa8ab5d2a994001567302786016cb32c?s=96&d=mm&r=g","contentUrl":"https:\/\/secure.gravatar.com\/avatar\/d5b1a3cf357ed9c50404e256a1294083aa8ab5d2a994001567302786016cb32c?s=96&d=mm&r=g","caption":"joaograndao"}}]}},"amp_enabled":true,"_links":{"self":[{"href":"https:\/\/radiolifefm.com.br\/noticias\/wp-json\/wp\/v2\/posts\/13892","targetHints":{"allow":["GET"]}}],"collection":[{"href":"https:\/\/radiolifefm.com.br\/noticias\/wp-json\/wp\/v2\/posts"}],"about":[{"href":"https:\/\/radiolifefm.com.br\/noticias\/wp-json\/wp\/v2\/types\/post"}],"author":[{"embeddable":true,"href":"https:\/\/radiolifefm.com.br\/noticias\/wp-json\/wp\/v2\/users\/8"}],"replies":[{"embeddable":true,"href":"https:\/\/radiolifefm.com.br\/noticias\/wp-json\/wp\/v2\/comments?post=13892"}],"version-history":[{"count":1,"href":"https:\/\/radiolifefm.com.br\/noticias\/wp-json\/wp\/v2\/posts\/13892\/revisions"}],"predecessor-version":[{"id":13895,"href":"https:\/\/radiolifefm.com.br\/noticias\/wp-json\/wp\/v2\/posts\/13892\/revisions\/13895"}],"wp:featuredmedia":[{"embeddable":true,"href":"https:\/\/radiolifefm.com.br\/noticias\/wp-json\/wp\/v2\/media\/13893"}],"wp:attachment":[{"href":"https:\/\/radiolifefm.com.br\/noticias\/wp-json\/wp\/v2\/media?parent=13892"}],"wp:term":[{"taxonomy":"category","embeddable":true,"href":"https:\/\/radiolifefm.com.br\/noticias\/wp-json\/wp\/v2\/categories?post=13892"},{"taxonomy":"post_tag","embeddable":true,"href":"https:\/\/radiolifefm.com.br\/noticias\/wp-json\/wp\/v2\/tags?post=13892"}],"curies":[{"name":"wp","href":"https:\/\/api.w.org\/{rel}","templated":true}]}}