{"id":13831,"date":"2019-06-05T19:31:25","date_gmt":"2019-06-05T22:31:25","guid":{"rendered":"https:\/\/radiolifefm.com.br\/noticias\/?p=13831"},"modified":"2026-04-25T02:25:30","modified_gmt":"2026-04-25T05:25:30","slug":"carro-de-junqueiropolis-e-alvejado-por-tiros-no-parana-e-dois-homens-morrem","status":"publish","type":"post","link":"https:\/\/radiolifefm.com.br\/noticias\/carro-de-junqueiropolis-e-alvejado-por-tiros-no-parana-e-dois-homens-morrem\/","title":{"rendered":"Carro de Junqueir\u00f3polis \u00e9 alvejado por tiros no Paran\u00e1 e dois homens morrem"},"content":{"rendered":"<div id=\"fb-root\"><\/div>\n<p><em>Dois ocupantes do ve\u00edculo foram atingidos por disparos e morreram<\/em><\/p>\n<p>A Pol\u00edcia Militar de Loanda (PR), informou que um ve\u00edculo Cobalt, com placas de Junqueir\u00f3polis, foi alvejado por v\u00e1rios tiros no in\u00edcio da tarde desta quarta-feira, 5, na cidade de Santa Cruz de Monte Castelo (PR).<\/p>\n<p>Os dois ocupantes do ve\u00edculo, segundo a PM, est\u00e3o mortos. A suspeita \u00e9 de que eles, motorista e passageiro, foram executados.<br \/>\nA pol\u00edcia do Paran\u00e1 informou ainda que trocou tiros com dois indiv\u00edduos que estavam numa moto, por serem suspeitos de ter efetuado os disparos contra o Cobalt.<\/p>\n<p>Um dos ocupantes da moto foi alvejado com tr\u00eas tiros e encaminhado, com vida, para o Hospital de Paranava\u00ed (PR). J\u00e1 o outro foi conduzido a Delegacia de Pol\u00edcia e ser\u00e1 ouvido pelo delegado.<\/p>\n<p>Os dois homens que foram mortos n\u00e3o tiveram os nomes divulgados. A ocorr\u00eancia est\u00e1 em andamento. Em breve mais informa\u00e7\u00f5es.<\/p>\n<p>A reportagem do Portal Regional entrou em contato com a Pol\u00edcia Militar de Loanda e a informa\u00e7\u00e3o \u00e9 de que a nota sobre o caso estaria ainda sendo preparada por um tenente.<\/p>\n<p>Por Portal Regional<\/p>\n<p>Reda\u00e7\u00e3o &#8211; Kako de Oliveira<\/p>\n","protected":false},"excerpt":{"rendered":"<p>Dois ocupantes do ve\u00edculo foram atingidos por disparos e morreram A Pol\u00edcia Militar de Loanda (PR), informou que um ve\u00edculo Cobalt, com placas de Junqueir\u00f3polis, foi alvejado por v\u00e1rios tiros no in\u00edcio da tarde desta quarta-feira, 5, na cidade de Santa Cruz de Monte Castelo (PR). Os dois ocupantes do ve\u00edculo, segundo a PM, est\u00e3o [&hellip;]<\/p>\n","protected":false},"author":3,"featured_media":13832,"comment_status":"closed","ping_status":"open","sticky":false,"template":"","format":"standard","meta":{"_acf_changed":false,"_exactmetrics_skip_tracking":false,"_exactmetrics_sitenote_active":false,"_exactmetrics_sitenote_note":"","_exactmetrics_sitenote_category":0,"footnotes":""},"categories":[24],"tags":[],"class_list":["post-13831","post","type-post","status-publish","format-standard","has-post-thumbnail","hentry","category-regiao"],"acf":[],"yoast_head":"<!-- This site is optimized with the Yoast SEO plugin v27.2 - https:\/\/yoast.com\/product\/yoast-seo-wordpress\/ -->\n<title>Carro de Junqueir\u00f3polis \u00e9 alvejado por tiros no Paran\u00e1 e dois homens morrem - R\u00e1dio Life FM<\/title>\n<meta name=\"robots\" content=\"index, follow, max-snippet:-1, max-image-preview:large, max-video-preview:-1\" \/>\n<link rel=\"canonical\" href=\"https:\/\/radiolifefm.com.br\/noticias\/carro-de-junqueiropolis-e-alvejado-por-tiros-no-parana-e-dois-homens-morrem\/\" \/>\n<meta property=\"og:locale\" content=\"pt_BR\" \/>\n<meta property=\"og:type\" content=\"article\" \/>\n<meta property=\"og:title\" content=\"Carro de Junqueir\u00f3polis \u00e9 alvejado por tiros no Paran\u00e1 e dois homens morrem - R\u00e1dio Life FM\" \/>\n<meta property=\"og:description\" content=\"Dois ocupantes do ve\u00edculo foram atingidos por disparos e morreram A Pol\u00edcia Militar de Loanda (PR), informou que um ve\u00edculo Cobalt, com placas de Junqueir\u00f3polis, foi alvejado por v\u00e1rios tiros no in\u00edcio da tarde desta quarta-feira, 5, na cidade de Santa Cruz de Monte Castelo (PR). Os dois ocupantes do ve\u00edculo, segundo a PM, est\u00e3o [&hellip;]\" \/>\n<meta property=\"og:url\" content=\"https:\/\/radiolifefm.com.br\/noticias\/carro-de-junqueiropolis-e-alvejado-por-tiros-no-parana-e-dois-homens-morrem\/\" \/>\n<meta property=\"og:site_name\" content=\"R\u00e1dio Life FM\" \/>\n<meta property=\"article:publisher\" content=\"https:\/\/www.facebook.com\/radiolifefm\/\" \/>\n<meta property=\"article:published_time\" content=\"2019-06-05T22:31:25+00:00\" \/>\n<meta property=\"article:modified_time\" content=\"2026-04-25T05:25:30+00:00\" \/>\n<meta property=\"og:image\" content=\"https:\/\/radiolifefm.com.br\/noticias\/wp-content\/uploads\/2019\/06\/Carro-tiros-Junqueir\u00f3polis.jpg\" \/>\n\t<meta property=\"og:image:width\" content=\"1032\" \/>\n\t<meta property=\"og:image:height\" content=\"581\" \/>\n\t<meta property=\"og:image:type\" content=\"image\/jpeg\" \/>\n<meta name=\"author\" content=\"lifefm\" \/>\n<meta name=\"twitter:card\" content=\"summary_large_image\" \/>\n<meta name=\"twitter:label1\" content=\"Escrito por\" \/>\n\t<meta name=\"twitter:data1\" content=\"lifefm\" \/>\n\t<meta name=\"twitter:label2\" content=\"Est. tempo de leitura\" \/>\n\t<meta name=\"twitter:data2\" content=\"1 minuto\" \/>\n<script type=\"application\/ld+json\" class=\"yoast-schema-graph\">{\"@context\":\"https:\/\/schema.org\",\"@graph\":[{\"@type\":\"Article\",\"@id\":\"https:\/\/radiolifefm.com.br\/noticias\/carro-de-junqueiropolis-e-alvejado-por-tiros-no-parana-e-dois-homens-morrem\/#article\",\"isPartOf\":{\"@id\":\"https:\/\/radiolifefm.com.br\/noticias\/carro-de-junqueiropolis-e-alvejado-por-tiros-no-parana-e-dois-homens-morrem\/\"},\"author\":{\"name\":\"lifefm\",\"@id\":\"https:\/\/radiolifefm.com.br\/noticias\/#\/schema\/person\/1d4e4b1301322090c6221bf1c8420490\"},\"headline\":\"Carro de Junqueir\u00f3polis \u00e9 alvejado por tiros no Paran\u00e1 e dois homens morrem\",\"datePublished\":\"2019-06-05T22:31:25+00:00\",\"dateModified\":\"2026-04-25T05:25:30+00:00\",\"mainEntityOfPage\":{\"@id\":\"https:\/\/radiolifefm.com.br\/noticias\/carro-de-junqueiropolis-e-alvejado-por-tiros-no-parana-e-dois-homens-morrem\/\"},\"wordCount\":216,\"publisher\":{\"@id\":\"https:\/\/radiolifefm.com.br\/noticias\/#organization\"},\"image\":{\"@id\":\"https:\/\/radiolifefm.com.br\/noticias\/carro-de-junqueiropolis-e-alvejado-por-tiros-no-parana-e-dois-homens-morrem\/#primaryimage\"},\"thumbnailUrl\":\"https:\/\/radiolifefm.com.br\/noticias\/wp-content\/uploads\/2019\/06\/Carro-tiros-Junqueir\u00f3polis.jpg\",\"articleSection\":[\"Regi\u00e3o\"],\"inLanguage\":\"pt-BR\"},{\"@type\":\"WebPage\",\"@id\":\"https:\/\/radiolifefm.com.br\/noticias\/carro-de-junqueiropolis-e-alvejado-por-tiros-no-parana-e-dois-homens-morrem\/\",\"url\":\"https:\/\/radiolifefm.com.br\/noticias\/carro-de-junqueiropolis-e-alvejado-por-tiros-no-parana-e-dois-homens-morrem\/\",\"name\":\"Carro de Junqueir\u00f3polis \u00e9 alvejado por tiros no Paran\u00e1 e dois homens morrem - R\u00e1dio Life FM\",\"isPartOf\":{\"@id\":\"https:\/\/radiolifefm.com.br\/noticias\/#website\"},\"primaryImageOfPage\":{\"@id\":\"https:\/\/radiolifefm.com.br\/noticias\/carro-de-junqueiropolis-e-alvejado-por-tiros-no-parana-e-dois-homens-morrem\/#primaryimage\"},\"image\":{\"@id\":\"https:\/\/radiolifefm.com.br\/noticias\/carro-de-junqueiropolis-e-alvejado-por-tiros-no-parana-e-dois-homens-morrem\/#primaryimage\"},\"thumbnailUrl\":\"https:\/\/radiolifefm.com.br\/noticias\/wp-content\/uploads\/2019\/06\/Carro-tiros-Junqueir\u00f3polis.jpg\",\"datePublished\":\"2019-06-05T22:31:25+00:00\",\"dateModified\":\"2026-04-25T05:25:30+00:00\",\"breadcrumb\":{\"@id\":\"https:\/\/radiolifefm.com.br\/noticias\/carro-de-junqueiropolis-e-alvejado-por-tiros-no-parana-e-dois-homens-morrem\/#breadcrumb\"},\"inLanguage\":\"pt-BR\",\"potentialAction\":[{\"@type\":\"ReadAction\",\"target\":[\"https:\/\/radiolifefm.com.br\/noticias\/carro-de-junqueiropolis-e-alvejado-por-tiros-no-parana-e-dois-homens-morrem\/\"]}]},{\"@type\":\"ImageObject\",\"inLanguage\":\"pt-BR\",\"@id\":\"https:\/\/radiolifefm.com.br\/noticias\/carro-de-junqueiropolis-e-alvejado-por-tiros-no-parana-e-dois-homens-morrem\/#primaryimage\",\"url\":\"https:\/\/radiolifefm.com.br\/noticias\/wp-content\/uploads\/2019\/06\/Carro-tiros-Junqueir\u00f3polis.jpg\",\"contentUrl\":\"https:\/\/radiolifefm.com.br\/noticias\/wp-content\/uploads\/2019\/06\/Carro-tiros-Junqueir\u00f3polis.jpg\",\"width\":1032,\"height\":581,\"caption\":\"Ve\u00edculo de Junqueir\u00f3polis foi atingido por tiros no Paran\u00e1 e dois ocupantes foram mortos\"},{\"@type\":\"BreadcrumbList\",\"@id\":\"https:\/\/radiolifefm.com.br\/noticias\/carro-de-junqueiropolis-e-alvejado-por-tiros-no-parana-e-dois-homens-morrem\/#breadcrumb\",\"itemListElement\":[{\"@type\":\"ListItem\",\"position\":1,\"name\":\"In\u00edcio\",\"item\":\"https:\/\/radiolifefm.com.br\/noticias\/\"},{\"@type\":\"ListItem\",\"position\":2,\"name\":\"Carro de Junqueir\u00f3polis \u00e9 alvejado por tiros no Paran\u00e1 e dois homens morrem\"}]},{\"@type\":\"WebSite\",\"@id\":\"https:\/\/radiolifefm.com.br\/noticias\/#website\",\"url\":\"https:\/\/radiolifefm.com.br\/noticias\/\",\"name\":\"R\u00e1dio Life FM\",\"description\":\"O Portal de Not\u00edcias de Adamantina\",\"publisher\":{\"@id\":\"https:\/\/radiolifefm.com.br\/noticias\/#organization\"},\"alternateName\":\"Life FM\",\"potentialAction\":[{\"@type\":\"SearchAction\",\"target\":{\"@type\":\"EntryPoint\",\"urlTemplate\":\"https:\/\/radiolifefm.com.br\/noticias\/?s={search_term_string}\"},\"query-input\":{\"@type\":\"PropertyValueSpecification\",\"valueRequired\":true,\"valueName\":\"search_term_string\"}}],\"inLanguage\":\"pt-BR\"},{\"@type\":\"Organization\",\"@id\":\"https:\/\/radiolifefm.com.br\/noticias\/#organization\",\"name\":\"R\u00e1dio Life FM\",\"alternateName\":\"Life FM\",\"url\":\"https:\/\/radiolifefm.com.br\/noticias\/\",\"logo\":{\"@type\":\"ImageObject\",\"inLanguage\":\"pt-BR\",\"@id\":\"https:\/\/radiolifefm.com.br\/noticias\/#\/schema\/logo\/image\/\",\"url\":\"https:\/\/static.radiolifefm.com.br\/noticias\/wp-content\/uploads\/2019\/10\/logo-lifefm.png\",\"contentUrl\":\"https:\/\/static.radiolifefm.com.br\/noticias\/wp-content\/uploads\/2019\/10\/logo-lifefm.png\",\"width\":196,\"height\":47,\"caption\":\"R\u00e1dio Life FM\"},\"image\":{\"@id\":\"https:\/\/radiolifefm.com.br\/noticias\/#\/schema\/logo\/image\/\"},\"sameAs\":[\"https:\/\/www.facebook.com\/radiolifefm\/\",\"https:\/\/www.instagram.com\/life1079fm\/\"]},{\"@type\":\"Person\",\"@id\":\"https:\/\/radiolifefm.com.br\/noticias\/#\/schema\/person\/1d4e4b1301322090c6221bf1c8420490\",\"name\":\"lifefm\",\"image\":{\"@type\":\"ImageObject\",\"inLanguage\":\"pt-BR\",\"@id\":\"https:\/\/secure.gravatar.com\/avatar\/eca268467d925ec97d20641bb054fd944c0abb2f92854171620706bbe6474e7c?s=96&d=mm&r=g\",\"url\":\"https:\/\/secure.gravatar.com\/avatar\/eca268467d925ec97d20641bb054fd944c0abb2f92854171620706bbe6474e7c?s=96&d=mm&r=g\",\"contentUrl\":\"https:\/\/secure.gravatar.com\/avatar\/eca268467d925ec97d20641bb054fd944c0abb2f92854171620706bbe6474e7c?s=96&d=mm&r=g\",\"caption\":\"lifefm\"}}]}<\/script>\n<!-- \/ Yoast SEO plugin. -->","yoast_head_json":{"title":"Carro de Junqueir\u00f3polis \u00e9 alvejado por tiros no Paran\u00e1 e dois homens morrem - R\u00e1dio Life FM","robots":{"index":"index","follow":"follow","max-snippet":"max-snippet:-1","max-image-preview":"max-image-preview:large","max-video-preview":"max-video-preview:-1"},"canonical":"https:\/\/radiolifefm.com.br\/noticias\/carro-de-junqueiropolis-e-alvejado-por-tiros-no-parana-e-dois-homens-morrem\/","og_locale":"pt_BR","og_type":"article","og_title":"Carro de Junqueir\u00f3polis \u00e9 alvejado por tiros no Paran\u00e1 e dois homens morrem - R\u00e1dio Life FM","og_description":"Dois ocupantes do ve\u00edculo foram atingidos por disparos e morreram A Pol\u00edcia Militar de Loanda (PR), informou que um ve\u00edculo Cobalt, com placas de Junqueir\u00f3polis, foi alvejado por v\u00e1rios tiros no in\u00edcio da tarde desta quarta-feira, 5, na cidade de Santa Cruz de Monte Castelo (PR). Os dois ocupantes do ve\u00edculo, segundo a PM, est\u00e3o [&hellip;]","og_url":"https:\/\/radiolifefm.com.br\/noticias\/carro-de-junqueiropolis-e-alvejado-por-tiros-no-parana-e-dois-homens-morrem\/","og_site_name":"R\u00e1dio Life FM","article_publisher":"https:\/\/www.facebook.com\/radiolifefm\/","article_published_time":"2019-06-05T22:31:25+00:00","article_modified_time":"2026-04-25T05:25:30+00:00","og_image":[{"width":1032,"height":581,"url":"https:\/\/radiolifefm.com.br\/noticias\/wp-content\/uploads\/2019\/06\/Carro-tiros-Junqueir\u00f3polis.jpg","type":"image\/jpeg"}],"author":"lifefm","twitter_card":"summary_large_image","twitter_misc":{"Escrito por":"lifefm","Est. tempo de leitura":"1 minuto"},"schema":{"@context":"https:\/\/schema.org","@graph":[{"@type":"Article","@id":"https:\/\/radiolifefm.com.br\/noticias\/carro-de-junqueiropolis-e-alvejado-por-tiros-no-parana-e-dois-homens-morrem\/#article","isPartOf":{"@id":"https:\/\/radiolifefm.com.br\/noticias\/carro-de-junqueiropolis-e-alvejado-por-tiros-no-parana-e-dois-homens-morrem\/"},"author":{"name":"lifefm","@id":"https:\/\/radiolifefm.com.br\/noticias\/#\/schema\/person\/1d4e4b1301322090c6221bf1c8420490"},"headline":"Carro de Junqueir\u00f3polis \u00e9 alvejado por tiros no Paran\u00e1 e dois homens morrem","datePublished":"2019-06-05T22:31:25+00:00","dateModified":"2026-04-25T05:25:30+00:00","mainEntityOfPage":{"@id":"https:\/\/radiolifefm.com.br\/noticias\/carro-de-junqueiropolis-e-alvejado-por-tiros-no-parana-e-dois-homens-morrem\/"},"wordCount":216,"publisher":{"@id":"https:\/\/radiolifefm.com.br\/noticias\/#organization"},"image":{"@id":"https:\/\/radiolifefm.com.br\/noticias\/carro-de-junqueiropolis-e-alvejado-por-tiros-no-parana-e-dois-homens-morrem\/#primaryimage"},"thumbnailUrl":"https:\/\/radiolifefm.com.br\/noticias\/wp-content\/uploads\/2019\/06\/Carro-tiros-Junqueir\u00f3polis.jpg","articleSection":["Regi\u00e3o"],"inLanguage":"pt-BR"},{"@type":"WebPage","@id":"https:\/\/radiolifefm.com.br\/noticias\/carro-de-junqueiropolis-e-alvejado-por-tiros-no-parana-e-dois-homens-morrem\/","url":"https:\/\/radiolifefm.com.br\/noticias\/carro-de-junqueiropolis-e-alvejado-por-tiros-no-parana-e-dois-homens-morrem\/","name":"Carro de Junqueir\u00f3polis \u00e9 alvejado por tiros no Paran\u00e1 e dois homens morrem - R\u00e1dio Life FM","isPartOf":{"@id":"https:\/\/radiolifefm.com.br\/noticias\/#website"},"primaryImageOfPage":{"@id":"https:\/\/radiolifefm.com.br\/noticias\/carro-de-junqueiropolis-e-alvejado-por-tiros-no-parana-e-dois-homens-morrem\/#primaryimage"},"image":{"@id":"https:\/\/radiolifefm.com.br\/noticias\/carro-de-junqueiropolis-e-alvejado-por-tiros-no-parana-e-dois-homens-morrem\/#primaryimage"},"thumbnailUrl":"https:\/\/radiolifefm.com.br\/noticias\/wp-content\/uploads\/2019\/06\/Carro-tiros-Junqueir\u00f3polis.jpg","datePublished":"2019-06-05T22:31:25+00:00","dateModified":"2026-04-25T05:25:30+00:00","breadcrumb":{"@id":"https:\/\/radiolifefm.com.br\/noticias\/carro-de-junqueiropolis-e-alvejado-por-tiros-no-parana-e-dois-homens-morrem\/#breadcrumb"},"inLanguage":"pt-BR","potentialAction":[{"@type":"ReadAction","target":["https:\/\/radiolifefm.com.br\/noticias\/carro-de-junqueiropolis-e-alvejado-por-tiros-no-parana-e-dois-homens-morrem\/"]}]},{"@type":"ImageObject","inLanguage":"pt-BR","@id":"https:\/\/radiolifefm.com.br\/noticias\/carro-de-junqueiropolis-e-alvejado-por-tiros-no-parana-e-dois-homens-morrem\/#primaryimage","url":"https:\/\/radiolifefm.com.br\/noticias\/wp-content\/uploads\/2019\/06\/Carro-tiros-Junqueir\u00f3polis.jpg","contentUrl":"https:\/\/radiolifefm.com.br\/noticias\/wp-content\/uploads\/2019\/06\/Carro-tiros-Junqueir\u00f3polis.jpg","width":1032,"height":581,"caption":"Ve\u00edculo de Junqueir\u00f3polis foi atingido por tiros no Paran\u00e1 e dois ocupantes foram mortos"},{"@type":"BreadcrumbList","@id":"https:\/\/radiolifefm.com.br\/noticias\/carro-de-junqueiropolis-e-alvejado-por-tiros-no-parana-e-dois-homens-morrem\/#breadcrumb","itemListElement":[{"@type":"ListItem","position":1,"name":"In\u00edcio","item":"https:\/\/radiolifefm.com.br\/noticias\/"},{"@type":"ListItem","position":2,"name":"Carro de Junqueir\u00f3polis \u00e9 alvejado por tiros no Paran\u00e1 e dois homens morrem"}]},{"@type":"WebSite","@id":"https:\/\/radiolifefm.com.br\/noticias\/#website","url":"https:\/\/radiolifefm.com.br\/noticias\/","name":"R\u00e1dio Life FM","description":"O Portal de Not\u00edcias de Adamantina","publisher":{"@id":"https:\/\/radiolifefm.com.br\/noticias\/#organization"},"alternateName":"Life FM","potentialAction":[{"@type":"SearchAction","target":{"@type":"EntryPoint","urlTemplate":"https:\/\/radiolifefm.com.br\/noticias\/?s={search_term_string}"},"query-input":{"@type":"PropertyValueSpecification","valueRequired":true,"valueName":"search_term_string"}}],"inLanguage":"pt-BR"},{"@type":"Organization","@id":"https:\/\/radiolifefm.com.br\/noticias\/#organization","name":"R\u00e1dio Life FM","alternateName":"Life FM","url":"https:\/\/radiolifefm.com.br\/noticias\/","logo":{"@type":"ImageObject","inLanguage":"pt-BR","@id":"https:\/\/radiolifefm.com.br\/noticias\/#\/schema\/logo\/image\/","url":"https:\/\/static.radiolifefm.com.br\/noticias\/wp-content\/uploads\/2019\/10\/logo-lifefm.png","contentUrl":"https:\/\/static.radiolifefm.com.br\/noticias\/wp-content\/uploads\/2019\/10\/logo-lifefm.png","width":196,"height":47,"caption":"R\u00e1dio Life FM"},"image":{"@id":"https:\/\/radiolifefm.com.br\/noticias\/#\/schema\/logo\/image\/"},"sameAs":["https:\/\/www.facebook.com\/radiolifefm\/","https:\/\/www.instagram.com\/life1079fm\/"]},{"@type":"Person","@id":"https:\/\/radiolifefm.com.br\/noticias\/#\/schema\/person\/1d4e4b1301322090c6221bf1c8420490","name":"lifefm","image":{"@type":"ImageObject","inLanguage":"pt-BR","@id":"https:\/\/secure.gravatar.com\/avatar\/eca268467d925ec97d20641bb054fd944c0abb2f92854171620706bbe6474e7c?s=96&d=mm&r=g","url":"https:\/\/secure.gravatar.com\/avatar\/eca268467d925ec97d20641bb054fd944c0abb2f92854171620706bbe6474e7c?s=96&d=mm&r=g","contentUrl":"https:\/\/secure.gravatar.com\/avatar\/eca268467d925ec97d20641bb054fd944c0abb2f92854171620706bbe6474e7c?s=96&d=mm&r=g","caption":"lifefm"}}]}},"amp_enabled":true,"_links":{"self":[{"href":"https:\/\/radiolifefm.com.br\/noticias\/wp-json\/wp\/v2\/posts\/13831","targetHints":{"allow":["GET"]}}],"collection":[{"href":"https:\/\/radiolifefm.com.br\/noticias\/wp-json\/wp\/v2\/posts"}],"about":[{"href":"https:\/\/radiolifefm.com.br\/noticias\/wp-json\/wp\/v2\/types\/post"}],"author":[{"embeddable":true,"href":"https:\/\/radiolifefm.com.br\/noticias\/wp-json\/wp\/v2\/users\/3"}],"replies":[{"embeddable":true,"href":"https:\/\/radiolifefm.com.br\/noticias\/wp-json\/wp\/v2\/comments?post=13831"}],"version-history":[{"count":2,"href":"https:\/\/radiolifefm.com.br\/noticias\/wp-json\/wp\/v2\/posts\/13831\/revisions"}],"predecessor-version":[{"id":13834,"href":"https:\/\/radiolifefm.com.br\/noticias\/wp-json\/wp\/v2\/posts\/13831\/revisions\/13834"}],"wp:featuredmedia":[{"embeddable":true,"href":"https:\/\/radiolifefm.com.br\/noticias\/wp-json\/wp\/v2\/media\/13832"}],"wp:attachment":[{"href":"https:\/\/radiolifefm.com.br\/noticias\/wp-json\/wp\/v2\/media?parent=13831"}],"wp:term":[{"taxonomy":"category","embeddable":true,"href":"https:\/\/radiolifefm.com.br\/noticias\/wp-json\/wp\/v2\/categories?post=13831"},{"taxonomy":"post_tag","embeddable":true,"href":"https:\/\/radiolifefm.com.br\/noticias\/wp-json\/wp\/v2\/tags?post=13831"}],"curies":[{"name":"wp","href":"https:\/\/api.w.org\/{rel}","templated":true}]}}