{"id":13771,"date":"2019-06-03T22:42:33","date_gmt":"2019-06-04T01:42:33","guid":{"rendered":"https:\/\/radiolifefm.com.br\/noticias\/?p=13771"},"modified":"2026-04-26T03:56:00","modified_gmt":"2026-04-26T06:56:00","slug":"caminhoneiro-de-presidente-venceslau-morre-apos-o-caminhao-boiadeiro-cair-no-rio-aguapei-nesta-segunda-feira-dia-3","status":"publish","type":"post","link":"https:\/\/radiolifefm.com.br\/noticias\/caminhoneiro-de-presidente-venceslau-morre-apos-o-caminhao-boiadeiro-cair-no-rio-aguapei-nesta-segunda-feira-dia-3\/","title":{"rendered":"Caminhoneiro de Presidente Venceslau morre ap\u00f3s o caminh\u00e3o boiadeiro cair no Rio Aguape\u00ed nesta segunda feira dia 3"},"content":{"rendered":"<div id=\"fb-root\"><\/div>\n<p><em>Acidente deixa um homem morto e dois feridos sob a ponte do Rio Aguape\u00ed<\/em><\/p>\n<p>O venceslauense Jos\u00e9 Gilmar de Menezes morreu na manh\u00e3 desta segunda-feira (03) ap\u00f3s o caminh\u00e3o em que ele dirigia despencar despencar de uma ponte na Rodovia Assis Chateaubriand e cair no Rio Feio, no trecho de Sant\u00f3polis do Aguape\u00ed (SP). Gilmar estava acompanhado de um homem que foi socorrido em estado grave.<\/p>\n<p>A morte de Gilmar foi confirmada pelo filho Jo\u00e3o Marcos Menezes que fez a postagem em uma rede social.<br \/>\nGilmar era conhecido como Matonense.<\/p>\n<p>Segundo informa\u00e7\u00f5es da Pol\u00edcia Rodovi\u00e1ria Estadual, o caminh\u00e3o com placas de Presidente Venceslau, seguia no sentido Ara\u00e7atuba a Presidente Prudente quando o motorista teria perdido o controle ap\u00f3s passar por uma lombada, batido na mureta no sentido contr\u00e1rio da pista e ca\u00eddo no rio.<\/p>\n<p>O caminh\u00e3o era utilizado para transporte de gado, mas no momento da ocorr\u00eancia estava vazio.<\/p>\n<p>A pol\u00edcia disse que chovia na hora. Um dos ocupantes foi retirado da cabine pelo Corpo de Bombeiros, ainda n\u00e3o foi poss\u00edvel confirmar o nome do passageiro e seu estado de sa\u00fade.<\/p>\n<p>Uma das pistas chegou a ficar interditada com o acidente que foi registrado por volta das 06 horas da manh\u00e3 desta segunda feira dia (3).<\/p>\n<div class='flex flex-wrap items-center -mx-1'>\r\n<a class='thumbnail gallery p-1 w-1\/2 md:w-1\/4' href='https:\/\/radiolifefm.com.br\/noticias\/wp-content\/uploads\/2019\/06\/Caminh\u00e3o-na-\u00e1gua.jpg'><img class='border border-white' src='https:\/\/radiolifefm.com.br\/noticias\/wp-content\/uploads\/2019\/06\/Caminh\u00e3o-na-\u00e1gua-200x200.jpg' alt='Caminh\u00e3o Na \u00e1gua' \/><\/a><\/div>\n<p>Informa\u00e7\u00f5es &#8211; Valdecir Luiz de Souza &#8211; Bastos<\/p>\n<p>Reda\u00e7\u00e3o &#8211; Kako de Oliveira<\/p>\n","protected":false},"excerpt":{"rendered":"<p>Acidente deixa um homem morto e dois feridos sob a ponte do Rio Aguape\u00ed O venceslauense Jos\u00e9 Gilmar de Menezes morreu na manh\u00e3 desta segunda-feira (03) ap\u00f3s o caminh\u00e3o em que ele dirigia despencar despencar de uma ponte na Rodovia Assis Chateaubriand e cair no Rio Feio, no trecho de Sant\u00f3polis do Aguape\u00ed (SP). Gilmar [&hellip;]<\/p>\n","protected":false},"author":3,"featured_media":13772,"comment_status":"closed","ping_status":"open","sticky":false,"template":"","format":"standard","meta":{"_acf_changed":false,"_exactmetrics_skip_tracking":false,"_exactmetrics_sitenote_active":false,"_exactmetrics_sitenote_note":"","_exactmetrics_sitenote_category":0,"footnotes":""},"categories":[24],"tags":[],"class_list":["post-13771","post","type-post","status-publish","format-standard","has-post-thumbnail","hentry","category-regiao"],"acf":[],"yoast_head":"<!-- This site is optimized with the Yoast SEO plugin v27.2 - https:\/\/yoast.com\/product\/yoast-seo-wordpress\/ -->\n<title>Caminhoneiro de Presidente Venceslau morre ap\u00f3s o caminh\u00e3o boiadeiro cair no Rio Aguape\u00ed nesta segunda feira dia 3 - R\u00e1dio Life FM<\/title>\n<meta name=\"robots\" content=\"index, follow, max-snippet:-1, max-image-preview:large, max-video-preview:-1\" \/>\n<link rel=\"canonical\" href=\"https:\/\/radiolifefm.com.br\/noticias\/caminhoneiro-de-presidente-venceslau-morre-apos-o-caminhao-boiadeiro-cair-no-rio-aguapei-nesta-segunda-feira-dia-3\/\" \/>\n<meta property=\"og:locale\" content=\"pt_BR\" \/>\n<meta property=\"og:type\" content=\"article\" \/>\n<meta property=\"og:title\" content=\"Caminhoneiro de Presidente Venceslau morre ap\u00f3s o caminh\u00e3o boiadeiro cair no Rio Aguape\u00ed nesta segunda feira dia 3 - R\u00e1dio Life FM\" \/>\n<meta property=\"og:description\" content=\"Acidente deixa um homem morto e dois feridos sob a ponte do Rio Aguape\u00ed O venceslauense Jos\u00e9 Gilmar de Menezes morreu na manh\u00e3 desta segunda-feira (03) ap\u00f3s o caminh\u00e3o em que ele dirigia despencar despencar de uma ponte na Rodovia Assis Chateaubriand e cair no Rio Feio, no trecho de Sant\u00f3polis do Aguape\u00ed (SP). Gilmar [&hellip;]\" \/>\n<meta property=\"og:url\" content=\"https:\/\/radiolifefm.com.br\/noticias\/caminhoneiro-de-presidente-venceslau-morre-apos-o-caminhao-boiadeiro-cair-no-rio-aguapei-nesta-segunda-feira-dia-3\/\" \/>\n<meta property=\"og:site_name\" content=\"R\u00e1dio Life FM\" \/>\n<meta property=\"article:publisher\" content=\"https:\/\/www.facebook.com\/radiolifefm\/\" \/>\n<meta property=\"article:published_time\" content=\"2019-06-04T01:42:33+00:00\" \/>\n<meta property=\"article:modified_time\" content=\"2026-04-26T06:56:00+00:00\" \/>\n<meta property=\"og:image\" content=\"https:\/\/radiolifefm.com.br\/noticias\/wp-content\/uploads\/2019\/06\/Caminhoneiro.jpg\" \/>\n\t<meta property=\"og:image:width\" content=\"367\" \/>\n\t<meta property=\"og:image:height\" content=\"323\" \/>\n\t<meta property=\"og:image:type\" content=\"image\/jpeg\" \/>\n<meta name=\"author\" content=\"lifefm\" \/>\n<meta name=\"twitter:card\" content=\"summary_large_image\" \/>\n<meta name=\"twitter:label1\" content=\"Escrito por\" \/>\n\t<meta name=\"twitter:data1\" content=\"lifefm\" \/>\n\t<meta name=\"twitter:label2\" content=\"Est. tempo de leitura\" \/>\n\t<meta name=\"twitter:data2\" content=\"1 minuto\" \/>\n<script type=\"application\/ld+json\" class=\"yoast-schema-graph\">{\"@context\":\"https:\/\/schema.org\",\"@graph\":[{\"@type\":\"Article\",\"@id\":\"https:\/\/radiolifefm.com.br\/noticias\/caminhoneiro-de-presidente-venceslau-morre-apos-o-caminhao-boiadeiro-cair-no-rio-aguapei-nesta-segunda-feira-dia-3\/#article\",\"isPartOf\":{\"@id\":\"https:\/\/radiolifefm.com.br\/noticias\/caminhoneiro-de-presidente-venceslau-morre-apos-o-caminhao-boiadeiro-cair-no-rio-aguapei-nesta-segunda-feira-dia-3\/\"},\"author\":{\"name\":\"lifefm\",\"@id\":\"https:\/\/radiolifefm.com.br\/noticias\/#\/schema\/person\/1d4e4b1301322090c6221bf1c8420490\"},\"headline\":\"Caminhoneiro de Presidente Venceslau morre ap\u00f3s o caminh\u00e3o boiadeiro cair no Rio Aguape\u00ed nesta segunda feira dia 3\",\"datePublished\":\"2019-06-04T01:42:33+00:00\",\"dateModified\":\"2026-04-26T06:56:00+00:00\",\"mainEntityOfPage\":{\"@id\":\"https:\/\/radiolifefm.com.br\/noticias\/caminhoneiro-de-presidente-venceslau-morre-apos-o-caminhao-boiadeiro-cair-no-rio-aguapei-nesta-segunda-feira-dia-3\/\"},\"wordCount\":257,\"publisher\":{\"@id\":\"https:\/\/radiolifefm.com.br\/noticias\/#organization\"},\"image\":{\"@id\":\"https:\/\/radiolifefm.com.br\/noticias\/caminhoneiro-de-presidente-venceslau-morre-apos-o-caminhao-boiadeiro-cair-no-rio-aguapei-nesta-segunda-feira-dia-3\/#primaryimage\"},\"thumbnailUrl\":\"https:\/\/radiolifefm.com.br\/noticias\/wp-content\/uploads\/2019\/06\/Caminhoneiro.jpg\",\"articleSection\":[\"Regi\u00e3o\"],\"inLanguage\":\"pt-BR\"},{\"@type\":\"WebPage\",\"@id\":\"https:\/\/radiolifefm.com.br\/noticias\/caminhoneiro-de-presidente-venceslau-morre-apos-o-caminhao-boiadeiro-cair-no-rio-aguapei-nesta-segunda-feira-dia-3\/\",\"url\":\"https:\/\/radiolifefm.com.br\/noticias\/caminhoneiro-de-presidente-venceslau-morre-apos-o-caminhao-boiadeiro-cair-no-rio-aguapei-nesta-segunda-feira-dia-3\/\",\"name\":\"Caminhoneiro de Presidente Venceslau morre ap\u00f3s o caminh\u00e3o boiadeiro cair no Rio Aguape\u00ed nesta segunda feira dia 3 - R\u00e1dio Life FM\",\"isPartOf\":{\"@id\":\"https:\/\/radiolifefm.com.br\/noticias\/#website\"},\"primaryImageOfPage\":{\"@id\":\"https:\/\/radiolifefm.com.br\/noticias\/caminhoneiro-de-presidente-venceslau-morre-apos-o-caminhao-boiadeiro-cair-no-rio-aguapei-nesta-segunda-feira-dia-3\/#primaryimage\"},\"image\":{\"@id\":\"https:\/\/radiolifefm.com.br\/noticias\/caminhoneiro-de-presidente-venceslau-morre-apos-o-caminhao-boiadeiro-cair-no-rio-aguapei-nesta-segunda-feira-dia-3\/#primaryimage\"},\"thumbnailUrl\":\"https:\/\/radiolifefm.com.br\/noticias\/wp-content\/uploads\/2019\/06\/Caminhoneiro.jpg\",\"datePublished\":\"2019-06-04T01:42:33+00:00\",\"dateModified\":\"2026-04-26T06:56:00+00:00\",\"breadcrumb\":{\"@id\":\"https:\/\/radiolifefm.com.br\/noticias\/caminhoneiro-de-presidente-venceslau-morre-apos-o-caminhao-boiadeiro-cair-no-rio-aguapei-nesta-segunda-feira-dia-3\/#breadcrumb\"},\"inLanguage\":\"pt-BR\",\"potentialAction\":[{\"@type\":\"ReadAction\",\"target\":[\"https:\/\/radiolifefm.com.br\/noticias\/caminhoneiro-de-presidente-venceslau-morre-apos-o-caminhao-boiadeiro-cair-no-rio-aguapei-nesta-segunda-feira-dia-3\/\"]}]},{\"@type\":\"ImageObject\",\"inLanguage\":\"pt-BR\",\"@id\":\"https:\/\/radiolifefm.com.br\/noticias\/caminhoneiro-de-presidente-venceslau-morre-apos-o-caminhao-boiadeiro-cair-no-rio-aguapei-nesta-segunda-feira-dia-3\/#primaryimage\",\"url\":\"https:\/\/radiolifefm.com.br\/noticias\/wp-content\/uploads\/2019\/06\/Caminhoneiro.jpg\",\"contentUrl\":\"https:\/\/radiolifefm.com.br\/noticias\/wp-content\/uploads\/2019\/06\/Caminhoneiro.jpg\",\"width\":367,\"height\":323,\"caption\":\"O venceslauense Jos\u00e9 Gilmar de Menezes morreu na manh\u00e3 desta segunda-feira (03)\"},{\"@type\":\"BreadcrumbList\",\"@id\":\"https:\/\/radiolifefm.com.br\/noticias\/caminhoneiro-de-presidente-venceslau-morre-apos-o-caminhao-boiadeiro-cair-no-rio-aguapei-nesta-segunda-feira-dia-3\/#breadcrumb\",\"itemListElement\":[{\"@type\":\"ListItem\",\"position\":1,\"name\":\"In\u00edcio\",\"item\":\"https:\/\/radiolifefm.com.br\/noticias\/\"},{\"@type\":\"ListItem\",\"position\":2,\"name\":\"Caminhoneiro de Presidente Venceslau morre ap\u00f3s o caminh\u00e3o boiadeiro cair no Rio Aguape\u00ed nesta segunda feira dia 3\"}]},{\"@type\":\"WebSite\",\"@id\":\"https:\/\/radiolifefm.com.br\/noticias\/#website\",\"url\":\"https:\/\/radiolifefm.com.br\/noticias\/\",\"name\":\"R\u00e1dio Life FM\",\"description\":\"O Portal de Not\u00edcias de Adamantina\",\"publisher\":{\"@id\":\"https:\/\/radiolifefm.com.br\/noticias\/#organization\"},\"alternateName\":\"Life FM\",\"potentialAction\":[{\"@type\":\"SearchAction\",\"target\":{\"@type\":\"EntryPoint\",\"urlTemplate\":\"https:\/\/radiolifefm.com.br\/noticias\/?s={search_term_string}\"},\"query-input\":{\"@type\":\"PropertyValueSpecification\",\"valueRequired\":true,\"valueName\":\"search_term_string\"}}],\"inLanguage\":\"pt-BR\"},{\"@type\":\"Organization\",\"@id\":\"https:\/\/radiolifefm.com.br\/noticias\/#organization\",\"name\":\"R\u00e1dio Life FM\",\"alternateName\":\"Life FM\",\"url\":\"https:\/\/radiolifefm.com.br\/noticias\/\",\"logo\":{\"@type\":\"ImageObject\",\"inLanguage\":\"pt-BR\",\"@id\":\"https:\/\/radiolifefm.com.br\/noticias\/#\/schema\/logo\/image\/\",\"url\":\"https:\/\/static.radiolifefm.com.br\/noticias\/wp-content\/uploads\/2019\/10\/logo-lifefm.png\",\"contentUrl\":\"https:\/\/static.radiolifefm.com.br\/noticias\/wp-content\/uploads\/2019\/10\/logo-lifefm.png\",\"width\":196,\"height\":47,\"caption\":\"R\u00e1dio Life FM\"},\"image\":{\"@id\":\"https:\/\/radiolifefm.com.br\/noticias\/#\/schema\/logo\/image\/\"},\"sameAs\":[\"https:\/\/www.facebook.com\/radiolifefm\/\",\"https:\/\/www.instagram.com\/life1079fm\/\"]},{\"@type\":\"Person\",\"@id\":\"https:\/\/radiolifefm.com.br\/noticias\/#\/schema\/person\/1d4e4b1301322090c6221bf1c8420490\",\"name\":\"lifefm\",\"image\":{\"@type\":\"ImageObject\",\"inLanguage\":\"pt-BR\",\"@id\":\"https:\/\/secure.gravatar.com\/avatar\/eca268467d925ec97d20641bb054fd944c0abb2f92854171620706bbe6474e7c?s=96&d=mm&r=g\",\"url\":\"https:\/\/secure.gravatar.com\/avatar\/eca268467d925ec97d20641bb054fd944c0abb2f92854171620706bbe6474e7c?s=96&d=mm&r=g\",\"contentUrl\":\"https:\/\/secure.gravatar.com\/avatar\/eca268467d925ec97d20641bb054fd944c0abb2f92854171620706bbe6474e7c?s=96&d=mm&r=g\",\"caption\":\"lifefm\"}}]}<\/script>\n<!-- \/ Yoast SEO plugin. -->","yoast_head_json":{"title":"Caminhoneiro de Presidente Venceslau morre ap\u00f3s o caminh\u00e3o boiadeiro cair no Rio Aguape\u00ed nesta segunda feira dia 3 - R\u00e1dio Life FM","robots":{"index":"index","follow":"follow","max-snippet":"max-snippet:-1","max-image-preview":"max-image-preview:large","max-video-preview":"max-video-preview:-1"},"canonical":"https:\/\/radiolifefm.com.br\/noticias\/caminhoneiro-de-presidente-venceslau-morre-apos-o-caminhao-boiadeiro-cair-no-rio-aguapei-nesta-segunda-feira-dia-3\/","og_locale":"pt_BR","og_type":"article","og_title":"Caminhoneiro de Presidente Venceslau morre ap\u00f3s o caminh\u00e3o boiadeiro cair no Rio Aguape\u00ed nesta segunda feira dia 3 - R\u00e1dio Life FM","og_description":"Acidente deixa um homem morto e dois feridos sob a ponte do Rio Aguape\u00ed O venceslauense Jos\u00e9 Gilmar de Menezes morreu na manh\u00e3 desta segunda-feira (03) ap\u00f3s o caminh\u00e3o em que ele dirigia despencar despencar de uma ponte na Rodovia Assis Chateaubriand e cair no Rio Feio, no trecho de Sant\u00f3polis do Aguape\u00ed (SP). Gilmar [&hellip;]","og_url":"https:\/\/radiolifefm.com.br\/noticias\/caminhoneiro-de-presidente-venceslau-morre-apos-o-caminhao-boiadeiro-cair-no-rio-aguapei-nesta-segunda-feira-dia-3\/","og_site_name":"R\u00e1dio Life FM","article_publisher":"https:\/\/www.facebook.com\/radiolifefm\/","article_published_time":"2019-06-04T01:42:33+00:00","article_modified_time":"2026-04-26T06:56:00+00:00","og_image":[{"width":367,"height":323,"url":"https:\/\/radiolifefm.com.br\/noticias\/wp-content\/uploads\/2019\/06\/Caminhoneiro.jpg","type":"image\/jpeg"}],"author":"lifefm","twitter_card":"summary_large_image","twitter_misc":{"Escrito por":"lifefm","Est. tempo de leitura":"1 minuto"},"schema":{"@context":"https:\/\/schema.org","@graph":[{"@type":"Article","@id":"https:\/\/radiolifefm.com.br\/noticias\/caminhoneiro-de-presidente-venceslau-morre-apos-o-caminhao-boiadeiro-cair-no-rio-aguapei-nesta-segunda-feira-dia-3\/#article","isPartOf":{"@id":"https:\/\/radiolifefm.com.br\/noticias\/caminhoneiro-de-presidente-venceslau-morre-apos-o-caminhao-boiadeiro-cair-no-rio-aguapei-nesta-segunda-feira-dia-3\/"},"author":{"name":"lifefm","@id":"https:\/\/radiolifefm.com.br\/noticias\/#\/schema\/person\/1d4e4b1301322090c6221bf1c8420490"},"headline":"Caminhoneiro de Presidente Venceslau morre ap\u00f3s o caminh\u00e3o boiadeiro cair no Rio Aguape\u00ed nesta segunda feira dia 3","datePublished":"2019-06-04T01:42:33+00:00","dateModified":"2026-04-26T06:56:00+00:00","mainEntityOfPage":{"@id":"https:\/\/radiolifefm.com.br\/noticias\/caminhoneiro-de-presidente-venceslau-morre-apos-o-caminhao-boiadeiro-cair-no-rio-aguapei-nesta-segunda-feira-dia-3\/"},"wordCount":257,"publisher":{"@id":"https:\/\/radiolifefm.com.br\/noticias\/#organization"},"image":{"@id":"https:\/\/radiolifefm.com.br\/noticias\/caminhoneiro-de-presidente-venceslau-morre-apos-o-caminhao-boiadeiro-cair-no-rio-aguapei-nesta-segunda-feira-dia-3\/#primaryimage"},"thumbnailUrl":"https:\/\/radiolifefm.com.br\/noticias\/wp-content\/uploads\/2019\/06\/Caminhoneiro.jpg","articleSection":["Regi\u00e3o"],"inLanguage":"pt-BR"},{"@type":"WebPage","@id":"https:\/\/radiolifefm.com.br\/noticias\/caminhoneiro-de-presidente-venceslau-morre-apos-o-caminhao-boiadeiro-cair-no-rio-aguapei-nesta-segunda-feira-dia-3\/","url":"https:\/\/radiolifefm.com.br\/noticias\/caminhoneiro-de-presidente-venceslau-morre-apos-o-caminhao-boiadeiro-cair-no-rio-aguapei-nesta-segunda-feira-dia-3\/","name":"Caminhoneiro de Presidente Venceslau morre ap\u00f3s o caminh\u00e3o boiadeiro cair no Rio Aguape\u00ed nesta segunda feira dia 3 - R\u00e1dio Life FM","isPartOf":{"@id":"https:\/\/radiolifefm.com.br\/noticias\/#website"},"primaryImageOfPage":{"@id":"https:\/\/radiolifefm.com.br\/noticias\/caminhoneiro-de-presidente-venceslau-morre-apos-o-caminhao-boiadeiro-cair-no-rio-aguapei-nesta-segunda-feira-dia-3\/#primaryimage"},"image":{"@id":"https:\/\/radiolifefm.com.br\/noticias\/caminhoneiro-de-presidente-venceslau-morre-apos-o-caminhao-boiadeiro-cair-no-rio-aguapei-nesta-segunda-feira-dia-3\/#primaryimage"},"thumbnailUrl":"https:\/\/radiolifefm.com.br\/noticias\/wp-content\/uploads\/2019\/06\/Caminhoneiro.jpg","datePublished":"2019-06-04T01:42:33+00:00","dateModified":"2026-04-26T06:56:00+00:00","breadcrumb":{"@id":"https:\/\/radiolifefm.com.br\/noticias\/caminhoneiro-de-presidente-venceslau-morre-apos-o-caminhao-boiadeiro-cair-no-rio-aguapei-nesta-segunda-feira-dia-3\/#breadcrumb"},"inLanguage":"pt-BR","potentialAction":[{"@type":"ReadAction","target":["https:\/\/radiolifefm.com.br\/noticias\/caminhoneiro-de-presidente-venceslau-morre-apos-o-caminhao-boiadeiro-cair-no-rio-aguapei-nesta-segunda-feira-dia-3\/"]}]},{"@type":"ImageObject","inLanguage":"pt-BR","@id":"https:\/\/radiolifefm.com.br\/noticias\/caminhoneiro-de-presidente-venceslau-morre-apos-o-caminhao-boiadeiro-cair-no-rio-aguapei-nesta-segunda-feira-dia-3\/#primaryimage","url":"https:\/\/radiolifefm.com.br\/noticias\/wp-content\/uploads\/2019\/06\/Caminhoneiro.jpg","contentUrl":"https:\/\/radiolifefm.com.br\/noticias\/wp-content\/uploads\/2019\/06\/Caminhoneiro.jpg","width":367,"height":323,"caption":"O venceslauense Jos\u00e9 Gilmar de Menezes morreu na manh\u00e3 desta segunda-feira (03)"},{"@type":"BreadcrumbList","@id":"https:\/\/radiolifefm.com.br\/noticias\/caminhoneiro-de-presidente-venceslau-morre-apos-o-caminhao-boiadeiro-cair-no-rio-aguapei-nesta-segunda-feira-dia-3\/#breadcrumb","itemListElement":[{"@type":"ListItem","position":1,"name":"In\u00edcio","item":"https:\/\/radiolifefm.com.br\/noticias\/"},{"@type":"ListItem","position":2,"name":"Caminhoneiro de Presidente Venceslau morre ap\u00f3s o caminh\u00e3o boiadeiro cair no Rio Aguape\u00ed nesta segunda feira dia 3"}]},{"@type":"WebSite","@id":"https:\/\/radiolifefm.com.br\/noticias\/#website","url":"https:\/\/radiolifefm.com.br\/noticias\/","name":"R\u00e1dio Life FM","description":"O Portal de Not\u00edcias de Adamantina","publisher":{"@id":"https:\/\/radiolifefm.com.br\/noticias\/#organization"},"alternateName":"Life FM","potentialAction":[{"@type":"SearchAction","target":{"@type":"EntryPoint","urlTemplate":"https:\/\/radiolifefm.com.br\/noticias\/?s={search_term_string}"},"query-input":{"@type":"PropertyValueSpecification","valueRequired":true,"valueName":"search_term_string"}}],"inLanguage":"pt-BR"},{"@type":"Organization","@id":"https:\/\/radiolifefm.com.br\/noticias\/#organization","name":"R\u00e1dio Life FM","alternateName":"Life FM","url":"https:\/\/radiolifefm.com.br\/noticias\/","logo":{"@type":"ImageObject","inLanguage":"pt-BR","@id":"https:\/\/radiolifefm.com.br\/noticias\/#\/schema\/logo\/image\/","url":"https:\/\/static.radiolifefm.com.br\/noticias\/wp-content\/uploads\/2019\/10\/logo-lifefm.png","contentUrl":"https:\/\/static.radiolifefm.com.br\/noticias\/wp-content\/uploads\/2019\/10\/logo-lifefm.png","width":196,"height":47,"caption":"R\u00e1dio Life FM"},"image":{"@id":"https:\/\/radiolifefm.com.br\/noticias\/#\/schema\/logo\/image\/"},"sameAs":["https:\/\/www.facebook.com\/radiolifefm\/","https:\/\/www.instagram.com\/life1079fm\/"]},{"@type":"Person","@id":"https:\/\/radiolifefm.com.br\/noticias\/#\/schema\/person\/1d4e4b1301322090c6221bf1c8420490","name":"lifefm","image":{"@type":"ImageObject","inLanguage":"pt-BR","@id":"https:\/\/secure.gravatar.com\/avatar\/eca268467d925ec97d20641bb054fd944c0abb2f92854171620706bbe6474e7c?s=96&d=mm&r=g","url":"https:\/\/secure.gravatar.com\/avatar\/eca268467d925ec97d20641bb054fd944c0abb2f92854171620706bbe6474e7c?s=96&d=mm&r=g","contentUrl":"https:\/\/secure.gravatar.com\/avatar\/eca268467d925ec97d20641bb054fd944c0abb2f92854171620706bbe6474e7c?s=96&d=mm&r=g","caption":"lifefm"}}]}},"amp_enabled":true,"_links":{"self":[{"href":"https:\/\/radiolifefm.com.br\/noticias\/wp-json\/wp\/v2\/posts\/13771","targetHints":{"allow":["GET"]}}],"collection":[{"href":"https:\/\/radiolifefm.com.br\/noticias\/wp-json\/wp\/v2\/posts"}],"about":[{"href":"https:\/\/radiolifefm.com.br\/noticias\/wp-json\/wp\/v2\/types\/post"}],"author":[{"embeddable":true,"href":"https:\/\/radiolifefm.com.br\/noticias\/wp-json\/wp\/v2\/users\/3"}],"replies":[{"embeddable":true,"href":"https:\/\/radiolifefm.com.br\/noticias\/wp-json\/wp\/v2\/comments?post=13771"}],"version-history":[{"count":1,"href":"https:\/\/radiolifefm.com.br\/noticias\/wp-json\/wp\/v2\/posts\/13771\/revisions"}],"predecessor-version":[{"id":13774,"href":"https:\/\/radiolifefm.com.br\/noticias\/wp-json\/wp\/v2\/posts\/13771\/revisions\/13774"}],"wp:featuredmedia":[{"embeddable":true,"href":"https:\/\/radiolifefm.com.br\/noticias\/wp-json\/wp\/v2\/media\/13772"}],"wp:attachment":[{"href":"https:\/\/radiolifefm.com.br\/noticias\/wp-json\/wp\/v2\/media?parent=13771"}],"wp:term":[{"taxonomy":"category","embeddable":true,"href":"https:\/\/radiolifefm.com.br\/noticias\/wp-json\/wp\/v2\/categories?post=13771"},{"taxonomy":"post_tag","embeddable":true,"href":"https:\/\/radiolifefm.com.br\/noticias\/wp-json\/wp\/v2\/tags?post=13771"}],"curies":[{"name":"wp","href":"https:\/\/api.w.org\/{rel}","templated":true}]}}