{"id":13541,"date":"2019-05-27T22:44:28","date_gmt":"2019-05-28T01:44:28","guid":{"rendered":"https:\/\/radiolifefm.com.br\/noticias\/?p=13541"},"modified":"2026-04-22T00:10:36","modified_gmt":"2026-04-22T03:10:36","slug":"carro-desgovernado-avanca-sobre-passarela-em-viaduto-na-sp-294","status":"publish","type":"post","link":"https:\/\/radiolifefm.com.br\/noticias\/carro-desgovernado-avanca-sobre-passarela-em-viaduto-na-sp-294\/","title":{"rendered":"Carro desgovernado avan\u00e7a sobre passarela em viaduto na SP-294"},"content":{"rendered":"<div id=\"fb-root\"><\/div>\n<p>Na noite deste domingo (26), um ve\u00edculo GM Celta transitava pela Avenida Washington Luiz, em Dracena, sentido centro \u00e0 Rodovia Comandante Jo\u00e3o Ribeiro de Barros, quando, ao se aproximar do viaduto que atravessa a pista, o motorista perdeu o controle de dire\u00e7\u00e3o do carro, que avan\u00e7ou sobre a passarela, anexa \u00e0 estrutura.<\/p>\n<p>Segundo o site Jorge Zanoni, o carro era dirigido por uma mulher de 32 anos. Por pouco o ve\u00edculo n\u00e3o caiu sobre a pista, o que poderia ter provocado uma trag\u00e9dia ainda maior.<\/p>\n<p>A mulher, que estava sozinha no ve\u00edculo, foi socorrida pela Unidade de Resgate do Corpo de Bombeiros inconsciente e com ferimentos aparentemente leves, sendo levada ao Pronto Atendimento Municipal.<\/p>\n<p>As Pol\u00edcias, Militar, Rodovi\u00e1ria e T\u00e9cnica, compareceram ao local. As causas do acidente ser\u00e3o apuradas.<\/p>\n<div class='flex flex-wrap items-center -mx-1'>\r\n<a class='thumbnail gallery p-1 w-1\/2 md:w-1\/4' href='https:\/\/radiolifefm.com.br\/noticias\/wp-content\/uploads\/2019\/05\/Carro-desgovernado-1.jpg'><img class='border border-white' src='https:\/\/radiolifefm.com.br\/noticias\/wp-content\/uploads\/2019\/05\/Carro-desgovernado-1-200x200.jpg' alt='Carro Desgovernado   1' \/><\/a><a class='thumbnail gallery p-1 w-1\/2 md:w-1\/4' href='https:\/\/radiolifefm.com.br\/noticias\/wp-content\/uploads\/2019\/05\/Carro-desgovernado.jpg'><img class='border border-white' src='https:\/\/radiolifefm.com.br\/noticias\/wp-content\/uploads\/2019\/05\/Carro-desgovernado-200x200.jpg' alt='Carro Desgovernado' \/><\/a><\/div>\n<p>Fonte: Sigamais _ Fotos: Jorge Zanoni<\/p>\n<p>Reda\u00e7\u00e3o &#8211; Kako de Oliveira<\/p>\n","protected":false},"excerpt":{"rendered":"<p>Na noite deste domingo (26), um ve\u00edculo GM Celta transitava pela Avenida Washington Luiz, em Dracena, sentido centro \u00e0 Rodovia Comandante Jo\u00e3o Ribeiro de Barros, quando, ao se aproximar do viaduto que atravessa a pista, o motorista perdeu o controle de dire\u00e7\u00e3o do carro, que avan\u00e7ou sobre a passarela, anexa \u00e0 estrutura. Segundo o site [&hellip;]<\/p>\n","protected":false},"author":3,"featured_media":13542,"comment_status":"open","ping_status":"open","sticky":false,"template":"","format":"standard","meta":{"_acf_changed":false,"_exactmetrics_skip_tracking":false,"_exactmetrics_sitenote_active":false,"_exactmetrics_sitenote_note":"","_exactmetrics_sitenote_category":0,"footnotes":""},"categories":[24],"tags":[],"class_list":["post-13541","post","type-post","status-publish","format-standard","has-post-thumbnail","hentry","category-regiao"],"acf":[],"yoast_head":"<!-- This site is optimized with the Yoast SEO plugin v27.2 - https:\/\/yoast.com\/product\/yoast-seo-wordpress\/ -->\n<title>Carro desgovernado avan\u00e7a sobre passarela em viaduto na SP-294 - R\u00e1dio Life FM<\/title>\n<meta name=\"robots\" content=\"index, follow, max-snippet:-1, max-image-preview:large, max-video-preview:-1\" \/>\n<link rel=\"canonical\" href=\"https:\/\/radiolifefm.com.br\/noticias\/carro-desgovernado-avanca-sobre-passarela-em-viaduto-na-sp-294\/\" \/>\n<meta property=\"og:locale\" content=\"pt_BR\" \/>\n<meta property=\"og:type\" content=\"article\" \/>\n<meta property=\"og:title\" content=\"Carro desgovernado avan\u00e7a sobre passarela em viaduto na SP-294 - R\u00e1dio Life FM\" \/>\n<meta property=\"og:description\" content=\"Na noite deste domingo (26), um ve\u00edculo GM Celta transitava pela Avenida Washington Luiz, em Dracena, sentido centro \u00e0 Rodovia Comandante Jo\u00e3o Ribeiro de Barros, quando, ao se aproximar do viaduto que atravessa a pista, o motorista perdeu o controle de dire\u00e7\u00e3o do carro, que avan\u00e7ou sobre a passarela, anexa \u00e0 estrutura. Segundo o site [&hellip;]\" \/>\n<meta property=\"og:url\" content=\"https:\/\/radiolifefm.com.br\/noticias\/carro-desgovernado-avanca-sobre-passarela-em-viaduto-na-sp-294\/\" \/>\n<meta property=\"og:site_name\" content=\"R\u00e1dio Life FM\" \/>\n<meta property=\"article:publisher\" content=\"https:\/\/www.facebook.com\/radiolifefm\/\" \/>\n<meta property=\"article:published_time\" content=\"2019-05-28T01:44:28+00:00\" \/>\n<meta property=\"article:modified_time\" content=\"2026-04-22T03:10:36+00:00\" \/>\n<meta property=\"og:image\" content=\"https:\/\/radiolifefm.com.br\/noticias\/wp-content\/uploads\/2019\/05\/Carro-desgovernado.jpg\" \/>\n\t<meta property=\"og:image:width\" content=\"540\" \/>\n\t<meta property=\"og:image:height\" content=\"316\" \/>\n\t<meta property=\"og:image:type\" content=\"image\/jpeg\" \/>\n<meta name=\"author\" content=\"lifefm\" \/>\n<meta name=\"twitter:card\" content=\"summary_large_image\" \/>\n<meta name=\"twitter:label1\" content=\"Escrito por\" \/>\n\t<meta name=\"twitter:data1\" content=\"lifefm\" \/>\n\t<meta name=\"twitter:label2\" content=\"Est. tempo de leitura\" \/>\n\t<meta name=\"twitter:data2\" content=\"1 minuto\" \/>\n<script type=\"application\/ld+json\" class=\"yoast-schema-graph\">{\"@context\":\"https:\/\/schema.org\",\"@graph\":[{\"@type\":\"Article\",\"@id\":\"https:\/\/radiolifefm.com.br\/noticias\/carro-desgovernado-avanca-sobre-passarela-em-viaduto-na-sp-294\/#article\",\"isPartOf\":{\"@id\":\"https:\/\/radiolifefm.com.br\/noticias\/carro-desgovernado-avanca-sobre-passarela-em-viaduto-na-sp-294\/\"},\"author\":{\"name\":\"lifefm\",\"@id\":\"https:\/\/radiolifefm.com.br\/noticias\/#\/schema\/person\/1d4e4b1301322090c6221bf1c8420490\"},\"headline\":\"Carro desgovernado avan\u00e7a sobre passarela em viaduto na SP-294\",\"datePublished\":\"2019-05-28T01:44:28+00:00\",\"dateModified\":\"2026-04-22T03:10:36+00:00\",\"mainEntityOfPage\":{\"@id\":\"https:\/\/radiolifefm.com.br\/noticias\/carro-desgovernado-avanca-sobre-passarela-em-viaduto-na-sp-294\/\"},\"wordCount\":160,\"commentCount\":0,\"publisher\":{\"@id\":\"https:\/\/radiolifefm.com.br\/noticias\/#organization\"},\"image\":{\"@id\":\"https:\/\/radiolifefm.com.br\/noticias\/carro-desgovernado-avanca-sobre-passarela-em-viaduto-na-sp-294\/#primaryimage\"},\"thumbnailUrl\":\"https:\/\/radiolifefm.com.br\/noticias\/wp-content\/uploads\/2019\/05\/Carro-desgovernado.jpg\",\"articleSection\":[\"Regi\u00e3o\"],\"inLanguage\":\"pt-BR\",\"potentialAction\":[{\"@type\":\"CommentAction\",\"name\":\"Comment\",\"target\":[\"https:\/\/radiolifefm.com.br\/noticias\/carro-desgovernado-avanca-sobre-passarela-em-viaduto-na-sp-294\/#respond\"]}]},{\"@type\":\"WebPage\",\"@id\":\"https:\/\/radiolifefm.com.br\/noticias\/carro-desgovernado-avanca-sobre-passarela-em-viaduto-na-sp-294\/\",\"url\":\"https:\/\/radiolifefm.com.br\/noticias\/carro-desgovernado-avanca-sobre-passarela-em-viaduto-na-sp-294\/\",\"name\":\"Carro desgovernado avan\u00e7a sobre passarela em viaduto na SP-294 - R\u00e1dio Life FM\",\"isPartOf\":{\"@id\":\"https:\/\/radiolifefm.com.br\/noticias\/#website\"},\"primaryImageOfPage\":{\"@id\":\"https:\/\/radiolifefm.com.br\/noticias\/carro-desgovernado-avanca-sobre-passarela-em-viaduto-na-sp-294\/#primaryimage\"},\"image\":{\"@id\":\"https:\/\/radiolifefm.com.br\/noticias\/carro-desgovernado-avanca-sobre-passarela-em-viaduto-na-sp-294\/#primaryimage\"},\"thumbnailUrl\":\"https:\/\/radiolifefm.com.br\/noticias\/wp-content\/uploads\/2019\/05\/Carro-desgovernado.jpg\",\"datePublished\":\"2019-05-28T01:44:28+00:00\",\"dateModified\":\"2026-04-22T03:10:36+00:00\",\"breadcrumb\":{\"@id\":\"https:\/\/radiolifefm.com.br\/noticias\/carro-desgovernado-avanca-sobre-passarela-em-viaduto-na-sp-294\/#breadcrumb\"},\"inLanguage\":\"pt-BR\",\"potentialAction\":[{\"@type\":\"ReadAction\",\"target\":[\"https:\/\/radiolifefm.com.br\/noticias\/carro-desgovernado-avanca-sobre-passarela-em-viaduto-na-sp-294\/\"]}]},{\"@type\":\"ImageObject\",\"inLanguage\":\"pt-BR\",\"@id\":\"https:\/\/radiolifefm.com.br\/noticias\/carro-desgovernado-avanca-sobre-passarela-em-viaduto-na-sp-294\/#primaryimage\",\"url\":\"https:\/\/radiolifefm.com.br\/noticias\/wp-content\/uploads\/2019\/05\/Carro-desgovernado.jpg\",\"contentUrl\":\"https:\/\/radiolifefm.com.br\/noticias\/wp-content\/uploads\/2019\/05\/Carro-desgovernado.jpg\",\"width\":540,\"height\":316},{\"@type\":\"BreadcrumbList\",\"@id\":\"https:\/\/radiolifefm.com.br\/noticias\/carro-desgovernado-avanca-sobre-passarela-em-viaduto-na-sp-294\/#breadcrumb\",\"itemListElement\":[{\"@type\":\"ListItem\",\"position\":1,\"name\":\"In\u00edcio\",\"item\":\"https:\/\/radiolifefm.com.br\/noticias\/\"},{\"@type\":\"ListItem\",\"position\":2,\"name\":\"Carro desgovernado avan\u00e7a sobre passarela em viaduto na SP-294\"}]},{\"@type\":\"WebSite\",\"@id\":\"https:\/\/radiolifefm.com.br\/noticias\/#website\",\"url\":\"https:\/\/radiolifefm.com.br\/noticias\/\",\"name\":\"R\u00e1dio Life FM\",\"description\":\"O Portal de Not\u00edcias de Adamantina\",\"publisher\":{\"@id\":\"https:\/\/radiolifefm.com.br\/noticias\/#organization\"},\"alternateName\":\"Life FM\",\"potentialAction\":[{\"@type\":\"SearchAction\",\"target\":{\"@type\":\"EntryPoint\",\"urlTemplate\":\"https:\/\/radiolifefm.com.br\/noticias\/?s={search_term_string}\"},\"query-input\":{\"@type\":\"PropertyValueSpecification\",\"valueRequired\":true,\"valueName\":\"search_term_string\"}}],\"inLanguage\":\"pt-BR\"},{\"@type\":\"Organization\",\"@id\":\"https:\/\/radiolifefm.com.br\/noticias\/#organization\",\"name\":\"R\u00e1dio Life FM\",\"alternateName\":\"Life FM\",\"url\":\"https:\/\/radiolifefm.com.br\/noticias\/\",\"logo\":{\"@type\":\"ImageObject\",\"inLanguage\":\"pt-BR\",\"@id\":\"https:\/\/radiolifefm.com.br\/noticias\/#\/schema\/logo\/image\/\",\"url\":\"https:\/\/static.radiolifefm.com.br\/noticias\/wp-content\/uploads\/2019\/10\/logo-lifefm.png\",\"contentUrl\":\"https:\/\/static.radiolifefm.com.br\/noticias\/wp-content\/uploads\/2019\/10\/logo-lifefm.png\",\"width\":196,\"height\":47,\"caption\":\"R\u00e1dio Life FM\"},\"image\":{\"@id\":\"https:\/\/radiolifefm.com.br\/noticias\/#\/schema\/logo\/image\/\"},\"sameAs\":[\"https:\/\/www.facebook.com\/radiolifefm\/\",\"https:\/\/www.instagram.com\/life1079fm\/\"]},{\"@type\":\"Person\",\"@id\":\"https:\/\/radiolifefm.com.br\/noticias\/#\/schema\/person\/1d4e4b1301322090c6221bf1c8420490\",\"name\":\"lifefm\",\"image\":{\"@type\":\"ImageObject\",\"inLanguage\":\"pt-BR\",\"@id\":\"https:\/\/secure.gravatar.com\/avatar\/eca268467d925ec97d20641bb054fd944c0abb2f92854171620706bbe6474e7c?s=96&d=mm&r=g\",\"url\":\"https:\/\/secure.gravatar.com\/avatar\/eca268467d925ec97d20641bb054fd944c0abb2f92854171620706bbe6474e7c?s=96&d=mm&r=g\",\"contentUrl\":\"https:\/\/secure.gravatar.com\/avatar\/eca268467d925ec97d20641bb054fd944c0abb2f92854171620706bbe6474e7c?s=96&d=mm&r=g\",\"caption\":\"lifefm\"}}]}<\/script>\n<!-- \/ Yoast SEO plugin. -->","yoast_head_json":{"title":"Carro desgovernado avan\u00e7a sobre passarela em viaduto na SP-294 - R\u00e1dio Life FM","robots":{"index":"index","follow":"follow","max-snippet":"max-snippet:-1","max-image-preview":"max-image-preview:large","max-video-preview":"max-video-preview:-1"},"canonical":"https:\/\/radiolifefm.com.br\/noticias\/carro-desgovernado-avanca-sobre-passarela-em-viaduto-na-sp-294\/","og_locale":"pt_BR","og_type":"article","og_title":"Carro desgovernado avan\u00e7a sobre passarela em viaduto na SP-294 - R\u00e1dio Life FM","og_description":"Na noite deste domingo (26), um ve\u00edculo GM Celta transitava pela Avenida Washington Luiz, em Dracena, sentido centro \u00e0 Rodovia Comandante Jo\u00e3o Ribeiro de Barros, quando, ao se aproximar do viaduto que atravessa a pista, o motorista perdeu o controle de dire\u00e7\u00e3o do carro, que avan\u00e7ou sobre a passarela, anexa \u00e0 estrutura. Segundo o site [&hellip;]","og_url":"https:\/\/radiolifefm.com.br\/noticias\/carro-desgovernado-avanca-sobre-passarela-em-viaduto-na-sp-294\/","og_site_name":"R\u00e1dio Life FM","article_publisher":"https:\/\/www.facebook.com\/radiolifefm\/","article_published_time":"2019-05-28T01:44:28+00:00","article_modified_time":"2026-04-22T03:10:36+00:00","og_image":[{"width":540,"height":316,"url":"https:\/\/radiolifefm.com.br\/noticias\/wp-content\/uploads\/2019\/05\/Carro-desgovernado.jpg","type":"image\/jpeg"}],"author":"lifefm","twitter_card":"summary_large_image","twitter_misc":{"Escrito por":"lifefm","Est. tempo de leitura":"1 minuto"},"schema":{"@context":"https:\/\/schema.org","@graph":[{"@type":"Article","@id":"https:\/\/radiolifefm.com.br\/noticias\/carro-desgovernado-avanca-sobre-passarela-em-viaduto-na-sp-294\/#article","isPartOf":{"@id":"https:\/\/radiolifefm.com.br\/noticias\/carro-desgovernado-avanca-sobre-passarela-em-viaduto-na-sp-294\/"},"author":{"name":"lifefm","@id":"https:\/\/radiolifefm.com.br\/noticias\/#\/schema\/person\/1d4e4b1301322090c6221bf1c8420490"},"headline":"Carro desgovernado avan\u00e7a sobre passarela em viaduto na SP-294","datePublished":"2019-05-28T01:44:28+00:00","dateModified":"2026-04-22T03:10:36+00:00","mainEntityOfPage":{"@id":"https:\/\/radiolifefm.com.br\/noticias\/carro-desgovernado-avanca-sobre-passarela-em-viaduto-na-sp-294\/"},"wordCount":160,"commentCount":0,"publisher":{"@id":"https:\/\/radiolifefm.com.br\/noticias\/#organization"},"image":{"@id":"https:\/\/radiolifefm.com.br\/noticias\/carro-desgovernado-avanca-sobre-passarela-em-viaduto-na-sp-294\/#primaryimage"},"thumbnailUrl":"https:\/\/radiolifefm.com.br\/noticias\/wp-content\/uploads\/2019\/05\/Carro-desgovernado.jpg","articleSection":["Regi\u00e3o"],"inLanguage":"pt-BR","potentialAction":[{"@type":"CommentAction","name":"Comment","target":["https:\/\/radiolifefm.com.br\/noticias\/carro-desgovernado-avanca-sobre-passarela-em-viaduto-na-sp-294\/#respond"]}]},{"@type":"WebPage","@id":"https:\/\/radiolifefm.com.br\/noticias\/carro-desgovernado-avanca-sobre-passarela-em-viaduto-na-sp-294\/","url":"https:\/\/radiolifefm.com.br\/noticias\/carro-desgovernado-avanca-sobre-passarela-em-viaduto-na-sp-294\/","name":"Carro desgovernado avan\u00e7a sobre passarela em viaduto na SP-294 - R\u00e1dio Life FM","isPartOf":{"@id":"https:\/\/radiolifefm.com.br\/noticias\/#website"},"primaryImageOfPage":{"@id":"https:\/\/radiolifefm.com.br\/noticias\/carro-desgovernado-avanca-sobre-passarela-em-viaduto-na-sp-294\/#primaryimage"},"image":{"@id":"https:\/\/radiolifefm.com.br\/noticias\/carro-desgovernado-avanca-sobre-passarela-em-viaduto-na-sp-294\/#primaryimage"},"thumbnailUrl":"https:\/\/radiolifefm.com.br\/noticias\/wp-content\/uploads\/2019\/05\/Carro-desgovernado.jpg","datePublished":"2019-05-28T01:44:28+00:00","dateModified":"2026-04-22T03:10:36+00:00","breadcrumb":{"@id":"https:\/\/radiolifefm.com.br\/noticias\/carro-desgovernado-avanca-sobre-passarela-em-viaduto-na-sp-294\/#breadcrumb"},"inLanguage":"pt-BR","potentialAction":[{"@type":"ReadAction","target":["https:\/\/radiolifefm.com.br\/noticias\/carro-desgovernado-avanca-sobre-passarela-em-viaduto-na-sp-294\/"]}]},{"@type":"ImageObject","inLanguage":"pt-BR","@id":"https:\/\/radiolifefm.com.br\/noticias\/carro-desgovernado-avanca-sobre-passarela-em-viaduto-na-sp-294\/#primaryimage","url":"https:\/\/radiolifefm.com.br\/noticias\/wp-content\/uploads\/2019\/05\/Carro-desgovernado.jpg","contentUrl":"https:\/\/radiolifefm.com.br\/noticias\/wp-content\/uploads\/2019\/05\/Carro-desgovernado.jpg","width":540,"height":316},{"@type":"BreadcrumbList","@id":"https:\/\/radiolifefm.com.br\/noticias\/carro-desgovernado-avanca-sobre-passarela-em-viaduto-na-sp-294\/#breadcrumb","itemListElement":[{"@type":"ListItem","position":1,"name":"In\u00edcio","item":"https:\/\/radiolifefm.com.br\/noticias\/"},{"@type":"ListItem","position":2,"name":"Carro desgovernado avan\u00e7a sobre passarela em viaduto na SP-294"}]},{"@type":"WebSite","@id":"https:\/\/radiolifefm.com.br\/noticias\/#website","url":"https:\/\/radiolifefm.com.br\/noticias\/","name":"R\u00e1dio Life FM","description":"O Portal de Not\u00edcias de Adamantina","publisher":{"@id":"https:\/\/radiolifefm.com.br\/noticias\/#organization"},"alternateName":"Life FM","potentialAction":[{"@type":"SearchAction","target":{"@type":"EntryPoint","urlTemplate":"https:\/\/radiolifefm.com.br\/noticias\/?s={search_term_string}"},"query-input":{"@type":"PropertyValueSpecification","valueRequired":true,"valueName":"search_term_string"}}],"inLanguage":"pt-BR"},{"@type":"Organization","@id":"https:\/\/radiolifefm.com.br\/noticias\/#organization","name":"R\u00e1dio Life FM","alternateName":"Life FM","url":"https:\/\/radiolifefm.com.br\/noticias\/","logo":{"@type":"ImageObject","inLanguage":"pt-BR","@id":"https:\/\/radiolifefm.com.br\/noticias\/#\/schema\/logo\/image\/","url":"https:\/\/static.radiolifefm.com.br\/noticias\/wp-content\/uploads\/2019\/10\/logo-lifefm.png","contentUrl":"https:\/\/static.radiolifefm.com.br\/noticias\/wp-content\/uploads\/2019\/10\/logo-lifefm.png","width":196,"height":47,"caption":"R\u00e1dio Life FM"},"image":{"@id":"https:\/\/radiolifefm.com.br\/noticias\/#\/schema\/logo\/image\/"},"sameAs":["https:\/\/www.facebook.com\/radiolifefm\/","https:\/\/www.instagram.com\/life1079fm\/"]},{"@type":"Person","@id":"https:\/\/radiolifefm.com.br\/noticias\/#\/schema\/person\/1d4e4b1301322090c6221bf1c8420490","name":"lifefm","image":{"@type":"ImageObject","inLanguage":"pt-BR","@id":"https:\/\/secure.gravatar.com\/avatar\/eca268467d925ec97d20641bb054fd944c0abb2f92854171620706bbe6474e7c?s=96&d=mm&r=g","url":"https:\/\/secure.gravatar.com\/avatar\/eca268467d925ec97d20641bb054fd944c0abb2f92854171620706bbe6474e7c?s=96&d=mm&r=g","contentUrl":"https:\/\/secure.gravatar.com\/avatar\/eca268467d925ec97d20641bb054fd944c0abb2f92854171620706bbe6474e7c?s=96&d=mm&r=g","caption":"lifefm"}}]}},"amp_enabled":true,"_links":{"self":[{"href":"https:\/\/radiolifefm.com.br\/noticias\/wp-json\/wp\/v2\/posts\/13541","targetHints":{"allow":["GET"]}}],"collection":[{"href":"https:\/\/radiolifefm.com.br\/noticias\/wp-json\/wp\/v2\/posts"}],"about":[{"href":"https:\/\/radiolifefm.com.br\/noticias\/wp-json\/wp\/v2\/types\/post"}],"author":[{"embeddable":true,"href":"https:\/\/radiolifefm.com.br\/noticias\/wp-json\/wp\/v2\/users\/3"}],"replies":[{"embeddable":true,"href":"https:\/\/radiolifefm.com.br\/noticias\/wp-json\/wp\/v2\/comments?post=13541"}],"version-history":[{"count":1,"href":"https:\/\/radiolifefm.com.br\/noticias\/wp-json\/wp\/v2\/posts\/13541\/revisions"}],"predecessor-version":[{"id":13544,"href":"https:\/\/radiolifefm.com.br\/noticias\/wp-json\/wp\/v2\/posts\/13541\/revisions\/13544"}],"wp:featuredmedia":[{"embeddable":true,"href":"https:\/\/radiolifefm.com.br\/noticias\/wp-json\/wp\/v2\/media\/13542"}],"wp:attachment":[{"href":"https:\/\/radiolifefm.com.br\/noticias\/wp-json\/wp\/v2\/media?parent=13541"}],"wp:term":[{"taxonomy":"category","embeddable":true,"href":"https:\/\/radiolifefm.com.br\/noticias\/wp-json\/wp\/v2\/categories?post=13541"},{"taxonomy":"post_tag","embeddable":true,"href":"https:\/\/radiolifefm.com.br\/noticias\/wp-json\/wp\/v2\/tags?post=13541"}],"curies":[{"name":"wp","href":"https:\/\/api.w.org\/{rel}","templated":true}]}}