{"id":13425,"date":"2019-05-23T10:03:07","date_gmt":"2019-05-23T13:03:07","guid":{"rendered":"https:\/\/radiolifefm.com.br\/noticias\/?p=13425"},"modified":"2026-04-16T17:42:30","modified_gmt":"2026-04-16T20:42:30","slug":"game-of-thrones-e-a-politica-brasileira-coluna-opiniao","status":"publish","type":"post","link":"https:\/\/radiolifefm.com.br\/noticias\/game-of-thrones-e-a-politica-brasileira-coluna-opiniao\/","title":{"rendered":"Game of Thrones e a pol\u00edtica brasileira &#8211; Coluna Opini\u00e3o"},"content":{"rendered":"<div id=\"fb-root\"><\/div>\n<p><strong>Game of Thrones e a pol\u00edtica brasileira<\/strong><br \/>\nAnalisando Game of Thrones e o atual cen\u00e1rio pol\u00edtico brasileiro<br \/>\n***<br \/>\n\u201cO poder est\u00e1 onde os homens acreditam que ele est\u00e1. \u00c9 um truque, uma sombra na parede.\u201d<br \/>\nGeorge R. R. Martin<br \/>\n***<br \/>\nDias atr\u00e1s vivenciei com alguns amigos a \u00e2nsia pela \u00faltima temporada e qui\u00e7\u00e1 pelo \u00faltimo epis\u00f3dio da s\u00e9rie Game of Thrones (GOT). Com certeza, a s\u00e9rie j\u00e1 marcou presen\u00e7a na casa de milh\u00f5es de espectadores. Por\u00e9m, confesso que n\u00e3o consegui me incluir nesses milh\u00f5es, estagnei na primeira temporada.<br \/>\nEm in\u00fameras pautas de conversa, o assunto GOT acaba surgindo aqui ou acol\u00e1, no entanto percebo que \u00e9 muito comum a rela\u00e7\u00e3o da s\u00e9rie com a pol\u00edtica brasileira. Nesse sentido, em uma das mat\u00e9rias do site BBC (https:\/\/www.bbc.com\/portuguese\/brasil-48316989), o pr\u00f3prio autor dos livros que se baseia a s\u00e9rie, George R. R. Martin, afirma que se inspirou em acontecimentos hist\u00f3ricos e pol\u00edticos, especialmente da Inglaterra.<\/p>\n<div class='flex flex-wrap items-center -mx-1'>\r\n<a class='thumbnail gallery p-1 w-1\/2 md:w-1\/4' href='https:\/\/radiolifefm.com.br\/noticias\/wp-content\/uploads\/2019\/05\/Tiago-Rafael-1-1.png'><img class='border border-white' src='https:\/\/radiolifefm.com.br\/noticias\/wp-content\/uploads\/2019\/05\/Tiago-Rafael-1-1-200x200.png' alt='Tiago Rafael   1' \/><\/a><a class='thumbnail gallery p-1 w-1\/2 md:w-1\/4' href='https:\/\/radiolifefm.com.br\/noticias\/wp-content\/uploads\/2019\/05\/Tiago-Rafael-1.png'><img class='border border-white' src='https:\/\/radiolifefm.com.br\/noticias\/wp-content\/uploads\/2019\/05\/Tiago-Rafael-1-200x200.png' alt='Tiago Rafael' \/><\/a><\/div>\n<p>Na s\u00e9rie, diversas s\u00e3o as semelhan\u00e7as que podemos apontar com a pol\u00edtica brasileira. O professor Leandro Karnal, cita como exemplo \u201cque os grupos envolvidos n\u00e3o buscam o \u2018poder\u2019 pelo clamor das massas, para produzir justi\u00e7a social ou progresso. Querem o \u2018trono\u2019 para atingir objetivos pessoais, e usam dos recursos necess\u00e1rios para isso.\u201d<br \/>\nPara quem acompanhou a s\u00e9rie desde o in\u00edcio ou leu os livros, perceber\u00e1 que as alian\u00e7as formadas pelos diferentes grupos, se tornaram essenciais para a perman\u00eancia ou n\u00e3o no \u201cpoder\u201d, algo muito comum na pol\u00edtica brasileira, com seu fisiologismo e suas \u201creuni\u00f5es secretas\u201d. Talvez, nossos partidos pol\u00edticos sejam como os cl\u00e3s? Quem sabe?<br \/>\nNa s\u00e9rie tamb\u00e9m \u00e9 poss\u00edvel identificar os diferentes tipos de l\u00edderes de cada casa, e coloc\u00e1-los em uma escala de \u201cfracos ou fortes\u201d e da mesma forma vivenciar a \u00e2nsia por um poss\u00edvel \u201cSalvador da P\u00e1tria\u201d, ou quem sabe, um \u201cmito\u201d (Azor Ahai). O que de fato pode ser constatado nas in\u00fameras sociedades que ainda acreditam que um dia haver\u00e1 um l\u00edder \u2018perfeito\u2019.<br \/>\nDiante disso tudo, podemos apenas constatar algumas coisas: A busca pelo trono (poder) continua, as alian\u00e7as que l\u00e1 se apresentam, por aqui se fazem em prol disso ou daquilo e ningu\u00e9m sabe o real motivo desses conchavos (Ser\u00e1?), os cl\u00e3s ou partidos, como queiram, continuam se vendendo (Haja verba e lagosta para tudo isso!), l\u00edderes se fazem de acordo a opini\u00e3o p\u00fablica, reproduzindo aquilo que a massa quer ouvir e quanto ao \u201cSalvador da P\u00e1tria\u201d? Esse s\u00f3 na fic\u00e7\u00e3o mesmo, porque na pr\u00e1tica est\u00e1 bem dif\u00edcil! Afinal, a f\u00f3rmula da \u00e1gua \u00e9 mais importante.<\/p>\n<p>Tiago Rafael dos Santos Alves<br \/>\nProfessor e Historiador<br \/>\ntiagorsalves@gmail.com<\/p>\n","protected":false},"excerpt":{"rendered":"<p>Game of Thrones e a pol\u00edtica brasileira Analisando Game of Thrones e o atual cen\u00e1rio pol\u00edtico brasileiro *** \u201cO poder est\u00e1 onde os homens acreditam que ele est\u00e1. \u00c9 um truque, uma sombra na parede.\u201d George R. R. Martin *** Dias atr\u00e1s vivenciei com alguns amigos a \u00e2nsia pela \u00faltima temporada e qui\u00e7\u00e1 pelo \u00faltimo [&hellip;]<\/p>\n","protected":false},"author":8,"featured_media":13426,"comment_status":"closed","ping_status":"open","sticky":false,"template":"","format":"standard","meta":{"_acf_changed":false,"_exactmetrics_skip_tracking":false,"_exactmetrics_sitenote_active":false,"_exactmetrics_sitenote_note":"","_exactmetrics_sitenote_category":0,"footnotes":""},"categories":[59],"tags":[],"class_list":["post-13425","post","type-post","status-publish","format-standard","has-post-thumbnail","hentry","category-opiniao"],"acf":[],"yoast_head":"<!-- This site is optimized with the Yoast SEO plugin v27.2 - https:\/\/yoast.com\/product\/yoast-seo-wordpress\/ -->\n<title>Game of Thrones e a pol\u00edtica brasileira - Coluna Opini\u00e3o - R\u00e1dio Life FM<\/title>\n<meta name=\"robots\" content=\"index, follow, max-snippet:-1, max-image-preview:large, max-video-preview:-1\" \/>\n<link rel=\"canonical\" href=\"https:\/\/radiolifefm.com.br\/noticias\/game-of-thrones-e-a-politica-brasileira-coluna-opiniao\/\" \/>\n<meta property=\"og:locale\" content=\"pt_BR\" \/>\n<meta property=\"og:type\" content=\"article\" \/>\n<meta property=\"og:title\" content=\"Game of Thrones e a pol\u00edtica brasileira - Coluna Opini\u00e3o - R\u00e1dio Life FM\" \/>\n<meta property=\"og:description\" content=\"Game of Thrones e a pol\u00edtica brasileira Analisando Game of Thrones e o atual cen\u00e1rio pol\u00edtico brasileiro *** \u201cO poder est\u00e1 onde os homens acreditam que ele est\u00e1. \u00c9 um truque, uma sombra na parede.\u201d George R. R. Martin *** Dias atr\u00e1s vivenciei com alguns amigos a \u00e2nsia pela \u00faltima temporada e qui\u00e7\u00e1 pelo \u00faltimo [&hellip;]\" \/>\n<meta property=\"og:url\" content=\"https:\/\/radiolifefm.com.br\/noticias\/game-of-thrones-e-a-politica-brasileira-coluna-opiniao\/\" \/>\n<meta property=\"og:site_name\" content=\"R\u00e1dio Life FM\" \/>\n<meta property=\"article:publisher\" content=\"https:\/\/www.facebook.com\/radiolifefm\/\" \/>\n<meta property=\"article:published_time\" content=\"2019-05-23T13:03:07+00:00\" \/>\n<meta property=\"article:modified_time\" content=\"2026-04-16T20:42:30+00:00\" \/>\n<meta property=\"og:image\" content=\"https:\/\/radiolifefm.com.br\/noticias\/wp-content\/uploads\/2019\/05\/Tiago-Rafael-1.png\" \/>\n\t<meta property=\"og:image:width\" content=\"660\" \/>\n\t<meta property=\"og:image:height\" content=\"371\" \/>\n\t<meta property=\"og:image:type\" content=\"image\/png\" \/>\n<meta name=\"author\" content=\"joaograndao\" \/>\n<meta name=\"twitter:card\" content=\"summary_large_image\" \/>\n<meta name=\"twitter:label1\" content=\"Escrito por\" \/>\n\t<meta name=\"twitter:data1\" content=\"joaograndao\" \/>\n\t<meta name=\"twitter:label2\" content=\"Est. tempo de leitura\" \/>\n\t<meta name=\"twitter:data2\" content=\"2 minutos\" \/>\n<script type=\"application\/ld+json\" class=\"yoast-schema-graph\">{\"@context\":\"https:\/\/schema.org\",\"@graph\":[{\"@type\":\"Article\",\"@id\":\"https:\/\/radiolifefm.com.br\/noticias\/game-of-thrones-e-a-politica-brasileira-coluna-opiniao\/#article\",\"isPartOf\":{\"@id\":\"https:\/\/radiolifefm.com.br\/noticias\/game-of-thrones-e-a-politica-brasileira-coluna-opiniao\/\"},\"author\":{\"name\":\"joaograndao\",\"@id\":\"https:\/\/radiolifefm.com.br\/noticias\/#\/schema\/person\/6876e1240feffe6e1b63fd5cb85abf28\"},\"headline\":\"Game of Thrones e a pol\u00edtica brasileira &#8211; Coluna Opini\u00e3o\",\"datePublished\":\"2019-05-23T13:03:07+00:00\",\"dateModified\":\"2026-04-16T20:42:30+00:00\",\"mainEntityOfPage\":{\"@id\":\"https:\/\/radiolifefm.com.br\/noticias\/game-of-thrones-e-a-politica-brasileira-coluna-opiniao\/\"},\"wordCount\":495,\"publisher\":{\"@id\":\"https:\/\/radiolifefm.com.br\/noticias\/#organization\"},\"image\":{\"@id\":\"https:\/\/radiolifefm.com.br\/noticias\/game-of-thrones-e-a-politica-brasileira-coluna-opiniao\/#primaryimage\"},\"thumbnailUrl\":\"https:\/\/radiolifefm.com.br\/noticias\/wp-content\/uploads\/2019\/05\/Tiago-Rafael-1.png\",\"articleSection\":[\"Opini\u00e3o\"],\"inLanguage\":\"pt-BR\"},{\"@type\":\"WebPage\",\"@id\":\"https:\/\/radiolifefm.com.br\/noticias\/game-of-thrones-e-a-politica-brasileira-coluna-opiniao\/\",\"url\":\"https:\/\/radiolifefm.com.br\/noticias\/game-of-thrones-e-a-politica-brasileira-coluna-opiniao\/\",\"name\":\"Game of Thrones e a pol\u00edtica brasileira - Coluna Opini\u00e3o - R\u00e1dio Life FM\",\"isPartOf\":{\"@id\":\"https:\/\/radiolifefm.com.br\/noticias\/#website\"},\"primaryImageOfPage\":{\"@id\":\"https:\/\/radiolifefm.com.br\/noticias\/game-of-thrones-e-a-politica-brasileira-coluna-opiniao\/#primaryimage\"},\"image\":{\"@id\":\"https:\/\/radiolifefm.com.br\/noticias\/game-of-thrones-e-a-politica-brasileira-coluna-opiniao\/#primaryimage\"},\"thumbnailUrl\":\"https:\/\/radiolifefm.com.br\/noticias\/wp-content\/uploads\/2019\/05\/Tiago-Rafael-1.png\",\"datePublished\":\"2019-05-23T13:03:07+00:00\",\"dateModified\":\"2026-04-16T20:42:30+00:00\",\"breadcrumb\":{\"@id\":\"https:\/\/radiolifefm.com.br\/noticias\/game-of-thrones-e-a-politica-brasileira-coluna-opiniao\/#breadcrumb\"},\"inLanguage\":\"pt-BR\",\"potentialAction\":[{\"@type\":\"ReadAction\",\"target\":[\"https:\/\/radiolifefm.com.br\/noticias\/game-of-thrones-e-a-politica-brasileira-coluna-opiniao\/\"]}]},{\"@type\":\"ImageObject\",\"inLanguage\":\"pt-BR\",\"@id\":\"https:\/\/radiolifefm.com.br\/noticias\/game-of-thrones-e-a-politica-brasileira-coluna-opiniao\/#primaryimage\",\"url\":\"https:\/\/radiolifefm.com.br\/noticias\/wp-content\/uploads\/2019\/05\/Tiago-Rafael-1.png\",\"contentUrl\":\"https:\/\/radiolifefm.com.br\/noticias\/wp-content\/uploads\/2019\/05\/Tiago-Rafael-1.png\",\"width\":660,\"height\":371},{\"@type\":\"BreadcrumbList\",\"@id\":\"https:\/\/radiolifefm.com.br\/noticias\/game-of-thrones-e-a-politica-brasileira-coluna-opiniao\/#breadcrumb\",\"itemListElement\":[{\"@type\":\"ListItem\",\"position\":1,\"name\":\"In\u00edcio\",\"item\":\"https:\/\/radiolifefm.com.br\/noticias\/\"},{\"@type\":\"ListItem\",\"position\":2,\"name\":\"Game of Thrones e a pol\u00edtica brasileira &#8211; Coluna Opini\u00e3o\"}]},{\"@type\":\"WebSite\",\"@id\":\"https:\/\/radiolifefm.com.br\/noticias\/#website\",\"url\":\"https:\/\/radiolifefm.com.br\/noticias\/\",\"name\":\"R\u00e1dio Life FM\",\"description\":\"O Portal de Not\u00edcias de Adamantina\",\"publisher\":{\"@id\":\"https:\/\/radiolifefm.com.br\/noticias\/#organization\"},\"alternateName\":\"Life FM\",\"potentialAction\":[{\"@type\":\"SearchAction\",\"target\":{\"@type\":\"EntryPoint\",\"urlTemplate\":\"https:\/\/radiolifefm.com.br\/noticias\/?s={search_term_string}\"},\"query-input\":{\"@type\":\"PropertyValueSpecification\",\"valueRequired\":true,\"valueName\":\"search_term_string\"}}],\"inLanguage\":\"pt-BR\"},{\"@type\":\"Organization\",\"@id\":\"https:\/\/radiolifefm.com.br\/noticias\/#organization\",\"name\":\"R\u00e1dio Life FM\",\"alternateName\":\"Life FM\",\"url\":\"https:\/\/radiolifefm.com.br\/noticias\/\",\"logo\":{\"@type\":\"ImageObject\",\"inLanguage\":\"pt-BR\",\"@id\":\"https:\/\/radiolifefm.com.br\/noticias\/#\/schema\/logo\/image\/\",\"url\":\"https:\/\/static.radiolifefm.com.br\/noticias\/wp-content\/uploads\/2019\/10\/logo-lifefm.png\",\"contentUrl\":\"https:\/\/static.radiolifefm.com.br\/noticias\/wp-content\/uploads\/2019\/10\/logo-lifefm.png\",\"width\":196,\"height\":47,\"caption\":\"R\u00e1dio Life FM\"},\"image\":{\"@id\":\"https:\/\/radiolifefm.com.br\/noticias\/#\/schema\/logo\/image\/\"},\"sameAs\":[\"https:\/\/www.facebook.com\/radiolifefm\/\",\"https:\/\/www.instagram.com\/life1079fm\/\"]},{\"@type\":\"Person\",\"@id\":\"https:\/\/radiolifefm.com.br\/noticias\/#\/schema\/person\/6876e1240feffe6e1b63fd5cb85abf28\",\"name\":\"joaograndao\",\"image\":{\"@type\":\"ImageObject\",\"inLanguage\":\"pt-BR\",\"@id\":\"https:\/\/secure.gravatar.com\/avatar\/d5b1a3cf357ed9c50404e256a1294083aa8ab5d2a994001567302786016cb32c?s=96&d=mm&r=g\",\"url\":\"https:\/\/secure.gravatar.com\/avatar\/d5b1a3cf357ed9c50404e256a1294083aa8ab5d2a994001567302786016cb32c?s=96&d=mm&r=g\",\"contentUrl\":\"https:\/\/secure.gravatar.com\/avatar\/d5b1a3cf357ed9c50404e256a1294083aa8ab5d2a994001567302786016cb32c?s=96&d=mm&r=g\",\"caption\":\"joaograndao\"}}]}<\/script>\n<!-- \/ Yoast SEO plugin. -->","yoast_head_json":{"title":"Game of Thrones e a pol\u00edtica brasileira - Coluna Opini\u00e3o - R\u00e1dio Life FM","robots":{"index":"index","follow":"follow","max-snippet":"max-snippet:-1","max-image-preview":"max-image-preview:large","max-video-preview":"max-video-preview:-1"},"canonical":"https:\/\/radiolifefm.com.br\/noticias\/game-of-thrones-e-a-politica-brasileira-coluna-opiniao\/","og_locale":"pt_BR","og_type":"article","og_title":"Game of Thrones e a pol\u00edtica brasileira - Coluna Opini\u00e3o - R\u00e1dio Life FM","og_description":"Game of Thrones e a pol\u00edtica brasileira Analisando Game of Thrones e o atual cen\u00e1rio pol\u00edtico brasileiro *** \u201cO poder est\u00e1 onde os homens acreditam que ele est\u00e1. \u00c9 um truque, uma sombra na parede.\u201d George R. R. Martin *** Dias atr\u00e1s vivenciei com alguns amigos a \u00e2nsia pela \u00faltima temporada e qui\u00e7\u00e1 pelo \u00faltimo [&hellip;]","og_url":"https:\/\/radiolifefm.com.br\/noticias\/game-of-thrones-e-a-politica-brasileira-coluna-opiniao\/","og_site_name":"R\u00e1dio Life FM","article_publisher":"https:\/\/www.facebook.com\/radiolifefm\/","article_published_time":"2019-05-23T13:03:07+00:00","article_modified_time":"2026-04-16T20:42:30+00:00","og_image":[{"width":660,"height":371,"url":"https:\/\/radiolifefm.com.br\/noticias\/wp-content\/uploads\/2019\/05\/Tiago-Rafael-1.png","type":"image\/png"}],"author":"joaograndao","twitter_card":"summary_large_image","twitter_misc":{"Escrito por":"joaograndao","Est. tempo de leitura":"2 minutos"},"schema":{"@context":"https:\/\/schema.org","@graph":[{"@type":"Article","@id":"https:\/\/radiolifefm.com.br\/noticias\/game-of-thrones-e-a-politica-brasileira-coluna-opiniao\/#article","isPartOf":{"@id":"https:\/\/radiolifefm.com.br\/noticias\/game-of-thrones-e-a-politica-brasileira-coluna-opiniao\/"},"author":{"name":"joaograndao","@id":"https:\/\/radiolifefm.com.br\/noticias\/#\/schema\/person\/6876e1240feffe6e1b63fd5cb85abf28"},"headline":"Game of Thrones e a pol\u00edtica brasileira &#8211; Coluna Opini\u00e3o","datePublished":"2019-05-23T13:03:07+00:00","dateModified":"2026-04-16T20:42:30+00:00","mainEntityOfPage":{"@id":"https:\/\/radiolifefm.com.br\/noticias\/game-of-thrones-e-a-politica-brasileira-coluna-opiniao\/"},"wordCount":495,"publisher":{"@id":"https:\/\/radiolifefm.com.br\/noticias\/#organization"},"image":{"@id":"https:\/\/radiolifefm.com.br\/noticias\/game-of-thrones-e-a-politica-brasileira-coluna-opiniao\/#primaryimage"},"thumbnailUrl":"https:\/\/radiolifefm.com.br\/noticias\/wp-content\/uploads\/2019\/05\/Tiago-Rafael-1.png","articleSection":["Opini\u00e3o"],"inLanguage":"pt-BR"},{"@type":"WebPage","@id":"https:\/\/radiolifefm.com.br\/noticias\/game-of-thrones-e-a-politica-brasileira-coluna-opiniao\/","url":"https:\/\/radiolifefm.com.br\/noticias\/game-of-thrones-e-a-politica-brasileira-coluna-opiniao\/","name":"Game of Thrones e a pol\u00edtica brasileira - Coluna Opini\u00e3o - R\u00e1dio Life FM","isPartOf":{"@id":"https:\/\/radiolifefm.com.br\/noticias\/#website"},"primaryImageOfPage":{"@id":"https:\/\/radiolifefm.com.br\/noticias\/game-of-thrones-e-a-politica-brasileira-coluna-opiniao\/#primaryimage"},"image":{"@id":"https:\/\/radiolifefm.com.br\/noticias\/game-of-thrones-e-a-politica-brasileira-coluna-opiniao\/#primaryimage"},"thumbnailUrl":"https:\/\/radiolifefm.com.br\/noticias\/wp-content\/uploads\/2019\/05\/Tiago-Rafael-1.png","datePublished":"2019-05-23T13:03:07+00:00","dateModified":"2026-04-16T20:42:30+00:00","breadcrumb":{"@id":"https:\/\/radiolifefm.com.br\/noticias\/game-of-thrones-e-a-politica-brasileira-coluna-opiniao\/#breadcrumb"},"inLanguage":"pt-BR","potentialAction":[{"@type":"ReadAction","target":["https:\/\/radiolifefm.com.br\/noticias\/game-of-thrones-e-a-politica-brasileira-coluna-opiniao\/"]}]},{"@type":"ImageObject","inLanguage":"pt-BR","@id":"https:\/\/radiolifefm.com.br\/noticias\/game-of-thrones-e-a-politica-brasileira-coluna-opiniao\/#primaryimage","url":"https:\/\/radiolifefm.com.br\/noticias\/wp-content\/uploads\/2019\/05\/Tiago-Rafael-1.png","contentUrl":"https:\/\/radiolifefm.com.br\/noticias\/wp-content\/uploads\/2019\/05\/Tiago-Rafael-1.png","width":660,"height":371},{"@type":"BreadcrumbList","@id":"https:\/\/radiolifefm.com.br\/noticias\/game-of-thrones-e-a-politica-brasileira-coluna-opiniao\/#breadcrumb","itemListElement":[{"@type":"ListItem","position":1,"name":"In\u00edcio","item":"https:\/\/radiolifefm.com.br\/noticias\/"},{"@type":"ListItem","position":2,"name":"Game of Thrones e a pol\u00edtica brasileira &#8211; Coluna Opini\u00e3o"}]},{"@type":"WebSite","@id":"https:\/\/radiolifefm.com.br\/noticias\/#website","url":"https:\/\/radiolifefm.com.br\/noticias\/","name":"R\u00e1dio Life FM","description":"O Portal de Not\u00edcias de Adamantina","publisher":{"@id":"https:\/\/radiolifefm.com.br\/noticias\/#organization"},"alternateName":"Life FM","potentialAction":[{"@type":"SearchAction","target":{"@type":"EntryPoint","urlTemplate":"https:\/\/radiolifefm.com.br\/noticias\/?s={search_term_string}"},"query-input":{"@type":"PropertyValueSpecification","valueRequired":true,"valueName":"search_term_string"}}],"inLanguage":"pt-BR"},{"@type":"Organization","@id":"https:\/\/radiolifefm.com.br\/noticias\/#organization","name":"R\u00e1dio Life FM","alternateName":"Life FM","url":"https:\/\/radiolifefm.com.br\/noticias\/","logo":{"@type":"ImageObject","inLanguage":"pt-BR","@id":"https:\/\/radiolifefm.com.br\/noticias\/#\/schema\/logo\/image\/","url":"https:\/\/static.radiolifefm.com.br\/noticias\/wp-content\/uploads\/2019\/10\/logo-lifefm.png","contentUrl":"https:\/\/static.radiolifefm.com.br\/noticias\/wp-content\/uploads\/2019\/10\/logo-lifefm.png","width":196,"height":47,"caption":"R\u00e1dio Life FM"},"image":{"@id":"https:\/\/radiolifefm.com.br\/noticias\/#\/schema\/logo\/image\/"},"sameAs":["https:\/\/www.facebook.com\/radiolifefm\/","https:\/\/www.instagram.com\/life1079fm\/"]},{"@type":"Person","@id":"https:\/\/radiolifefm.com.br\/noticias\/#\/schema\/person\/6876e1240feffe6e1b63fd5cb85abf28","name":"joaograndao","image":{"@type":"ImageObject","inLanguage":"pt-BR","@id":"https:\/\/secure.gravatar.com\/avatar\/d5b1a3cf357ed9c50404e256a1294083aa8ab5d2a994001567302786016cb32c?s=96&d=mm&r=g","url":"https:\/\/secure.gravatar.com\/avatar\/d5b1a3cf357ed9c50404e256a1294083aa8ab5d2a994001567302786016cb32c?s=96&d=mm&r=g","contentUrl":"https:\/\/secure.gravatar.com\/avatar\/d5b1a3cf357ed9c50404e256a1294083aa8ab5d2a994001567302786016cb32c?s=96&d=mm&r=g","caption":"joaograndao"}}]}},"amp_enabled":true,"_links":{"self":[{"href":"https:\/\/radiolifefm.com.br\/noticias\/wp-json\/wp\/v2\/posts\/13425","targetHints":{"allow":["GET"]}}],"collection":[{"href":"https:\/\/radiolifefm.com.br\/noticias\/wp-json\/wp\/v2\/posts"}],"about":[{"href":"https:\/\/radiolifefm.com.br\/noticias\/wp-json\/wp\/v2\/types\/post"}],"author":[{"embeddable":true,"href":"https:\/\/radiolifefm.com.br\/noticias\/wp-json\/wp\/v2\/users\/8"}],"replies":[{"embeddable":true,"href":"https:\/\/radiolifefm.com.br\/noticias\/wp-json\/wp\/v2\/comments?post=13425"}],"version-history":[{"count":2,"href":"https:\/\/radiolifefm.com.br\/noticias\/wp-json\/wp\/v2\/posts\/13425\/revisions"}],"predecessor-version":[{"id":13443,"href":"https:\/\/radiolifefm.com.br\/noticias\/wp-json\/wp\/v2\/posts\/13425\/revisions\/13443"}],"wp:featuredmedia":[{"embeddable":true,"href":"https:\/\/radiolifefm.com.br\/noticias\/wp-json\/wp\/v2\/media\/13426"}],"wp:attachment":[{"href":"https:\/\/radiolifefm.com.br\/noticias\/wp-json\/wp\/v2\/media?parent=13425"}],"wp:term":[{"taxonomy":"category","embeddable":true,"href":"https:\/\/radiolifefm.com.br\/noticias\/wp-json\/wp\/v2\/categories?post=13425"},{"taxonomy":"post_tag","embeddable":true,"href":"https:\/\/radiolifefm.com.br\/noticias\/wp-json\/wp\/v2\/tags?post=13425"}],"curies":[{"name":"wp","href":"https:\/\/api.w.org\/{rel}","templated":true}]}}