{"id":13386,"date":"2019-05-22T11:41:36","date_gmt":"2019-05-22T14:41:36","guid":{"rendered":"https:\/\/radiolifefm.com.br\/noticias\/?p=13386"},"modified":"2026-01-27T10:56:49","modified_gmt":"2026-01-27T13:56:49","slug":"traficante-e-preso-pela-policia-militar-em-osvaldo-cruz-na-manha-desta-quarta-feira","status":"publish","type":"post","link":"https:\/\/radiolifefm.com.br\/noticias\/traficante-e-preso-pela-policia-militar-em-osvaldo-cruz-na-manha-desta-quarta-feira\/","title":{"rendered":"Traficante \u00e9 preso pela Pol\u00edcia Militar em Osvaldo Cruz na manh\u00e3 desta quarta-feira"},"content":{"rendered":"<div id=\"fb-root\"><\/div>\n<p><em>Um traficante foi preso e v\u00e1rias por\u00e7\u00f5es de entorpecentes foram apreendidas na ocorr\u00eancia<\/em><\/p>\n<p>Na manh\u00e3 desta quarta-feira (22), policiais militares de Osvaldo Cruz, receberam den\u00fancias atrav\u00e9s do COPOM, onde uma mulher teria delatado um familiar que estaria fazendo uso de entorpecente na resid\u00eancia, acompanhado de outras pessoas, maiores e menores de idade. Inclusive, mulheres.<\/p>\n<p>Os policiais se deslocaram ao local informado pela denunciante, que franqueou a entrada na resid\u00eancia, onde, nos fundos da casa, surpreenderam v\u00e1rios indiv\u00edduos, sendo que, alguns deles, notando a presen\u00e7a dos militares, empreenderam fuga, sendo poss\u00edvel deter 03 (tr\u00eas) indiv\u00edduos, 01 homem e 01 mulher, maiores de idade e um adolescente, morador da resid\u00eancia.<\/p>\n<p>Com o indiv\u00edduo maior de idade, foi encontrado 03 (tr\u00eas) por\u00e7\u00f5es de maconha e mais um cigarro artesanal da mesma droga, que estava em um balc\u00e3o pr\u00f3ximo a essas pessoas.<\/p>\n<p>Diante das evid\u00eancias, os tr\u00eas foram separados e entrevistados, onde a mulher revelou que o indiv\u00edduo maior de idade \u00e9 quem levava a droga naquele local para o consumo de todos.<\/p>\n<p>Diante da nova den\u00fancia, os militares diligenciaram at\u00e9 a resid\u00eancia do homem maior de idade e na busca domiciliar, foi logrado \u00eaxito em localizar 03 (tr\u00eas) tijolos de maconha e outros 02 (dois) peda\u00e7os pequenos da mesma droga, j\u00e1 preparados para ser embalado e vendido.<\/p>\n<p>De imediato foi dada voz de pris\u00e3o em flagrante delito ao indiv\u00edduo, pelo crime de tr\u00e1fico de drogas, ficando o menor e a mulher, maior de idade, qualificados como testemunhas.<\/p>\n<p>Informa\u00e7\u00f5es &#8211; Pol\u00edcia Militar<\/p>\n<p>Reda\u00e7\u00e3o &#8211; Kako de Oliveira<\/p>\n","protected":false},"excerpt":{"rendered":"<p>Um traficante foi preso e v\u00e1rias por\u00e7\u00f5es de entorpecentes foram apreendidas na ocorr\u00eancia Na manh\u00e3 desta quarta-feira (22), policiais militares de Osvaldo Cruz, receberam den\u00fancias atrav\u00e9s do COPOM, onde uma mulher teria delatado um familiar que estaria fazendo uso de entorpecente na resid\u00eancia, acompanhado de outras pessoas, maiores e menores de idade. Inclusive, mulheres. Os [&hellip;]<\/p>\n","protected":false},"author":3,"featured_media":13387,"comment_status":"open","ping_status":"open","sticky":false,"template":"","format":"standard","meta":{"_acf_changed":false,"_exactmetrics_skip_tracking":false,"_exactmetrics_sitenote_active":false,"_exactmetrics_sitenote_note":"","_exactmetrics_sitenote_category":0,"footnotes":""},"categories":[24],"tags":[],"class_list":["post-13386","post","type-post","status-publish","format-standard","has-post-thumbnail","hentry","category-regiao"],"acf":[],"yoast_head":"<!-- This site is optimized with the Yoast SEO plugin v27.2 - https:\/\/yoast.com\/product\/yoast-seo-wordpress\/ -->\n<title>Traficante \u00e9 preso pela Pol\u00edcia Militar em Osvaldo Cruz na manh\u00e3 desta quarta-feira - R\u00e1dio Life FM<\/title>\n<meta name=\"robots\" content=\"index, follow, max-snippet:-1, max-image-preview:large, max-video-preview:-1\" \/>\n<link rel=\"canonical\" href=\"https:\/\/radiolifefm.com.br\/noticias\/traficante-e-preso-pela-policia-militar-em-osvaldo-cruz-na-manha-desta-quarta-feira\/\" \/>\n<meta property=\"og:locale\" content=\"pt_BR\" \/>\n<meta property=\"og:type\" content=\"article\" \/>\n<meta property=\"og:title\" content=\"Traficante \u00e9 preso pela Pol\u00edcia Militar em Osvaldo Cruz na manh\u00e3 desta quarta-feira - R\u00e1dio Life FM\" \/>\n<meta property=\"og:description\" content=\"Um traficante foi preso e v\u00e1rias por\u00e7\u00f5es de entorpecentes foram apreendidas na ocorr\u00eancia Na manh\u00e3 desta quarta-feira (22), policiais militares de Osvaldo Cruz, receberam den\u00fancias atrav\u00e9s do COPOM, onde uma mulher teria delatado um familiar que estaria fazendo uso de entorpecente na resid\u00eancia, acompanhado de outras pessoas, maiores e menores de idade. Inclusive, mulheres. Os [&hellip;]\" \/>\n<meta property=\"og:url\" content=\"https:\/\/radiolifefm.com.br\/noticias\/traficante-e-preso-pela-policia-militar-em-osvaldo-cruz-na-manha-desta-quarta-feira\/\" \/>\n<meta property=\"og:site_name\" content=\"R\u00e1dio Life FM\" \/>\n<meta property=\"article:publisher\" content=\"https:\/\/www.facebook.com\/radiolifefm\/\" \/>\n<meta property=\"article:published_time\" content=\"2019-05-22T14:41:36+00:00\" \/>\n<meta property=\"article:modified_time\" content=\"2026-01-27T13:56:49+00:00\" \/>\n<meta property=\"og:image\" content=\"https:\/\/radiolifefm.com.br\/noticias\/wp-content\/uploads\/2019\/05\/Traficante-OC.jpg\" \/>\n\t<meta property=\"og:image:width\" content=\"774\" \/>\n\t<meta property=\"og:image:height\" content=\"1032\" \/>\n\t<meta property=\"og:image:type\" content=\"image\/jpeg\" \/>\n<meta name=\"author\" content=\"lifefm\" \/>\n<meta name=\"twitter:card\" content=\"summary_large_image\" \/>\n<meta name=\"twitter:label1\" content=\"Escrito por\" \/>\n\t<meta name=\"twitter:data1\" content=\"lifefm\" \/>\n\t<meta name=\"twitter:label2\" content=\"Est. tempo de leitura\" \/>\n\t<meta name=\"twitter:data2\" content=\"1 minuto\" \/>\n<script type=\"application\/ld+json\" class=\"yoast-schema-graph\">{\"@context\":\"https:\/\/schema.org\",\"@graph\":[{\"@type\":\"Article\",\"@id\":\"https:\/\/radiolifefm.com.br\/noticias\/traficante-e-preso-pela-policia-militar-em-osvaldo-cruz-na-manha-desta-quarta-feira\/#article\",\"isPartOf\":{\"@id\":\"https:\/\/radiolifefm.com.br\/noticias\/traficante-e-preso-pela-policia-militar-em-osvaldo-cruz-na-manha-desta-quarta-feira\/\"},\"author\":{\"name\":\"lifefm\",\"@id\":\"https:\/\/radiolifefm.com.br\/noticias\/#\/schema\/person\/1d4e4b1301322090c6221bf1c8420490\"},\"headline\":\"Traficante \u00e9 preso pela Pol\u00edcia Militar em Osvaldo Cruz na manh\u00e3 desta quarta-feira\",\"datePublished\":\"2019-05-22T14:41:36+00:00\",\"dateModified\":\"2026-01-27T13:56:49+00:00\",\"mainEntityOfPage\":{\"@id\":\"https:\/\/radiolifefm.com.br\/noticias\/traficante-e-preso-pela-policia-militar-em-osvaldo-cruz-na-manha-desta-quarta-feira\/\"},\"wordCount\":290,\"commentCount\":0,\"publisher\":{\"@id\":\"https:\/\/radiolifefm.com.br\/noticias\/#organization\"},\"image\":{\"@id\":\"https:\/\/radiolifefm.com.br\/noticias\/traficante-e-preso-pela-policia-militar-em-osvaldo-cruz-na-manha-desta-quarta-feira\/#primaryimage\"},\"thumbnailUrl\":\"https:\/\/radiolifefm.com.br\/noticias\/wp-content\/uploads\/2019\/05\/Traficante-OC.jpg\",\"articleSection\":[\"Regi\u00e3o\"],\"inLanguage\":\"pt-BR\",\"potentialAction\":[{\"@type\":\"CommentAction\",\"name\":\"Comment\",\"target\":[\"https:\/\/radiolifefm.com.br\/noticias\/traficante-e-preso-pela-policia-militar-em-osvaldo-cruz-na-manha-desta-quarta-feira\/#respond\"]}]},{\"@type\":\"WebPage\",\"@id\":\"https:\/\/radiolifefm.com.br\/noticias\/traficante-e-preso-pela-policia-militar-em-osvaldo-cruz-na-manha-desta-quarta-feira\/\",\"url\":\"https:\/\/radiolifefm.com.br\/noticias\/traficante-e-preso-pela-policia-militar-em-osvaldo-cruz-na-manha-desta-quarta-feira\/\",\"name\":\"Traficante \u00e9 preso pela Pol\u00edcia Militar em Osvaldo Cruz na manh\u00e3 desta quarta-feira - R\u00e1dio Life FM\",\"isPartOf\":{\"@id\":\"https:\/\/radiolifefm.com.br\/noticias\/#website\"},\"primaryImageOfPage\":{\"@id\":\"https:\/\/radiolifefm.com.br\/noticias\/traficante-e-preso-pela-policia-militar-em-osvaldo-cruz-na-manha-desta-quarta-feira\/#primaryimage\"},\"image\":{\"@id\":\"https:\/\/radiolifefm.com.br\/noticias\/traficante-e-preso-pela-policia-militar-em-osvaldo-cruz-na-manha-desta-quarta-feira\/#primaryimage\"},\"thumbnailUrl\":\"https:\/\/radiolifefm.com.br\/noticias\/wp-content\/uploads\/2019\/05\/Traficante-OC.jpg\",\"datePublished\":\"2019-05-22T14:41:36+00:00\",\"dateModified\":\"2026-01-27T13:56:49+00:00\",\"breadcrumb\":{\"@id\":\"https:\/\/radiolifefm.com.br\/noticias\/traficante-e-preso-pela-policia-militar-em-osvaldo-cruz-na-manha-desta-quarta-feira\/#breadcrumb\"},\"inLanguage\":\"pt-BR\",\"potentialAction\":[{\"@type\":\"ReadAction\",\"target\":[\"https:\/\/radiolifefm.com.br\/noticias\/traficante-e-preso-pela-policia-militar-em-osvaldo-cruz-na-manha-desta-quarta-feira\/\"]}]},{\"@type\":\"ImageObject\",\"inLanguage\":\"pt-BR\",\"@id\":\"https:\/\/radiolifefm.com.br\/noticias\/traficante-e-preso-pela-policia-militar-em-osvaldo-cruz-na-manha-desta-quarta-feira\/#primaryimage\",\"url\":\"https:\/\/radiolifefm.com.br\/noticias\/wp-content\/uploads\/2019\/05\/Traficante-OC.jpg\",\"contentUrl\":\"https:\/\/radiolifefm.com.br\/noticias\/wp-content\/uploads\/2019\/05\/Traficante-OC.jpg\",\"width\":774,\"height\":1032,\"caption\":\"Traficante foi detido com v\u00e1rias por\u00e7\u00f5es de maconha em sua resid\u00eancia - Foto - Pol\u00edcia\/Cedida\"},{\"@type\":\"BreadcrumbList\",\"@id\":\"https:\/\/radiolifefm.com.br\/noticias\/traficante-e-preso-pela-policia-militar-em-osvaldo-cruz-na-manha-desta-quarta-feira\/#breadcrumb\",\"itemListElement\":[{\"@type\":\"ListItem\",\"position\":1,\"name\":\"In\u00edcio\",\"item\":\"https:\/\/radiolifefm.com.br\/noticias\/\"},{\"@type\":\"ListItem\",\"position\":2,\"name\":\"Traficante \u00e9 preso pela Pol\u00edcia Militar em Osvaldo Cruz na manh\u00e3 desta quarta-feira\"}]},{\"@type\":\"WebSite\",\"@id\":\"https:\/\/radiolifefm.com.br\/noticias\/#website\",\"url\":\"https:\/\/radiolifefm.com.br\/noticias\/\",\"name\":\"R\u00e1dio Life FM\",\"description\":\"O Portal de Not\u00edcias de Adamantina\",\"publisher\":{\"@id\":\"https:\/\/radiolifefm.com.br\/noticias\/#organization\"},\"alternateName\":\"Life FM\",\"potentialAction\":[{\"@type\":\"SearchAction\",\"target\":{\"@type\":\"EntryPoint\",\"urlTemplate\":\"https:\/\/radiolifefm.com.br\/noticias\/?s={search_term_string}\"},\"query-input\":{\"@type\":\"PropertyValueSpecification\",\"valueRequired\":true,\"valueName\":\"search_term_string\"}}],\"inLanguage\":\"pt-BR\"},{\"@type\":\"Organization\",\"@id\":\"https:\/\/radiolifefm.com.br\/noticias\/#organization\",\"name\":\"R\u00e1dio Life FM\",\"alternateName\":\"Life FM\",\"url\":\"https:\/\/radiolifefm.com.br\/noticias\/\",\"logo\":{\"@type\":\"ImageObject\",\"inLanguage\":\"pt-BR\",\"@id\":\"https:\/\/radiolifefm.com.br\/noticias\/#\/schema\/logo\/image\/\",\"url\":\"https:\/\/static.radiolifefm.com.br\/noticias\/wp-content\/uploads\/2019\/10\/logo-lifefm.png\",\"contentUrl\":\"https:\/\/static.radiolifefm.com.br\/noticias\/wp-content\/uploads\/2019\/10\/logo-lifefm.png\",\"width\":196,\"height\":47,\"caption\":\"R\u00e1dio Life FM\"},\"image\":{\"@id\":\"https:\/\/radiolifefm.com.br\/noticias\/#\/schema\/logo\/image\/\"},\"sameAs\":[\"https:\/\/www.facebook.com\/radiolifefm\/\",\"https:\/\/www.instagram.com\/life1079fm\/\"]},{\"@type\":\"Person\",\"@id\":\"https:\/\/radiolifefm.com.br\/noticias\/#\/schema\/person\/1d4e4b1301322090c6221bf1c8420490\",\"name\":\"lifefm\",\"image\":{\"@type\":\"ImageObject\",\"inLanguage\":\"pt-BR\",\"@id\":\"https:\/\/secure.gravatar.com\/avatar\/eca268467d925ec97d20641bb054fd944c0abb2f92854171620706bbe6474e7c?s=96&d=mm&r=g\",\"url\":\"https:\/\/secure.gravatar.com\/avatar\/eca268467d925ec97d20641bb054fd944c0abb2f92854171620706bbe6474e7c?s=96&d=mm&r=g\",\"contentUrl\":\"https:\/\/secure.gravatar.com\/avatar\/eca268467d925ec97d20641bb054fd944c0abb2f92854171620706bbe6474e7c?s=96&d=mm&r=g\",\"caption\":\"lifefm\"}}]}<\/script>\n<!-- \/ Yoast SEO plugin. -->","yoast_head_json":{"title":"Traficante \u00e9 preso pela Pol\u00edcia Militar em Osvaldo Cruz na manh\u00e3 desta quarta-feira - R\u00e1dio Life FM","robots":{"index":"index","follow":"follow","max-snippet":"max-snippet:-1","max-image-preview":"max-image-preview:large","max-video-preview":"max-video-preview:-1"},"canonical":"https:\/\/radiolifefm.com.br\/noticias\/traficante-e-preso-pela-policia-militar-em-osvaldo-cruz-na-manha-desta-quarta-feira\/","og_locale":"pt_BR","og_type":"article","og_title":"Traficante \u00e9 preso pela Pol\u00edcia Militar em Osvaldo Cruz na manh\u00e3 desta quarta-feira - R\u00e1dio Life FM","og_description":"Um traficante foi preso e v\u00e1rias por\u00e7\u00f5es de entorpecentes foram apreendidas na ocorr\u00eancia Na manh\u00e3 desta quarta-feira (22), policiais militares de Osvaldo Cruz, receberam den\u00fancias atrav\u00e9s do COPOM, onde uma mulher teria delatado um familiar que estaria fazendo uso de entorpecente na resid\u00eancia, acompanhado de outras pessoas, maiores e menores de idade. Inclusive, mulheres. Os [&hellip;]","og_url":"https:\/\/radiolifefm.com.br\/noticias\/traficante-e-preso-pela-policia-militar-em-osvaldo-cruz-na-manha-desta-quarta-feira\/","og_site_name":"R\u00e1dio Life FM","article_publisher":"https:\/\/www.facebook.com\/radiolifefm\/","article_published_time":"2019-05-22T14:41:36+00:00","article_modified_time":"2026-01-27T13:56:49+00:00","og_image":[{"width":774,"height":1032,"url":"https:\/\/radiolifefm.com.br\/noticias\/wp-content\/uploads\/2019\/05\/Traficante-OC.jpg","type":"image\/jpeg"}],"author":"lifefm","twitter_card":"summary_large_image","twitter_misc":{"Escrito por":"lifefm","Est. tempo de leitura":"1 minuto"},"schema":{"@context":"https:\/\/schema.org","@graph":[{"@type":"Article","@id":"https:\/\/radiolifefm.com.br\/noticias\/traficante-e-preso-pela-policia-militar-em-osvaldo-cruz-na-manha-desta-quarta-feira\/#article","isPartOf":{"@id":"https:\/\/radiolifefm.com.br\/noticias\/traficante-e-preso-pela-policia-militar-em-osvaldo-cruz-na-manha-desta-quarta-feira\/"},"author":{"name":"lifefm","@id":"https:\/\/radiolifefm.com.br\/noticias\/#\/schema\/person\/1d4e4b1301322090c6221bf1c8420490"},"headline":"Traficante \u00e9 preso pela Pol\u00edcia Militar em Osvaldo Cruz na manh\u00e3 desta quarta-feira","datePublished":"2019-05-22T14:41:36+00:00","dateModified":"2026-01-27T13:56:49+00:00","mainEntityOfPage":{"@id":"https:\/\/radiolifefm.com.br\/noticias\/traficante-e-preso-pela-policia-militar-em-osvaldo-cruz-na-manha-desta-quarta-feira\/"},"wordCount":290,"commentCount":0,"publisher":{"@id":"https:\/\/radiolifefm.com.br\/noticias\/#organization"},"image":{"@id":"https:\/\/radiolifefm.com.br\/noticias\/traficante-e-preso-pela-policia-militar-em-osvaldo-cruz-na-manha-desta-quarta-feira\/#primaryimage"},"thumbnailUrl":"https:\/\/radiolifefm.com.br\/noticias\/wp-content\/uploads\/2019\/05\/Traficante-OC.jpg","articleSection":["Regi\u00e3o"],"inLanguage":"pt-BR","potentialAction":[{"@type":"CommentAction","name":"Comment","target":["https:\/\/radiolifefm.com.br\/noticias\/traficante-e-preso-pela-policia-militar-em-osvaldo-cruz-na-manha-desta-quarta-feira\/#respond"]}]},{"@type":"WebPage","@id":"https:\/\/radiolifefm.com.br\/noticias\/traficante-e-preso-pela-policia-militar-em-osvaldo-cruz-na-manha-desta-quarta-feira\/","url":"https:\/\/radiolifefm.com.br\/noticias\/traficante-e-preso-pela-policia-militar-em-osvaldo-cruz-na-manha-desta-quarta-feira\/","name":"Traficante \u00e9 preso pela Pol\u00edcia Militar em Osvaldo Cruz na manh\u00e3 desta quarta-feira - R\u00e1dio Life FM","isPartOf":{"@id":"https:\/\/radiolifefm.com.br\/noticias\/#website"},"primaryImageOfPage":{"@id":"https:\/\/radiolifefm.com.br\/noticias\/traficante-e-preso-pela-policia-militar-em-osvaldo-cruz-na-manha-desta-quarta-feira\/#primaryimage"},"image":{"@id":"https:\/\/radiolifefm.com.br\/noticias\/traficante-e-preso-pela-policia-militar-em-osvaldo-cruz-na-manha-desta-quarta-feira\/#primaryimage"},"thumbnailUrl":"https:\/\/radiolifefm.com.br\/noticias\/wp-content\/uploads\/2019\/05\/Traficante-OC.jpg","datePublished":"2019-05-22T14:41:36+00:00","dateModified":"2026-01-27T13:56:49+00:00","breadcrumb":{"@id":"https:\/\/radiolifefm.com.br\/noticias\/traficante-e-preso-pela-policia-militar-em-osvaldo-cruz-na-manha-desta-quarta-feira\/#breadcrumb"},"inLanguage":"pt-BR","potentialAction":[{"@type":"ReadAction","target":["https:\/\/radiolifefm.com.br\/noticias\/traficante-e-preso-pela-policia-militar-em-osvaldo-cruz-na-manha-desta-quarta-feira\/"]}]},{"@type":"ImageObject","inLanguage":"pt-BR","@id":"https:\/\/radiolifefm.com.br\/noticias\/traficante-e-preso-pela-policia-militar-em-osvaldo-cruz-na-manha-desta-quarta-feira\/#primaryimage","url":"https:\/\/radiolifefm.com.br\/noticias\/wp-content\/uploads\/2019\/05\/Traficante-OC.jpg","contentUrl":"https:\/\/radiolifefm.com.br\/noticias\/wp-content\/uploads\/2019\/05\/Traficante-OC.jpg","width":774,"height":1032,"caption":"Traficante foi detido com v\u00e1rias por\u00e7\u00f5es de maconha em sua resid\u00eancia - Foto - Pol\u00edcia\/Cedida"},{"@type":"BreadcrumbList","@id":"https:\/\/radiolifefm.com.br\/noticias\/traficante-e-preso-pela-policia-militar-em-osvaldo-cruz-na-manha-desta-quarta-feira\/#breadcrumb","itemListElement":[{"@type":"ListItem","position":1,"name":"In\u00edcio","item":"https:\/\/radiolifefm.com.br\/noticias\/"},{"@type":"ListItem","position":2,"name":"Traficante \u00e9 preso pela Pol\u00edcia Militar em Osvaldo Cruz na manh\u00e3 desta quarta-feira"}]},{"@type":"WebSite","@id":"https:\/\/radiolifefm.com.br\/noticias\/#website","url":"https:\/\/radiolifefm.com.br\/noticias\/","name":"R\u00e1dio Life FM","description":"O Portal de Not\u00edcias de Adamantina","publisher":{"@id":"https:\/\/radiolifefm.com.br\/noticias\/#organization"},"alternateName":"Life FM","potentialAction":[{"@type":"SearchAction","target":{"@type":"EntryPoint","urlTemplate":"https:\/\/radiolifefm.com.br\/noticias\/?s={search_term_string}"},"query-input":{"@type":"PropertyValueSpecification","valueRequired":true,"valueName":"search_term_string"}}],"inLanguage":"pt-BR"},{"@type":"Organization","@id":"https:\/\/radiolifefm.com.br\/noticias\/#organization","name":"R\u00e1dio Life FM","alternateName":"Life FM","url":"https:\/\/radiolifefm.com.br\/noticias\/","logo":{"@type":"ImageObject","inLanguage":"pt-BR","@id":"https:\/\/radiolifefm.com.br\/noticias\/#\/schema\/logo\/image\/","url":"https:\/\/static.radiolifefm.com.br\/noticias\/wp-content\/uploads\/2019\/10\/logo-lifefm.png","contentUrl":"https:\/\/static.radiolifefm.com.br\/noticias\/wp-content\/uploads\/2019\/10\/logo-lifefm.png","width":196,"height":47,"caption":"R\u00e1dio Life FM"},"image":{"@id":"https:\/\/radiolifefm.com.br\/noticias\/#\/schema\/logo\/image\/"},"sameAs":["https:\/\/www.facebook.com\/radiolifefm\/","https:\/\/www.instagram.com\/life1079fm\/"]},{"@type":"Person","@id":"https:\/\/radiolifefm.com.br\/noticias\/#\/schema\/person\/1d4e4b1301322090c6221bf1c8420490","name":"lifefm","image":{"@type":"ImageObject","inLanguage":"pt-BR","@id":"https:\/\/secure.gravatar.com\/avatar\/eca268467d925ec97d20641bb054fd944c0abb2f92854171620706bbe6474e7c?s=96&d=mm&r=g","url":"https:\/\/secure.gravatar.com\/avatar\/eca268467d925ec97d20641bb054fd944c0abb2f92854171620706bbe6474e7c?s=96&d=mm&r=g","contentUrl":"https:\/\/secure.gravatar.com\/avatar\/eca268467d925ec97d20641bb054fd944c0abb2f92854171620706bbe6474e7c?s=96&d=mm&r=g","caption":"lifefm"}}]}},"amp_enabled":true,"_links":{"self":[{"href":"https:\/\/radiolifefm.com.br\/noticias\/wp-json\/wp\/v2\/posts\/13386","targetHints":{"allow":["GET"]}}],"collection":[{"href":"https:\/\/radiolifefm.com.br\/noticias\/wp-json\/wp\/v2\/posts"}],"about":[{"href":"https:\/\/radiolifefm.com.br\/noticias\/wp-json\/wp\/v2\/types\/post"}],"author":[{"embeddable":true,"href":"https:\/\/radiolifefm.com.br\/noticias\/wp-json\/wp\/v2\/users\/3"}],"replies":[{"embeddable":true,"href":"https:\/\/radiolifefm.com.br\/noticias\/wp-json\/wp\/v2\/comments?post=13386"}],"version-history":[{"count":2,"href":"https:\/\/radiolifefm.com.br\/noticias\/wp-json\/wp\/v2\/posts\/13386\/revisions"}],"predecessor-version":[{"id":13389,"href":"https:\/\/radiolifefm.com.br\/noticias\/wp-json\/wp\/v2\/posts\/13386\/revisions\/13389"}],"wp:featuredmedia":[{"embeddable":true,"href":"https:\/\/radiolifefm.com.br\/noticias\/wp-json\/wp\/v2\/media\/13387"}],"wp:attachment":[{"href":"https:\/\/radiolifefm.com.br\/noticias\/wp-json\/wp\/v2\/media?parent=13386"}],"wp:term":[{"taxonomy":"category","embeddable":true,"href":"https:\/\/radiolifefm.com.br\/noticias\/wp-json\/wp\/v2\/categories?post=13386"},{"taxonomy":"post_tag","embeddable":true,"href":"https:\/\/radiolifefm.com.br\/noticias\/wp-json\/wp\/v2\/tags?post=13386"}],"curies":[{"name":"wp","href":"https:\/\/api.w.org\/{rel}","templated":true}]}}