{"id":13378,"date":"2019-05-22T10:38:07","date_gmt":"2019-05-22T13:38:07","guid":{"rendered":"https:\/\/radiolifefm.com.br\/noticias\/?p=13378"},"modified":"2026-04-07T18:46:25","modified_gmt":"2026-04-07T21:46:25","slug":"azulao-se-prepara-para-returno-do-campeonato-paulista-da-segunda-divisao-com-seis-novos-reforcos","status":"publish","type":"post","link":"https:\/\/radiolifefm.com.br\/noticias\/azulao-se-prepara-para-returno-do-campeonato-paulista-da-segunda-divisao-com-seis-novos-reforcos\/","title":{"rendered":"Azul\u00e3o se prepara para returno do Campeonato Paulista da Segunda Divis\u00e3o com seis novos refor\u00e7os"},"content":{"rendered":"<div id=\"fb-root\"><\/div>\n<p><em>S\u00e1bado tem novo Azulao no Breno Ribeiro do Val com estreia de refor\u00e7os<\/em><\/p>\n<p>O Osvaldo Cruz FC vai apresentar no pr\u00f3ximo s\u00e1bado, 25 de maio, as 16 horas, seis novos refor\u00e7os que ajudar\u00e3o o time, que est\u00e1 sob o comando do treinador Bet\u00e3o.<\/p>\n<p>O jogo ser\u00e1 contra o Bandeirante de Birigui, lanterna do Grupo 1 e uma vit\u00f3ria do Azul\u00e3o coloca a equipe em quarto lugar, junto com Jos\u00e9 Bonif\u00e1cio, que folga na rodada.<\/p>\n<p>Os seis novos atletas s\u00e3o: o centroavante Par\u00e1, emprestado da Ponte Preta, o segundo volante Ataliba, estava no Comercial de Ribeir\u00e3o Preto e pertence ao S\u00e3o Caetano, o meia Gustavo Rosa, que veio do Boca J\u00fanior do Sergipe, Wesley Santos, atacante, que veio do Uberaba e estava no Anapolina de Goi\u00e1s, Igor Coutinho, zagueiro, que estava no Boca J\u00fanior do Sergipe e foi revelado na base do Corinthians e o goleiro Matheus G\u00fctz, que veio Asa de Arapiraca.<\/p>\n<p>Desde a semana passada o time vive um clima de pr\u00e9-temporada, trabalhando intensamente a parte f\u00edsica, t\u00e9cnica e t\u00e1tica e j\u00e1 \u00e9 poss\u00edvel perceber que a auto-confian\u00e7a do grupo est\u00e1 restabelecida.<\/p>\n<p>Oc News<\/p>\n<p>Reda\u00e7\u00e3o &#8211; Kako de Oliveira<\/p>\n","protected":false},"excerpt":{"rendered":"<p>S\u00e1bado tem novo Azulao no Breno Ribeiro do Val com estreia de refor\u00e7os O Osvaldo Cruz FC vai apresentar no pr\u00f3ximo s\u00e1bado, 25 de maio, as 16 horas, seis novos refor\u00e7os que ajudar\u00e3o o time, que est\u00e1 sob o comando do treinador Bet\u00e3o. O jogo ser\u00e1 contra o Bandeirante de Birigui, lanterna do Grupo 1 [&hellip;]<\/p>\n","protected":false},"author":3,"featured_media":13379,"comment_status":"closed","ping_status":"open","sticky":false,"template":"","format":"standard","meta":{"_acf_changed":false,"_exactmetrics_skip_tracking":false,"_exactmetrics_sitenote_active":false,"_exactmetrics_sitenote_note":"","_exactmetrics_sitenote_category":0,"footnotes":""},"categories":[24],"tags":[],"class_list":["post-13378","post","type-post","status-publish","format-standard","has-post-thumbnail","hentry","category-regiao"],"acf":[],"yoast_head":"<!-- This site is optimized with the Yoast SEO plugin v27.2 - https:\/\/yoast.com\/product\/yoast-seo-wordpress\/ -->\n<title>Azul\u00e3o se prepara para returno do Campeonato Paulista da Segunda Divis\u00e3o com seis novos refor\u00e7os - R\u00e1dio Life FM<\/title>\n<meta name=\"robots\" content=\"index, follow, max-snippet:-1, max-image-preview:large, max-video-preview:-1\" \/>\n<link rel=\"canonical\" href=\"https:\/\/radiolifefm.com.br\/noticias\/azulao-se-prepara-para-returno-do-campeonato-paulista-da-segunda-divisao-com-seis-novos-reforcos\/\" \/>\n<meta property=\"og:locale\" content=\"pt_BR\" \/>\n<meta property=\"og:type\" content=\"article\" \/>\n<meta property=\"og:title\" content=\"Azul\u00e3o se prepara para returno do Campeonato Paulista da Segunda Divis\u00e3o com seis novos refor\u00e7os - R\u00e1dio Life FM\" \/>\n<meta property=\"og:description\" content=\"S\u00e1bado tem novo Azulao no Breno Ribeiro do Val com estreia de refor\u00e7os O Osvaldo Cruz FC vai apresentar no pr\u00f3ximo s\u00e1bado, 25 de maio, as 16 horas, seis novos refor\u00e7os que ajudar\u00e3o o time, que est\u00e1 sob o comando do treinador Bet\u00e3o. O jogo ser\u00e1 contra o Bandeirante de Birigui, lanterna do Grupo 1 [&hellip;]\" \/>\n<meta property=\"og:url\" content=\"https:\/\/radiolifefm.com.br\/noticias\/azulao-se-prepara-para-returno-do-campeonato-paulista-da-segunda-divisao-com-seis-novos-reforcos\/\" \/>\n<meta property=\"og:site_name\" content=\"R\u00e1dio Life FM\" \/>\n<meta property=\"article:publisher\" content=\"https:\/\/www.facebook.com\/radiolifefm\/\" \/>\n<meta property=\"article:published_time\" content=\"2019-05-22T13:38:07+00:00\" \/>\n<meta property=\"article:modified_time\" content=\"2026-04-07T21:46:25+00:00\" \/>\n<meta property=\"og:image\" content=\"https:\/\/radiolifefm.com.br\/noticias\/wp-content\/uploads\/2019\/05\/Azul\u00e3o-Refor\u00e7os.jpg\" \/>\n\t<meta property=\"og:image:width\" content=\"400\" \/>\n\t<meta property=\"og:image:height\" content=\"300\" \/>\n\t<meta property=\"og:image:type\" content=\"image\/jpeg\" \/>\n<meta name=\"author\" content=\"lifefm\" \/>\n<meta name=\"twitter:card\" content=\"summary_large_image\" \/>\n<meta name=\"twitter:label1\" content=\"Escrito por\" \/>\n\t<meta name=\"twitter:data1\" content=\"lifefm\" \/>\n\t<meta name=\"twitter:label2\" content=\"Est. tempo de leitura\" \/>\n\t<meta name=\"twitter:data2\" content=\"1 minuto\" \/>\n<script type=\"application\/ld+json\" class=\"yoast-schema-graph\">{\"@context\":\"https:\/\/schema.org\",\"@graph\":[{\"@type\":\"Article\",\"@id\":\"https:\/\/radiolifefm.com.br\/noticias\/azulao-se-prepara-para-returno-do-campeonato-paulista-da-segunda-divisao-com-seis-novos-reforcos\/#article\",\"isPartOf\":{\"@id\":\"https:\/\/radiolifefm.com.br\/noticias\/azulao-se-prepara-para-returno-do-campeonato-paulista-da-segunda-divisao-com-seis-novos-reforcos\/\"},\"author\":{\"name\":\"lifefm\",\"@id\":\"https:\/\/radiolifefm.com.br\/noticias\/#\/schema\/person\/1d4e4b1301322090c6221bf1c8420490\"},\"headline\":\"Azul\u00e3o se prepara para returno do Campeonato Paulista da Segunda Divis\u00e3o com seis novos refor\u00e7os\",\"datePublished\":\"2019-05-22T13:38:07+00:00\",\"dateModified\":\"2026-04-07T21:46:25+00:00\",\"mainEntityOfPage\":{\"@id\":\"https:\/\/radiolifefm.com.br\/noticias\/azulao-se-prepara-para-returno-do-campeonato-paulista-da-segunda-divisao-com-seis-novos-reforcos\/\"},\"wordCount\":228,\"publisher\":{\"@id\":\"https:\/\/radiolifefm.com.br\/noticias\/#organization\"},\"image\":{\"@id\":\"https:\/\/radiolifefm.com.br\/noticias\/azulao-se-prepara-para-returno-do-campeonato-paulista-da-segunda-divisao-com-seis-novos-reforcos\/#primaryimage\"},\"thumbnailUrl\":\"https:\/\/radiolifefm.com.br\/noticias\/wp-content\/uploads\/2019\/05\/Azul\u00e3o-Refor\u00e7os.jpg\",\"articleSection\":[\"Regi\u00e3o\"],\"inLanguage\":\"pt-BR\"},{\"@type\":\"WebPage\",\"@id\":\"https:\/\/radiolifefm.com.br\/noticias\/azulao-se-prepara-para-returno-do-campeonato-paulista-da-segunda-divisao-com-seis-novos-reforcos\/\",\"url\":\"https:\/\/radiolifefm.com.br\/noticias\/azulao-se-prepara-para-returno-do-campeonato-paulista-da-segunda-divisao-com-seis-novos-reforcos\/\",\"name\":\"Azul\u00e3o se prepara para returno do Campeonato Paulista da Segunda Divis\u00e3o com seis novos refor\u00e7os - R\u00e1dio Life FM\",\"isPartOf\":{\"@id\":\"https:\/\/radiolifefm.com.br\/noticias\/#website\"},\"primaryImageOfPage\":{\"@id\":\"https:\/\/radiolifefm.com.br\/noticias\/azulao-se-prepara-para-returno-do-campeonato-paulista-da-segunda-divisao-com-seis-novos-reforcos\/#primaryimage\"},\"image\":{\"@id\":\"https:\/\/radiolifefm.com.br\/noticias\/azulao-se-prepara-para-returno-do-campeonato-paulista-da-segunda-divisao-com-seis-novos-reforcos\/#primaryimage\"},\"thumbnailUrl\":\"https:\/\/radiolifefm.com.br\/noticias\/wp-content\/uploads\/2019\/05\/Azul\u00e3o-Refor\u00e7os.jpg\",\"datePublished\":\"2019-05-22T13:38:07+00:00\",\"dateModified\":\"2026-04-07T21:46:25+00:00\",\"breadcrumb\":{\"@id\":\"https:\/\/radiolifefm.com.br\/noticias\/azulao-se-prepara-para-returno-do-campeonato-paulista-da-segunda-divisao-com-seis-novos-reforcos\/#breadcrumb\"},\"inLanguage\":\"pt-BR\",\"potentialAction\":[{\"@type\":\"ReadAction\",\"target\":[\"https:\/\/radiolifefm.com.br\/noticias\/azulao-se-prepara-para-returno-do-campeonato-paulista-da-segunda-divisao-com-seis-novos-reforcos\/\"]}]},{\"@type\":\"ImageObject\",\"inLanguage\":\"pt-BR\",\"@id\":\"https:\/\/radiolifefm.com.br\/noticias\/azulao-se-prepara-para-returno-do-campeonato-paulista-da-segunda-divisao-com-seis-novos-reforcos\/#primaryimage\",\"url\":\"https:\/\/radiolifefm.com.br\/noticias\/wp-content\/uploads\/2019\/05\/Azul\u00e3o-Refor\u00e7os.jpg\",\"contentUrl\":\"https:\/\/radiolifefm.com.br\/noticias\/wp-content\/uploads\/2019\/05\/Azul\u00e3o-Refor\u00e7os.jpg\",\"width\":400,\"height\":300,\"caption\":\"Foto - Goleiro Matheus G\u00fctz, novo refor\u00e7o do Osvaldo Cruz FC\"},{\"@type\":\"BreadcrumbList\",\"@id\":\"https:\/\/radiolifefm.com.br\/noticias\/azulao-se-prepara-para-returno-do-campeonato-paulista-da-segunda-divisao-com-seis-novos-reforcos\/#breadcrumb\",\"itemListElement\":[{\"@type\":\"ListItem\",\"position\":1,\"name\":\"In\u00edcio\",\"item\":\"https:\/\/radiolifefm.com.br\/noticias\/\"},{\"@type\":\"ListItem\",\"position\":2,\"name\":\"Azul\u00e3o se prepara para returno do Campeonato Paulista da Segunda Divis\u00e3o com seis novos refor\u00e7os\"}]},{\"@type\":\"WebSite\",\"@id\":\"https:\/\/radiolifefm.com.br\/noticias\/#website\",\"url\":\"https:\/\/radiolifefm.com.br\/noticias\/\",\"name\":\"R\u00e1dio Life FM\",\"description\":\"O Portal de Not\u00edcias de Adamantina\",\"publisher\":{\"@id\":\"https:\/\/radiolifefm.com.br\/noticias\/#organization\"},\"alternateName\":\"Life FM\",\"potentialAction\":[{\"@type\":\"SearchAction\",\"target\":{\"@type\":\"EntryPoint\",\"urlTemplate\":\"https:\/\/radiolifefm.com.br\/noticias\/?s={search_term_string}\"},\"query-input\":{\"@type\":\"PropertyValueSpecification\",\"valueRequired\":true,\"valueName\":\"search_term_string\"}}],\"inLanguage\":\"pt-BR\"},{\"@type\":\"Organization\",\"@id\":\"https:\/\/radiolifefm.com.br\/noticias\/#organization\",\"name\":\"R\u00e1dio Life FM\",\"alternateName\":\"Life FM\",\"url\":\"https:\/\/radiolifefm.com.br\/noticias\/\",\"logo\":{\"@type\":\"ImageObject\",\"inLanguage\":\"pt-BR\",\"@id\":\"https:\/\/radiolifefm.com.br\/noticias\/#\/schema\/logo\/image\/\",\"url\":\"https:\/\/static.radiolifefm.com.br\/noticias\/wp-content\/uploads\/2019\/10\/logo-lifefm.png\",\"contentUrl\":\"https:\/\/static.radiolifefm.com.br\/noticias\/wp-content\/uploads\/2019\/10\/logo-lifefm.png\",\"width\":196,\"height\":47,\"caption\":\"R\u00e1dio Life FM\"},\"image\":{\"@id\":\"https:\/\/radiolifefm.com.br\/noticias\/#\/schema\/logo\/image\/\"},\"sameAs\":[\"https:\/\/www.facebook.com\/radiolifefm\/\",\"https:\/\/www.instagram.com\/life1079fm\/\"]},{\"@type\":\"Person\",\"@id\":\"https:\/\/radiolifefm.com.br\/noticias\/#\/schema\/person\/1d4e4b1301322090c6221bf1c8420490\",\"name\":\"lifefm\",\"image\":{\"@type\":\"ImageObject\",\"inLanguage\":\"pt-BR\",\"@id\":\"https:\/\/secure.gravatar.com\/avatar\/eca268467d925ec97d20641bb054fd944c0abb2f92854171620706bbe6474e7c?s=96&d=mm&r=g\",\"url\":\"https:\/\/secure.gravatar.com\/avatar\/eca268467d925ec97d20641bb054fd944c0abb2f92854171620706bbe6474e7c?s=96&d=mm&r=g\",\"contentUrl\":\"https:\/\/secure.gravatar.com\/avatar\/eca268467d925ec97d20641bb054fd944c0abb2f92854171620706bbe6474e7c?s=96&d=mm&r=g\",\"caption\":\"lifefm\"}}]}<\/script>\n<!-- \/ Yoast SEO plugin. -->","yoast_head_json":{"title":"Azul\u00e3o se prepara para returno do Campeonato Paulista da Segunda Divis\u00e3o com seis novos refor\u00e7os - R\u00e1dio Life FM","robots":{"index":"index","follow":"follow","max-snippet":"max-snippet:-1","max-image-preview":"max-image-preview:large","max-video-preview":"max-video-preview:-1"},"canonical":"https:\/\/radiolifefm.com.br\/noticias\/azulao-se-prepara-para-returno-do-campeonato-paulista-da-segunda-divisao-com-seis-novos-reforcos\/","og_locale":"pt_BR","og_type":"article","og_title":"Azul\u00e3o se prepara para returno do Campeonato Paulista da Segunda Divis\u00e3o com seis novos refor\u00e7os - R\u00e1dio Life FM","og_description":"S\u00e1bado tem novo Azulao no Breno Ribeiro do Val com estreia de refor\u00e7os O Osvaldo Cruz FC vai apresentar no pr\u00f3ximo s\u00e1bado, 25 de maio, as 16 horas, seis novos refor\u00e7os que ajudar\u00e3o o time, que est\u00e1 sob o comando do treinador Bet\u00e3o. O jogo ser\u00e1 contra o Bandeirante de Birigui, lanterna do Grupo 1 [&hellip;]","og_url":"https:\/\/radiolifefm.com.br\/noticias\/azulao-se-prepara-para-returno-do-campeonato-paulista-da-segunda-divisao-com-seis-novos-reforcos\/","og_site_name":"R\u00e1dio Life FM","article_publisher":"https:\/\/www.facebook.com\/radiolifefm\/","article_published_time":"2019-05-22T13:38:07+00:00","article_modified_time":"2026-04-07T21:46:25+00:00","og_image":[{"width":400,"height":300,"url":"https:\/\/radiolifefm.com.br\/noticias\/wp-content\/uploads\/2019\/05\/Azul\u00e3o-Refor\u00e7os.jpg","type":"image\/jpeg"}],"author":"lifefm","twitter_card":"summary_large_image","twitter_misc":{"Escrito por":"lifefm","Est. tempo de leitura":"1 minuto"},"schema":{"@context":"https:\/\/schema.org","@graph":[{"@type":"Article","@id":"https:\/\/radiolifefm.com.br\/noticias\/azulao-se-prepara-para-returno-do-campeonato-paulista-da-segunda-divisao-com-seis-novos-reforcos\/#article","isPartOf":{"@id":"https:\/\/radiolifefm.com.br\/noticias\/azulao-se-prepara-para-returno-do-campeonato-paulista-da-segunda-divisao-com-seis-novos-reforcos\/"},"author":{"name":"lifefm","@id":"https:\/\/radiolifefm.com.br\/noticias\/#\/schema\/person\/1d4e4b1301322090c6221bf1c8420490"},"headline":"Azul\u00e3o se prepara para returno do Campeonato Paulista da Segunda Divis\u00e3o com seis novos refor\u00e7os","datePublished":"2019-05-22T13:38:07+00:00","dateModified":"2026-04-07T21:46:25+00:00","mainEntityOfPage":{"@id":"https:\/\/radiolifefm.com.br\/noticias\/azulao-se-prepara-para-returno-do-campeonato-paulista-da-segunda-divisao-com-seis-novos-reforcos\/"},"wordCount":228,"publisher":{"@id":"https:\/\/radiolifefm.com.br\/noticias\/#organization"},"image":{"@id":"https:\/\/radiolifefm.com.br\/noticias\/azulao-se-prepara-para-returno-do-campeonato-paulista-da-segunda-divisao-com-seis-novos-reforcos\/#primaryimage"},"thumbnailUrl":"https:\/\/radiolifefm.com.br\/noticias\/wp-content\/uploads\/2019\/05\/Azul\u00e3o-Refor\u00e7os.jpg","articleSection":["Regi\u00e3o"],"inLanguage":"pt-BR"},{"@type":"WebPage","@id":"https:\/\/radiolifefm.com.br\/noticias\/azulao-se-prepara-para-returno-do-campeonato-paulista-da-segunda-divisao-com-seis-novos-reforcos\/","url":"https:\/\/radiolifefm.com.br\/noticias\/azulao-se-prepara-para-returno-do-campeonato-paulista-da-segunda-divisao-com-seis-novos-reforcos\/","name":"Azul\u00e3o se prepara para returno do Campeonato Paulista da Segunda Divis\u00e3o com seis novos refor\u00e7os - R\u00e1dio Life FM","isPartOf":{"@id":"https:\/\/radiolifefm.com.br\/noticias\/#website"},"primaryImageOfPage":{"@id":"https:\/\/radiolifefm.com.br\/noticias\/azulao-se-prepara-para-returno-do-campeonato-paulista-da-segunda-divisao-com-seis-novos-reforcos\/#primaryimage"},"image":{"@id":"https:\/\/radiolifefm.com.br\/noticias\/azulao-se-prepara-para-returno-do-campeonato-paulista-da-segunda-divisao-com-seis-novos-reforcos\/#primaryimage"},"thumbnailUrl":"https:\/\/radiolifefm.com.br\/noticias\/wp-content\/uploads\/2019\/05\/Azul\u00e3o-Refor\u00e7os.jpg","datePublished":"2019-05-22T13:38:07+00:00","dateModified":"2026-04-07T21:46:25+00:00","breadcrumb":{"@id":"https:\/\/radiolifefm.com.br\/noticias\/azulao-se-prepara-para-returno-do-campeonato-paulista-da-segunda-divisao-com-seis-novos-reforcos\/#breadcrumb"},"inLanguage":"pt-BR","potentialAction":[{"@type":"ReadAction","target":["https:\/\/radiolifefm.com.br\/noticias\/azulao-se-prepara-para-returno-do-campeonato-paulista-da-segunda-divisao-com-seis-novos-reforcos\/"]}]},{"@type":"ImageObject","inLanguage":"pt-BR","@id":"https:\/\/radiolifefm.com.br\/noticias\/azulao-se-prepara-para-returno-do-campeonato-paulista-da-segunda-divisao-com-seis-novos-reforcos\/#primaryimage","url":"https:\/\/radiolifefm.com.br\/noticias\/wp-content\/uploads\/2019\/05\/Azul\u00e3o-Refor\u00e7os.jpg","contentUrl":"https:\/\/radiolifefm.com.br\/noticias\/wp-content\/uploads\/2019\/05\/Azul\u00e3o-Refor\u00e7os.jpg","width":400,"height":300,"caption":"Foto - Goleiro Matheus G\u00fctz, novo refor\u00e7o do Osvaldo Cruz FC"},{"@type":"BreadcrumbList","@id":"https:\/\/radiolifefm.com.br\/noticias\/azulao-se-prepara-para-returno-do-campeonato-paulista-da-segunda-divisao-com-seis-novos-reforcos\/#breadcrumb","itemListElement":[{"@type":"ListItem","position":1,"name":"In\u00edcio","item":"https:\/\/radiolifefm.com.br\/noticias\/"},{"@type":"ListItem","position":2,"name":"Azul\u00e3o se prepara para returno do Campeonato Paulista da Segunda Divis\u00e3o com seis novos refor\u00e7os"}]},{"@type":"WebSite","@id":"https:\/\/radiolifefm.com.br\/noticias\/#website","url":"https:\/\/radiolifefm.com.br\/noticias\/","name":"R\u00e1dio Life FM","description":"O Portal de Not\u00edcias de Adamantina","publisher":{"@id":"https:\/\/radiolifefm.com.br\/noticias\/#organization"},"alternateName":"Life FM","potentialAction":[{"@type":"SearchAction","target":{"@type":"EntryPoint","urlTemplate":"https:\/\/radiolifefm.com.br\/noticias\/?s={search_term_string}"},"query-input":{"@type":"PropertyValueSpecification","valueRequired":true,"valueName":"search_term_string"}}],"inLanguage":"pt-BR"},{"@type":"Organization","@id":"https:\/\/radiolifefm.com.br\/noticias\/#organization","name":"R\u00e1dio Life FM","alternateName":"Life FM","url":"https:\/\/radiolifefm.com.br\/noticias\/","logo":{"@type":"ImageObject","inLanguage":"pt-BR","@id":"https:\/\/radiolifefm.com.br\/noticias\/#\/schema\/logo\/image\/","url":"https:\/\/static.radiolifefm.com.br\/noticias\/wp-content\/uploads\/2019\/10\/logo-lifefm.png","contentUrl":"https:\/\/static.radiolifefm.com.br\/noticias\/wp-content\/uploads\/2019\/10\/logo-lifefm.png","width":196,"height":47,"caption":"R\u00e1dio Life FM"},"image":{"@id":"https:\/\/radiolifefm.com.br\/noticias\/#\/schema\/logo\/image\/"},"sameAs":["https:\/\/www.facebook.com\/radiolifefm\/","https:\/\/www.instagram.com\/life1079fm\/"]},{"@type":"Person","@id":"https:\/\/radiolifefm.com.br\/noticias\/#\/schema\/person\/1d4e4b1301322090c6221bf1c8420490","name":"lifefm","image":{"@type":"ImageObject","inLanguage":"pt-BR","@id":"https:\/\/secure.gravatar.com\/avatar\/eca268467d925ec97d20641bb054fd944c0abb2f92854171620706bbe6474e7c?s=96&d=mm&r=g","url":"https:\/\/secure.gravatar.com\/avatar\/eca268467d925ec97d20641bb054fd944c0abb2f92854171620706bbe6474e7c?s=96&d=mm&r=g","contentUrl":"https:\/\/secure.gravatar.com\/avatar\/eca268467d925ec97d20641bb054fd944c0abb2f92854171620706bbe6474e7c?s=96&d=mm&r=g","caption":"lifefm"}}]}},"amp_enabled":true,"_links":{"self":[{"href":"https:\/\/radiolifefm.com.br\/noticias\/wp-json\/wp\/v2\/posts\/13378","targetHints":{"allow":["GET"]}}],"collection":[{"href":"https:\/\/radiolifefm.com.br\/noticias\/wp-json\/wp\/v2\/posts"}],"about":[{"href":"https:\/\/radiolifefm.com.br\/noticias\/wp-json\/wp\/v2\/types\/post"}],"author":[{"embeddable":true,"href":"https:\/\/radiolifefm.com.br\/noticias\/wp-json\/wp\/v2\/users\/3"}],"replies":[{"embeddable":true,"href":"https:\/\/radiolifefm.com.br\/noticias\/wp-json\/wp\/v2\/comments?post=13378"}],"version-history":[{"count":3,"href":"https:\/\/radiolifefm.com.br\/noticias\/wp-json\/wp\/v2\/posts\/13378\/revisions"}],"predecessor-version":[{"id":13445,"href":"https:\/\/radiolifefm.com.br\/noticias\/wp-json\/wp\/v2\/posts\/13378\/revisions\/13445"}],"wp:featuredmedia":[{"embeddable":true,"href":"https:\/\/radiolifefm.com.br\/noticias\/wp-json\/wp\/v2\/media\/13379"}],"wp:attachment":[{"href":"https:\/\/radiolifefm.com.br\/noticias\/wp-json\/wp\/v2\/media?parent=13378"}],"wp:term":[{"taxonomy":"category","embeddable":true,"href":"https:\/\/radiolifefm.com.br\/noticias\/wp-json\/wp\/v2\/categories?post=13378"},{"taxonomy":"post_tag","embeddable":true,"href":"https:\/\/radiolifefm.com.br\/noticias\/wp-json\/wp\/v2\/tags?post=13378"}],"curies":[{"name":"wp","href":"https:\/\/api.w.org\/{rel}","templated":true}]}}