{"id":13286,"date":"2019-05-19T16:26:21","date_gmt":"2019-05-19T19:26:21","guid":{"rendered":"https:\/\/radiolifefm.com.br\/noticias\/?p=13286"},"modified":"2026-02-17T13:57:42","modified_gmt":"2026-02-17T16:57:42","slug":"homem-morre-apos-ser-atropelado-em-estrada-vicinal-de-bastos","status":"publish","type":"post","link":"https:\/\/radiolifefm.com.br\/noticias\/homem-morre-apos-ser-atropelado-em-estrada-vicinal-de-bastos\/","title":{"rendered":"Homem morre ap\u00f3s ser atropelado em Estrada Vicinal de Bastos"},"content":{"rendered":"<div id=\"fb-root\"><\/div>\n<p><em>Sentindo muitas dores, o homem atropelado n\u00e3o resistiu e veio a \u00f3bito<\/em><\/p>\n<p>Alexandre Aparecido Alves dos Santos, 41 anos, morador de uma granja, na zona rural de bastos, foi v\u00edtima de atropelamento no final da noite deste s\u00e1bado dia 18.<\/p>\n<p>Segundo informa\u00e7\u00f5es, por volta das 23:40, uma pessoa ligou para o pronto socorro municipal de Bastos, solicitando uma ambul\u00e2ncia, porque tinha um homem ca\u00eddo na estrada que liga a Rua Ant\u00f4nio Jo\u00e3o a Rodovia Brigadeiro Eduardo Gomes &#8211; Sp 457.<\/p>\n<p>O homem foi conduzido ao pronto Socorro municipal com vida e consciente e falou que foi atropelado, mas n\u00e3o viu quem o atropelou devido ao escuro do in\u00edcio da noite.<\/p>\n<p>O homem sentia muitas dores, devido a pancada, quando caiu ao solo, foi levado para realizar exames mais detalhados, mas, n\u00e3o resistindo as dores, veio a \u00f3bito \u00e0s 00h:55m da manh\u00e3 deste domingo, dia 19.<\/p>\n<p>Ele era morador de uma propriedade rural em Bastos, mas, os familiares residem em Candido Mota.<\/p>\n<p>Bastos J\u00e1<\/p>\n<p>Reda\u00e7\u00e3o &#8211; Kako de Oliveira<\/p>\n","protected":false},"excerpt":{"rendered":"<p>Sentindo muitas dores, o homem atropelado n\u00e3o resistiu e veio a \u00f3bito Alexandre Aparecido Alves dos Santos, 41 anos, morador de uma granja, na zona rural de bastos, foi v\u00edtima de atropelamento no final da noite deste s\u00e1bado dia 18. Segundo informa\u00e7\u00f5es, por volta das 23:40, uma pessoa ligou para o pronto socorro municipal de [&hellip;]<\/p>\n","protected":false},"author":3,"featured_media":13287,"comment_status":"closed","ping_status":"open","sticky":false,"template":"","format":"standard","meta":{"_acf_changed":false,"_exactmetrics_skip_tracking":false,"_exactmetrics_sitenote_active":false,"_exactmetrics_sitenote_note":"","_exactmetrics_sitenote_category":0,"footnotes":""},"categories":[24],"tags":[],"class_list":["post-13286","post","type-post","status-publish","format-standard","has-post-thumbnail","hentry","category-regiao"],"acf":[],"yoast_head":"<!-- This site is optimized with the Yoast SEO plugin v27.2 - https:\/\/yoast.com\/product\/yoast-seo-wordpress\/ -->\n<title>Homem morre ap\u00f3s ser atropelado em Estrada Vicinal de Bastos - R\u00e1dio Life FM<\/title>\n<meta name=\"robots\" content=\"index, follow, max-snippet:-1, max-image-preview:large, max-video-preview:-1\" \/>\n<link rel=\"canonical\" href=\"https:\/\/radiolifefm.com.br\/noticias\/homem-morre-apos-ser-atropelado-em-estrada-vicinal-de-bastos\/\" \/>\n<meta property=\"og:locale\" content=\"pt_BR\" \/>\n<meta property=\"og:type\" content=\"article\" \/>\n<meta property=\"og:title\" content=\"Homem morre ap\u00f3s ser atropelado em Estrada Vicinal de Bastos - R\u00e1dio Life FM\" \/>\n<meta property=\"og:description\" content=\"Sentindo muitas dores, o homem atropelado n\u00e3o resistiu e veio a \u00f3bito Alexandre Aparecido Alves dos Santos, 41 anos, morador de uma granja, na zona rural de bastos, foi v\u00edtima de atropelamento no final da noite deste s\u00e1bado dia 18. Segundo informa\u00e7\u00f5es, por volta das 23:40, uma pessoa ligou para o pronto socorro municipal de [&hellip;]\" \/>\n<meta property=\"og:url\" content=\"https:\/\/radiolifefm.com.br\/noticias\/homem-morre-apos-ser-atropelado-em-estrada-vicinal-de-bastos\/\" \/>\n<meta property=\"og:site_name\" content=\"R\u00e1dio Life FM\" \/>\n<meta property=\"article:publisher\" content=\"https:\/\/www.facebook.com\/radiolifefm\/\" \/>\n<meta property=\"article:published_time\" content=\"2019-05-19T19:26:21+00:00\" \/>\n<meta property=\"article:modified_time\" content=\"2026-02-17T16:57:42+00:00\" \/>\n<meta property=\"og:image\" content=\"https:\/\/radiolifefm.com.br\/noticias\/wp-content\/uploads\/2019\/05\/Morreu-atropelado-Bastos.jpg\" \/>\n\t<meta property=\"og:image:width\" content=\"750\" \/>\n\t<meta property=\"og:image:height\" content=\"404\" \/>\n\t<meta property=\"og:image:type\" content=\"image\/jpeg\" \/>\n<meta name=\"author\" content=\"lifefm\" \/>\n<meta name=\"twitter:card\" content=\"summary_large_image\" \/>\n<meta name=\"twitter:label1\" content=\"Escrito por\" \/>\n\t<meta name=\"twitter:data1\" content=\"lifefm\" \/>\n\t<meta name=\"twitter:label2\" content=\"Est. tempo de leitura\" \/>\n\t<meta name=\"twitter:data2\" content=\"1 minuto\" \/>\n<script type=\"application\/ld+json\" class=\"yoast-schema-graph\">{\"@context\":\"https:\/\/schema.org\",\"@graph\":[{\"@type\":\"Article\",\"@id\":\"https:\/\/radiolifefm.com.br\/noticias\/homem-morre-apos-ser-atropelado-em-estrada-vicinal-de-bastos\/#article\",\"isPartOf\":{\"@id\":\"https:\/\/radiolifefm.com.br\/noticias\/homem-morre-apos-ser-atropelado-em-estrada-vicinal-de-bastos\/\"},\"author\":{\"name\":\"lifefm\",\"@id\":\"https:\/\/radiolifefm.com.br\/noticias\/#\/schema\/person\/1d4e4b1301322090c6221bf1c8420490\"},\"headline\":\"Homem morre ap\u00f3s ser atropelado em Estrada Vicinal de Bastos\",\"datePublished\":\"2019-05-19T19:26:21+00:00\",\"dateModified\":\"2026-02-17T16:57:42+00:00\",\"mainEntityOfPage\":{\"@id\":\"https:\/\/radiolifefm.com.br\/noticias\/homem-morre-apos-ser-atropelado-em-estrada-vicinal-de-bastos\/\"},\"wordCount\":187,\"publisher\":{\"@id\":\"https:\/\/radiolifefm.com.br\/noticias\/#organization\"},\"image\":{\"@id\":\"https:\/\/radiolifefm.com.br\/noticias\/homem-morre-apos-ser-atropelado-em-estrada-vicinal-de-bastos\/#primaryimage\"},\"thumbnailUrl\":\"https:\/\/radiolifefm.com.br\/noticias\/wp-content\/uploads\/2019\/05\/Morreu-atropelado-Bastos.jpg\",\"articleSection\":[\"Regi\u00e3o\"],\"inLanguage\":\"pt-BR\"},{\"@type\":\"WebPage\",\"@id\":\"https:\/\/radiolifefm.com.br\/noticias\/homem-morre-apos-ser-atropelado-em-estrada-vicinal-de-bastos\/\",\"url\":\"https:\/\/radiolifefm.com.br\/noticias\/homem-morre-apos-ser-atropelado-em-estrada-vicinal-de-bastos\/\",\"name\":\"Homem morre ap\u00f3s ser atropelado em Estrada Vicinal de Bastos - R\u00e1dio Life FM\",\"isPartOf\":{\"@id\":\"https:\/\/radiolifefm.com.br\/noticias\/#website\"},\"primaryImageOfPage\":{\"@id\":\"https:\/\/radiolifefm.com.br\/noticias\/homem-morre-apos-ser-atropelado-em-estrada-vicinal-de-bastos\/#primaryimage\"},\"image\":{\"@id\":\"https:\/\/radiolifefm.com.br\/noticias\/homem-morre-apos-ser-atropelado-em-estrada-vicinal-de-bastos\/#primaryimage\"},\"thumbnailUrl\":\"https:\/\/radiolifefm.com.br\/noticias\/wp-content\/uploads\/2019\/05\/Morreu-atropelado-Bastos.jpg\",\"datePublished\":\"2019-05-19T19:26:21+00:00\",\"dateModified\":\"2026-02-17T16:57:42+00:00\",\"breadcrumb\":{\"@id\":\"https:\/\/radiolifefm.com.br\/noticias\/homem-morre-apos-ser-atropelado-em-estrada-vicinal-de-bastos\/#breadcrumb\"},\"inLanguage\":\"pt-BR\",\"potentialAction\":[{\"@type\":\"ReadAction\",\"target\":[\"https:\/\/radiolifefm.com.br\/noticias\/homem-morre-apos-ser-atropelado-em-estrada-vicinal-de-bastos\/\"]}]},{\"@type\":\"ImageObject\",\"inLanguage\":\"pt-BR\",\"@id\":\"https:\/\/radiolifefm.com.br\/noticias\/homem-morre-apos-ser-atropelado-em-estrada-vicinal-de-bastos\/#primaryimage\",\"url\":\"https:\/\/radiolifefm.com.br\/noticias\/wp-content\/uploads\/2019\/05\/Morreu-atropelado-Bastos.jpg\",\"contentUrl\":\"https:\/\/radiolifefm.com.br\/noticias\/wp-content\/uploads\/2019\/05\/Morreu-atropelado-Bastos.jpg\",\"width\":750,\"height\":404,\"caption\":\"Homem morreu depois de ter sido atropelado em estrada de acesso \u00e0 Bastos\"},{\"@type\":\"BreadcrumbList\",\"@id\":\"https:\/\/radiolifefm.com.br\/noticias\/homem-morre-apos-ser-atropelado-em-estrada-vicinal-de-bastos\/#breadcrumb\",\"itemListElement\":[{\"@type\":\"ListItem\",\"position\":1,\"name\":\"In\u00edcio\",\"item\":\"https:\/\/radiolifefm.com.br\/noticias\/\"},{\"@type\":\"ListItem\",\"position\":2,\"name\":\"Homem morre ap\u00f3s ser atropelado em Estrada Vicinal de Bastos\"}]},{\"@type\":\"WebSite\",\"@id\":\"https:\/\/radiolifefm.com.br\/noticias\/#website\",\"url\":\"https:\/\/radiolifefm.com.br\/noticias\/\",\"name\":\"R\u00e1dio Life FM\",\"description\":\"O Portal de Not\u00edcias de Adamantina\",\"publisher\":{\"@id\":\"https:\/\/radiolifefm.com.br\/noticias\/#organization\"},\"alternateName\":\"Life FM\",\"potentialAction\":[{\"@type\":\"SearchAction\",\"target\":{\"@type\":\"EntryPoint\",\"urlTemplate\":\"https:\/\/radiolifefm.com.br\/noticias\/?s={search_term_string}\"},\"query-input\":{\"@type\":\"PropertyValueSpecification\",\"valueRequired\":true,\"valueName\":\"search_term_string\"}}],\"inLanguage\":\"pt-BR\"},{\"@type\":\"Organization\",\"@id\":\"https:\/\/radiolifefm.com.br\/noticias\/#organization\",\"name\":\"R\u00e1dio Life FM\",\"alternateName\":\"Life FM\",\"url\":\"https:\/\/radiolifefm.com.br\/noticias\/\",\"logo\":{\"@type\":\"ImageObject\",\"inLanguage\":\"pt-BR\",\"@id\":\"https:\/\/radiolifefm.com.br\/noticias\/#\/schema\/logo\/image\/\",\"url\":\"https:\/\/static.radiolifefm.com.br\/noticias\/wp-content\/uploads\/2019\/10\/logo-lifefm.png\",\"contentUrl\":\"https:\/\/static.radiolifefm.com.br\/noticias\/wp-content\/uploads\/2019\/10\/logo-lifefm.png\",\"width\":196,\"height\":47,\"caption\":\"R\u00e1dio Life FM\"},\"image\":{\"@id\":\"https:\/\/radiolifefm.com.br\/noticias\/#\/schema\/logo\/image\/\"},\"sameAs\":[\"https:\/\/www.facebook.com\/radiolifefm\/\",\"https:\/\/www.instagram.com\/life1079fm\/\"]},{\"@type\":\"Person\",\"@id\":\"https:\/\/radiolifefm.com.br\/noticias\/#\/schema\/person\/1d4e4b1301322090c6221bf1c8420490\",\"name\":\"lifefm\",\"image\":{\"@type\":\"ImageObject\",\"inLanguage\":\"pt-BR\",\"@id\":\"https:\/\/secure.gravatar.com\/avatar\/eca268467d925ec97d20641bb054fd944c0abb2f92854171620706bbe6474e7c?s=96&d=mm&r=g\",\"url\":\"https:\/\/secure.gravatar.com\/avatar\/eca268467d925ec97d20641bb054fd944c0abb2f92854171620706bbe6474e7c?s=96&d=mm&r=g\",\"contentUrl\":\"https:\/\/secure.gravatar.com\/avatar\/eca268467d925ec97d20641bb054fd944c0abb2f92854171620706bbe6474e7c?s=96&d=mm&r=g\",\"caption\":\"lifefm\"}}]}<\/script>\n<!-- \/ Yoast SEO plugin. -->","yoast_head_json":{"title":"Homem morre ap\u00f3s ser atropelado em Estrada Vicinal de Bastos - R\u00e1dio Life FM","robots":{"index":"index","follow":"follow","max-snippet":"max-snippet:-1","max-image-preview":"max-image-preview:large","max-video-preview":"max-video-preview:-1"},"canonical":"https:\/\/radiolifefm.com.br\/noticias\/homem-morre-apos-ser-atropelado-em-estrada-vicinal-de-bastos\/","og_locale":"pt_BR","og_type":"article","og_title":"Homem morre ap\u00f3s ser atropelado em Estrada Vicinal de Bastos - R\u00e1dio Life FM","og_description":"Sentindo muitas dores, o homem atropelado n\u00e3o resistiu e veio a \u00f3bito Alexandre Aparecido Alves dos Santos, 41 anos, morador de uma granja, na zona rural de bastos, foi v\u00edtima de atropelamento no final da noite deste s\u00e1bado dia 18. Segundo informa\u00e7\u00f5es, por volta das 23:40, uma pessoa ligou para o pronto socorro municipal de [&hellip;]","og_url":"https:\/\/radiolifefm.com.br\/noticias\/homem-morre-apos-ser-atropelado-em-estrada-vicinal-de-bastos\/","og_site_name":"R\u00e1dio Life FM","article_publisher":"https:\/\/www.facebook.com\/radiolifefm\/","article_published_time":"2019-05-19T19:26:21+00:00","article_modified_time":"2026-02-17T16:57:42+00:00","og_image":[{"width":750,"height":404,"url":"https:\/\/radiolifefm.com.br\/noticias\/wp-content\/uploads\/2019\/05\/Morreu-atropelado-Bastos.jpg","type":"image\/jpeg"}],"author":"lifefm","twitter_card":"summary_large_image","twitter_misc":{"Escrito por":"lifefm","Est. tempo de leitura":"1 minuto"},"schema":{"@context":"https:\/\/schema.org","@graph":[{"@type":"Article","@id":"https:\/\/radiolifefm.com.br\/noticias\/homem-morre-apos-ser-atropelado-em-estrada-vicinal-de-bastos\/#article","isPartOf":{"@id":"https:\/\/radiolifefm.com.br\/noticias\/homem-morre-apos-ser-atropelado-em-estrada-vicinal-de-bastos\/"},"author":{"name":"lifefm","@id":"https:\/\/radiolifefm.com.br\/noticias\/#\/schema\/person\/1d4e4b1301322090c6221bf1c8420490"},"headline":"Homem morre ap\u00f3s ser atropelado em Estrada Vicinal de Bastos","datePublished":"2019-05-19T19:26:21+00:00","dateModified":"2026-02-17T16:57:42+00:00","mainEntityOfPage":{"@id":"https:\/\/radiolifefm.com.br\/noticias\/homem-morre-apos-ser-atropelado-em-estrada-vicinal-de-bastos\/"},"wordCount":187,"publisher":{"@id":"https:\/\/radiolifefm.com.br\/noticias\/#organization"},"image":{"@id":"https:\/\/radiolifefm.com.br\/noticias\/homem-morre-apos-ser-atropelado-em-estrada-vicinal-de-bastos\/#primaryimage"},"thumbnailUrl":"https:\/\/radiolifefm.com.br\/noticias\/wp-content\/uploads\/2019\/05\/Morreu-atropelado-Bastos.jpg","articleSection":["Regi\u00e3o"],"inLanguage":"pt-BR"},{"@type":"WebPage","@id":"https:\/\/radiolifefm.com.br\/noticias\/homem-morre-apos-ser-atropelado-em-estrada-vicinal-de-bastos\/","url":"https:\/\/radiolifefm.com.br\/noticias\/homem-morre-apos-ser-atropelado-em-estrada-vicinal-de-bastos\/","name":"Homem morre ap\u00f3s ser atropelado em Estrada Vicinal de Bastos - R\u00e1dio Life FM","isPartOf":{"@id":"https:\/\/radiolifefm.com.br\/noticias\/#website"},"primaryImageOfPage":{"@id":"https:\/\/radiolifefm.com.br\/noticias\/homem-morre-apos-ser-atropelado-em-estrada-vicinal-de-bastos\/#primaryimage"},"image":{"@id":"https:\/\/radiolifefm.com.br\/noticias\/homem-morre-apos-ser-atropelado-em-estrada-vicinal-de-bastos\/#primaryimage"},"thumbnailUrl":"https:\/\/radiolifefm.com.br\/noticias\/wp-content\/uploads\/2019\/05\/Morreu-atropelado-Bastos.jpg","datePublished":"2019-05-19T19:26:21+00:00","dateModified":"2026-02-17T16:57:42+00:00","breadcrumb":{"@id":"https:\/\/radiolifefm.com.br\/noticias\/homem-morre-apos-ser-atropelado-em-estrada-vicinal-de-bastos\/#breadcrumb"},"inLanguage":"pt-BR","potentialAction":[{"@type":"ReadAction","target":["https:\/\/radiolifefm.com.br\/noticias\/homem-morre-apos-ser-atropelado-em-estrada-vicinal-de-bastos\/"]}]},{"@type":"ImageObject","inLanguage":"pt-BR","@id":"https:\/\/radiolifefm.com.br\/noticias\/homem-morre-apos-ser-atropelado-em-estrada-vicinal-de-bastos\/#primaryimage","url":"https:\/\/radiolifefm.com.br\/noticias\/wp-content\/uploads\/2019\/05\/Morreu-atropelado-Bastos.jpg","contentUrl":"https:\/\/radiolifefm.com.br\/noticias\/wp-content\/uploads\/2019\/05\/Morreu-atropelado-Bastos.jpg","width":750,"height":404,"caption":"Homem morreu depois de ter sido atropelado em estrada de acesso \u00e0 Bastos"},{"@type":"BreadcrumbList","@id":"https:\/\/radiolifefm.com.br\/noticias\/homem-morre-apos-ser-atropelado-em-estrada-vicinal-de-bastos\/#breadcrumb","itemListElement":[{"@type":"ListItem","position":1,"name":"In\u00edcio","item":"https:\/\/radiolifefm.com.br\/noticias\/"},{"@type":"ListItem","position":2,"name":"Homem morre ap\u00f3s ser atropelado em Estrada Vicinal de Bastos"}]},{"@type":"WebSite","@id":"https:\/\/radiolifefm.com.br\/noticias\/#website","url":"https:\/\/radiolifefm.com.br\/noticias\/","name":"R\u00e1dio Life FM","description":"O Portal de Not\u00edcias de Adamantina","publisher":{"@id":"https:\/\/radiolifefm.com.br\/noticias\/#organization"},"alternateName":"Life FM","potentialAction":[{"@type":"SearchAction","target":{"@type":"EntryPoint","urlTemplate":"https:\/\/radiolifefm.com.br\/noticias\/?s={search_term_string}"},"query-input":{"@type":"PropertyValueSpecification","valueRequired":true,"valueName":"search_term_string"}}],"inLanguage":"pt-BR"},{"@type":"Organization","@id":"https:\/\/radiolifefm.com.br\/noticias\/#organization","name":"R\u00e1dio Life FM","alternateName":"Life FM","url":"https:\/\/radiolifefm.com.br\/noticias\/","logo":{"@type":"ImageObject","inLanguage":"pt-BR","@id":"https:\/\/radiolifefm.com.br\/noticias\/#\/schema\/logo\/image\/","url":"https:\/\/static.radiolifefm.com.br\/noticias\/wp-content\/uploads\/2019\/10\/logo-lifefm.png","contentUrl":"https:\/\/static.radiolifefm.com.br\/noticias\/wp-content\/uploads\/2019\/10\/logo-lifefm.png","width":196,"height":47,"caption":"R\u00e1dio Life FM"},"image":{"@id":"https:\/\/radiolifefm.com.br\/noticias\/#\/schema\/logo\/image\/"},"sameAs":["https:\/\/www.facebook.com\/radiolifefm\/","https:\/\/www.instagram.com\/life1079fm\/"]},{"@type":"Person","@id":"https:\/\/radiolifefm.com.br\/noticias\/#\/schema\/person\/1d4e4b1301322090c6221bf1c8420490","name":"lifefm","image":{"@type":"ImageObject","inLanguage":"pt-BR","@id":"https:\/\/secure.gravatar.com\/avatar\/eca268467d925ec97d20641bb054fd944c0abb2f92854171620706bbe6474e7c?s=96&d=mm&r=g","url":"https:\/\/secure.gravatar.com\/avatar\/eca268467d925ec97d20641bb054fd944c0abb2f92854171620706bbe6474e7c?s=96&d=mm&r=g","contentUrl":"https:\/\/secure.gravatar.com\/avatar\/eca268467d925ec97d20641bb054fd944c0abb2f92854171620706bbe6474e7c?s=96&d=mm&r=g","caption":"lifefm"}}]}},"amp_enabled":true,"_links":{"self":[{"href":"https:\/\/radiolifefm.com.br\/noticias\/wp-json\/wp\/v2\/posts\/13286","targetHints":{"allow":["GET"]}}],"collection":[{"href":"https:\/\/radiolifefm.com.br\/noticias\/wp-json\/wp\/v2\/posts"}],"about":[{"href":"https:\/\/radiolifefm.com.br\/noticias\/wp-json\/wp\/v2\/types\/post"}],"author":[{"embeddable":true,"href":"https:\/\/radiolifefm.com.br\/noticias\/wp-json\/wp\/v2\/users\/3"}],"replies":[{"embeddable":true,"href":"https:\/\/radiolifefm.com.br\/noticias\/wp-json\/wp\/v2\/comments?post=13286"}],"version-history":[{"count":2,"href":"https:\/\/radiolifefm.com.br\/noticias\/wp-json\/wp\/v2\/posts\/13286\/revisions"}],"predecessor-version":[{"id":13314,"href":"https:\/\/radiolifefm.com.br\/noticias\/wp-json\/wp\/v2\/posts\/13286\/revisions\/13314"}],"wp:featuredmedia":[{"embeddable":true,"href":"https:\/\/radiolifefm.com.br\/noticias\/wp-json\/wp\/v2\/media\/13287"}],"wp:attachment":[{"href":"https:\/\/radiolifefm.com.br\/noticias\/wp-json\/wp\/v2\/media?parent=13286"}],"wp:term":[{"taxonomy":"category","embeddable":true,"href":"https:\/\/radiolifefm.com.br\/noticias\/wp-json\/wp\/v2\/categories?post=13286"},{"taxonomy":"post_tag","embeddable":true,"href":"https:\/\/radiolifefm.com.br\/noticias\/wp-json\/wp\/v2\/tags?post=13286"}],"curies":[{"name":"wp","href":"https:\/\/api.w.org\/{rel}","templated":true}]}}